{"id":10099,"date":"2021-07-29T10:17:34","date_gmt":"2021-07-29T10:17:34","guid":{"rendered":"https:\/\/sidimurcia.org\/?p=10099"},"modified":"2021-07-29T10:31:01","modified_gmt":"2021-07-29T10:31:01","slug":"29-07-2021-resultados-provisionales-del-acto-de-adjudicacion-telematico-de-desplazados-del-cuerpo-de-profesores-de-secundaria-y-fp","status":"publish","type":"post","link":"https:\/\/sidimurcia.org\/index.php\/2021\/07\/29\/29-07-2021-resultados-provisionales-del-acto-de-adjudicacion-telematico-de-desplazados-del-cuerpo-de-profesores-de-secundaria-y-fp\/","title":{"rendered":"29\/07\/2021. RESULTADOS PROVISIONALES del Acto de Adjudicaci\u00f3n Telem\u00e1tico de Desplazados del Cuerpo de Profesores de Secundaria y FP"},"content":{"rendered":"<div class=\"contenidosAsociados\">\n<ul>\n<li style=\"text-align: justify;\"><a href=\"https:\/\/www.carm.es\/web\/Blob?ARCHIVO=LISTADOADJUDICATARIOSCONPLAZASECUNDARIA-156915.pdf&amp;TABLA=ARCHIVOS&amp;CAMPOCLAVE=IDARCHIVO&amp;VALORCLAVE=172480&amp;CAMPOIMAGEN=ARCHIVO&amp;IDTIPO=60&amp;RASTRO=c77$m22725,22759,4254\"> 29\/07\/2021.Resultados PROVISIONALES del Acto de Adjudicaci\u00f3n de Desplazados del Cuerpo de Profesores de Ense\u00f1aza Secundaria y Profeores T\u00e9cnicos de F.P. Adjudicatarios con plaza <\/a><\/li>\n<\/ul>\n<\/div>\n<div class=\"contenidosAsociados\">\n<ul>\n<li style=\"text-align: justify;\"><a href=\"https:\/\/www.carm.es\/web\/Blob?ARCHIVO=ADJVACANTESANULSEC-263979.pdf&amp;TABLA=ARCHIVOS&amp;CAMPOCLAVE=IDARCHIVO&amp;VALORCLAVE=172481&amp;CAMPOIMAGEN=ARCHIVO&amp;IDTIPO=60&amp;RASTRO=c77$m22725,22759,4254\"> 29\/07\/2021. Resultados PROVISIONALES del Acto de Adjudicaci\u00f3n Telem\u00e1tico de Desplazados del Cuerpo de Profesores de Ense\u00f1anza Secundaria y Profesores T\u00e9cnicos de F.P. Vacantes anuladas <\/a><\/li>\n<\/ul>\n<p><a href=\"https:\/\/www.carm.es\/web\/integra.servlets.Blob?ARCHIVO=Nota%20publicar%20resultados%20provisionales.pdf&amp;TABLA=ARCHIVOS&amp;CAMPOCLAVE=IDARCHIVO&amp;VALORCLAVE=172483&amp;CAMPOIMAGEN=ARCHIVO&amp;IDTIPO=60&amp;RASTRO=c77$m22725,22759,4254\">NOTA INFORMATIVA<\/a><\/p>\n<p style=\"text-align: justify;\">Con la finalidad de subsanar las incidencias que pudieran producirse en esta adjudicaci\u00f3n provisional, se habilita un plazo de reclamaciones hasta las 13:00 horas del d\u00eda 29 de julio. Las comunicaciones se podr\u00e1n realizar a trav\u00e9s del buz\u00f3n de correo: spd_secundaria@murciaeduca.es<br \/>\n<span style=\"text-decoration: underline;\"><strong>Listados publicados:<\/strong><\/span><br \/>\n&#8211; Adjudicatarios con plazas.<br \/>\n&#8211; Vacantes anuladas.<\/p>\n<p>Los funcionarios adjudicados a tiempo parcial deber\u00e1n presentar la solicitud de reducci\u00f3n de jornada, con el compromiso de mantener dicha reducci\u00f3n durante todo el curso hasta el 31 de agosto de 2021, el plazo finalizar\u00e1 el d\u00eda 29 de julio de 2021 a las 13:00 horas.<br \/>\nLa solicitud se presentar\u00e1 a trav\u00e9s del buz\u00f3n de correo spd_secundaria@murciaeduca.es.<br \/>\nEn caso de no presentar esta documentaci\u00f3n, se proceder\u00e1 a anular sus peticiones de vacante a tiempo parcial.<\/p>\n<\/div>\n","protected":false},"excerpt":{"rendered":"<p>29\/07\/2021.Resultados PROVISIONALES del Acto de Adjudicaci\u00f3n de Desplazados del Cuerpo de Profesores de Ense\u00f1aza Secundaria y Profeores T\u00e9cnicos de F.P. &#8230; <a title=\"29\/07\/2021. RESULTADOS PROVISIONALES del Acto de Adjudicaci\u00f3n Telem\u00e1tico de Desplazados del Cuerpo de Profesores de Secundaria y FP\" class=\"read-more\" href=\"https:\/\/sidimurcia.org\/index.php\/2021\/07\/29\/29-07-2021-resultados-provisionales-del-acto-de-adjudicacion-telematico-de-desplazados-del-cuerpo-de-profesores-de-secundaria-y-fp\/\" aria-label=\"Leer m\u00e1s sobre 29\/07\/2021. RESULTADOS PROVISIONALES del Acto de Adjudicaci\u00f3n Telem\u00e1tico de Desplazados del Cuerpo de Profesores de Secundaria y FP\">Leer mas<\/a><\/p>\n","protected":false},"author":2,"featured_media":0,"comment_status":"closed","ping_status":"closed","sticky":false,"template":"","format":"standard","meta":{"footnotes":""},"categories":[3,68],"tags":[],"class_list":["post-10099","post","type-post","status-publish","format-standard","hentry","category-actos-de-adjudicacion","category-resultados-provisionales"],"yoast_head":"<!-- This site is optimized with the Yoast SEO plugin v27.2 - https:\/\/yoast.com\/product\/yoast-seo-wordpress\/ -->\n<title>29\/07\/2021. RESULTADOS PROVISIONALES del Acto de Adjudicaci\u00f3n Telem\u00e1tico de Desplazados del Cuerpo de Profesores de Secundaria y FP - SIDI<\/title>\n<meta name=\"description\" content=\"Sindicato Independiente de Docentes. Funcionarios e Interinos. Afiliaci\u00f3n 1eur\/mes. Defendemos la educaci\u00f3n p\u00fablica.\" \/>\n<meta name=\"robots\" content=\"index, follow, max-snippet:-1, max-image-preview:large, max-video-preview:-1\" \/>\n<link rel=\"canonical\" href=\"https:\/\/sidimurcia.org\/index.php\/2021\/07\/29\/29-07-2021-resultados-provisionales-del-acto-de-adjudicacion-telematico-de-desplazados-del-cuerpo-de-profesores-de-secundaria-y-fp\/\" \/>\n<meta property=\"og:locale\" content=\"es_ES\" \/>\n<meta property=\"og:type\" content=\"article\" \/>\n<meta property=\"og:title\" content=\"29\/07\/2021. RESULTADOS PROVISIONALES del Acto de Adjudicaci\u00f3n Telem\u00e1tico de Desplazados del Cuerpo de Profesores de Secundaria y FP - SIDI\" \/>\n<meta property=\"og:description\" content=\"Sindicato Independiente de Docentes. Funcionarios e Interinos. Afiliaci\u00f3n 1eur\/mes. Defendemos la educaci\u00f3n p\u00fablica.\" \/>\n<meta property=\"og:url\" content=\"https:\/\/sidimurcia.org\/index.php\/2021\/07\/29\/29-07-2021-resultados-provisionales-del-acto-de-adjudicacion-telematico-de-desplazados-del-cuerpo-de-profesores-de-secundaria-y-fp\/\" \/>\n<meta property=\"og:site_name\" content=\"SIDI\" \/>\n<meta property=\"article:publisher\" content=\"https:\/\/es-es.facebook.com\/sidi.sindicatodedocentes\" \/>\n<meta property=\"article:published_time\" content=\"2021-07-29T10:17:34+00:00\" \/>\n<meta property=\"article:modified_time\" content=\"2021-07-29T10:31:01+00:00\" \/>\n<meta name=\"author\" content=\"Jose Luis Torrente\" \/>\n<meta name=\"twitter:card\" content=\"summary_large_image\" \/>\n<meta name=\"twitter:creator\" content=\"@SIDIMURCIA\" \/>\n<meta name=\"twitter:site\" content=\"@SIDIMURCIA\" \/>\n<meta name=\"twitter:label1\" content=\"Escrito por\" \/>\n\t<meta name=\"twitter:data1\" content=\"Jose Luis Torrente\" \/>\n\t<meta name=\"twitter:label2\" content=\"Tiempo de lectura\" \/>\n\t<meta name=\"twitter:data2\" content=\"1 minuto\" \/>\n<script type=\"application\/ld+json\" class=\"yoast-schema-graph\">{\"@context\":\"https:\/\/schema.org\",\"@graph\":[{\"@type\":\"Article\",\"@id\":\"https:\/\/sidimurcia.org\/index.php\/2021\/07\/29\/29-07-2021-resultados-provisionales-del-acto-de-adjudicacion-telematico-de-desplazados-del-cuerpo-de-profesores-de-secundaria-y-fp\/#article\",\"isPartOf\":{\"@id\":\"https:\/\/sidimurcia.org\/index.php\/2021\/07\/29\/29-07-2021-resultados-provisionales-del-acto-de-adjudicacion-telematico-de-desplazados-del-cuerpo-de-profesores-de-secundaria-y-fp\/\"},\"author\":{\"name\":\"Jose Luis Torrente\",\"@id\":\"https:\/\/sidimurcia.org\/#\/schema\/person\/3f3207f88fb267669a31f8f46f76f86c\"},\"headline\":\"29\/07\/2021. RESULTADOS PROVISIONALES del Acto de Adjudicaci\u00f3n Telem\u00e1tico de Desplazados del Cuerpo de Profesores de Secundaria y FP\",\"datePublished\":\"2021-07-29T10:17:34+00:00\",\"dateModified\":\"2021-07-29T10:31:01+00:00\",\"mainEntityOfPage\":{\"@id\":\"https:\/\/sidimurcia.org\/index.php\/2021\/07\/29\/29-07-2021-resultados-provisionales-del-acto-de-adjudicacion-telematico-de-desplazados-del-cuerpo-de-profesores-de-secundaria-y-fp\/\"},\"wordCount\":212,\"publisher\":{\"@id\":\"https:\/\/sidimurcia.org\/#organization\"},\"articleSection\":[\"Actos de adjudicaci\u00f3n\",\"Resultados provisionales\"],\"inLanguage\":\"es\"},{\"@type\":\"WebPage\",\"@id\":\"https:\/\/sidimurcia.org\/index.php\/2021\/07\/29\/29-07-2021-resultados-provisionales-del-acto-de-adjudicacion-telematico-de-desplazados-del-cuerpo-de-profesores-de-secundaria-y-fp\/\",\"url\":\"https:\/\/sidimurcia.org\/index.php\/2021\/07\/29\/29-07-2021-resultados-provisionales-del-acto-de-adjudicacion-telematico-de-desplazados-del-cuerpo-de-profesores-de-secundaria-y-fp\/\",\"name\":\"29\/07\/2021. RESULTADOS PROVISIONALES del Acto de Adjudicaci\u00f3n Telem\u00e1tico de Desplazados del Cuerpo de Profesores de Secundaria y FP - SIDI\",\"isPartOf\":{\"@id\":\"https:\/\/sidimurcia.org\/#website\"},\"datePublished\":\"2021-07-29T10:17:34+00:00\",\"dateModified\":\"2021-07-29T10:31:01+00:00\",\"description\":\"Sindicato Independiente de Docentes. Funcionarios e Interinos. Afiliaci\u00f3n 1eur\/mes. Defendemos la educaci\u00f3n p\u00fablica.\",\"breadcrumb\":{\"@id\":\"https:\/\/sidimurcia.org\/index.php\/2021\/07\/29\/29-07-2021-resultados-provisionales-del-acto-de-adjudicacion-telematico-de-desplazados-del-cuerpo-de-profesores-de-secundaria-y-fp\/#breadcrumb\"},\"inLanguage\":\"es\",\"potentialAction\":[{\"@type\":\"ReadAction\",\"target\":[\"https:\/\/sidimurcia.org\/index.php\/2021\/07\/29\/29-07-2021-resultados-provisionales-del-acto-de-adjudicacion-telematico-de-desplazados-del-cuerpo-de-profesores-de-secundaria-y-fp\/\"]}]},{\"@type\":\"BreadcrumbList\",\"@id\":\"https:\/\/sidimurcia.org\/index.php\/2021\/07\/29\/29-07-2021-resultados-provisionales-del-acto-de-adjudicacion-telematico-de-desplazados-del-cuerpo-de-profesores-de-secundaria-y-fp\/#breadcrumb\",\"itemListElement\":[{\"@type\":\"ListItem\",\"position\":1,\"name\":\"Portada\",\"item\":\"https:\/\/sidimurcia.org\/\"},{\"@type\":\"ListItem\",\"position\":2,\"name\":\"29\/07\/2021. RESULTADOS PROVISIONALES del Acto de Adjudicaci\u00f3n Telem\u00e1tico de Desplazados del Cuerpo de Profesores de Secundaria y FP\"}]},{\"@type\":\"WebSite\",\"@id\":\"https:\/\/sidimurcia.org\/#website\",\"url\":\"https:\/\/sidimurcia.org\/\",\"name\":\"SIDI\",\"description\":\"Sindicato Independiente de Docentes\",\"publisher\":{\"@id\":\"https:\/\/sidimurcia.org\/#organization\"},\"potentialAction\":[{\"@type\":\"SearchAction\",\"target\":{\"@type\":\"EntryPoint\",\"urlTemplate\":\"https:\/\/sidimurcia.org\/?s={search_term_string}\"},\"query-input\":{\"@type\":\"PropertyValueSpecification\",\"valueRequired\":true,\"valueName\":\"search_term_string\"}}],\"inLanguage\":\"es\"},{\"@type\":\"Organization\",\"@id\":\"https:\/\/sidimurcia.org\/#organization\",\"name\":\"Sindicato Independiente de Docentes - SIDI\",\"url\":\"https:\/\/sidimurcia.org\/\",\"logo\":{\"@type\":\"ImageObject\",\"inLanguage\":\"es\",\"@id\":\"https:\/\/sidimurcia.org\/#\/schema\/logo\/image\/\",\"url\":\"https:\/\/sidimurcia.org\/wp-content\/uploads\/cropped-PARAPESTANAWEB-1.jpg\",\"contentUrl\":\"https:\/\/sidimurcia.org\/wp-content\/uploads\/cropped-PARAPESTANAWEB-1.jpg\",\"width\":512,\"height\":512,\"caption\":\"Sindicato Independiente de Docentes - SIDI\"},\"image\":{\"@id\":\"https:\/\/sidimurcia.org\/#\/schema\/logo\/image\/\"},\"sameAs\":[\"https:\/\/es-es.facebook.com\/sidi.sindicatodedocentes\",\"https:\/\/x.com\/SIDIMURCIA\",\"https:\/\/www.instagram.com\/sidi_murcia\/\",\"https:\/\/www.youtube.com\/channel\/UCwwdL3uFtDKJdbOfmC70wIQ\"]},{\"@type\":\"Person\",\"@id\":\"https:\/\/sidimurcia.org\/#\/schema\/person\/3f3207f88fb267669a31f8f46f76f86c\",\"name\":\"Jose Luis Torrente\",\"image\":{\"@type\":\"ImageObject\",\"inLanguage\":\"es\",\"@id\":\"https:\/\/secure.gravatar.com\/avatar\/8ac4c0d28cf03f62a37681e633afaf3faec3a7bd495cdfb9b6a7ec6cf281b29c?s=96&d=mm&r=g\",\"url\":\"https:\/\/secure.gravatar.com\/avatar\/8ac4c0d28cf03f62a37681e633afaf3faec3a7bd495cdfb9b6a7ec6cf281b29c?s=96&d=mm&r=g\",\"contentUrl\":\"https:\/\/secure.gravatar.com\/avatar\/8ac4c0d28cf03f62a37681e633afaf3faec3a7bd495cdfb9b6a7ec6cf281b29c?s=96&d=mm&r=g\",\"caption\":\"Jose Luis Torrente\"},\"url\":\"https:\/\/sidimurcia.org\/index.php\/author\/joseltorrente\/\"}]}<\/script>\n<!-- \/ Yoast SEO plugin. -->","yoast_head_json":{"title":"29\/07\/2021. RESULTADOS PROVISIONALES del Acto de Adjudicaci\u00f3n Telem\u00e1tico de Desplazados del Cuerpo de Profesores de Secundaria y FP - SIDI","description":"Sindicato Independiente de Docentes. Funcionarios e Interinos. Afiliaci\u00f3n 1eur\/mes. Defendemos la educaci\u00f3n p\u00fablica.","robots":{"index":"index","follow":"follow","max-snippet":"max-snippet:-1","max-image-preview":"max-image-preview:large","max-video-preview":"max-video-preview:-1"},"canonical":"https:\/\/sidimurcia.org\/index.php\/2021\/07\/29\/29-07-2021-resultados-provisionales-del-acto-de-adjudicacion-telematico-de-desplazados-del-cuerpo-de-profesores-de-secundaria-y-fp\/","og_locale":"es_ES","og_type":"article","og_title":"29\/07\/2021. RESULTADOS PROVISIONALES del Acto de Adjudicaci\u00f3n Telem\u00e1tico de Desplazados del Cuerpo de Profesores de Secundaria y FP - SIDI","og_description":"Sindicato Independiente de Docentes. Funcionarios e Interinos. Afiliaci\u00f3n 1eur\/mes. Defendemos la educaci\u00f3n p\u00fablica.","og_url":"https:\/\/sidimurcia.org\/index.php\/2021\/07\/29\/29-07-2021-resultados-provisionales-del-acto-de-adjudicacion-telematico-de-desplazados-del-cuerpo-de-profesores-de-secundaria-y-fp\/","og_site_name":"SIDI","article_publisher":"https:\/\/es-es.facebook.com\/sidi.sindicatodedocentes","article_published_time":"2021-07-29T10:17:34+00:00","article_modified_time":"2021-07-29T10:31:01+00:00","author":"Jose Luis Torrente","twitter_card":"summary_large_image","twitter_creator":"@SIDIMURCIA","twitter_site":"@SIDIMURCIA","twitter_misc":{"Escrito por":"Jose Luis Torrente","Tiempo de lectura":"1 minuto"},"schema":{"@context":"https:\/\/schema.org","@graph":[{"@type":"Article","@id":"https:\/\/sidimurcia.org\/index.php\/2021\/07\/29\/29-07-2021-resultados-provisionales-del-acto-de-adjudicacion-telematico-de-desplazados-del-cuerpo-de-profesores-de-secundaria-y-fp\/#article","isPartOf":{"@id":"https:\/\/sidimurcia.org\/index.php\/2021\/07\/29\/29-07-2021-resultados-provisionales-del-acto-de-adjudicacion-telematico-de-desplazados-del-cuerpo-de-profesores-de-secundaria-y-fp\/"},"author":{"name":"Jose Luis Torrente","@id":"https:\/\/sidimurcia.org\/#\/schema\/person\/3f3207f88fb267669a31f8f46f76f86c"},"headline":"29\/07\/2021. RESULTADOS PROVISIONALES del Acto de Adjudicaci\u00f3n Telem\u00e1tico de Desplazados del Cuerpo de Profesores de Secundaria y FP","datePublished":"2021-07-29T10:17:34+00:00","dateModified":"2021-07-29T10:31:01+00:00","mainEntityOfPage":{"@id":"https:\/\/sidimurcia.org\/index.php\/2021\/07\/29\/29-07-2021-resultados-provisionales-del-acto-de-adjudicacion-telematico-de-desplazados-del-cuerpo-de-profesores-de-secundaria-y-fp\/"},"wordCount":212,"publisher":{"@id":"https:\/\/sidimurcia.org\/#organization"},"articleSection":["Actos de adjudicaci\u00f3n","Resultados provisionales"],"inLanguage":"es"},{"@type":"WebPage","@id":"https:\/\/sidimurcia.org\/index.php\/2021\/07\/29\/29-07-2021-resultados-provisionales-del-acto-de-adjudicacion-telematico-de-desplazados-del-cuerpo-de-profesores-de-secundaria-y-fp\/","url":"https:\/\/sidimurcia.org\/index.php\/2021\/07\/29\/29-07-2021-resultados-provisionales-del-acto-de-adjudicacion-telematico-de-desplazados-del-cuerpo-de-profesores-de-secundaria-y-fp\/","name":"29\/07\/2021. RESULTADOS PROVISIONALES del Acto de Adjudicaci\u00f3n Telem\u00e1tico de Desplazados del Cuerpo de Profesores de Secundaria y FP - SIDI","isPartOf":{"@id":"https:\/\/sidimurcia.org\/#website"},"datePublished":"2021-07-29T10:17:34+00:00","dateModified":"2021-07-29T10:31:01+00:00","description":"Sindicato Independiente de Docentes. Funcionarios e Interinos. Afiliaci\u00f3n 1eur\/mes. Defendemos la educaci\u00f3n p\u00fablica.","breadcrumb":{"@id":"https:\/\/sidimurcia.org\/index.php\/2021\/07\/29\/29-07-2021-resultados-provisionales-del-acto-de-adjudicacion-telematico-de-desplazados-del-cuerpo-de-profesores-de-secundaria-y-fp\/#breadcrumb"},"inLanguage":"es","potentialAction":[{"@type":"ReadAction","target":["https:\/\/sidimurcia.org\/index.php\/2021\/07\/29\/29-07-2021-resultados-provisionales-del-acto-de-adjudicacion-telematico-de-desplazados-del-cuerpo-de-profesores-de-secundaria-y-fp\/"]}]},{"@type":"BreadcrumbList","@id":"https:\/\/sidimurcia.org\/index.php\/2021\/07\/29\/29-07-2021-resultados-provisionales-del-acto-de-adjudicacion-telematico-de-desplazados-del-cuerpo-de-profesores-de-secundaria-y-fp\/#breadcrumb","itemListElement":[{"@type":"ListItem","position":1,"name":"Portada","item":"https:\/\/sidimurcia.org\/"},{"@type":"ListItem","position":2,"name":"29\/07\/2021. RESULTADOS PROVISIONALES del Acto de Adjudicaci\u00f3n Telem\u00e1tico de Desplazados del Cuerpo de Profesores de Secundaria y FP"}]},{"@type":"WebSite","@id":"https:\/\/sidimurcia.org\/#website","url":"https:\/\/sidimurcia.org\/","name":"SIDI","description":"Sindicato Independiente de Docentes","publisher":{"@id":"https:\/\/sidimurcia.org\/#organization"},"potentialAction":[{"@type":"SearchAction","target":{"@type":"EntryPoint","urlTemplate":"https:\/\/sidimurcia.org\/?s={search_term_string}"},"query-input":{"@type":"PropertyValueSpecification","valueRequired":true,"valueName":"search_term_string"}}],"inLanguage":"es"},{"@type":"Organization","@id":"https:\/\/sidimurcia.org\/#organization","name":"Sindicato Independiente de Docentes - SIDI","url":"https:\/\/sidimurcia.org\/","logo":{"@type":"ImageObject","inLanguage":"es","@id":"https:\/\/sidimurcia.org\/#\/schema\/logo\/image\/","url":"https:\/\/sidimurcia.org\/wp-content\/uploads\/cropped-PARAPESTANAWEB-1.jpg","contentUrl":"https:\/\/sidimurcia.org\/wp-content\/uploads\/cropped-PARAPESTANAWEB-1.jpg","width":512,"height":512,"caption":"Sindicato Independiente de Docentes - SIDI"},"image":{"@id":"https:\/\/sidimurcia.org\/#\/schema\/logo\/image\/"},"sameAs":["https:\/\/es-es.facebook.com\/sidi.sindicatodedocentes","https:\/\/x.com\/SIDIMURCIA","https:\/\/www.instagram.com\/sidi_murcia\/","https:\/\/www.youtube.com\/channel\/UCwwdL3uFtDKJdbOfmC70wIQ"]},{"@type":"Person","@id":"https:\/\/sidimurcia.org\/#\/schema\/person\/3f3207f88fb267669a31f8f46f76f86c","name":"Jose Luis Torrente","image":{"@type":"ImageObject","inLanguage":"es","@id":"https:\/\/secure.gravatar.com\/avatar\/8ac4c0d28cf03f62a37681e633afaf3faec3a7bd495cdfb9b6a7ec6cf281b29c?s=96&d=mm&r=g","url":"https:\/\/secure.gravatar.com\/avatar\/8ac4c0d28cf03f62a37681e633afaf3faec3a7bd495cdfb9b6a7ec6cf281b29c?s=96&d=mm&r=g","contentUrl":"https:\/\/secure.gravatar.com\/avatar\/8ac4c0d28cf03f62a37681e633afaf3faec3a7bd495cdfb9b6a7ec6cf281b29c?s=96&d=mm&r=g","caption":"Jose Luis Torrente"},"url":"https:\/\/sidimurcia.org\/index.php\/author\/joseltorrente\/"}]}},"_links":{"self":[{"href":"https:\/\/sidimurcia.org\/index.php\/wp-json\/wp\/v2\/posts\/10099","targetHints":{"allow":["GET"]}}],"collection":[{"href":"https:\/\/sidimurcia.org\/index.php\/wp-json\/wp\/v2\/posts"}],"about":[{"href":"https:\/\/sidimurcia.org\/index.php\/wp-json\/wp\/v2\/types\/post"}],"author":[{"embeddable":true,"href":"https:\/\/sidimurcia.org\/index.php\/wp-json\/wp\/v2\/users\/2"}],"replies":[{"embeddable":true,"href":"https:\/\/sidimurcia.org\/index.php\/wp-json\/wp\/v2\/comments?post=10099"}],"version-history":[{"count":0,"href":"https:\/\/sidimurcia.org\/index.php\/wp-json\/wp\/v2\/posts\/10099\/revisions"}],"wp:attachment":[{"href":"https:\/\/sidimurcia.org\/index.php\/wp-json\/wp\/v2\/media?parent=10099"}],"wp:term":[{"taxonomy":"category","embeddable":true,"href":"https:\/\/sidimurcia.org\/index.php\/wp-json\/wp\/v2\/categories?post=10099"},{"taxonomy":"post_tag","embeddable":true,"href":"https:\/\/sidimurcia.org\/index.php\/wp-json\/wp\/v2\/tags?post=10099"}],"curies":[{"name":"wp","href":"https:\/\/api.w.org\/{rel}","templated":true}]}}