{"id":10103,"date":"2021-07-29T10:46:53","date_gmt":"2021-07-29T10:46:53","guid":{"rendered":"https:\/\/sidimurcia.org\/?p=10103"},"modified":"2022-07-08T12:42:18","modified_gmt":"2022-07-08T12:42:18","slug":"interinos-lista-definitiva-de-secundaria-fp-y-otros-curso-21-22-especialidades-convocadas-oposiciones-2021","status":"publish","type":"post","link":"https:\/\/sidimurcia.org\/index.php\/2021\/07\/29\/interinos-lista-definitiva-de-secundaria-fp-y-otros-curso-21-22-especialidades-convocadas-oposiciones-2021\/","title":{"rendered":"INTERINOS: Lista DEFINITIVA de Secundaria, FP y Otros, curso 21\/22. Especialidades convocadas oposiciones 2021"},"content":{"rendered":"<ul>\n<li style=\"text-align: justify;\"><a title=\"Resoluci\u00f3n de 29 de julio de 2021 de la Direcci\u00f3n General de Recursos Humanos, Planificaci\u00f3n Educativa y Evaluaci\u00f3n, por la que se publica la lista definitiva de aspirantes que cumplen los requisitos del art\u00edculo 99 de la Orden de 12 de febrero de 2019, para la ordenaci\u00f3n de las listas de interinidad para el curso 2021-2022, en los Cuerpos de Profesores de Ense\u00f1anza Secundaria y de Profesores T\u00e9cnicos de Formaci\u00f3n Profesional\" href=\"https:\/\/www.carm.es\/web\/Blob?ARCHIVO=2%20resolucion_anexos-interinos-590-591%20%28COPIA%29.pdf&amp;TABLA=ARCHIVOS&amp;CAMPOCLAVE=IDARCHIVO&amp;VALORCLAVE=172485&amp;CAMPOIMAGEN=ARCHIVO&amp;IDTIPO=60&amp;RASTRO=c77$m22725,22759,4254\">Resoluci\u00f3n de 29 de julio de 2021 de la Direcci\u00f3n General de Recursos Humanos, Planificaci\u00f3n Educativa y Evaluaci\u00f3n, por la que se publica la lista definitiva de aspirantes que cumplen los requisitos del art\u00edculo 99 de la Orden de 12 de febrero de 2019, para la ordenaci\u00f3n de las listas de interinidad para el curso 2021-2022, en los Cuerpos de Profesores de Ense\u00f1anza Secundaria y de Profesores T\u00e9cnicos de Formaci\u00f3n Profesional<\/a><\/li>\n<li style=\"text-align: justify;\"><a title=\"Correcci\u00f3n de Errores a la Resoluci\u00f3n de la Direcci\u00f3n General de Recursos Humanos, Planificaci\u00f3n Educativa y Evaluaci\u00f3n, por la que se publica la lista definitiva de aspirantes que cumplen los requisitos del art\u00edculo 99 de la Orden de 12 de febrero de 2019, para la ordenaci\u00f3n de las listas de interinidad para el curso 2021-2022, en los Cuerpos de Profesores de Ense\u00f1anza Secundaria y de Profesores T\u00e9cnicos de Formaci\u00f3n Profesional.\" href=\"https:\/\/www.carm.es\/web\/Blob?ARCHIVO=1%20resoluci%C3%B3n_anexos_inter_%20ce%20%28COPIA%29%20%281%29.pdf&amp;TABLA=ARCHIVOS&amp;CAMPOCLAVE=IDARCHIVO&amp;VALORCLAVE=172532&amp;CAMPOIMAGEN=ARCHIVO&amp;IDTIPO=60&amp;RASTRO=c77$m22725,22759,4254\">Correcci\u00f3n de Errores a la Resoluci\u00f3n de la Direcci\u00f3n General de Recursos Humanos, Planificaci\u00f3n Educativa y Evaluaci\u00f3n, por la que se publica la lista definitiva de aspirantes que cumplen los requisitos del art\u00edculo 99 de la Orden de 12 de febrero de 2019, para la ordenaci\u00f3n de las listas de interinidad para el curso 2021-2022, en los Cuerpos de Profesores de Ense\u00f1anza Secundaria y de Profesores T\u00e9cnicos de Formaci\u00f3n Profesional.<\/a><\/li>\n<li style=\"text-align: justify;\"><a title=\"Correcci\u00f3n de Errores a la Resoluci\u00f3n de 29 de julio de 2021 de la Direcci\u00f3n General de Recursos Humanos, Planificaci\u00f3n Educativa y Evaluaci\u00f3n, por la que se publica la lista definitiva de aspirantes que cumplen los requisitos del art\u00edculo 99 de la Orden de 12 de febrero de 2019, para la ordenaci\u00f3n de las listas de interinidad para el curso 2021-2022, en los Cuerpos de Profesores de Ense\u00f1anza Secundaria y de Profesores T\u00e9cnicos de Formaci\u00f3n Profesional\" href=\"https:\/\/www.carm.es\/web\/Blob?ARCHIVO=C.%20errores%20sec%20y%20fp%20%2B%20anexo%20%28COPIA%29.pdf&amp;TABLA=ARCHIVOS&amp;CAMPOCLAVE=IDARCHIVO&amp;VALORCLAVE=172987&amp;CAMPOIMAGEN=ARCHIVO&amp;IDTIPO=60&amp;RASTRO=c77$m22725,22759,4254\">Correcci\u00f3n de Errores a la Resoluci\u00f3n de 29 de julio de 2021 de la Direcci\u00f3n General de Recursos Humanos, Planificaci\u00f3n Educativa y Evaluaci\u00f3n, por la que se publica la lista definitiva de aspirantes que cumplen los requisitos del art\u00edculo 99 de la Orden de 12 de febrero de 2019, para la ordenaci\u00f3n de las listas de interinidad para el curso 2021-2022, en los Cuerpos de Profesores de Ense\u00f1anza Secundaria y de Profesores T\u00e9cnicos de Formaci\u00f3n Profesional<\/a><\/li>\n<li style=\"text-align: justify;\"><a class=\"enlaceMarron\" title=\"Modificaci\u00f3n de la Resoluci\u00f3n de la Direcci\u00f3n General de Recursos Humanos, Planificaci\u00f3n Educativa y Evaluaci\u00f3n, de 29 de julio de 2021 por la que se publica la lista definitiva de aspirantes que cumplen los requisitos del art\u00edculo 99 de la Orden de 12 de febrero de 2019, para la ordenaci\u00f3n de las listas de interinidad para el curso 2021-2022, en los cuerpos de Profesores de Ense\u00f1anza Secundaria y de Profesores T\u00e9cnicos de Formaci\u00f3n Profesional.\" href=\"http:\/\/servicios.educarm.es\/templates\/portal\/ficheros\/websDinamicas\/45\/Modific list definitiva CI 202285 08-07-22.pdf\" target=\"_blank\" rel=\"noopener\">Modificaci\u00f3n de la Resoluci\u00f3n de la Direcci\u00f3n General de Recursos Humanos, Planificaci\u00f3n Educativa y Evaluaci\u00f3n, de 29 de julio de 2021 por la que se publica la lista definitiva de aspirantes que cumplen los requisitos del art\u00edculo 99 de la Orden de 12 de febrero de 2019, para la ordenaci\u00f3n de las listas de interinidad para el curso 2021-2022, en los cuerpos de Profesores de Ense\u00f1anza Secundaria y de Profesores T\u00e9cnicos de Formaci\u00f3n Profesional.<\/a><\/li>\n<\/ul>\n","protected":false},"excerpt":{"rendered":"<p>Resoluci\u00f3n de 29 de julio de 2021 de la Direcci\u00f3n General de Recursos Humanos, Planificaci\u00f3n Educativa y Evaluaci\u00f3n, por la &#8230; <a title=\"INTERINOS: Lista DEFINITIVA de Secundaria, FP y Otros, curso 21\/22. Especialidades convocadas oposiciones 2021\" class=\"read-more\" href=\"https:\/\/sidimurcia.org\/index.php\/2021\/07\/29\/interinos-lista-definitiva-de-secundaria-fp-y-otros-curso-21-22-especialidades-convocadas-oposiciones-2021\/\" aria-label=\"Leer m\u00e1s sobre INTERINOS: Lista DEFINITIVA de Secundaria, FP y Otros, curso 21\/22. Especialidades convocadas oposiciones 2021\">Leer mas<\/a><\/p>\n","protected":false},"author":2,"featured_media":0,"comment_status":"closed","ping_status":"closed","sticky":false,"template":"","format":"standard","meta":{"footnotes":""},"categories":[46,48],"tags":[],"class_list":["post-10103","post","type-post","status-publish","format-standard","hentry","category-normativa","category-normativa-carm"],"yoast_head":"<!-- This site is optimized with the Yoast SEO plugin v27.2 - https:\/\/yoast.com\/product\/yoast-seo-wordpress\/ -->\n<title>INTERINOS: Lista DEFINITIVA de Secundaria, FP y Otros, curso 21\/22. Especialidades convocadas oposiciones 2021 - SIDI<\/title>\n<meta name=\"description\" content=\"Sindicato Independiente de Docentes. Funcionarios e Interinos. Afiliaci\u00f3n 1eur\/mes. Defendemos la educaci\u00f3n p\u00fablica.\" \/>\n<meta name=\"robots\" content=\"index, follow, max-snippet:-1, max-image-preview:large, max-video-preview:-1\" \/>\n<link rel=\"canonical\" href=\"https:\/\/sidimurcia.org\/index.php\/2021\/07\/29\/interinos-lista-definitiva-de-secundaria-fp-y-otros-curso-21-22-especialidades-convocadas-oposiciones-2021\/\" \/>\n<meta property=\"og:locale\" content=\"es_ES\" \/>\n<meta property=\"og:type\" content=\"article\" \/>\n<meta property=\"og:title\" content=\"INTERINOS: Lista DEFINITIVA de Secundaria, FP y Otros, curso 21\/22. Especialidades convocadas oposiciones 2021 - SIDI\" \/>\n<meta property=\"og:description\" content=\"Sindicato Independiente de Docentes. Funcionarios e Interinos. Afiliaci\u00f3n 1eur\/mes. Defendemos la educaci\u00f3n p\u00fablica.\" \/>\n<meta property=\"og:url\" content=\"https:\/\/sidimurcia.org\/index.php\/2021\/07\/29\/interinos-lista-definitiva-de-secundaria-fp-y-otros-curso-21-22-especialidades-convocadas-oposiciones-2021\/\" \/>\n<meta property=\"og:site_name\" content=\"SIDI\" \/>\n<meta property=\"article:publisher\" content=\"https:\/\/es-es.facebook.com\/sidi.sindicatodedocentes\" \/>\n<meta property=\"article:published_time\" content=\"2021-07-29T10:46:53+00:00\" \/>\n<meta property=\"article:modified_time\" content=\"2022-07-08T12:42:18+00:00\" \/>\n<meta name=\"author\" content=\"Jose Luis Torrente\" \/>\n<meta name=\"twitter:card\" content=\"summary_large_image\" \/>\n<meta name=\"twitter:creator\" content=\"@SIDIMURCIA\" \/>\n<meta name=\"twitter:site\" content=\"@SIDIMURCIA\" \/>\n<meta name=\"twitter:label1\" content=\"Escrito por\" \/>\n\t<meta name=\"twitter:data1\" content=\"Jose Luis Torrente\" \/>\n\t<meta name=\"twitter:label2\" content=\"Tiempo de lectura\" \/>\n\t<meta name=\"twitter:data2\" content=\"2 minutos\" \/>\n<script type=\"application\/ld+json\" class=\"yoast-schema-graph\">{\"@context\":\"https:\/\/schema.org\",\"@graph\":[{\"@type\":\"Article\",\"@id\":\"https:\/\/sidimurcia.org\/index.php\/2021\/07\/29\/interinos-lista-definitiva-de-secundaria-fp-y-otros-curso-21-22-especialidades-convocadas-oposiciones-2021\/#article\",\"isPartOf\":{\"@id\":\"https:\/\/sidimurcia.org\/index.php\/2021\/07\/29\/interinos-lista-definitiva-de-secundaria-fp-y-otros-curso-21-22-especialidades-convocadas-oposiciones-2021\/\"},\"author\":{\"name\":\"Jose Luis Torrente\",\"@id\":\"https:\/\/sidimurcia.org\/#\/schema\/person\/3f3207f88fb267669a31f8f46f76f86c\"},\"headline\":\"INTERINOS: Lista DEFINITIVA de Secundaria, FP y Otros, curso 21\/22. Especialidades convocadas oposiciones 2021\",\"datePublished\":\"2021-07-29T10:46:53+00:00\",\"dateModified\":\"2022-07-08T12:42:18+00:00\",\"mainEntityOfPage\":{\"@id\":\"https:\/\/sidimurcia.org\/index.php\/2021\/07\/29\/interinos-lista-definitiva-de-secundaria-fp-y-otros-curso-21-22-especialidades-convocadas-oposiciones-2021\/\"},\"wordCount\":324,\"publisher\":{\"@id\":\"https:\/\/sidimurcia.org\/#organization\"},\"articleSection\":[\"Normativa\",\"Normativa CARM\"],\"inLanguage\":\"es\"},{\"@type\":\"WebPage\",\"@id\":\"https:\/\/sidimurcia.org\/index.php\/2021\/07\/29\/interinos-lista-definitiva-de-secundaria-fp-y-otros-curso-21-22-especialidades-convocadas-oposiciones-2021\/\",\"url\":\"https:\/\/sidimurcia.org\/index.php\/2021\/07\/29\/interinos-lista-definitiva-de-secundaria-fp-y-otros-curso-21-22-especialidades-convocadas-oposiciones-2021\/\",\"name\":\"INTERINOS: Lista DEFINITIVA de Secundaria, FP y Otros, curso 21\/22. Especialidades convocadas oposiciones 2021 - SIDI\",\"isPartOf\":{\"@id\":\"https:\/\/sidimurcia.org\/#website\"},\"datePublished\":\"2021-07-29T10:46:53+00:00\",\"dateModified\":\"2022-07-08T12:42:18+00:00\",\"description\":\"Sindicato Independiente de Docentes. Funcionarios e Interinos. Afiliaci\u00f3n 1eur\/mes. Defendemos la educaci\u00f3n p\u00fablica.\",\"breadcrumb\":{\"@id\":\"https:\/\/sidimurcia.org\/index.php\/2021\/07\/29\/interinos-lista-definitiva-de-secundaria-fp-y-otros-curso-21-22-especialidades-convocadas-oposiciones-2021\/#breadcrumb\"},\"inLanguage\":\"es\",\"potentialAction\":[{\"@type\":\"ReadAction\",\"target\":[\"https:\/\/sidimurcia.org\/index.php\/2021\/07\/29\/interinos-lista-definitiva-de-secundaria-fp-y-otros-curso-21-22-especialidades-convocadas-oposiciones-2021\/\"]}]},{\"@type\":\"BreadcrumbList\",\"@id\":\"https:\/\/sidimurcia.org\/index.php\/2021\/07\/29\/interinos-lista-definitiva-de-secundaria-fp-y-otros-curso-21-22-especialidades-convocadas-oposiciones-2021\/#breadcrumb\",\"itemListElement\":[{\"@type\":\"ListItem\",\"position\":1,\"name\":\"Portada\",\"item\":\"https:\/\/sidimurcia.org\/\"},{\"@type\":\"ListItem\",\"position\":2,\"name\":\"INTERINOS: Lista DEFINITIVA de Secundaria, FP y Otros, curso 21\/22. Especialidades convocadas oposiciones 2021\"}]},{\"@type\":\"WebSite\",\"@id\":\"https:\/\/sidimurcia.org\/#website\",\"url\":\"https:\/\/sidimurcia.org\/\",\"name\":\"SIDI\",\"description\":\"Sindicato Independiente de Docentes\",\"publisher\":{\"@id\":\"https:\/\/sidimurcia.org\/#organization\"},\"potentialAction\":[{\"@type\":\"SearchAction\",\"target\":{\"@type\":\"EntryPoint\",\"urlTemplate\":\"https:\/\/sidimurcia.org\/?s={search_term_string}\"},\"query-input\":{\"@type\":\"PropertyValueSpecification\",\"valueRequired\":true,\"valueName\":\"search_term_string\"}}],\"inLanguage\":\"es\"},{\"@type\":\"Organization\",\"@id\":\"https:\/\/sidimurcia.org\/#organization\",\"name\":\"Sindicato Independiente de Docentes - SIDI\",\"url\":\"https:\/\/sidimurcia.org\/\",\"logo\":{\"@type\":\"ImageObject\",\"inLanguage\":\"es\",\"@id\":\"https:\/\/sidimurcia.org\/#\/schema\/logo\/image\/\",\"url\":\"https:\/\/sidimurcia.org\/wp-content\/uploads\/cropped-PARAPESTANAWEB-1.jpg\",\"contentUrl\":\"https:\/\/sidimurcia.org\/wp-content\/uploads\/cropped-PARAPESTANAWEB-1.jpg\",\"width\":512,\"height\":512,\"caption\":\"Sindicato Independiente de Docentes - SIDI\"},\"image\":{\"@id\":\"https:\/\/sidimurcia.org\/#\/schema\/logo\/image\/\"},\"sameAs\":[\"https:\/\/es-es.facebook.com\/sidi.sindicatodedocentes\",\"https:\/\/x.com\/SIDIMURCIA\",\"https:\/\/www.instagram.com\/sidi_murcia\/\",\"https:\/\/www.youtube.com\/channel\/UCwwdL3uFtDKJdbOfmC70wIQ\"]},{\"@type\":\"Person\",\"@id\":\"https:\/\/sidimurcia.org\/#\/schema\/person\/3f3207f88fb267669a31f8f46f76f86c\",\"name\":\"Jose Luis Torrente\",\"image\":{\"@type\":\"ImageObject\",\"inLanguage\":\"es\",\"@id\":\"https:\/\/secure.gravatar.com\/avatar\/8ac4c0d28cf03f62a37681e633afaf3faec3a7bd495cdfb9b6a7ec6cf281b29c?s=96&d=mm&r=g\",\"url\":\"https:\/\/secure.gravatar.com\/avatar\/8ac4c0d28cf03f62a37681e633afaf3faec3a7bd495cdfb9b6a7ec6cf281b29c?s=96&d=mm&r=g\",\"contentUrl\":\"https:\/\/secure.gravatar.com\/avatar\/8ac4c0d28cf03f62a37681e633afaf3faec3a7bd495cdfb9b6a7ec6cf281b29c?s=96&d=mm&r=g\",\"caption\":\"Jose Luis Torrente\"},\"url\":\"https:\/\/sidimurcia.org\/index.php\/author\/joseltorrente\/\"}]}<\/script>\n<!-- \/ Yoast SEO plugin. -->","yoast_head_json":{"title":"INTERINOS: Lista DEFINITIVA de Secundaria, FP y Otros, curso 21\/22. Especialidades convocadas oposiciones 2021 - SIDI","description":"Sindicato Independiente de Docentes. Funcionarios e Interinos. Afiliaci\u00f3n 1eur\/mes. Defendemos la educaci\u00f3n p\u00fablica.","robots":{"index":"index","follow":"follow","max-snippet":"max-snippet:-1","max-image-preview":"max-image-preview:large","max-video-preview":"max-video-preview:-1"},"canonical":"https:\/\/sidimurcia.org\/index.php\/2021\/07\/29\/interinos-lista-definitiva-de-secundaria-fp-y-otros-curso-21-22-especialidades-convocadas-oposiciones-2021\/","og_locale":"es_ES","og_type":"article","og_title":"INTERINOS: Lista DEFINITIVA de Secundaria, FP y Otros, curso 21\/22. Especialidades convocadas oposiciones 2021 - SIDI","og_description":"Sindicato Independiente de Docentes. Funcionarios e Interinos. Afiliaci\u00f3n 1eur\/mes. Defendemos la educaci\u00f3n p\u00fablica.","og_url":"https:\/\/sidimurcia.org\/index.php\/2021\/07\/29\/interinos-lista-definitiva-de-secundaria-fp-y-otros-curso-21-22-especialidades-convocadas-oposiciones-2021\/","og_site_name":"SIDI","article_publisher":"https:\/\/es-es.facebook.com\/sidi.sindicatodedocentes","article_published_time":"2021-07-29T10:46:53+00:00","article_modified_time":"2022-07-08T12:42:18+00:00","author":"Jose Luis Torrente","twitter_card":"summary_large_image","twitter_creator":"@SIDIMURCIA","twitter_site":"@SIDIMURCIA","twitter_misc":{"Escrito por":"Jose Luis Torrente","Tiempo de lectura":"2 minutos"},"schema":{"@context":"https:\/\/schema.org","@graph":[{"@type":"Article","@id":"https:\/\/sidimurcia.org\/index.php\/2021\/07\/29\/interinos-lista-definitiva-de-secundaria-fp-y-otros-curso-21-22-especialidades-convocadas-oposiciones-2021\/#article","isPartOf":{"@id":"https:\/\/sidimurcia.org\/index.php\/2021\/07\/29\/interinos-lista-definitiva-de-secundaria-fp-y-otros-curso-21-22-especialidades-convocadas-oposiciones-2021\/"},"author":{"name":"Jose Luis Torrente","@id":"https:\/\/sidimurcia.org\/#\/schema\/person\/3f3207f88fb267669a31f8f46f76f86c"},"headline":"INTERINOS: Lista DEFINITIVA de Secundaria, FP y Otros, curso 21\/22. Especialidades convocadas oposiciones 2021","datePublished":"2021-07-29T10:46:53+00:00","dateModified":"2022-07-08T12:42:18+00:00","mainEntityOfPage":{"@id":"https:\/\/sidimurcia.org\/index.php\/2021\/07\/29\/interinos-lista-definitiva-de-secundaria-fp-y-otros-curso-21-22-especialidades-convocadas-oposiciones-2021\/"},"wordCount":324,"publisher":{"@id":"https:\/\/sidimurcia.org\/#organization"},"articleSection":["Normativa","Normativa CARM"],"inLanguage":"es"},{"@type":"WebPage","@id":"https:\/\/sidimurcia.org\/index.php\/2021\/07\/29\/interinos-lista-definitiva-de-secundaria-fp-y-otros-curso-21-22-especialidades-convocadas-oposiciones-2021\/","url":"https:\/\/sidimurcia.org\/index.php\/2021\/07\/29\/interinos-lista-definitiva-de-secundaria-fp-y-otros-curso-21-22-especialidades-convocadas-oposiciones-2021\/","name":"INTERINOS: Lista DEFINITIVA de Secundaria, FP y Otros, curso 21\/22. Especialidades convocadas oposiciones 2021 - SIDI","isPartOf":{"@id":"https:\/\/sidimurcia.org\/#website"},"datePublished":"2021-07-29T10:46:53+00:00","dateModified":"2022-07-08T12:42:18+00:00","description":"Sindicato Independiente de Docentes. Funcionarios e Interinos. Afiliaci\u00f3n 1eur\/mes. Defendemos la educaci\u00f3n p\u00fablica.","breadcrumb":{"@id":"https:\/\/sidimurcia.org\/index.php\/2021\/07\/29\/interinos-lista-definitiva-de-secundaria-fp-y-otros-curso-21-22-especialidades-convocadas-oposiciones-2021\/#breadcrumb"},"inLanguage":"es","potentialAction":[{"@type":"ReadAction","target":["https:\/\/sidimurcia.org\/index.php\/2021\/07\/29\/interinos-lista-definitiva-de-secundaria-fp-y-otros-curso-21-22-especialidades-convocadas-oposiciones-2021\/"]}]},{"@type":"BreadcrumbList","@id":"https:\/\/sidimurcia.org\/index.php\/2021\/07\/29\/interinos-lista-definitiva-de-secundaria-fp-y-otros-curso-21-22-especialidades-convocadas-oposiciones-2021\/#breadcrumb","itemListElement":[{"@type":"ListItem","position":1,"name":"Portada","item":"https:\/\/sidimurcia.org\/"},{"@type":"ListItem","position":2,"name":"INTERINOS: Lista DEFINITIVA de Secundaria, FP y Otros, curso 21\/22. Especialidades convocadas oposiciones 2021"}]},{"@type":"WebSite","@id":"https:\/\/sidimurcia.org\/#website","url":"https:\/\/sidimurcia.org\/","name":"SIDI","description":"Sindicato Independiente de Docentes","publisher":{"@id":"https:\/\/sidimurcia.org\/#organization"},"potentialAction":[{"@type":"SearchAction","target":{"@type":"EntryPoint","urlTemplate":"https:\/\/sidimurcia.org\/?s={search_term_string}"},"query-input":{"@type":"PropertyValueSpecification","valueRequired":true,"valueName":"search_term_string"}}],"inLanguage":"es"},{"@type":"Organization","@id":"https:\/\/sidimurcia.org\/#organization","name":"Sindicato Independiente de Docentes - SIDI","url":"https:\/\/sidimurcia.org\/","logo":{"@type":"ImageObject","inLanguage":"es","@id":"https:\/\/sidimurcia.org\/#\/schema\/logo\/image\/","url":"https:\/\/sidimurcia.org\/wp-content\/uploads\/cropped-PARAPESTANAWEB-1.jpg","contentUrl":"https:\/\/sidimurcia.org\/wp-content\/uploads\/cropped-PARAPESTANAWEB-1.jpg","width":512,"height":512,"caption":"Sindicato Independiente de Docentes - SIDI"},"image":{"@id":"https:\/\/sidimurcia.org\/#\/schema\/logo\/image\/"},"sameAs":["https:\/\/es-es.facebook.com\/sidi.sindicatodedocentes","https:\/\/x.com\/SIDIMURCIA","https:\/\/www.instagram.com\/sidi_murcia\/","https:\/\/www.youtube.com\/channel\/UCwwdL3uFtDKJdbOfmC70wIQ"]},{"@type":"Person","@id":"https:\/\/sidimurcia.org\/#\/schema\/person\/3f3207f88fb267669a31f8f46f76f86c","name":"Jose Luis Torrente","image":{"@type":"ImageObject","inLanguage":"es","@id":"https:\/\/secure.gravatar.com\/avatar\/8ac4c0d28cf03f62a37681e633afaf3faec3a7bd495cdfb9b6a7ec6cf281b29c?s=96&d=mm&r=g","url":"https:\/\/secure.gravatar.com\/avatar\/8ac4c0d28cf03f62a37681e633afaf3faec3a7bd495cdfb9b6a7ec6cf281b29c?s=96&d=mm&r=g","contentUrl":"https:\/\/secure.gravatar.com\/avatar\/8ac4c0d28cf03f62a37681e633afaf3faec3a7bd495cdfb9b6a7ec6cf281b29c?s=96&d=mm&r=g","caption":"Jose Luis Torrente"},"url":"https:\/\/sidimurcia.org\/index.php\/author\/joseltorrente\/"}]}},"_links":{"self":[{"href":"https:\/\/sidimurcia.org\/index.php\/wp-json\/wp\/v2\/posts\/10103","targetHints":{"allow":["GET"]}}],"collection":[{"href":"https:\/\/sidimurcia.org\/index.php\/wp-json\/wp\/v2\/posts"}],"about":[{"href":"https:\/\/sidimurcia.org\/index.php\/wp-json\/wp\/v2\/types\/post"}],"author":[{"embeddable":true,"href":"https:\/\/sidimurcia.org\/index.php\/wp-json\/wp\/v2\/users\/2"}],"replies":[{"embeddable":true,"href":"https:\/\/sidimurcia.org\/index.php\/wp-json\/wp\/v2\/comments?post=10103"}],"version-history":[{"count":0,"href":"https:\/\/sidimurcia.org\/index.php\/wp-json\/wp\/v2\/posts\/10103\/revisions"}],"wp:attachment":[{"href":"https:\/\/sidimurcia.org\/index.php\/wp-json\/wp\/v2\/media?parent=10103"}],"wp:term":[{"taxonomy":"category","embeddable":true,"href":"https:\/\/sidimurcia.org\/index.php\/wp-json\/wp\/v2\/categories?post=10103"},{"taxonomy":"post_tag","embeddable":true,"href":"https:\/\/sidimurcia.org\/index.php\/wp-json\/wp\/v2\/tags?post=10103"}],"curies":[{"name":"wp","href":"https:\/\/api.w.org\/{rel}","templated":true}]}}