{"id":10513,"date":"2021-10-04T16:33:32","date_gmt":"2021-10-04T16:33:32","guid":{"rendered":"https:\/\/sidimurcia.org\/?p=10513"},"modified":"2021-10-04T16:33:32","modified_gmt":"2021-10-04T16:33:32","slug":"orden-04-10-2021-declara-desierta-convocatoria-acto-no-presencial-de-tecnologia-musical","status":"publish","type":"post","link":"https:\/\/sidimurcia.org\/index.php\/2021\/10\/04\/orden-04-10-2021-declara-desierta-convocatoria-acto-no-presencial-de-tecnologia-musical\/","title":{"rendered":"Orden 04\/10\/2021 declara desierta convocatoria acto NO presencial de Tecnolog\u00eda Musical"},"content":{"rendered":"<ul>\n<li><a title=\"Orden de 4 de octubre de 2021 de la Consejer\u00eda de Educaci\u00f3n y Cultura por la que se declara desierta la convocatoria establecida por Orden de 17 de septiembre de 2021, por la que se convoca a aquellos integrantes de la totalidad de las listas de interinos de la Comunidad Aut\u00f3noma de la Regi\u00f3n de Murcia que deseen ocupar plazas de la especialidad de Tecnolog\u00eda Musical del cuerpo de Catedr\u00e1ticos de M\u00fasica y Artes Esc\u00e9nicas\" href=\"https:\/\/www.carm.es\/web\/Blob?ARCHIVO=Orden%20desierta_TECNOLOG%C3%8DA%20MUSICAL%20%28COPIA%29.pdf&amp;TABLA=ARCHIVOS&amp;CAMPOCLAVE=IDARCHIVO&amp;VALORCLAVE=173586&amp;CAMPOIMAGEN=ARCHIVO&amp;IDTIPO=60&amp;RASTRO=c77$m22725,22759,4254\">Orden de 4 de octubre de 2021 de la Consejer\u00eda de Educaci\u00f3n y Cultura por la que se declara desierta la convocatoria establecida por Orden de 17 de septiembre de 2021, por la que se convoca a aquellos integrantes de la totalidad de las listas de interinos de la Comunidad Aut\u00f3noma de la Regi\u00f3n de Murcia que deseen ocupar plazas de la especialidad de Tecnolog\u00eda Musical del cuerpo de Catedr\u00e1ticos de M\u00fasica y Artes Esc\u00e9nicas<\/a><\/li>\n<\/ul>\n","protected":false},"excerpt":{"rendered":"<p>Orden de 4 de octubre de 2021 de la Consejer\u00eda de Educaci\u00f3n y Cultura por la que se declara desierta &#8230; <a title=\"Orden 04\/10\/2021 declara desierta convocatoria acto NO presencial de Tecnolog\u00eda Musical\" class=\"read-more\" href=\"https:\/\/sidimurcia.org\/index.php\/2021\/10\/04\/orden-04-10-2021-declara-desierta-convocatoria-acto-no-presencial-de-tecnologia-musical\/\" aria-label=\"Leer m\u00e1s sobre Orden 04\/10\/2021 declara desierta convocatoria acto NO presencial de Tecnolog\u00eda Musical\">Leer mas<\/a><\/p>\n","protected":false},"author":1,"featured_media":0,"comment_status":"closed","ping_status":"closed","sticky":false,"template":"","format":"standard","meta":{"footnotes":""},"categories":[4,71],"tags":[],"class_list":["post-10513","post","type-post","status-publish","format-standard","hentry","category-bolsa-extraordinaria","category-declarada-desierta-en-murcia"],"yoast_head":"<!-- This site is optimized with the Yoast SEO plugin v27.2 - https:\/\/yoast.com\/product\/yoast-seo-wordpress\/ -->\n<title>Orden 04\/10\/2021 declara desierta convocatoria acto NO presencial de Tecnolog\u00eda Musical - SIDI<\/title>\n<meta name=\"description\" content=\"Sindicato Independiente de Docentes. Funcionarios e Interinos. Afiliaci\u00f3n 1eur\/mes. Defendemos la educaci\u00f3n p\u00fablica.\" \/>\n<meta name=\"robots\" content=\"index, follow, max-snippet:-1, max-image-preview:large, max-video-preview:-1\" \/>\n<link rel=\"canonical\" href=\"https:\/\/sidimurcia.org\/index.php\/2021\/10\/04\/orden-04-10-2021-declara-desierta-convocatoria-acto-no-presencial-de-tecnologia-musical\/\" \/>\n<meta property=\"og:locale\" content=\"es_ES\" \/>\n<meta property=\"og:type\" content=\"article\" \/>\n<meta property=\"og:title\" content=\"Orden 04\/10\/2021 declara desierta convocatoria acto NO presencial de Tecnolog\u00eda Musical - SIDI\" \/>\n<meta property=\"og:description\" content=\"Sindicato Independiente de Docentes. Funcionarios e Interinos. Afiliaci\u00f3n 1eur\/mes. Defendemos la educaci\u00f3n p\u00fablica.\" \/>\n<meta property=\"og:url\" content=\"https:\/\/sidimurcia.org\/index.php\/2021\/10\/04\/orden-04-10-2021-declara-desierta-convocatoria-acto-no-presencial-de-tecnologia-musical\/\" \/>\n<meta property=\"og:site_name\" content=\"SIDI\" \/>\n<meta property=\"article:publisher\" content=\"https:\/\/es-es.facebook.com\/sidi.sindicatodedocentes\" \/>\n<meta property=\"article:published_time\" content=\"2021-10-04T16:33:32+00:00\" \/>\n<meta name=\"author\" content=\"admin\" \/>\n<meta name=\"twitter:card\" content=\"summary_large_image\" \/>\n<meta name=\"twitter:creator\" content=\"@SIDIMURCIA\" \/>\n<meta name=\"twitter:site\" content=\"@SIDIMURCIA\" \/>\n<meta name=\"twitter:label1\" content=\"Escrito por\" \/>\n\t<meta name=\"twitter:data1\" content=\"admin\" \/>\n<script type=\"application\/ld+json\" class=\"yoast-schema-graph\">{\"@context\":\"https:\/\/schema.org\",\"@graph\":[{\"@type\":\"Article\",\"@id\":\"https:\/\/sidimurcia.org\/index.php\/2021\/10\/04\/orden-04-10-2021-declara-desierta-convocatoria-acto-no-presencial-de-tecnologia-musical\/#article\",\"isPartOf\":{\"@id\":\"https:\/\/sidimurcia.org\/index.php\/2021\/10\/04\/orden-04-10-2021-declara-desierta-convocatoria-acto-no-presencial-de-tecnologia-musical\/\"},\"author\":{\"name\":\"admin\",\"@id\":\"https:\/\/sidimurcia.org\/#\/schema\/person\/03d746881f3b6389803ea8dfbaa3523a\"},\"headline\":\"Orden 04\/10\/2021 declara desierta convocatoria acto NO presencial de Tecnolog\u00eda Musical\",\"datePublished\":\"2021-10-04T16:33:32+00:00\",\"mainEntityOfPage\":{\"@id\":\"https:\/\/sidimurcia.org\/index.php\/2021\/10\/04\/orden-04-10-2021-declara-desierta-convocatoria-acto-no-presencial-de-tecnologia-musical\/\"},\"wordCount\":90,\"publisher\":{\"@id\":\"https:\/\/sidimurcia.org\/#organization\"},\"articleSection\":[\"Bolsa Extraordinaria\",\"Murcia-Desierta\"],\"inLanguage\":\"es\"},{\"@type\":\"WebPage\",\"@id\":\"https:\/\/sidimurcia.org\/index.php\/2021\/10\/04\/orden-04-10-2021-declara-desierta-convocatoria-acto-no-presencial-de-tecnologia-musical\/\",\"url\":\"https:\/\/sidimurcia.org\/index.php\/2021\/10\/04\/orden-04-10-2021-declara-desierta-convocatoria-acto-no-presencial-de-tecnologia-musical\/\",\"name\":\"Orden 04\/10\/2021 declara desierta convocatoria acto NO presencial de Tecnolog\u00eda Musical - SIDI\",\"isPartOf\":{\"@id\":\"https:\/\/sidimurcia.org\/#website\"},\"datePublished\":\"2021-10-04T16:33:32+00:00\",\"description\":\"Sindicato Independiente de Docentes. Funcionarios e Interinos. Afiliaci\u00f3n 1eur\/mes. Defendemos la educaci\u00f3n p\u00fablica.\",\"breadcrumb\":{\"@id\":\"https:\/\/sidimurcia.org\/index.php\/2021\/10\/04\/orden-04-10-2021-declara-desierta-convocatoria-acto-no-presencial-de-tecnologia-musical\/#breadcrumb\"},\"inLanguage\":\"es\",\"potentialAction\":[{\"@type\":\"ReadAction\",\"target\":[\"https:\/\/sidimurcia.org\/index.php\/2021\/10\/04\/orden-04-10-2021-declara-desierta-convocatoria-acto-no-presencial-de-tecnologia-musical\/\"]}]},{\"@type\":\"BreadcrumbList\",\"@id\":\"https:\/\/sidimurcia.org\/index.php\/2021\/10\/04\/orden-04-10-2021-declara-desierta-convocatoria-acto-no-presencial-de-tecnologia-musical\/#breadcrumb\",\"itemListElement\":[{\"@type\":\"ListItem\",\"position\":1,\"name\":\"Portada\",\"item\":\"https:\/\/sidimurcia.org\/\"},{\"@type\":\"ListItem\",\"position\":2,\"name\":\"Orden 04\/10\/2021 declara desierta convocatoria acto NO presencial de Tecnolog\u00eda Musical\"}]},{\"@type\":\"WebSite\",\"@id\":\"https:\/\/sidimurcia.org\/#website\",\"url\":\"https:\/\/sidimurcia.org\/\",\"name\":\"SIDI\",\"description\":\"Sindicato Independiente de Docentes\",\"publisher\":{\"@id\":\"https:\/\/sidimurcia.org\/#organization\"},\"potentialAction\":[{\"@type\":\"SearchAction\",\"target\":{\"@type\":\"EntryPoint\",\"urlTemplate\":\"https:\/\/sidimurcia.org\/?s={search_term_string}\"},\"query-input\":{\"@type\":\"PropertyValueSpecification\",\"valueRequired\":true,\"valueName\":\"search_term_string\"}}],\"inLanguage\":\"es\"},{\"@type\":\"Organization\",\"@id\":\"https:\/\/sidimurcia.org\/#organization\",\"name\":\"Sindicato Independiente de Docentes - SIDI\",\"url\":\"https:\/\/sidimurcia.org\/\",\"logo\":{\"@type\":\"ImageObject\",\"inLanguage\":\"es\",\"@id\":\"https:\/\/sidimurcia.org\/#\/schema\/logo\/image\/\",\"url\":\"https:\/\/sidimurcia.org\/wp-content\/uploads\/cropped-PARAPESTANAWEB-1.jpg\",\"contentUrl\":\"https:\/\/sidimurcia.org\/wp-content\/uploads\/cropped-PARAPESTANAWEB-1.jpg\",\"width\":512,\"height\":512,\"caption\":\"Sindicato Independiente de Docentes - SIDI\"},\"image\":{\"@id\":\"https:\/\/sidimurcia.org\/#\/schema\/logo\/image\/\"},\"sameAs\":[\"https:\/\/es-es.facebook.com\/sidi.sindicatodedocentes\",\"https:\/\/x.com\/SIDIMURCIA\",\"https:\/\/www.instagram.com\/sidi_murcia\/\",\"https:\/\/www.youtube.com\/channel\/UCwwdL3uFtDKJdbOfmC70wIQ\"]},{\"@type\":\"Person\",\"@id\":\"https:\/\/sidimurcia.org\/#\/schema\/person\/03d746881f3b6389803ea8dfbaa3523a\",\"name\":\"admin\",\"image\":{\"@type\":\"ImageObject\",\"inLanguage\":\"es\",\"@id\":\"https:\/\/secure.gravatar.com\/avatar\/4ed3d5aa731240f7447742edc19a8ebb07f49375a9778a6ae209f917ac2d2074?s=96&d=mm&r=g\",\"url\":\"https:\/\/secure.gravatar.com\/avatar\/4ed3d5aa731240f7447742edc19a8ebb07f49375a9778a6ae209f917ac2d2074?s=96&d=mm&r=g\",\"contentUrl\":\"https:\/\/secure.gravatar.com\/avatar\/4ed3d5aa731240f7447742edc19a8ebb07f49375a9778a6ae209f917ac2d2074?s=96&d=mm&r=g\",\"caption\":\"admin\"},\"url\":\"https:\/\/sidimurcia.org\/index.php\/author\/admin\/\"}]}<\/script>\n<!-- \/ Yoast SEO plugin. -->","yoast_head_json":{"title":"Orden 04\/10\/2021 declara desierta convocatoria acto NO presencial de Tecnolog\u00eda Musical - SIDI","description":"Sindicato Independiente de Docentes. Funcionarios e Interinos. Afiliaci\u00f3n 1eur\/mes. Defendemos la educaci\u00f3n p\u00fablica.","robots":{"index":"index","follow":"follow","max-snippet":"max-snippet:-1","max-image-preview":"max-image-preview:large","max-video-preview":"max-video-preview:-1"},"canonical":"https:\/\/sidimurcia.org\/index.php\/2021\/10\/04\/orden-04-10-2021-declara-desierta-convocatoria-acto-no-presencial-de-tecnologia-musical\/","og_locale":"es_ES","og_type":"article","og_title":"Orden 04\/10\/2021 declara desierta convocatoria acto NO presencial de Tecnolog\u00eda Musical - SIDI","og_description":"Sindicato Independiente de Docentes. Funcionarios e Interinos. Afiliaci\u00f3n 1eur\/mes. Defendemos la educaci\u00f3n p\u00fablica.","og_url":"https:\/\/sidimurcia.org\/index.php\/2021\/10\/04\/orden-04-10-2021-declara-desierta-convocatoria-acto-no-presencial-de-tecnologia-musical\/","og_site_name":"SIDI","article_publisher":"https:\/\/es-es.facebook.com\/sidi.sindicatodedocentes","article_published_time":"2021-10-04T16:33:32+00:00","author":"admin","twitter_card":"summary_large_image","twitter_creator":"@SIDIMURCIA","twitter_site":"@SIDIMURCIA","twitter_misc":{"Escrito por":"admin"},"schema":{"@context":"https:\/\/schema.org","@graph":[{"@type":"Article","@id":"https:\/\/sidimurcia.org\/index.php\/2021\/10\/04\/orden-04-10-2021-declara-desierta-convocatoria-acto-no-presencial-de-tecnologia-musical\/#article","isPartOf":{"@id":"https:\/\/sidimurcia.org\/index.php\/2021\/10\/04\/orden-04-10-2021-declara-desierta-convocatoria-acto-no-presencial-de-tecnologia-musical\/"},"author":{"name":"admin","@id":"https:\/\/sidimurcia.org\/#\/schema\/person\/03d746881f3b6389803ea8dfbaa3523a"},"headline":"Orden 04\/10\/2021 declara desierta convocatoria acto NO presencial de Tecnolog\u00eda Musical","datePublished":"2021-10-04T16:33:32+00:00","mainEntityOfPage":{"@id":"https:\/\/sidimurcia.org\/index.php\/2021\/10\/04\/orden-04-10-2021-declara-desierta-convocatoria-acto-no-presencial-de-tecnologia-musical\/"},"wordCount":90,"publisher":{"@id":"https:\/\/sidimurcia.org\/#organization"},"articleSection":["Bolsa Extraordinaria","Murcia-Desierta"],"inLanguage":"es"},{"@type":"WebPage","@id":"https:\/\/sidimurcia.org\/index.php\/2021\/10\/04\/orden-04-10-2021-declara-desierta-convocatoria-acto-no-presencial-de-tecnologia-musical\/","url":"https:\/\/sidimurcia.org\/index.php\/2021\/10\/04\/orden-04-10-2021-declara-desierta-convocatoria-acto-no-presencial-de-tecnologia-musical\/","name":"Orden 04\/10\/2021 declara desierta convocatoria acto NO presencial de Tecnolog\u00eda Musical - SIDI","isPartOf":{"@id":"https:\/\/sidimurcia.org\/#website"},"datePublished":"2021-10-04T16:33:32+00:00","description":"Sindicato Independiente de Docentes. Funcionarios e Interinos. Afiliaci\u00f3n 1eur\/mes. Defendemos la educaci\u00f3n p\u00fablica.","breadcrumb":{"@id":"https:\/\/sidimurcia.org\/index.php\/2021\/10\/04\/orden-04-10-2021-declara-desierta-convocatoria-acto-no-presencial-de-tecnologia-musical\/#breadcrumb"},"inLanguage":"es","potentialAction":[{"@type":"ReadAction","target":["https:\/\/sidimurcia.org\/index.php\/2021\/10\/04\/orden-04-10-2021-declara-desierta-convocatoria-acto-no-presencial-de-tecnologia-musical\/"]}]},{"@type":"BreadcrumbList","@id":"https:\/\/sidimurcia.org\/index.php\/2021\/10\/04\/orden-04-10-2021-declara-desierta-convocatoria-acto-no-presencial-de-tecnologia-musical\/#breadcrumb","itemListElement":[{"@type":"ListItem","position":1,"name":"Portada","item":"https:\/\/sidimurcia.org\/"},{"@type":"ListItem","position":2,"name":"Orden 04\/10\/2021 declara desierta convocatoria acto NO presencial de Tecnolog\u00eda Musical"}]},{"@type":"WebSite","@id":"https:\/\/sidimurcia.org\/#website","url":"https:\/\/sidimurcia.org\/","name":"SIDI","description":"Sindicato Independiente de Docentes","publisher":{"@id":"https:\/\/sidimurcia.org\/#organization"},"potentialAction":[{"@type":"SearchAction","target":{"@type":"EntryPoint","urlTemplate":"https:\/\/sidimurcia.org\/?s={search_term_string}"},"query-input":{"@type":"PropertyValueSpecification","valueRequired":true,"valueName":"search_term_string"}}],"inLanguage":"es"},{"@type":"Organization","@id":"https:\/\/sidimurcia.org\/#organization","name":"Sindicato Independiente de Docentes - SIDI","url":"https:\/\/sidimurcia.org\/","logo":{"@type":"ImageObject","inLanguage":"es","@id":"https:\/\/sidimurcia.org\/#\/schema\/logo\/image\/","url":"https:\/\/sidimurcia.org\/wp-content\/uploads\/cropped-PARAPESTANAWEB-1.jpg","contentUrl":"https:\/\/sidimurcia.org\/wp-content\/uploads\/cropped-PARAPESTANAWEB-1.jpg","width":512,"height":512,"caption":"Sindicato Independiente de Docentes - SIDI"},"image":{"@id":"https:\/\/sidimurcia.org\/#\/schema\/logo\/image\/"},"sameAs":["https:\/\/es-es.facebook.com\/sidi.sindicatodedocentes","https:\/\/x.com\/SIDIMURCIA","https:\/\/www.instagram.com\/sidi_murcia\/","https:\/\/www.youtube.com\/channel\/UCwwdL3uFtDKJdbOfmC70wIQ"]},{"@type":"Person","@id":"https:\/\/sidimurcia.org\/#\/schema\/person\/03d746881f3b6389803ea8dfbaa3523a","name":"admin","image":{"@type":"ImageObject","inLanguage":"es","@id":"https:\/\/secure.gravatar.com\/avatar\/4ed3d5aa731240f7447742edc19a8ebb07f49375a9778a6ae209f917ac2d2074?s=96&d=mm&r=g","url":"https:\/\/secure.gravatar.com\/avatar\/4ed3d5aa731240f7447742edc19a8ebb07f49375a9778a6ae209f917ac2d2074?s=96&d=mm&r=g","contentUrl":"https:\/\/secure.gravatar.com\/avatar\/4ed3d5aa731240f7447742edc19a8ebb07f49375a9778a6ae209f917ac2d2074?s=96&d=mm&r=g","caption":"admin"},"url":"https:\/\/sidimurcia.org\/index.php\/author\/admin\/"}]}},"_links":{"self":[{"href":"https:\/\/sidimurcia.org\/index.php\/wp-json\/wp\/v2\/posts\/10513","targetHints":{"allow":["GET"]}}],"collection":[{"href":"https:\/\/sidimurcia.org\/index.php\/wp-json\/wp\/v2\/posts"}],"about":[{"href":"https:\/\/sidimurcia.org\/index.php\/wp-json\/wp\/v2\/types\/post"}],"author":[{"embeddable":true,"href":"https:\/\/sidimurcia.org\/index.php\/wp-json\/wp\/v2\/users\/1"}],"replies":[{"embeddable":true,"href":"https:\/\/sidimurcia.org\/index.php\/wp-json\/wp\/v2\/comments?post=10513"}],"version-history":[{"count":0,"href":"https:\/\/sidimurcia.org\/index.php\/wp-json\/wp\/v2\/posts\/10513\/revisions"}],"wp:attachment":[{"href":"https:\/\/sidimurcia.org\/index.php\/wp-json\/wp\/v2\/media?parent=10513"}],"wp:term":[{"taxonomy":"category","embeddable":true,"href":"https:\/\/sidimurcia.org\/index.php\/wp-json\/wp\/v2\/categories?post=10513"},{"taxonomy":"post_tag","embeddable":true,"href":"https:\/\/sidimurcia.org\/index.php\/wp-json\/wp\/v2\/tags?post=10513"}],"curies":[{"name":"wp","href":"https:\/\/api.w.org\/{rel}","templated":true}]}}