{"id":10893,"date":"2021-10-25T06:23:29","date_gmt":"2021-10-25T06:23:29","guid":{"rendered":"https:\/\/sidimurcia.org\/?p=10893"},"modified":"2022-06-01T12:37:46","modified_gmt":"2022-06-01T12:37:46","slug":"concurso-de-traslados-2021-orden-21-10-2021-de-convocatoria-de-todos-los-cuerpos-docentes","status":"publish","type":"post","link":"https:\/\/sidimurcia.org\/index.php\/2021\/10\/25\/concurso-de-traslados-2021-orden-21-10-2021-de-convocatoria-de-todos-los-cuerpos-docentes\/","title":{"rendered":"CONCURSO DE TRASLADOS 2021: Orden 21\/10\/2021 de convocatoria de todos los cuerpos docentes."},"content":{"rendered":"<ul>\n<li style=\"text-align: justify;\"><a class=\"enlaceMarron\" title=\"Orden de 21 de octubre de 2021, de la Consejer\u00eda de Educaci\u00f3n y Cultura, por la que se convoca concurso de traslados para la provisi\u00f3n de plazas correspondientes a los cuerpos de Catedr\u00e1ticos y Profesores de Ense\u00f1anza Secundaria, Catedr\u00e1ticos y Profesores de Escuelas Oficiales de Idiomas, Profesores de M\u00fasica y Artes Esc\u00e9nica, Profesores de Artes Pl\u00e1sticas y Dise\u00f1o, Profesores T\u00e9cnicos de Formaci\u00f3n Profesional, y de Maestros.\" href=\"http:\/\/servicios.educarm.es\/templates\/portal\/ficheros\/websDinamicas\/45\/6401 Concurso Secundaria BORM 25-10-21.pdf\" target=\"_blank\" rel=\"noopener\">Orden de 21 de octubre de 2021, de la Consejer\u00eda de Educaci\u00f3n y Cultura, por la que se convoca concurso de traslados para la provisi\u00f3n de plazas correspondientes a los cuerpos de Catedr\u00e1ticos y Profesores de Ense\u00f1anza Secundaria, Catedr\u00e1ticos y Profesores de Escuelas Oficiales de Idiomas, Profesores de M\u00fasica y Artes Esc\u00e9nica, Profesores de Artes Pl\u00e1sticas y Dise\u00f1o, Profesores T\u00e9cnicos de Formaci\u00f3n Profesional, y de Maestros.<\/a><\/li>\n<\/ul>\n<p><span style=\"color: #800080;\"><strong> Plazo de presentaci\u00f3n desde el 26 de octubre hasta el 16 de noviembre de 2021, ambos inclusive<\/strong><\/span><\/p>\n<p style=\"text-align: center;\"><a href=\"https:\/\/sede.carm.es\/educacionPAE\/formularios\/F0845.CE\"><strong>Enlace a la solicitud telem\u00e1tica<\/strong><\/a><\/p>\n<ul>\n<li><a href=\"https:\/\/sidimurcia.org\/wp-content\/uploads\/BAREMO-CONCURSO-2020-ver-2007.xlsx\"><strong>Herramienta gratuita de SIDI para el c\u00e1lculo del baremo.<\/strong><\/a><\/li>\n<li><a href=\"https:\/\/sidimurcia.org\/wp-content\/uploads\/baremo-CGT-2021.pdf\">Anexo XII \u2013 Baremo<\/a><\/li>\n<li><a href=\"http:\/\/mapaescolar.murciaeduca.es\/mapaescolar\/#\">Buscador de centros educativos.<\/a><\/li>\n<li><a href=\"https:\/\/sidimurcia.org\/wp-content\/uploads\/instrucciones-CGT-2021.pdf\">Instrucciones para cumplimetar la solicitud<\/a><\/li>\n<li><a href=\"https:\/\/www.youtube.com\/playlist?list=PL067IKKMBTPDUJcnOmgHSyr1mJZJxus5C\">VIDEOTUTORIALES SIDI CONCURSO DE TRASLADOS 2021<\/a><\/li>\n<\/ul>\n<p style=\"text-align: justify;\"><strong>NOTA:<\/strong> En caso de duda o incidencia en cualquier momento del proceso de cumplimentaci\u00f3n de la solicitud se podr\u00e1 contactar con el Servicio de Planificaci\u00f3n y Provisi\u00f3n de Efectivos a trav\u00e9s de la siguiente direcci\u00f3n de Internet: soporte.educacion@murciaeduca.es indicando en el ASUNTO: Procedimiento 845.<\/p>\n<ul>\n<li><a href=\"http:\/\/eduwiki.murciaeduca.es\/wiki\/index.php\/Procedimiento_845\">RESPUESTA A PREGUNTAS FRECUENTES<\/a><\/li>\n<\/ul>\n<p style=\"text-align: justify;\">Os recordamos que la Orden que regula la concesi\u00f3n de comisiones de servicios de car\u00e1cter humanitario, estable como requisito para la concesi\u00f3n que se hubiese participado en el concurso de traslados para las comisiones de tipo 6.2 y 6.3.<\/p>\n<p><u>6.2.- Por motivos graves de salud.<\/u>(plazo del 1 al 30 de abril)<\/p>\n<p style=\"padding-left: 40px;\">6.2.a.- Por motivos de salud propios.<\/p>\n<p style=\"padding-left: 40px;\">6.2.b.- Por motivos de salud de c\u00f3nyuge (o persona con an\u00e1loga relaci\u00f3n de afectividad) o hijos.<\/p>\n<p style=\"padding-left: 40px;\">6.2.c.- Por motivos de salud de ascendientes en primer grado.<\/p>\n<p><u>6.3.- Por causas sociales y de cuidado de hijos menores de 12 a\u00f1os. <\/u>(plazo del 1 al 30 de abril).<\/p>\n<p style=\"padding-left: 40px;\">6.3.a.- Por cuidado de hijo menor de doce a\u00f1os.<\/p>\n<p style=\"padding-left: 40px;\">6.3.b.- Por motivos de car\u00e1cter social.<\/p>\n<p style=\"padding-left: 40px;\">6.3.c.- Por conflicto laboral en centros educativos de la CARM.<\/p>\n","protected":false},"excerpt":{"rendered":"<p>Orden de 21 de octubre de 2021, de la Consejer\u00eda de Educaci\u00f3n y Cultura, por la que se convoca concurso &#8230; <a title=\"CONCURSO DE TRASLADOS 2021: Orden 21\/10\/2021 de convocatoria de todos los cuerpos docentes.\" class=\"read-more\" href=\"https:\/\/sidimurcia.org\/index.php\/2021\/10\/25\/concurso-de-traslados-2021-orden-21-10-2021-de-convocatoria-de-todos-los-cuerpos-docentes\/\" aria-label=\"Leer m\u00e1s sobre CONCURSO DE TRASLADOS 2021: Orden 21\/10\/2021 de convocatoria de todos los cuerpos docentes.\">Leer mas<\/a><\/p>\n","protected":false},"author":2,"featured_media":0,"comment_status":"closed","ping_status":"closed","sticky":false,"template":"","format":"standard","meta":{"footnotes":""},"categories":[16],"tags":[],"class_list":["post-10893","post","type-post","status-publish","format-standard","hentry","category-concurso-de-traslados"],"yoast_head":"<!-- This site is optimized with the Yoast SEO plugin v27.2 - https:\/\/yoast.com\/product\/yoast-seo-wordpress\/ -->\n<title>CONCURSO DE TRASLADOS 2021: Orden 21\/10\/2021 de convocatoria de todos los cuerpos docentes. - SIDI<\/title>\n<meta name=\"description\" content=\"Sindicato Independiente de Docentes. Funcionarios e Interinos. Afiliaci\u00f3n 1eur\/mes. Defendemos la educaci\u00f3n p\u00fablica.\" \/>\n<meta name=\"robots\" content=\"index, follow, max-snippet:-1, max-image-preview:large, max-video-preview:-1\" \/>\n<link rel=\"canonical\" href=\"https:\/\/sidimurcia.org\/index.php\/2021\/10\/25\/concurso-de-traslados-2021-orden-21-10-2021-de-convocatoria-de-todos-los-cuerpos-docentes\/\" \/>\n<meta property=\"og:locale\" content=\"es_ES\" \/>\n<meta property=\"og:type\" content=\"article\" \/>\n<meta property=\"og:title\" content=\"CONCURSO DE TRASLADOS 2021: Orden 21\/10\/2021 de convocatoria de todos los cuerpos docentes. - SIDI\" \/>\n<meta property=\"og:description\" content=\"Sindicato Independiente de Docentes. Funcionarios e Interinos. Afiliaci\u00f3n 1eur\/mes. Defendemos la educaci\u00f3n p\u00fablica.\" \/>\n<meta property=\"og:url\" content=\"https:\/\/sidimurcia.org\/index.php\/2021\/10\/25\/concurso-de-traslados-2021-orden-21-10-2021-de-convocatoria-de-todos-los-cuerpos-docentes\/\" \/>\n<meta property=\"og:site_name\" content=\"SIDI\" \/>\n<meta property=\"article:publisher\" content=\"https:\/\/es-es.facebook.com\/sidi.sindicatodedocentes\" \/>\n<meta property=\"article:published_time\" content=\"2021-10-25T06:23:29+00:00\" \/>\n<meta property=\"article:modified_time\" content=\"2022-06-01T12:37:46+00:00\" \/>\n<meta name=\"author\" content=\"Jose Luis Torrente\" \/>\n<meta name=\"twitter:card\" content=\"summary_large_image\" \/>\n<meta name=\"twitter:creator\" content=\"@SIDIMURCIA\" \/>\n<meta name=\"twitter:site\" content=\"@SIDIMURCIA\" \/>\n<meta name=\"twitter:label1\" content=\"Escrito por\" \/>\n\t<meta name=\"twitter:data1\" content=\"Jose Luis Torrente\" \/>\n\t<meta name=\"twitter:label2\" content=\"Tiempo de lectura\" \/>\n\t<meta name=\"twitter:data2\" content=\"2 minutos\" \/>\n<script type=\"application\/ld+json\" class=\"yoast-schema-graph\">{\"@context\":\"https:\/\/schema.org\",\"@graph\":[{\"@type\":\"Article\",\"@id\":\"https:\/\/sidimurcia.org\/index.php\/2021\/10\/25\/concurso-de-traslados-2021-orden-21-10-2021-de-convocatoria-de-todos-los-cuerpos-docentes\/#article\",\"isPartOf\":{\"@id\":\"https:\/\/sidimurcia.org\/index.php\/2021\/10\/25\/concurso-de-traslados-2021-orden-21-10-2021-de-convocatoria-de-todos-los-cuerpos-docentes\/\"},\"author\":{\"name\":\"Jose Luis Torrente\",\"@id\":\"https:\/\/sidimurcia.org\/#\/schema\/person\/3f3207f88fb267669a31f8f46f76f86c\"},\"headline\":\"CONCURSO DE TRASLADOS 2021: Orden 21\/10\/2021 de convocatoria de todos los cuerpos docentes.\",\"datePublished\":\"2021-10-25T06:23:29+00:00\",\"dateModified\":\"2022-06-01T12:37:46+00:00\",\"mainEntityOfPage\":{\"@id\":\"https:\/\/sidimurcia.org\/index.php\/2021\/10\/25\/concurso-de-traslados-2021-orden-21-10-2021-de-convocatoria-de-todos-los-cuerpos-docentes\/\"},\"wordCount\":327,\"publisher\":{\"@id\":\"https:\/\/sidimurcia.org\/#organization\"},\"articleSection\":[\"Concurso de traslados\"],\"inLanguage\":\"es\"},{\"@type\":\"WebPage\",\"@id\":\"https:\/\/sidimurcia.org\/index.php\/2021\/10\/25\/concurso-de-traslados-2021-orden-21-10-2021-de-convocatoria-de-todos-los-cuerpos-docentes\/\",\"url\":\"https:\/\/sidimurcia.org\/index.php\/2021\/10\/25\/concurso-de-traslados-2021-orden-21-10-2021-de-convocatoria-de-todos-los-cuerpos-docentes\/\",\"name\":\"CONCURSO DE TRASLADOS 2021: Orden 21\/10\/2021 de convocatoria de todos los cuerpos docentes. - SIDI\",\"isPartOf\":{\"@id\":\"https:\/\/sidimurcia.org\/#website\"},\"datePublished\":\"2021-10-25T06:23:29+00:00\",\"dateModified\":\"2022-06-01T12:37:46+00:00\",\"description\":\"Sindicato Independiente de Docentes. Funcionarios e Interinos. Afiliaci\u00f3n 1eur\/mes. Defendemos la educaci\u00f3n p\u00fablica.\",\"breadcrumb\":{\"@id\":\"https:\/\/sidimurcia.org\/index.php\/2021\/10\/25\/concurso-de-traslados-2021-orden-21-10-2021-de-convocatoria-de-todos-los-cuerpos-docentes\/#breadcrumb\"},\"inLanguage\":\"es\",\"potentialAction\":[{\"@type\":\"ReadAction\",\"target\":[\"https:\/\/sidimurcia.org\/index.php\/2021\/10\/25\/concurso-de-traslados-2021-orden-21-10-2021-de-convocatoria-de-todos-los-cuerpos-docentes\/\"]}]},{\"@type\":\"BreadcrumbList\",\"@id\":\"https:\/\/sidimurcia.org\/index.php\/2021\/10\/25\/concurso-de-traslados-2021-orden-21-10-2021-de-convocatoria-de-todos-los-cuerpos-docentes\/#breadcrumb\",\"itemListElement\":[{\"@type\":\"ListItem\",\"position\":1,\"name\":\"Portada\",\"item\":\"https:\/\/sidimurcia.org\/\"},{\"@type\":\"ListItem\",\"position\":2,\"name\":\"CONCURSO DE TRASLADOS 2021: Orden 21\/10\/2021 de convocatoria de todos los cuerpos docentes.\"}]},{\"@type\":\"WebSite\",\"@id\":\"https:\/\/sidimurcia.org\/#website\",\"url\":\"https:\/\/sidimurcia.org\/\",\"name\":\"SIDI\",\"description\":\"Sindicato Independiente de Docentes\",\"publisher\":{\"@id\":\"https:\/\/sidimurcia.org\/#organization\"},\"potentialAction\":[{\"@type\":\"SearchAction\",\"target\":{\"@type\":\"EntryPoint\",\"urlTemplate\":\"https:\/\/sidimurcia.org\/?s={search_term_string}\"},\"query-input\":{\"@type\":\"PropertyValueSpecification\",\"valueRequired\":true,\"valueName\":\"search_term_string\"}}],\"inLanguage\":\"es\"},{\"@type\":\"Organization\",\"@id\":\"https:\/\/sidimurcia.org\/#organization\",\"name\":\"Sindicato Independiente de Docentes - SIDI\",\"url\":\"https:\/\/sidimurcia.org\/\",\"logo\":{\"@type\":\"ImageObject\",\"inLanguage\":\"es\",\"@id\":\"https:\/\/sidimurcia.org\/#\/schema\/logo\/image\/\",\"url\":\"https:\/\/sidimurcia.org\/wp-content\/uploads\/cropped-PARAPESTANAWEB-1.jpg\",\"contentUrl\":\"https:\/\/sidimurcia.org\/wp-content\/uploads\/cropped-PARAPESTANAWEB-1.jpg\",\"width\":512,\"height\":512,\"caption\":\"Sindicato Independiente de Docentes - SIDI\"},\"image\":{\"@id\":\"https:\/\/sidimurcia.org\/#\/schema\/logo\/image\/\"},\"sameAs\":[\"https:\/\/es-es.facebook.com\/sidi.sindicatodedocentes\",\"https:\/\/x.com\/SIDIMURCIA\",\"https:\/\/www.instagram.com\/sidi_murcia\/\",\"https:\/\/www.youtube.com\/channel\/UCwwdL3uFtDKJdbOfmC70wIQ\"]},{\"@type\":\"Person\",\"@id\":\"https:\/\/sidimurcia.org\/#\/schema\/person\/3f3207f88fb267669a31f8f46f76f86c\",\"name\":\"Jose Luis Torrente\",\"image\":{\"@type\":\"ImageObject\",\"inLanguage\":\"es\",\"@id\":\"https:\/\/secure.gravatar.com\/avatar\/8ac4c0d28cf03f62a37681e633afaf3faec3a7bd495cdfb9b6a7ec6cf281b29c?s=96&d=mm&r=g\",\"url\":\"https:\/\/secure.gravatar.com\/avatar\/8ac4c0d28cf03f62a37681e633afaf3faec3a7bd495cdfb9b6a7ec6cf281b29c?s=96&d=mm&r=g\",\"contentUrl\":\"https:\/\/secure.gravatar.com\/avatar\/8ac4c0d28cf03f62a37681e633afaf3faec3a7bd495cdfb9b6a7ec6cf281b29c?s=96&d=mm&r=g\",\"caption\":\"Jose Luis Torrente\"},\"url\":\"https:\/\/sidimurcia.org\/index.php\/author\/joseltorrente\/\"}]}<\/script>\n<!-- \/ Yoast SEO plugin. -->","yoast_head_json":{"title":"CONCURSO DE TRASLADOS 2021: Orden 21\/10\/2021 de convocatoria de todos los cuerpos docentes. - SIDI","description":"Sindicato Independiente de Docentes. Funcionarios e Interinos. Afiliaci\u00f3n 1eur\/mes. Defendemos la educaci\u00f3n p\u00fablica.","robots":{"index":"index","follow":"follow","max-snippet":"max-snippet:-1","max-image-preview":"max-image-preview:large","max-video-preview":"max-video-preview:-1"},"canonical":"https:\/\/sidimurcia.org\/index.php\/2021\/10\/25\/concurso-de-traslados-2021-orden-21-10-2021-de-convocatoria-de-todos-los-cuerpos-docentes\/","og_locale":"es_ES","og_type":"article","og_title":"CONCURSO DE TRASLADOS 2021: Orden 21\/10\/2021 de convocatoria de todos los cuerpos docentes. - SIDI","og_description":"Sindicato Independiente de Docentes. Funcionarios e Interinos. Afiliaci\u00f3n 1eur\/mes. Defendemos la educaci\u00f3n p\u00fablica.","og_url":"https:\/\/sidimurcia.org\/index.php\/2021\/10\/25\/concurso-de-traslados-2021-orden-21-10-2021-de-convocatoria-de-todos-los-cuerpos-docentes\/","og_site_name":"SIDI","article_publisher":"https:\/\/es-es.facebook.com\/sidi.sindicatodedocentes","article_published_time":"2021-10-25T06:23:29+00:00","article_modified_time":"2022-06-01T12:37:46+00:00","author":"Jose Luis Torrente","twitter_card":"summary_large_image","twitter_creator":"@SIDIMURCIA","twitter_site":"@SIDIMURCIA","twitter_misc":{"Escrito por":"Jose Luis Torrente","Tiempo de lectura":"2 minutos"},"schema":{"@context":"https:\/\/schema.org","@graph":[{"@type":"Article","@id":"https:\/\/sidimurcia.org\/index.php\/2021\/10\/25\/concurso-de-traslados-2021-orden-21-10-2021-de-convocatoria-de-todos-los-cuerpos-docentes\/#article","isPartOf":{"@id":"https:\/\/sidimurcia.org\/index.php\/2021\/10\/25\/concurso-de-traslados-2021-orden-21-10-2021-de-convocatoria-de-todos-los-cuerpos-docentes\/"},"author":{"name":"Jose Luis Torrente","@id":"https:\/\/sidimurcia.org\/#\/schema\/person\/3f3207f88fb267669a31f8f46f76f86c"},"headline":"CONCURSO DE TRASLADOS 2021: Orden 21\/10\/2021 de convocatoria de todos los cuerpos docentes.","datePublished":"2021-10-25T06:23:29+00:00","dateModified":"2022-06-01T12:37:46+00:00","mainEntityOfPage":{"@id":"https:\/\/sidimurcia.org\/index.php\/2021\/10\/25\/concurso-de-traslados-2021-orden-21-10-2021-de-convocatoria-de-todos-los-cuerpos-docentes\/"},"wordCount":327,"publisher":{"@id":"https:\/\/sidimurcia.org\/#organization"},"articleSection":["Concurso de traslados"],"inLanguage":"es"},{"@type":"WebPage","@id":"https:\/\/sidimurcia.org\/index.php\/2021\/10\/25\/concurso-de-traslados-2021-orden-21-10-2021-de-convocatoria-de-todos-los-cuerpos-docentes\/","url":"https:\/\/sidimurcia.org\/index.php\/2021\/10\/25\/concurso-de-traslados-2021-orden-21-10-2021-de-convocatoria-de-todos-los-cuerpos-docentes\/","name":"CONCURSO DE TRASLADOS 2021: Orden 21\/10\/2021 de convocatoria de todos los cuerpos docentes. - SIDI","isPartOf":{"@id":"https:\/\/sidimurcia.org\/#website"},"datePublished":"2021-10-25T06:23:29+00:00","dateModified":"2022-06-01T12:37:46+00:00","description":"Sindicato Independiente de Docentes. Funcionarios e Interinos. Afiliaci\u00f3n 1eur\/mes. Defendemos la educaci\u00f3n p\u00fablica.","breadcrumb":{"@id":"https:\/\/sidimurcia.org\/index.php\/2021\/10\/25\/concurso-de-traslados-2021-orden-21-10-2021-de-convocatoria-de-todos-los-cuerpos-docentes\/#breadcrumb"},"inLanguage":"es","potentialAction":[{"@type":"ReadAction","target":["https:\/\/sidimurcia.org\/index.php\/2021\/10\/25\/concurso-de-traslados-2021-orden-21-10-2021-de-convocatoria-de-todos-los-cuerpos-docentes\/"]}]},{"@type":"BreadcrumbList","@id":"https:\/\/sidimurcia.org\/index.php\/2021\/10\/25\/concurso-de-traslados-2021-orden-21-10-2021-de-convocatoria-de-todos-los-cuerpos-docentes\/#breadcrumb","itemListElement":[{"@type":"ListItem","position":1,"name":"Portada","item":"https:\/\/sidimurcia.org\/"},{"@type":"ListItem","position":2,"name":"CONCURSO DE TRASLADOS 2021: Orden 21\/10\/2021 de convocatoria de todos los cuerpos docentes."}]},{"@type":"WebSite","@id":"https:\/\/sidimurcia.org\/#website","url":"https:\/\/sidimurcia.org\/","name":"SIDI","description":"Sindicato Independiente de Docentes","publisher":{"@id":"https:\/\/sidimurcia.org\/#organization"},"potentialAction":[{"@type":"SearchAction","target":{"@type":"EntryPoint","urlTemplate":"https:\/\/sidimurcia.org\/?s={search_term_string}"},"query-input":{"@type":"PropertyValueSpecification","valueRequired":true,"valueName":"search_term_string"}}],"inLanguage":"es"},{"@type":"Organization","@id":"https:\/\/sidimurcia.org\/#organization","name":"Sindicato Independiente de Docentes - SIDI","url":"https:\/\/sidimurcia.org\/","logo":{"@type":"ImageObject","inLanguage":"es","@id":"https:\/\/sidimurcia.org\/#\/schema\/logo\/image\/","url":"https:\/\/sidimurcia.org\/wp-content\/uploads\/cropped-PARAPESTANAWEB-1.jpg","contentUrl":"https:\/\/sidimurcia.org\/wp-content\/uploads\/cropped-PARAPESTANAWEB-1.jpg","width":512,"height":512,"caption":"Sindicato Independiente de Docentes - SIDI"},"image":{"@id":"https:\/\/sidimurcia.org\/#\/schema\/logo\/image\/"},"sameAs":["https:\/\/es-es.facebook.com\/sidi.sindicatodedocentes","https:\/\/x.com\/SIDIMURCIA","https:\/\/www.instagram.com\/sidi_murcia\/","https:\/\/www.youtube.com\/channel\/UCwwdL3uFtDKJdbOfmC70wIQ"]},{"@type":"Person","@id":"https:\/\/sidimurcia.org\/#\/schema\/person\/3f3207f88fb267669a31f8f46f76f86c","name":"Jose Luis Torrente","image":{"@type":"ImageObject","inLanguage":"es","@id":"https:\/\/secure.gravatar.com\/avatar\/8ac4c0d28cf03f62a37681e633afaf3faec3a7bd495cdfb9b6a7ec6cf281b29c?s=96&d=mm&r=g","url":"https:\/\/secure.gravatar.com\/avatar\/8ac4c0d28cf03f62a37681e633afaf3faec3a7bd495cdfb9b6a7ec6cf281b29c?s=96&d=mm&r=g","contentUrl":"https:\/\/secure.gravatar.com\/avatar\/8ac4c0d28cf03f62a37681e633afaf3faec3a7bd495cdfb9b6a7ec6cf281b29c?s=96&d=mm&r=g","caption":"Jose Luis Torrente"},"url":"https:\/\/sidimurcia.org\/index.php\/author\/joseltorrente\/"}]}},"_links":{"self":[{"href":"https:\/\/sidimurcia.org\/index.php\/wp-json\/wp\/v2\/posts\/10893","targetHints":{"allow":["GET"]}}],"collection":[{"href":"https:\/\/sidimurcia.org\/index.php\/wp-json\/wp\/v2\/posts"}],"about":[{"href":"https:\/\/sidimurcia.org\/index.php\/wp-json\/wp\/v2\/types\/post"}],"author":[{"embeddable":true,"href":"https:\/\/sidimurcia.org\/index.php\/wp-json\/wp\/v2\/users\/2"}],"replies":[{"embeddable":true,"href":"https:\/\/sidimurcia.org\/index.php\/wp-json\/wp\/v2\/comments?post=10893"}],"version-history":[{"count":0,"href":"https:\/\/sidimurcia.org\/index.php\/wp-json\/wp\/v2\/posts\/10893\/revisions"}],"wp:attachment":[{"href":"https:\/\/sidimurcia.org\/index.php\/wp-json\/wp\/v2\/media?parent=10893"}],"wp:term":[{"taxonomy":"category","embeddable":true,"href":"https:\/\/sidimurcia.org\/index.php\/wp-json\/wp\/v2\/categories?post=10893"},{"taxonomy":"post_tag","embeddable":true,"href":"https:\/\/sidimurcia.org\/index.php\/wp-json\/wp\/v2\/tags?post=10893"}],"curies":[{"name":"wp","href":"https:\/\/api.w.org\/{rel}","templated":true}]}}