{"id":11934,"date":"2022-02-06T09:57:44","date_gmt":"2022-02-06T09:57:44","guid":{"rendered":"https:\/\/sidimurcia.org\/?p=11934"},"modified":"2022-02-06T09:58:37","modified_gmt":"2022-02-06T09:58:37","slug":"suspendida-la-junta-de-personal-docente-no-universitario-por-falta-de-personal-en-los-centros-educativos","status":"publish","type":"post","link":"https:\/\/sidimurcia.org\/index.php\/2022\/02\/06\/suspendida-la-junta-de-personal-docente-no-universitario-por-falta-de-personal-en-los-centros-educativos\/","title":{"rendered":"SUSPENDIDA LA JUNTA DE PERSONAL DOCENTE NO UNIVERSITARIO POR FALTA DE PERSONAL EN LOS CENTROS EDUCATIVOS."},"content":{"rendered":"<p style=\"text-align: justify;\"><strong>Desde la Junta denunciamos que la situaci\u00f3n es insostenible en las aulas a causa de la dejadez de la Consejer\u00eda de Educaci\u00f3n.<\/strong><\/p>\n<p>La Junta de Personal Docente No Universitario es un \u00f3rgano que realiza propuestas y demandas a la Consejer\u00eda de Educaci\u00f3n y que representa leg\u00edtimamente al personal docente de los centros p\u00fablicos de la Regi\u00f3n de Murcia. Sin embargo, los representantes electos de los sindicatos en dicha Junta, que son docentes en activo en centros p\u00fablicos de la Regi\u00f3n, se han visto en la <strong>obligaci\u00f3n de posponer la reuni\u00f3n del pleno de la Junta de Personal Docente prevista para el pasado 21 de enero<\/strong>, para que su ausencia en los centros no agrave la actual emergencia educativa provocada por la falta de planificaci\u00f3n de la Consejer\u00eda de Educaci\u00f3n.<\/p>\n<p style=\"text-align: justify;\"><strong>Aulas confinadas<\/strong>, pruebas diagn\u00f3sticas que no se hacen, <strong>contagios<\/strong> en comedores y en aulas de infantil, <strong>cierres<\/strong> de comedor repentinos,<strong> clases que deber\u00edan confinarse por protocolo pero la informaci\u00f3n no fluye<\/strong> entre administraciones, <strong>profesorado haciendo guardias y sustituciones adicionales<\/strong> a las que les corresponde, <strong>alumnado en clases sin atender<\/strong>, solos sin ning\u00fan profesor y perdiendo horas y m\u00e1s horas de su derecho a la educaci\u00f3n sin que las familias est\u00e9n informadas de la situaci\u00f3n. A pesar de contar con un nuevo protocolo, este no est\u00e1 siendo eficaz ni \u00e1gil para notificar y contabilizar los casos reales de COVID. As\u00ed est\u00e1 funcionando la ense\u00f1anza p\u00fablica en la Regi\u00f3n de Murcia. Esto parece un barco hundi\u00e9ndose con muchos agujeros en el casco donde la comunidad educativa est\u00e1 tapando los agujeros con la buena voluntad del profesorado y las familias.<\/p>\n<p style=\"text-align: justify;\">Desde la Junta de Personal Docente No Universitario <strong>exigimos que se tomen medidas urgentes, excepcionales e inmediatas<\/strong> empezando por la que m\u00e1s impacto positivo puede tener y que se puede aplicar sin demora:<span style=\"text-decoration: underline;\"><strong> el refuerzo de personal docente<\/strong><\/span>. La Consejer\u00eda de Educaci\u00f3n no puede demorar m\u00e1s la contrataci\u00f3n de profesorado de refuerzo COVID puesto que, recordemos, la Regi\u00f3n de Murcia es la \u00fanica Comunidad Aut\u00f3noma que ha prescindido de esta medida y est\u00e1 sufriendo sus consecuencias.<\/p>\n<p style=\"text-align: justify;\">La propia Junta denuncia que <span style=\"text-decoration: underline;\"><strong>las sustituciones no se hacen de forma inmediata<\/strong><\/span>, y que en ocasiones cuando llega la persona sustituta el titular ya ha pasado la cuarentena. Adem\u00e1s, consideran que es falso que el personal que llega para sustituciones est\u00e9 qued\u00e1ndose, de forma generalizada, \u201cunos d\u00edas m\u00e1s\u201d como anunci\u00f3 la consejera. Esto solo est\u00e1 ocurriendo en situaciones<br \/>\nmuy excepcionales.<\/p>\n<p style=\"text-align: justify;\">Por todo ello, la Junta de Personal Docente No Universitario <span style=\"text-decoration: underline;\"><strong>reclama<\/strong><\/span>:<br \/>\n\u2022 <strong>Contrataci\u00f3n<\/strong> del profesorado de refuerzo.<br \/>\n\u2022 Dotaci\u00f3n a todos los centros, de manera urgente, del <strong>presupuesto para material<\/strong> higi\u00e9nico-sanitario.<br \/>\n\u2022 Dotaci\u00f3n de<strong> material de protecci\u00f3n adecuado<\/strong> (mascarillas ffp2, filtros HEPA, aparatos para valorar el CO2 en las aulas, etc. ).<br \/>\n\u2022 <strong>Sustituciones inmediatas<\/strong> de las bajas provocadas por la sexta ola.<br \/>\n\u2022 Mayor agilidad en la vacunaci\u00f3n de refuerzo de las plantillas y al alumnado menor de 12 a\u00f1os.<br \/>\n\u2022 Dotaci\u00f3n de <strong>pruebas r\u00e1pidas de ant\u00edgenos<\/strong> para realizar en los centros educativos a personal docente, no docente y alumnado.<br \/>\n\u2022 Dotaci\u00f3n de<strong> enfermera escolar<\/strong> que d\u00e9 cobertura a todos los centros educativos con cargo al presupuesto de Sanidad.<\/p>\n<p>La presencialidad de la educaci\u00f3n es un derecho y la comunidad educativa no quiere renunciar al mismo, pero siempre se debe garantizar la seguridad. Para ello exigimos las anteriores medidas<br \/>\nurgentes.<\/p>\n<p>Murcia, a 4 de febrero de 2022- (ANPE-SIDI-CCOO-STERM-UGT)<\/p>\n<p>&nbsp;<\/p>\n<p><a href=\"https:\/\/drive.google.com\/file\/d\/1gf2qR8NBAwOqQ3L7-8pgeNoxgYaLGO7t\/view?usp=sharing\">CARTEL COMUNICADO JUNTA DE PERSONAL 4\/02\/2022<\/a><\/p>\n","protected":false},"excerpt":{"rendered":"<p>Desde la Junta denunciamos que la situaci\u00f3n es insostenible en las aulas a causa de la dejadez de la Consejer\u00eda &#8230; <a title=\"SUSPENDIDA LA JUNTA DE PERSONAL DOCENTE NO UNIVERSITARIO POR FALTA DE PERSONAL EN LOS CENTROS EDUCATIVOS.\" class=\"read-more\" href=\"https:\/\/sidimurcia.org\/index.php\/2022\/02\/06\/suspendida-la-junta-de-personal-docente-no-universitario-por-falta-de-personal-en-los-centros-educativos\/\" aria-label=\"Leer m\u00e1s sobre SUSPENDIDA LA JUNTA DE PERSONAL DOCENTE NO UNIVERSITARIO POR FALTA DE PERSONAL EN LOS CENTROS EDUCATIVOS.\">Leer mas<\/a><\/p>\n","protected":false},"author":3,"featured_media":0,"comment_status":"closed","ping_status":"closed","sticky":false,"template":"","format":"standard","meta":{"footnotes":""},"categories":[58,54,73],"tags":[],"class_list":["post-11934","post","type-post","status-publish","format-standard","hentry","category-manifestaciones","category-movilizaciones","category-noticias-y-novedades"],"yoast_head":"<!-- This site is optimized with the Yoast SEO plugin v27.2 - https:\/\/yoast.com\/product\/yoast-seo-wordpress\/ -->\n<title>SUSPENDIDA LA JUNTA DE PERSONAL DOCENTE NO UNIVERSITARIO POR FALTA DE PERSONAL EN LOS CENTROS EDUCATIVOS. - SIDI<\/title>\n<meta name=\"description\" content=\"Sindicato Independiente de Docentes. Funcionarios e Interinos. Afiliaci\u00f3n 1eur\/mes. Defendemos la educaci\u00f3n p\u00fablica.\" \/>\n<meta name=\"robots\" content=\"index, follow, max-snippet:-1, max-image-preview:large, max-video-preview:-1\" \/>\n<link rel=\"canonical\" href=\"https:\/\/sidimurcia.org\/index.php\/2022\/02\/06\/suspendida-la-junta-de-personal-docente-no-universitario-por-falta-de-personal-en-los-centros-educativos\/\" \/>\n<meta property=\"og:locale\" content=\"es_ES\" \/>\n<meta property=\"og:type\" content=\"article\" \/>\n<meta property=\"og:title\" content=\"SUSPENDIDA LA JUNTA DE PERSONAL DOCENTE NO UNIVERSITARIO POR FALTA DE PERSONAL EN LOS CENTROS EDUCATIVOS. - SIDI\" \/>\n<meta property=\"og:description\" content=\"Sindicato Independiente de Docentes. Funcionarios e Interinos. Afiliaci\u00f3n 1eur\/mes. Defendemos la educaci\u00f3n p\u00fablica.\" \/>\n<meta property=\"og:url\" content=\"https:\/\/sidimurcia.org\/index.php\/2022\/02\/06\/suspendida-la-junta-de-personal-docente-no-universitario-por-falta-de-personal-en-los-centros-educativos\/\" \/>\n<meta property=\"og:site_name\" content=\"SIDI\" \/>\n<meta property=\"article:publisher\" content=\"https:\/\/es-es.facebook.com\/sidi.sindicatodedocentes\" \/>\n<meta property=\"article:published_time\" content=\"2022-02-06T09:57:44+00:00\" \/>\n<meta property=\"article:modified_time\" content=\"2022-02-06T09:58:37+00:00\" \/>\n<meta name=\"author\" content=\"Chema\" \/>\n<meta name=\"twitter:card\" content=\"summary_large_image\" \/>\n<meta name=\"twitter:creator\" content=\"@SIDIMURCIA\" \/>\n<meta name=\"twitter:site\" content=\"@SIDIMURCIA\" \/>\n<meta name=\"twitter:label1\" content=\"Escrito por\" \/>\n\t<meta name=\"twitter:data1\" content=\"Chema\" \/>\n\t<meta name=\"twitter:label2\" content=\"Tiempo de lectura\" \/>\n\t<meta name=\"twitter:data2\" content=\"3 minutos\" \/>\n<script type=\"application\/ld+json\" class=\"yoast-schema-graph\">{\"@context\":\"https:\/\/schema.org\",\"@graph\":[{\"@type\":\"Article\",\"@id\":\"https:\/\/sidimurcia.org\/index.php\/2022\/02\/06\/suspendida-la-junta-de-personal-docente-no-universitario-por-falta-de-personal-en-los-centros-educativos\/#article\",\"isPartOf\":{\"@id\":\"https:\/\/sidimurcia.org\/index.php\/2022\/02\/06\/suspendida-la-junta-de-personal-docente-no-universitario-por-falta-de-personal-en-los-centros-educativos\/\"},\"author\":{\"name\":\"Chema\",\"@id\":\"https:\/\/sidimurcia.org\/#\/schema\/person\/8a9f1b45768a9c5d6a33988310dcf460\"},\"headline\":\"SUSPENDIDA LA JUNTA DE PERSONAL DOCENTE NO UNIVERSITARIO POR FALTA DE PERSONAL EN LOS CENTROS EDUCATIVOS.\",\"datePublished\":\"2022-02-06T09:57:44+00:00\",\"dateModified\":\"2022-02-06T09:58:37+00:00\",\"mainEntityOfPage\":{\"@id\":\"https:\/\/sidimurcia.org\/index.php\/2022\/02\/06\/suspendida-la-junta-de-personal-docente-no-universitario-por-falta-de-personal-en-los-centros-educativos\/\"},\"wordCount\":623,\"publisher\":{\"@id\":\"https:\/\/sidimurcia.org\/#organization\"},\"articleSection\":[\"Manifestaciones\",\"Movilizaciones\",\"Noticias y Novedades\"],\"inLanguage\":\"es\"},{\"@type\":\"WebPage\",\"@id\":\"https:\/\/sidimurcia.org\/index.php\/2022\/02\/06\/suspendida-la-junta-de-personal-docente-no-universitario-por-falta-de-personal-en-los-centros-educativos\/\",\"url\":\"https:\/\/sidimurcia.org\/index.php\/2022\/02\/06\/suspendida-la-junta-de-personal-docente-no-universitario-por-falta-de-personal-en-los-centros-educativos\/\",\"name\":\"SUSPENDIDA LA JUNTA DE PERSONAL DOCENTE NO UNIVERSITARIO POR FALTA DE PERSONAL EN LOS CENTROS EDUCATIVOS. - SIDI\",\"isPartOf\":{\"@id\":\"https:\/\/sidimurcia.org\/#website\"},\"datePublished\":\"2022-02-06T09:57:44+00:00\",\"dateModified\":\"2022-02-06T09:58:37+00:00\",\"description\":\"Sindicato Independiente de Docentes. Funcionarios e Interinos. Afiliaci\u00f3n 1eur\/mes. Defendemos la educaci\u00f3n p\u00fablica.\",\"breadcrumb\":{\"@id\":\"https:\/\/sidimurcia.org\/index.php\/2022\/02\/06\/suspendida-la-junta-de-personal-docente-no-universitario-por-falta-de-personal-en-los-centros-educativos\/#breadcrumb\"},\"inLanguage\":\"es\",\"potentialAction\":[{\"@type\":\"ReadAction\",\"target\":[\"https:\/\/sidimurcia.org\/index.php\/2022\/02\/06\/suspendida-la-junta-de-personal-docente-no-universitario-por-falta-de-personal-en-los-centros-educativos\/\"]}]},{\"@type\":\"BreadcrumbList\",\"@id\":\"https:\/\/sidimurcia.org\/index.php\/2022\/02\/06\/suspendida-la-junta-de-personal-docente-no-universitario-por-falta-de-personal-en-los-centros-educativos\/#breadcrumb\",\"itemListElement\":[{\"@type\":\"ListItem\",\"position\":1,\"name\":\"Portada\",\"item\":\"https:\/\/sidimurcia.org\/\"},{\"@type\":\"ListItem\",\"position\":2,\"name\":\"SUSPENDIDA LA JUNTA DE PERSONAL DOCENTE NO UNIVERSITARIO POR FALTA DE PERSONAL EN LOS CENTROS EDUCATIVOS.\"}]},{\"@type\":\"WebSite\",\"@id\":\"https:\/\/sidimurcia.org\/#website\",\"url\":\"https:\/\/sidimurcia.org\/\",\"name\":\"SIDI\",\"description\":\"Sindicato Independiente de Docentes\",\"publisher\":{\"@id\":\"https:\/\/sidimurcia.org\/#organization\"},\"potentialAction\":[{\"@type\":\"SearchAction\",\"target\":{\"@type\":\"EntryPoint\",\"urlTemplate\":\"https:\/\/sidimurcia.org\/?s={search_term_string}\"},\"query-input\":{\"@type\":\"PropertyValueSpecification\",\"valueRequired\":true,\"valueName\":\"search_term_string\"}}],\"inLanguage\":\"es\"},{\"@type\":\"Organization\",\"@id\":\"https:\/\/sidimurcia.org\/#organization\",\"name\":\"Sindicato Independiente de Docentes - SIDI\",\"url\":\"https:\/\/sidimurcia.org\/\",\"logo\":{\"@type\":\"ImageObject\",\"inLanguage\":\"es\",\"@id\":\"https:\/\/sidimurcia.org\/#\/schema\/logo\/image\/\",\"url\":\"https:\/\/sidimurcia.org\/wp-content\/uploads\/cropped-PARAPESTANAWEB-1.jpg\",\"contentUrl\":\"https:\/\/sidimurcia.org\/wp-content\/uploads\/cropped-PARAPESTANAWEB-1.jpg\",\"width\":512,\"height\":512,\"caption\":\"Sindicato Independiente de Docentes - SIDI\"},\"image\":{\"@id\":\"https:\/\/sidimurcia.org\/#\/schema\/logo\/image\/\"},\"sameAs\":[\"https:\/\/es-es.facebook.com\/sidi.sindicatodedocentes\",\"https:\/\/x.com\/SIDIMURCIA\",\"https:\/\/www.instagram.com\/sidi_murcia\/\",\"https:\/\/www.youtube.com\/channel\/UCwwdL3uFtDKJdbOfmC70wIQ\"]},{\"@type\":\"Person\",\"@id\":\"https:\/\/sidimurcia.org\/#\/schema\/person\/8a9f1b45768a9c5d6a33988310dcf460\",\"name\":\"Chema\",\"image\":{\"@type\":\"ImageObject\",\"inLanguage\":\"es\",\"@id\":\"https:\/\/secure.gravatar.com\/avatar\/f2a40613aad4815a3895a310125bb3bd29d16a11e1d1772c602cf60a0d0d1e95?s=96&d=mm&r=g\",\"url\":\"https:\/\/secure.gravatar.com\/avatar\/f2a40613aad4815a3895a310125bb3bd29d16a11e1d1772c602cf60a0d0d1e95?s=96&d=mm&r=g\",\"contentUrl\":\"https:\/\/secure.gravatar.com\/avatar\/f2a40613aad4815a3895a310125bb3bd29d16a11e1d1772c602cf60a0d0d1e95?s=96&d=mm&r=g\",\"caption\":\"Chema\"},\"url\":\"https:\/\/sidimurcia.org\/index.php\/author\/josemgonzalez\/\"}]}<\/script>\n<!-- \/ Yoast SEO plugin. -->","yoast_head_json":{"title":"SUSPENDIDA LA JUNTA DE PERSONAL DOCENTE NO UNIVERSITARIO POR FALTA DE PERSONAL EN LOS CENTROS EDUCATIVOS. - SIDI","description":"Sindicato Independiente de Docentes. Funcionarios e Interinos. Afiliaci\u00f3n 1eur\/mes. Defendemos la educaci\u00f3n p\u00fablica.","robots":{"index":"index","follow":"follow","max-snippet":"max-snippet:-1","max-image-preview":"max-image-preview:large","max-video-preview":"max-video-preview:-1"},"canonical":"https:\/\/sidimurcia.org\/index.php\/2022\/02\/06\/suspendida-la-junta-de-personal-docente-no-universitario-por-falta-de-personal-en-los-centros-educativos\/","og_locale":"es_ES","og_type":"article","og_title":"SUSPENDIDA LA JUNTA DE PERSONAL DOCENTE NO UNIVERSITARIO POR FALTA DE PERSONAL EN LOS CENTROS EDUCATIVOS. - SIDI","og_description":"Sindicato Independiente de Docentes. Funcionarios e Interinos. Afiliaci\u00f3n 1eur\/mes. Defendemos la educaci\u00f3n p\u00fablica.","og_url":"https:\/\/sidimurcia.org\/index.php\/2022\/02\/06\/suspendida-la-junta-de-personal-docente-no-universitario-por-falta-de-personal-en-los-centros-educativos\/","og_site_name":"SIDI","article_publisher":"https:\/\/es-es.facebook.com\/sidi.sindicatodedocentes","article_published_time":"2022-02-06T09:57:44+00:00","article_modified_time":"2022-02-06T09:58:37+00:00","author":"Chema","twitter_card":"summary_large_image","twitter_creator":"@SIDIMURCIA","twitter_site":"@SIDIMURCIA","twitter_misc":{"Escrito por":"Chema","Tiempo de lectura":"3 minutos"},"schema":{"@context":"https:\/\/schema.org","@graph":[{"@type":"Article","@id":"https:\/\/sidimurcia.org\/index.php\/2022\/02\/06\/suspendida-la-junta-de-personal-docente-no-universitario-por-falta-de-personal-en-los-centros-educativos\/#article","isPartOf":{"@id":"https:\/\/sidimurcia.org\/index.php\/2022\/02\/06\/suspendida-la-junta-de-personal-docente-no-universitario-por-falta-de-personal-en-los-centros-educativos\/"},"author":{"name":"Chema","@id":"https:\/\/sidimurcia.org\/#\/schema\/person\/8a9f1b45768a9c5d6a33988310dcf460"},"headline":"SUSPENDIDA LA JUNTA DE PERSONAL DOCENTE NO UNIVERSITARIO POR FALTA DE PERSONAL EN LOS CENTROS EDUCATIVOS.","datePublished":"2022-02-06T09:57:44+00:00","dateModified":"2022-02-06T09:58:37+00:00","mainEntityOfPage":{"@id":"https:\/\/sidimurcia.org\/index.php\/2022\/02\/06\/suspendida-la-junta-de-personal-docente-no-universitario-por-falta-de-personal-en-los-centros-educativos\/"},"wordCount":623,"publisher":{"@id":"https:\/\/sidimurcia.org\/#organization"},"articleSection":["Manifestaciones","Movilizaciones","Noticias y Novedades"],"inLanguage":"es"},{"@type":"WebPage","@id":"https:\/\/sidimurcia.org\/index.php\/2022\/02\/06\/suspendida-la-junta-de-personal-docente-no-universitario-por-falta-de-personal-en-los-centros-educativos\/","url":"https:\/\/sidimurcia.org\/index.php\/2022\/02\/06\/suspendida-la-junta-de-personal-docente-no-universitario-por-falta-de-personal-en-los-centros-educativos\/","name":"SUSPENDIDA LA JUNTA DE PERSONAL DOCENTE NO UNIVERSITARIO POR FALTA DE PERSONAL EN LOS CENTROS EDUCATIVOS. - SIDI","isPartOf":{"@id":"https:\/\/sidimurcia.org\/#website"},"datePublished":"2022-02-06T09:57:44+00:00","dateModified":"2022-02-06T09:58:37+00:00","description":"Sindicato Independiente de Docentes. Funcionarios e Interinos. Afiliaci\u00f3n 1eur\/mes. Defendemos la educaci\u00f3n p\u00fablica.","breadcrumb":{"@id":"https:\/\/sidimurcia.org\/index.php\/2022\/02\/06\/suspendida-la-junta-de-personal-docente-no-universitario-por-falta-de-personal-en-los-centros-educativos\/#breadcrumb"},"inLanguage":"es","potentialAction":[{"@type":"ReadAction","target":["https:\/\/sidimurcia.org\/index.php\/2022\/02\/06\/suspendida-la-junta-de-personal-docente-no-universitario-por-falta-de-personal-en-los-centros-educativos\/"]}]},{"@type":"BreadcrumbList","@id":"https:\/\/sidimurcia.org\/index.php\/2022\/02\/06\/suspendida-la-junta-de-personal-docente-no-universitario-por-falta-de-personal-en-los-centros-educativos\/#breadcrumb","itemListElement":[{"@type":"ListItem","position":1,"name":"Portada","item":"https:\/\/sidimurcia.org\/"},{"@type":"ListItem","position":2,"name":"SUSPENDIDA LA JUNTA DE PERSONAL DOCENTE NO UNIVERSITARIO POR FALTA DE PERSONAL EN LOS CENTROS EDUCATIVOS."}]},{"@type":"WebSite","@id":"https:\/\/sidimurcia.org\/#website","url":"https:\/\/sidimurcia.org\/","name":"SIDI","description":"Sindicato Independiente de Docentes","publisher":{"@id":"https:\/\/sidimurcia.org\/#organization"},"potentialAction":[{"@type":"SearchAction","target":{"@type":"EntryPoint","urlTemplate":"https:\/\/sidimurcia.org\/?s={search_term_string}"},"query-input":{"@type":"PropertyValueSpecification","valueRequired":true,"valueName":"search_term_string"}}],"inLanguage":"es"},{"@type":"Organization","@id":"https:\/\/sidimurcia.org\/#organization","name":"Sindicato Independiente de Docentes - SIDI","url":"https:\/\/sidimurcia.org\/","logo":{"@type":"ImageObject","inLanguage":"es","@id":"https:\/\/sidimurcia.org\/#\/schema\/logo\/image\/","url":"https:\/\/sidimurcia.org\/wp-content\/uploads\/cropped-PARAPESTANAWEB-1.jpg","contentUrl":"https:\/\/sidimurcia.org\/wp-content\/uploads\/cropped-PARAPESTANAWEB-1.jpg","width":512,"height":512,"caption":"Sindicato Independiente de Docentes - SIDI"},"image":{"@id":"https:\/\/sidimurcia.org\/#\/schema\/logo\/image\/"},"sameAs":["https:\/\/es-es.facebook.com\/sidi.sindicatodedocentes","https:\/\/x.com\/SIDIMURCIA","https:\/\/www.instagram.com\/sidi_murcia\/","https:\/\/www.youtube.com\/channel\/UCwwdL3uFtDKJdbOfmC70wIQ"]},{"@type":"Person","@id":"https:\/\/sidimurcia.org\/#\/schema\/person\/8a9f1b45768a9c5d6a33988310dcf460","name":"Chema","image":{"@type":"ImageObject","inLanguage":"es","@id":"https:\/\/secure.gravatar.com\/avatar\/f2a40613aad4815a3895a310125bb3bd29d16a11e1d1772c602cf60a0d0d1e95?s=96&d=mm&r=g","url":"https:\/\/secure.gravatar.com\/avatar\/f2a40613aad4815a3895a310125bb3bd29d16a11e1d1772c602cf60a0d0d1e95?s=96&d=mm&r=g","contentUrl":"https:\/\/secure.gravatar.com\/avatar\/f2a40613aad4815a3895a310125bb3bd29d16a11e1d1772c602cf60a0d0d1e95?s=96&d=mm&r=g","caption":"Chema"},"url":"https:\/\/sidimurcia.org\/index.php\/author\/josemgonzalez\/"}]}},"_links":{"self":[{"href":"https:\/\/sidimurcia.org\/index.php\/wp-json\/wp\/v2\/posts\/11934","targetHints":{"allow":["GET"]}}],"collection":[{"href":"https:\/\/sidimurcia.org\/index.php\/wp-json\/wp\/v2\/posts"}],"about":[{"href":"https:\/\/sidimurcia.org\/index.php\/wp-json\/wp\/v2\/types\/post"}],"author":[{"embeddable":true,"href":"https:\/\/sidimurcia.org\/index.php\/wp-json\/wp\/v2\/users\/3"}],"replies":[{"embeddable":true,"href":"https:\/\/sidimurcia.org\/index.php\/wp-json\/wp\/v2\/comments?post=11934"}],"version-history":[{"count":0,"href":"https:\/\/sidimurcia.org\/index.php\/wp-json\/wp\/v2\/posts\/11934\/revisions"}],"wp:attachment":[{"href":"https:\/\/sidimurcia.org\/index.php\/wp-json\/wp\/v2\/media?parent=11934"}],"wp:term":[{"taxonomy":"category","embeddable":true,"href":"https:\/\/sidimurcia.org\/index.php\/wp-json\/wp\/v2\/categories?post=11934"},{"taxonomy":"post_tag","embeddable":true,"href":"https:\/\/sidimurcia.org\/index.php\/wp-json\/wp\/v2\/tags?post=11934"}],"curies":[{"name":"wp","href":"https:\/\/api.w.org\/{rel}","templated":true}]}}