{"id":12102,"date":"2022-02-22T07:31:28","date_gmt":"2022-02-22T07:31:28","guid":{"rendered":"https:\/\/sidimurcia.org\/?p=12102"},"modified":"2022-02-25T07:32:04","modified_gmt":"2022-02-25T07:32:04","slug":"concurso-de-traslados-2021-publicacion-de-las-vacantes-y-la-plantilla-organica-provisionales","status":"publish","type":"post","link":"https:\/\/sidimurcia.org\/index.php\/2022\/02\/22\/concurso-de-traslados-2021-publicacion-de-las-vacantes-y-la-plantilla-organica-provisionales\/","title":{"rendered":"CONCURSO DE TRASLADOS 2021: Publicaci\u00f3n de las vacantes y la plantilla org\u00e1nica provisionales"},"content":{"rendered":"<ul>\n<li style=\"text-align: justify;\"><a title=\"Orden de 16 de febrero de 2022 de la Consejer\u00eda de Educaci\u00f3n, por la que se publican la plantilla org\u00e1nica y las vacantes provisionales a proveer en el concurso de traslados de los funcionarios de los cuerpos docentes no universitarios convocado por Orden de 21 de octubre de 2021.\" href=\"https:\/\/www.carm.es\/web\/descarga?ARCHIVO=plantilla%20y%20vacantes.pdf&amp;ALIAS=ARCH&amp;IDCONTENIDO=176110&amp;IDTIPO=60&amp;RASTRO=c77$m22725,22759,4254\">Orden de 16 de febrero de 2022 de la Consejer\u00eda de Educaci\u00f3n, por la que se publican la plantilla org\u00e1nica y las vacantes provisionales a proveer en el concurso de traslados de los funcionarios de los cuerpos docentes no universitarios convocado por Orden de 21 de octubre de 2021.<\/a><\/li>\n<\/ul>\n<p style=\"text-align: justify;\">Los interesados disponen de un plazo de diez d\u00edas para presentar alegaciones a la presente Orden, contados a partir del d\u00eda siguiente de su publicaci\u00f3n.<\/p>\n<p>Si deseais informaci\u00f3n sobre alguna vacante que consider\u00e1is que debiera haber sido ofertada y no aparece pod\u00e9is haced llegar vuestra consulta a informaci\u00f3nsidi@sidimurcia.org hasta el 1 de marzo.<\/p>\n<p>&nbsp;<\/p>\n<p>RESUMEN DE LAS VACANTES PROVISIONALES OFERTADAS EN EL CUERPO DE MAESTROS<\/p>\n<table style=\"width: 42.9297%;\">\n<tbody>\n<tr>\n<th style=\"width: 22.5831%; text-align: center; border-style: solid; background-color: #f28383; border-color: #000000;\" width=\"283\">ESPECIALIDADES<\/p>\n<p>MAESTROS<\/th>\n<th style=\"width: 13.3688%; text-align: center; border-style: solid; background-color: #f28383; border-color: #000000;\" width=\"109\">VACANTES<\/p>\n<p>PROVISIONALES<\/th>\n<\/tr>\n<tr>\n<td style=\"width: 22.5831%; background-color: #beeff7; border-style: solid; border-color: #000000;\" width=\"283\">AUDICION Y LENGUAJE<\/td>\n<td style=\"width: 13.3688%; background-color: #beeff7; border-style: solid; border-color: #000000;\" width=\"109\">23<\/td>\n<\/tr>\n<tr>\n<td style=\"width: 22.5831%; background-color: #beeff7; border-style: solid; border-color: #000000;\" width=\"283\">AUDICION Y LENGUAJE EN IES Y EQUIPOS<\/td>\n<td style=\"width: 13.3688%; background-color: #beeff7; border-style: solid; border-color: #000000;\" width=\"109\">9<\/td>\n<\/tr>\n<tr>\n<td style=\"width: 22.5831%; background-color: #beeff7; border-style: solid; border-color: #000000;\" width=\"283\">EDUCACI\u00d3N F\u00cdSICA<\/td>\n<td style=\"width: 13.3688%; background-color: #beeff7; border-style: solid; border-color: #000000;\" width=\"109\">10<\/td>\n<\/tr>\n<tr>\n<td style=\"width: 22.5831%; background-color: #beeff7; border-style: solid; border-color: #000000;\" width=\"283\">EDUCACI\u00d3N F\u00cdSICA\/INGL\u00c9S<\/td>\n<td style=\"width: 13.3688%; background-color: #beeff7; border-style: solid; border-color: #000000;\" width=\"109\">14<\/td>\n<\/tr>\n<tr>\n<td style=\"width: 22.5831%; background-color: #beeff7; border-style: solid; border-color: #000000;\" width=\"283\">FRANC\u00c9S<\/td>\n<td style=\"width: 13.3688%; background-color: #beeff7; border-style: solid; border-color: #000000;\" width=\"109\">26<\/td>\n<\/tr>\n<tr>\n<td style=\"width: 22.5831%; background-color: #beeff7; border-style: solid; border-color: #000000;\" width=\"283\">INFANTIL<\/td>\n<td style=\"width: 13.3688%; background-color: #beeff7; border-style: solid; border-color: #000000;\" width=\"109\">36<\/td>\n<\/tr>\n<tr>\n<td style=\"width: 22.5831%; background-color: #beeff7; border-style: solid; border-color: #000000;\" width=\"283\">INFANTIL\/INGL\u00c9S<\/td>\n<td style=\"width: 13.3688%; background-color: #beeff7; border-style: solid; border-color: #000000;\" width=\"109\">63<\/td>\n<\/tr>\n<tr>\n<td style=\"width: 22.5831%; background-color: #beeff7; border-style: solid; border-color: #000000;\" width=\"283\">INGL\u00c9S<\/td>\n<td style=\"width: 13.3688%; background-color: #beeff7; border-style: solid; border-color: #000000;\" width=\"109\">59<\/td>\n<\/tr>\n<tr>\n<td style=\"width: 22.5831%; background-color: #beeff7; border-style: solid; border-color: #000000;\" width=\"283\">M\u00daSICA<\/td>\n<td style=\"width: 13.3688%; background-color: #beeff7; border-style: solid; border-color: #000000;\" width=\"109\">8<\/td>\n<\/tr>\n<tr>\n<td style=\"width: 22.5831%; background-color: #beeff7; border-style: solid; border-color: #000000;\" width=\"283\">M\u00daSICA\/INGL\u00c9S<\/td>\n<td style=\"width: 13.3688%; background-color: #beeff7; border-style: solid; border-color: #000000;\" width=\"109\">8<\/td>\n<\/tr>\n<tr>\n<td style=\"width: 22.5831%; background-color: #beeff7; border-style: solid; border-color: #000000;\" width=\"283\">PEDAGOG\u00cdA TERAP\u00c9UTICA<\/td>\n<td style=\"width: 13.3688%; background-color: #beeff7; border-style: solid; border-color: #000000;\" width=\"109\">39<\/td>\n<\/tr>\n<tr>\n<td style=\"width: 22.5831%; background-color: #beeff7; border-style: solid; border-color: #000000;\" width=\"283\">PEDAGOG\u00cdA TERAP\u00c9UTICA EN IES<\/td>\n<td style=\"width: 13.3688%; background-color: #beeff7; border-style: solid; border-color: #000000;\" width=\"109\">14<\/td>\n<\/tr>\n<tr>\n<td style=\"width: 22.5831%; background-color: #beeff7; border-style: solid; border-color: #000000;\" width=\"283\">PRIMARIA<\/td>\n<td style=\"width: 13.3688%; background-color: #beeff7; border-style: solid; border-color: #000000;\" width=\"109\">115<\/td>\n<\/tr>\n<tr>\n<td style=\"width: 22.5831%; background-color: #beeff7; border-style: solid; border-color: #000000;\" width=\"283\">PRIMARIA\/INGL\u00c9S<\/td>\n<td style=\"width: 13.3688%; background-color: #beeff7; border-style: solid; border-color: #000000;\" width=\"109\">9<\/td>\n<\/tr>\n<\/tbody>\n<\/table>\n","protected":false},"excerpt":{"rendered":"<p>Orden de 16 de febrero de 2022 de la Consejer\u00eda de Educaci\u00f3n, por la que se publican la plantilla org\u00e1nica &#8230; <a title=\"CONCURSO DE TRASLADOS 2021: Publicaci\u00f3n de las vacantes y la plantilla org\u00e1nica provisionales\" class=\"read-more\" href=\"https:\/\/sidimurcia.org\/index.php\/2022\/02\/22\/concurso-de-traslados-2021-publicacion-de-las-vacantes-y-la-plantilla-organica-provisionales\/\" aria-label=\"Leer m\u00e1s sobre CONCURSO DE TRASLADOS 2021: Publicaci\u00f3n de las vacantes y la plantilla org\u00e1nica provisionales\">Leer mas<\/a><\/p>\n","protected":false},"author":2,"featured_media":0,"comment_status":"closed","ping_status":"closed","sticky":false,"template":"","format":"standard","meta":{"footnotes":""},"categories":[16],"tags":[],"class_list":["post-12102","post","type-post","status-publish","format-standard","hentry","category-concurso-de-traslados"],"yoast_head":"<!-- This site is optimized with the Yoast SEO plugin v27.2 - https:\/\/yoast.com\/product\/yoast-seo-wordpress\/ -->\n<title>CONCURSO DE TRASLADOS 2021: Publicaci\u00f3n de las vacantes y la plantilla org\u00e1nica provisionales - SIDI<\/title>\n<meta name=\"description\" content=\"Sindicato Independiente de Docentes. Funcionarios e Interinos. Afiliaci\u00f3n 1eur\/mes. Defendemos la educaci\u00f3n p\u00fablica.\" \/>\n<meta name=\"robots\" content=\"index, follow, max-snippet:-1, max-image-preview:large, max-video-preview:-1\" \/>\n<link rel=\"canonical\" href=\"https:\/\/sidimurcia.org\/index.php\/2022\/02\/22\/concurso-de-traslados-2021-publicacion-de-las-vacantes-y-la-plantilla-organica-provisionales\/\" \/>\n<meta property=\"og:locale\" content=\"es_ES\" \/>\n<meta property=\"og:type\" content=\"article\" \/>\n<meta property=\"og:title\" content=\"CONCURSO DE TRASLADOS 2021: Publicaci\u00f3n de las vacantes y la plantilla org\u00e1nica provisionales - SIDI\" \/>\n<meta property=\"og:description\" content=\"Sindicato Independiente de Docentes. Funcionarios e Interinos. Afiliaci\u00f3n 1eur\/mes. Defendemos la educaci\u00f3n p\u00fablica.\" \/>\n<meta property=\"og:url\" content=\"https:\/\/sidimurcia.org\/index.php\/2022\/02\/22\/concurso-de-traslados-2021-publicacion-de-las-vacantes-y-la-plantilla-organica-provisionales\/\" \/>\n<meta property=\"og:site_name\" content=\"SIDI\" \/>\n<meta property=\"article:publisher\" content=\"https:\/\/es-es.facebook.com\/sidi.sindicatodedocentes\" \/>\n<meta property=\"article:published_time\" content=\"2022-02-22T07:31:28+00:00\" \/>\n<meta property=\"article:modified_time\" content=\"2022-02-25T07:32:04+00:00\" \/>\n<meta name=\"author\" content=\"Jose Luis Torrente\" \/>\n<meta name=\"twitter:card\" content=\"summary_large_image\" \/>\n<meta name=\"twitter:creator\" content=\"@SIDIMURCIA\" \/>\n<meta name=\"twitter:site\" content=\"@SIDIMURCIA\" \/>\n<meta name=\"twitter:label1\" content=\"Escrito por\" \/>\n\t<meta name=\"twitter:data1\" content=\"Jose Luis Torrente\" \/>\n\t<meta name=\"twitter:label2\" content=\"Tiempo de lectura\" \/>\n\t<meta name=\"twitter:data2\" content=\"1 minuto\" \/>\n<script type=\"application\/ld+json\" class=\"yoast-schema-graph\">{\"@context\":\"https:\/\/schema.org\",\"@graph\":[{\"@type\":\"Article\",\"@id\":\"https:\/\/sidimurcia.org\/index.php\/2022\/02\/22\/concurso-de-traslados-2021-publicacion-de-las-vacantes-y-la-plantilla-organica-provisionales\/#article\",\"isPartOf\":{\"@id\":\"https:\/\/sidimurcia.org\/index.php\/2022\/02\/22\/concurso-de-traslados-2021-publicacion-de-las-vacantes-y-la-plantilla-organica-provisionales\/\"},\"author\":{\"name\":\"Jose Luis Torrente\",\"@id\":\"https:\/\/sidimurcia.org\/#\/schema\/person\/3f3207f88fb267669a31f8f46f76f86c\"},\"headline\":\"CONCURSO DE TRASLADOS 2021: Publicaci\u00f3n de las vacantes y la plantilla org\u00e1nica provisionales\",\"datePublished\":\"2022-02-22T07:31:28+00:00\",\"dateModified\":\"2022-02-25T07:32:04+00:00\",\"mainEntityOfPage\":{\"@id\":\"https:\/\/sidimurcia.org\/index.php\/2022\/02\/22\/concurso-de-traslados-2021-publicacion-de-las-vacantes-y-la-plantilla-organica-provisionales\/\"},\"wordCount\":187,\"publisher\":{\"@id\":\"https:\/\/sidimurcia.org\/#organization\"},\"articleSection\":[\"Concurso de traslados\"],\"inLanguage\":\"es\"},{\"@type\":\"WebPage\",\"@id\":\"https:\/\/sidimurcia.org\/index.php\/2022\/02\/22\/concurso-de-traslados-2021-publicacion-de-las-vacantes-y-la-plantilla-organica-provisionales\/\",\"url\":\"https:\/\/sidimurcia.org\/index.php\/2022\/02\/22\/concurso-de-traslados-2021-publicacion-de-las-vacantes-y-la-plantilla-organica-provisionales\/\",\"name\":\"CONCURSO DE TRASLADOS 2021: Publicaci\u00f3n de las vacantes y la plantilla org\u00e1nica provisionales - SIDI\",\"isPartOf\":{\"@id\":\"https:\/\/sidimurcia.org\/#website\"},\"datePublished\":\"2022-02-22T07:31:28+00:00\",\"dateModified\":\"2022-02-25T07:32:04+00:00\",\"description\":\"Sindicato Independiente de Docentes. Funcionarios e Interinos. Afiliaci\u00f3n 1eur\/mes. Defendemos la educaci\u00f3n p\u00fablica.\",\"breadcrumb\":{\"@id\":\"https:\/\/sidimurcia.org\/index.php\/2022\/02\/22\/concurso-de-traslados-2021-publicacion-de-las-vacantes-y-la-plantilla-organica-provisionales\/#breadcrumb\"},\"inLanguage\":\"es\",\"potentialAction\":[{\"@type\":\"ReadAction\",\"target\":[\"https:\/\/sidimurcia.org\/index.php\/2022\/02\/22\/concurso-de-traslados-2021-publicacion-de-las-vacantes-y-la-plantilla-organica-provisionales\/\"]}]},{\"@type\":\"BreadcrumbList\",\"@id\":\"https:\/\/sidimurcia.org\/index.php\/2022\/02\/22\/concurso-de-traslados-2021-publicacion-de-las-vacantes-y-la-plantilla-organica-provisionales\/#breadcrumb\",\"itemListElement\":[{\"@type\":\"ListItem\",\"position\":1,\"name\":\"Portada\",\"item\":\"https:\/\/sidimurcia.org\/\"},{\"@type\":\"ListItem\",\"position\":2,\"name\":\"CONCURSO DE TRASLADOS 2021: Publicaci\u00f3n de las vacantes y la plantilla org\u00e1nica provisionales\"}]},{\"@type\":\"WebSite\",\"@id\":\"https:\/\/sidimurcia.org\/#website\",\"url\":\"https:\/\/sidimurcia.org\/\",\"name\":\"SIDI\",\"description\":\"Sindicato Independiente de Docentes\",\"publisher\":{\"@id\":\"https:\/\/sidimurcia.org\/#organization\"},\"potentialAction\":[{\"@type\":\"SearchAction\",\"target\":{\"@type\":\"EntryPoint\",\"urlTemplate\":\"https:\/\/sidimurcia.org\/?s={search_term_string}\"},\"query-input\":{\"@type\":\"PropertyValueSpecification\",\"valueRequired\":true,\"valueName\":\"search_term_string\"}}],\"inLanguage\":\"es\"},{\"@type\":\"Organization\",\"@id\":\"https:\/\/sidimurcia.org\/#organization\",\"name\":\"Sindicato Independiente de Docentes - SIDI\",\"url\":\"https:\/\/sidimurcia.org\/\",\"logo\":{\"@type\":\"ImageObject\",\"inLanguage\":\"es\",\"@id\":\"https:\/\/sidimurcia.org\/#\/schema\/logo\/image\/\",\"url\":\"https:\/\/sidimurcia.org\/wp-content\/uploads\/cropped-PARAPESTANAWEB-1.jpg\",\"contentUrl\":\"https:\/\/sidimurcia.org\/wp-content\/uploads\/cropped-PARAPESTANAWEB-1.jpg\",\"width\":512,\"height\":512,\"caption\":\"Sindicato Independiente de Docentes - SIDI\"},\"image\":{\"@id\":\"https:\/\/sidimurcia.org\/#\/schema\/logo\/image\/\"},\"sameAs\":[\"https:\/\/es-es.facebook.com\/sidi.sindicatodedocentes\",\"https:\/\/x.com\/SIDIMURCIA\",\"https:\/\/www.instagram.com\/sidi_murcia\/\",\"https:\/\/www.youtube.com\/channel\/UCwwdL3uFtDKJdbOfmC70wIQ\"]},{\"@type\":\"Person\",\"@id\":\"https:\/\/sidimurcia.org\/#\/schema\/person\/3f3207f88fb267669a31f8f46f76f86c\",\"name\":\"Jose Luis Torrente\",\"image\":{\"@type\":\"ImageObject\",\"inLanguage\":\"es\",\"@id\":\"https:\/\/secure.gravatar.com\/avatar\/8ac4c0d28cf03f62a37681e633afaf3faec3a7bd495cdfb9b6a7ec6cf281b29c?s=96&d=mm&r=g\",\"url\":\"https:\/\/secure.gravatar.com\/avatar\/8ac4c0d28cf03f62a37681e633afaf3faec3a7bd495cdfb9b6a7ec6cf281b29c?s=96&d=mm&r=g\",\"contentUrl\":\"https:\/\/secure.gravatar.com\/avatar\/8ac4c0d28cf03f62a37681e633afaf3faec3a7bd495cdfb9b6a7ec6cf281b29c?s=96&d=mm&r=g\",\"caption\":\"Jose Luis Torrente\"},\"url\":\"https:\/\/sidimurcia.org\/index.php\/author\/joseltorrente\/\"}]}<\/script>\n<!-- \/ Yoast SEO plugin. -->","yoast_head_json":{"title":"CONCURSO DE TRASLADOS 2021: Publicaci\u00f3n de las vacantes y la plantilla org\u00e1nica provisionales - SIDI","description":"Sindicato Independiente de Docentes. Funcionarios e Interinos. Afiliaci\u00f3n 1eur\/mes. Defendemos la educaci\u00f3n p\u00fablica.","robots":{"index":"index","follow":"follow","max-snippet":"max-snippet:-1","max-image-preview":"max-image-preview:large","max-video-preview":"max-video-preview:-1"},"canonical":"https:\/\/sidimurcia.org\/index.php\/2022\/02\/22\/concurso-de-traslados-2021-publicacion-de-las-vacantes-y-la-plantilla-organica-provisionales\/","og_locale":"es_ES","og_type":"article","og_title":"CONCURSO DE TRASLADOS 2021: Publicaci\u00f3n de las vacantes y la plantilla org\u00e1nica provisionales - SIDI","og_description":"Sindicato Independiente de Docentes. Funcionarios e Interinos. Afiliaci\u00f3n 1eur\/mes. Defendemos la educaci\u00f3n p\u00fablica.","og_url":"https:\/\/sidimurcia.org\/index.php\/2022\/02\/22\/concurso-de-traslados-2021-publicacion-de-las-vacantes-y-la-plantilla-organica-provisionales\/","og_site_name":"SIDI","article_publisher":"https:\/\/es-es.facebook.com\/sidi.sindicatodedocentes","article_published_time":"2022-02-22T07:31:28+00:00","article_modified_time":"2022-02-25T07:32:04+00:00","author":"Jose Luis Torrente","twitter_card":"summary_large_image","twitter_creator":"@SIDIMURCIA","twitter_site":"@SIDIMURCIA","twitter_misc":{"Escrito por":"Jose Luis Torrente","Tiempo de lectura":"1 minuto"},"schema":{"@context":"https:\/\/schema.org","@graph":[{"@type":"Article","@id":"https:\/\/sidimurcia.org\/index.php\/2022\/02\/22\/concurso-de-traslados-2021-publicacion-de-las-vacantes-y-la-plantilla-organica-provisionales\/#article","isPartOf":{"@id":"https:\/\/sidimurcia.org\/index.php\/2022\/02\/22\/concurso-de-traslados-2021-publicacion-de-las-vacantes-y-la-plantilla-organica-provisionales\/"},"author":{"name":"Jose Luis Torrente","@id":"https:\/\/sidimurcia.org\/#\/schema\/person\/3f3207f88fb267669a31f8f46f76f86c"},"headline":"CONCURSO DE TRASLADOS 2021: Publicaci\u00f3n de las vacantes y la plantilla org\u00e1nica provisionales","datePublished":"2022-02-22T07:31:28+00:00","dateModified":"2022-02-25T07:32:04+00:00","mainEntityOfPage":{"@id":"https:\/\/sidimurcia.org\/index.php\/2022\/02\/22\/concurso-de-traslados-2021-publicacion-de-las-vacantes-y-la-plantilla-organica-provisionales\/"},"wordCount":187,"publisher":{"@id":"https:\/\/sidimurcia.org\/#organization"},"articleSection":["Concurso de traslados"],"inLanguage":"es"},{"@type":"WebPage","@id":"https:\/\/sidimurcia.org\/index.php\/2022\/02\/22\/concurso-de-traslados-2021-publicacion-de-las-vacantes-y-la-plantilla-organica-provisionales\/","url":"https:\/\/sidimurcia.org\/index.php\/2022\/02\/22\/concurso-de-traslados-2021-publicacion-de-las-vacantes-y-la-plantilla-organica-provisionales\/","name":"CONCURSO DE TRASLADOS 2021: Publicaci\u00f3n de las vacantes y la plantilla org\u00e1nica provisionales - SIDI","isPartOf":{"@id":"https:\/\/sidimurcia.org\/#website"},"datePublished":"2022-02-22T07:31:28+00:00","dateModified":"2022-02-25T07:32:04+00:00","description":"Sindicato Independiente de Docentes. Funcionarios e Interinos. Afiliaci\u00f3n 1eur\/mes. Defendemos la educaci\u00f3n p\u00fablica.","breadcrumb":{"@id":"https:\/\/sidimurcia.org\/index.php\/2022\/02\/22\/concurso-de-traslados-2021-publicacion-de-las-vacantes-y-la-plantilla-organica-provisionales\/#breadcrumb"},"inLanguage":"es","potentialAction":[{"@type":"ReadAction","target":["https:\/\/sidimurcia.org\/index.php\/2022\/02\/22\/concurso-de-traslados-2021-publicacion-de-las-vacantes-y-la-plantilla-organica-provisionales\/"]}]},{"@type":"BreadcrumbList","@id":"https:\/\/sidimurcia.org\/index.php\/2022\/02\/22\/concurso-de-traslados-2021-publicacion-de-las-vacantes-y-la-plantilla-organica-provisionales\/#breadcrumb","itemListElement":[{"@type":"ListItem","position":1,"name":"Portada","item":"https:\/\/sidimurcia.org\/"},{"@type":"ListItem","position":2,"name":"CONCURSO DE TRASLADOS 2021: Publicaci\u00f3n de las vacantes y la plantilla org\u00e1nica provisionales"}]},{"@type":"WebSite","@id":"https:\/\/sidimurcia.org\/#website","url":"https:\/\/sidimurcia.org\/","name":"SIDI","description":"Sindicato Independiente de Docentes","publisher":{"@id":"https:\/\/sidimurcia.org\/#organization"},"potentialAction":[{"@type":"SearchAction","target":{"@type":"EntryPoint","urlTemplate":"https:\/\/sidimurcia.org\/?s={search_term_string}"},"query-input":{"@type":"PropertyValueSpecification","valueRequired":true,"valueName":"search_term_string"}}],"inLanguage":"es"},{"@type":"Organization","@id":"https:\/\/sidimurcia.org\/#organization","name":"Sindicato Independiente de Docentes - SIDI","url":"https:\/\/sidimurcia.org\/","logo":{"@type":"ImageObject","inLanguage":"es","@id":"https:\/\/sidimurcia.org\/#\/schema\/logo\/image\/","url":"https:\/\/sidimurcia.org\/wp-content\/uploads\/cropped-PARAPESTANAWEB-1.jpg","contentUrl":"https:\/\/sidimurcia.org\/wp-content\/uploads\/cropped-PARAPESTANAWEB-1.jpg","width":512,"height":512,"caption":"Sindicato Independiente de Docentes - SIDI"},"image":{"@id":"https:\/\/sidimurcia.org\/#\/schema\/logo\/image\/"},"sameAs":["https:\/\/es-es.facebook.com\/sidi.sindicatodedocentes","https:\/\/x.com\/SIDIMURCIA","https:\/\/www.instagram.com\/sidi_murcia\/","https:\/\/www.youtube.com\/channel\/UCwwdL3uFtDKJdbOfmC70wIQ"]},{"@type":"Person","@id":"https:\/\/sidimurcia.org\/#\/schema\/person\/3f3207f88fb267669a31f8f46f76f86c","name":"Jose Luis Torrente","image":{"@type":"ImageObject","inLanguage":"es","@id":"https:\/\/secure.gravatar.com\/avatar\/8ac4c0d28cf03f62a37681e633afaf3faec3a7bd495cdfb9b6a7ec6cf281b29c?s=96&d=mm&r=g","url":"https:\/\/secure.gravatar.com\/avatar\/8ac4c0d28cf03f62a37681e633afaf3faec3a7bd495cdfb9b6a7ec6cf281b29c?s=96&d=mm&r=g","contentUrl":"https:\/\/secure.gravatar.com\/avatar\/8ac4c0d28cf03f62a37681e633afaf3faec3a7bd495cdfb9b6a7ec6cf281b29c?s=96&d=mm&r=g","caption":"Jose Luis Torrente"},"url":"https:\/\/sidimurcia.org\/index.php\/author\/joseltorrente\/"}]}},"_links":{"self":[{"href":"https:\/\/sidimurcia.org\/index.php\/wp-json\/wp\/v2\/posts\/12102","targetHints":{"allow":["GET"]}}],"collection":[{"href":"https:\/\/sidimurcia.org\/index.php\/wp-json\/wp\/v2\/posts"}],"about":[{"href":"https:\/\/sidimurcia.org\/index.php\/wp-json\/wp\/v2\/types\/post"}],"author":[{"embeddable":true,"href":"https:\/\/sidimurcia.org\/index.php\/wp-json\/wp\/v2\/users\/2"}],"replies":[{"embeddable":true,"href":"https:\/\/sidimurcia.org\/index.php\/wp-json\/wp\/v2\/comments?post=12102"}],"version-history":[{"count":0,"href":"https:\/\/sidimurcia.org\/index.php\/wp-json\/wp\/v2\/posts\/12102\/revisions"}],"wp:attachment":[{"href":"https:\/\/sidimurcia.org\/index.php\/wp-json\/wp\/v2\/media?parent=12102"}],"wp:term":[{"taxonomy":"category","embeddable":true,"href":"https:\/\/sidimurcia.org\/index.php\/wp-json\/wp\/v2\/categories?post=12102"},{"taxonomy":"post_tag","embeddable":true,"href":"https:\/\/sidimurcia.org\/index.php\/wp-json\/wp\/v2\/tags?post=12102"}],"curies":[{"name":"wp","href":"https:\/\/api.w.org\/{rel}","templated":true}]}}