{"id":12153,"date":"2022-02-28T07:08:29","date_gmt":"2022-02-28T07:08:29","guid":{"rendered":"https:\/\/sidimurcia.org\/?p=12153"},"modified":"2022-06-06T12:21:40","modified_gmt":"2022-06-06T12:21:40","slug":"oposiciones-2022-convocatoria-de-oposiciones-de-maestros","status":"publish","type":"post","link":"https:\/\/sidimurcia.org\/index.php\/2022\/02\/28\/oposiciones-2022-convocatoria-de-oposiciones-de-maestros\/","title":{"rendered":"OPOSICIONES 2022 \u2013 Convocatoria de oposiciones al Cuerpo de Maestros en la Regi\u00f3n de Murcia."},"content":{"rendered":"<ul>\n<li style=\"text-align: justify;\"><a href=\"https:\/\/www.borm.es\/services\/anuncio\/ano\/2022\/numero\/860\/pdf?id=799896\">Orden de 24 de febrero de 2022, por la que se convocan procedimientos selectivos para el ingreso en el Cuerpo de Maestros y la adquisici\u00f3n de nuevas especialidades para funcionarios de carrera del mismo cuerpo, a celebrar en el a\u00f1o 2022, y la elaboraci\u00f3n de la lista de interinos para el curso 2022-2023.\u00a0<\/a>\n<ul>\n<li><a class=\"enlaceMarron\" title=\"Correcci\u00f3n de errores de la Orden de 24 de febrero de 2022, por la que se convocan procedimientos selectivos para el ingreso en el Cuerpo de Maestros y la adquisici\u00f3n de nuevas especialidades para funcionarios de carrera del mismo cuerpo, a celebrar en el a\u00f1o 2022, y la elaboraci\u00f3n de la lista de interinos para el curso 2022-2023\" href=\"http:\/\/servicios.educarm.es\/templates\/portal\/ficheros\/websDinamicas\/45\/924 Correc de la convocatoria BORM 3-3-22.pdf\" target=\"_blank\" rel=\"noopener\">Correcci\u00f3n de errores de la Orden de 24 de febrero de 2022, por la que se convocan procedimientos selectivos para el ingreso en el Cuerpo de Maestros y la adquisici\u00f3n de nuevas especialidades para funcionarios de carrera del mismo cuerpo, a celebrar en el a\u00f1o 2022, y la elaboraci\u00f3n de la lista de interinos para el curso 2022-2023<\/a><\/li>\n<\/ul>\n<\/li>\n<\/ul>\n<p style=\"text-align: center;\"><strong><span style=\"color: #800080;\">Plazo de presentaci\u00f3n de solicitudes: Comenzar\u00e1 el <span style=\"font-size: large;\"><b>d\u00eda 1 de marzo y finalizar\u00e1 el 22 de marzo a las 13:00 horas. <\/b><\/span><\/span><br \/>\n<\/strong><\/p>\n<p><strong>ORDEN DE BASES:<\/strong><\/p>\n<ul>\n<li><a href=\"https:\/\/sidimurcia.org\/index.php\/2019\/02\/14\/orden-12-02-19-bases-de-procedimientos-selectivos-para-ingreso-a-nuevas-especialidades-docentes-carm\/\">Orden 12\/02\/19 Bases de Procedimientos Selectivos para ingreso a nuevas Especialidades Docentes CARM<\/a><\/li>\n<\/ul>\n<ul>\n<li style=\"list-style-type: none;\"><\/li>\n<\/ul>\n<p><strong>INSTANCIA ON LINE (desde 1 de marzo)<\/strong>-&gt; <a href=\"https:\/\/apliedu.murciaeduca.es\/educacionTOL\/convocatorias\/190210.ctrl;jsessionid=A127803FF597176280D3A54A4ADA77F4.vm-jboss5-pro3\" name=\"convocatoria\"><\/a><a href=\"https:\/\/sede.carm.es\/web\/pagina?IDCONTENIDO=843&amp;IDTIPO=240&amp;RASTRO=c$m40288\">ENLACE SEDE ELECTR\u00d3NICA CARM PROCEDIMIENTO 843 &#8211; Oposiciones Maestros<\/a><\/p>\n<p><strong>INCIDENCIAS:<\/strong> Servicio de Planificaci\u00f3n y Provisi\u00f3n de Efectivos: soporte.educacion@murciaeduca.es en asunto poner Procedimiento 843<\/p>\n<ul>\n<li><a href=\"https:\/\/sidimurcia.org\/index.php\/certificados-digitales\/\">EN ESTE ENLACE DISPONES DE INFORMACI\u00d3N SOBRE LOS CERTIFICADOS DIGITALES Y DE COMO REALIZAR PRESENTACIONES EN LA SEDE ELECTR\u00d3NICA DE LA CARM.<\/a><\/li>\n<\/ul>\n<p style=\"text-align: justify;\"><strong>Solicitudes<\/strong><\/p>\n<p style=\"text-align: justify;\">1. La solicitud de participaci\u00f3n estar\u00e1 disponible en la sede electr\u00f3nica de la Comunidad Aut\u00f3noma de la Regi\u00f3n de Murcia (http:\/\/sede.carm.es) con el n\u00famero de procedimiento 843. El acceso y la posterior firma y presentaci\u00f3n (n\u00famero y fecha de registro) electr\u00f3nicas de la solicitud correspondiente se realizar\u00e1 con los medios habilitados para garantizar la identidad un\u00edvoca de los participantes. Cada solicitud deber\u00e1 cumplimentarse \u00fanicamente por medios telem\u00e1ticos.<br \/>\nLa no cumplimentaci\u00f3n de la solicitud de conformidad con lo indicado anteriormente ser\u00e1 motivo de exclusi\u00f3n no subsanable<\/p>\n<p style=\"text-align: justify;\"><strong>Firma electr\u00f3nica de las solicitudes<\/strong><\/p>\n<p style=\"text-align: justify;\">1 . Una vez cumplimentado el formulario, es te deber\u00e1 firmarse electr\u00f3nicamente. Los solicitantes podr\u00e1n firmar electr\u00f3nicamente su solicitud de las siguientes maneras:<br \/>\na) Los aspirantes que est\u00e9n registrados en el sistema \u201cCl@ve\u201d de identidad electr\u00f3nica para las administraciones podr\u00e1n firmar electr\u00f3nicamente utilizando el c\u00f3digo proporcionado por dicho sistema. A estos efectos se podr\u00e1 consultar el modo de registro y funcionamiento de esta clave en la p\u00e1gina web clave.gob.es.<br \/>\nb) Quien est\u00e9 en posesi\u00f3n de un certificado digital de usuario podr\u00e1 firmar electr\u00f3nicamente su solicitud. Ser\u00e1n certificados v\u00e1lidos para la firma los emitidos por alguna de las entidades certificadoras reconocidas por la Comunidad Aut\u00f3noma de la Regi\u00f3n de Murcia que se pueden consultar en https:\/\/sede.carm.es\/eAweb\/publico\/certificados\/CertificadosController.jpf, entre los que se encuentran el de la F\u00e1brica Nacional de Moneda y Timbre (FNMT) y el certificado de autenticaci\u00f3n y firma electr\u00f3nica incluido en el chip del DNI o Documento Nacional de Identidad Electr\u00f3nico.<br \/>\nc) Aquellos aspirantes que formen parte de las listas de interinidad de la Comunidad Aut\u00f3noma de la Regi\u00f3n de Murcia y hayan prestado servicios en centros p\u00fablicos como interinos en la misma podr\u00e1n utilizar para la firma el sistema de firma con informaci\u00f3n conocida por ambas partes (usuario y contrase\u00f1a de educarm).<\/p>\n<p>&nbsp;<\/p>\n<p><strong>INFORMACI\u00d3N DE INTER\u00c9S:<\/strong><\/p>\n<p><span style=\"color: #ff0000;\"><strong> Las pruebas de oposici\u00f3n al cuerpo de Maestros comenzar\u00e1n el 18 de junio<\/strong><\/span><\/p>\n<ul>\n<li><a href=\"https:\/\/www.carm.es\/web\/pagina?IDCONTENIDO=71076&amp;IDTIPO=100&amp;RASTRO=c798$m3977,71071,71074\">Respuestas a preguntas frecuentes CARM<\/a><\/li>\n<li><a href=\"https:\/\/drive.google.com\/file\/d\/1LR_Xy01bS6lcQCMOw9cwNYY5GB1qRnhd\/view?usp=sharing\">Gu\u00eda para oposiciones 2022 \u2013 SIDI<\/a><\/li>\n<li><a href=\"https:\/\/sidimurcia.org\/wp-content\/uploads\/baremo-opo-2022.pdf\">ANEXO II (Orden de Bases)\u2013 BAREMO PARA LA VALORACI\u00d3N DE M\u00c9RITOS PARA EL INGRESO EN LOS CUERPOS DOCENTES DE ENSE\u00d1ANZA NO UNIVERSITARIA (Actualizado en 2022)<\/a><\/li>\n<li><img loading=\"lazy\" decoding=\"async\" src=\"https:\/\/sp-ao.shortpixel.ai\/client\/to_webp,q_glossy,ret_img,w_27,h_24\/https:\/\/sidimurcia.org\/wp-content\/uploads\/2019\/10\/logoword.png\" alt=\"\" width=\"27\" height=\"24\" \/>\u00a0<a href=\"https:\/\/sidimurcia.org\/wp-content\/uploads\/ANEXOVI-MODELO-DE-CERTIFICADO-DE-SERVICIOS-EN-CENTROS-PRIVADOS.docx\">ANEXO VI \u2013 MODELO-DE-CERTIFICADO-DE-SERVICIOS-EN-CENTROS-PRIVADOS<\/a><\/li>\n<li><img loading=\"lazy\" decoding=\"async\" src=\"https:\/\/sp-ao.shortpixel.ai\/client\/to_webp,q_glossy,ret_img,w_27,h_24\/https:\/\/sidimurcia.org\/wp-content\/uploads\/2019\/10\/logoword.png\" alt=\"\" width=\"27\" height=\"24\" \/> <a href=\"https:\/\/sidimurcia.org\/wp-content\/uploads\/ANEXO-V-HOJA-BAREMACION-MERITOS.docx\">ANEXO V &#8211; FICHA DE SOLICITUD DE BAREMACI\u00d3N<\/a><\/li>\n<\/ul>\n<p><strong>NUEVAS LISTAS DE INTERINOS:<\/strong><\/p>\n<p style=\"text-align: justify;\"><strong><em>Es requisito para estar en lista de interinos si no se est\u00e1 en el actual BLOQUE I, o no se tiene oposici\u00f3n aprobada desde el a\u00f1o 2000 en adelante el \u00abpresentarse efectivamente al primer ejercicio de la fase de oposici\u00f3n del presente procedimiento (Parte A de la Primera Prueba)\u201d.<\/em><\/strong><\/p>\n<p style=\"text-align: justify;\">Tercero.- Nuevas listas.<br \/>\nAl t\u00e9rmino de cada procedimiento selectivo celebrado en la Regi\u00f3n de Murcia se elaborar\u00e1n nuevas listas de los cuerpos y especialidades concernidos. Ser\u00e1n integrantes de las listas todas aquellas personas que formulen instancia de participaci\u00f3n en cada proceso selectivo y que no resulten seleccionadas, siempre que puedan alegar alguna nota de oposici\u00f3n que permita ordenarlas seg\u00fan lo previsto en el apartado quinto. La lista de maestros ser\u00e1 \u00fanica y figurar\u00e1n en la misma todas las habilitaciones de sus integrantes.<br \/>\n<strong>Los integrantes del bloque I<\/strong> de listas preconfiguradas por bloques que no participen en el procedimiento selectivo<strong> no tendr\u00e1n que formular ninguna instancia para permanecer en las mismas listas y especialidades<\/strong><\/p>\n","protected":false},"excerpt":{"rendered":"<p>Orden de 24 de febrero de 2022, por la que se convocan procedimientos selectivos para el ingreso en el Cuerpo &#8230; <a title=\"OPOSICIONES 2022 \u2013 Convocatoria de oposiciones al Cuerpo de Maestros en la Regi\u00f3n de Murcia.\" class=\"read-more\" href=\"https:\/\/sidimurcia.org\/index.php\/2022\/02\/28\/oposiciones-2022-convocatoria-de-oposiciones-de-maestros\/\" aria-label=\"Leer m\u00e1s sobre OPOSICIONES 2022 \u2013 Convocatoria de oposiciones al Cuerpo de Maestros en la Regi\u00f3n de Murcia.\">Leer mas<\/a><\/p>\n","protected":false},"author":3,"featured_media":0,"comment_status":"closed","ping_status":"closed","sticky":false,"template":"","format":"standard","meta":{"footnotes":""},"categories":[43,87],"tags":[],"class_list":["post-12153","post","type-post","status-publish","format-standard","hentry","category-oposiciones","category-oposiciones-2022"],"yoast_head":"<!-- This site is optimized with the Yoast SEO plugin v27.2 - https:\/\/yoast.com\/product\/yoast-seo-wordpress\/ -->\n<title>OPOSICIONES 2022 \u2013 Convocatoria de oposiciones al Cuerpo de Maestros en la Regi\u00f3n de Murcia. - SIDI<\/title>\n<meta name=\"description\" content=\"Sindicato Independiente de Docentes. Funcionarios e Interinos. Afiliaci\u00f3n 1eur\/mes. Defendemos la educaci\u00f3n p\u00fablica.\" \/>\n<meta name=\"robots\" content=\"index, follow, max-snippet:-1, max-image-preview:large, max-video-preview:-1\" \/>\n<link rel=\"canonical\" href=\"https:\/\/sidimurcia.org\/index.php\/2022\/02\/28\/oposiciones-2022-convocatoria-de-oposiciones-de-maestros\/\" \/>\n<meta property=\"og:locale\" content=\"es_ES\" \/>\n<meta property=\"og:type\" content=\"article\" \/>\n<meta property=\"og:title\" content=\"OPOSICIONES 2022 \u2013 Convocatoria de oposiciones al Cuerpo de Maestros en la Regi\u00f3n de Murcia. - SIDI\" \/>\n<meta property=\"og:description\" content=\"Sindicato Independiente de Docentes. Funcionarios e Interinos. Afiliaci\u00f3n 1eur\/mes. Defendemos la educaci\u00f3n p\u00fablica.\" \/>\n<meta property=\"og:url\" content=\"https:\/\/sidimurcia.org\/index.php\/2022\/02\/28\/oposiciones-2022-convocatoria-de-oposiciones-de-maestros\/\" \/>\n<meta property=\"og:site_name\" content=\"SIDI\" \/>\n<meta property=\"article:publisher\" content=\"https:\/\/es-es.facebook.com\/sidi.sindicatodedocentes\" \/>\n<meta property=\"article:published_time\" content=\"2022-02-28T07:08:29+00:00\" \/>\n<meta property=\"article:modified_time\" content=\"2022-06-06T12:21:40+00:00\" \/>\n<meta property=\"og:image\" content=\"https:\/\/sp-ao.shortpixel.ai\/client\/to_webp,q_glossy,ret_img,w_27,h_24\/https:\/\/sidimurcia.org\/wp-content\/uploads\/2019\/10\/logoword.png\" \/>\n<meta name=\"author\" content=\"Chema\" \/>\n<meta name=\"twitter:card\" content=\"summary_large_image\" \/>\n<meta name=\"twitter:creator\" content=\"@SIDIMURCIA\" \/>\n<meta name=\"twitter:site\" content=\"@SIDIMURCIA\" \/>\n<meta name=\"twitter:label1\" content=\"Escrito por\" \/>\n\t<meta name=\"twitter:data1\" content=\"Chema\" \/>\n\t<meta name=\"twitter:label2\" content=\"Tiempo de lectura\" \/>\n\t<meta name=\"twitter:data2\" content=\"4 minutos\" \/>\n<script type=\"application\/ld+json\" class=\"yoast-schema-graph\">{\"@context\":\"https:\/\/schema.org\",\"@graph\":[{\"@type\":\"Article\",\"@id\":\"https:\/\/sidimurcia.org\/index.php\/2022\/02\/28\/oposiciones-2022-convocatoria-de-oposiciones-de-maestros\/#article\",\"isPartOf\":{\"@id\":\"https:\/\/sidimurcia.org\/index.php\/2022\/02\/28\/oposiciones-2022-convocatoria-de-oposiciones-de-maestros\/\"},\"author\":{\"name\":\"Chema\",\"@id\":\"https:\/\/sidimurcia.org\/#\/schema\/person\/8a9f1b45768a9c5d6a33988310dcf460\"},\"headline\":\"OPOSICIONES 2022 \u2013 Convocatoria de oposiciones al Cuerpo de Maestros en la Regi\u00f3n de Murcia.\",\"datePublished\":\"2022-02-28T07:08:29+00:00\",\"dateModified\":\"2022-06-06T12:21:40+00:00\",\"mainEntityOfPage\":{\"@id\":\"https:\/\/sidimurcia.org\/index.php\/2022\/02\/28\/oposiciones-2022-convocatoria-de-oposiciones-de-maestros\/\"},\"wordCount\":808,\"publisher\":{\"@id\":\"https:\/\/sidimurcia.org\/#organization\"},\"image\":{\"@id\":\"https:\/\/sidimurcia.org\/index.php\/2022\/02\/28\/oposiciones-2022-convocatoria-de-oposiciones-de-maestros\/#primaryimage\"},\"thumbnailUrl\":\"https:\/\/sp-ao.shortpixel.ai\/client\/to_webp,q_glossy,ret_img,w_27,h_24\/https:\/\/sidimurcia.org\/wp-content\/uploads\/2019\/10\/logoword.png\",\"articleSection\":[\"Oposiciones\",\"Oposiciones 2022\"],\"inLanguage\":\"es\"},{\"@type\":\"WebPage\",\"@id\":\"https:\/\/sidimurcia.org\/index.php\/2022\/02\/28\/oposiciones-2022-convocatoria-de-oposiciones-de-maestros\/\",\"url\":\"https:\/\/sidimurcia.org\/index.php\/2022\/02\/28\/oposiciones-2022-convocatoria-de-oposiciones-de-maestros\/\",\"name\":\"OPOSICIONES 2022 \u2013 Convocatoria de oposiciones al Cuerpo de Maestros en la Regi\u00f3n de Murcia. - SIDI\",\"isPartOf\":{\"@id\":\"https:\/\/sidimurcia.org\/#website\"},\"primaryImageOfPage\":{\"@id\":\"https:\/\/sidimurcia.org\/index.php\/2022\/02\/28\/oposiciones-2022-convocatoria-de-oposiciones-de-maestros\/#primaryimage\"},\"image\":{\"@id\":\"https:\/\/sidimurcia.org\/index.php\/2022\/02\/28\/oposiciones-2022-convocatoria-de-oposiciones-de-maestros\/#primaryimage\"},\"thumbnailUrl\":\"https:\/\/sp-ao.shortpixel.ai\/client\/to_webp,q_glossy,ret_img,w_27,h_24\/https:\/\/sidimurcia.org\/wp-content\/uploads\/2019\/10\/logoword.png\",\"datePublished\":\"2022-02-28T07:08:29+00:00\",\"dateModified\":\"2022-06-06T12:21:40+00:00\",\"description\":\"Sindicato Independiente de Docentes. Funcionarios e Interinos. Afiliaci\u00f3n 1eur\/mes. Defendemos la educaci\u00f3n p\u00fablica.\",\"breadcrumb\":{\"@id\":\"https:\/\/sidimurcia.org\/index.php\/2022\/02\/28\/oposiciones-2022-convocatoria-de-oposiciones-de-maestros\/#breadcrumb\"},\"inLanguage\":\"es\",\"potentialAction\":[{\"@type\":\"ReadAction\",\"target\":[\"https:\/\/sidimurcia.org\/index.php\/2022\/02\/28\/oposiciones-2022-convocatoria-de-oposiciones-de-maestros\/\"]}]},{\"@type\":\"ImageObject\",\"inLanguage\":\"es\",\"@id\":\"https:\/\/sidimurcia.org\/index.php\/2022\/02\/28\/oposiciones-2022-convocatoria-de-oposiciones-de-maestros\/#primaryimage\",\"url\":\"https:\/\/sp-ao.shortpixel.ai\/client\/to_webp,q_glossy,ret_img,w_27,h_24\/https:\/\/sidimurcia.org\/wp-content\/uploads\/2019\/10\/logoword.png\",\"contentUrl\":\"https:\/\/sp-ao.shortpixel.ai\/client\/to_webp,q_glossy,ret_img,w_27,h_24\/https:\/\/sidimurcia.org\/wp-content\/uploads\/2019\/10\/logoword.png\"},{\"@type\":\"BreadcrumbList\",\"@id\":\"https:\/\/sidimurcia.org\/index.php\/2022\/02\/28\/oposiciones-2022-convocatoria-de-oposiciones-de-maestros\/#breadcrumb\",\"itemListElement\":[{\"@type\":\"ListItem\",\"position\":1,\"name\":\"Portada\",\"item\":\"https:\/\/sidimurcia.org\/\"},{\"@type\":\"ListItem\",\"position\":2,\"name\":\"OPOSICIONES 2022 \u2013 Convocatoria de oposiciones al Cuerpo de Maestros en la Regi\u00f3n de Murcia.\"}]},{\"@type\":\"WebSite\",\"@id\":\"https:\/\/sidimurcia.org\/#website\",\"url\":\"https:\/\/sidimurcia.org\/\",\"name\":\"SIDI\",\"description\":\"Sindicato Independiente de Docentes\",\"publisher\":{\"@id\":\"https:\/\/sidimurcia.org\/#organization\"},\"potentialAction\":[{\"@type\":\"SearchAction\",\"target\":{\"@type\":\"EntryPoint\",\"urlTemplate\":\"https:\/\/sidimurcia.org\/?s={search_term_string}\"},\"query-input\":{\"@type\":\"PropertyValueSpecification\",\"valueRequired\":true,\"valueName\":\"search_term_string\"}}],\"inLanguage\":\"es\"},{\"@type\":\"Organization\",\"@id\":\"https:\/\/sidimurcia.org\/#organization\",\"name\":\"Sindicato Independiente de Docentes - SIDI\",\"url\":\"https:\/\/sidimurcia.org\/\",\"logo\":{\"@type\":\"ImageObject\",\"inLanguage\":\"es\",\"@id\":\"https:\/\/sidimurcia.org\/#\/schema\/logo\/image\/\",\"url\":\"https:\/\/sidimurcia.org\/wp-content\/uploads\/cropped-PARAPESTANAWEB-1.jpg\",\"contentUrl\":\"https:\/\/sidimurcia.org\/wp-content\/uploads\/cropped-PARAPESTANAWEB-1.jpg\",\"width\":512,\"height\":512,\"caption\":\"Sindicato Independiente de Docentes - SIDI\"},\"image\":{\"@id\":\"https:\/\/sidimurcia.org\/#\/schema\/logo\/image\/\"},\"sameAs\":[\"https:\/\/es-es.facebook.com\/sidi.sindicatodedocentes\",\"https:\/\/x.com\/SIDIMURCIA\",\"https:\/\/www.instagram.com\/sidi_murcia\/\",\"https:\/\/www.youtube.com\/channel\/UCwwdL3uFtDKJdbOfmC70wIQ\"]},{\"@type\":\"Person\",\"@id\":\"https:\/\/sidimurcia.org\/#\/schema\/person\/8a9f1b45768a9c5d6a33988310dcf460\",\"name\":\"Chema\",\"image\":{\"@type\":\"ImageObject\",\"inLanguage\":\"es\",\"@id\":\"https:\/\/secure.gravatar.com\/avatar\/f2a40613aad4815a3895a310125bb3bd29d16a11e1d1772c602cf60a0d0d1e95?s=96&d=mm&r=g\",\"url\":\"https:\/\/secure.gravatar.com\/avatar\/f2a40613aad4815a3895a310125bb3bd29d16a11e1d1772c602cf60a0d0d1e95?s=96&d=mm&r=g\",\"contentUrl\":\"https:\/\/secure.gravatar.com\/avatar\/f2a40613aad4815a3895a310125bb3bd29d16a11e1d1772c602cf60a0d0d1e95?s=96&d=mm&r=g\",\"caption\":\"Chema\"},\"url\":\"https:\/\/sidimurcia.org\/index.php\/author\/josemgonzalez\/\"}]}<\/script>\n<!-- \/ Yoast SEO plugin. -->","yoast_head_json":{"title":"OPOSICIONES 2022 \u2013 Convocatoria de oposiciones al Cuerpo de Maestros en la Regi\u00f3n de Murcia. - SIDI","description":"Sindicato Independiente de Docentes. Funcionarios e Interinos. Afiliaci\u00f3n 1eur\/mes. Defendemos la educaci\u00f3n p\u00fablica.","robots":{"index":"index","follow":"follow","max-snippet":"max-snippet:-1","max-image-preview":"max-image-preview:large","max-video-preview":"max-video-preview:-1"},"canonical":"https:\/\/sidimurcia.org\/index.php\/2022\/02\/28\/oposiciones-2022-convocatoria-de-oposiciones-de-maestros\/","og_locale":"es_ES","og_type":"article","og_title":"OPOSICIONES 2022 \u2013 Convocatoria de oposiciones al Cuerpo de Maestros en la Regi\u00f3n de Murcia. - SIDI","og_description":"Sindicato Independiente de Docentes. Funcionarios e Interinos. Afiliaci\u00f3n 1eur\/mes. Defendemos la educaci\u00f3n p\u00fablica.","og_url":"https:\/\/sidimurcia.org\/index.php\/2022\/02\/28\/oposiciones-2022-convocatoria-de-oposiciones-de-maestros\/","og_site_name":"SIDI","article_publisher":"https:\/\/es-es.facebook.com\/sidi.sindicatodedocentes","article_published_time":"2022-02-28T07:08:29+00:00","article_modified_time":"2022-06-06T12:21:40+00:00","og_image":[{"url":"https:\/\/sp-ao.shortpixel.ai\/client\/to_webp,q_glossy,ret_img,w_27,h_24\/https:\/\/sidimurcia.org\/wp-content\/uploads\/2019\/10\/logoword.png","type":"","width":"","height":""}],"author":"Chema","twitter_card":"summary_large_image","twitter_creator":"@SIDIMURCIA","twitter_site":"@SIDIMURCIA","twitter_misc":{"Escrito por":"Chema","Tiempo de lectura":"4 minutos"},"schema":{"@context":"https:\/\/schema.org","@graph":[{"@type":"Article","@id":"https:\/\/sidimurcia.org\/index.php\/2022\/02\/28\/oposiciones-2022-convocatoria-de-oposiciones-de-maestros\/#article","isPartOf":{"@id":"https:\/\/sidimurcia.org\/index.php\/2022\/02\/28\/oposiciones-2022-convocatoria-de-oposiciones-de-maestros\/"},"author":{"name":"Chema","@id":"https:\/\/sidimurcia.org\/#\/schema\/person\/8a9f1b45768a9c5d6a33988310dcf460"},"headline":"OPOSICIONES 2022 \u2013 Convocatoria de oposiciones al Cuerpo de Maestros en la Regi\u00f3n de Murcia.","datePublished":"2022-02-28T07:08:29+00:00","dateModified":"2022-06-06T12:21:40+00:00","mainEntityOfPage":{"@id":"https:\/\/sidimurcia.org\/index.php\/2022\/02\/28\/oposiciones-2022-convocatoria-de-oposiciones-de-maestros\/"},"wordCount":808,"publisher":{"@id":"https:\/\/sidimurcia.org\/#organization"},"image":{"@id":"https:\/\/sidimurcia.org\/index.php\/2022\/02\/28\/oposiciones-2022-convocatoria-de-oposiciones-de-maestros\/#primaryimage"},"thumbnailUrl":"https:\/\/sp-ao.shortpixel.ai\/client\/to_webp,q_glossy,ret_img,w_27,h_24\/https:\/\/sidimurcia.org\/wp-content\/uploads\/2019\/10\/logoword.png","articleSection":["Oposiciones","Oposiciones 2022"],"inLanguage":"es"},{"@type":"WebPage","@id":"https:\/\/sidimurcia.org\/index.php\/2022\/02\/28\/oposiciones-2022-convocatoria-de-oposiciones-de-maestros\/","url":"https:\/\/sidimurcia.org\/index.php\/2022\/02\/28\/oposiciones-2022-convocatoria-de-oposiciones-de-maestros\/","name":"OPOSICIONES 2022 \u2013 Convocatoria de oposiciones al Cuerpo de Maestros en la Regi\u00f3n de Murcia. - SIDI","isPartOf":{"@id":"https:\/\/sidimurcia.org\/#website"},"primaryImageOfPage":{"@id":"https:\/\/sidimurcia.org\/index.php\/2022\/02\/28\/oposiciones-2022-convocatoria-de-oposiciones-de-maestros\/#primaryimage"},"image":{"@id":"https:\/\/sidimurcia.org\/index.php\/2022\/02\/28\/oposiciones-2022-convocatoria-de-oposiciones-de-maestros\/#primaryimage"},"thumbnailUrl":"https:\/\/sp-ao.shortpixel.ai\/client\/to_webp,q_glossy,ret_img,w_27,h_24\/https:\/\/sidimurcia.org\/wp-content\/uploads\/2019\/10\/logoword.png","datePublished":"2022-02-28T07:08:29+00:00","dateModified":"2022-06-06T12:21:40+00:00","description":"Sindicato Independiente de Docentes. Funcionarios e Interinos. Afiliaci\u00f3n 1eur\/mes. Defendemos la educaci\u00f3n p\u00fablica.","breadcrumb":{"@id":"https:\/\/sidimurcia.org\/index.php\/2022\/02\/28\/oposiciones-2022-convocatoria-de-oposiciones-de-maestros\/#breadcrumb"},"inLanguage":"es","potentialAction":[{"@type":"ReadAction","target":["https:\/\/sidimurcia.org\/index.php\/2022\/02\/28\/oposiciones-2022-convocatoria-de-oposiciones-de-maestros\/"]}]},{"@type":"ImageObject","inLanguage":"es","@id":"https:\/\/sidimurcia.org\/index.php\/2022\/02\/28\/oposiciones-2022-convocatoria-de-oposiciones-de-maestros\/#primaryimage","url":"https:\/\/sp-ao.shortpixel.ai\/client\/to_webp,q_glossy,ret_img,w_27,h_24\/https:\/\/sidimurcia.org\/wp-content\/uploads\/2019\/10\/logoword.png","contentUrl":"https:\/\/sp-ao.shortpixel.ai\/client\/to_webp,q_glossy,ret_img,w_27,h_24\/https:\/\/sidimurcia.org\/wp-content\/uploads\/2019\/10\/logoword.png"},{"@type":"BreadcrumbList","@id":"https:\/\/sidimurcia.org\/index.php\/2022\/02\/28\/oposiciones-2022-convocatoria-de-oposiciones-de-maestros\/#breadcrumb","itemListElement":[{"@type":"ListItem","position":1,"name":"Portada","item":"https:\/\/sidimurcia.org\/"},{"@type":"ListItem","position":2,"name":"OPOSICIONES 2022 \u2013 Convocatoria de oposiciones al Cuerpo de Maestros en la Regi\u00f3n de Murcia."}]},{"@type":"WebSite","@id":"https:\/\/sidimurcia.org\/#website","url":"https:\/\/sidimurcia.org\/","name":"SIDI","description":"Sindicato Independiente de Docentes","publisher":{"@id":"https:\/\/sidimurcia.org\/#organization"},"potentialAction":[{"@type":"SearchAction","target":{"@type":"EntryPoint","urlTemplate":"https:\/\/sidimurcia.org\/?s={search_term_string}"},"query-input":{"@type":"PropertyValueSpecification","valueRequired":true,"valueName":"search_term_string"}}],"inLanguage":"es"},{"@type":"Organization","@id":"https:\/\/sidimurcia.org\/#organization","name":"Sindicato Independiente de Docentes - SIDI","url":"https:\/\/sidimurcia.org\/","logo":{"@type":"ImageObject","inLanguage":"es","@id":"https:\/\/sidimurcia.org\/#\/schema\/logo\/image\/","url":"https:\/\/sidimurcia.org\/wp-content\/uploads\/cropped-PARAPESTANAWEB-1.jpg","contentUrl":"https:\/\/sidimurcia.org\/wp-content\/uploads\/cropped-PARAPESTANAWEB-1.jpg","width":512,"height":512,"caption":"Sindicato Independiente de Docentes - SIDI"},"image":{"@id":"https:\/\/sidimurcia.org\/#\/schema\/logo\/image\/"},"sameAs":["https:\/\/es-es.facebook.com\/sidi.sindicatodedocentes","https:\/\/x.com\/SIDIMURCIA","https:\/\/www.instagram.com\/sidi_murcia\/","https:\/\/www.youtube.com\/channel\/UCwwdL3uFtDKJdbOfmC70wIQ"]},{"@type":"Person","@id":"https:\/\/sidimurcia.org\/#\/schema\/person\/8a9f1b45768a9c5d6a33988310dcf460","name":"Chema","image":{"@type":"ImageObject","inLanguage":"es","@id":"https:\/\/secure.gravatar.com\/avatar\/f2a40613aad4815a3895a310125bb3bd29d16a11e1d1772c602cf60a0d0d1e95?s=96&d=mm&r=g","url":"https:\/\/secure.gravatar.com\/avatar\/f2a40613aad4815a3895a310125bb3bd29d16a11e1d1772c602cf60a0d0d1e95?s=96&d=mm&r=g","contentUrl":"https:\/\/secure.gravatar.com\/avatar\/f2a40613aad4815a3895a310125bb3bd29d16a11e1d1772c602cf60a0d0d1e95?s=96&d=mm&r=g","caption":"Chema"},"url":"https:\/\/sidimurcia.org\/index.php\/author\/josemgonzalez\/"}]}},"_links":{"self":[{"href":"https:\/\/sidimurcia.org\/index.php\/wp-json\/wp\/v2\/posts\/12153","targetHints":{"allow":["GET"]}}],"collection":[{"href":"https:\/\/sidimurcia.org\/index.php\/wp-json\/wp\/v2\/posts"}],"about":[{"href":"https:\/\/sidimurcia.org\/index.php\/wp-json\/wp\/v2\/types\/post"}],"author":[{"embeddable":true,"href":"https:\/\/sidimurcia.org\/index.php\/wp-json\/wp\/v2\/users\/3"}],"replies":[{"embeddable":true,"href":"https:\/\/sidimurcia.org\/index.php\/wp-json\/wp\/v2\/comments?post=12153"}],"version-history":[{"count":0,"href":"https:\/\/sidimurcia.org\/index.php\/wp-json\/wp\/v2\/posts\/12153\/revisions"}],"wp:attachment":[{"href":"https:\/\/sidimurcia.org\/index.php\/wp-json\/wp\/v2\/media?parent=12153"}],"wp:term":[{"taxonomy":"category","embeddable":true,"href":"https:\/\/sidimurcia.org\/index.php\/wp-json\/wp\/v2\/categories?post=12153"},{"taxonomy":"post_tag","embeddable":true,"href":"https:\/\/sidimurcia.org\/index.php\/wp-json\/wp\/v2\/tags?post=12153"}],"curies":[{"name":"wp","href":"https:\/\/api.w.org\/{rel}","templated":true}]}}