{"id":12243,"date":"2022-03-04T07:50:51","date_gmt":"2022-03-04T07:50:51","guid":{"rendered":"https:\/\/sidimurcia.org\/?p=12243"},"modified":"2022-03-04T11:35:33","modified_gmt":"2022-03-04T11:35:33","slug":"concurso-de-traslados-2021-publicacion-de-la-resolucion-provisional-de-secundaria-fp-y-otros-cuerpos","status":"publish","type":"post","link":"https:\/\/sidimurcia.org\/index.php\/2022\/03\/04\/concurso-de-traslados-2021-publicacion-de-la-resolucion-provisional-de-secundaria-fp-y-otros-cuerpos\/","title":{"rendered":"CONCURSO DE TRASLADOS 2021: Publicaci\u00f3n de la Resoluci\u00f3n PROVISIONAL de Secundaria, Fp y Otros Cuerpos."},"content":{"rendered":"<ul>\n<li style=\"text-align: justify;\"><a href=\"https:\/\/www.carm.es\/web\/descarga?ARCHIVO=1_Resoluci%C3%B3n_secundaria.pdf&amp;ALIAS=ARCH&amp;IDCONTENIDO=176359&amp;RASTRO=c77$m22725,22759,4254\">Resoluci\u00f3n de 3 de marzo de 2022 de la Direcci\u00f3n General de Recursos Humanos, Planificaci\u00f3n Educativa y Evaluaci\u00f3n por la que se resuelve, con car\u00e1cter provisional, el concurso de traslados de los funcionarios de los Cuerpos de Catedr\u00e1ticos y Profesores de Ense\u00f1anza Secundaria, Catedr\u00e1ticos y Profesores de Escuelas Oficiales de Idiomas, Profesores de M\u00fasica y Artes Esc\u00e9nicas, Profesores de Artes Pl\u00e1sticas y Dise\u00f1o y Profesores T\u00e9cnicos de Formaci\u00f3n Profesional, convocado por Orden de 21 de octubre de 2021<\/a>\n<ul>\n<li>\n<div class=\"contenidosAsociados\">\n<p style=\"padding-left: 40px;\"><a href=\"https:\/\/www.carm.es\/web\/descarga?ARCHIVO=Anexo%20I.pdf&amp;ALIAS=ARCH&amp;IDCONTENIDO=176353&amp;RASTRO=c77$m22725,22759,4254\"> Anexo I: Relaci\u00f3n de adjudicaciones provisionales de destinos, ordenada alfab\u00e9ticamente <\/a><\/p>\n<\/div>\n<div class=\"contenidosAsociados\">\n<p style=\"padding-left: 40px;\"><a href=\"https:\/\/www.carm.es\/web\/descarga?ARCHIVO=POR%20PUNTUACION.pdf&amp;ALIAS=ARCH&amp;IDCONTENIDO=176341&amp;RASTRO=c77$m22725,22759,4254\"> Relaci\u00f3n de adjudicaciones provisionales de destinos, ordenada por puntuaci\u00f3n <\/a><\/p>\n<\/div>\n<div class=\"contenidosAsociados\">\n<p style=\"padding-left: 40px;\"><a href=\"https:\/\/www.carm.es\/web\/descarga?ARCHIVO=POR%20CENTRO.pdf&amp;ALIAS=ARCH&amp;IDCONTENIDO=176342&amp;RASTRO=c77$m22725,22759,4254\"> Relaci\u00f3n de adjudicaciones provisionales de destinos, ordenada por centros <\/a><\/p>\n<\/div>\n<div class=\"contenidosAsociados\">\n<p style=\"padding-left: 40px;\"><a href=\"https:\/\/www.carm.es\/web\/descarga?ARCHIVO=Anexo%20II.pdf&amp;ALIAS=ARCH&amp;IDCONTENIDO=176354&amp;RASTRO=c77$m22725,22759,4254\"> Anexo II &#8211; Relaci\u00f3n provisional de participantes excluidos, con indicaci\u00f3n de la causa de exclusi\u00f3n <\/a><\/p>\n<\/div>\n<div class=\"contenidosAsociados\">\n<p style=\"padding-left: 40px;\"><a href=\"https:\/\/www.carm.es\/web\/descarga?ARCHIVO=Anexo%20III.pdf&amp;ALIAS=ARCH&amp;IDCONTENIDO=176355&amp;RASTRO=c77$m22725,22759,4254\"> Anexo III &#8211; Relaci\u00f3n de participantes que no pueden solicitar determinadas especialidades o puestos, con indicaci\u00f3n de los motivos correspondientes <\/a><\/p>\n<\/div>\n<div class=\"contenidosAsociados\">\n<p style=\"padding-left: 40px;\"><a href=\"https:\/\/www.carm.es\/web\/descarga?ARCHIVO=Anexo%20IV.pdf&amp;ALIAS=ARCH&amp;IDCONTENIDO=176356&amp;RASTRO=c77$m22725,22759,4254\"> Anexo IV &#8211; Relaci\u00f3n de participantes que pueden ejercer el derecho preferente solicitado <\/a><\/p>\n<\/div>\n<div class=\"contenidosAsociados\">\n<p style=\"padding-left: 40px;\"><a href=\"https:\/\/www.carm.es\/web\/descarga?ARCHIVO=Anexo%20V.pdf&amp;ALIAS=ARCH&amp;IDCONTENIDO=176357&amp;RASTRO=c77$m22725,22759,4254\"> Anexo V &#8211; Relaci\u00f3n de participantes que no pueden ejercer el derecho preferente solicitado, con indicaci\u00f3n de los motivos correspondientes <\/a><\/p>\n<\/div>\n<div class=\"contenidosAsociados\">\n<p style=\"padding-left: 40px;\"><a href=\"https:\/\/www.carm.es\/web\/descarga?ARCHIVO=Anexo%20VI.pdf&amp;ALIAS=ARCH&amp;IDCONTENIDO=176358&amp;RASTRO=c77$m22725,22759,4254\"> Anexo VI &#8211; Relaci\u00f3n de participantes obligados a participar que no han presentado solicitud telem\u00e1tica y, por tanto, han sido incluidos de oficio <\/a><\/p>\n<\/div>\n<div class=\"contenidosAsociados\">\n<p style=\"padding-left: 40px;\"><a href=\"https:\/\/www.carm.es\/web\/descarga?ARCHIVO=MODELO%20DESISTIMIENTO.pdf&amp;ALIAS=ARCH&amp;IDCONTENIDO=176304&amp;RASTRO=c77$m22725,22759,4254\"> Modelo de desistimiento <\/a><\/p>\n<\/div>\n<div class=\"contenidosAsociados\">\n<p style=\"padding-left: 40px;\"><a href=\"https:\/\/www.carm.es\/web\/descarga?ARCHIVO=Modelo%20de%20reclamaci%C3%B3n.pdf&amp;ALIAS=ARCH&amp;IDCONTENIDO=176307&amp;RASTRO=c77$m22725,22759,4254\"> Modelo de reclamaci\u00f3n <\/a><\/p>\n<\/div>\n<\/li>\n<\/ul>\n<\/li>\n<\/ul>\n<p style=\"text-align: center;\"><strong><a href=\"https:\/\/sede.carm.es\/web\/pagina?IDCONTENIDO=845&amp;IDTIPO=240&amp;RASTRO=c$m40288\">ENLACE SEDE ELECTR\u00d3NICA DE LA CARM PROCEDIMIENTO 845<\/a><\/strong><\/p>\n<p style=\"text-align: justify;\"><span style=\"color: #800080;\"><strong>Plazo de presentaci\u00f3n de reclamaciones y renuncias: Del 7 al 15 de marzo (ambos inclusive)<\/strong><\/span><\/p>\n<p style=\"text-align: justify;\">1. Las reclamaciones o renuncias, en su caso, deber\u00e1n presentarse de forma telem\u00e1tica, a trav\u00e9s de la sede electr\u00f3nica de la CARM. De conformidad con lo establecido en el art\u00edculo 14.2.e) de la Ley 39\/2015, de 1 de octubre, del Procedimiento Administrativo Com\u00fan de las Administraciones P\u00fablicas, el acceso a dicha sede se realizar\u00e1 mediante el uso de un certificado electr\u00f3nico.<\/p>\n<p style=\"text-align: justify;\">2. Se habilitar\u00e1 un enlace de acceso a la sede electr\u00f3nica a trav\u00e9s de la direcci\u00f3n de internet: www.carm.es\/educaci\u00f3n (Concurso de traslados 2021).<\/p>\n<p style=\"text-align: justify;\">3. Se podr\u00e1 acceder a los formularios de alegaciones o renuncias, en su caso, a trav\u00e9s del enlace \u201cRegistro y gu\u00eda de procedimientos y servicios\u201d de la sede electr\u00f3nica. A continuaci\u00f3n, mediante el c\u00f3digo 845 se acceder\u00e1 al procedimiento \u201cConcurso de traslados de los funcionarios de los cuerpos docentes\u201d. A trav\u00e9s del apartado \u201cPresentaci\u00f3n de solicitudes\u201d se acceder\u00e1 a:<br \/>\n3.1 Formulario de alegaciones seleccionando el tr\u00e1mite \u201cAlegaciones anteriores al tr\u00e1mite de audiencia (art\u00edculo 76)\u201d.<br \/>\n3.2 Formulario de renuncia a la participaci\u00f3n en el concurso de traslados seleccionando el tr\u00e1mite \u201cSolicitud de desistimiento (art\u00edtulo 94)\u201d.<\/p>\n<p style=\"text-align: justify;\">4. En la cumplimentaci\u00f3n de ambos formularios se tendr\u00e1 en cuenta lo siguiente:<br \/>\n4.1 En Tipo de referencia seleccionar\u00e1n N\u00famero de registro consignando como C\u00f3digo de registro el n\u00famero de registro que figura en el pie de p\u00e1gina del justificante de la solicitud de participaci\u00f3n presentada en el concurso de traslados.<br \/>\n4.2 En el Expone especificar\u00e1n como encabezamiento \u201cReclamaci\u00f3n a la adjudicaci\u00f3n provisional\u201d o, en su caso, \u201cRenuncia a la participaci\u00f3n\u201d.<\/p>\n<p style=\"text-align: justify;\">5. En relaci\u00f3n a la reclamaci\u00f3n a la adjudicaci\u00f3n provisional se anexar\u00e1, de forma electr\u00f3nica y en formato pdf, tanto el modelo de reclamaci\u00f3n disponible en la direcci\u00f3n de internet: www.carm.es\/educaci\u00f3n (Concurso de traslados 2021) como, en su caso, cuanta documentaci\u00f3n justificativa se considere oportuna en relaci\u00f3n a los m\u00e9ritos alegados.<\/p>\n<p style=\"text-align: justify;\">6. Asimismo, en caso de presentar renuncia, se anexar\u00e1 el modelo anexo XVII a la orden de convocatoria, disponible igualmente en la direcci\u00f3n de internet indicada.<\/p>\n<div>\n<p><span style=\"text-decoration: underline;\"><strong>MODALIDADES DE PARTICIPACI\u00d3N<\/strong><\/span><\/p>\n<p>A- DESTINO DEFINITIVO<br \/>\nB- EXCEDENTE VOLUNTARIO<br \/>\nC- RESOLUCI\u00d3N FIRME DE EXPEDIENTE DISCIPLINARIO<br \/>\nD- CUMPLIMIENTO DE SENTENCIA O RESOLUCI\u00d3N DE RECURSO<br \/>\nE- SUPRESI\u00d3N O MODIFICACI\u00d3N DEL PUESTO QUE DESEMPE\u00d1ABAN CON CAR\u00c1CTER DEFINITIVO<br \/>\nF- REINGRESO CON DESTINO PROVISIONAL<br \/>\nG- EXCEDENCIA FORZOSA<br \/>\nH- SUSPENSI\u00d3N DE FUNCIONES, UNA VEZ CUMPLIDA LA SANCI\u00d3N<br \/>\nI- CAUSAS AN\u00c1LOGAS QUE HAYAN IMPLICADO LA P\u00c9RDIDA DEL PUESTO DE TRABAJO QUE DESEMPE\u00d1ABAN CON CAR\u00c1CTER DEFINITIVO<br \/>\nJ- PROVISIONAL, QUE NUNCA HA OBTENIDO DESTINO DEFINITIVO<br \/>\nK- EN PR\u00c1CTICAS<\/p>\n<p style=\"text-align: justify;\"><span style=\"color: #993366;\"><strong>ACLARACI\u00d3N SIDI: <\/strong><\/span>EN EL CASO DE DESISTIR Y QUERER PARTICIPAR EN LAS COMISIONES DE SERVICIO. Recuerda que si desistes es como si NO hubieses participado<\/p>\n<p style=\"text-align: justify;\"><em><strong>En en el caso de las comisiones de servicio previstas en el art\u00edculo 6 del presente decreto del tipo 6.2 y 6.3, ser\u00e1 necesario haber participado en el concurso de traslados <\/strong>en el \u00e1mbito de la Regi\u00f3n de Murcia para el mismo curso escolar para el que se solicita la comisi\u00f3n de servicio sin conseguir destino o haber obtenido el primer destino definitivo, o bien no haber podido participar en el mismo por las causas legalmente establecidas. Con car\u00e1cter extraordinario este requisito podr\u00e1 excepcionarse en el caso de situaciones sobrevenidas y fehacientemente acreditadas por el solicitante y apreciadas por la comisi\u00f3n de<br \/>\nvaloraci\u00f3n regulada en el art\u00edculo 10 de este decreto.<\/em><\/p>\n<p style=\"text-align: justify;\">6.2.- Por motivos graves de salud.<\/p>\n<blockquote><p>6.2.a.- Por motivos de salud propios.<\/p>\n<p>6.2.b.- Por motivos de salud de c\u00f3nyuge o persona con an\u00e1loga relaci\u00f3n de afectividad o hijos.<\/p>\n<p>6.2.c.- Por motivos de salud de ascendientes en primer grado<\/p><\/blockquote>\n<p style=\"text-align: justify;\">6.3.- Por causas sociales y de cuidado de hijos menores de 12 a\u00f1os.<\/p>\n<blockquote>\n<p style=\"text-align: justify;\">6.3.a.- Por cuidado de hijo menor de doce a\u00f1os.<\/p>\n<p style=\"text-align: justify;\">6.3.b.- Por motivos de car\u00e1cter social.<\/p>\n<p style=\"text-align: justify;\">6.3.c.- Por conflicto laboral en centros educativos de la Regi\u00f3n de Murcia.<\/p>\n<\/blockquote>\n<\/div>\n","protected":false},"excerpt":{"rendered":"<p>Resoluci\u00f3n de 3 de marzo de 2022 de la Direcci\u00f3n General de Recursos Humanos, Planificaci\u00f3n Educativa y Evaluaci\u00f3n por la &#8230; <a title=\"CONCURSO DE TRASLADOS 2021: Publicaci\u00f3n de la Resoluci\u00f3n PROVISIONAL de Secundaria, Fp y Otros Cuerpos.\" class=\"read-more\" href=\"https:\/\/sidimurcia.org\/index.php\/2022\/03\/04\/concurso-de-traslados-2021-publicacion-de-la-resolucion-provisional-de-secundaria-fp-y-otros-cuerpos\/\" aria-label=\"Leer m\u00e1s sobre CONCURSO DE TRASLADOS 2021: Publicaci\u00f3n de la Resoluci\u00f3n PROVISIONAL de Secundaria, Fp y Otros Cuerpos.\">Leer mas<\/a><\/p>\n","protected":false},"author":2,"featured_media":0,"comment_status":"closed","ping_status":"closed","sticky":false,"template":"","format":"standard","meta":{"footnotes":""},"categories":[16],"tags":[],"class_list":["post-12243","post","type-post","status-publish","format-standard","hentry","category-concurso-de-traslados"],"yoast_head":"<!-- This site is optimized with the Yoast SEO plugin v27.2 - https:\/\/yoast.com\/product\/yoast-seo-wordpress\/ -->\n<title>CONCURSO DE TRASLADOS 2021: Publicaci\u00f3n de la Resoluci\u00f3n PROVISIONAL de Secundaria, Fp y Otros Cuerpos. - SIDI<\/title>\n<meta name=\"description\" content=\"Sindicato Independiente de Docentes. Funcionarios e Interinos. Afiliaci\u00f3n 1eur\/mes. Defendemos la educaci\u00f3n p\u00fablica.\" \/>\n<meta name=\"robots\" content=\"index, follow, max-snippet:-1, max-image-preview:large, max-video-preview:-1\" \/>\n<link rel=\"canonical\" href=\"https:\/\/sidimurcia.org\/index.php\/2022\/03\/04\/concurso-de-traslados-2021-publicacion-de-la-resolucion-provisional-de-secundaria-fp-y-otros-cuerpos\/\" \/>\n<meta property=\"og:locale\" content=\"es_ES\" \/>\n<meta property=\"og:type\" content=\"article\" \/>\n<meta property=\"og:title\" content=\"CONCURSO DE TRASLADOS 2021: Publicaci\u00f3n de la Resoluci\u00f3n PROVISIONAL de Secundaria, Fp y Otros Cuerpos. - SIDI\" \/>\n<meta property=\"og:description\" content=\"Sindicato Independiente de Docentes. Funcionarios e Interinos. Afiliaci\u00f3n 1eur\/mes. Defendemos la educaci\u00f3n p\u00fablica.\" \/>\n<meta property=\"og:url\" content=\"https:\/\/sidimurcia.org\/index.php\/2022\/03\/04\/concurso-de-traslados-2021-publicacion-de-la-resolucion-provisional-de-secundaria-fp-y-otros-cuerpos\/\" \/>\n<meta property=\"og:site_name\" content=\"SIDI\" \/>\n<meta property=\"article:publisher\" content=\"https:\/\/es-es.facebook.com\/sidi.sindicatodedocentes\" \/>\n<meta property=\"article:published_time\" content=\"2022-03-04T07:50:51+00:00\" \/>\n<meta property=\"article:modified_time\" content=\"2022-03-04T11:35:33+00:00\" \/>\n<meta name=\"author\" content=\"Jose Luis Torrente\" \/>\n<meta name=\"twitter:card\" content=\"summary_large_image\" \/>\n<meta name=\"twitter:creator\" content=\"@SIDIMURCIA\" \/>\n<meta name=\"twitter:site\" content=\"@SIDIMURCIA\" \/>\n<meta name=\"twitter:label1\" content=\"Escrito por\" \/>\n\t<meta name=\"twitter:data1\" content=\"Jose Luis Torrente\" \/>\n\t<meta name=\"twitter:label2\" content=\"Tiempo de lectura\" \/>\n\t<meta name=\"twitter:data2\" content=\"5 minutos\" \/>\n<script type=\"application\/ld+json\" class=\"yoast-schema-graph\">{\"@context\":\"https:\/\/schema.org\",\"@graph\":[{\"@type\":\"Article\",\"@id\":\"https:\/\/sidimurcia.org\/index.php\/2022\/03\/04\/concurso-de-traslados-2021-publicacion-de-la-resolucion-provisional-de-secundaria-fp-y-otros-cuerpos\/#article\",\"isPartOf\":{\"@id\":\"https:\/\/sidimurcia.org\/index.php\/2022\/03\/04\/concurso-de-traslados-2021-publicacion-de-la-resolucion-provisional-de-secundaria-fp-y-otros-cuerpos\/\"},\"author\":{\"name\":\"Jose Luis Torrente\",\"@id\":\"https:\/\/sidimurcia.org\/#\/schema\/person\/3f3207f88fb267669a31f8f46f76f86c\"},\"headline\":\"CONCURSO DE TRASLADOS 2021: Publicaci\u00f3n de la Resoluci\u00f3n PROVISIONAL de Secundaria, Fp y Otros Cuerpos.\",\"datePublished\":\"2022-03-04T07:50:51+00:00\",\"dateModified\":\"2022-03-04T11:35:33+00:00\",\"mainEntityOfPage\":{\"@id\":\"https:\/\/sidimurcia.org\/index.php\/2022\/03\/04\/concurso-de-traslados-2021-publicacion-de-la-resolucion-provisional-de-secundaria-fp-y-otros-cuerpos\/\"},\"wordCount\":952,\"publisher\":{\"@id\":\"https:\/\/sidimurcia.org\/#organization\"},\"articleSection\":[\"Concurso de traslados\"],\"inLanguage\":\"es\"},{\"@type\":\"WebPage\",\"@id\":\"https:\/\/sidimurcia.org\/index.php\/2022\/03\/04\/concurso-de-traslados-2021-publicacion-de-la-resolucion-provisional-de-secundaria-fp-y-otros-cuerpos\/\",\"url\":\"https:\/\/sidimurcia.org\/index.php\/2022\/03\/04\/concurso-de-traslados-2021-publicacion-de-la-resolucion-provisional-de-secundaria-fp-y-otros-cuerpos\/\",\"name\":\"CONCURSO DE TRASLADOS 2021: Publicaci\u00f3n de la Resoluci\u00f3n PROVISIONAL de Secundaria, Fp y Otros Cuerpos. - SIDI\",\"isPartOf\":{\"@id\":\"https:\/\/sidimurcia.org\/#website\"},\"datePublished\":\"2022-03-04T07:50:51+00:00\",\"dateModified\":\"2022-03-04T11:35:33+00:00\",\"description\":\"Sindicato Independiente de Docentes. Funcionarios e Interinos. Afiliaci\u00f3n 1eur\/mes. Defendemos la educaci\u00f3n p\u00fablica.\",\"breadcrumb\":{\"@id\":\"https:\/\/sidimurcia.org\/index.php\/2022\/03\/04\/concurso-de-traslados-2021-publicacion-de-la-resolucion-provisional-de-secundaria-fp-y-otros-cuerpos\/#breadcrumb\"},\"inLanguage\":\"es\",\"potentialAction\":[{\"@type\":\"ReadAction\",\"target\":[\"https:\/\/sidimurcia.org\/index.php\/2022\/03\/04\/concurso-de-traslados-2021-publicacion-de-la-resolucion-provisional-de-secundaria-fp-y-otros-cuerpos\/\"]}]},{\"@type\":\"BreadcrumbList\",\"@id\":\"https:\/\/sidimurcia.org\/index.php\/2022\/03\/04\/concurso-de-traslados-2021-publicacion-de-la-resolucion-provisional-de-secundaria-fp-y-otros-cuerpos\/#breadcrumb\",\"itemListElement\":[{\"@type\":\"ListItem\",\"position\":1,\"name\":\"Portada\",\"item\":\"https:\/\/sidimurcia.org\/\"},{\"@type\":\"ListItem\",\"position\":2,\"name\":\"CONCURSO DE TRASLADOS 2021: Publicaci\u00f3n de la Resoluci\u00f3n PROVISIONAL de Secundaria, Fp y Otros Cuerpos.\"}]},{\"@type\":\"WebSite\",\"@id\":\"https:\/\/sidimurcia.org\/#website\",\"url\":\"https:\/\/sidimurcia.org\/\",\"name\":\"SIDI\",\"description\":\"Sindicato Independiente de Docentes\",\"publisher\":{\"@id\":\"https:\/\/sidimurcia.org\/#organization\"},\"potentialAction\":[{\"@type\":\"SearchAction\",\"target\":{\"@type\":\"EntryPoint\",\"urlTemplate\":\"https:\/\/sidimurcia.org\/?s={search_term_string}\"},\"query-input\":{\"@type\":\"PropertyValueSpecification\",\"valueRequired\":true,\"valueName\":\"search_term_string\"}}],\"inLanguage\":\"es\"},{\"@type\":\"Organization\",\"@id\":\"https:\/\/sidimurcia.org\/#organization\",\"name\":\"Sindicato Independiente de Docentes - SIDI\",\"url\":\"https:\/\/sidimurcia.org\/\",\"logo\":{\"@type\":\"ImageObject\",\"inLanguage\":\"es\",\"@id\":\"https:\/\/sidimurcia.org\/#\/schema\/logo\/image\/\",\"url\":\"https:\/\/sidimurcia.org\/wp-content\/uploads\/cropped-PARAPESTANAWEB-1.jpg\",\"contentUrl\":\"https:\/\/sidimurcia.org\/wp-content\/uploads\/cropped-PARAPESTANAWEB-1.jpg\",\"width\":512,\"height\":512,\"caption\":\"Sindicato Independiente de Docentes - SIDI\"},\"image\":{\"@id\":\"https:\/\/sidimurcia.org\/#\/schema\/logo\/image\/\"},\"sameAs\":[\"https:\/\/es-es.facebook.com\/sidi.sindicatodedocentes\",\"https:\/\/x.com\/SIDIMURCIA\",\"https:\/\/www.instagram.com\/sidi_murcia\/\",\"https:\/\/www.youtube.com\/channel\/UCwwdL3uFtDKJdbOfmC70wIQ\"]},{\"@type\":\"Person\",\"@id\":\"https:\/\/sidimurcia.org\/#\/schema\/person\/3f3207f88fb267669a31f8f46f76f86c\",\"name\":\"Jose Luis Torrente\",\"image\":{\"@type\":\"ImageObject\",\"inLanguage\":\"es\",\"@id\":\"https:\/\/secure.gravatar.com\/avatar\/8ac4c0d28cf03f62a37681e633afaf3faec3a7bd495cdfb9b6a7ec6cf281b29c?s=96&d=mm&r=g\",\"url\":\"https:\/\/secure.gravatar.com\/avatar\/8ac4c0d28cf03f62a37681e633afaf3faec3a7bd495cdfb9b6a7ec6cf281b29c?s=96&d=mm&r=g\",\"contentUrl\":\"https:\/\/secure.gravatar.com\/avatar\/8ac4c0d28cf03f62a37681e633afaf3faec3a7bd495cdfb9b6a7ec6cf281b29c?s=96&d=mm&r=g\",\"caption\":\"Jose Luis Torrente\"},\"url\":\"https:\/\/sidimurcia.org\/index.php\/author\/joseltorrente\/\"}]}<\/script>\n<!-- \/ Yoast SEO plugin. -->","yoast_head_json":{"title":"CONCURSO DE TRASLADOS 2021: Publicaci\u00f3n de la Resoluci\u00f3n PROVISIONAL de Secundaria, Fp y Otros Cuerpos. - SIDI","description":"Sindicato Independiente de Docentes. Funcionarios e Interinos. Afiliaci\u00f3n 1eur\/mes. Defendemos la educaci\u00f3n p\u00fablica.","robots":{"index":"index","follow":"follow","max-snippet":"max-snippet:-1","max-image-preview":"max-image-preview:large","max-video-preview":"max-video-preview:-1"},"canonical":"https:\/\/sidimurcia.org\/index.php\/2022\/03\/04\/concurso-de-traslados-2021-publicacion-de-la-resolucion-provisional-de-secundaria-fp-y-otros-cuerpos\/","og_locale":"es_ES","og_type":"article","og_title":"CONCURSO DE TRASLADOS 2021: Publicaci\u00f3n de la Resoluci\u00f3n PROVISIONAL de Secundaria, Fp y Otros Cuerpos. - SIDI","og_description":"Sindicato Independiente de Docentes. Funcionarios e Interinos. Afiliaci\u00f3n 1eur\/mes. Defendemos la educaci\u00f3n p\u00fablica.","og_url":"https:\/\/sidimurcia.org\/index.php\/2022\/03\/04\/concurso-de-traslados-2021-publicacion-de-la-resolucion-provisional-de-secundaria-fp-y-otros-cuerpos\/","og_site_name":"SIDI","article_publisher":"https:\/\/es-es.facebook.com\/sidi.sindicatodedocentes","article_published_time":"2022-03-04T07:50:51+00:00","article_modified_time":"2022-03-04T11:35:33+00:00","author":"Jose Luis Torrente","twitter_card":"summary_large_image","twitter_creator":"@SIDIMURCIA","twitter_site":"@SIDIMURCIA","twitter_misc":{"Escrito por":"Jose Luis Torrente","Tiempo de lectura":"5 minutos"},"schema":{"@context":"https:\/\/schema.org","@graph":[{"@type":"Article","@id":"https:\/\/sidimurcia.org\/index.php\/2022\/03\/04\/concurso-de-traslados-2021-publicacion-de-la-resolucion-provisional-de-secundaria-fp-y-otros-cuerpos\/#article","isPartOf":{"@id":"https:\/\/sidimurcia.org\/index.php\/2022\/03\/04\/concurso-de-traslados-2021-publicacion-de-la-resolucion-provisional-de-secundaria-fp-y-otros-cuerpos\/"},"author":{"name":"Jose Luis Torrente","@id":"https:\/\/sidimurcia.org\/#\/schema\/person\/3f3207f88fb267669a31f8f46f76f86c"},"headline":"CONCURSO DE TRASLADOS 2021: Publicaci\u00f3n de la Resoluci\u00f3n PROVISIONAL de Secundaria, Fp y Otros Cuerpos.","datePublished":"2022-03-04T07:50:51+00:00","dateModified":"2022-03-04T11:35:33+00:00","mainEntityOfPage":{"@id":"https:\/\/sidimurcia.org\/index.php\/2022\/03\/04\/concurso-de-traslados-2021-publicacion-de-la-resolucion-provisional-de-secundaria-fp-y-otros-cuerpos\/"},"wordCount":952,"publisher":{"@id":"https:\/\/sidimurcia.org\/#organization"},"articleSection":["Concurso de traslados"],"inLanguage":"es"},{"@type":"WebPage","@id":"https:\/\/sidimurcia.org\/index.php\/2022\/03\/04\/concurso-de-traslados-2021-publicacion-de-la-resolucion-provisional-de-secundaria-fp-y-otros-cuerpos\/","url":"https:\/\/sidimurcia.org\/index.php\/2022\/03\/04\/concurso-de-traslados-2021-publicacion-de-la-resolucion-provisional-de-secundaria-fp-y-otros-cuerpos\/","name":"CONCURSO DE TRASLADOS 2021: Publicaci\u00f3n de la Resoluci\u00f3n PROVISIONAL de Secundaria, Fp y Otros Cuerpos. - SIDI","isPartOf":{"@id":"https:\/\/sidimurcia.org\/#website"},"datePublished":"2022-03-04T07:50:51+00:00","dateModified":"2022-03-04T11:35:33+00:00","description":"Sindicato Independiente de Docentes. Funcionarios e Interinos. Afiliaci\u00f3n 1eur\/mes. Defendemos la educaci\u00f3n p\u00fablica.","breadcrumb":{"@id":"https:\/\/sidimurcia.org\/index.php\/2022\/03\/04\/concurso-de-traslados-2021-publicacion-de-la-resolucion-provisional-de-secundaria-fp-y-otros-cuerpos\/#breadcrumb"},"inLanguage":"es","potentialAction":[{"@type":"ReadAction","target":["https:\/\/sidimurcia.org\/index.php\/2022\/03\/04\/concurso-de-traslados-2021-publicacion-de-la-resolucion-provisional-de-secundaria-fp-y-otros-cuerpos\/"]}]},{"@type":"BreadcrumbList","@id":"https:\/\/sidimurcia.org\/index.php\/2022\/03\/04\/concurso-de-traslados-2021-publicacion-de-la-resolucion-provisional-de-secundaria-fp-y-otros-cuerpos\/#breadcrumb","itemListElement":[{"@type":"ListItem","position":1,"name":"Portada","item":"https:\/\/sidimurcia.org\/"},{"@type":"ListItem","position":2,"name":"CONCURSO DE TRASLADOS 2021: Publicaci\u00f3n de la Resoluci\u00f3n PROVISIONAL de Secundaria, Fp y Otros Cuerpos."}]},{"@type":"WebSite","@id":"https:\/\/sidimurcia.org\/#website","url":"https:\/\/sidimurcia.org\/","name":"SIDI","description":"Sindicato Independiente de Docentes","publisher":{"@id":"https:\/\/sidimurcia.org\/#organization"},"potentialAction":[{"@type":"SearchAction","target":{"@type":"EntryPoint","urlTemplate":"https:\/\/sidimurcia.org\/?s={search_term_string}"},"query-input":{"@type":"PropertyValueSpecification","valueRequired":true,"valueName":"search_term_string"}}],"inLanguage":"es"},{"@type":"Organization","@id":"https:\/\/sidimurcia.org\/#organization","name":"Sindicato Independiente de Docentes - SIDI","url":"https:\/\/sidimurcia.org\/","logo":{"@type":"ImageObject","inLanguage":"es","@id":"https:\/\/sidimurcia.org\/#\/schema\/logo\/image\/","url":"https:\/\/sidimurcia.org\/wp-content\/uploads\/cropped-PARAPESTANAWEB-1.jpg","contentUrl":"https:\/\/sidimurcia.org\/wp-content\/uploads\/cropped-PARAPESTANAWEB-1.jpg","width":512,"height":512,"caption":"Sindicato Independiente de Docentes - SIDI"},"image":{"@id":"https:\/\/sidimurcia.org\/#\/schema\/logo\/image\/"},"sameAs":["https:\/\/es-es.facebook.com\/sidi.sindicatodedocentes","https:\/\/x.com\/SIDIMURCIA","https:\/\/www.instagram.com\/sidi_murcia\/","https:\/\/www.youtube.com\/channel\/UCwwdL3uFtDKJdbOfmC70wIQ"]},{"@type":"Person","@id":"https:\/\/sidimurcia.org\/#\/schema\/person\/3f3207f88fb267669a31f8f46f76f86c","name":"Jose Luis Torrente","image":{"@type":"ImageObject","inLanguage":"es","@id":"https:\/\/secure.gravatar.com\/avatar\/8ac4c0d28cf03f62a37681e633afaf3faec3a7bd495cdfb9b6a7ec6cf281b29c?s=96&d=mm&r=g","url":"https:\/\/secure.gravatar.com\/avatar\/8ac4c0d28cf03f62a37681e633afaf3faec3a7bd495cdfb9b6a7ec6cf281b29c?s=96&d=mm&r=g","contentUrl":"https:\/\/secure.gravatar.com\/avatar\/8ac4c0d28cf03f62a37681e633afaf3faec3a7bd495cdfb9b6a7ec6cf281b29c?s=96&d=mm&r=g","caption":"Jose Luis Torrente"},"url":"https:\/\/sidimurcia.org\/index.php\/author\/joseltorrente\/"}]}},"_links":{"self":[{"href":"https:\/\/sidimurcia.org\/index.php\/wp-json\/wp\/v2\/posts\/12243","targetHints":{"allow":["GET"]}}],"collection":[{"href":"https:\/\/sidimurcia.org\/index.php\/wp-json\/wp\/v2\/posts"}],"about":[{"href":"https:\/\/sidimurcia.org\/index.php\/wp-json\/wp\/v2\/types\/post"}],"author":[{"embeddable":true,"href":"https:\/\/sidimurcia.org\/index.php\/wp-json\/wp\/v2\/users\/2"}],"replies":[{"embeddable":true,"href":"https:\/\/sidimurcia.org\/index.php\/wp-json\/wp\/v2\/comments?post=12243"}],"version-history":[{"count":0,"href":"https:\/\/sidimurcia.org\/index.php\/wp-json\/wp\/v2\/posts\/12243\/revisions"}],"wp:attachment":[{"href":"https:\/\/sidimurcia.org\/index.php\/wp-json\/wp\/v2\/media?parent=12243"}],"wp:term":[{"taxonomy":"category","embeddable":true,"href":"https:\/\/sidimurcia.org\/index.php\/wp-json\/wp\/v2\/categories?post=12243"},{"taxonomy":"post_tag","embeddable":true,"href":"https:\/\/sidimurcia.org\/index.php\/wp-json\/wp\/v2\/tags?post=12243"}],"curies":[{"name":"wp","href":"https:\/\/api.w.org\/{rel}","templated":true}]}}