{"id":12801,"date":"2022-05-04T12:18:19","date_gmt":"2022-05-04T12:18:19","guid":{"rendered":"https:\/\/sidimurcia.org\/?p=12801"},"modified":"2022-05-04T17:28:09","modified_gmt":"2022-05-04T17:28:09","slug":"oposiciones-2022-resolucion-provisional-de-aspirantes-admitidos-y-excluidos","status":"publish","type":"post","link":"https:\/\/sidimurcia.org\/index.php\/2022\/05\/04\/oposiciones-2022-resolucion-provisional-de-aspirantes-admitidos-y-excluidos\/","title":{"rendered":"OPOSICIONES 2022: Resoluci\u00f3n PROVISIONAL de aspirantes admitidos y excluidos."},"content":{"rendered":"<ul>\n<li style=\"text-align: justify;\"><a href=\"https:\/\/www.carm.es\/web\/descarga?ARCHIVO=1_Resoluci%C3%B3n_anexos_admitidos_provional%20%28COPIA%29.pdf&amp;ALIAS=ARCH&amp;IDCONTENIDO=177309&amp;RASTRO=c77$m22725,22759,4254\">Resoluci\u00f3n de 4 de mayo de 2022 de la Direcci\u00f3n General de Recursos Humanos, Planificaci\u00f3n Educativa y Evaluaci\u00f3n, por la que se aprueba la relaci\u00f3n de aspirantes admitidos y excluidos a los procedimientos selectivos para ingreso y adquisici\u00f3n de nuevas especialidades en el Cuerpo de Maestros convocados por orden de la Consejer\u00eda de Educaci\u00f3n de 24 de febrero de 2022.<\/a>\n<ul>\n<li><a href=\"https:\/\/sidimurcia.org\/wp-content\/uploads\/Anexo-Relacion-de-codigos-de-exclusion-y-forma-de-correccion.pdf\">Causas de exclusi\u00f3n <\/a><\/li>\n<li><a href=\"https:\/\/www.carm.es\/web\/descarga?ARCHIVO=NOTA%20INFORMATIVA%20%28COPIA%29.pdf&amp;ALIAS=ARCH&amp;IDCONTENIDO=177320&amp;IDTIPO=60&amp;RASTRO=c77$m22725,22759,4254\">Nota informativa: Listas provisionales de admitidos y excluidos. Oposiciones al Cuerpo de Maestros 2022<\/a><\/li>\n<li><span style=\"color: #000000;\">DOCUMENTO SIDI:<\/span> <a href=\"https:\/\/sidimurcia.org\/wp-content\/uploads\/Guia-Reclamacion-Excluidos-Oposicion-2022.pdf\">GU\u00cdA PARA PRESENTAR RECLAMACI\u00d3N A LA EXCLUSI\u00d3N DEL PROCESO DE OPOSICI\u00d3N DE 2022<\/a><\/li>\n<\/ul>\n<\/li>\n<\/ul>\n<p><span style=\"color: #993366;\"><strong>Plazo de presentaci\u00f3n de reclamaciones: Del 5 al 18 de mayo (ambos inclusive)<\/strong><\/span><\/p>\n<p style=\"text-align: justify;\"><strong> Se habilita el correo electr\u00f3nico soporte.educacion@murciaeduca.es para que los interesados puedan realizar consultas referidas a las alegaciones. Debe indicarse en el \u201cAsunto\u201d del correo electr\u00f3nico: Procedimiento 843.<\/strong><\/p>\n<p>Las citadas listas se adjuntan como anexos a esta resoluci\u00f3n en el siguiente orden:<br \/>\n&#8211; Anexo I: Aspirantes admitidos.<br \/>\n&#8211; Anexo II: Aspirantes excluidos indicando causa de exclusi\u00f3n y forma de subsanaci\u00f3n, en su caso.<\/p>\n<p style=\"text-align: justify;\"><strong>Se podr\u00e1 acceder al formulario de alegaciones a trav\u00e9s<\/strong> del enlace \u201cRealizar un tr\u00e1mite\u201d <strong>de la sede electr\u00f3nica<\/strong>. A continuaci\u00f3n, introduciendo el <a href=\"https:\/\/sede.carm.es\/web\/pagina?IDCONTENIDO=843&amp;IDTIPO=240&amp;RASTRO=c$m40288\">c\u00f3digo 843 en el apartado \u201cRegistro y gu\u00eda de procedimientos y servicios\u201d se acceder\u00e1 al procedimiento \u201cOposiciones para el ingreso en el Cuerpo de Maestros de la Administraci\u00f3n Regional\u201d.<\/a><br \/>\nA trav\u00e9s del apartado \u201cPresentaci\u00f3n de solicitudes\u201d se acceder\u00e1 al formulario seleccionando el tr\u00e1mite \u201c<strong>Alegaciones anteriores al tr\u00e1mite de <\/strong><strong>audiencia (art\u00edculo 76)<\/strong>\u201d.<\/p>\n<p style=\"text-align: justify;\">En dicho formulario podr\u00e1n seleccionar<strong> \u201cN\u00famero de registro\u201d como \u201cTipo de referencia\u201d, consignando como \u201cC\u00f3digo de registro\u201d el n\u00famero de registro que figura en el pie de p\u00e1gina del justificante de la solicitud de participaci\u00f3n presentada<\/strong> en los procedimientos selectivos. Se adjuntar\u00e1, de forma electr\u00f3nica y en formato pdf cuanta documentaci\u00f3n justificativa se considere oportuna en relaci\u00f3n a la alegaci\u00f3n realizada.<\/p>\n<p>A los interesados que, en su caso, no subsanen la falta o acompa\u00f1en los documentos preceptivos, se les tendr\u00e1 por desistidos de su participaci\u00f3n en el procedimiento.<\/p>\n<p>&nbsp;<\/p>\n","protected":false},"excerpt":{"rendered":"<p>Resoluci\u00f3n de 4 de mayo de 2022 de la Direcci\u00f3n General de Recursos Humanos, Planificaci\u00f3n Educativa y Evaluaci\u00f3n, por la &#8230; <a title=\"OPOSICIONES 2022: Resoluci\u00f3n PROVISIONAL de aspirantes admitidos y excluidos.\" class=\"read-more\" href=\"https:\/\/sidimurcia.org\/index.php\/2022\/05\/04\/oposiciones-2022-resolucion-provisional-de-aspirantes-admitidos-y-excluidos\/\" aria-label=\"Leer m\u00e1s sobre OPOSICIONES 2022: Resoluci\u00f3n PROVISIONAL de aspirantes admitidos y excluidos.\">Leer mas<\/a><\/p>\n","protected":false},"author":2,"featured_media":0,"comment_status":"closed","ping_status":"closed","sticky":false,"template":"","format":"standard","meta":{"footnotes":""},"categories":[43,87],"tags":[],"class_list":["post-12801","post","type-post","status-publish","format-standard","hentry","category-oposiciones","category-oposiciones-2022"],"yoast_head":"<!-- This site is optimized with the Yoast SEO plugin v27.2 - https:\/\/yoast.com\/product\/yoast-seo-wordpress\/ -->\n<title>OPOSICIONES 2022: Resoluci\u00f3n PROVISIONAL de aspirantes admitidos y excluidos. - SIDI<\/title>\n<meta name=\"description\" content=\"Sindicato Independiente de Docentes. Funcionarios e Interinos. Afiliaci\u00f3n 1eur\/mes. Defendemos la educaci\u00f3n p\u00fablica.\" \/>\n<meta name=\"robots\" content=\"index, follow, max-snippet:-1, max-image-preview:large, max-video-preview:-1\" \/>\n<link rel=\"canonical\" href=\"https:\/\/sidimurcia.org\/index.php\/2022\/05\/04\/oposiciones-2022-resolucion-provisional-de-aspirantes-admitidos-y-excluidos\/\" \/>\n<meta property=\"og:locale\" content=\"es_ES\" \/>\n<meta property=\"og:type\" content=\"article\" \/>\n<meta property=\"og:title\" content=\"OPOSICIONES 2022: Resoluci\u00f3n PROVISIONAL de aspirantes admitidos y excluidos. - SIDI\" \/>\n<meta property=\"og:description\" content=\"Sindicato Independiente de Docentes. Funcionarios e Interinos. Afiliaci\u00f3n 1eur\/mes. Defendemos la educaci\u00f3n p\u00fablica.\" \/>\n<meta property=\"og:url\" content=\"https:\/\/sidimurcia.org\/index.php\/2022\/05\/04\/oposiciones-2022-resolucion-provisional-de-aspirantes-admitidos-y-excluidos\/\" \/>\n<meta property=\"og:site_name\" content=\"SIDI\" \/>\n<meta property=\"article:publisher\" content=\"https:\/\/es-es.facebook.com\/sidi.sindicatodedocentes\" \/>\n<meta property=\"article:published_time\" content=\"2022-05-04T12:18:19+00:00\" \/>\n<meta property=\"article:modified_time\" content=\"2022-05-04T17:28:09+00:00\" \/>\n<meta name=\"author\" content=\"Jose Luis Torrente\" \/>\n<meta name=\"twitter:card\" content=\"summary_large_image\" \/>\n<meta name=\"twitter:creator\" content=\"@SIDIMURCIA\" \/>\n<meta name=\"twitter:site\" content=\"@SIDIMURCIA\" \/>\n<meta name=\"twitter:label1\" content=\"Escrito por\" \/>\n\t<meta name=\"twitter:data1\" content=\"Jose Luis Torrente\" \/>\n\t<meta name=\"twitter:label2\" content=\"Tiempo de lectura\" \/>\n\t<meta name=\"twitter:data2\" content=\"2 minutos\" \/>\n<script type=\"application\/ld+json\" class=\"yoast-schema-graph\">{\"@context\":\"https:\/\/schema.org\",\"@graph\":[{\"@type\":\"Article\",\"@id\":\"https:\/\/sidimurcia.org\/index.php\/2022\/05\/04\/oposiciones-2022-resolucion-provisional-de-aspirantes-admitidos-y-excluidos\/#article\",\"isPartOf\":{\"@id\":\"https:\/\/sidimurcia.org\/index.php\/2022\/05\/04\/oposiciones-2022-resolucion-provisional-de-aspirantes-admitidos-y-excluidos\/\"},\"author\":{\"name\":\"Jose Luis Torrente\",\"@id\":\"https:\/\/sidimurcia.org\/#\/schema\/person\/3f3207f88fb267669a31f8f46f76f86c\"},\"headline\":\"OPOSICIONES 2022: Resoluci\u00f3n PROVISIONAL de aspirantes admitidos y excluidos.\",\"datePublished\":\"2022-05-04T12:18:19+00:00\",\"dateModified\":\"2022-05-04T17:28:09+00:00\",\"mainEntityOfPage\":{\"@id\":\"https:\/\/sidimurcia.org\/index.php\/2022\/05\/04\/oposiciones-2022-resolucion-provisional-de-aspirantes-admitidos-y-excluidos\/\"},\"wordCount\":373,\"publisher\":{\"@id\":\"https:\/\/sidimurcia.org\/#organization\"},\"articleSection\":[\"Oposiciones\",\"Oposiciones 2022\"],\"inLanguage\":\"es\"},{\"@type\":\"WebPage\",\"@id\":\"https:\/\/sidimurcia.org\/index.php\/2022\/05\/04\/oposiciones-2022-resolucion-provisional-de-aspirantes-admitidos-y-excluidos\/\",\"url\":\"https:\/\/sidimurcia.org\/index.php\/2022\/05\/04\/oposiciones-2022-resolucion-provisional-de-aspirantes-admitidos-y-excluidos\/\",\"name\":\"OPOSICIONES 2022: Resoluci\u00f3n PROVISIONAL de aspirantes admitidos y excluidos. - SIDI\",\"isPartOf\":{\"@id\":\"https:\/\/sidimurcia.org\/#website\"},\"datePublished\":\"2022-05-04T12:18:19+00:00\",\"dateModified\":\"2022-05-04T17:28:09+00:00\",\"description\":\"Sindicato Independiente de Docentes. Funcionarios e Interinos. Afiliaci\u00f3n 1eur\/mes. Defendemos la educaci\u00f3n p\u00fablica.\",\"breadcrumb\":{\"@id\":\"https:\/\/sidimurcia.org\/index.php\/2022\/05\/04\/oposiciones-2022-resolucion-provisional-de-aspirantes-admitidos-y-excluidos\/#breadcrumb\"},\"inLanguage\":\"es\",\"potentialAction\":[{\"@type\":\"ReadAction\",\"target\":[\"https:\/\/sidimurcia.org\/index.php\/2022\/05\/04\/oposiciones-2022-resolucion-provisional-de-aspirantes-admitidos-y-excluidos\/\"]}]},{\"@type\":\"BreadcrumbList\",\"@id\":\"https:\/\/sidimurcia.org\/index.php\/2022\/05\/04\/oposiciones-2022-resolucion-provisional-de-aspirantes-admitidos-y-excluidos\/#breadcrumb\",\"itemListElement\":[{\"@type\":\"ListItem\",\"position\":1,\"name\":\"Portada\",\"item\":\"https:\/\/sidimurcia.org\/\"},{\"@type\":\"ListItem\",\"position\":2,\"name\":\"OPOSICIONES 2022: Resoluci\u00f3n PROVISIONAL de aspirantes admitidos y excluidos.\"}]},{\"@type\":\"WebSite\",\"@id\":\"https:\/\/sidimurcia.org\/#website\",\"url\":\"https:\/\/sidimurcia.org\/\",\"name\":\"SIDI\",\"description\":\"Sindicato Independiente de Docentes\",\"publisher\":{\"@id\":\"https:\/\/sidimurcia.org\/#organization\"},\"potentialAction\":[{\"@type\":\"SearchAction\",\"target\":{\"@type\":\"EntryPoint\",\"urlTemplate\":\"https:\/\/sidimurcia.org\/?s={search_term_string}\"},\"query-input\":{\"@type\":\"PropertyValueSpecification\",\"valueRequired\":true,\"valueName\":\"search_term_string\"}}],\"inLanguage\":\"es\"},{\"@type\":\"Organization\",\"@id\":\"https:\/\/sidimurcia.org\/#organization\",\"name\":\"Sindicato Independiente de Docentes - SIDI\",\"url\":\"https:\/\/sidimurcia.org\/\",\"logo\":{\"@type\":\"ImageObject\",\"inLanguage\":\"es\",\"@id\":\"https:\/\/sidimurcia.org\/#\/schema\/logo\/image\/\",\"url\":\"https:\/\/sidimurcia.org\/wp-content\/uploads\/cropped-PARAPESTANAWEB-1.jpg\",\"contentUrl\":\"https:\/\/sidimurcia.org\/wp-content\/uploads\/cropped-PARAPESTANAWEB-1.jpg\",\"width\":512,\"height\":512,\"caption\":\"Sindicato Independiente de Docentes - SIDI\"},\"image\":{\"@id\":\"https:\/\/sidimurcia.org\/#\/schema\/logo\/image\/\"},\"sameAs\":[\"https:\/\/es-es.facebook.com\/sidi.sindicatodedocentes\",\"https:\/\/x.com\/SIDIMURCIA\",\"https:\/\/www.instagram.com\/sidi_murcia\/\",\"https:\/\/www.youtube.com\/channel\/UCwwdL3uFtDKJdbOfmC70wIQ\"]},{\"@type\":\"Person\",\"@id\":\"https:\/\/sidimurcia.org\/#\/schema\/person\/3f3207f88fb267669a31f8f46f76f86c\",\"name\":\"Jose Luis Torrente\",\"image\":{\"@type\":\"ImageObject\",\"inLanguage\":\"es\",\"@id\":\"https:\/\/secure.gravatar.com\/avatar\/8ac4c0d28cf03f62a37681e633afaf3faec3a7bd495cdfb9b6a7ec6cf281b29c?s=96&d=mm&r=g\",\"url\":\"https:\/\/secure.gravatar.com\/avatar\/8ac4c0d28cf03f62a37681e633afaf3faec3a7bd495cdfb9b6a7ec6cf281b29c?s=96&d=mm&r=g\",\"contentUrl\":\"https:\/\/secure.gravatar.com\/avatar\/8ac4c0d28cf03f62a37681e633afaf3faec3a7bd495cdfb9b6a7ec6cf281b29c?s=96&d=mm&r=g\",\"caption\":\"Jose Luis Torrente\"},\"url\":\"https:\/\/sidimurcia.org\/index.php\/author\/joseltorrente\/\"}]}<\/script>\n<!-- \/ Yoast SEO plugin. -->","yoast_head_json":{"title":"OPOSICIONES 2022: Resoluci\u00f3n PROVISIONAL de aspirantes admitidos y excluidos. - SIDI","description":"Sindicato Independiente de Docentes. Funcionarios e Interinos. Afiliaci\u00f3n 1eur\/mes. Defendemos la educaci\u00f3n p\u00fablica.","robots":{"index":"index","follow":"follow","max-snippet":"max-snippet:-1","max-image-preview":"max-image-preview:large","max-video-preview":"max-video-preview:-1"},"canonical":"https:\/\/sidimurcia.org\/index.php\/2022\/05\/04\/oposiciones-2022-resolucion-provisional-de-aspirantes-admitidos-y-excluidos\/","og_locale":"es_ES","og_type":"article","og_title":"OPOSICIONES 2022: Resoluci\u00f3n PROVISIONAL de aspirantes admitidos y excluidos. - SIDI","og_description":"Sindicato Independiente de Docentes. Funcionarios e Interinos. Afiliaci\u00f3n 1eur\/mes. Defendemos la educaci\u00f3n p\u00fablica.","og_url":"https:\/\/sidimurcia.org\/index.php\/2022\/05\/04\/oposiciones-2022-resolucion-provisional-de-aspirantes-admitidos-y-excluidos\/","og_site_name":"SIDI","article_publisher":"https:\/\/es-es.facebook.com\/sidi.sindicatodedocentes","article_published_time":"2022-05-04T12:18:19+00:00","article_modified_time":"2022-05-04T17:28:09+00:00","author":"Jose Luis Torrente","twitter_card":"summary_large_image","twitter_creator":"@SIDIMURCIA","twitter_site":"@SIDIMURCIA","twitter_misc":{"Escrito por":"Jose Luis Torrente","Tiempo de lectura":"2 minutos"},"schema":{"@context":"https:\/\/schema.org","@graph":[{"@type":"Article","@id":"https:\/\/sidimurcia.org\/index.php\/2022\/05\/04\/oposiciones-2022-resolucion-provisional-de-aspirantes-admitidos-y-excluidos\/#article","isPartOf":{"@id":"https:\/\/sidimurcia.org\/index.php\/2022\/05\/04\/oposiciones-2022-resolucion-provisional-de-aspirantes-admitidos-y-excluidos\/"},"author":{"name":"Jose Luis Torrente","@id":"https:\/\/sidimurcia.org\/#\/schema\/person\/3f3207f88fb267669a31f8f46f76f86c"},"headline":"OPOSICIONES 2022: Resoluci\u00f3n PROVISIONAL de aspirantes admitidos y excluidos.","datePublished":"2022-05-04T12:18:19+00:00","dateModified":"2022-05-04T17:28:09+00:00","mainEntityOfPage":{"@id":"https:\/\/sidimurcia.org\/index.php\/2022\/05\/04\/oposiciones-2022-resolucion-provisional-de-aspirantes-admitidos-y-excluidos\/"},"wordCount":373,"publisher":{"@id":"https:\/\/sidimurcia.org\/#organization"},"articleSection":["Oposiciones","Oposiciones 2022"],"inLanguage":"es"},{"@type":"WebPage","@id":"https:\/\/sidimurcia.org\/index.php\/2022\/05\/04\/oposiciones-2022-resolucion-provisional-de-aspirantes-admitidos-y-excluidos\/","url":"https:\/\/sidimurcia.org\/index.php\/2022\/05\/04\/oposiciones-2022-resolucion-provisional-de-aspirantes-admitidos-y-excluidos\/","name":"OPOSICIONES 2022: Resoluci\u00f3n PROVISIONAL de aspirantes admitidos y excluidos. - SIDI","isPartOf":{"@id":"https:\/\/sidimurcia.org\/#website"},"datePublished":"2022-05-04T12:18:19+00:00","dateModified":"2022-05-04T17:28:09+00:00","description":"Sindicato Independiente de Docentes. Funcionarios e Interinos. Afiliaci\u00f3n 1eur\/mes. Defendemos la educaci\u00f3n p\u00fablica.","breadcrumb":{"@id":"https:\/\/sidimurcia.org\/index.php\/2022\/05\/04\/oposiciones-2022-resolucion-provisional-de-aspirantes-admitidos-y-excluidos\/#breadcrumb"},"inLanguage":"es","potentialAction":[{"@type":"ReadAction","target":["https:\/\/sidimurcia.org\/index.php\/2022\/05\/04\/oposiciones-2022-resolucion-provisional-de-aspirantes-admitidos-y-excluidos\/"]}]},{"@type":"BreadcrumbList","@id":"https:\/\/sidimurcia.org\/index.php\/2022\/05\/04\/oposiciones-2022-resolucion-provisional-de-aspirantes-admitidos-y-excluidos\/#breadcrumb","itemListElement":[{"@type":"ListItem","position":1,"name":"Portada","item":"https:\/\/sidimurcia.org\/"},{"@type":"ListItem","position":2,"name":"OPOSICIONES 2022: Resoluci\u00f3n PROVISIONAL de aspirantes admitidos y excluidos."}]},{"@type":"WebSite","@id":"https:\/\/sidimurcia.org\/#website","url":"https:\/\/sidimurcia.org\/","name":"SIDI","description":"Sindicato Independiente de Docentes","publisher":{"@id":"https:\/\/sidimurcia.org\/#organization"},"potentialAction":[{"@type":"SearchAction","target":{"@type":"EntryPoint","urlTemplate":"https:\/\/sidimurcia.org\/?s={search_term_string}"},"query-input":{"@type":"PropertyValueSpecification","valueRequired":true,"valueName":"search_term_string"}}],"inLanguage":"es"},{"@type":"Organization","@id":"https:\/\/sidimurcia.org\/#organization","name":"Sindicato Independiente de Docentes - SIDI","url":"https:\/\/sidimurcia.org\/","logo":{"@type":"ImageObject","inLanguage":"es","@id":"https:\/\/sidimurcia.org\/#\/schema\/logo\/image\/","url":"https:\/\/sidimurcia.org\/wp-content\/uploads\/cropped-PARAPESTANAWEB-1.jpg","contentUrl":"https:\/\/sidimurcia.org\/wp-content\/uploads\/cropped-PARAPESTANAWEB-1.jpg","width":512,"height":512,"caption":"Sindicato Independiente de Docentes - SIDI"},"image":{"@id":"https:\/\/sidimurcia.org\/#\/schema\/logo\/image\/"},"sameAs":["https:\/\/es-es.facebook.com\/sidi.sindicatodedocentes","https:\/\/x.com\/SIDIMURCIA","https:\/\/www.instagram.com\/sidi_murcia\/","https:\/\/www.youtube.com\/channel\/UCwwdL3uFtDKJdbOfmC70wIQ"]},{"@type":"Person","@id":"https:\/\/sidimurcia.org\/#\/schema\/person\/3f3207f88fb267669a31f8f46f76f86c","name":"Jose Luis Torrente","image":{"@type":"ImageObject","inLanguage":"es","@id":"https:\/\/secure.gravatar.com\/avatar\/8ac4c0d28cf03f62a37681e633afaf3faec3a7bd495cdfb9b6a7ec6cf281b29c?s=96&d=mm&r=g","url":"https:\/\/secure.gravatar.com\/avatar\/8ac4c0d28cf03f62a37681e633afaf3faec3a7bd495cdfb9b6a7ec6cf281b29c?s=96&d=mm&r=g","contentUrl":"https:\/\/secure.gravatar.com\/avatar\/8ac4c0d28cf03f62a37681e633afaf3faec3a7bd495cdfb9b6a7ec6cf281b29c?s=96&d=mm&r=g","caption":"Jose Luis Torrente"},"url":"https:\/\/sidimurcia.org\/index.php\/author\/joseltorrente\/"}]}},"_links":{"self":[{"href":"https:\/\/sidimurcia.org\/index.php\/wp-json\/wp\/v2\/posts\/12801","targetHints":{"allow":["GET"]}}],"collection":[{"href":"https:\/\/sidimurcia.org\/index.php\/wp-json\/wp\/v2\/posts"}],"about":[{"href":"https:\/\/sidimurcia.org\/index.php\/wp-json\/wp\/v2\/types\/post"}],"author":[{"embeddable":true,"href":"https:\/\/sidimurcia.org\/index.php\/wp-json\/wp\/v2\/users\/2"}],"replies":[{"embeddable":true,"href":"https:\/\/sidimurcia.org\/index.php\/wp-json\/wp\/v2\/comments?post=12801"}],"version-history":[{"count":0,"href":"https:\/\/sidimurcia.org\/index.php\/wp-json\/wp\/v2\/posts\/12801\/revisions"}],"wp:attachment":[{"href":"https:\/\/sidimurcia.org\/index.php\/wp-json\/wp\/v2\/media?parent=12801"}],"wp:term":[{"taxonomy":"category","embeddable":true,"href":"https:\/\/sidimurcia.org\/index.php\/wp-json\/wp\/v2\/categories?post=12801"},{"taxonomy":"post_tag","embeddable":true,"href":"https:\/\/sidimurcia.org\/index.php\/wp-json\/wp\/v2\/tags?post=12801"}],"curies":[{"name":"wp","href":"https:\/\/api.w.org\/{rel}","templated":true}]}}