{"id":13193,"date":"2022-05-31T13:15:24","date_gmt":"2022-05-31T13:15:24","guid":{"rendered":"https:\/\/sidimurcia.org\/?p=13193"},"modified":"2022-06-03T06:38:59","modified_gmt":"2022-06-03T06:38:59","slug":"rebaremacion-2022-interinos-as-del-cuerpo-de-maestros-publicado-listado-con-la-informacion-previa","status":"publish","type":"post","link":"https:\/\/sidimurcia.org\/index.php\/2022\/05\/31\/rebaremacion-2022-interinos-as-del-cuerpo-de-maestros-publicado-listado-con-la-informacion-previa\/","title":{"rendered":"REBAREMACI\u00d3N 2022 \u2013 INTERINOS\/AS DEL CUERPO DE MAESTROS publicado listado con la informaci\u00f3n previa"},"content":{"rendered":"<ul>\n<li style=\"text-align: justify;\"><a href=\"https:\/\/www.carm.es\/web\/descarga?ARCHIVO=Orden%20Fase%20Exposici%C3%B3n%20P%C3%BAblica.pdf&amp;ALIAS=ARCH&amp;IDCONTENIDO=177845&amp;RASTRO=c77$m22725,22759,4254\"><span style=\"font-family: arial, helvetica, sans-serif;\">Resoluci\u00f3n de 31 de mayo de 2022 de la Direcci\u00f3n General de Recursos Humanos, Planificaci\u00f3n Educativa y Evaluaci\u00f3n por la que se da cumplimiento a la fase de exposici\u00f3n p\u00fablica y de presentaci\u00f3n de documentos para la elaboraci\u00f3n de las listas de interinidad para el curso 2022-2023 en el Cuerpo de Maestros<\/span><\/a><\/li>\n<\/ul>\n<div class=\"contenidosAsociados\">\n<ul>\n<li style=\"list-style-type: none;\">\n<ul style=\"list-style-type: square;\">\n<li><a href=\"https:\/\/www.carm.es\/web\/descarga?ARCHIVO=Anexo%20I.pdf&amp;ALIAS=ARCH&amp;IDCONTENIDO=177847&amp;RASTRO=c77$m22725,22759,4254\"> Anexo I\u00a0 <\/a><\/li>\n<li><a href=\"https:\/\/www.carm.es\/web\/descarga?ARCHIVO=Anexo%20II.%20Bloque%20I.pdf&amp;ALIAS=ARCH&amp;IDCONTENIDO=177848&amp;RASTRO=c77$m22725,22759,4254\">Anexo II <\/a><\/li>\n<li><a href=\"https:\/\/www.carm.es\/web\/descarga?ARCHIVO=Anexo%20III.pdf&amp;ALIAS=ARCH&amp;IDCONTENIDO=177849&amp;RASTRO=c77$m22725,22759,4254\">Anexo III <\/a><\/li>\n<\/ul>\n<\/li>\n<\/ul>\n<\/div>\n<p style=\"text-align: justify;\"><span style=\"font-family: arial, helvetica, sans-serif;\"> Los aspirantes relacionados en el anexo I dispondr\u00e1n de<strong> un plazo de diez d\u00edas<\/strong> para la presentaci\u00f3n de documentos acreditativos <\/span><span style=\"font-family: arial, helvetica, sans-serif;\">de nuevos m\u00e9ritos (especialidades no acreditadas, calificaciones y experiencia docente), o solicitudes de rectificaci\u00f3n de los datos expuestos. <span style=\"color: #ff0000; font-size: 20px;\"><strong>Del 1 al 15 de junio de 2022\u00a0<\/strong><\/span><\/span><\/p>\n<p>&nbsp;<\/p>\n<p style=\"text-align: justify;\"><span style=\"font-size: 20px;\"><strong><span style=\"font-family: arial, helvetica, sans-serif; font-size: 20px;\">Las solicitudes se cumplimentar\u00e1n exclusivamente de forma telem\u00e1tica, a trav\u00e9s de este enlace al <\/span><span style=\"font-family: arial, helvetica, sans-serif;\"><a href=\"https:\/\/sede.carm.es\/web\/pagina?IDCONTENIDO=851&amp;IDTIPO=240&amp;RASTRO=c$m40288\">procedimiento 851 &#8211; Aspirantes a interinidad en el Cuerpo de Maestros.<\/a><\/span><\/strong><\/span><\/p>\n<p><strong><span style=\"color: #ff0000;\">NOTA SIDI.<\/span><\/strong> Si al rellenar los datos personales, buscas la <span style=\"color: #993366;\">NACIONALIDAD ESPA\u00d1OLA<\/span> y no aparece en el listado, busca como nacionalidad <span style=\"color: #993366;\">ENGLISH<\/span>. Ocasionalmente sucede este error y al marcar ENGLISH, se transforma la selecci\u00f3n en ESPA\u00d1OLA.<\/p>\n<p>&nbsp;<\/p>\n<p><span style=\"font-family: arial, helvetica, sans-serif;\"><span style=\"color: #993366; font-size: 20px;\"><strong>ATENCI\u00d3N MAYORES DE 55 A\u00d1OS:<\/strong><\/span> los integrantes de las listas actualmente vigentes que antes del 31 de diciembre del <\/span><span style=\"font-family: arial, helvetica, sans-serif;\">2022 hayan cumplido 55 a\u00f1os y cuenten en esa fecha con m\u00e1s de <\/span><span style=\"font-family: arial, helvetica, sans-serif;\">veinte a\u00f1os de servicios, de los cuales al menos los diez \u00faltimos <\/span><span style=\"font-family: arial, helvetica, sans-serif;\">a\u00f1os alegados sean en centros p\u00fablicos de la Regi\u00f3n de Murcia, <\/span><span style=\"font-family: arial, helvetica, sans-serif;\">figurar\u00e1n en el lugar m\u00e1s alto que les corresponda por su <\/span><span style=\"font-family: arial, helvetica, sans-serif;\">puntuaci\u00f3n, sum\u00e1ndoles la mejor nota de oposici\u00f3n e integr\u00e1ndolos <\/span><span style=\"font-family: arial, helvetica, sans-serif;\">en el bloque I. <\/span><br \/>\n<span style=\"font-family: arial, helvetica, sans-serif;\">Para el ejercicio de este derecho los interesados presentar\u00e1n <\/span><span style=\"font-family: arial, helvetica, sans-serif;\">solicitud a trav\u00e9s del formulario web en el mismo plazo y forma <\/span><span style=\"font-family: arial, helvetica, sans-serif;\">establecido en el apartado tercero de esta resoluci\u00f3n. <a href=\"https:\/\/sede.carm.es\/web\/pagina?IDCONTENIDO=851&amp;IDTIPO=240&amp;RASTRO=c$m40288\"><span style=\"font-size: 20px;\">Procedimiento 851 &#8211; Aspirantes a interinidad en el Cuerpo de Maestros.<\/span><\/a><\/span><\/p>\n<p>&nbsp;<\/p>\n<p><span style=\"color: #ff0000; font-family: arial, helvetica, sans-serif; font-size: 20px;\"><strong>Solo se computa la experiencia docente hasta 22 de marzo de 2022<\/strong><\/span><\/p>\n<p>&nbsp;<\/p>\n<ul>\n<li><a href=\"https:\/\/drive.google.com\/file\/d\/1GkLx-v79qo2f0ifKo5v-YjSQ498XdwSx\/view?usp=sharing\">Proceso de ordenaci\u00f3n de listas de interinos del cuerpo de maestros para el curso 22\/23<\/a><\/li>\n<\/ul>\n<p>La experiencia docente prestada en centros privados ser\u00e1 aportada y justificada por los aspirantes seg\u00fan <a href=\"https:\/\/sidimurcia.org\/wp-content\/uploads\/ANEXOVI-MODELO-DE-CERTIFICADO-DE-SERVICIOS-EN-CENTROS-PRIVADOS.docx\">modelo anexo VI <\/a>de la referida Orden. Dicha experiencia, cuando se trate de centros de la Regi\u00f3n de Murcia, ser\u00e1 visada por la Inspecci\u00f3n de Educaci\u00f3n de esta Consejer\u00eda en el lugar, fechas y horario que se especifica en el<a href=\"https:\/\/sidimurcia.org\/index.php\/2022\/05\/23\/oposiciones-2022-cita-previa-para-visado-de-servicios-en-centros-privados-por-la-inspeccion-para-admitidos-en-oposicion\/\"> calendario publicado<\/a>, mediante notas informativas.<\/p>\n<ul>\n<li><a href=\"https:\/\/sidimurcia.org\/index.php\/2021\/06\/15\/resolucion-de-3-de-junio-de-2021-que-publica-en-el-borm-acuerdo-sobre-personal-docente-interino\/\">Resoluci\u00f3n de 3 de junio de 2021 que publica en el BORM Acuerdo sobre personal docente interino<\/a><\/li>\n<\/ul>\n<p>&nbsp;<\/p>\n<p><span style=\"color: #993366; font-size: 20px;\"><strong>C\u00d3MPUTO DE LA EXPERIENCIA DOCENTE:<\/strong><\/span><\/p>\n<p style=\"text-align: justify;\"><span style=\"font-family: arial, helvetica, sans-serif;\"><em>b.1) Por cada a\u00f1o de experiencia docente en especialidades del cuerpo al que se opta, en centros p\u00fablicos:<\/em> PRIMEROS 10 A\u00d1OS: 0,6\u00a0 (mes\/fracci\u00f3n 0,05) SEGUNDOS 10 A\u00d1OS: 0,4\u00a0 (mes\/fracci\u00f3n 0,03333)<\/span><br \/>\n<span style=\"font-family: arial, helvetica, sans-serif;\"><em>b.2) Por cada a\u00f1o de experiencia docente en especialidades de otros cuerpos docentes en centros p\u00fablicos:<\/em> PRIMEROS 10 A\u00d1OS: 0,3 en\u00a0 (mes\/fracci\u00f3n 0,025) SEGUNDOS 10 A\u00d1OS: 0,2 (mes\/fracci\u00f3n 0,0166)<\/span><br \/>\n<span style=\"font-family: arial, helvetica, sans-serif;\"><em>b.3) Por cada a\u00f1o de experiencia docente en especialidades del mismo nivel educativo que el impartido por el cuerpo al que opta, en otros centros<\/em>: PRIMEROS 10 A\u00d1OS: 0,3\u00a0 (mes\/fracci\u00f3n 0,025) SEGUNDOS 10 A\u00d1OS: 0,2\u00a0 (mes\/fracci\u00f3n 0,0166)<\/span><br \/>\n<span style=\"font-family: arial, helvetica, sans-serif;\"><em>b.4) Por cada a\u00f1o de experiencia docente en especialidades de distinto nivel educativo que el impartido por el cuerpo al que opta el aspirante, en otros centros<\/em>: PRIMEROS 10 A\u00d1OS: 0,15 (mes\/fracci\u00f3n 0,0125) SEGUNDOS 10 A\u00d1OS: 0,1 (mes\/fracci\u00f3n 0,0083)<\/span><\/p>\n","protected":false},"excerpt":{"rendered":"<p>Resoluci\u00f3n de 31 de mayo de 2022 de la Direcci\u00f3n General de Recursos Humanos, Planificaci\u00f3n Educativa y Evaluaci\u00f3n por la &#8230; <a title=\"REBAREMACI\u00d3N 2022 \u2013 INTERINOS\/AS DEL CUERPO DE MAESTROS publicado listado con la informaci\u00f3n previa\" class=\"read-more\" href=\"https:\/\/sidimurcia.org\/index.php\/2022\/05\/31\/rebaremacion-2022-interinos-as-del-cuerpo-de-maestros-publicado-listado-con-la-informacion-previa\/\" aria-label=\"Leer m\u00e1s sobre REBAREMACI\u00d3N 2022 \u2013 INTERINOS\/AS DEL CUERPO DE MAESTROS publicado listado con la informaci\u00f3n previa\">Leer mas<\/a><\/p>\n","protected":false},"author":2,"featured_media":0,"comment_status":"closed","ping_status":"closed","sticky":false,"template":"","format":"standard","meta":{"footnotes":""},"categories":[43,87],"tags":[],"class_list":["post-13193","post","type-post","status-publish","format-standard","hentry","category-oposiciones","category-oposiciones-2022"],"yoast_head":"<!-- This site is optimized with the Yoast SEO plugin v27.2 - https:\/\/yoast.com\/product\/yoast-seo-wordpress\/ -->\n<title>REBAREMACI\u00d3N 2022 \u2013 INTERINOS\/AS DEL CUERPO DE MAESTROS publicado listado con la informaci\u00f3n previa - SIDI<\/title>\n<meta name=\"description\" content=\"Sindicato Independiente de Docentes. Funcionarios e Interinos. Afiliaci\u00f3n 1eur\/mes. Defendemos la educaci\u00f3n p\u00fablica.\" \/>\n<meta name=\"robots\" content=\"index, follow, max-snippet:-1, max-image-preview:large, max-video-preview:-1\" \/>\n<link rel=\"canonical\" href=\"https:\/\/sidimurcia.org\/index.php\/2022\/05\/31\/rebaremacion-2022-interinos-as-del-cuerpo-de-maestros-publicado-listado-con-la-informacion-previa\/\" \/>\n<meta property=\"og:locale\" content=\"es_ES\" \/>\n<meta property=\"og:type\" content=\"article\" \/>\n<meta property=\"og:title\" content=\"REBAREMACI\u00d3N 2022 \u2013 INTERINOS\/AS DEL CUERPO DE MAESTROS publicado listado con la informaci\u00f3n previa - SIDI\" \/>\n<meta property=\"og:description\" content=\"Sindicato Independiente de Docentes. Funcionarios e Interinos. Afiliaci\u00f3n 1eur\/mes. Defendemos la educaci\u00f3n p\u00fablica.\" \/>\n<meta property=\"og:url\" content=\"https:\/\/sidimurcia.org\/index.php\/2022\/05\/31\/rebaremacion-2022-interinos-as-del-cuerpo-de-maestros-publicado-listado-con-la-informacion-previa\/\" \/>\n<meta property=\"og:site_name\" content=\"SIDI\" \/>\n<meta property=\"article:publisher\" content=\"https:\/\/es-es.facebook.com\/sidi.sindicatodedocentes\" \/>\n<meta property=\"article:published_time\" content=\"2022-05-31T13:15:24+00:00\" \/>\n<meta property=\"article:modified_time\" content=\"2022-06-03T06:38:59+00:00\" \/>\n<meta name=\"author\" content=\"Jose Luis Torrente\" \/>\n<meta name=\"twitter:card\" content=\"summary_large_image\" \/>\n<meta name=\"twitter:creator\" content=\"@SIDIMURCIA\" \/>\n<meta name=\"twitter:site\" content=\"@SIDIMURCIA\" \/>\n<meta name=\"twitter:label1\" content=\"Escrito por\" \/>\n\t<meta name=\"twitter:data1\" content=\"Jose Luis Torrente\" \/>\n\t<meta name=\"twitter:label2\" content=\"Tiempo de lectura\" \/>\n\t<meta name=\"twitter:data2\" content=\"3 minutos\" \/>\n<script type=\"application\/ld+json\" class=\"yoast-schema-graph\">{\"@context\":\"https:\/\/schema.org\",\"@graph\":[{\"@type\":\"Article\",\"@id\":\"https:\/\/sidimurcia.org\/index.php\/2022\/05\/31\/rebaremacion-2022-interinos-as-del-cuerpo-de-maestros-publicado-listado-con-la-informacion-previa\/#article\",\"isPartOf\":{\"@id\":\"https:\/\/sidimurcia.org\/index.php\/2022\/05\/31\/rebaremacion-2022-interinos-as-del-cuerpo-de-maestros-publicado-listado-con-la-informacion-previa\/\"},\"author\":{\"name\":\"Jose Luis Torrente\",\"@id\":\"https:\/\/sidimurcia.org\/#\/schema\/person\/3f3207f88fb267669a31f8f46f76f86c\"},\"headline\":\"REBAREMACI\u00d3N 2022 \u2013 INTERINOS\/AS DEL CUERPO DE MAESTROS publicado listado con la informaci\u00f3n previa\",\"datePublished\":\"2022-05-31T13:15:24+00:00\",\"dateModified\":\"2022-06-03T06:38:59+00:00\",\"mainEntityOfPage\":{\"@id\":\"https:\/\/sidimurcia.org\/index.php\/2022\/05\/31\/rebaremacion-2022-interinos-as-del-cuerpo-de-maestros-publicado-listado-con-la-informacion-previa\/\"},\"wordCount\":582,\"publisher\":{\"@id\":\"https:\/\/sidimurcia.org\/#organization\"},\"articleSection\":[\"Oposiciones\",\"Oposiciones 2022\"],\"inLanguage\":\"es\"},{\"@type\":\"WebPage\",\"@id\":\"https:\/\/sidimurcia.org\/index.php\/2022\/05\/31\/rebaremacion-2022-interinos-as-del-cuerpo-de-maestros-publicado-listado-con-la-informacion-previa\/\",\"url\":\"https:\/\/sidimurcia.org\/index.php\/2022\/05\/31\/rebaremacion-2022-interinos-as-del-cuerpo-de-maestros-publicado-listado-con-la-informacion-previa\/\",\"name\":\"REBAREMACI\u00d3N 2022 \u2013 INTERINOS\/AS DEL CUERPO DE MAESTROS publicado listado con la informaci\u00f3n previa - SIDI\",\"isPartOf\":{\"@id\":\"https:\/\/sidimurcia.org\/#website\"},\"datePublished\":\"2022-05-31T13:15:24+00:00\",\"dateModified\":\"2022-06-03T06:38:59+00:00\",\"description\":\"Sindicato Independiente de Docentes. Funcionarios e Interinos. Afiliaci\u00f3n 1eur\/mes. Defendemos la educaci\u00f3n p\u00fablica.\",\"breadcrumb\":{\"@id\":\"https:\/\/sidimurcia.org\/index.php\/2022\/05\/31\/rebaremacion-2022-interinos-as-del-cuerpo-de-maestros-publicado-listado-con-la-informacion-previa\/#breadcrumb\"},\"inLanguage\":\"es\",\"potentialAction\":[{\"@type\":\"ReadAction\",\"target\":[\"https:\/\/sidimurcia.org\/index.php\/2022\/05\/31\/rebaremacion-2022-interinos-as-del-cuerpo-de-maestros-publicado-listado-con-la-informacion-previa\/\"]}]},{\"@type\":\"BreadcrumbList\",\"@id\":\"https:\/\/sidimurcia.org\/index.php\/2022\/05\/31\/rebaremacion-2022-interinos-as-del-cuerpo-de-maestros-publicado-listado-con-la-informacion-previa\/#breadcrumb\",\"itemListElement\":[{\"@type\":\"ListItem\",\"position\":1,\"name\":\"Portada\",\"item\":\"https:\/\/sidimurcia.org\/\"},{\"@type\":\"ListItem\",\"position\":2,\"name\":\"REBAREMACI\u00d3N 2022 \u2013 INTERINOS\/AS DEL CUERPO DE MAESTROS publicado listado con la informaci\u00f3n previa\"}]},{\"@type\":\"WebSite\",\"@id\":\"https:\/\/sidimurcia.org\/#website\",\"url\":\"https:\/\/sidimurcia.org\/\",\"name\":\"SIDI\",\"description\":\"Sindicato Independiente de Docentes\",\"publisher\":{\"@id\":\"https:\/\/sidimurcia.org\/#organization\"},\"potentialAction\":[{\"@type\":\"SearchAction\",\"target\":{\"@type\":\"EntryPoint\",\"urlTemplate\":\"https:\/\/sidimurcia.org\/?s={search_term_string}\"},\"query-input\":{\"@type\":\"PropertyValueSpecification\",\"valueRequired\":true,\"valueName\":\"search_term_string\"}}],\"inLanguage\":\"es\"},{\"@type\":\"Organization\",\"@id\":\"https:\/\/sidimurcia.org\/#organization\",\"name\":\"Sindicato Independiente de Docentes - SIDI\",\"url\":\"https:\/\/sidimurcia.org\/\",\"logo\":{\"@type\":\"ImageObject\",\"inLanguage\":\"es\",\"@id\":\"https:\/\/sidimurcia.org\/#\/schema\/logo\/image\/\",\"url\":\"https:\/\/sidimurcia.org\/wp-content\/uploads\/cropped-PARAPESTANAWEB-1.jpg\",\"contentUrl\":\"https:\/\/sidimurcia.org\/wp-content\/uploads\/cropped-PARAPESTANAWEB-1.jpg\",\"width\":512,\"height\":512,\"caption\":\"Sindicato Independiente de Docentes - SIDI\"},\"image\":{\"@id\":\"https:\/\/sidimurcia.org\/#\/schema\/logo\/image\/\"},\"sameAs\":[\"https:\/\/es-es.facebook.com\/sidi.sindicatodedocentes\",\"https:\/\/x.com\/SIDIMURCIA\",\"https:\/\/www.instagram.com\/sidi_murcia\/\",\"https:\/\/www.youtube.com\/channel\/UCwwdL3uFtDKJdbOfmC70wIQ\"]},{\"@type\":\"Person\",\"@id\":\"https:\/\/sidimurcia.org\/#\/schema\/person\/3f3207f88fb267669a31f8f46f76f86c\",\"name\":\"Jose Luis Torrente\",\"image\":{\"@type\":\"ImageObject\",\"inLanguage\":\"es\",\"@id\":\"https:\/\/secure.gravatar.com\/avatar\/8ac4c0d28cf03f62a37681e633afaf3faec3a7bd495cdfb9b6a7ec6cf281b29c?s=96&d=mm&r=g\",\"url\":\"https:\/\/secure.gravatar.com\/avatar\/8ac4c0d28cf03f62a37681e633afaf3faec3a7bd495cdfb9b6a7ec6cf281b29c?s=96&d=mm&r=g\",\"contentUrl\":\"https:\/\/secure.gravatar.com\/avatar\/8ac4c0d28cf03f62a37681e633afaf3faec3a7bd495cdfb9b6a7ec6cf281b29c?s=96&d=mm&r=g\",\"caption\":\"Jose Luis Torrente\"},\"url\":\"https:\/\/sidimurcia.org\/index.php\/author\/joseltorrente\/\"}]}<\/script>\n<!-- \/ Yoast SEO plugin. -->","yoast_head_json":{"title":"REBAREMACI\u00d3N 2022 \u2013 INTERINOS\/AS DEL CUERPO DE MAESTROS publicado listado con la informaci\u00f3n previa - SIDI","description":"Sindicato Independiente de Docentes. Funcionarios e Interinos. Afiliaci\u00f3n 1eur\/mes. Defendemos la educaci\u00f3n p\u00fablica.","robots":{"index":"index","follow":"follow","max-snippet":"max-snippet:-1","max-image-preview":"max-image-preview:large","max-video-preview":"max-video-preview:-1"},"canonical":"https:\/\/sidimurcia.org\/index.php\/2022\/05\/31\/rebaremacion-2022-interinos-as-del-cuerpo-de-maestros-publicado-listado-con-la-informacion-previa\/","og_locale":"es_ES","og_type":"article","og_title":"REBAREMACI\u00d3N 2022 \u2013 INTERINOS\/AS DEL CUERPO DE MAESTROS publicado listado con la informaci\u00f3n previa - SIDI","og_description":"Sindicato Independiente de Docentes. Funcionarios e Interinos. Afiliaci\u00f3n 1eur\/mes. Defendemos la educaci\u00f3n p\u00fablica.","og_url":"https:\/\/sidimurcia.org\/index.php\/2022\/05\/31\/rebaremacion-2022-interinos-as-del-cuerpo-de-maestros-publicado-listado-con-la-informacion-previa\/","og_site_name":"SIDI","article_publisher":"https:\/\/es-es.facebook.com\/sidi.sindicatodedocentes","article_published_time":"2022-05-31T13:15:24+00:00","article_modified_time":"2022-06-03T06:38:59+00:00","author":"Jose Luis Torrente","twitter_card":"summary_large_image","twitter_creator":"@SIDIMURCIA","twitter_site":"@SIDIMURCIA","twitter_misc":{"Escrito por":"Jose Luis Torrente","Tiempo de lectura":"3 minutos"},"schema":{"@context":"https:\/\/schema.org","@graph":[{"@type":"Article","@id":"https:\/\/sidimurcia.org\/index.php\/2022\/05\/31\/rebaremacion-2022-interinos-as-del-cuerpo-de-maestros-publicado-listado-con-la-informacion-previa\/#article","isPartOf":{"@id":"https:\/\/sidimurcia.org\/index.php\/2022\/05\/31\/rebaremacion-2022-interinos-as-del-cuerpo-de-maestros-publicado-listado-con-la-informacion-previa\/"},"author":{"name":"Jose Luis Torrente","@id":"https:\/\/sidimurcia.org\/#\/schema\/person\/3f3207f88fb267669a31f8f46f76f86c"},"headline":"REBAREMACI\u00d3N 2022 \u2013 INTERINOS\/AS DEL CUERPO DE MAESTROS publicado listado con la informaci\u00f3n previa","datePublished":"2022-05-31T13:15:24+00:00","dateModified":"2022-06-03T06:38:59+00:00","mainEntityOfPage":{"@id":"https:\/\/sidimurcia.org\/index.php\/2022\/05\/31\/rebaremacion-2022-interinos-as-del-cuerpo-de-maestros-publicado-listado-con-la-informacion-previa\/"},"wordCount":582,"publisher":{"@id":"https:\/\/sidimurcia.org\/#organization"},"articleSection":["Oposiciones","Oposiciones 2022"],"inLanguage":"es"},{"@type":"WebPage","@id":"https:\/\/sidimurcia.org\/index.php\/2022\/05\/31\/rebaremacion-2022-interinos-as-del-cuerpo-de-maestros-publicado-listado-con-la-informacion-previa\/","url":"https:\/\/sidimurcia.org\/index.php\/2022\/05\/31\/rebaremacion-2022-interinos-as-del-cuerpo-de-maestros-publicado-listado-con-la-informacion-previa\/","name":"REBAREMACI\u00d3N 2022 \u2013 INTERINOS\/AS DEL CUERPO DE MAESTROS publicado listado con la informaci\u00f3n previa - SIDI","isPartOf":{"@id":"https:\/\/sidimurcia.org\/#website"},"datePublished":"2022-05-31T13:15:24+00:00","dateModified":"2022-06-03T06:38:59+00:00","description":"Sindicato Independiente de Docentes. Funcionarios e Interinos. Afiliaci\u00f3n 1eur\/mes. Defendemos la educaci\u00f3n p\u00fablica.","breadcrumb":{"@id":"https:\/\/sidimurcia.org\/index.php\/2022\/05\/31\/rebaremacion-2022-interinos-as-del-cuerpo-de-maestros-publicado-listado-con-la-informacion-previa\/#breadcrumb"},"inLanguage":"es","potentialAction":[{"@type":"ReadAction","target":["https:\/\/sidimurcia.org\/index.php\/2022\/05\/31\/rebaremacion-2022-interinos-as-del-cuerpo-de-maestros-publicado-listado-con-la-informacion-previa\/"]}]},{"@type":"BreadcrumbList","@id":"https:\/\/sidimurcia.org\/index.php\/2022\/05\/31\/rebaremacion-2022-interinos-as-del-cuerpo-de-maestros-publicado-listado-con-la-informacion-previa\/#breadcrumb","itemListElement":[{"@type":"ListItem","position":1,"name":"Portada","item":"https:\/\/sidimurcia.org\/"},{"@type":"ListItem","position":2,"name":"REBAREMACI\u00d3N 2022 \u2013 INTERINOS\/AS DEL CUERPO DE MAESTROS publicado listado con la informaci\u00f3n previa"}]},{"@type":"WebSite","@id":"https:\/\/sidimurcia.org\/#website","url":"https:\/\/sidimurcia.org\/","name":"SIDI","description":"Sindicato Independiente de Docentes","publisher":{"@id":"https:\/\/sidimurcia.org\/#organization"},"potentialAction":[{"@type":"SearchAction","target":{"@type":"EntryPoint","urlTemplate":"https:\/\/sidimurcia.org\/?s={search_term_string}"},"query-input":{"@type":"PropertyValueSpecification","valueRequired":true,"valueName":"search_term_string"}}],"inLanguage":"es"},{"@type":"Organization","@id":"https:\/\/sidimurcia.org\/#organization","name":"Sindicato Independiente de Docentes - SIDI","url":"https:\/\/sidimurcia.org\/","logo":{"@type":"ImageObject","inLanguage":"es","@id":"https:\/\/sidimurcia.org\/#\/schema\/logo\/image\/","url":"https:\/\/sidimurcia.org\/wp-content\/uploads\/cropped-PARAPESTANAWEB-1.jpg","contentUrl":"https:\/\/sidimurcia.org\/wp-content\/uploads\/cropped-PARAPESTANAWEB-1.jpg","width":512,"height":512,"caption":"Sindicato Independiente de Docentes - SIDI"},"image":{"@id":"https:\/\/sidimurcia.org\/#\/schema\/logo\/image\/"},"sameAs":["https:\/\/es-es.facebook.com\/sidi.sindicatodedocentes","https:\/\/x.com\/SIDIMURCIA","https:\/\/www.instagram.com\/sidi_murcia\/","https:\/\/www.youtube.com\/channel\/UCwwdL3uFtDKJdbOfmC70wIQ"]},{"@type":"Person","@id":"https:\/\/sidimurcia.org\/#\/schema\/person\/3f3207f88fb267669a31f8f46f76f86c","name":"Jose Luis Torrente","image":{"@type":"ImageObject","inLanguage":"es","@id":"https:\/\/secure.gravatar.com\/avatar\/8ac4c0d28cf03f62a37681e633afaf3faec3a7bd495cdfb9b6a7ec6cf281b29c?s=96&d=mm&r=g","url":"https:\/\/secure.gravatar.com\/avatar\/8ac4c0d28cf03f62a37681e633afaf3faec3a7bd495cdfb9b6a7ec6cf281b29c?s=96&d=mm&r=g","contentUrl":"https:\/\/secure.gravatar.com\/avatar\/8ac4c0d28cf03f62a37681e633afaf3faec3a7bd495cdfb9b6a7ec6cf281b29c?s=96&d=mm&r=g","caption":"Jose Luis Torrente"},"url":"https:\/\/sidimurcia.org\/index.php\/author\/joseltorrente\/"}]}},"_links":{"self":[{"href":"https:\/\/sidimurcia.org\/index.php\/wp-json\/wp\/v2\/posts\/13193","targetHints":{"allow":["GET"]}}],"collection":[{"href":"https:\/\/sidimurcia.org\/index.php\/wp-json\/wp\/v2\/posts"}],"about":[{"href":"https:\/\/sidimurcia.org\/index.php\/wp-json\/wp\/v2\/types\/post"}],"author":[{"embeddable":true,"href":"https:\/\/sidimurcia.org\/index.php\/wp-json\/wp\/v2\/users\/2"}],"replies":[{"embeddable":true,"href":"https:\/\/sidimurcia.org\/index.php\/wp-json\/wp\/v2\/comments?post=13193"}],"version-history":[{"count":0,"href":"https:\/\/sidimurcia.org\/index.php\/wp-json\/wp\/v2\/posts\/13193\/revisions"}],"wp:attachment":[{"href":"https:\/\/sidimurcia.org\/index.php\/wp-json\/wp\/v2\/media?parent=13193"}],"wp:term":[{"taxonomy":"category","embeddable":true,"href":"https:\/\/sidimurcia.org\/index.php\/wp-json\/wp\/v2\/categories?post=13193"},{"taxonomy":"post_tag","embeddable":true,"href":"https:\/\/sidimurcia.org\/index.php\/wp-json\/wp\/v2\/tags?post=13193"}],"curies":[{"name":"wp","href":"https:\/\/api.w.org\/{rel}","templated":true}]}}