{"id":13496,"date":"2022-06-23T10:31:57","date_gmt":"2022-06-23T10:31:57","guid":{"rendered":"https:\/\/sidimurcia.org\/?p=13496"},"modified":"2022-07-04T12:04:18","modified_gmt":"2022-07-04T12:04:18","slug":"pruebas-especificas-de-aptitud-de-la-convocatoria-extraordinaria-de-interinos-de-abril-para-secundaria-fp-y-otros-cuerpos","status":"publish","type":"post","link":"https:\/\/sidimurcia.org\/index.php\/2022\/06\/23\/pruebas-especificas-de-aptitud-de-la-convocatoria-extraordinaria-de-interinos-de-abril-para-secundaria-fp-y-otros-cuerpos\/","title":{"rendered":"Pruebas espec\u00edficas de aptitud de la Convocatoria extraordinaria de interinos de abril para Secundaria, Fp y otros cuerpos"},"content":{"rendered":"<ul>\n<li style=\"text-align: justify;\"><a href=\"https:\/\/www.carm.es\/web\/descarga?ARCHIVO=Resoluci%C3%B3n%20nombramiento%20IMET%20%28COPIA%29.pdf&amp;ALIAS=ARCH&amp;IDCONTENIDO=178233&amp;IDTIPO=60&amp;RASTRO=c77$m22725,22759,4254\"><span style=\"font-family: arial, helvetica, sans-serif;\">Resoluci\u00f3n de 22 de junio de 2022 de la Direcci\u00f3n General de Recursos Humanos, Planificaci\u00f3n Educativa y Evaluaci\u00f3n por la que se designa la comisi\u00f3n de selecci\u00f3n de aspirantes para cubrir plazas vacantes o sustituciones en la especialidad de <span style=\"color: #d4458b;\"><strong>Instalaci\u00f3n y Mantenimiento de Equipos T\u00e9rmicos y de Fluidos<\/strong><\/span> del Cuerpo de Profesores T\u00e9cnicos de Formaci\u00f3n Profesional convocada por Orden de 6 de abril de 2022<\/span><\/a>\n<ul>\n<li style=\"list-style-type: none;\">\n<ul>\n<li style=\"list-style-type: none;\">\n<ul>\n<li><span style=\"font-family: arial, helvetica, sans-serif;\"><a href=\"https:\/\/www.carm.es\/web\/descarga?ARCHIVO=CRITERIOS%20IMET.pdf&amp;ALIAS=ARCH&amp;IDCONTENIDO=178246&amp;IDTIPO=60&amp;RASTRO=c77$m22725,22759,4254\">Prueba espec\u00edfica de aptitud. Fecha y lugar de la primera parte de la prueba especialidad: Instalaci\u00f3n y Mantenimiento de Equipos T\u00e9rmicos y Fluidos (Cuerpo de Profesores T\u00e9cnicos de Formaci\u00f3n Profesional). Orden de 6 de abril de 2022<\/a><\/span><\/li>\n<li><span style=\"font-family: arial, helvetica, sans-serif;\"><a href=\"https:\/\/www.carm.es\/web\/descarga?ARCHIVO=Resoluci%C3%B3n%20convocatoria%20IMET.%20%28COPIA%29.pdf&amp;ALIAS=ARCH&amp;IDCONTENIDO=178250&amp;IDTIPO=60&amp;RASTRO=c77$m22725,22759,4254\">Resoluci\u00f3n de 23 de junio de 2022 de la Direcci\u00f3n General de Recursos Humanos, Planificaci\u00f3n Educativa y Evaluaci\u00f3n por la que se publica el d\u00eda, hora y lugar de la celebraci\u00f3n de la prueba de aptitud de la especialidad de Instalaci\u00f3n y Mantenimiento de Equipos T\u00e9rmicos y de Fluidos del Cuerpo de Profesores T\u00e9cnicos de Formaci\u00f3n Profesional.<\/a><\/span><\/li>\n<\/ul>\n<\/li>\n<\/ul>\n<\/li>\n<\/ul>\n<\/li>\n<li style=\"text-align: justify;\"><span style=\"font-family: arial, helvetica, sans-serif;\"><a href=\"https:\/\/www.carm.es\/web\/descarga?ARCHIVO=Resoluci%C3%B3n%20nombramiento%20Alem%C3%A1n%20%28590%29%20%28COPIA%29.pdf&amp;ALIAS=ARCH&amp;IDCONTENIDO=178227&amp;IDTIPO=60&amp;RASTRO=c77$m22725,22759,4254\">Resoluci\u00f3n de 22 de junio de 2022 de la Direcci\u00f3n General de Recursos Humanos, Planificaci\u00f3n Educativa y Evaluaci\u00f3n por la que se designa la comisi\u00f3n de selecci\u00f3n de aspirantes para cubrir plazas vacantes o sustituciones en la especialidad de <span style=\"color: #d4458b;\"><strong>Alem\u00e1n<\/strong><\/span> del Cuerpo de Profesores de Ense\u00f1anza Secundaria convocada por Orden de 6 de abril de 2022.<\/a><\/span>\n<ul>\n<li style=\"list-style-type: none;\">\n<ul>\n<li style=\"list-style-type: none;\">\n<ul>\n<li>\n<div><span style=\"font-family: arial, helvetica, sans-serif;\"><a href=\"https:\/\/www.carm.es\/web\/descarga?ARCHIVO=Resoluci%C3%B3n%20convocatoria%20prueba_Alem%C3%A1n%20%28590%29.%20%28COPIA%29.pdf&amp;ALIAS=ARCH&amp;IDCONTENIDO=178244&amp;IDTIPO=60&amp;RASTRO=c77$m22725,22759,4254\">Resoluci\u00f3n de 23 de junio de 2022 de la Direcci\u00f3n General de Recursos Humanos, Planificaci\u00f3n Educativa y Evaluaci\u00f3n por la que se publica el d\u00eda, hora y lugar de la celebraci\u00f3n de la prueba de aptitud de la especialidad de Alem\u00e1n del Cuerpo de Profesores de Ense\u00f1anza Secundaria.<\/a><\/span><\/div>\n<\/li>\n<li><span style=\"font-family: arial, helvetica, sans-serif;\"><a href=\"https:\/\/www.carm.es\/web\/descarga?ARCHIVO=Criterios%20de%20valoraci%C3%B3n%20de%20la%20especialidad%20de%20Alem%C3%A1n.pdf&amp;ALIAS=ARCH&amp;IDCONTENIDO=178243&amp;IDTIPO=60&amp;RASTRO=c77$m22725,22759,4254\">Prueba espec\u00edfica de aptitud. Fecha y lugar de la primera parte de la prueba especialidad: Alem\u00e1n (Cuerpo de Profesores de Ense\u00f1anza Secundaria). Orden de 6 de abril de 2022<\/a><\/span><\/li>\n<\/ul>\n<\/li>\n<\/ul>\n<\/li>\n<\/ul>\n<\/li>\n<li style=\"text-align: justify;\"><span style=\"font-family: arial, helvetica, sans-serif;\"><a href=\"https:\/\/www.carm.es\/web\/descarga?ARCHIVO=Resoluci%C3%B3n%20nombramiento%20Equipos%20Electr%C3%B3nicos%20%28COPIA%29.pdf&amp;ALIAS=ARCH&amp;IDCONTENIDO=178230&amp;IDTIPO=60&amp;RASTRO=c77$m22725,22759,4254\">Resoluci\u00f3n de 22 de junio de 2022 de la Direcci\u00f3n General de Recursos Humanos, Planificaci\u00f3n Educativa y Evaluaci\u00f3n por la que se designa la comisi\u00f3n de selecci\u00f3n de aspirantes para cubrir plazas vacantes o sustituciones en la especialidad de <span style=\"color: #d4458b;\"><strong>Equipos Electr\u00f3nicos<\/strong><\/span> del Cuerpo de Profesores T\u00e9cnicos de Formaci\u00f3n Profesional convocada por Orden de 6 de abril de 2022<\/a><\/span>\n<ul>\n<li style=\"list-style-type: none;\">\n<ul>\n<li style=\"list-style-type: none;\">\n<ul>\n<li style=\"text-align: justify;\"><span style=\"font-family: arial, helvetica, sans-serif;\"><a href=\"https:\/\/www.carm.es\/web\/descarga?ARCHIVO=Criterios%20de%20actuaci%C3%B3n%20y%20Valoraci%C3%B3n%20Equipos%20Electr%C3%B3nicos.pdf&amp;ALIAS=ARCH&amp;IDCONTENIDO=178255&amp;IDTIPO=60&amp;RASTRO=c77$m22725,22759,4254\">Prueba espec\u00edfica de aptitud. Criterios de valoraci\u00f3n de la prueba. Especialidad: Equipos Electr\u00f3nicos (Cuerpo de Profesores T\u00e9cnicos de Formaci\u00f3n Profesional). Orden de 6 de abril de 2022<\/a><\/span><\/li>\n<li><span style=\"font-family: arial, helvetica, sans-serif;\"><a href=\"https:\/\/www.carm.es\/web\/descarga?ARCHIVO=Resoluci%C3%B3n%20convocatoria%20Equipos%20Electr%C3%B3nicos.%20%28COPIA%29.pdf&amp;ALIAS=ARCH&amp;IDCONTENIDO=178261&amp;IDTIPO=60&amp;RASTRO=c77$m22725,22759,4254\">Resoluci\u00f3n de 23 de junio de 2022 de la Direcci\u00f3n General de Recursos Humanos, Planificaci\u00f3n Educativa y Evaluaci\u00f3n por la que se publica el d\u00eda, hora y lugar de la celebraci\u00f3n de la prueba de aptitud de la especialidad de Equipos Electr\u00f3nicos del Cuerpo de Profesores T\u00e9cnicos de Formaci\u00f3n Profesional.<\/a><\/span><\/li>\n<\/ul>\n<\/li>\n<\/ul>\n<\/li>\n<\/ul>\n<\/li>\n<li style=\"text-align: justify;\"><span style=\"font-family: arial, helvetica, sans-serif;\"><a href=\"https:\/\/www.carm.es\/web\/descarga?ARCHIVO=Resoluci%C3%B3n%20nombramiento%20Cante%20Flamenco%20%28COPIA%29.pdf&amp;ALIAS=ARCH&amp;IDCONTENIDO=178229&amp;IDTIPO=60&amp;RASTRO=c77$m22725,22759,4254\">Resoluci\u00f3n de 22 de junio de 2022 de la Direcci\u00f3n General de Recursos Humanos, Planificaci\u00f3n Educativa y Evaluaci\u00f3n por la que se designa la comisi\u00f3n de selecci\u00f3n de aspirantes para cubrir plazas vacantes o sustituciones en la especialidad de <span style=\"color: #d4458b;\"><strong>Cante Flamenco<\/strong><\/span> del Cuerpo de Profesores de M\u00fasica y Artes Esc\u00e9nicas convocada por Orden de 6 de abril de 2022<\/a><\/span>\n<ul>\n<li style=\"list-style-type: none;\">\n<ul>\n<li style=\"list-style-type: none;\">\n<ul>\n<li><span style=\"font-family: arial, helvetica, sans-serif;\"><a href=\"https:\/\/www.carm.es\/web\/descarga?ARCHIVO=criterios%20prueba%20de%20cante%20flamenco.%20pdf.pdf&amp;ALIAS=ARCH&amp;IDCONTENIDO=178248&amp;IDTIPO=60&amp;RASTRO=c77$m22725,22759,4254\">Prueba espec\u00edfica de aptitud. Fecha y lugar de la primera parte de la prueba especialidad: Cante Flamenco (Cuerpo De Profesores De M\u00fasica Y Artes Esc\u00e9nicas). Orden de 6 de abril de 2022<\/a><\/span><\/li>\n<li><a href=\"https:\/\/www.carm.es\/web\/descarga?ARCHIVO=Resoluci%C3%B3n%20convocatoria%20Cante%20Flamenco.%20%28COPIA%29.pdf&amp;ALIAS=ARCH&amp;IDCONTENIDO=178251&amp;IDTIPO=60&amp;RASTRO=c77$m22725,22759,4254\"><span style=\"font-family: arial, helvetica, sans-serif;\">Resoluci\u00f3n de 23 de junio de 2022 de la Direcci\u00f3n General de Recursos Humanos, Planificaci\u00f3n Educativa y Evaluaci\u00f3n por la que se publica el d\u00eda, hora y lugar de la celebraci\u00f3n de la prueba de aptitud de la especialidad de Cante Flamenco del Cuerpo de Profesores de M\u00fasica y Artes Esc\u00e9nicas.<\/span><\/a><\/li>\n<\/ul>\n<\/li>\n<\/ul>\n<\/li>\n<\/ul>\n<\/li>\n<li style=\"text-align: justify;\"><span style=\"font-family: arial, helvetica, sans-serif;\"><a href=\"https:\/\/www.carm.es\/web\/descarga?ARCHIVO=Resoluci%C3%B3n%20nombramiento%20AQI%20%28590%29%20%28COPIA%29.pdf&amp;ALIAS=ARCH&amp;IDCONTENIDO=178228&amp;IDTIPO=60&amp;RASTRO=c77$m22725,22759,4254\">Resoluci\u00f3n de 22 de junio de 2022 de la Direcci\u00f3n General de Recursos Humanos, Planificaci\u00f3n Educativa y Evaluaci\u00f3n por la que se designa la comisi\u00f3n de selecci\u00f3n de aspirantes para cubrir plazas vacantes o sustituciones en la especialidad de <span style=\"color: #d4458b;\"><strong>An\u00e1lisis y Qu\u00edmica Industrial<\/strong><\/span> del cuerpo de Profesores de Ense\u00f1anza Secundaria convocada por Orden de 6 de abril de 2022<\/a><\/span>\n<ul>\n<li style=\"list-style-type: none;\">\n<ul>\n<li style=\"list-style-type: none;\">\n<ul>\n<li><span style=\"font-family: arial, helvetica, sans-serif;\"><a href=\"https:\/\/www.carm.es\/web\/descarga?ARCHIVO=Criterios%20de%20valoraci%C3%B3n%202022%20%28COPIA%29.pdf&amp;ALIAS=ARCH&amp;IDCONTENIDO=178256&amp;IDTIPO=60&amp;RASTRO=c77$m22725,22759,4254\">Prueba espec\u00edfica de aptitud. Criterios de valoraci\u00f3n de la prueba. Especialidad: An\u00e1lisis y Qu\u00edmica Industrial (Cuerpo de Profesores de Ense\u00f1anza Secundaria). Orden de 6 de abril de 2022<\/a><\/span><\/li>\n<li><span style=\"font-family: arial, helvetica, sans-serif;\"><a href=\"https:\/\/www.carm.es\/web\/descarga?ARCHIVO=Resoluci%C3%B3n%20convocatoria%20AQI.%20%28COPIA%29.pdf&amp;ALIAS=ARCH&amp;IDCONTENIDO=178260&amp;IDTIPO=60&amp;RASTRO=c77$m22725,22759,4254\">Resoluci\u00f3n de 23 de junio de 2022 de la Direcci\u00f3n General de Recursos Humanos, Planificaci\u00f3n Educativa y Evaluaci\u00f3n por la que se publica el d\u00eda, hora y lugar de la celebraci\u00f3n de la prueba de aptitud de la especialidad de An\u00e1lisis y Qu\u00edmica Industrial del Cuerpo de Profesores de Ense\u00f1anza Secundaria.<\/a><\/span><\/li>\n<\/ul>\n<\/li>\n<\/ul>\n<\/li>\n<\/ul>\n<\/li>\n<li style=\"text-align: justify;\"><span style=\"font-family: arial, helvetica, sans-serif;\"><a href=\"https:\/\/www.carm.es\/web\/descarga?ARCHIVO=Resoluci%C3%B3n%20nombramiento%20Laboratorio%20%28COPIA%29.pdf&amp;ALIAS=ARCH&amp;IDCONTENIDO=178245&amp;IDTIPO=60&amp;RASTRO=c77$m22725,22759,4254\">Resoluci\u00f3n de 23 de junio de 2022 de la Direcci\u00f3n General de Recursos Humanos, Planificaci\u00f3n Educativa y Evaluaci\u00f3n por la que se designa la comisi\u00f3n de selecci\u00f3n de aspirantes para cubrir plazas vacantes o sustituciones en la especialidad de <span style=\"color: #d4458b;\"><strong>Laboratorio<\/strong><\/span> del Cuerpo de Profesores T\u00e9cnicos de Formaci\u00f3n Profesional convocada por Orden de 6 de abril de 2022.<\/a><\/span>\n<ul>\n<li style=\"list-style-type: none;\">\n<ul>\n<li style=\"list-style-type: none;\">\n<ul>\n<li><span style=\"font-family: arial, helvetica, sans-serif;\"><a href=\"https:\/\/www.carm.es\/web\/descarga?ARCHIVO=3%20CONVOCATORIA%20Y%20CRITERIOS%20PRUEBA%20LABORATORIO%202022%20%20%281%29.pdf&amp;ALIAS=ARCH&amp;IDCONTENIDO=178308&amp;IDTIPO=60&amp;RASTRO=c77$m22725,22759,4254\">Prueba espec\u00edfica de aptitud. Criterios de valoraci\u00f3n de la prueba. Especialidad: Laboratorio (Cuerpo de Profesores T\u00e9cnicos de Formaci\u00f3n Profesional). Orden de 6 de abril de 2022<\/a><\/span><\/li>\n<\/ul>\n<\/li>\n<\/ul>\n<\/li>\n<\/ul>\n<\/li>\n<li style=\"text-align: justify;\"><span style=\"font-family: arial, helvetica, sans-serif;\"><a href=\"https:\/\/www.carm.es\/web\/descarga?ARCHIVO=Resoluci%C3%B3n%20nombramiento%20Soldadura%20%28COPIA%29.pdf&amp;ALIAS=ARCH&amp;IDCONTENIDO=178238&amp;IDTIPO=60&amp;RASTRO=c77$m22725,22759,4254\">Resoluci\u00f3n de 22 de junio de 2022 de la Direcci\u00f3n General de Recursos Humanos, Planificaci\u00f3n Educativa y Evaluaci\u00f3n por la que se designa la comisi\u00f3n de selecci\u00f3n de aspirantes para cubrir plazas vacantes o sustituciones en la especialidad de <span style=\"color: #d4458b;\"><strong>Soldadura<\/strong> <\/span>del Cuerpo de Profesores T\u00e9cnicos de Formaci\u00f3n Profesional convocada por Orden de 6 de abril de 2022.<\/a><\/span>\n<ul>\n<li style=\"list-style-type: none;\">\n<ul>\n<li style=\"list-style-type: none;\">\n<ul>\n<li><span style=\"font-family: arial, helvetica, sans-serif;\"><a href=\"https:\/\/www.carm.es\/web\/descarga?ARCHIVO=Criterios%20valoraci%C3%B3n%20Soldadura%20publicados%20%28COPIA%29.pdf&amp;ALIAS=ARCH&amp;IDCONTENIDO=178268&amp;IDTIPO=60&amp;RASTRO=c77$m22725,22759,4254\">Prueba espec\u00edfica de aptitud. Criterios de valoraci\u00f3n de la prueba. Especialidad: Soldadura (Cuerpo de Profesores T\u00e9cnicos de Formaci\u00f3n Profesional). Orden de 6 de abril de 2022<\/a><\/span><\/li>\n<li><span style=\"font-family: arial, helvetica, sans-serif;\"><a href=\"https:\/\/www.carm.es\/web\/descarga?ARCHIVO=Resoluci%C3%B3n%20convocatoria%20Soldadura.%20%28COPIA%29.pdf&amp;ALIAS=ARCH&amp;IDCONTENIDO=178272&amp;IDTIPO=60&amp;RASTRO=c77$m22725,22759,4254\">Resoluci\u00f3n de 24 de junio de 2022 de la Direcci\u00f3n General de Recursos Humanos, Planificaci\u00f3n Educativa y Evaluaci\u00f3n por la que se publica el d\u00eda, hora y lugar de la celebraci\u00f3n de la prueba de aptitud de la especialidad de Soldadura del Cuerpo de Profesores T\u00e9cnicos de Formaci\u00f3n Profesional<\/a><\/span><\/li>\n<\/ul>\n<\/li>\n<\/ul>\n<\/li>\n<\/ul>\n<\/li>\n<li style=\"text-align: justify;\"><span style=\"font-family: arial, helvetica, sans-serif;\"><a href=\"https:\/\/www.carm.es\/web\/descarga?ARCHIVO=Resoluci%C3%B3n%20nombramiento%20Sistemas%20Electr%C3%B3nicos%20%28COPIA%29.pdf&amp;ALIAS=ARCH&amp;IDCONTENIDO=178237&amp;IDTIPO=60&amp;RASTRO=c77$m22725,22759,4254\">Resoluci\u00f3n de 22 de junio de 2022 de la Direcci\u00f3n General de Recursos Humanos, Planificaci\u00f3n Educativa y Evaluaci\u00f3n por la que se designa la comisi\u00f3n de selecci\u00f3n de aspirantes para cubrir plazas vacantes o sustituciones en la especialidad de <span style=\"color: #d4458b;\"><strong>Sistemas Electr\u00f3nicos<\/strong><\/span> del Cuerpo de Profesores de Ense\u00f1anza Secundaria convocada por Orden de 6 de abril de 2022.<\/a><\/span><\/li>\n<li style=\"text-align: justify;\"><span style=\"font-family: arial, helvetica, sans-serif;\"><a href=\"https:\/\/www.carm.es\/web\/descarga?ARCHIVO=Correcci%C3%B3n%20error%20Sistemas%20Electr%C3%B3nicos%20%28COPIA%29.pdf&amp;ALIAS=ARCH&amp;IDCONTENIDO=178259&amp;IDTIPO=60&amp;RASTRO=c77$m22725,22759,4254\">Correcci\u00f3n de error de la Resoluci\u00f3n de la Direcci\u00f3n General de Recursos Humanos, Planificaci\u00f3n Educativa y Evaluaci\u00f3n por la que se designa la comisi\u00f3n de selecci\u00f3n de aspirantes para cubrir plazas vacantes o sustituciones en la especialidad de Sistemas Electr\u00f3nicos del Cuerpo de Profesores de Ense\u00f1anza Secundaria convocada por Orden de 6 de abril de 2022.<\/a>\u00a0<\/span>\n<ul>\n<li style=\"list-style-type: none;\">\n<ul>\n<li style=\"list-style-type: none;\">\n<ul>\n<li><span style=\"font-family: arial, helvetica, sans-serif;\"><a href=\"https:\/\/www.carm.es\/web\/descarga?ARCHIVO=PRUEBA%20ESPEC%C3%8DFICA%20DE%20APTITUD%20Sistemas%20Electr%C3%B3nicos%20%28COPIA%29%20%281%29.pdf&amp;ALIAS=ARCH&amp;IDCONTENIDO=178254&amp;IDTIPO=60&amp;RASTRO=c77$m22725,22759,4254\">Prueba espec\u00edfica de aptitud. Criterios de valoraci\u00f3n de la prueba. Especialidad: Sistemas Electr\u00f3nicos (Cuerpo de Profesores de Ense\u00f1anza Secundaria). Orden de 6 de abril de 2022<\/a><\/span><\/li>\n<li><span style=\"font-family: arial, helvetica, sans-serif;\"><a href=\"https:\/\/www.carm.es\/web\/descarga?ARCHIVO=Resoluci%C3%B3n%20convocatoria%20Sisteamas%20Electr%C3%B3nicos.%20%28COPIA%29.pdf&amp;ALIAS=ARCH&amp;IDCONTENIDO=178262&amp;IDTIPO=60&amp;RASTRO=c77$m22725,22759,4254\">Resoluci\u00f3n de 23 de junio de 2022 de la Direcci\u00f3n General de Recursos Humanos, planificaci\u00f3n Educativa y Evaluaci\u00f3n por la que se publica el d\u00eda, hora y lugar de la celebraci\u00f3n de la prueba de aptitud de la especialidad de Sistemas Electr\u00f3nicos del Cuerpo de Profesores de Ense\u00f1anza Secundaria.<\/a><\/span><\/li>\n<\/ul>\n<\/li>\n<\/ul>\n<\/li>\n<\/ul>\n<\/li>\n<li style=\"text-align: justify;\"><span style=\"font-family: arial, helvetica, sans-serif;\"><a href=\"https:\/\/www.carm.es\/web\/descarga?ARCHIVO=Resoluci%C3%B3n%20nombramiento%20Organizaci%C3%B3n%20y%20Procesos%20%28590%29%20%28COPIA%29.pdf&amp;ALIAS=ARCH&amp;IDCONTENIDO=178236&amp;IDTIPO=60&amp;RASTRO=c77$m22725,22759,4254\">Resoluci\u00f3n de 22 de junio de 2022 de la Direcci\u00f3n General de Recursos Humanos, Planificaci\u00f3n Educativa y Evaluaci\u00f3n por la que se designa la comisi\u00f3n de selecci\u00f3n de aspirantes para cubrir plazas vacantes o sustituciones en la especialidad de <span style=\"color: #d4458b;\"><strong>Organizaci\u00f3n y Procesos de Mantenimiento de Veh\u00edculos<\/strong><\/span> del Cuerpo de Profesores de Ense\u00f1anza Secundaria convocada por Orden de 6 de abril de 2022<\/a><\/span>\n<ul>\n<li style=\"list-style-type: none;\">\n<ul>\n<li style=\"list-style-type: none;\">\n<ul>\n<li><a href=\"https:\/\/www.carm.es\/web\/descarga?ARCHIVO=Convocatoria%20firmada%20OPMV.pdf&amp;ALIAS=ARCH&amp;IDCONTENIDO=178346&amp;IDTIPO=60&amp;RASTRO=c77$m22725,22759,4254\"><span style=\"font-family: arial, helvetica, sans-serif;\">Convocatoria, criterios de valoraci\u00f3n y duraci\u00f3n de la prueba espec\u00edfica de aptitud. Especialidad: Organizaci\u00f3n y Procesos de Mantenimiento de Veh\u00edculos. Orden de 6 de abril de 2022 de la Consejer\u00eda de Educaci\u00f3n<\/span><\/a><\/li>\n<li><span style=\"font-family: arial, helvetica, sans-serif;\"><a href=\"https:\/\/www.carm.es\/web\/descarga?ARCHIVO=Resoluci%C3%B3n%20convocatoria%20OPMV.%20%28COPIA%29%20-%20copia.pdf&amp;ALIAS=ARCH&amp;IDCONTENIDO=178349&amp;IDTIPO=60&amp;RASTRO=c77$m22725,22759,4254\">Resoluci\u00f3n de 29 de junio de 2022 de la Direcci\u00f3n General de Recursos Humanos, Planificaci\u00f3n Educativa y Evaluaci\u00f3n por la que se publica el d\u00eda, hora y lugar de la celebraci\u00f3n de la prueba de aptitud de la especialidad de Organizaci\u00f3n y Procesos de Mantenimiento de Veh\u00edculos del Cuerpo de Profesores de Ense\u00f1anza Secundaria.<\/a><\/span><\/li>\n<\/ul>\n<\/li>\n<\/ul>\n<\/li>\n<\/ul>\n<\/li>\n<li style=\"text-align: justify;\"><span style=\"font-family: arial, helvetica, sans-serif;\"><a href=\"https:\/\/www.carm.es\/web\/descarga?ARCHIVO=Resoluci%C3%B3n%20nombramiento%20Ingl%C3%A9s%20%28COPIA%29.pdf&amp;ALIAS=ARCH&amp;IDCONTENIDO=178234&amp;IDTIPO=60&amp;RASTRO=c77$m22725,22759,4254\">Resoluci\u00f3n de 22 de junio de 2022 de la Direcci\u00f3n General de Recursos Humanos, Planificaci\u00f3n Educativa y Evaluaci\u00f3n por la que se designa la comisi\u00f3n de selecci\u00f3n de aspirantes para cubrir plazas vacantes o sustituciones en la especialidad de <span style=\"color: #d4458b;\"><strong>Ingl\u00e9s<\/strong> <\/span>del Cuerpo de Profesores de Escuelas Oficiales de Idiomas convocada por Orden de 6 de abril de 2022<\/a><\/span>\n<ul>\n<li style=\"list-style-type: none;\">\n<ul>\n<li style=\"list-style-type: none;\">\n<ul>\n<li><span style=\"font-family: arial, helvetica, sans-serif;\"><a href=\"https:\/\/www.carm.es\/web\/descarga?ARCHIVO=03_Criterios%20de%20valoracio%C2%BFn%20%28COPIA%29.pdf&amp;ALIAS=ARCH&amp;IDCONTENIDO=178350&amp;IDTIPO=60&amp;RASTRO=c77$m22725,22759,4254\">Criterios de actuaci\u00f3n y valoraci\u00f3n. Prueba espec\u00edfica de aptitud de la especialidad de Ingl\u00e9s, del Cuerpo de Profesores de Escuelas Oficiales de Idiomas. Orden de 6 de abril de 2022 de la Consejer\u00eda de Educaci\u00f3n<\/a><\/span><\/li>\n<li><span style=\"font-family: arial, helvetica, sans-serif;\"><a href=\"https:\/\/www.carm.es\/web\/descarga?ARCHIVO=Resoluci%C3%B3n%20convocatoria%20prueba_Ingl%C3%A9s%20%28EOI%29.%20%28COPIA%29.pdf&amp;ALIAS=ARCH&amp;IDCONTENIDO=178359&amp;IDTIPO=60&amp;RASTRO=c77$m22725,22759,4254\">Resoluci\u00f3n de 30 de junio de 2022 de la Direcci\u00f3n General de Recursos Humanos, Planificaci\u00f3n Educativa y Evaluaci\u00f3n por la que se publica el d\u00eda, hora y lugar de la celebraci\u00f3n de la prueba de aptitud de la especialidad de Ingl\u00e9s del Cuerpo de Profesores de Escuelas Oficiales de Idiomas.<\/a><\/span><\/li>\n<\/ul>\n<\/li>\n<\/ul>\n<\/li>\n<\/ul>\n<\/li>\n<li style=\"text-align: justify;\"><span style=\"font-family: arial, helvetica, sans-serif;\"><a href=\"https:\/\/www.carm.es\/web\/descarga?ARCHIVO=Resoluci%C3%B3n%20nombramiento%20Franc%C3%A9s%20%28COPIA%29.pdf&amp;ALIAS=ARCH&amp;IDCONTENIDO=178231&amp;IDTIPO=60&amp;RASTRO=c77$m22725,22759,4254\">Resoluci\u00f3n de 22 de junio de 2022 de la Direcci\u00f3n General de Recursos Humanos, Planificaci\u00f3n Educativa y Evaluaci\u00f3n por la que se designa la comisi\u00f3n de selecci\u00f3n de aspirantes para cubrir plazas vacantes o sustituciones en la especialidad de <span style=\"color: #d4458b;\"><strong>Franc\u00e9s<\/strong> <\/span>del Cuerpo de Profesores de Escuelas Oficiales de Idiomas convocada por Orden de 6 de abril de 2022<\/a><\/span>\n<ul>\n<li style=\"list-style-type: none;\">\n<ul>\n<li style=\"list-style-type: none;\">\n<ul>\n<li><span style=\"font-family: arial, helvetica, sans-serif;\"><a href=\"https:\/\/www.carm.es\/web\/descarga?ARCHIVO=03.%20Criterios%20valoracion%20EOI%202022%20%28COPIA%29.pdf&amp;ALIAS=ARCH&amp;IDCONTENIDO=178414&amp;IDTIPO=60&amp;RASTRO=c77$m22725,22759,4254\">Criterios de valoraci\u00f3n. Prueba espec\u00edfica de aptitud. Orden de 6 de abril de 2022. Especialidad: Franc\u00e9s. Cuerpo de Profesores de Escuelas Oficiales de Idiomas<\/a><\/span><\/li>\n<li><a href=\"https:\/\/www.carm.es\/web\/descarga?ARCHIVO=Resoluci%C3%B3n%20convocatoria%20prueba_Franc%C3%A9s%20%28EOI%29.%20%28COPIA%29.pdf&amp;ALIAS=ARCH&amp;IDCONTENIDO=178420&amp;IDTIPO=60&amp;RASTRO=c77$m22725,22759,4254\"><span style=\"font-family: arial, helvetica, sans-serif;\">Resoluci\u00f3n de 4 de julio de 2022 de la Direcci\u00f3n General de Recursos Humanos, Planificaci\u00f3n Educativa y Evaluaci\u00f3n por la que se publica el d\u00eda, hora y lugar de la celebraci\u00f3n de la prueba de aptitud de la especialidad de Franc\u00e9s del Cuerpo de Profesores de Escuelas Oficiales de Idiomas.<\/span><\/a><\/li>\n<\/ul>\n<\/li>\n<\/ul>\n<\/li>\n<\/ul>\n<\/li>\n<li style=\"text-align: justify;\"><span style=\"font-family: arial, helvetica, sans-serif;\"><a href=\"https:\/\/www.carm.es\/web\/descarga?ARCHIVO=Resoluci%C3%B3n%20nombramiento%20Instalaciones%20Electrot%C3%A9cnicas%20%28COPIA%29.pdf&amp;ALIAS=ARCH&amp;IDCONTENIDO=178253&amp;IDTIPO=60&amp;RASTRO=c77$m22725,22759,4254\">Resoluci\u00f3n de 23 de junio de 2022 de la Direcci\u00f3n General de Recursos Humanos, Planificaci\u00f3n Educativa y Evaluaci\u00f3n por la que se designa la comisi\u00f3n de selecci\u00f3n de aspirantes para cubrir plazas vacantes o sustituciones en la especialidad de <span style=\"color: #d4458b;\"><strong>Instalaciones Electrot\u00e9cnicas<\/strong><\/span> del Cuerpo de Profesores T\u00e9cnicos de formaci\u00f3n profesional convocada por Orden de 6 de abril de 2022.<\/a><\/span>\n<ul>\n<li style=\"list-style-type: none;\">\n<ul>\n<li style=\"list-style-type: none;\">\n<ul>\n<li style=\"text-align: justify;\"><a href=\"https:\/\/www.carm.es\/web\/descarga?ARCHIVO=Criterios%20de%20actuaci%C3%B3n%20y%20Valoraci%C3%B3n.pdf&amp;ALIAS=ARCH&amp;IDCONTENIDO=178292&amp;IDTIPO=60&amp;RASTRO=c77$m22725,22759,4254\"><span style=\"font-family: arial, helvetica, sans-serif;\">Prueba espec\u00edfica de aptitud. Criterios de valoraci\u00f3n de la prueba. Especialidad: Instalaciones Electrot\u00e9cnicas (Cuerpo de Profesores T\u00e9cnicos de Formaci\u00f3n Profesional). Orden de 6 de abril de 2022<\/span><\/a><\/li>\n<li><span style=\"font-family: arial, helvetica, sans-serif;\"><a href=\"https:\/\/www.carm.es\/web\/descarga?ARCHIVO=Resoluci%C3%B3n%20convocatoria%20Instalaciones%20Electrot%C3%A9cnicas.%20%28COPIA%29.pdf&amp;ALIAS=ARCH&amp;IDCONTENIDO=178291&amp;IDTIPO=60&amp;RASTRO=c77$m22725,22759,4254\">Resoluci\u00f3n de 27 de junio de 2022 de la Direcci\u00f3n General de Recursos Humanos, Planificaci\u00f3n Educativa y Evaluaci\u00f3n por la que se publica el d\u00eda, hora y lugar de la celebraci\u00f3n de la prueba de aptitud de la especialidad de Instalaciones electrot\u00e9cnicas del Cuerpo de Profesores T\u00e9cnicos de Formaci\u00f3n Profesional.<\/a><\/span><\/li>\n<\/ul>\n<\/li>\n<\/ul>\n<\/li>\n<\/ul>\n<\/li>\n<\/ul>\n","protected":false},"excerpt":{"rendered":"<p>Resoluci\u00f3n de 22 de junio de 2022 de la Direcci\u00f3n General de Recursos Humanos, Planificaci\u00f3n Educativa y Evaluaci\u00f3n por la &#8230; <a title=\"Pruebas espec\u00edficas de aptitud de la Convocatoria extraordinaria de interinos de abril para Secundaria, Fp y otros cuerpos\" class=\"read-more\" href=\"https:\/\/sidimurcia.org\/index.php\/2022\/06\/23\/pruebas-especificas-de-aptitud-de-la-convocatoria-extraordinaria-de-interinos-de-abril-para-secundaria-fp-y-otros-cuerpos\/\" aria-label=\"Leer m\u00e1s sobre Pruebas espec\u00edficas de aptitud de la Convocatoria extraordinaria de interinos de abril para Secundaria, Fp y otros cuerpos\">Leer mas<\/a><\/p>\n","protected":false},"author":2,"featured_media":0,"comment_status":"closed","ping_status":"closed","sticky":false,"template":"","format":"standard","meta":{"footnotes":""},"categories":[4,81],"tags":[],"class_list":["post-13496","post","type-post","status-publish","format-standard","hentry","category-bolsa-extraordinaria","category-pruebas-bolsa-extraordinaria"],"yoast_head":"<!-- This site is optimized with the Yoast SEO plugin v27.2 - https:\/\/yoast.com\/product\/yoast-seo-wordpress\/ -->\n<title>Pruebas espec\u00edficas de aptitud de la Convocatoria extraordinaria de interinos de abril para Secundaria, Fp y otros cuerpos - SIDI<\/title>\n<meta name=\"description\" content=\"Sindicato Independiente de Docentes. Funcionarios e Interinos. Afiliaci\u00f3n 1eur\/mes. Defendemos la educaci\u00f3n p\u00fablica.\" \/>\n<meta name=\"robots\" content=\"index, follow, max-snippet:-1, max-image-preview:large, max-video-preview:-1\" \/>\n<link rel=\"canonical\" href=\"https:\/\/sidimurcia.org\/index.php\/2022\/06\/23\/pruebas-especificas-de-aptitud-de-la-convocatoria-extraordinaria-de-interinos-de-abril-para-secundaria-fp-y-otros-cuerpos\/\" \/>\n<meta property=\"og:locale\" content=\"es_ES\" \/>\n<meta property=\"og:type\" content=\"article\" \/>\n<meta property=\"og:title\" content=\"Pruebas espec\u00edficas de aptitud de la Convocatoria extraordinaria de interinos de abril para Secundaria, Fp y otros cuerpos - SIDI\" \/>\n<meta property=\"og:description\" content=\"Sindicato Independiente de Docentes. Funcionarios e Interinos. Afiliaci\u00f3n 1eur\/mes. Defendemos la educaci\u00f3n p\u00fablica.\" \/>\n<meta property=\"og:url\" content=\"https:\/\/sidimurcia.org\/index.php\/2022\/06\/23\/pruebas-especificas-de-aptitud-de-la-convocatoria-extraordinaria-de-interinos-de-abril-para-secundaria-fp-y-otros-cuerpos\/\" \/>\n<meta property=\"og:site_name\" content=\"SIDI\" \/>\n<meta property=\"article:publisher\" content=\"https:\/\/es-es.facebook.com\/sidi.sindicatodedocentes\" \/>\n<meta property=\"article:published_time\" content=\"2022-06-23T10:31:57+00:00\" \/>\n<meta property=\"article:modified_time\" content=\"2022-07-04T12:04:18+00:00\" \/>\n<meta name=\"author\" content=\"Jose Luis Torrente\" \/>\n<meta name=\"twitter:card\" content=\"summary_large_image\" \/>\n<meta name=\"twitter:creator\" content=\"@SIDIMURCIA\" \/>\n<meta name=\"twitter:site\" content=\"@SIDIMURCIA\" \/>\n<meta name=\"twitter:label1\" content=\"Escrito por\" \/>\n\t<meta name=\"twitter:data1\" content=\"Jose Luis Torrente\" \/>\n\t<meta name=\"twitter:label2\" content=\"Tiempo de lectura\" \/>\n\t<meta name=\"twitter:data2\" content=\"9 minutos\" \/>\n<script type=\"application\/ld+json\" class=\"yoast-schema-graph\">{\"@context\":\"https:\/\/schema.org\",\"@graph\":[{\"@type\":\"Article\",\"@id\":\"https:\/\/sidimurcia.org\/index.php\/2022\/06\/23\/pruebas-especificas-de-aptitud-de-la-convocatoria-extraordinaria-de-interinos-de-abril-para-secundaria-fp-y-otros-cuerpos\/#article\",\"isPartOf\":{\"@id\":\"https:\/\/sidimurcia.org\/index.php\/2022\/06\/23\/pruebas-especificas-de-aptitud-de-la-convocatoria-extraordinaria-de-interinos-de-abril-para-secundaria-fp-y-otros-cuerpos\/\"},\"author\":{\"name\":\"Jose Luis Torrente\",\"@id\":\"https:\/\/sidimurcia.org\/#\/schema\/person\/3f3207f88fb267669a31f8f46f76f86c\"},\"headline\":\"Pruebas espec\u00edficas de aptitud de la Convocatoria extraordinaria de interinos de abril para Secundaria, Fp y otros cuerpos\",\"datePublished\":\"2022-06-23T10:31:57+00:00\",\"dateModified\":\"2022-07-04T12:04:18+00:00\",\"mainEntityOfPage\":{\"@id\":\"https:\/\/sidimurcia.org\/index.php\/2022\/06\/23\/pruebas-especificas-de-aptitud-de-la-convocatoria-extraordinaria-de-interinos-de-abril-para-secundaria-fp-y-otros-cuerpos\/\"},\"wordCount\":1846,\"publisher\":{\"@id\":\"https:\/\/sidimurcia.org\/#organization\"},\"articleSection\":[\"Bolsa Extraordinaria\",\"Murcia-Relativo-a-Pruebas-de-Selecci\u00f3n\"],\"inLanguage\":\"es\"},{\"@type\":\"WebPage\",\"@id\":\"https:\/\/sidimurcia.org\/index.php\/2022\/06\/23\/pruebas-especificas-de-aptitud-de-la-convocatoria-extraordinaria-de-interinos-de-abril-para-secundaria-fp-y-otros-cuerpos\/\",\"url\":\"https:\/\/sidimurcia.org\/index.php\/2022\/06\/23\/pruebas-especificas-de-aptitud-de-la-convocatoria-extraordinaria-de-interinos-de-abril-para-secundaria-fp-y-otros-cuerpos\/\",\"name\":\"Pruebas espec\u00edficas de aptitud de la Convocatoria extraordinaria de interinos de abril para Secundaria, Fp y otros cuerpos - SIDI\",\"isPartOf\":{\"@id\":\"https:\/\/sidimurcia.org\/#website\"},\"datePublished\":\"2022-06-23T10:31:57+00:00\",\"dateModified\":\"2022-07-04T12:04:18+00:00\",\"description\":\"Sindicato Independiente de Docentes. Funcionarios e Interinos. Afiliaci\u00f3n 1eur\/mes. Defendemos la educaci\u00f3n p\u00fablica.\",\"breadcrumb\":{\"@id\":\"https:\/\/sidimurcia.org\/index.php\/2022\/06\/23\/pruebas-especificas-de-aptitud-de-la-convocatoria-extraordinaria-de-interinos-de-abril-para-secundaria-fp-y-otros-cuerpos\/#breadcrumb\"},\"inLanguage\":\"es\",\"potentialAction\":[{\"@type\":\"ReadAction\",\"target\":[\"https:\/\/sidimurcia.org\/index.php\/2022\/06\/23\/pruebas-especificas-de-aptitud-de-la-convocatoria-extraordinaria-de-interinos-de-abril-para-secundaria-fp-y-otros-cuerpos\/\"]}]},{\"@type\":\"BreadcrumbList\",\"@id\":\"https:\/\/sidimurcia.org\/index.php\/2022\/06\/23\/pruebas-especificas-de-aptitud-de-la-convocatoria-extraordinaria-de-interinos-de-abril-para-secundaria-fp-y-otros-cuerpos\/#breadcrumb\",\"itemListElement\":[{\"@type\":\"ListItem\",\"position\":1,\"name\":\"Portada\",\"item\":\"https:\/\/sidimurcia.org\/\"},{\"@type\":\"ListItem\",\"position\":2,\"name\":\"Pruebas espec\u00edficas de aptitud de la Convocatoria extraordinaria de interinos de abril para Secundaria, Fp y otros cuerpos\"}]},{\"@type\":\"WebSite\",\"@id\":\"https:\/\/sidimurcia.org\/#website\",\"url\":\"https:\/\/sidimurcia.org\/\",\"name\":\"SIDI\",\"description\":\"Sindicato Independiente de Docentes\",\"publisher\":{\"@id\":\"https:\/\/sidimurcia.org\/#organization\"},\"potentialAction\":[{\"@type\":\"SearchAction\",\"target\":{\"@type\":\"EntryPoint\",\"urlTemplate\":\"https:\/\/sidimurcia.org\/?s={search_term_string}\"},\"query-input\":{\"@type\":\"PropertyValueSpecification\",\"valueRequired\":true,\"valueName\":\"search_term_string\"}}],\"inLanguage\":\"es\"},{\"@type\":\"Organization\",\"@id\":\"https:\/\/sidimurcia.org\/#organization\",\"name\":\"Sindicato Independiente de Docentes - SIDI\",\"url\":\"https:\/\/sidimurcia.org\/\",\"logo\":{\"@type\":\"ImageObject\",\"inLanguage\":\"es\",\"@id\":\"https:\/\/sidimurcia.org\/#\/schema\/logo\/image\/\",\"url\":\"https:\/\/sidimurcia.org\/wp-content\/uploads\/cropped-PARAPESTANAWEB-1.jpg\",\"contentUrl\":\"https:\/\/sidimurcia.org\/wp-content\/uploads\/cropped-PARAPESTANAWEB-1.jpg\",\"width\":512,\"height\":512,\"caption\":\"Sindicato Independiente de Docentes - SIDI\"},\"image\":{\"@id\":\"https:\/\/sidimurcia.org\/#\/schema\/logo\/image\/\"},\"sameAs\":[\"https:\/\/es-es.facebook.com\/sidi.sindicatodedocentes\",\"https:\/\/x.com\/SIDIMURCIA\",\"https:\/\/www.instagram.com\/sidi_murcia\/\",\"https:\/\/www.youtube.com\/channel\/UCwwdL3uFtDKJdbOfmC70wIQ\"]},{\"@type\":\"Person\",\"@id\":\"https:\/\/sidimurcia.org\/#\/schema\/person\/3f3207f88fb267669a31f8f46f76f86c\",\"name\":\"Jose Luis Torrente\",\"image\":{\"@type\":\"ImageObject\",\"inLanguage\":\"es\",\"@id\":\"https:\/\/secure.gravatar.com\/avatar\/8ac4c0d28cf03f62a37681e633afaf3faec3a7bd495cdfb9b6a7ec6cf281b29c?s=96&d=mm&r=g\",\"url\":\"https:\/\/secure.gravatar.com\/avatar\/8ac4c0d28cf03f62a37681e633afaf3faec3a7bd495cdfb9b6a7ec6cf281b29c?s=96&d=mm&r=g\",\"contentUrl\":\"https:\/\/secure.gravatar.com\/avatar\/8ac4c0d28cf03f62a37681e633afaf3faec3a7bd495cdfb9b6a7ec6cf281b29c?s=96&d=mm&r=g\",\"caption\":\"Jose Luis Torrente\"},\"url\":\"https:\/\/sidimurcia.org\/index.php\/author\/joseltorrente\/\"}]}<\/script>\n<!-- \/ Yoast SEO plugin. -->","yoast_head_json":{"title":"Pruebas espec\u00edficas de aptitud de la Convocatoria extraordinaria de interinos de abril para Secundaria, Fp y otros cuerpos - SIDI","description":"Sindicato Independiente de Docentes. Funcionarios e Interinos. Afiliaci\u00f3n 1eur\/mes. Defendemos la educaci\u00f3n p\u00fablica.","robots":{"index":"index","follow":"follow","max-snippet":"max-snippet:-1","max-image-preview":"max-image-preview:large","max-video-preview":"max-video-preview:-1"},"canonical":"https:\/\/sidimurcia.org\/index.php\/2022\/06\/23\/pruebas-especificas-de-aptitud-de-la-convocatoria-extraordinaria-de-interinos-de-abril-para-secundaria-fp-y-otros-cuerpos\/","og_locale":"es_ES","og_type":"article","og_title":"Pruebas espec\u00edficas de aptitud de la Convocatoria extraordinaria de interinos de abril para Secundaria, Fp y otros cuerpos - SIDI","og_description":"Sindicato Independiente de Docentes. Funcionarios e Interinos. Afiliaci\u00f3n 1eur\/mes. Defendemos la educaci\u00f3n p\u00fablica.","og_url":"https:\/\/sidimurcia.org\/index.php\/2022\/06\/23\/pruebas-especificas-de-aptitud-de-la-convocatoria-extraordinaria-de-interinos-de-abril-para-secundaria-fp-y-otros-cuerpos\/","og_site_name":"SIDI","article_publisher":"https:\/\/es-es.facebook.com\/sidi.sindicatodedocentes","article_published_time":"2022-06-23T10:31:57+00:00","article_modified_time":"2022-07-04T12:04:18+00:00","author":"Jose Luis Torrente","twitter_card":"summary_large_image","twitter_creator":"@SIDIMURCIA","twitter_site":"@SIDIMURCIA","twitter_misc":{"Escrito por":"Jose Luis Torrente","Tiempo de lectura":"9 minutos"},"schema":{"@context":"https:\/\/schema.org","@graph":[{"@type":"Article","@id":"https:\/\/sidimurcia.org\/index.php\/2022\/06\/23\/pruebas-especificas-de-aptitud-de-la-convocatoria-extraordinaria-de-interinos-de-abril-para-secundaria-fp-y-otros-cuerpos\/#article","isPartOf":{"@id":"https:\/\/sidimurcia.org\/index.php\/2022\/06\/23\/pruebas-especificas-de-aptitud-de-la-convocatoria-extraordinaria-de-interinos-de-abril-para-secundaria-fp-y-otros-cuerpos\/"},"author":{"name":"Jose Luis Torrente","@id":"https:\/\/sidimurcia.org\/#\/schema\/person\/3f3207f88fb267669a31f8f46f76f86c"},"headline":"Pruebas espec\u00edficas de aptitud de la Convocatoria extraordinaria de interinos de abril para Secundaria, Fp y otros cuerpos","datePublished":"2022-06-23T10:31:57+00:00","dateModified":"2022-07-04T12:04:18+00:00","mainEntityOfPage":{"@id":"https:\/\/sidimurcia.org\/index.php\/2022\/06\/23\/pruebas-especificas-de-aptitud-de-la-convocatoria-extraordinaria-de-interinos-de-abril-para-secundaria-fp-y-otros-cuerpos\/"},"wordCount":1846,"publisher":{"@id":"https:\/\/sidimurcia.org\/#organization"},"articleSection":["Bolsa Extraordinaria","Murcia-Relativo-a-Pruebas-de-Selecci\u00f3n"],"inLanguage":"es"},{"@type":"WebPage","@id":"https:\/\/sidimurcia.org\/index.php\/2022\/06\/23\/pruebas-especificas-de-aptitud-de-la-convocatoria-extraordinaria-de-interinos-de-abril-para-secundaria-fp-y-otros-cuerpos\/","url":"https:\/\/sidimurcia.org\/index.php\/2022\/06\/23\/pruebas-especificas-de-aptitud-de-la-convocatoria-extraordinaria-de-interinos-de-abril-para-secundaria-fp-y-otros-cuerpos\/","name":"Pruebas espec\u00edficas de aptitud de la Convocatoria extraordinaria de interinos de abril para Secundaria, Fp y otros cuerpos - SIDI","isPartOf":{"@id":"https:\/\/sidimurcia.org\/#website"},"datePublished":"2022-06-23T10:31:57+00:00","dateModified":"2022-07-04T12:04:18+00:00","description":"Sindicato Independiente de Docentes. Funcionarios e Interinos. Afiliaci\u00f3n 1eur\/mes. Defendemos la educaci\u00f3n p\u00fablica.","breadcrumb":{"@id":"https:\/\/sidimurcia.org\/index.php\/2022\/06\/23\/pruebas-especificas-de-aptitud-de-la-convocatoria-extraordinaria-de-interinos-de-abril-para-secundaria-fp-y-otros-cuerpos\/#breadcrumb"},"inLanguage":"es","potentialAction":[{"@type":"ReadAction","target":["https:\/\/sidimurcia.org\/index.php\/2022\/06\/23\/pruebas-especificas-de-aptitud-de-la-convocatoria-extraordinaria-de-interinos-de-abril-para-secundaria-fp-y-otros-cuerpos\/"]}]},{"@type":"BreadcrumbList","@id":"https:\/\/sidimurcia.org\/index.php\/2022\/06\/23\/pruebas-especificas-de-aptitud-de-la-convocatoria-extraordinaria-de-interinos-de-abril-para-secundaria-fp-y-otros-cuerpos\/#breadcrumb","itemListElement":[{"@type":"ListItem","position":1,"name":"Portada","item":"https:\/\/sidimurcia.org\/"},{"@type":"ListItem","position":2,"name":"Pruebas espec\u00edficas de aptitud de la Convocatoria extraordinaria de interinos de abril para Secundaria, Fp y otros cuerpos"}]},{"@type":"WebSite","@id":"https:\/\/sidimurcia.org\/#website","url":"https:\/\/sidimurcia.org\/","name":"SIDI","description":"Sindicato Independiente de Docentes","publisher":{"@id":"https:\/\/sidimurcia.org\/#organization"},"potentialAction":[{"@type":"SearchAction","target":{"@type":"EntryPoint","urlTemplate":"https:\/\/sidimurcia.org\/?s={search_term_string}"},"query-input":{"@type":"PropertyValueSpecification","valueRequired":true,"valueName":"search_term_string"}}],"inLanguage":"es"},{"@type":"Organization","@id":"https:\/\/sidimurcia.org\/#organization","name":"Sindicato Independiente de Docentes - SIDI","url":"https:\/\/sidimurcia.org\/","logo":{"@type":"ImageObject","inLanguage":"es","@id":"https:\/\/sidimurcia.org\/#\/schema\/logo\/image\/","url":"https:\/\/sidimurcia.org\/wp-content\/uploads\/cropped-PARAPESTANAWEB-1.jpg","contentUrl":"https:\/\/sidimurcia.org\/wp-content\/uploads\/cropped-PARAPESTANAWEB-1.jpg","width":512,"height":512,"caption":"Sindicato Independiente de Docentes - SIDI"},"image":{"@id":"https:\/\/sidimurcia.org\/#\/schema\/logo\/image\/"},"sameAs":["https:\/\/es-es.facebook.com\/sidi.sindicatodedocentes","https:\/\/x.com\/SIDIMURCIA","https:\/\/www.instagram.com\/sidi_murcia\/","https:\/\/www.youtube.com\/channel\/UCwwdL3uFtDKJdbOfmC70wIQ"]},{"@type":"Person","@id":"https:\/\/sidimurcia.org\/#\/schema\/person\/3f3207f88fb267669a31f8f46f76f86c","name":"Jose Luis Torrente","image":{"@type":"ImageObject","inLanguage":"es","@id":"https:\/\/secure.gravatar.com\/avatar\/8ac4c0d28cf03f62a37681e633afaf3faec3a7bd495cdfb9b6a7ec6cf281b29c?s=96&d=mm&r=g","url":"https:\/\/secure.gravatar.com\/avatar\/8ac4c0d28cf03f62a37681e633afaf3faec3a7bd495cdfb9b6a7ec6cf281b29c?s=96&d=mm&r=g","contentUrl":"https:\/\/secure.gravatar.com\/avatar\/8ac4c0d28cf03f62a37681e633afaf3faec3a7bd495cdfb9b6a7ec6cf281b29c?s=96&d=mm&r=g","caption":"Jose Luis Torrente"},"url":"https:\/\/sidimurcia.org\/index.php\/author\/joseltorrente\/"}]}},"_links":{"self":[{"href":"https:\/\/sidimurcia.org\/index.php\/wp-json\/wp\/v2\/posts\/13496","targetHints":{"allow":["GET"]}}],"collection":[{"href":"https:\/\/sidimurcia.org\/index.php\/wp-json\/wp\/v2\/posts"}],"about":[{"href":"https:\/\/sidimurcia.org\/index.php\/wp-json\/wp\/v2\/types\/post"}],"author":[{"embeddable":true,"href":"https:\/\/sidimurcia.org\/index.php\/wp-json\/wp\/v2\/users\/2"}],"replies":[{"embeddable":true,"href":"https:\/\/sidimurcia.org\/index.php\/wp-json\/wp\/v2\/comments?post=13496"}],"version-history":[{"count":0,"href":"https:\/\/sidimurcia.org\/index.php\/wp-json\/wp\/v2\/posts\/13496\/revisions"}],"wp:attachment":[{"href":"https:\/\/sidimurcia.org\/index.php\/wp-json\/wp\/v2\/media?parent=13496"}],"wp:term":[{"taxonomy":"category","embeddable":true,"href":"https:\/\/sidimurcia.org\/index.php\/wp-json\/wp\/v2\/categories?post=13496"},{"taxonomy":"post_tag","embeddable":true,"href":"https:\/\/sidimurcia.org\/index.php\/wp-json\/wp\/v2\/tags?post=13496"}],"curies":[{"name":"wp","href":"https:\/\/api.w.org\/{rel}","templated":true}]}}