{"id":13852,"date":"2022-07-25T06:49:23","date_gmt":"2022-07-25T06:49:23","guid":{"rendered":"https:\/\/sidimurcia.org\/?p=13852"},"modified":"2022-07-25T06:50:42","modified_gmt":"2022-07-25T06:50:42","slug":"oposiciones-2022-funcionaris-declarados-aptos-en-la-adquisicion-nuevas-de-especialidades","status":"publish","type":"post","link":"https:\/\/sidimurcia.org\/index.php\/2022\/07\/25\/oposiciones-2022-funcionaris-declarados-aptos-en-la-adquisicion-nuevas-de-especialidades\/","title":{"rendered":"OPOSICIONES 2022: Funcionari@s declarados APTOS en la adquisici\u00f3n nuevas de especialidades."},"content":{"rendered":"<ul>\n<li style=\"text-align: justify;\"><span style=\"font-family: arial, helvetica, sans-serif;\"><a href=\"https:\/\/www.carm.es\/web\/descarga?ARCHIVO=pdf.pdf&amp;ALIAS=ARCH&amp;IDCONTENIDO=178767&amp;IDTIPO=60&amp;RASTRO=c77$m22725,22759,4254\">Orden de 19 de julio de 2022 de la Consejer\u00eda de Educaci\u00f3n por la que se publican las listas de los funcionarios declarados aptos en el procedimiento de adquisici\u00f3n de nuevas especialidades convocado por Orden de 24 de febrero de 2022.<\/a><\/span><\/li>\n<\/ul>\n","protected":false},"excerpt":{"rendered":"<p>Orden de 19 de julio de 2022 de la Consejer\u00eda de Educaci\u00f3n por la que se publican las listas de &#8230; <a title=\"OPOSICIONES 2022: Funcionari@s declarados APTOS en la adquisici\u00f3n nuevas de especialidades.\" class=\"read-more\" href=\"https:\/\/sidimurcia.org\/index.php\/2022\/07\/25\/oposiciones-2022-funcionaris-declarados-aptos-en-la-adquisicion-nuevas-de-especialidades\/\" aria-label=\"Leer m\u00e1s sobre OPOSICIONES 2022: Funcionari@s declarados APTOS en la adquisici\u00f3n nuevas de especialidades.\">Leer mas<\/a><\/p>\n","protected":false},"author":2,"featured_media":0,"comment_status":"closed","ping_status":"closed","sticky":false,"template":"","format":"standard","meta":{"footnotes":""},"categories":[43,87],"tags":[],"class_list":["post-13852","post","type-post","status-publish","format-standard","hentry","category-oposiciones","category-oposiciones-2022"],"yoast_head":"<!-- This site is optimized with the Yoast SEO plugin v27.2 - https:\/\/yoast.com\/product\/yoast-seo-wordpress\/ -->\n<title>OPOSICIONES 2022: Funcionari@s declarados APTOS en la adquisici\u00f3n nuevas de especialidades. - SIDI<\/title>\n<meta name=\"description\" content=\"Sindicato Independiente de Docentes. Funcionarios e Interinos. Afiliaci\u00f3n 1eur\/mes. Defendemos la educaci\u00f3n p\u00fablica.\" \/>\n<meta name=\"robots\" content=\"index, follow, max-snippet:-1, max-image-preview:large, max-video-preview:-1\" \/>\n<link rel=\"canonical\" href=\"https:\/\/sidimurcia.org\/index.php\/2022\/07\/25\/oposiciones-2022-funcionaris-declarados-aptos-en-la-adquisicion-nuevas-de-especialidades\/\" \/>\n<meta property=\"og:locale\" content=\"es_ES\" \/>\n<meta property=\"og:type\" content=\"article\" \/>\n<meta property=\"og:title\" content=\"OPOSICIONES 2022: Funcionari@s declarados APTOS en la adquisici\u00f3n nuevas de especialidades. - SIDI\" \/>\n<meta property=\"og:description\" content=\"Sindicato Independiente de Docentes. Funcionarios e Interinos. Afiliaci\u00f3n 1eur\/mes. Defendemos la educaci\u00f3n p\u00fablica.\" \/>\n<meta property=\"og:url\" content=\"https:\/\/sidimurcia.org\/index.php\/2022\/07\/25\/oposiciones-2022-funcionaris-declarados-aptos-en-la-adquisicion-nuevas-de-especialidades\/\" \/>\n<meta property=\"og:site_name\" content=\"SIDI\" \/>\n<meta property=\"article:publisher\" content=\"https:\/\/es-es.facebook.com\/sidi.sindicatodedocentes\" \/>\n<meta property=\"article:published_time\" content=\"2022-07-25T06:49:23+00:00\" \/>\n<meta property=\"article:modified_time\" content=\"2022-07-25T06:50:42+00:00\" \/>\n<meta name=\"author\" content=\"Jose Luis Torrente\" \/>\n<meta name=\"twitter:card\" content=\"summary_large_image\" \/>\n<meta name=\"twitter:creator\" content=\"@SIDIMURCIA\" \/>\n<meta name=\"twitter:site\" content=\"@SIDIMURCIA\" \/>\n<meta name=\"twitter:label1\" content=\"Escrito por\" \/>\n\t<meta name=\"twitter:data1\" content=\"Jose Luis Torrente\" \/>\n<script type=\"application\/ld+json\" class=\"yoast-schema-graph\">{\"@context\":\"https:\/\/schema.org\",\"@graph\":[{\"@type\":\"Article\",\"@id\":\"https:\/\/sidimurcia.org\/index.php\/2022\/07\/25\/oposiciones-2022-funcionaris-declarados-aptos-en-la-adquisicion-nuevas-de-especialidades\/#article\",\"isPartOf\":{\"@id\":\"https:\/\/sidimurcia.org\/index.php\/2022\/07\/25\/oposiciones-2022-funcionaris-declarados-aptos-en-la-adquisicion-nuevas-de-especialidades\/\"},\"author\":{\"name\":\"Jose Luis Torrente\",\"@id\":\"https:\/\/sidimurcia.org\/#\/schema\/person\/3f3207f88fb267669a31f8f46f76f86c\"},\"headline\":\"OPOSICIONES 2022: Funcionari@s declarados APTOS en la adquisici\u00f3n nuevas de especialidades.\",\"datePublished\":\"2022-07-25T06:49:23+00:00\",\"dateModified\":\"2022-07-25T06:50:42+00:00\",\"mainEntityOfPage\":{\"@id\":\"https:\/\/sidimurcia.org\/index.php\/2022\/07\/25\/oposiciones-2022-funcionaris-declarados-aptos-en-la-adquisicion-nuevas-de-especialidades\/\"},\"wordCount\":52,\"publisher\":{\"@id\":\"https:\/\/sidimurcia.org\/#organization\"},\"articleSection\":[\"Oposiciones\",\"Oposiciones 2022\"],\"inLanguage\":\"es\"},{\"@type\":\"WebPage\",\"@id\":\"https:\/\/sidimurcia.org\/index.php\/2022\/07\/25\/oposiciones-2022-funcionaris-declarados-aptos-en-la-adquisicion-nuevas-de-especialidades\/\",\"url\":\"https:\/\/sidimurcia.org\/index.php\/2022\/07\/25\/oposiciones-2022-funcionaris-declarados-aptos-en-la-adquisicion-nuevas-de-especialidades\/\",\"name\":\"OPOSICIONES 2022: Funcionari@s declarados APTOS en la adquisici\u00f3n nuevas de especialidades. - SIDI\",\"isPartOf\":{\"@id\":\"https:\/\/sidimurcia.org\/#website\"},\"datePublished\":\"2022-07-25T06:49:23+00:00\",\"dateModified\":\"2022-07-25T06:50:42+00:00\",\"description\":\"Sindicato Independiente de Docentes. Funcionarios e Interinos. Afiliaci\u00f3n 1eur\/mes. Defendemos la educaci\u00f3n p\u00fablica.\",\"breadcrumb\":{\"@id\":\"https:\/\/sidimurcia.org\/index.php\/2022\/07\/25\/oposiciones-2022-funcionaris-declarados-aptos-en-la-adquisicion-nuevas-de-especialidades\/#breadcrumb\"},\"inLanguage\":\"es\",\"potentialAction\":[{\"@type\":\"ReadAction\",\"target\":[\"https:\/\/sidimurcia.org\/index.php\/2022\/07\/25\/oposiciones-2022-funcionaris-declarados-aptos-en-la-adquisicion-nuevas-de-especialidades\/\"]}]},{\"@type\":\"BreadcrumbList\",\"@id\":\"https:\/\/sidimurcia.org\/index.php\/2022\/07\/25\/oposiciones-2022-funcionaris-declarados-aptos-en-la-adquisicion-nuevas-de-especialidades\/#breadcrumb\",\"itemListElement\":[{\"@type\":\"ListItem\",\"position\":1,\"name\":\"Portada\",\"item\":\"https:\/\/sidimurcia.org\/\"},{\"@type\":\"ListItem\",\"position\":2,\"name\":\"OPOSICIONES 2022: Funcionari@s declarados APTOS en la adquisici\u00f3n nuevas de especialidades.\"}]},{\"@type\":\"WebSite\",\"@id\":\"https:\/\/sidimurcia.org\/#website\",\"url\":\"https:\/\/sidimurcia.org\/\",\"name\":\"SIDI\",\"description\":\"Sindicato Independiente de Docentes\",\"publisher\":{\"@id\":\"https:\/\/sidimurcia.org\/#organization\"},\"potentialAction\":[{\"@type\":\"SearchAction\",\"target\":{\"@type\":\"EntryPoint\",\"urlTemplate\":\"https:\/\/sidimurcia.org\/?s={search_term_string}\"},\"query-input\":{\"@type\":\"PropertyValueSpecification\",\"valueRequired\":true,\"valueName\":\"search_term_string\"}}],\"inLanguage\":\"es\"},{\"@type\":\"Organization\",\"@id\":\"https:\/\/sidimurcia.org\/#organization\",\"name\":\"Sindicato Independiente de Docentes - SIDI\",\"url\":\"https:\/\/sidimurcia.org\/\",\"logo\":{\"@type\":\"ImageObject\",\"inLanguage\":\"es\",\"@id\":\"https:\/\/sidimurcia.org\/#\/schema\/logo\/image\/\",\"url\":\"https:\/\/sidimurcia.org\/wp-content\/uploads\/cropped-PARAPESTANAWEB-1.jpg\",\"contentUrl\":\"https:\/\/sidimurcia.org\/wp-content\/uploads\/cropped-PARAPESTANAWEB-1.jpg\",\"width\":512,\"height\":512,\"caption\":\"Sindicato Independiente de Docentes - SIDI\"},\"image\":{\"@id\":\"https:\/\/sidimurcia.org\/#\/schema\/logo\/image\/\"},\"sameAs\":[\"https:\/\/es-es.facebook.com\/sidi.sindicatodedocentes\",\"https:\/\/x.com\/SIDIMURCIA\",\"https:\/\/www.instagram.com\/sidi_murcia\/\",\"https:\/\/www.youtube.com\/channel\/UCwwdL3uFtDKJdbOfmC70wIQ\"]},{\"@type\":\"Person\",\"@id\":\"https:\/\/sidimurcia.org\/#\/schema\/person\/3f3207f88fb267669a31f8f46f76f86c\",\"name\":\"Jose Luis Torrente\",\"image\":{\"@type\":\"ImageObject\",\"inLanguage\":\"es\",\"@id\":\"https:\/\/secure.gravatar.com\/avatar\/8ac4c0d28cf03f62a37681e633afaf3faec3a7bd495cdfb9b6a7ec6cf281b29c?s=96&d=mm&r=g\",\"url\":\"https:\/\/secure.gravatar.com\/avatar\/8ac4c0d28cf03f62a37681e633afaf3faec3a7bd495cdfb9b6a7ec6cf281b29c?s=96&d=mm&r=g\",\"contentUrl\":\"https:\/\/secure.gravatar.com\/avatar\/8ac4c0d28cf03f62a37681e633afaf3faec3a7bd495cdfb9b6a7ec6cf281b29c?s=96&d=mm&r=g\",\"caption\":\"Jose Luis Torrente\"},\"url\":\"https:\/\/sidimurcia.org\/index.php\/author\/joseltorrente\/\"}]}<\/script>\n<!-- \/ Yoast SEO plugin. -->","yoast_head_json":{"title":"OPOSICIONES 2022: Funcionari@s declarados APTOS en la adquisici\u00f3n nuevas de especialidades. - SIDI","description":"Sindicato Independiente de Docentes. Funcionarios e Interinos. Afiliaci\u00f3n 1eur\/mes. Defendemos la educaci\u00f3n p\u00fablica.","robots":{"index":"index","follow":"follow","max-snippet":"max-snippet:-1","max-image-preview":"max-image-preview:large","max-video-preview":"max-video-preview:-1"},"canonical":"https:\/\/sidimurcia.org\/index.php\/2022\/07\/25\/oposiciones-2022-funcionaris-declarados-aptos-en-la-adquisicion-nuevas-de-especialidades\/","og_locale":"es_ES","og_type":"article","og_title":"OPOSICIONES 2022: Funcionari@s declarados APTOS en la adquisici\u00f3n nuevas de especialidades. - SIDI","og_description":"Sindicato Independiente de Docentes. Funcionarios e Interinos. Afiliaci\u00f3n 1eur\/mes. Defendemos la educaci\u00f3n p\u00fablica.","og_url":"https:\/\/sidimurcia.org\/index.php\/2022\/07\/25\/oposiciones-2022-funcionaris-declarados-aptos-en-la-adquisicion-nuevas-de-especialidades\/","og_site_name":"SIDI","article_publisher":"https:\/\/es-es.facebook.com\/sidi.sindicatodedocentes","article_published_time":"2022-07-25T06:49:23+00:00","article_modified_time":"2022-07-25T06:50:42+00:00","author":"Jose Luis Torrente","twitter_card":"summary_large_image","twitter_creator":"@SIDIMURCIA","twitter_site":"@SIDIMURCIA","twitter_misc":{"Escrito por":"Jose Luis Torrente"},"schema":{"@context":"https:\/\/schema.org","@graph":[{"@type":"Article","@id":"https:\/\/sidimurcia.org\/index.php\/2022\/07\/25\/oposiciones-2022-funcionaris-declarados-aptos-en-la-adquisicion-nuevas-de-especialidades\/#article","isPartOf":{"@id":"https:\/\/sidimurcia.org\/index.php\/2022\/07\/25\/oposiciones-2022-funcionaris-declarados-aptos-en-la-adquisicion-nuevas-de-especialidades\/"},"author":{"name":"Jose Luis Torrente","@id":"https:\/\/sidimurcia.org\/#\/schema\/person\/3f3207f88fb267669a31f8f46f76f86c"},"headline":"OPOSICIONES 2022: Funcionari@s declarados APTOS en la adquisici\u00f3n nuevas de especialidades.","datePublished":"2022-07-25T06:49:23+00:00","dateModified":"2022-07-25T06:50:42+00:00","mainEntityOfPage":{"@id":"https:\/\/sidimurcia.org\/index.php\/2022\/07\/25\/oposiciones-2022-funcionaris-declarados-aptos-en-la-adquisicion-nuevas-de-especialidades\/"},"wordCount":52,"publisher":{"@id":"https:\/\/sidimurcia.org\/#organization"},"articleSection":["Oposiciones","Oposiciones 2022"],"inLanguage":"es"},{"@type":"WebPage","@id":"https:\/\/sidimurcia.org\/index.php\/2022\/07\/25\/oposiciones-2022-funcionaris-declarados-aptos-en-la-adquisicion-nuevas-de-especialidades\/","url":"https:\/\/sidimurcia.org\/index.php\/2022\/07\/25\/oposiciones-2022-funcionaris-declarados-aptos-en-la-adquisicion-nuevas-de-especialidades\/","name":"OPOSICIONES 2022: Funcionari@s declarados APTOS en la adquisici\u00f3n nuevas de especialidades. - SIDI","isPartOf":{"@id":"https:\/\/sidimurcia.org\/#website"},"datePublished":"2022-07-25T06:49:23+00:00","dateModified":"2022-07-25T06:50:42+00:00","description":"Sindicato Independiente de Docentes. Funcionarios e Interinos. Afiliaci\u00f3n 1eur\/mes. Defendemos la educaci\u00f3n p\u00fablica.","breadcrumb":{"@id":"https:\/\/sidimurcia.org\/index.php\/2022\/07\/25\/oposiciones-2022-funcionaris-declarados-aptos-en-la-adquisicion-nuevas-de-especialidades\/#breadcrumb"},"inLanguage":"es","potentialAction":[{"@type":"ReadAction","target":["https:\/\/sidimurcia.org\/index.php\/2022\/07\/25\/oposiciones-2022-funcionaris-declarados-aptos-en-la-adquisicion-nuevas-de-especialidades\/"]}]},{"@type":"BreadcrumbList","@id":"https:\/\/sidimurcia.org\/index.php\/2022\/07\/25\/oposiciones-2022-funcionaris-declarados-aptos-en-la-adquisicion-nuevas-de-especialidades\/#breadcrumb","itemListElement":[{"@type":"ListItem","position":1,"name":"Portada","item":"https:\/\/sidimurcia.org\/"},{"@type":"ListItem","position":2,"name":"OPOSICIONES 2022: Funcionari@s declarados APTOS en la adquisici\u00f3n nuevas de especialidades."}]},{"@type":"WebSite","@id":"https:\/\/sidimurcia.org\/#website","url":"https:\/\/sidimurcia.org\/","name":"SIDI","description":"Sindicato Independiente de Docentes","publisher":{"@id":"https:\/\/sidimurcia.org\/#organization"},"potentialAction":[{"@type":"SearchAction","target":{"@type":"EntryPoint","urlTemplate":"https:\/\/sidimurcia.org\/?s={search_term_string}"},"query-input":{"@type":"PropertyValueSpecification","valueRequired":true,"valueName":"search_term_string"}}],"inLanguage":"es"},{"@type":"Organization","@id":"https:\/\/sidimurcia.org\/#organization","name":"Sindicato Independiente de Docentes - SIDI","url":"https:\/\/sidimurcia.org\/","logo":{"@type":"ImageObject","inLanguage":"es","@id":"https:\/\/sidimurcia.org\/#\/schema\/logo\/image\/","url":"https:\/\/sidimurcia.org\/wp-content\/uploads\/cropped-PARAPESTANAWEB-1.jpg","contentUrl":"https:\/\/sidimurcia.org\/wp-content\/uploads\/cropped-PARAPESTANAWEB-1.jpg","width":512,"height":512,"caption":"Sindicato Independiente de Docentes - SIDI"},"image":{"@id":"https:\/\/sidimurcia.org\/#\/schema\/logo\/image\/"},"sameAs":["https:\/\/es-es.facebook.com\/sidi.sindicatodedocentes","https:\/\/x.com\/SIDIMURCIA","https:\/\/www.instagram.com\/sidi_murcia\/","https:\/\/www.youtube.com\/channel\/UCwwdL3uFtDKJdbOfmC70wIQ"]},{"@type":"Person","@id":"https:\/\/sidimurcia.org\/#\/schema\/person\/3f3207f88fb267669a31f8f46f76f86c","name":"Jose Luis Torrente","image":{"@type":"ImageObject","inLanguage":"es","@id":"https:\/\/secure.gravatar.com\/avatar\/8ac4c0d28cf03f62a37681e633afaf3faec3a7bd495cdfb9b6a7ec6cf281b29c?s=96&d=mm&r=g","url":"https:\/\/secure.gravatar.com\/avatar\/8ac4c0d28cf03f62a37681e633afaf3faec3a7bd495cdfb9b6a7ec6cf281b29c?s=96&d=mm&r=g","contentUrl":"https:\/\/secure.gravatar.com\/avatar\/8ac4c0d28cf03f62a37681e633afaf3faec3a7bd495cdfb9b6a7ec6cf281b29c?s=96&d=mm&r=g","caption":"Jose Luis Torrente"},"url":"https:\/\/sidimurcia.org\/index.php\/author\/joseltorrente\/"}]}},"_links":{"self":[{"href":"https:\/\/sidimurcia.org\/index.php\/wp-json\/wp\/v2\/posts\/13852","targetHints":{"allow":["GET"]}}],"collection":[{"href":"https:\/\/sidimurcia.org\/index.php\/wp-json\/wp\/v2\/posts"}],"about":[{"href":"https:\/\/sidimurcia.org\/index.php\/wp-json\/wp\/v2\/types\/post"}],"author":[{"embeddable":true,"href":"https:\/\/sidimurcia.org\/index.php\/wp-json\/wp\/v2\/users\/2"}],"replies":[{"embeddable":true,"href":"https:\/\/sidimurcia.org\/index.php\/wp-json\/wp\/v2\/comments?post=13852"}],"version-history":[{"count":0,"href":"https:\/\/sidimurcia.org\/index.php\/wp-json\/wp\/v2\/posts\/13852\/revisions"}],"wp:attachment":[{"href":"https:\/\/sidimurcia.org\/index.php\/wp-json\/wp\/v2\/media?parent=13852"}],"wp:term":[{"taxonomy":"category","embeddable":true,"href":"https:\/\/sidimurcia.org\/index.php\/wp-json\/wp\/v2\/categories?post=13852"},{"taxonomy":"post_tag","embeddable":true,"href":"https:\/\/sidimurcia.org\/index.php\/wp-json\/wp\/v2\/tags?post=13852"}],"curies":[{"name":"wp","href":"https:\/\/api.w.org\/{rel}","templated":true}]}}