{"id":13911,"date":"2022-07-27T06:43:06","date_gmt":"2022-07-27T06:43:06","guid":{"rendered":"https:\/\/sidimurcia.org\/?p=13911"},"modified":"2022-07-27T06:43:06","modified_gmt":"2022-07-27T06:43:06","slug":"procesos-de-estabilizacion-via-1-concurso-novedades-mesa-de-negociacion-del-ministerio-del-26-07-2022","status":"publish","type":"post","link":"https:\/\/sidimurcia.org\/index.php\/2022\/07\/27\/procesos-de-estabilizacion-via-1-concurso-novedades-mesa-de-negociacion-del-ministerio-del-26-07-2022\/","title":{"rendered":"PROCESOS DE ESTABILIZACI\u00d3N &#8211; V\u00cdA 1 CONCURSO: NOVEDADES MESA DE NEGOCIACI\u00d3N DEL MINISTERIO DEL 26\/07\/2022"},"content":{"rendered":"<p style=\"text-align: justify;\"><span style=\"font-family: arial, helvetica, sans-serif;\">Seg\u00fan ha podido saber SIDI, hay consenso de todas las comunidades aut\u00f3nomas (incluido el terrritorio MEFP) para coordinar un \u00fanico procedimiento. Solo Catalu\u00f1a, Euskadi y Galicia quedar\u00edan fuera de este sistema coordinado.<\/span><\/p>\n<p style=\"text-align: justify;\"><span style=\"font-family: arial, helvetica, sans-serif;\">El plazo de las consejer\u00edas de educaci\u00f3n para enviar el n\u00famero de plazas al Ministerio para la v\u00eda 1 (concurso) es hasta 15 de septiembre.<\/span><br \/>\n<span style=\"font-family: arial, helvetica, sans-serif;\">La convocatoria ser\u00e1 antes del 21 de noviembre de 2022 y el plazo para formular las instancias de solicitud ser\u00e1 el comprendido entre el 21 de noviembre y el 21 de diciembre de 2022.<\/span><\/p>\n<p style=\"text-align: justify;\"><span style=\"font-family: arial, helvetica, sans-serif;\">Las personas interesadas en participar en este concurso (via 1), deber\u00e1n formular una \u00fanica instancia por cada especialidad eligiendo un \u00fanico turno (libre, discapacidad) por lo que no se permite la misma especialidad por varios turnos. Por tanto, un mismo interesado podr\u00e1 formular varias instancias por varias especialidades si as\u00ed lo desea. La instancia se presentar\u00e1 en la Consejer\u00eda de la primera opci\u00f3n pudiendo a\u00f1adirse algunas o todas las Consejer\u00edas restantes a las que se desee optar a plaza en orden de preferencia.<\/span><\/p>\n<p style=\"text-align: justify;\"><span style=\"font-family: arial, helvetica, sans-serif;\"><strong>Baremo (m\u00e1ximo 15 puntos):<\/strong><\/span><br \/>\n<span style=\"background-color: #ffff00; color: #993366; font-family: arial, helvetica, sans-serif;\">1. Experiencia docente: m\u00e1ximo 7 puntos, m\u00e1ximo 10 a\u00f1os.<\/span><br \/>\n<span style=\"font-family: arial, helvetica, sans-serif;\">1.1. Misma especialidad en centros p\u00fablicos: 0,7 por a\u00f1o.<\/span><br \/>\n<span style=\"font-family: arial, helvetica, sans-serif;\">1.2. Distinta especialidad del mismo cuerpo en centros p\u00fablicos: 0,35 por a\u00f1o.<\/span><br \/>\n<span style=\"font-family: arial, helvetica, sans-serif;\">1.3. Distinto cuerpo en centros p\u00fablicos: 0,125 por a\u00f1o.<\/span><br \/>\n<span style=\"font-family: arial, helvetica, sans-serif;\">1.4. Mismo nivel educativo en otros centros: 0,1 por a\u00f1o.<\/span><\/p>\n<p style=\"text-align: justify;\"><span style=\"background-color: #ffff00; color: #993366; font-family: arial, helvetica, sans-serif;\">2. Formaci\u00f3n acad\u00e9mica: m\u00e1ximo 3 puntos.<\/span><br \/>\n<span style=\"font-family: arial, helvetica, sans-serif;\">2.1. Expediente acad\u00e9mico del t\u00edtulo alegado:<\/span><\/p>\n<ul style=\"text-align: justify;\">\n<li><span style=\"font-family: arial, helvetica, sans-serif;\">de 6 a 7,49 (de 1,5 a 2,5):0,5.<\/span><\/li>\n<li><span style=\"font-family: arial, helvetica, sans-serif;\">de 7,5 a 8,99 (2,51 a 3,39): 1.<\/span><\/li>\n<li><span style=\"font-family: arial, helvetica, sans-serif;\">de 9 a 10 (de 3,4 a 4): 1,5.<\/span><\/li>\n<\/ul>\n<p style=\"text-align: justify;\"><span style=\"font-family: arial, helvetica, sans-serif;\">2.2. Doctorados, postgrados y premio extraordinario: 1\/1\/0,5.<\/span><br \/>\n<span style=\"font-family: arial, helvetica, sans-serif;\">2.3. Otras titulaciones universitarias: 1 punto por cada una.<\/span><br \/>\n<span style=\"font-family: arial, helvetica, sans-serif;\">2.4. Titulaciones de R\u00e9gimen Especial y de Formaci\u00f3n Profesional:<\/span><\/p>\n<ul style=\"text-align: justify;\">\n<li><span style=\"font-family: arial, helvetica, sans-serif;\">por cada t\u00edtulo profesional de m\u00fasica o danza: 0,5.<\/span><\/li>\n<li><span style=\"font-family: arial, helvetica, sans-serif;\">por cada certificado de nivel avanzada de EOI: 0,5.<\/span><\/li>\n<li><span style=\"font-family: arial, helvetica, sans-serif;\">por cada t\u00edtulo de t\u00e9cnico superior de artes pl\u00e1sticas y dise\u00f1o: 0,2.<\/span><\/li>\n<li><span style=\"font-family: arial, helvetica, sans-serif;\">por cada t\u00edtulo de t\u00e9cnico superior de FP: 0,2.<\/span><\/li>\n<li><span style=\"font-family: arial, helvetica, sans-serif;\">por cada t\u00edtulo de t\u00e9cnico deportivo superior: 0,2.<\/span><\/li>\n<\/ul>\n<p style=\"text-align: justify;\"><span style=\"font-family: arial, helvetica, sans-serif;\">2.5. Dominio de idiomas extranjeros: por cada certificado C1 o C2, seg\u00fan la clasificaci\u00f3n del Marco Com\u00fan Europeo de Referencia para las Lenguas: 0,5. (La puntuaci\u00f3n conseguida<\/span><br \/>\n<span style=\"font-family: arial, helvetica, sans-serif;\">por el mismo idioma en el 2.4 y en el 2.5 no son acumulables).<\/span><\/p>\n<p style=\"text-align: justify;\"><span style=\"background-color: #ffff00; color: #993366; font-family: arial, helvetica, sans-serif;\">3. Otros m\u00e9ritos: m\u00e1ximo 5 puntos.<\/span><br \/>\n<span style=\"font-family: arial, helvetica, sans-serif;\">3.1. Por cada aprobado en procesos selectivos de la misma especialidad desde 2012 (incluido): 2,5.<\/span><br \/>\n<span style=\"font-family: arial, helvetica, sans-serif;\">3.2. Formaci\u00f3n permanente (m\u00e1ximo 2 puntos):<\/span><\/p>\n<ul style=\"text-align: justify;\">\n<li><span style=\"font-family: arial, helvetica, sans-serif;\">Por cada curso no inferior a 10 cr\u00e9ditos: 0,5.<\/span><\/li>\n<li><span style=\"font-family: arial, helvetica, sans-serif;\">Por cada curso no inferior a 3 cr\u00e9ditos: 0,2.<\/span><\/li>\n<li><span style=\"font-family: arial, helvetica, sans-serif;\">(Se considerar\u00e1 la equivalencia de 1 cr\u00e9dito=10 horas y se podr\u00e1n acumular los cursos no inferiores a 2 cr\u00e9ditos).<\/span><\/li>\n<\/ul>\n<p style=\"text-align: justify;\">\n<p style=\"text-align: justify;\"><span style=\"background-color: #ffff00; color: #993366; font-family: arial, helvetica, sans-serif;\">Criterios de desempate:<\/span><br \/>\n<span style=\"font-family: arial, helvetica, sans-serif;\">1. Puntuaci\u00f3n en cada apartado en el orden que aparecen en el baremo.<\/span><br \/>\n<span style=\"font-family: arial, helvetica, sans-serif;\">2. Puntuaci\u00f3n en cada subapartado de segundo nivel en el orden en el que aparecen.<\/span><br \/>\n<span style=\"font-family: arial, helvetica, sans-serif;\">3. Puntuaci\u00f3n en cada subapartado de tercer nivel en el orden en que aparecen.<\/span><br \/>\n<span style=\"font-family: arial, helvetica, sans-serif;\">4. N\u00famero total de d\u00edas de experiencia en el apartado 1.1 (sin m\u00e1ximo).<\/span><br \/>\n<span style=\"font-family: arial, helvetica, sans-serif;\">5. N\u00famero de orden de preferencia en el que se ha puesto la ciudad o comunidad aut\u00f3noma<\/span><br \/>\n<span style=\"font-family: arial, helvetica, sans-serif;\">en la solicitud.<\/span><\/p>\n<p style=\"text-align: justify;\"><span style=\"font-family: arial, helvetica, sans-serif;\">(En los criterios de desempate 1, 2 y 3 se respetan los m\u00e1ximos de los apartados).<\/span><br \/>\n<span style=\"font-family: arial, helvetica, sans-serif;\">Publicaci\u00f3n de listados provisionales con plazo de reclamaciones y renuncias (5 d\u00edas) y posteriormente publicaci\u00f3n de listados definitivos.<\/span><br \/>\n<span style=\"text-decoration: underline; font-family: arial, helvetica, sans-serif;\"><strong>Este procedimiento no tiene fase de pr\u00e1cticas.<\/strong><\/span><br \/>\n<span style=\"font-family: arial, helvetica, sans-serif;\">Las personas seleccionadas tendr\u00e1n que participar en la asignaci\u00f3n de destinos provisionales de la Administraci\u00f3n educativa donde hayan obtenido plaza y en el concurso de traslados para tener su<\/span><br \/>\n<span style=\"font-family: arial, helvetica, sans-serif;\">primer destino definitivo en dicha Administraci\u00f3n.<\/span><\/p>\n<p style=\"text-align: justify;\">\n<h2 class=\"entry-title\" style=\"text-align: justify;\"><span style=\"font-family: arial, helvetica, sans-serif;\"><a href=\"https:\/\/sidimurcia.org\/index.php\/2022\/07\/23\/informacion-sobre-procesos-selectivos-de-estabilizacion-julio-2022\/\" rel=\"bookmark\">Informaci\u00f3n sobre procesos selectivos de estabilizaci\u00f3n y borrador baremo \u2013 Julio 2022<\/a><\/span><\/h2>\n","protected":false},"excerpt":{"rendered":"<p>Seg\u00fan ha podido saber SIDI, hay consenso de todas las comunidades aut\u00f3nomas (incluido el terrritorio MEFP) para coordinar un \u00fanico &#8230; <a title=\"PROCESOS DE ESTABILIZACI\u00d3N &#8211; V\u00cdA 1 CONCURSO: NOVEDADES MESA DE NEGOCIACI\u00d3N DEL MINISTERIO DEL 26\/07\/2022\" class=\"read-more\" href=\"https:\/\/sidimurcia.org\/index.php\/2022\/07\/27\/procesos-de-estabilizacion-via-1-concurso-novedades-mesa-de-negociacion-del-ministerio-del-26-07-2022\/\" aria-label=\"Leer m\u00e1s sobre PROCESOS DE ESTABILIZACI\u00d3N &#8211; V\u00cdA 1 CONCURSO: NOVEDADES MESA DE NEGOCIACI\u00d3N DEL MINISTERIO DEL 26\/07\/2022\">Leer mas<\/a><\/p>\n","protected":false},"author":3,"featured_media":0,"comment_status":"closed","ping_status":"closed","sticky":false,"template":"","format":"standard","meta":{"footnotes":""},"categories":[43],"tags":[],"class_list":["post-13911","post","type-post","status-publish","format-standard","hentry","category-oposiciones"],"yoast_head":"<!-- This site is optimized with the Yoast SEO plugin v27.2 - https:\/\/yoast.com\/product\/yoast-seo-wordpress\/ -->\n<title>PROCESOS DE ESTABILIZACI\u00d3N - V\u00cdA 1 CONCURSO: NOVEDADES MESA DE NEGOCIACI\u00d3N DEL MINISTERIO DEL 26\/07\/2022 - SIDI<\/title>\n<meta name=\"description\" content=\"Sindicato Independiente de Docentes. Funcionarios e Interinos. Afiliaci\u00f3n 1eur\/mes. Defendemos la educaci\u00f3n p\u00fablica.\" \/>\n<meta name=\"robots\" content=\"index, follow, max-snippet:-1, max-image-preview:large, max-video-preview:-1\" \/>\n<link rel=\"canonical\" href=\"https:\/\/sidimurcia.org\/index.php\/2022\/07\/27\/procesos-de-estabilizacion-via-1-concurso-novedades-mesa-de-negociacion-del-ministerio-del-26-07-2022\/\" \/>\n<meta property=\"og:locale\" content=\"es_ES\" \/>\n<meta property=\"og:type\" content=\"article\" \/>\n<meta property=\"og:title\" content=\"PROCESOS DE ESTABILIZACI\u00d3N - V\u00cdA 1 CONCURSO: NOVEDADES MESA DE NEGOCIACI\u00d3N DEL MINISTERIO DEL 26\/07\/2022 - SIDI\" \/>\n<meta property=\"og:description\" content=\"Sindicato Independiente de Docentes. Funcionarios e Interinos. Afiliaci\u00f3n 1eur\/mes. Defendemos la educaci\u00f3n p\u00fablica.\" \/>\n<meta property=\"og:url\" content=\"https:\/\/sidimurcia.org\/index.php\/2022\/07\/27\/procesos-de-estabilizacion-via-1-concurso-novedades-mesa-de-negociacion-del-ministerio-del-26-07-2022\/\" \/>\n<meta property=\"og:site_name\" content=\"SIDI\" \/>\n<meta property=\"article:publisher\" content=\"https:\/\/es-es.facebook.com\/sidi.sindicatodedocentes\" \/>\n<meta property=\"article:published_time\" content=\"2022-07-27T06:43:06+00:00\" \/>\n<meta name=\"author\" content=\"Chema\" \/>\n<meta name=\"twitter:card\" content=\"summary_large_image\" \/>\n<meta name=\"twitter:creator\" content=\"@SIDIMURCIA\" \/>\n<meta name=\"twitter:site\" content=\"@SIDIMURCIA\" \/>\n<meta name=\"twitter:label1\" content=\"Escrito por\" \/>\n\t<meta name=\"twitter:data1\" content=\"Chema\" \/>\n\t<meta name=\"twitter:label2\" content=\"Tiempo de lectura\" \/>\n\t<meta name=\"twitter:data2\" content=\"3 minutos\" \/>\n<script type=\"application\/ld+json\" class=\"yoast-schema-graph\">{\"@context\":\"https:\/\/schema.org\",\"@graph\":[{\"@type\":\"Article\",\"@id\":\"https:\/\/sidimurcia.org\/index.php\/2022\/07\/27\/procesos-de-estabilizacion-via-1-concurso-novedades-mesa-de-negociacion-del-ministerio-del-26-07-2022\/#article\",\"isPartOf\":{\"@id\":\"https:\/\/sidimurcia.org\/index.php\/2022\/07\/27\/procesos-de-estabilizacion-via-1-concurso-novedades-mesa-de-negociacion-del-ministerio-del-26-07-2022\/\"},\"author\":{\"name\":\"Chema\",\"@id\":\"https:\/\/sidimurcia.org\/#\/schema\/person\/8a9f1b45768a9c5d6a33988310dcf460\"},\"headline\":\"PROCESOS DE ESTABILIZACI\u00d3N &#8211; V\u00cdA 1 CONCURSO: NOVEDADES MESA DE NEGOCIACI\u00d3N DEL MINISTERIO DEL 26\/07\/2022\",\"datePublished\":\"2022-07-27T06:43:06+00:00\",\"mainEntityOfPage\":{\"@id\":\"https:\/\/sidimurcia.org\/index.php\/2022\/07\/27\/procesos-de-estabilizacion-via-1-concurso-novedades-mesa-de-negociacion-del-ministerio-del-26-07-2022\/\"},\"wordCount\":620,\"publisher\":{\"@id\":\"https:\/\/sidimurcia.org\/#organization\"},\"articleSection\":[\"Oposiciones\"],\"inLanguage\":\"es\"},{\"@type\":\"WebPage\",\"@id\":\"https:\/\/sidimurcia.org\/index.php\/2022\/07\/27\/procesos-de-estabilizacion-via-1-concurso-novedades-mesa-de-negociacion-del-ministerio-del-26-07-2022\/\",\"url\":\"https:\/\/sidimurcia.org\/index.php\/2022\/07\/27\/procesos-de-estabilizacion-via-1-concurso-novedades-mesa-de-negociacion-del-ministerio-del-26-07-2022\/\",\"name\":\"PROCESOS DE ESTABILIZACI\u00d3N - V\u00cdA 1 CONCURSO: NOVEDADES MESA DE NEGOCIACI\u00d3N DEL MINISTERIO DEL 26\/07\/2022 - SIDI\",\"isPartOf\":{\"@id\":\"https:\/\/sidimurcia.org\/#website\"},\"datePublished\":\"2022-07-27T06:43:06+00:00\",\"description\":\"Sindicato Independiente de Docentes. Funcionarios e Interinos. Afiliaci\u00f3n 1eur\/mes. Defendemos la educaci\u00f3n p\u00fablica.\",\"breadcrumb\":{\"@id\":\"https:\/\/sidimurcia.org\/index.php\/2022\/07\/27\/procesos-de-estabilizacion-via-1-concurso-novedades-mesa-de-negociacion-del-ministerio-del-26-07-2022\/#breadcrumb\"},\"inLanguage\":\"es\",\"potentialAction\":[{\"@type\":\"ReadAction\",\"target\":[\"https:\/\/sidimurcia.org\/index.php\/2022\/07\/27\/procesos-de-estabilizacion-via-1-concurso-novedades-mesa-de-negociacion-del-ministerio-del-26-07-2022\/\"]}]},{\"@type\":\"BreadcrumbList\",\"@id\":\"https:\/\/sidimurcia.org\/index.php\/2022\/07\/27\/procesos-de-estabilizacion-via-1-concurso-novedades-mesa-de-negociacion-del-ministerio-del-26-07-2022\/#breadcrumb\",\"itemListElement\":[{\"@type\":\"ListItem\",\"position\":1,\"name\":\"Portada\",\"item\":\"https:\/\/sidimurcia.org\/\"},{\"@type\":\"ListItem\",\"position\":2,\"name\":\"PROCESOS DE ESTABILIZACI\u00d3N &#8211; V\u00cdA 1 CONCURSO: NOVEDADES MESA DE NEGOCIACI\u00d3N DEL MINISTERIO DEL 26\/07\/2022\"}]},{\"@type\":\"WebSite\",\"@id\":\"https:\/\/sidimurcia.org\/#website\",\"url\":\"https:\/\/sidimurcia.org\/\",\"name\":\"SIDI\",\"description\":\"Sindicato Independiente de Docentes\",\"publisher\":{\"@id\":\"https:\/\/sidimurcia.org\/#organization\"},\"potentialAction\":[{\"@type\":\"SearchAction\",\"target\":{\"@type\":\"EntryPoint\",\"urlTemplate\":\"https:\/\/sidimurcia.org\/?s={search_term_string}\"},\"query-input\":{\"@type\":\"PropertyValueSpecification\",\"valueRequired\":true,\"valueName\":\"search_term_string\"}}],\"inLanguage\":\"es\"},{\"@type\":\"Organization\",\"@id\":\"https:\/\/sidimurcia.org\/#organization\",\"name\":\"Sindicato Independiente de Docentes - SIDI\",\"url\":\"https:\/\/sidimurcia.org\/\",\"logo\":{\"@type\":\"ImageObject\",\"inLanguage\":\"es\",\"@id\":\"https:\/\/sidimurcia.org\/#\/schema\/logo\/image\/\",\"url\":\"https:\/\/sidimurcia.org\/wp-content\/uploads\/cropped-PARAPESTANAWEB-1.jpg\",\"contentUrl\":\"https:\/\/sidimurcia.org\/wp-content\/uploads\/cropped-PARAPESTANAWEB-1.jpg\",\"width\":512,\"height\":512,\"caption\":\"Sindicato Independiente de Docentes - SIDI\"},\"image\":{\"@id\":\"https:\/\/sidimurcia.org\/#\/schema\/logo\/image\/\"},\"sameAs\":[\"https:\/\/es-es.facebook.com\/sidi.sindicatodedocentes\",\"https:\/\/x.com\/SIDIMURCIA\",\"https:\/\/www.instagram.com\/sidi_murcia\/\",\"https:\/\/www.youtube.com\/channel\/UCwwdL3uFtDKJdbOfmC70wIQ\"]},{\"@type\":\"Person\",\"@id\":\"https:\/\/sidimurcia.org\/#\/schema\/person\/8a9f1b45768a9c5d6a33988310dcf460\",\"name\":\"Chema\",\"image\":{\"@type\":\"ImageObject\",\"inLanguage\":\"es\",\"@id\":\"https:\/\/secure.gravatar.com\/avatar\/f2a40613aad4815a3895a310125bb3bd29d16a11e1d1772c602cf60a0d0d1e95?s=96&d=mm&r=g\",\"url\":\"https:\/\/secure.gravatar.com\/avatar\/f2a40613aad4815a3895a310125bb3bd29d16a11e1d1772c602cf60a0d0d1e95?s=96&d=mm&r=g\",\"contentUrl\":\"https:\/\/secure.gravatar.com\/avatar\/f2a40613aad4815a3895a310125bb3bd29d16a11e1d1772c602cf60a0d0d1e95?s=96&d=mm&r=g\",\"caption\":\"Chema\"},\"url\":\"https:\/\/sidimurcia.org\/index.php\/author\/josemgonzalez\/\"}]}<\/script>\n<!-- \/ Yoast SEO plugin. -->","yoast_head_json":{"title":"PROCESOS DE ESTABILIZACI\u00d3N - V\u00cdA 1 CONCURSO: NOVEDADES MESA DE NEGOCIACI\u00d3N DEL MINISTERIO DEL 26\/07\/2022 - SIDI","description":"Sindicato Independiente de Docentes. Funcionarios e Interinos. Afiliaci\u00f3n 1eur\/mes. Defendemos la educaci\u00f3n p\u00fablica.","robots":{"index":"index","follow":"follow","max-snippet":"max-snippet:-1","max-image-preview":"max-image-preview:large","max-video-preview":"max-video-preview:-1"},"canonical":"https:\/\/sidimurcia.org\/index.php\/2022\/07\/27\/procesos-de-estabilizacion-via-1-concurso-novedades-mesa-de-negociacion-del-ministerio-del-26-07-2022\/","og_locale":"es_ES","og_type":"article","og_title":"PROCESOS DE ESTABILIZACI\u00d3N - V\u00cdA 1 CONCURSO: NOVEDADES MESA DE NEGOCIACI\u00d3N DEL MINISTERIO DEL 26\/07\/2022 - SIDI","og_description":"Sindicato Independiente de Docentes. Funcionarios e Interinos. Afiliaci\u00f3n 1eur\/mes. Defendemos la educaci\u00f3n p\u00fablica.","og_url":"https:\/\/sidimurcia.org\/index.php\/2022\/07\/27\/procesos-de-estabilizacion-via-1-concurso-novedades-mesa-de-negociacion-del-ministerio-del-26-07-2022\/","og_site_name":"SIDI","article_publisher":"https:\/\/es-es.facebook.com\/sidi.sindicatodedocentes","article_published_time":"2022-07-27T06:43:06+00:00","author":"Chema","twitter_card":"summary_large_image","twitter_creator":"@SIDIMURCIA","twitter_site":"@SIDIMURCIA","twitter_misc":{"Escrito por":"Chema","Tiempo de lectura":"3 minutos"},"schema":{"@context":"https:\/\/schema.org","@graph":[{"@type":"Article","@id":"https:\/\/sidimurcia.org\/index.php\/2022\/07\/27\/procesos-de-estabilizacion-via-1-concurso-novedades-mesa-de-negociacion-del-ministerio-del-26-07-2022\/#article","isPartOf":{"@id":"https:\/\/sidimurcia.org\/index.php\/2022\/07\/27\/procesos-de-estabilizacion-via-1-concurso-novedades-mesa-de-negociacion-del-ministerio-del-26-07-2022\/"},"author":{"name":"Chema","@id":"https:\/\/sidimurcia.org\/#\/schema\/person\/8a9f1b45768a9c5d6a33988310dcf460"},"headline":"PROCESOS DE ESTABILIZACI\u00d3N &#8211; V\u00cdA 1 CONCURSO: NOVEDADES MESA DE NEGOCIACI\u00d3N DEL MINISTERIO DEL 26\/07\/2022","datePublished":"2022-07-27T06:43:06+00:00","mainEntityOfPage":{"@id":"https:\/\/sidimurcia.org\/index.php\/2022\/07\/27\/procesos-de-estabilizacion-via-1-concurso-novedades-mesa-de-negociacion-del-ministerio-del-26-07-2022\/"},"wordCount":620,"publisher":{"@id":"https:\/\/sidimurcia.org\/#organization"},"articleSection":["Oposiciones"],"inLanguage":"es"},{"@type":"WebPage","@id":"https:\/\/sidimurcia.org\/index.php\/2022\/07\/27\/procesos-de-estabilizacion-via-1-concurso-novedades-mesa-de-negociacion-del-ministerio-del-26-07-2022\/","url":"https:\/\/sidimurcia.org\/index.php\/2022\/07\/27\/procesos-de-estabilizacion-via-1-concurso-novedades-mesa-de-negociacion-del-ministerio-del-26-07-2022\/","name":"PROCESOS DE ESTABILIZACI\u00d3N - V\u00cdA 1 CONCURSO: NOVEDADES MESA DE NEGOCIACI\u00d3N DEL MINISTERIO DEL 26\/07\/2022 - SIDI","isPartOf":{"@id":"https:\/\/sidimurcia.org\/#website"},"datePublished":"2022-07-27T06:43:06+00:00","description":"Sindicato Independiente de Docentes. Funcionarios e Interinos. Afiliaci\u00f3n 1eur\/mes. Defendemos la educaci\u00f3n p\u00fablica.","breadcrumb":{"@id":"https:\/\/sidimurcia.org\/index.php\/2022\/07\/27\/procesos-de-estabilizacion-via-1-concurso-novedades-mesa-de-negociacion-del-ministerio-del-26-07-2022\/#breadcrumb"},"inLanguage":"es","potentialAction":[{"@type":"ReadAction","target":["https:\/\/sidimurcia.org\/index.php\/2022\/07\/27\/procesos-de-estabilizacion-via-1-concurso-novedades-mesa-de-negociacion-del-ministerio-del-26-07-2022\/"]}]},{"@type":"BreadcrumbList","@id":"https:\/\/sidimurcia.org\/index.php\/2022\/07\/27\/procesos-de-estabilizacion-via-1-concurso-novedades-mesa-de-negociacion-del-ministerio-del-26-07-2022\/#breadcrumb","itemListElement":[{"@type":"ListItem","position":1,"name":"Portada","item":"https:\/\/sidimurcia.org\/"},{"@type":"ListItem","position":2,"name":"PROCESOS DE ESTABILIZACI\u00d3N &#8211; V\u00cdA 1 CONCURSO: NOVEDADES MESA DE NEGOCIACI\u00d3N DEL MINISTERIO DEL 26\/07\/2022"}]},{"@type":"WebSite","@id":"https:\/\/sidimurcia.org\/#website","url":"https:\/\/sidimurcia.org\/","name":"SIDI","description":"Sindicato Independiente de Docentes","publisher":{"@id":"https:\/\/sidimurcia.org\/#organization"},"potentialAction":[{"@type":"SearchAction","target":{"@type":"EntryPoint","urlTemplate":"https:\/\/sidimurcia.org\/?s={search_term_string}"},"query-input":{"@type":"PropertyValueSpecification","valueRequired":true,"valueName":"search_term_string"}}],"inLanguage":"es"},{"@type":"Organization","@id":"https:\/\/sidimurcia.org\/#organization","name":"Sindicato Independiente de Docentes - SIDI","url":"https:\/\/sidimurcia.org\/","logo":{"@type":"ImageObject","inLanguage":"es","@id":"https:\/\/sidimurcia.org\/#\/schema\/logo\/image\/","url":"https:\/\/sidimurcia.org\/wp-content\/uploads\/cropped-PARAPESTANAWEB-1.jpg","contentUrl":"https:\/\/sidimurcia.org\/wp-content\/uploads\/cropped-PARAPESTANAWEB-1.jpg","width":512,"height":512,"caption":"Sindicato Independiente de Docentes - SIDI"},"image":{"@id":"https:\/\/sidimurcia.org\/#\/schema\/logo\/image\/"},"sameAs":["https:\/\/es-es.facebook.com\/sidi.sindicatodedocentes","https:\/\/x.com\/SIDIMURCIA","https:\/\/www.instagram.com\/sidi_murcia\/","https:\/\/www.youtube.com\/channel\/UCwwdL3uFtDKJdbOfmC70wIQ"]},{"@type":"Person","@id":"https:\/\/sidimurcia.org\/#\/schema\/person\/8a9f1b45768a9c5d6a33988310dcf460","name":"Chema","image":{"@type":"ImageObject","inLanguage":"es","@id":"https:\/\/secure.gravatar.com\/avatar\/f2a40613aad4815a3895a310125bb3bd29d16a11e1d1772c602cf60a0d0d1e95?s=96&d=mm&r=g","url":"https:\/\/secure.gravatar.com\/avatar\/f2a40613aad4815a3895a310125bb3bd29d16a11e1d1772c602cf60a0d0d1e95?s=96&d=mm&r=g","contentUrl":"https:\/\/secure.gravatar.com\/avatar\/f2a40613aad4815a3895a310125bb3bd29d16a11e1d1772c602cf60a0d0d1e95?s=96&d=mm&r=g","caption":"Chema"},"url":"https:\/\/sidimurcia.org\/index.php\/author\/josemgonzalez\/"}]}},"_links":{"self":[{"href":"https:\/\/sidimurcia.org\/index.php\/wp-json\/wp\/v2\/posts\/13911","targetHints":{"allow":["GET"]}}],"collection":[{"href":"https:\/\/sidimurcia.org\/index.php\/wp-json\/wp\/v2\/posts"}],"about":[{"href":"https:\/\/sidimurcia.org\/index.php\/wp-json\/wp\/v2\/types\/post"}],"author":[{"embeddable":true,"href":"https:\/\/sidimurcia.org\/index.php\/wp-json\/wp\/v2\/users\/3"}],"replies":[{"embeddable":true,"href":"https:\/\/sidimurcia.org\/index.php\/wp-json\/wp\/v2\/comments?post=13911"}],"version-history":[{"count":0,"href":"https:\/\/sidimurcia.org\/index.php\/wp-json\/wp\/v2\/posts\/13911\/revisions"}],"wp:attachment":[{"href":"https:\/\/sidimurcia.org\/index.php\/wp-json\/wp\/v2\/media?parent=13911"}],"wp:term":[{"taxonomy":"category","embeddable":true,"href":"https:\/\/sidimurcia.org\/index.php\/wp-json\/wp\/v2\/categories?post=13911"},{"taxonomy":"post_tag","embeddable":true,"href":"https:\/\/sidimurcia.org\/index.php\/wp-json\/wp\/v2\/tags?post=13911"}],"curies":[{"name":"wp","href":"https:\/\/api.w.org\/{rel}","templated":true}]}}