{"id":14492,"date":"2022-10-14T06:27:47","date_gmt":"2022-10-14T06:27:47","guid":{"rendered":"https:\/\/sidimurcia.org\/?p=14492"},"modified":"2022-11-08T09:28:07","modified_gmt":"2022-11-08T09:28:07","slug":"concurso-de-traslados-2022-orden-07-10-2022-de-convocatoria-de-todos-los-cuerpos-docentes","status":"publish","type":"post","link":"https:\/\/sidimurcia.org\/index.php\/2022\/10\/14\/concurso-de-traslados-2022-orden-07-10-2022-de-convocatoria-de-todos-los-cuerpos-docentes\/","title":{"rendered":"CONCURSO DE TRASLADOS 2022: Orden 07\/10\/2022 de convocatoria de todos los cuerpos docentes"},"content":{"rendered":"<ul>\n<li style=\"text-align: justify;\"><a href=\"https:\/\/www.borm.es\/services\/anuncio\/ano\/2022\/numero\/5134\/pdf?id=811812\"><span style=\"font-family: arial, helvetica, sans-serif;\">Orden de 7 de octubre de 2022, de la Consejer\u00eda de Educaci\u00f3n, por la que se convoca concurso de traslados para la provisi\u00f3n de plazas correspondientes a los Cuerpos de Catedr\u00e1ticos y Profesores de Ense\u00f1anza Secundaria, Catedr\u00e1ticos y Profesores de Escuelas Oficiales de Idiomas, Catedr\u00e1ticos y Profesores de M\u00fasica y Artes Esc\u00e9nicas, Catedr\u00e1ticos y Profesores de Artes Pl\u00e1sticas y Dise\u00f1o, Profesores T\u00e9cnicos de Formaci\u00f3n Profesional, Maestros de Taller de Artes Pl\u00e1sticas y Dise\u00f1o, y de Maestros.<\/span><\/a><\/li>\n<\/ul>\n<p style=\"text-align: center;\"><span style=\"color: #ff0000;\"><strong><span style=\"font-family: arial, helvetica, sans-serif;\"> Plazo de presentaci\u00f3n desde el 17 de octubre hasta el 7 de noviembre de 2022, ambos inclusive<\/span><\/strong><\/span><\/p>\n<ul>\n<li><span style=\"font-family: arial, helvetica, sans-serif;\"><a href=\"https:\/\/www.carm.es\/web\/descarga?ARCHIVO=Orden%20ampliaci%C3%B3n%20plazo.pdf&amp;ALIAS=ARCH&amp;IDCONTENIDO=180533&amp;IDTIPO=60&amp;RASTRO=c77$m22725,22759,4254\">Orden de 8 de noviembre de 2022 por la que se ampl\u00eda el plazo de presentaci\u00f3n de solicitudes en la orden de 7 de octubre de 2022 (BORM del 14) por la que se convoca concurso de traslados de los Cuerpos de Catedr\u00e1ticos y Profesores de Ense\u00f1anza Secundaria, Catedr\u00e1ticos y Profesores de Escuelas Oficiales de Idiomas, Catedr\u00e1ticos y Profesores de M\u00fasica y Artes Esc\u00e9nicas, Catedr\u00e1ticos y Profesores de Artes Pl\u00e1sticas y Dise\u00f1o, Profesores T\u00e9cnicos de Formaci\u00f3n Profesional, Maestros de Taller de Artes Pl\u00e1sticas y Dise\u00f1o, y de Maestros<\/a><\/span><\/li>\n<\/ul>\n<p style=\"text-align: center;\"><strong><span style=\"font-family: arial, helvetica, sans-serif; color: #ff0000;\">Se ampl\u00eda el plazo de presentaci\u00f3n de solicitudes hasta el martes 8 de noviembre de 2022.<\/span><\/strong><\/p>\n<p style=\"text-align: center;\"><a href=\"https:\/\/sede.carm.es\/web\/pagina?IDCONTENIDO=845&amp;IDTIPO=240&amp;RASTRO=c$m40288\"><span style=\"font-family: arial, helvetica, sans-serif;\"><strong>Enlace a la solicitud telem\u00e1tica<\/strong><\/span><\/a><\/p>\n<ul style=\"text-align: justify;\">\n<li><span style=\"font-family: arial, helvetica, sans-serif;\"><a href=\"https:\/\/sidimurcia.org\/wp-content\/uploads\/BAREMO-CONCURSO-2020-ver-2007.xlsx\"><strong>Herramienta gratuita de SIDI para el c\u00e1lculo del baremo.<\/strong><\/a><\/span><\/li>\n<li><a href=\"https:\/\/drive.google.com\/file\/d\/1L_CpLxMNh6J6XQt7denMSIs9i2FxP67D\/view?usp=sharing\"><span style=\"font-family: arial, helvetica, sans-serif;\">Anexo XII \u2013 Baremo<\/span><\/a><\/li>\n<li><span style=\"font-family: arial, helvetica, sans-serif;\"><a href=\"http:\/\/mapaescolar.murciaeduca.es\/mapaescolar\/#\">Buscador de centros educativos.<\/a><\/span><\/li>\n<li><a href=\"https:\/\/drive.google.com\/file\/d\/1wX_l7HanKngJx0Hv9BvxRGrV745QNJW5\/view?usp=sharing\"><span style=\"font-family: arial, helvetica, sans-serif;\">Instrucciones para cumplimetar la solicitud<\/span><\/a><\/li>\n<li><a href=\"http:\/\/www.carm.es\/web\/descarga?ARCHIVO=Nota%20informativa.pdf&amp;ALIAS=ARCH&amp;IDCONTENIDO=179971&amp;IDTIPO=60&amp;RASTRO=c798$m3912,71587,71591,71590\"><span style=\"font-family: arial, helvetica, sans-serif;\">Nota Informativa<\/span><\/a><\/li>\n<li><a href=\"https:\/\/youtube.com\/playlist?list=PL067IKKMBTPBxI-BnJkZ5wSwEY1b9w4TT\"><span style=\"font-family: arial, helvetica, sans-serif;\">VIDEOTUTORIALES SIDI CONCURSO DE TRASLADOS 2022<\/span><\/a><\/li>\n<\/ul>\n<p style=\"text-align: justify;\"><span style=\"font-family: arial, helvetica, sans-serif;\"><span style=\"color: #d4458b;\"><strong>ATENCI\u00d3N NOVEDAD (SE INCLUYE EL TIEMPO DE INTERNO\/A):<\/strong><\/span> 1.2 Antig\u00fcedad en el Cuerpo.\u00a0 Por servicios efectivos prestados en situaci\u00f3n de servicio activo como personal funcionario de carrera, <strong>en pr\u00e1cticas o interino<\/strong><\/span><\/p>\n<p style=\"text-align: justify;\"><span style=\"font-family: arial, helvetica, sans-serif;\">Igualmente, procede valorar el desempe\u00f1o de cargos directivos y otras funciones docentes, en el apartado 4 del baremo, y los m\u00e9ritos establecidos en los <strong>subapartados 6.4 y 6.6 de dicho baremo<\/strong>, como funcionarios en pr\u00e1cticas o <strong>interinos.<\/strong><\/span><\/p>\n<p style=\"text-align: justify;\"><span style=\"font-family: arial, helvetica, sans-serif;\"><span style=\"color: #d4458b;\"><strong>NOTA:<\/strong><\/span> En caso de duda o incidencia en cualquier momento del proceso de cumplimentaci\u00f3n de la solicitud se podr\u00e1 contactar con el Servicio de Planificaci\u00f3n y Provisi\u00f3n de Efectivos a trav\u00e9s de la siguiente direcci\u00f3n de Internet: <strong>soporte.educacion@murciaeduca.es<\/strong> indicando en el <strong>ASUNTO: Procedimiento 845<\/strong>.<\/span><\/p>\n<ul style=\"text-align: justify;\">\n<li><span style=\"font-family: arial, helvetica, sans-serif;\"><a href=\"http:\/\/eduwiki.murciaeduca.es\/wiki\/index.php\/Procedimiento_845\">RESPUESTA A PREGUNTAS FRECUENTES<\/a><\/span><\/li>\n<\/ul>\n<p style=\"text-align: justify;\"><span style=\"font-family: arial, helvetica, sans-serif;\">Os recordamos que la Orden que regula la concesi\u00f3n de comisiones de servicios de car\u00e1cter humanitario, establece como requisito para la concesi\u00f3n que se hubiese participado en el concurso de traslados para las comisiones de tipo 6.2 y 6.3.<\/span><\/p>\n<p style=\"text-align: justify;\"><span style=\"font-family: arial, helvetica, sans-serif;\"><u>6.2.- Por motivos graves de salud.<\/u>(plazo del 1 al 30 de abril)<\/span><\/p>\n<p style=\"text-align: justify;\"><span style=\"font-family: arial, helvetica, sans-serif;\">6.2.a.- Por motivos de salud propios.<\/span><\/p>\n<p style=\"text-align: justify;\"><span style=\"font-family: arial, helvetica, sans-serif;\">6.2.b.- Por motivos de salud de c\u00f3nyuge (o persona con an\u00e1loga relaci\u00f3n de afectividad) o hijos.<\/span><\/p>\n<p style=\"text-align: justify;\"><span style=\"font-family: arial, helvetica, sans-serif;\">6.2.c.- Por motivos de salud de ascendientes en primer grado.<\/span><\/p>\n<p style=\"text-align: justify;\"><span style=\"font-family: arial, helvetica, sans-serif;\"><u>6.3.- Por causas sociales y de cuidado de hijos menores de 12 a\u00f1os. <\/u>(plazo del 1 al 30 de abril).<\/span><\/p>\n<p style=\"text-align: justify;\"><span style=\"font-family: arial, helvetica, sans-serif;\">6.3.a.- Por cuidado de hijo menor de doce a\u00f1os.<\/span><\/p>\n<p style=\"text-align: justify;\"><span style=\"font-family: arial, helvetica, sans-serif;\">6.3.b.- Por motivos de car\u00e1cter social.<\/span><\/p>\n<p style=\"text-align: justify;\"><span style=\"font-family: arial, helvetica, sans-serif;\">6.3.c.- Por conflicto laboral en centros educativos de la CARM.<\/span><\/p>\n","protected":false},"excerpt":{"rendered":"<p>Orden de 7 de octubre de 2022, de la Consejer\u00eda de Educaci\u00f3n, por la que se convoca concurso de traslados &#8230; <a title=\"CONCURSO DE TRASLADOS 2022: Orden 07\/10\/2022 de convocatoria de todos los cuerpos docentes\" class=\"read-more\" href=\"https:\/\/sidimurcia.org\/index.php\/2022\/10\/14\/concurso-de-traslados-2022-orden-07-10-2022-de-convocatoria-de-todos-los-cuerpos-docentes\/\" aria-label=\"Leer m\u00e1s sobre CONCURSO DE TRASLADOS 2022: Orden 07\/10\/2022 de convocatoria de todos los cuerpos docentes\">Leer mas<\/a><\/p>\n","protected":false},"author":2,"featured_media":0,"comment_status":"closed","ping_status":"closed","sticky":false,"template":"","format":"standard","meta":{"footnotes":""},"categories":[16],"tags":[],"class_list":["post-14492","post","type-post","status-publish","format-standard","hentry","category-concurso-de-traslados"],"yoast_head":"<!-- This site is optimized with the Yoast SEO plugin v27.2 - https:\/\/yoast.com\/product\/yoast-seo-wordpress\/ -->\n<title>CONCURSO DE TRASLADOS 2022: Orden 07\/10\/2022 de convocatoria de todos los cuerpos docentes - SIDI<\/title>\n<meta name=\"description\" content=\"Sindicato Independiente de Docentes. Funcionarios e Interinos. Afiliaci\u00f3n 1eur\/mes. Defendemos la educaci\u00f3n p\u00fablica.\" \/>\n<meta name=\"robots\" content=\"index, follow, max-snippet:-1, max-image-preview:large, max-video-preview:-1\" \/>\n<link rel=\"canonical\" href=\"https:\/\/sidimurcia.org\/index.php\/2022\/10\/14\/concurso-de-traslados-2022-orden-07-10-2022-de-convocatoria-de-todos-los-cuerpos-docentes\/\" \/>\n<meta property=\"og:locale\" content=\"es_ES\" \/>\n<meta property=\"og:type\" content=\"article\" \/>\n<meta property=\"og:title\" content=\"CONCURSO DE TRASLADOS 2022: Orden 07\/10\/2022 de convocatoria de todos los cuerpos docentes - SIDI\" \/>\n<meta property=\"og:description\" content=\"Sindicato Independiente de Docentes. Funcionarios e Interinos. Afiliaci\u00f3n 1eur\/mes. Defendemos la educaci\u00f3n p\u00fablica.\" \/>\n<meta property=\"og:url\" content=\"https:\/\/sidimurcia.org\/index.php\/2022\/10\/14\/concurso-de-traslados-2022-orden-07-10-2022-de-convocatoria-de-todos-los-cuerpos-docentes\/\" \/>\n<meta property=\"og:site_name\" content=\"SIDI\" \/>\n<meta property=\"article:publisher\" content=\"https:\/\/es-es.facebook.com\/sidi.sindicatodedocentes\" \/>\n<meta property=\"article:published_time\" content=\"2022-10-14T06:27:47+00:00\" \/>\n<meta property=\"article:modified_time\" content=\"2022-11-08T09:28:07+00:00\" \/>\n<meta name=\"author\" content=\"Jose Luis Torrente\" \/>\n<meta name=\"twitter:card\" content=\"summary_large_image\" \/>\n<meta name=\"twitter:creator\" content=\"@SIDIMURCIA\" \/>\n<meta name=\"twitter:site\" content=\"@SIDIMURCIA\" \/>\n<meta name=\"twitter:label1\" content=\"Escrito por\" \/>\n\t<meta name=\"twitter:data1\" content=\"Jose Luis Torrente\" \/>\n\t<meta name=\"twitter:label2\" content=\"Tiempo de lectura\" \/>\n\t<meta name=\"twitter:data2\" content=\"3 minutos\" \/>\n<script type=\"application\/ld+json\" class=\"yoast-schema-graph\">{\"@context\":\"https:\/\/schema.org\",\"@graph\":[{\"@type\":\"Article\",\"@id\":\"https:\/\/sidimurcia.org\/index.php\/2022\/10\/14\/concurso-de-traslados-2022-orden-07-10-2022-de-convocatoria-de-todos-los-cuerpos-docentes\/#article\",\"isPartOf\":{\"@id\":\"https:\/\/sidimurcia.org\/index.php\/2022\/10\/14\/concurso-de-traslados-2022-orden-07-10-2022-de-convocatoria-de-todos-los-cuerpos-docentes\/\"},\"author\":{\"name\":\"Jose Luis Torrente\",\"@id\":\"https:\/\/sidimurcia.org\/#\/schema\/person\/3f3207f88fb267669a31f8f46f76f86c\"},\"headline\":\"CONCURSO DE TRASLADOS 2022: Orden 07\/10\/2022 de convocatoria de todos los cuerpos docentes\",\"datePublished\":\"2022-10-14T06:27:47+00:00\",\"dateModified\":\"2022-11-08T09:28:07+00:00\",\"mainEntityOfPage\":{\"@id\":\"https:\/\/sidimurcia.org\/index.php\/2022\/10\/14\/concurso-de-traslados-2022-orden-07-10-2022-de-convocatoria-de-todos-los-cuerpos-docentes\/\"},\"wordCount\":529,\"publisher\":{\"@id\":\"https:\/\/sidimurcia.org\/#organization\"},\"articleSection\":[\"Concurso de traslados\"],\"inLanguage\":\"es\"},{\"@type\":\"WebPage\",\"@id\":\"https:\/\/sidimurcia.org\/index.php\/2022\/10\/14\/concurso-de-traslados-2022-orden-07-10-2022-de-convocatoria-de-todos-los-cuerpos-docentes\/\",\"url\":\"https:\/\/sidimurcia.org\/index.php\/2022\/10\/14\/concurso-de-traslados-2022-orden-07-10-2022-de-convocatoria-de-todos-los-cuerpos-docentes\/\",\"name\":\"CONCURSO DE TRASLADOS 2022: Orden 07\/10\/2022 de convocatoria de todos los cuerpos docentes - SIDI\",\"isPartOf\":{\"@id\":\"https:\/\/sidimurcia.org\/#website\"},\"datePublished\":\"2022-10-14T06:27:47+00:00\",\"dateModified\":\"2022-11-08T09:28:07+00:00\",\"description\":\"Sindicato Independiente de Docentes. Funcionarios e Interinos. Afiliaci\u00f3n 1eur\/mes. Defendemos la educaci\u00f3n p\u00fablica.\",\"breadcrumb\":{\"@id\":\"https:\/\/sidimurcia.org\/index.php\/2022\/10\/14\/concurso-de-traslados-2022-orden-07-10-2022-de-convocatoria-de-todos-los-cuerpos-docentes\/#breadcrumb\"},\"inLanguage\":\"es\",\"potentialAction\":[{\"@type\":\"ReadAction\",\"target\":[\"https:\/\/sidimurcia.org\/index.php\/2022\/10\/14\/concurso-de-traslados-2022-orden-07-10-2022-de-convocatoria-de-todos-los-cuerpos-docentes\/\"]}]},{\"@type\":\"BreadcrumbList\",\"@id\":\"https:\/\/sidimurcia.org\/index.php\/2022\/10\/14\/concurso-de-traslados-2022-orden-07-10-2022-de-convocatoria-de-todos-los-cuerpos-docentes\/#breadcrumb\",\"itemListElement\":[{\"@type\":\"ListItem\",\"position\":1,\"name\":\"Portada\",\"item\":\"https:\/\/sidimurcia.org\/\"},{\"@type\":\"ListItem\",\"position\":2,\"name\":\"CONCURSO DE TRASLADOS 2022: Orden 07\/10\/2022 de convocatoria de todos los cuerpos docentes\"}]},{\"@type\":\"WebSite\",\"@id\":\"https:\/\/sidimurcia.org\/#website\",\"url\":\"https:\/\/sidimurcia.org\/\",\"name\":\"SIDI\",\"description\":\"Sindicato Independiente de Docentes\",\"publisher\":{\"@id\":\"https:\/\/sidimurcia.org\/#organization\"},\"potentialAction\":[{\"@type\":\"SearchAction\",\"target\":{\"@type\":\"EntryPoint\",\"urlTemplate\":\"https:\/\/sidimurcia.org\/?s={search_term_string}\"},\"query-input\":{\"@type\":\"PropertyValueSpecification\",\"valueRequired\":true,\"valueName\":\"search_term_string\"}}],\"inLanguage\":\"es\"},{\"@type\":\"Organization\",\"@id\":\"https:\/\/sidimurcia.org\/#organization\",\"name\":\"Sindicato Independiente de Docentes - SIDI\",\"url\":\"https:\/\/sidimurcia.org\/\",\"logo\":{\"@type\":\"ImageObject\",\"inLanguage\":\"es\",\"@id\":\"https:\/\/sidimurcia.org\/#\/schema\/logo\/image\/\",\"url\":\"https:\/\/sidimurcia.org\/wp-content\/uploads\/cropped-PARAPESTANAWEB-1.jpg\",\"contentUrl\":\"https:\/\/sidimurcia.org\/wp-content\/uploads\/cropped-PARAPESTANAWEB-1.jpg\",\"width\":512,\"height\":512,\"caption\":\"Sindicato Independiente de Docentes - SIDI\"},\"image\":{\"@id\":\"https:\/\/sidimurcia.org\/#\/schema\/logo\/image\/\"},\"sameAs\":[\"https:\/\/es-es.facebook.com\/sidi.sindicatodedocentes\",\"https:\/\/x.com\/SIDIMURCIA\",\"https:\/\/www.instagram.com\/sidi_murcia\/\",\"https:\/\/www.youtube.com\/channel\/UCwwdL3uFtDKJdbOfmC70wIQ\"]},{\"@type\":\"Person\",\"@id\":\"https:\/\/sidimurcia.org\/#\/schema\/person\/3f3207f88fb267669a31f8f46f76f86c\",\"name\":\"Jose Luis Torrente\",\"image\":{\"@type\":\"ImageObject\",\"inLanguage\":\"es\",\"@id\":\"https:\/\/secure.gravatar.com\/avatar\/8ac4c0d28cf03f62a37681e633afaf3faec3a7bd495cdfb9b6a7ec6cf281b29c?s=96&d=mm&r=g\",\"url\":\"https:\/\/secure.gravatar.com\/avatar\/8ac4c0d28cf03f62a37681e633afaf3faec3a7bd495cdfb9b6a7ec6cf281b29c?s=96&d=mm&r=g\",\"contentUrl\":\"https:\/\/secure.gravatar.com\/avatar\/8ac4c0d28cf03f62a37681e633afaf3faec3a7bd495cdfb9b6a7ec6cf281b29c?s=96&d=mm&r=g\",\"caption\":\"Jose Luis Torrente\"},\"url\":\"https:\/\/sidimurcia.org\/index.php\/author\/joseltorrente\/\"}]}<\/script>\n<!-- \/ Yoast SEO plugin. -->","yoast_head_json":{"title":"CONCURSO DE TRASLADOS 2022: Orden 07\/10\/2022 de convocatoria de todos los cuerpos docentes - SIDI","description":"Sindicato Independiente de Docentes. Funcionarios e Interinos. Afiliaci\u00f3n 1eur\/mes. Defendemos la educaci\u00f3n p\u00fablica.","robots":{"index":"index","follow":"follow","max-snippet":"max-snippet:-1","max-image-preview":"max-image-preview:large","max-video-preview":"max-video-preview:-1"},"canonical":"https:\/\/sidimurcia.org\/index.php\/2022\/10\/14\/concurso-de-traslados-2022-orden-07-10-2022-de-convocatoria-de-todos-los-cuerpos-docentes\/","og_locale":"es_ES","og_type":"article","og_title":"CONCURSO DE TRASLADOS 2022: Orden 07\/10\/2022 de convocatoria de todos los cuerpos docentes - SIDI","og_description":"Sindicato Independiente de Docentes. Funcionarios e Interinos. Afiliaci\u00f3n 1eur\/mes. Defendemos la educaci\u00f3n p\u00fablica.","og_url":"https:\/\/sidimurcia.org\/index.php\/2022\/10\/14\/concurso-de-traslados-2022-orden-07-10-2022-de-convocatoria-de-todos-los-cuerpos-docentes\/","og_site_name":"SIDI","article_publisher":"https:\/\/es-es.facebook.com\/sidi.sindicatodedocentes","article_published_time":"2022-10-14T06:27:47+00:00","article_modified_time":"2022-11-08T09:28:07+00:00","author":"Jose Luis Torrente","twitter_card":"summary_large_image","twitter_creator":"@SIDIMURCIA","twitter_site":"@SIDIMURCIA","twitter_misc":{"Escrito por":"Jose Luis Torrente","Tiempo de lectura":"3 minutos"},"schema":{"@context":"https:\/\/schema.org","@graph":[{"@type":"Article","@id":"https:\/\/sidimurcia.org\/index.php\/2022\/10\/14\/concurso-de-traslados-2022-orden-07-10-2022-de-convocatoria-de-todos-los-cuerpos-docentes\/#article","isPartOf":{"@id":"https:\/\/sidimurcia.org\/index.php\/2022\/10\/14\/concurso-de-traslados-2022-orden-07-10-2022-de-convocatoria-de-todos-los-cuerpos-docentes\/"},"author":{"name":"Jose Luis Torrente","@id":"https:\/\/sidimurcia.org\/#\/schema\/person\/3f3207f88fb267669a31f8f46f76f86c"},"headline":"CONCURSO DE TRASLADOS 2022: Orden 07\/10\/2022 de convocatoria de todos los cuerpos docentes","datePublished":"2022-10-14T06:27:47+00:00","dateModified":"2022-11-08T09:28:07+00:00","mainEntityOfPage":{"@id":"https:\/\/sidimurcia.org\/index.php\/2022\/10\/14\/concurso-de-traslados-2022-orden-07-10-2022-de-convocatoria-de-todos-los-cuerpos-docentes\/"},"wordCount":529,"publisher":{"@id":"https:\/\/sidimurcia.org\/#organization"},"articleSection":["Concurso de traslados"],"inLanguage":"es"},{"@type":"WebPage","@id":"https:\/\/sidimurcia.org\/index.php\/2022\/10\/14\/concurso-de-traslados-2022-orden-07-10-2022-de-convocatoria-de-todos-los-cuerpos-docentes\/","url":"https:\/\/sidimurcia.org\/index.php\/2022\/10\/14\/concurso-de-traslados-2022-orden-07-10-2022-de-convocatoria-de-todos-los-cuerpos-docentes\/","name":"CONCURSO DE TRASLADOS 2022: Orden 07\/10\/2022 de convocatoria de todos los cuerpos docentes - SIDI","isPartOf":{"@id":"https:\/\/sidimurcia.org\/#website"},"datePublished":"2022-10-14T06:27:47+00:00","dateModified":"2022-11-08T09:28:07+00:00","description":"Sindicato Independiente de Docentes. Funcionarios e Interinos. Afiliaci\u00f3n 1eur\/mes. Defendemos la educaci\u00f3n p\u00fablica.","breadcrumb":{"@id":"https:\/\/sidimurcia.org\/index.php\/2022\/10\/14\/concurso-de-traslados-2022-orden-07-10-2022-de-convocatoria-de-todos-los-cuerpos-docentes\/#breadcrumb"},"inLanguage":"es","potentialAction":[{"@type":"ReadAction","target":["https:\/\/sidimurcia.org\/index.php\/2022\/10\/14\/concurso-de-traslados-2022-orden-07-10-2022-de-convocatoria-de-todos-los-cuerpos-docentes\/"]}]},{"@type":"BreadcrumbList","@id":"https:\/\/sidimurcia.org\/index.php\/2022\/10\/14\/concurso-de-traslados-2022-orden-07-10-2022-de-convocatoria-de-todos-los-cuerpos-docentes\/#breadcrumb","itemListElement":[{"@type":"ListItem","position":1,"name":"Portada","item":"https:\/\/sidimurcia.org\/"},{"@type":"ListItem","position":2,"name":"CONCURSO DE TRASLADOS 2022: Orden 07\/10\/2022 de convocatoria de todos los cuerpos docentes"}]},{"@type":"WebSite","@id":"https:\/\/sidimurcia.org\/#website","url":"https:\/\/sidimurcia.org\/","name":"SIDI","description":"Sindicato Independiente de Docentes","publisher":{"@id":"https:\/\/sidimurcia.org\/#organization"},"potentialAction":[{"@type":"SearchAction","target":{"@type":"EntryPoint","urlTemplate":"https:\/\/sidimurcia.org\/?s={search_term_string}"},"query-input":{"@type":"PropertyValueSpecification","valueRequired":true,"valueName":"search_term_string"}}],"inLanguage":"es"},{"@type":"Organization","@id":"https:\/\/sidimurcia.org\/#organization","name":"Sindicato Independiente de Docentes - SIDI","url":"https:\/\/sidimurcia.org\/","logo":{"@type":"ImageObject","inLanguage":"es","@id":"https:\/\/sidimurcia.org\/#\/schema\/logo\/image\/","url":"https:\/\/sidimurcia.org\/wp-content\/uploads\/cropped-PARAPESTANAWEB-1.jpg","contentUrl":"https:\/\/sidimurcia.org\/wp-content\/uploads\/cropped-PARAPESTANAWEB-1.jpg","width":512,"height":512,"caption":"Sindicato Independiente de Docentes - SIDI"},"image":{"@id":"https:\/\/sidimurcia.org\/#\/schema\/logo\/image\/"},"sameAs":["https:\/\/es-es.facebook.com\/sidi.sindicatodedocentes","https:\/\/x.com\/SIDIMURCIA","https:\/\/www.instagram.com\/sidi_murcia\/","https:\/\/www.youtube.com\/channel\/UCwwdL3uFtDKJdbOfmC70wIQ"]},{"@type":"Person","@id":"https:\/\/sidimurcia.org\/#\/schema\/person\/3f3207f88fb267669a31f8f46f76f86c","name":"Jose Luis Torrente","image":{"@type":"ImageObject","inLanguage":"es","@id":"https:\/\/secure.gravatar.com\/avatar\/8ac4c0d28cf03f62a37681e633afaf3faec3a7bd495cdfb9b6a7ec6cf281b29c?s=96&d=mm&r=g","url":"https:\/\/secure.gravatar.com\/avatar\/8ac4c0d28cf03f62a37681e633afaf3faec3a7bd495cdfb9b6a7ec6cf281b29c?s=96&d=mm&r=g","contentUrl":"https:\/\/secure.gravatar.com\/avatar\/8ac4c0d28cf03f62a37681e633afaf3faec3a7bd495cdfb9b6a7ec6cf281b29c?s=96&d=mm&r=g","caption":"Jose Luis Torrente"},"url":"https:\/\/sidimurcia.org\/index.php\/author\/joseltorrente\/"}]}},"_links":{"self":[{"href":"https:\/\/sidimurcia.org\/index.php\/wp-json\/wp\/v2\/posts\/14492","targetHints":{"allow":["GET"]}}],"collection":[{"href":"https:\/\/sidimurcia.org\/index.php\/wp-json\/wp\/v2\/posts"}],"about":[{"href":"https:\/\/sidimurcia.org\/index.php\/wp-json\/wp\/v2\/types\/post"}],"author":[{"embeddable":true,"href":"https:\/\/sidimurcia.org\/index.php\/wp-json\/wp\/v2\/users\/2"}],"replies":[{"embeddable":true,"href":"https:\/\/sidimurcia.org\/index.php\/wp-json\/wp\/v2\/comments?post=14492"}],"version-history":[{"count":0,"href":"https:\/\/sidimurcia.org\/index.php\/wp-json\/wp\/v2\/posts\/14492\/revisions"}],"wp:attachment":[{"href":"https:\/\/sidimurcia.org\/index.php\/wp-json\/wp\/v2\/media?parent=14492"}],"wp:term":[{"taxonomy":"category","embeddable":true,"href":"https:\/\/sidimurcia.org\/index.php\/wp-json\/wp\/v2\/categories?post=14492"},{"taxonomy":"post_tag","embeddable":true,"href":"https:\/\/sidimurcia.org\/index.php\/wp-json\/wp\/v2\/tags?post=14492"}],"curies":[{"name":"wp","href":"https:\/\/api.w.org\/{rel}","templated":true}]}}