{"id":15518,"date":"2023-01-03T09:59:47","date_gmt":"2023-01-03T09:59:47","guid":{"rendered":"https:\/\/sidimurcia.org\/?p=15518"},"modified":"2023-02-21T08:17:18","modified_gmt":"2023-02-21T08:17:18","slug":"convocatoria-pruebas-de-acceso-a-ciclos-formativos-de-fp-de-grado-medio-y-superior-2023","status":"publish","type":"post","link":"https:\/\/sidimurcia.org\/index.php\/2023\/01\/03\/convocatoria-pruebas-de-acceso-a-ciclos-formativos-de-fp-de-grado-medio-y-superior-2023\/","title":{"rendered":"Convocatoria pruebas de acceso a ciclos formativos de FP de Grado Medio y Superior 2023"},"content":{"rendered":"<ul>\n<li style=\"text-align: justify;\"><span style=\"font-family: arial, helvetica, sans-serif;\"><a href=\"http:\/\/servicios.educarm.es\/templates\/portal\/ficheros\/websDinamicas\/45\/6966%20Resol%20convocat%20prueba%20de%20acce%20BORM%2031-12-22.pdf\">Resoluci\u00f3n de 16 de diciembre de la Direcci\u00f3n General de Formaci\u00f3n Profesional e Innovaci\u00f3n, por la que se convocan las pruebas de acceso a los ciclos formativos de grado medio y de grado superior de formaci\u00f3n profesional del sistema educativo, en la Comunidad Aut\u00f3noma de la Regi\u00f3n de Murcia, correspondientes al a\u00f1o 2023.<\/a> <\/span>\n<ul>\n<li><a class=\"enlaceMarron\" title=\"Resoluci\u00f3n de 8 de febrero de 2023 de la Direcci\u00f3n General de Atenci\u00f3n a la Diversidad, Innovaci\u00f3n y Formaci\u00f3n Profesional, por la que se modifica la de 16 de diciembre de 2022, por la que se convocan las pruebas de acceso a los ciclos formativos de grado medio y de grado superior de formaci\u00f3n profesional del sistema educativo, en la Comunidad Aut\u00f3noma de la Regi\u00f3n de Murcia, correspondientes al a\u00f1o 2023.\" href=\"https:\/\/servicios.educarm.es\/templates\/portal\/ficheros\/websDinamicas\/45\/1021. Modifi pruebas acceso BORM 21-2-23pdf.pdf\" target=\"_blank\" rel=\"noopener\"><span style=\"font-family: arial, helvetica, sans-serif;\">Resoluci\u00f3n de 8 de febrero de 2023 de la Direcci\u00f3n General de Atenci\u00f3n a la Diversidad, Innovaci\u00f3n y Formaci\u00f3n Profesional, por la que se modifica la de 16 de diciembre de 2022, por la que se convocan las pruebas de acceso a los ciclos formativos de grado medio y de grado superior de formaci\u00f3n profesional del sistema educativo, en la Comunidad Aut\u00f3noma de la Regi\u00f3n de Murcia, correspondientes al a\u00f1o 2023.<\/span><\/a><\/li>\n<\/ul>\n<\/li>\n<\/ul>\n<p><span style=\"font-family: arial, helvetica, sans-serif;\">Proceso de inscripci\u00f3n. <\/span><\/p>\n<p><span style=\"font-family: arial, helvetica, sans-serif;\">Tercero.\u2013 Solicitudes:<\/span><\/p>\n<p><span style=\"font-family: arial, helvetica, sans-serif;\">1. <strong>Para la inscripci\u00f3n en las pruebas se deber\u00e1 cumplimentar a trav\u00e9s de Internet, en el per\u00edodo comprendido desde las 9:00 horas del 19 de enero hasta las 14:00 horas del 3 de febrero de 2023<\/strong> (hora peninsular espa\u00f1ola), el formulario electr\u00f3nico espec\u00edfico disponible en la sede electr\u00f3nica de la Comunidad Aut\u00f3noma de la Regi\u00f3n de Murcia &#8230; (ver convocatoria)<\/span><\/p>\n<p><span style=\"font-family: arial, helvetica, sans-serif;\">Forma de presentaci\u00f3n de solicitudes<\/span><br \/>\n<span style=\"font-family: arial, helvetica, sans-serif;\">2. La presentaci\u00f3n de las solicitudes se har\u00e1 a trav\u00e9s de una de las siguientes v\u00edas:<\/span><\/p>\n<p><span style=\"font-family: arial, helvetica, sans-serif;\">a) Registro electr\u00f3nico. Para utilizar esta v\u00eda, el aspirante deber\u00e1 elegir el formulario con certificado electr\u00f3nico para cumplimentar su solicitud de participaci\u00f3n, firmar electr\u00f3nicamente la misma al final del proceso de inscripci\u00f3n y, si procede, realizar el pago electr\u00f3nico de la tasa por derechos de examen. &#8230; (ver convocatoria)<\/span><\/p>\n<p><span style=\"font-family: arial, helvetica, sans-serif;\">b). Registro presencial. En este caso, el aspirante deber\u00e1 elegir el formulario sin autenticaci\u00f3n (soporte papel) que se cumplimentar\u00e1 por medios inform\u00e1ticos, se imprimir\u00e1 y firmar\u00e1 mediante r\u00fabrica personal, para su posterior presentaci\u00f3n de manera presencial en la secretar\u00eda del centro examinador donde haya resultado adjudicado &#8230; (ver convocatoria)<\/span><\/p>\n<p><span style=\"font-family: arial, helvetica, sans-serif;\">A tal efecto, como la adjudicaci\u00f3n de centro examinador se produce en un momento posterior al del per\u00edodo de cumplimentaci\u00f3n del formulario de solicitud de inscripci\u00f3n (soporte papel), <strong>el plazo de registro presencial de las solicitudes as\u00ed generadas ser\u00e1 en el per\u00edodo comprendido desde el viernes 17 de febrero hasta el jueves 23 de febrero de 2023&#8230; <\/strong>(ver convocatoria)<\/span><\/p>\n<p style=\"text-align: justify;\">\n","protected":false},"excerpt":{"rendered":"<p>Resoluci\u00f3n de 16 de diciembre de la Direcci\u00f3n General de Formaci\u00f3n Profesional e Innovaci\u00f3n, por la que se convocan las &#8230; <a title=\"Convocatoria pruebas de acceso a ciclos formativos de FP de Grado Medio y Superior 2023\" class=\"read-more\" href=\"https:\/\/sidimurcia.org\/index.php\/2023\/01\/03\/convocatoria-pruebas-de-acceso-a-ciclos-formativos-de-fp-de-grado-medio-y-superior-2023\/\" aria-label=\"Leer m\u00e1s sobre Convocatoria pruebas de acceso a ciclos formativos de FP de Grado Medio y Superior 2023\">Leer mas<\/a><\/p>\n","protected":false},"author":2,"featured_media":0,"comment_status":"closed","ping_status":"closed","sticky":false,"template":"","format":"standard","meta":{"footnotes":""},"categories":[46,48],"tags":[],"class_list":["post-15518","post","type-post","status-publish","format-standard","hentry","category-normativa","category-normativa-carm"],"yoast_head":"<!-- This site is optimized with the Yoast SEO plugin v27.2 - https:\/\/yoast.com\/product\/yoast-seo-wordpress\/ -->\n<title>Convocatoria pruebas de acceso a ciclos formativos de FP de Grado Medio y Superior 2023 - SIDI<\/title>\n<meta name=\"description\" content=\"Sindicato Independiente de Docentes. Funcionarios e Interinos. Afiliaci\u00f3n 1eur\/mes. Defendemos la educaci\u00f3n p\u00fablica.\" \/>\n<meta name=\"robots\" content=\"index, follow, max-snippet:-1, max-image-preview:large, max-video-preview:-1\" \/>\n<link rel=\"canonical\" href=\"https:\/\/sidimurcia.org\/index.php\/2023\/01\/03\/convocatoria-pruebas-de-acceso-a-ciclos-formativos-de-fp-de-grado-medio-y-superior-2023\/\" \/>\n<meta property=\"og:locale\" content=\"es_ES\" \/>\n<meta property=\"og:type\" content=\"article\" \/>\n<meta property=\"og:title\" content=\"Convocatoria pruebas de acceso a ciclos formativos de FP de Grado Medio y Superior 2023 - SIDI\" \/>\n<meta property=\"og:description\" content=\"Sindicato Independiente de Docentes. Funcionarios e Interinos. Afiliaci\u00f3n 1eur\/mes. Defendemos la educaci\u00f3n p\u00fablica.\" \/>\n<meta property=\"og:url\" content=\"https:\/\/sidimurcia.org\/index.php\/2023\/01\/03\/convocatoria-pruebas-de-acceso-a-ciclos-formativos-de-fp-de-grado-medio-y-superior-2023\/\" \/>\n<meta property=\"og:site_name\" content=\"SIDI\" \/>\n<meta property=\"article:publisher\" content=\"https:\/\/es-es.facebook.com\/sidi.sindicatodedocentes\" \/>\n<meta property=\"article:published_time\" content=\"2023-01-03T09:59:47+00:00\" \/>\n<meta property=\"article:modified_time\" content=\"2023-02-21T08:17:18+00:00\" \/>\n<meta name=\"author\" content=\"Jose Luis Torrente\" \/>\n<meta name=\"twitter:card\" content=\"summary_large_image\" \/>\n<meta name=\"twitter:creator\" content=\"@SIDIMURCIA\" \/>\n<meta name=\"twitter:site\" content=\"@SIDIMURCIA\" \/>\n<meta name=\"twitter:label1\" content=\"Escrito por\" \/>\n\t<meta name=\"twitter:data1\" content=\"Jose Luis Torrente\" \/>\n\t<meta name=\"twitter:label2\" content=\"Tiempo de lectura\" \/>\n\t<meta name=\"twitter:data2\" content=\"2 minutos\" \/>\n<script type=\"application\/ld+json\" class=\"yoast-schema-graph\">{\"@context\":\"https:\/\/schema.org\",\"@graph\":[{\"@type\":\"Article\",\"@id\":\"https:\/\/sidimurcia.org\/index.php\/2023\/01\/03\/convocatoria-pruebas-de-acceso-a-ciclos-formativos-de-fp-de-grado-medio-y-superior-2023\/#article\",\"isPartOf\":{\"@id\":\"https:\/\/sidimurcia.org\/index.php\/2023\/01\/03\/convocatoria-pruebas-de-acceso-a-ciclos-formativos-de-fp-de-grado-medio-y-superior-2023\/\"},\"author\":{\"name\":\"Jose Luis Torrente\",\"@id\":\"https:\/\/sidimurcia.org\/#\/schema\/person\/3f3207f88fb267669a31f8f46f76f86c\"},\"headline\":\"Convocatoria pruebas de acceso a ciclos formativos de FP de Grado Medio y Superior 2023\",\"datePublished\":\"2023-01-03T09:59:47+00:00\",\"dateModified\":\"2023-02-21T08:17:18+00:00\",\"mainEntityOfPage\":{\"@id\":\"https:\/\/sidimurcia.org\/index.php\/2023\/01\/03\/convocatoria-pruebas-de-acceso-a-ciclos-formativos-de-fp-de-grado-medio-y-superior-2023\/\"},\"wordCount\":409,\"publisher\":{\"@id\":\"https:\/\/sidimurcia.org\/#organization\"},\"articleSection\":[\"Normativa\",\"Normativa CARM\"],\"inLanguage\":\"es\"},{\"@type\":\"WebPage\",\"@id\":\"https:\/\/sidimurcia.org\/index.php\/2023\/01\/03\/convocatoria-pruebas-de-acceso-a-ciclos-formativos-de-fp-de-grado-medio-y-superior-2023\/\",\"url\":\"https:\/\/sidimurcia.org\/index.php\/2023\/01\/03\/convocatoria-pruebas-de-acceso-a-ciclos-formativos-de-fp-de-grado-medio-y-superior-2023\/\",\"name\":\"Convocatoria pruebas de acceso a ciclos formativos de FP de Grado Medio y Superior 2023 - SIDI\",\"isPartOf\":{\"@id\":\"https:\/\/sidimurcia.org\/#website\"},\"datePublished\":\"2023-01-03T09:59:47+00:00\",\"dateModified\":\"2023-02-21T08:17:18+00:00\",\"description\":\"Sindicato Independiente de Docentes. Funcionarios e Interinos. Afiliaci\u00f3n 1eur\/mes. Defendemos la educaci\u00f3n p\u00fablica.\",\"breadcrumb\":{\"@id\":\"https:\/\/sidimurcia.org\/index.php\/2023\/01\/03\/convocatoria-pruebas-de-acceso-a-ciclos-formativos-de-fp-de-grado-medio-y-superior-2023\/#breadcrumb\"},\"inLanguage\":\"es\",\"potentialAction\":[{\"@type\":\"ReadAction\",\"target\":[\"https:\/\/sidimurcia.org\/index.php\/2023\/01\/03\/convocatoria-pruebas-de-acceso-a-ciclos-formativos-de-fp-de-grado-medio-y-superior-2023\/\"]}]},{\"@type\":\"BreadcrumbList\",\"@id\":\"https:\/\/sidimurcia.org\/index.php\/2023\/01\/03\/convocatoria-pruebas-de-acceso-a-ciclos-formativos-de-fp-de-grado-medio-y-superior-2023\/#breadcrumb\",\"itemListElement\":[{\"@type\":\"ListItem\",\"position\":1,\"name\":\"Portada\",\"item\":\"https:\/\/sidimurcia.org\/\"},{\"@type\":\"ListItem\",\"position\":2,\"name\":\"Convocatoria pruebas de acceso a ciclos formativos de FP de Grado Medio y Superior 2023\"}]},{\"@type\":\"WebSite\",\"@id\":\"https:\/\/sidimurcia.org\/#website\",\"url\":\"https:\/\/sidimurcia.org\/\",\"name\":\"SIDI\",\"description\":\"Sindicato Independiente de Docentes\",\"publisher\":{\"@id\":\"https:\/\/sidimurcia.org\/#organization\"},\"potentialAction\":[{\"@type\":\"SearchAction\",\"target\":{\"@type\":\"EntryPoint\",\"urlTemplate\":\"https:\/\/sidimurcia.org\/?s={search_term_string}\"},\"query-input\":{\"@type\":\"PropertyValueSpecification\",\"valueRequired\":true,\"valueName\":\"search_term_string\"}}],\"inLanguage\":\"es\"},{\"@type\":\"Organization\",\"@id\":\"https:\/\/sidimurcia.org\/#organization\",\"name\":\"Sindicato Independiente de Docentes - SIDI\",\"url\":\"https:\/\/sidimurcia.org\/\",\"logo\":{\"@type\":\"ImageObject\",\"inLanguage\":\"es\",\"@id\":\"https:\/\/sidimurcia.org\/#\/schema\/logo\/image\/\",\"url\":\"https:\/\/sidimurcia.org\/wp-content\/uploads\/cropped-PARAPESTANAWEB-1.jpg\",\"contentUrl\":\"https:\/\/sidimurcia.org\/wp-content\/uploads\/cropped-PARAPESTANAWEB-1.jpg\",\"width\":512,\"height\":512,\"caption\":\"Sindicato Independiente de Docentes - SIDI\"},\"image\":{\"@id\":\"https:\/\/sidimurcia.org\/#\/schema\/logo\/image\/\"},\"sameAs\":[\"https:\/\/es-es.facebook.com\/sidi.sindicatodedocentes\",\"https:\/\/x.com\/SIDIMURCIA\",\"https:\/\/www.instagram.com\/sidi_murcia\/\",\"https:\/\/www.youtube.com\/channel\/UCwwdL3uFtDKJdbOfmC70wIQ\"]},{\"@type\":\"Person\",\"@id\":\"https:\/\/sidimurcia.org\/#\/schema\/person\/3f3207f88fb267669a31f8f46f76f86c\",\"name\":\"Jose Luis Torrente\",\"image\":{\"@type\":\"ImageObject\",\"inLanguage\":\"es\",\"@id\":\"https:\/\/secure.gravatar.com\/avatar\/8ac4c0d28cf03f62a37681e633afaf3faec3a7bd495cdfb9b6a7ec6cf281b29c?s=96&d=mm&r=g\",\"url\":\"https:\/\/secure.gravatar.com\/avatar\/8ac4c0d28cf03f62a37681e633afaf3faec3a7bd495cdfb9b6a7ec6cf281b29c?s=96&d=mm&r=g\",\"contentUrl\":\"https:\/\/secure.gravatar.com\/avatar\/8ac4c0d28cf03f62a37681e633afaf3faec3a7bd495cdfb9b6a7ec6cf281b29c?s=96&d=mm&r=g\",\"caption\":\"Jose Luis Torrente\"},\"url\":\"https:\/\/sidimurcia.org\/index.php\/author\/joseltorrente\/\"}]}<\/script>\n<!-- \/ Yoast SEO plugin. -->","yoast_head_json":{"title":"Convocatoria pruebas de acceso a ciclos formativos de FP de Grado Medio y Superior 2023 - SIDI","description":"Sindicato Independiente de Docentes. Funcionarios e Interinos. Afiliaci\u00f3n 1eur\/mes. Defendemos la educaci\u00f3n p\u00fablica.","robots":{"index":"index","follow":"follow","max-snippet":"max-snippet:-1","max-image-preview":"max-image-preview:large","max-video-preview":"max-video-preview:-1"},"canonical":"https:\/\/sidimurcia.org\/index.php\/2023\/01\/03\/convocatoria-pruebas-de-acceso-a-ciclos-formativos-de-fp-de-grado-medio-y-superior-2023\/","og_locale":"es_ES","og_type":"article","og_title":"Convocatoria pruebas de acceso a ciclos formativos de FP de Grado Medio y Superior 2023 - SIDI","og_description":"Sindicato Independiente de Docentes. Funcionarios e Interinos. Afiliaci\u00f3n 1eur\/mes. Defendemos la educaci\u00f3n p\u00fablica.","og_url":"https:\/\/sidimurcia.org\/index.php\/2023\/01\/03\/convocatoria-pruebas-de-acceso-a-ciclos-formativos-de-fp-de-grado-medio-y-superior-2023\/","og_site_name":"SIDI","article_publisher":"https:\/\/es-es.facebook.com\/sidi.sindicatodedocentes","article_published_time":"2023-01-03T09:59:47+00:00","article_modified_time":"2023-02-21T08:17:18+00:00","author":"Jose Luis Torrente","twitter_card":"summary_large_image","twitter_creator":"@SIDIMURCIA","twitter_site":"@SIDIMURCIA","twitter_misc":{"Escrito por":"Jose Luis Torrente","Tiempo de lectura":"2 minutos"},"schema":{"@context":"https:\/\/schema.org","@graph":[{"@type":"Article","@id":"https:\/\/sidimurcia.org\/index.php\/2023\/01\/03\/convocatoria-pruebas-de-acceso-a-ciclos-formativos-de-fp-de-grado-medio-y-superior-2023\/#article","isPartOf":{"@id":"https:\/\/sidimurcia.org\/index.php\/2023\/01\/03\/convocatoria-pruebas-de-acceso-a-ciclos-formativos-de-fp-de-grado-medio-y-superior-2023\/"},"author":{"name":"Jose Luis Torrente","@id":"https:\/\/sidimurcia.org\/#\/schema\/person\/3f3207f88fb267669a31f8f46f76f86c"},"headline":"Convocatoria pruebas de acceso a ciclos formativos de FP de Grado Medio y Superior 2023","datePublished":"2023-01-03T09:59:47+00:00","dateModified":"2023-02-21T08:17:18+00:00","mainEntityOfPage":{"@id":"https:\/\/sidimurcia.org\/index.php\/2023\/01\/03\/convocatoria-pruebas-de-acceso-a-ciclos-formativos-de-fp-de-grado-medio-y-superior-2023\/"},"wordCount":409,"publisher":{"@id":"https:\/\/sidimurcia.org\/#organization"},"articleSection":["Normativa","Normativa CARM"],"inLanguage":"es"},{"@type":"WebPage","@id":"https:\/\/sidimurcia.org\/index.php\/2023\/01\/03\/convocatoria-pruebas-de-acceso-a-ciclos-formativos-de-fp-de-grado-medio-y-superior-2023\/","url":"https:\/\/sidimurcia.org\/index.php\/2023\/01\/03\/convocatoria-pruebas-de-acceso-a-ciclos-formativos-de-fp-de-grado-medio-y-superior-2023\/","name":"Convocatoria pruebas de acceso a ciclos formativos de FP de Grado Medio y Superior 2023 - SIDI","isPartOf":{"@id":"https:\/\/sidimurcia.org\/#website"},"datePublished":"2023-01-03T09:59:47+00:00","dateModified":"2023-02-21T08:17:18+00:00","description":"Sindicato Independiente de Docentes. Funcionarios e Interinos. Afiliaci\u00f3n 1eur\/mes. Defendemos la educaci\u00f3n p\u00fablica.","breadcrumb":{"@id":"https:\/\/sidimurcia.org\/index.php\/2023\/01\/03\/convocatoria-pruebas-de-acceso-a-ciclos-formativos-de-fp-de-grado-medio-y-superior-2023\/#breadcrumb"},"inLanguage":"es","potentialAction":[{"@type":"ReadAction","target":["https:\/\/sidimurcia.org\/index.php\/2023\/01\/03\/convocatoria-pruebas-de-acceso-a-ciclos-formativos-de-fp-de-grado-medio-y-superior-2023\/"]}]},{"@type":"BreadcrumbList","@id":"https:\/\/sidimurcia.org\/index.php\/2023\/01\/03\/convocatoria-pruebas-de-acceso-a-ciclos-formativos-de-fp-de-grado-medio-y-superior-2023\/#breadcrumb","itemListElement":[{"@type":"ListItem","position":1,"name":"Portada","item":"https:\/\/sidimurcia.org\/"},{"@type":"ListItem","position":2,"name":"Convocatoria pruebas de acceso a ciclos formativos de FP de Grado Medio y Superior 2023"}]},{"@type":"WebSite","@id":"https:\/\/sidimurcia.org\/#website","url":"https:\/\/sidimurcia.org\/","name":"SIDI","description":"Sindicato Independiente de Docentes","publisher":{"@id":"https:\/\/sidimurcia.org\/#organization"},"potentialAction":[{"@type":"SearchAction","target":{"@type":"EntryPoint","urlTemplate":"https:\/\/sidimurcia.org\/?s={search_term_string}"},"query-input":{"@type":"PropertyValueSpecification","valueRequired":true,"valueName":"search_term_string"}}],"inLanguage":"es"},{"@type":"Organization","@id":"https:\/\/sidimurcia.org\/#organization","name":"Sindicato Independiente de Docentes - SIDI","url":"https:\/\/sidimurcia.org\/","logo":{"@type":"ImageObject","inLanguage":"es","@id":"https:\/\/sidimurcia.org\/#\/schema\/logo\/image\/","url":"https:\/\/sidimurcia.org\/wp-content\/uploads\/cropped-PARAPESTANAWEB-1.jpg","contentUrl":"https:\/\/sidimurcia.org\/wp-content\/uploads\/cropped-PARAPESTANAWEB-1.jpg","width":512,"height":512,"caption":"Sindicato Independiente de Docentes - SIDI"},"image":{"@id":"https:\/\/sidimurcia.org\/#\/schema\/logo\/image\/"},"sameAs":["https:\/\/es-es.facebook.com\/sidi.sindicatodedocentes","https:\/\/x.com\/SIDIMURCIA","https:\/\/www.instagram.com\/sidi_murcia\/","https:\/\/www.youtube.com\/channel\/UCwwdL3uFtDKJdbOfmC70wIQ"]},{"@type":"Person","@id":"https:\/\/sidimurcia.org\/#\/schema\/person\/3f3207f88fb267669a31f8f46f76f86c","name":"Jose Luis Torrente","image":{"@type":"ImageObject","inLanguage":"es","@id":"https:\/\/secure.gravatar.com\/avatar\/8ac4c0d28cf03f62a37681e633afaf3faec3a7bd495cdfb9b6a7ec6cf281b29c?s=96&d=mm&r=g","url":"https:\/\/secure.gravatar.com\/avatar\/8ac4c0d28cf03f62a37681e633afaf3faec3a7bd495cdfb9b6a7ec6cf281b29c?s=96&d=mm&r=g","contentUrl":"https:\/\/secure.gravatar.com\/avatar\/8ac4c0d28cf03f62a37681e633afaf3faec3a7bd495cdfb9b6a7ec6cf281b29c?s=96&d=mm&r=g","caption":"Jose Luis Torrente"},"url":"https:\/\/sidimurcia.org\/index.php\/author\/joseltorrente\/"}]}},"_links":{"self":[{"href":"https:\/\/sidimurcia.org\/index.php\/wp-json\/wp\/v2\/posts\/15518","targetHints":{"allow":["GET"]}}],"collection":[{"href":"https:\/\/sidimurcia.org\/index.php\/wp-json\/wp\/v2\/posts"}],"about":[{"href":"https:\/\/sidimurcia.org\/index.php\/wp-json\/wp\/v2\/types\/post"}],"author":[{"embeddable":true,"href":"https:\/\/sidimurcia.org\/index.php\/wp-json\/wp\/v2\/users\/2"}],"replies":[{"embeddable":true,"href":"https:\/\/sidimurcia.org\/index.php\/wp-json\/wp\/v2\/comments?post=15518"}],"version-history":[{"count":0,"href":"https:\/\/sidimurcia.org\/index.php\/wp-json\/wp\/v2\/posts\/15518\/revisions"}],"wp:attachment":[{"href":"https:\/\/sidimurcia.org\/index.php\/wp-json\/wp\/v2\/media?parent=15518"}],"wp:term":[{"taxonomy":"category","embeddable":true,"href":"https:\/\/sidimurcia.org\/index.php\/wp-json\/wp\/v2\/categories?post=15518"},{"taxonomy":"post_tag","embeddable":true,"href":"https:\/\/sidimurcia.org\/index.php\/wp-json\/wp\/v2\/tags?post=15518"}],"curies":[{"name":"wp","href":"https:\/\/api.w.org\/{rel}","templated":true}]}}