{"id":15523,"date":"2023-01-05T10:55:28","date_gmt":"2023-01-05T10:55:28","guid":{"rendered":"https:\/\/sidimurcia.org\/?p=15523"},"modified":"2023-01-05T13:41:32","modified_gmt":"2023-01-05T13:41:32","slug":"concurso-de-traslados-2022-publicadas-puntuaciones-provisionales-del-cuerpo-de-maestros","status":"publish","type":"post","link":"https:\/\/sidimurcia.org\/index.php\/2023\/01\/05\/concurso-de-traslados-2022-publicadas-puntuaciones-provisionales-del-cuerpo-de-maestros\/","title":{"rendered":"CONCURSO DE TRASLADOS 2022: Publicadas puntuaciones PROVISIONALES del Cuerpo de Maestros"},"content":{"rendered":"<ul>\n<li style=\"text-align: justify;\"><a href=\"https:\/\/www.carm.es\/web\/descarga?ARCHIVO=Orden-punt-prov-primaria%20%28COPIA%29.pdf&amp;ALIAS=ARCH&amp;IDCONTENIDO=181477&amp;RASTRO=c77$m22725,22759,4254\"><span style=\"font-family: arial, helvetica, sans-serif;\">Orden de 5 de enero de 2023 de la Consejer\u00eda de Educaci\u00f3n por la que se publican las puntuaciones provisionales de los funcionarios del Cuerpo de Maestros, participantes en el concurso de traslados convocado por Orden de 7 de octubre de 2022 (BORM del 14)<\/span><\/a>\n<ul>\n<li style=\"list-style-type: none;\">\n<ul>\n<li>\u27a1\ufe0f Si vas a reclamar, podemos hacer el seguimiento, <strong>si eres afiliado\/a<\/strong>, envianos copia de la reclamaci\u00f3n al \ud83d\udce7 informacionsidi@sidimurcia.org<\/li>\n<\/ul>\n<\/li>\n<\/ul>\n<\/li>\n<\/ul>\n<div class=\"contenidosAsociados\">\n<ul>\n<li style=\"list-style-type: none;\">\n<ul>\n<li style=\"list-style-type: none;\">\n<ul>\n<li style=\"text-align: justify;\"><span style=\"font-family: arial, helvetica, sans-serif;\"><a href=\"https:\/\/www.carm.es\/web\/descarga?ARCHIVO=Anexo%20I%20puntuacion%20provisional.pdf&amp;ALIAS=ARCH&amp;IDCONTENIDO=181473&amp;RASTRO=c77$m22725,22759,4254\"> Anexo I: Relaci\u00f3n alfab\u00e9tica de participantes admitidos en la convocatoria del concurso de traslados, con expresi\u00f3n de la puntuaci\u00f3n que les corresponde en cada uno de los apartados y subapartados del baremo<\/a><\/span><\/li>\n<\/ul>\n<\/li>\n<\/ul>\n<\/li>\n<\/ul>\n<\/div>\n<div class=\"contenidosAsociados\" style=\"text-align: justify;\">\n<ul>\n<li style=\"list-style-type: none;\">\n<ul>\n<li style=\"list-style-type: none;\">\n<ul>\n<li><span style=\"font-family: arial, helvetica, sans-serif;\"><a href=\"https:\/\/www.carm.es\/web\/descarga?ARCHIVO=anexo%20II%20excluidos.pdf&amp;ALIAS=ARCH&amp;IDCONTENIDO=181474&amp;RASTRO=c77$m22725,22759,4254\"> Anexo II: Relaci\u00f3n alfab\u00e9tica de participantes excluidos, con indicaci\u00f3n de la causa de exclusi\u00f3n. <\/a><\/span><\/li>\n<\/ul>\n<\/li>\n<\/ul>\n<\/li>\n<\/ul>\n<\/div>\n<div class=\"contenidosAsociados\">\n<ul>\n<li style=\"list-style-type: none;\">\n<ul>\n<li style=\"list-style-type: none;\">\n<ul>\n<li style=\"text-align: justify;\"><span style=\"font-family: arial, helvetica, sans-serif;\"><a href=\"https:\/\/www.carm.es\/web\/descarga?ARCHIVO=anexo%20III%20incluidos%20de%20oficio.pdf&amp;ALIAS=ARCH&amp;IDCONTENIDO=181475&amp;RASTRO=c77$m22725,22759,4254\"> Anexo III: Relaci\u00f3n alfab\u00e9tica de funcionarios obligados a participar que no han efectuado la solicitud telem\u00e1tica y, por tanto, han sido incluidos de oficio. <\/a><\/span><\/li>\n<\/ul>\n<\/li>\n<\/ul>\n<\/li>\n<\/ul>\n<\/div>\n<div class=\"contenidosAsociados\">\n<ul>\n<li style=\"list-style-type: none;\">\n<ul>\n<li style=\"list-style-type: none;\">\n<ul>\n<li style=\"text-align: justify;\"><span style=\"font-family: arial, helvetica, sans-serif;\"><a href=\"https:\/\/www.carm.es\/web\/descarga?ARCHIVO=anexo%20IV%20PRIMARIA%20modif_oficio.pdf&amp;ALIAS=ARCH&amp;IDCONTENIDO=181476&amp;RASTRO=c77$m22725,22759,4254\"> Anexo IV: Relaci\u00f3n alfab\u00e9tica de participantes a los que les ha sido modificada de oficio la puntuaci\u00f3n obtenida en el concurso de traslados convocado por Orden de 21 de octubre de 2021, al haberse detectado errores materiales, de hecho o aritm\u00e9ticos en la puntuaci\u00f3n otorgada en dicho concurso, de conformidad con lo establecido en el art\u00edculo 109.2 de la Ley 39\/2015, de 1 de octubre, del Procedimiento Administrativo Com\u00fan de las Administraciones P\u00fablicas. <\/a><\/span><\/li>\n<\/ul>\n<\/li>\n<\/ul>\n<\/li>\n<\/ul>\n<\/div>\n<div class=\"contenidosAsociados\"><\/div>\n<p style=\"text-align: center;\"><span style=\"color: #d4458b;\"><strong><span style=\"font-family: arial, helvetica, sans-serif;\">Plazo de presentaci\u00f3n de reclamaciones: Del 9 al 13 de enero (ambos inclusive)<\/span><\/strong><\/span><\/p>\n<p style=\"text-align: center;\"><span style=\"font-family: arial, helvetica, sans-serif;\"><a href=\"https:\/\/www.carm.es\/web\/descarga?ARCHIVO=Modelo.pdf&amp;ALIAS=ARCH&amp;IDCONTENIDO=181470&amp;RASTRO=c77$m22725,22759,4254\"><strong>Modelo de reclamaci\u00f3n<\/strong> <\/a><\/span><\/p>\n<p style=\"text-align: center;\"><a href=\"https:\/\/www.carm.es\/web\/descarga?ARCHIVO=Criterios%20y%20aclaraciones%20comisi%C3%B3n.pdf&amp;ALIAS=ARCH&amp;IDCONTENIDO=181471&amp;IDTIPO=60&amp;RASTRO=c798$m3912,71587,71672\"><span style=\"font-family: arial, helvetica, sans-serif;\">Aclaraciones sobre el baremo y criterios aplicados por las comisiones de valoraci\u00f3n.<\/span><\/a><\/p>\n<p style=\"text-align: center;\"><a href=\"https:\/\/drive.google.com\/file\/d\/1L_CpLxMNh6J6XQt7denMSIs9i2FxP67D\/view?usp=sharing\"><span style=\"font-family: arial, helvetica, sans-serif;\">Anexo XII \u2013 Baremo<\/span><\/a><\/p>\n<p style=\"text-align: center;\"><span style=\"font-family: arial, helvetica, sans-serif;\"><a href=\"https:\/\/sidimurcia.org\/wp-content\/uploads\/BAREMO-CONCURSO-2020-ver-2007.xlsx\">Herramienta gratuita de SIDI para el c\u00e1lculo del baremo.<\/a><\/span><\/p>\n<p style=\"text-align: justify;\"><span style=\"font-family: arial, helvetica, sans-serif;\">Las reclamaciones deber\u00e1n presentarse de forma telem\u00e1tica, a trav\u00e9s de la sede electr\u00f3nica de la CARM. De conformidad con lo establecido en el art\u00edculo 14.2.e) de la Ley 39\/2015, de 1 de octubre, del Procedimiento Administrativo Com\u00fan de las Administraciones P\u00fablicas, el acceso a dicha sede se realizar\u00e1 mediante el uso de un certificado electr\u00f3nico. <\/span><br \/>\n<span style=\"font-family: arial, helvetica, sans-serif;\">Se habilitar\u00e1 un enlace de acceso a la sede electr\u00f3nica a trav\u00e9s de la direcci\u00f3n de internet: www.carm.es\/educaci\u00f3n (Concurso de traslados 2022). <\/span><br \/>\n<span style=\"font-family: arial, helvetica, sans-serif;\"><strong>Se podr\u00e1 acceder al formulario de alegaciones a trav\u00e9s del enlace \u201cRegistro y gu\u00eda de procedimientos y servicios\u201d de la sede electr\u00f3nica. A continuaci\u00f3n, <a href=\"https:\/\/sede.carm.es\/web\/pagina?IDCONTENIDO=845&amp;IDTIPO=240&amp;RASTRO=c$m40288\">mediante el c\u00f3digo 845 se acceder\u00e1 al procedimiento \u201cConcurso de traslados de los funcionarios de los cuerpos docentes\u201d<\/a>. A trav\u00e9s del apartado \u201cPresentaci\u00f3n de solicitudes\u201d se acceder\u00e1 al formulario seleccionando el tr\u00e1mite \u201cAlegaciones anteriores al tr\u00e1mite de audiencia\u201d<\/strong>. <\/span><span style=\"font-family: arial, helvetica, sans-serif;\">En dicho formulario podr\u00e1n seleccionar N\u00famero de registro como Tipo de referencia, consignando como C\u00f3digo de registro el n\u00famero de registro que figura en el pie de p\u00e1gina del justificante de la solicitud de participaci\u00f3n presentada en el concurso de traslados. <\/span><br \/>\n<span style=\"font-family: arial, helvetica, sans-serif;\">Se adjuntar\u00e1, de forma electr\u00f3nica y en formato pdf, tanto el modelo de reclamaci\u00f3n disponible en la direcci\u00f3n de internet: www.carm.es\/educacion (Concurso de traslados 2022) como, en su caso, cuanta documentaci\u00f3n justificativa se considere oportuna en <\/span><br \/>\n<span style=\"font-family: arial, helvetica, sans-serif;\">relaci\u00f3n a los m\u00e9ritos alegados.<\/span><\/p>\n<ul>\n<li><a href=\"https:\/\/sidimurcia.org\/index.php\/2022\/02\/11\/concurso-de-traslados-2021-publicadas-puntuaciones-definitivas-del-cuerpo-de-maestros\/\">PUNTUACIONES DEFINITIVAS CONCURSO A\u00d1O PASADO 2021<\/a><\/li>\n<\/ul>\n","protected":false},"excerpt":{"rendered":"<p>Orden de 5 de enero de 2023 de la Consejer\u00eda de Educaci\u00f3n por la que se publican las puntuaciones provisionales &#8230; <a title=\"CONCURSO DE TRASLADOS 2022: Publicadas puntuaciones PROVISIONALES del Cuerpo de Maestros\" class=\"read-more\" href=\"https:\/\/sidimurcia.org\/index.php\/2023\/01\/05\/concurso-de-traslados-2022-publicadas-puntuaciones-provisionales-del-cuerpo-de-maestros\/\" aria-label=\"Leer m\u00e1s sobre CONCURSO DE TRASLADOS 2022: Publicadas puntuaciones PROVISIONALES del Cuerpo de Maestros\">Leer mas<\/a><\/p>\n","protected":false},"author":2,"featured_media":0,"comment_status":"closed","ping_status":"closed","sticky":false,"template":"","format":"standard","meta":{"footnotes":""},"categories":[16],"tags":[],"class_list":["post-15523","post","type-post","status-publish","format-standard","hentry","category-concurso-de-traslados"],"yoast_head":"<!-- This site is optimized with the Yoast SEO plugin v27.2 - https:\/\/yoast.com\/product\/yoast-seo-wordpress\/ -->\n<title>CONCURSO DE TRASLADOS 2022: Publicadas puntuaciones PROVISIONALES del Cuerpo de Maestros - SIDI<\/title>\n<meta name=\"description\" content=\"Sindicato Independiente de Docentes. Funcionarios e Interinos. Afiliaci\u00f3n 1eur\/mes. Defendemos la educaci\u00f3n p\u00fablica.\" \/>\n<meta name=\"robots\" content=\"index, follow, max-snippet:-1, max-image-preview:large, max-video-preview:-1\" \/>\n<link rel=\"canonical\" href=\"https:\/\/sidimurcia.org\/index.php\/2023\/01\/05\/concurso-de-traslados-2022-publicadas-puntuaciones-provisionales-del-cuerpo-de-maestros\/\" \/>\n<meta property=\"og:locale\" content=\"es_ES\" \/>\n<meta property=\"og:type\" content=\"article\" \/>\n<meta property=\"og:title\" content=\"CONCURSO DE TRASLADOS 2022: Publicadas puntuaciones PROVISIONALES del Cuerpo de Maestros - SIDI\" \/>\n<meta property=\"og:description\" content=\"Sindicato Independiente de Docentes. Funcionarios e Interinos. Afiliaci\u00f3n 1eur\/mes. Defendemos la educaci\u00f3n p\u00fablica.\" \/>\n<meta property=\"og:url\" content=\"https:\/\/sidimurcia.org\/index.php\/2023\/01\/05\/concurso-de-traslados-2022-publicadas-puntuaciones-provisionales-del-cuerpo-de-maestros\/\" \/>\n<meta property=\"og:site_name\" content=\"SIDI\" \/>\n<meta property=\"article:publisher\" content=\"https:\/\/es-es.facebook.com\/sidi.sindicatodedocentes\" \/>\n<meta property=\"article:published_time\" content=\"2023-01-05T10:55:28+00:00\" \/>\n<meta property=\"article:modified_time\" content=\"2023-01-05T13:41:32+00:00\" \/>\n<meta name=\"author\" content=\"Jose Luis Torrente\" \/>\n<meta name=\"twitter:card\" content=\"summary_large_image\" \/>\n<meta name=\"twitter:creator\" content=\"@SIDIMURCIA\" \/>\n<meta name=\"twitter:site\" content=\"@SIDIMURCIA\" \/>\n<meta name=\"twitter:label1\" content=\"Escrito por\" \/>\n\t<meta name=\"twitter:data1\" content=\"Jose Luis Torrente\" \/>\n\t<meta name=\"twitter:label2\" content=\"Tiempo de lectura\" \/>\n\t<meta name=\"twitter:data2\" content=\"3 minutos\" \/>\n<script type=\"application\/ld+json\" class=\"yoast-schema-graph\">{\"@context\":\"https:\/\/schema.org\",\"@graph\":[{\"@type\":\"Article\",\"@id\":\"https:\/\/sidimurcia.org\/index.php\/2023\/01\/05\/concurso-de-traslados-2022-publicadas-puntuaciones-provisionales-del-cuerpo-de-maestros\/#article\",\"isPartOf\":{\"@id\":\"https:\/\/sidimurcia.org\/index.php\/2023\/01\/05\/concurso-de-traslados-2022-publicadas-puntuaciones-provisionales-del-cuerpo-de-maestros\/\"},\"author\":{\"name\":\"Jose Luis Torrente\",\"@id\":\"https:\/\/sidimurcia.org\/#\/schema\/person\/3f3207f88fb267669a31f8f46f76f86c\"},\"headline\":\"CONCURSO DE TRASLADOS 2022: Publicadas puntuaciones PROVISIONALES del Cuerpo de Maestros\",\"datePublished\":\"2023-01-05T10:55:28+00:00\",\"dateModified\":\"2023-01-05T13:41:32+00:00\",\"mainEntityOfPage\":{\"@id\":\"https:\/\/sidimurcia.org\/index.php\/2023\/01\/05\/concurso-de-traslados-2022-publicadas-puntuaciones-provisionales-del-cuerpo-de-maestros\/\"},\"wordCount\":534,\"publisher\":{\"@id\":\"https:\/\/sidimurcia.org\/#organization\"},\"articleSection\":[\"Concurso de traslados\"],\"inLanguage\":\"es\"},{\"@type\":\"WebPage\",\"@id\":\"https:\/\/sidimurcia.org\/index.php\/2023\/01\/05\/concurso-de-traslados-2022-publicadas-puntuaciones-provisionales-del-cuerpo-de-maestros\/\",\"url\":\"https:\/\/sidimurcia.org\/index.php\/2023\/01\/05\/concurso-de-traslados-2022-publicadas-puntuaciones-provisionales-del-cuerpo-de-maestros\/\",\"name\":\"CONCURSO DE TRASLADOS 2022: Publicadas puntuaciones PROVISIONALES del Cuerpo de Maestros - SIDI\",\"isPartOf\":{\"@id\":\"https:\/\/sidimurcia.org\/#website\"},\"datePublished\":\"2023-01-05T10:55:28+00:00\",\"dateModified\":\"2023-01-05T13:41:32+00:00\",\"description\":\"Sindicato Independiente de Docentes. Funcionarios e Interinos. Afiliaci\u00f3n 1eur\/mes. Defendemos la educaci\u00f3n p\u00fablica.\",\"breadcrumb\":{\"@id\":\"https:\/\/sidimurcia.org\/index.php\/2023\/01\/05\/concurso-de-traslados-2022-publicadas-puntuaciones-provisionales-del-cuerpo-de-maestros\/#breadcrumb\"},\"inLanguage\":\"es\",\"potentialAction\":[{\"@type\":\"ReadAction\",\"target\":[\"https:\/\/sidimurcia.org\/index.php\/2023\/01\/05\/concurso-de-traslados-2022-publicadas-puntuaciones-provisionales-del-cuerpo-de-maestros\/\"]}]},{\"@type\":\"BreadcrumbList\",\"@id\":\"https:\/\/sidimurcia.org\/index.php\/2023\/01\/05\/concurso-de-traslados-2022-publicadas-puntuaciones-provisionales-del-cuerpo-de-maestros\/#breadcrumb\",\"itemListElement\":[{\"@type\":\"ListItem\",\"position\":1,\"name\":\"Portada\",\"item\":\"https:\/\/sidimurcia.org\/\"},{\"@type\":\"ListItem\",\"position\":2,\"name\":\"CONCURSO DE TRASLADOS 2022: Publicadas puntuaciones PROVISIONALES del Cuerpo de Maestros\"}]},{\"@type\":\"WebSite\",\"@id\":\"https:\/\/sidimurcia.org\/#website\",\"url\":\"https:\/\/sidimurcia.org\/\",\"name\":\"SIDI\",\"description\":\"Sindicato Independiente de Docentes\",\"publisher\":{\"@id\":\"https:\/\/sidimurcia.org\/#organization\"},\"potentialAction\":[{\"@type\":\"SearchAction\",\"target\":{\"@type\":\"EntryPoint\",\"urlTemplate\":\"https:\/\/sidimurcia.org\/?s={search_term_string}\"},\"query-input\":{\"@type\":\"PropertyValueSpecification\",\"valueRequired\":true,\"valueName\":\"search_term_string\"}}],\"inLanguage\":\"es\"},{\"@type\":\"Organization\",\"@id\":\"https:\/\/sidimurcia.org\/#organization\",\"name\":\"Sindicato Independiente de Docentes - SIDI\",\"url\":\"https:\/\/sidimurcia.org\/\",\"logo\":{\"@type\":\"ImageObject\",\"inLanguage\":\"es\",\"@id\":\"https:\/\/sidimurcia.org\/#\/schema\/logo\/image\/\",\"url\":\"https:\/\/sidimurcia.org\/wp-content\/uploads\/cropped-PARAPESTANAWEB-1.jpg\",\"contentUrl\":\"https:\/\/sidimurcia.org\/wp-content\/uploads\/cropped-PARAPESTANAWEB-1.jpg\",\"width\":512,\"height\":512,\"caption\":\"Sindicato Independiente de Docentes - SIDI\"},\"image\":{\"@id\":\"https:\/\/sidimurcia.org\/#\/schema\/logo\/image\/\"},\"sameAs\":[\"https:\/\/es-es.facebook.com\/sidi.sindicatodedocentes\",\"https:\/\/x.com\/SIDIMURCIA\",\"https:\/\/www.instagram.com\/sidi_murcia\/\",\"https:\/\/www.youtube.com\/channel\/UCwwdL3uFtDKJdbOfmC70wIQ\"]},{\"@type\":\"Person\",\"@id\":\"https:\/\/sidimurcia.org\/#\/schema\/person\/3f3207f88fb267669a31f8f46f76f86c\",\"name\":\"Jose Luis Torrente\",\"image\":{\"@type\":\"ImageObject\",\"inLanguage\":\"es\",\"@id\":\"https:\/\/secure.gravatar.com\/avatar\/8ac4c0d28cf03f62a37681e633afaf3faec3a7bd495cdfb9b6a7ec6cf281b29c?s=96&d=mm&r=g\",\"url\":\"https:\/\/secure.gravatar.com\/avatar\/8ac4c0d28cf03f62a37681e633afaf3faec3a7bd495cdfb9b6a7ec6cf281b29c?s=96&d=mm&r=g\",\"contentUrl\":\"https:\/\/secure.gravatar.com\/avatar\/8ac4c0d28cf03f62a37681e633afaf3faec3a7bd495cdfb9b6a7ec6cf281b29c?s=96&d=mm&r=g\",\"caption\":\"Jose Luis Torrente\"},\"url\":\"https:\/\/sidimurcia.org\/index.php\/author\/joseltorrente\/\"}]}<\/script>\n<!-- \/ Yoast SEO plugin. -->","yoast_head_json":{"title":"CONCURSO DE TRASLADOS 2022: Publicadas puntuaciones PROVISIONALES del Cuerpo de Maestros - SIDI","description":"Sindicato Independiente de Docentes. Funcionarios e Interinos. Afiliaci\u00f3n 1eur\/mes. Defendemos la educaci\u00f3n p\u00fablica.","robots":{"index":"index","follow":"follow","max-snippet":"max-snippet:-1","max-image-preview":"max-image-preview:large","max-video-preview":"max-video-preview:-1"},"canonical":"https:\/\/sidimurcia.org\/index.php\/2023\/01\/05\/concurso-de-traslados-2022-publicadas-puntuaciones-provisionales-del-cuerpo-de-maestros\/","og_locale":"es_ES","og_type":"article","og_title":"CONCURSO DE TRASLADOS 2022: Publicadas puntuaciones PROVISIONALES del Cuerpo de Maestros - SIDI","og_description":"Sindicato Independiente de Docentes. Funcionarios e Interinos. Afiliaci\u00f3n 1eur\/mes. Defendemos la educaci\u00f3n p\u00fablica.","og_url":"https:\/\/sidimurcia.org\/index.php\/2023\/01\/05\/concurso-de-traslados-2022-publicadas-puntuaciones-provisionales-del-cuerpo-de-maestros\/","og_site_name":"SIDI","article_publisher":"https:\/\/es-es.facebook.com\/sidi.sindicatodedocentes","article_published_time":"2023-01-05T10:55:28+00:00","article_modified_time":"2023-01-05T13:41:32+00:00","author":"Jose Luis Torrente","twitter_card":"summary_large_image","twitter_creator":"@SIDIMURCIA","twitter_site":"@SIDIMURCIA","twitter_misc":{"Escrito por":"Jose Luis Torrente","Tiempo de lectura":"3 minutos"},"schema":{"@context":"https:\/\/schema.org","@graph":[{"@type":"Article","@id":"https:\/\/sidimurcia.org\/index.php\/2023\/01\/05\/concurso-de-traslados-2022-publicadas-puntuaciones-provisionales-del-cuerpo-de-maestros\/#article","isPartOf":{"@id":"https:\/\/sidimurcia.org\/index.php\/2023\/01\/05\/concurso-de-traslados-2022-publicadas-puntuaciones-provisionales-del-cuerpo-de-maestros\/"},"author":{"name":"Jose Luis Torrente","@id":"https:\/\/sidimurcia.org\/#\/schema\/person\/3f3207f88fb267669a31f8f46f76f86c"},"headline":"CONCURSO DE TRASLADOS 2022: Publicadas puntuaciones PROVISIONALES del Cuerpo de Maestros","datePublished":"2023-01-05T10:55:28+00:00","dateModified":"2023-01-05T13:41:32+00:00","mainEntityOfPage":{"@id":"https:\/\/sidimurcia.org\/index.php\/2023\/01\/05\/concurso-de-traslados-2022-publicadas-puntuaciones-provisionales-del-cuerpo-de-maestros\/"},"wordCount":534,"publisher":{"@id":"https:\/\/sidimurcia.org\/#organization"},"articleSection":["Concurso de traslados"],"inLanguage":"es"},{"@type":"WebPage","@id":"https:\/\/sidimurcia.org\/index.php\/2023\/01\/05\/concurso-de-traslados-2022-publicadas-puntuaciones-provisionales-del-cuerpo-de-maestros\/","url":"https:\/\/sidimurcia.org\/index.php\/2023\/01\/05\/concurso-de-traslados-2022-publicadas-puntuaciones-provisionales-del-cuerpo-de-maestros\/","name":"CONCURSO DE TRASLADOS 2022: Publicadas puntuaciones PROVISIONALES del Cuerpo de Maestros - SIDI","isPartOf":{"@id":"https:\/\/sidimurcia.org\/#website"},"datePublished":"2023-01-05T10:55:28+00:00","dateModified":"2023-01-05T13:41:32+00:00","description":"Sindicato Independiente de Docentes. Funcionarios e Interinos. Afiliaci\u00f3n 1eur\/mes. Defendemos la educaci\u00f3n p\u00fablica.","breadcrumb":{"@id":"https:\/\/sidimurcia.org\/index.php\/2023\/01\/05\/concurso-de-traslados-2022-publicadas-puntuaciones-provisionales-del-cuerpo-de-maestros\/#breadcrumb"},"inLanguage":"es","potentialAction":[{"@type":"ReadAction","target":["https:\/\/sidimurcia.org\/index.php\/2023\/01\/05\/concurso-de-traslados-2022-publicadas-puntuaciones-provisionales-del-cuerpo-de-maestros\/"]}]},{"@type":"BreadcrumbList","@id":"https:\/\/sidimurcia.org\/index.php\/2023\/01\/05\/concurso-de-traslados-2022-publicadas-puntuaciones-provisionales-del-cuerpo-de-maestros\/#breadcrumb","itemListElement":[{"@type":"ListItem","position":1,"name":"Portada","item":"https:\/\/sidimurcia.org\/"},{"@type":"ListItem","position":2,"name":"CONCURSO DE TRASLADOS 2022: Publicadas puntuaciones PROVISIONALES del Cuerpo de Maestros"}]},{"@type":"WebSite","@id":"https:\/\/sidimurcia.org\/#website","url":"https:\/\/sidimurcia.org\/","name":"SIDI","description":"Sindicato Independiente de Docentes","publisher":{"@id":"https:\/\/sidimurcia.org\/#organization"},"potentialAction":[{"@type":"SearchAction","target":{"@type":"EntryPoint","urlTemplate":"https:\/\/sidimurcia.org\/?s={search_term_string}"},"query-input":{"@type":"PropertyValueSpecification","valueRequired":true,"valueName":"search_term_string"}}],"inLanguage":"es"},{"@type":"Organization","@id":"https:\/\/sidimurcia.org\/#organization","name":"Sindicato Independiente de Docentes - SIDI","url":"https:\/\/sidimurcia.org\/","logo":{"@type":"ImageObject","inLanguage":"es","@id":"https:\/\/sidimurcia.org\/#\/schema\/logo\/image\/","url":"https:\/\/sidimurcia.org\/wp-content\/uploads\/cropped-PARAPESTANAWEB-1.jpg","contentUrl":"https:\/\/sidimurcia.org\/wp-content\/uploads\/cropped-PARAPESTANAWEB-1.jpg","width":512,"height":512,"caption":"Sindicato Independiente de Docentes - SIDI"},"image":{"@id":"https:\/\/sidimurcia.org\/#\/schema\/logo\/image\/"},"sameAs":["https:\/\/es-es.facebook.com\/sidi.sindicatodedocentes","https:\/\/x.com\/SIDIMURCIA","https:\/\/www.instagram.com\/sidi_murcia\/","https:\/\/www.youtube.com\/channel\/UCwwdL3uFtDKJdbOfmC70wIQ"]},{"@type":"Person","@id":"https:\/\/sidimurcia.org\/#\/schema\/person\/3f3207f88fb267669a31f8f46f76f86c","name":"Jose Luis Torrente","image":{"@type":"ImageObject","inLanguage":"es","@id":"https:\/\/secure.gravatar.com\/avatar\/8ac4c0d28cf03f62a37681e633afaf3faec3a7bd495cdfb9b6a7ec6cf281b29c?s=96&d=mm&r=g","url":"https:\/\/secure.gravatar.com\/avatar\/8ac4c0d28cf03f62a37681e633afaf3faec3a7bd495cdfb9b6a7ec6cf281b29c?s=96&d=mm&r=g","contentUrl":"https:\/\/secure.gravatar.com\/avatar\/8ac4c0d28cf03f62a37681e633afaf3faec3a7bd495cdfb9b6a7ec6cf281b29c?s=96&d=mm&r=g","caption":"Jose Luis Torrente"},"url":"https:\/\/sidimurcia.org\/index.php\/author\/joseltorrente\/"}]}},"_links":{"self":[{"href":"https:\/\/sidimurcia.org\/index.php\/wp-json\/wp\/v2\/posts\/15523","targetHints":{"allow":["GET"]}}],"collection":[{"href":"https:\/\/sidimurcia.org\/index.php\/wp-json\/wp\/v2\/posts"}],"about":[{"href":"https:\/\/sidimurcia.org\/index.php\/wp-json\/wp\/v2\/types\/post"}],"author":[{"embeddable":true,"href":"https:\/\/sidimurcia.org\/index.php\/wp-json\/wp\/v2\/users\/2"}],"replies":[{"embeddable":true,"href":"https:\/\/sidimurcia.org\/index.php\/wp-json\/wp\/v2\/comments?post=15523"}],"version-history":[{"count":0,"href":"https:\/\/sidimurcia.org\/index.php\/wp-json\/wp\/v2\/posts\/15523\/revisions"}],"wp:attachment":[{"href":"https:\/\/sidimurcia.org\/index.php\/wp-json\/wp\/v2\/media?parent=15523"}],"wp:term":[{"taxonomy":"category","embeddable":true,"href":"https:\/\/sidimurcia.org\/index.php\/wp-json\/wp\/v2\/categories?post=15523"},{"taxonomy":"post_tag","embeddable":true,"href":"https:\/\/sidimurcia.org\/index.php\/wp-json\/wp\/v2\/tags?post=15523"}],"curies":[{"name":"wp","href":"https:\/\/api.w.org\/{rel}","templated":true}]}}