{"id":15847,"date":"2023-02-03T10:13:55","date_gmt":"2023-02-03T10:13:55","guid":{"rendered":"https:\/\/sidimurcia.org\/?p=15847"},"modified":"2023-02-03T10:16:11","modified_gmt":"2023-02-03T10:16:11","slug":"eoi-cursos-de-actualizacion-y-especializacion-para-el-segundo-cuatrimestre-del-ano-academico-2022-2023","status":"publish","type":"post","link":"https:\/\/sidimurcia.org\/index.php\/2023\/02\/03\/eoi-cursos-de-actualizacion-y-especializacion-para-el-segundo-cuatrimestre-del-ano-academico-2022-2023\/","title":{"rendered":"EOI: Cursos de actualizaci\u00f3n y especializaci\u00f3n para el segundo cuatrimestre del a\u00f1o acad\u00e9mico 2022-2023"},"content":{"rendered":"<ul>\n<li style=\"text-align: justify;\"><span style=\"font-family: arial, helvetica, sans-serif;\"><a class=\"enlaceMarron\" title=\"Resoluci\u00f3n de 1 de febrero de 2023, de la Direcci\u00f3n General de Atencion a la Diversidad, Innovaci\u00f3n y Formaci\u00f3n Profesional , por la que se autoriza la impartici\u00f3n de cursos de actualizaci\u00f3n y especializaci\u00f3n para el segundo cuatrimestre del a\u00f1o acad\u00e9mico 2022-2023 en las Escuelas oficiales de idiomas de la Regi\u00f3n de Murcia\" href=\"http:\/\/servicios.educarm.es\/templates\/portal\/ficheros\/websDinamicas\/45\/Resol autoriz impartic cursos C.I 27381 3-2-23.pdf\" target=\"_blank\" rel=\"noopener\">Resoluci\u00f3n de 1 de febrero de 2023, de la Direcci\u00f3n General de Atenci\u00f3n a la Diversidad, Innovaci\u00f3n y Formaci\u00f3n Profesional , por la que se autoriza la impartici\u00f3n de cursos de actualizaci\u00f3n y especializaci\u00f3n para el segundo cuatrimestre del a\u00f1o acad\u00e9mico 2022-2023 en las Escuelas oficiales de idiomas de la Regi\u00f3n de Murcia<\/a><\/span><\/li>\n<\/ul>\n<p style=\"text-align: center;\"><strong>Relaci\u00f3n de cursos de actualizaci\u00f3n por centro <\/strong><\/p>\n<table width=\"973\">\n<tbody>\n<tr>\n<td style=\"width: 149.85px;\">\n<p style=\"text-align: left;\"><strong>Centro <\/strong><\/p>\n<\/td>\n<td style=\"width: 217.717px;\"><strong>Denominaci\u00f3n del curso <\/strong><\/td>\n<td style=\"width: 73.3333px;\"><strong>Nivel\/es <\/strong><\/td>\n<td style=\"width: 86.1167px;\"><strong>Idioma <\/strong><\/td>\n<td style=\"width: 153.45px;\"><strong>Sede de impartici\u00f3n <\/strong><\/td>\n<td style=\"width: 185.333px;\"><strong>Duraci\u00f3n <\/strong><\/td>\n<td style=\"width: 64.4px;\"><strong>Horas <\/strong><\/td>\n<\/tr>\n<tr>\n<td style=\"width: 149.85px;\">EOI Cartagena<\/td>\n<td style=\"width: 217.717px;\">Curso de Franc\u00e9s<\/td>\n<td style=\"width: 73.3333px;\">A1.2<\/td>\n<td style=\"width: 86.1167px;\">Franc\u00e9s<\/td>\n<td style=\"width: 153.45px;\">Extensi\u00f3n de Mazarr\u00f3n<\/td>\n<td style=\"width: 185.333px;\">Del 13 de febrero al 22 de mayo de 2023<\/td>\n<td style=\"width: 64.4px;\">30<\/td>\n<\/tr>\n<tr>\n<td style=\"width: 149.85px;\">EOI Cartagena<\/td>\n<td style=\"width: 217.717px;\">Curso de Iniciaci\u00f3n al Japon\u00e9s<\/td>\n<td style=\"width: 73.3333px;\">A1.1<\/td>\n<td style=\"width: 86.1167px;\">Japon\u00e9s<\/td>\n<td style=\"width: 153.45px;\">EOI Cartagena<\/td>\n<td style=\"width: 185.333px;\">Del 10 de febrero al 26 de mayo de\u00a0 2023<\/td>\n<td style=\"width: 64.4px;\">50<\/td>\n<\/tr>\n<tr>\n<td style=\"width: 149.85px;\">EOI Cartagena<\/td>\n<td style=\"width: 217.717px;\">Curso de Valenciano<\/td>\n<td style=\"width: 73.3333px;\">B\u00e1sico<\/td>\n<td style=\"width: 86.1167px;\">Valenciano<\/td>\n<td style=\"width: 153.45px;\">EOI Cartagena<\/td>\n<td style=\"width: 185.333px;\">Del 3 de febrero al 19 de mayo de 2023<\/td>\n<td style=\"width: 64.4px;\">30<\/td>\n<\/tr>\n<tr>\n<td style=\"width: 149.85px;\">EOI Lorca<\/td>\n<td style=\"width: 217.717px;\">Curso de Iniciaci\u00f3n al \u00c1rabe Est\u00e1ndar Moderno<\/td>\n<td style=\"width: 73.3333px;\">A1<\/td>\n<td style=\"width: 86.1167px;\">\u00c1rabe<\/td>\n<td style=\"width: 153.45px;\">EOI Lorca<\/td>\n<td style=\"width: 185.333px;\">Del 13 de febrero al 12 de junio de 2023<\/td>\n<td style=\"width: 64.4px;\">50<\/td>\n<\/tr>\n<tr>\n<td style=\"width: 149.85px;\">EOI Lorca<\/td>\n<td style=\"width: 217.717px;\">Curso de Iniciaci\u00f3n al Alem\u00e1n<\/td>\n<td style=\"width: 73.3333px;\">A1<\/td>\n<td style=\"width: 86.1167px;\">Alem\u00e1n<\/td>\n<td style=\"width: 153.45px;\">Extensi\u00f3n de \u00c1guilas<\/td>\n<td style=\"width: 185.333px;\">Del 1 de febrero al 16 de junio de 2023<\/td>\n<td style=\"width: 64.4px;\">60<\/td>\n<\/tr>\n<tr>\n<td style=\"width: 149.85px;\">EOI Murcia<\/td>\n<td style=\"width: 217.717px;\">Curso de Iniciaci\u00f3n a la Lengua y Cultura Japonesa<\/td>\n<td style=\"width: 73.3333px;\">A1.2<\/td>\n<td style=\"width: 86.1167px;\">Japon\u00e9s<\/td>\n<td style=\"width: 153.45px;\">EOI Murcia<\/td>\n<td style=\"width: 185.333px;\">Del 14 de febrero al 23 de mayo de 2023<\/td>\n<td style=\"width: 64.4px;\">60<\/td>\n<\/tr>\n<tr>\n<td style=\"width: 149.85px;\">EOI Murcia<\/td>\n<td style=\"width: 217.717px;\">Curso de Iniciaci\u00f3n a la Lengua y Cultura Japonesa<\/td>\n<td style=\"width: 73.3333px;\">A2.2<\/td>\n<td style=\"width: 86.1167px;\">Japon\u00e9s<\/td>\n<td style=\"width: 153.45px;\">EOI Murcia<\/td>\n<td style=\"width: 185.333px;\">Del 14 de febrero al 23 de mayo de 2023<\/td>\n<td style=\"width: 64.4px;\">60<\/td>\n<\/tr>\n<tr>\n<td style=\"width: 149.85px; text-align: center;\">EOI Murcia<\/td>\n<td style=\"width: 217.717px; text-align: center;\">Curso de Introducci\u00f3n a la Lengua y Cultura Portuguesa<\/td>\n<td style=\"width: 73.3333px; text-align: center;\">A2<\/td>\n<td style=\"width: 86.1167px; text-align: center;\">Portugu\u00e9s<\/td>\n<td style=\"width: 153.45px; text-align: center;\">EOI Murcia<\/td>\n<td style=\"width: 185.333px; text-align: center;\">Del 14 de febrero al 23 de mayo de 2023<\/td>\n<td style=\"width: 64.4px;\">\n<p style=\"text-align: center;\">60<\/p>\n<\/td>\n<\/tr>\n<\/tbody>\n<\/table>\n","protected":false},"excerpt":{"rendered":"<p>Resoluci\u00f3n de 1 de febrero de 2023, de la Direcci\u00f3n General de Atenci\u00f3n a la Diversidad, Innovaci\u00f3n y Formaci\u00f3n Profesional &#8230; <a title=\"EOI: Cursos de actualizaci\u00f3n y especializaci\u00f3n para el segundo cuatrimestre del a\u00f1o acad\u00e9mico 2022-2023\" class=\"read-more\" href=\"https:\/\/sidimurcia.org\/index.php\/2023\/02\/03\/eoi-cursos-de-actualizacion-y-especializacion-para-el-segundo-cuatrimestre-del-ano-academico-2022-2023\/\" aria-label=\"Leer m\u00e1s sobre EOI: Cursos de actualizaci\u00f3n y especializaci\u00f3n para el segundo cuatrimestre del a\u00f1o acad\u00e9mico 2022-2023\">Leer mas<\/a><\/p>\n","protected":false},"author":2,"featured_media":0,"comment_status":"closed","ping_status":"closed","sticky":false,"template":"","format":"standard","meta":{"footnotes":""},"categories":[46,48],"tags":[],"class_list":["post-15847","post","type-post","status-publish","format-standard","hentry","category-normativa","category-normativa-carm"],"yoast_head":"<!-- This site is optimized with the Yoast SEO plugin v27.2 - https:\/\/yoast.com\/product\/yoast-seo-wordpress\/ -->\n<title>EOI: Cursos de actualizaci\u00f3n y especializaci\u00f3n para el segundo cuatrimestre del a\u00f1o acad\u00e9mico 2022-2023 - SIDI<\/title>\n<meta name=\"description\" content=\"Sindicato Independiente de Docentes. Funcionarios e Interinos. Afiliaci\u00f3n 1eur\/mes. Defendemos la educaci\u00f3n p\u00fablica.\" \/>\n<meta name=\"robots\" content=\"index, follow, max-snippet:-1, max-image-preview:large, max-video-preview:-1\" \/>\n<link rel=\"canonical\" href=\"https:\/\/sidimurcia.org\/index.php\/2023\/02\/03\/eoi-cursos-de-actualizacion-y-especializacion-para-el-segundo-cuatrimestre-del-ano-academico-2022-2023\/\" \/>\n<meta property=\"og:locale\" content=\"es_ES\" \/>\n<meta property=\"og:type\" content=\"article\" \/>\n<meta property=\"og:title\" content=\"EOI: Cursos de actualizaci\u00f3n y especializaci\u00f3n para el segundo cuatrimestre del a\u00f1o acad\u00e9mico 2022-2023 - SIDI\" \/>\n<meta property=\"og:description\" content=\"Sindicato Independiente de Docentes. Funcionarios e Interinos. Afiliaci\u00f3n 1eur\/mes. Defendemos la educaci\u00f3n p\u00fablica.\" \/>\n<meta property=\"og:url\" content=\"https:\/\/sidimurcia.org\/index.php\/2023\/02\/03\/eoi-cursos-de-actualizacion-y-especializacion-para-el-segundo-cuatrimestre-del-ano-academico-2022-2023\/\" \/>\n<meta property=\"og:site_name\" content=\"SIDI\" \/>\n<meta property=\"article:publisher\" content=\"https:\/\/es-es.facebook.com\/sidi.sindicatodedocentes\" \/>\n<meta property=\"article:published_time\" content=\"2023-02-03T10:13:55+00:00\" \/>\n<meta property=\"article:modified_time\" content=\"2023-02-03T10:16:11+00:00\" \/>\n<meta name=\"author\" content=\"Jose Luis Torrente\" \/>\n<meta name=\"twitter:card\" content=\"summary_large_image\" \/>\n<meta name=\"twitter:creator\" content=\"@SIDIMURCIA\" \/>\n<meta name=\"twitter:site\" content=\"@SIDIMURCIA\" \/>\n<meta name=\"twitter:label1\" content=\"Escrito por\" \/>\n\t<meta name=\"twitter:data1\" content=\"Jose Luis Torrente\" \/>\n\t<meta name=\"twitter:label2\" content=\"Tiempo de lectura\" \/>\n\t<meta name=\"twitter:data2\" content=\"1 minuto\" \/>\n<script type=\"application\/ld+json\" class=\"yoast-schema-graph\">{\"@context\":\"https:\/\/schema.org\",\"@graph\":[{\"@type\":\"Article\",\"@id\":\"https:\/\/sidimurcia.org\/index.php\/2023\/02\/03\/eoi-cursos-de-actualizacion-y-especializacion-para-el-segundo-cuatrimestre-del-ano-academico-2022-2023\/#article\",\"isPartOf\":{\"@id\":\"https:\/\/sidimurcia.org\/index.php\/2023\/02\/03\/eoi-cursos-de-actualizacion-y-especializacion-para-el-segundo-cuatrimestre-del-ano-academico-2022-2023\/\"},\"author\":{\"name\":\"Jose Luis Torrente\",\"@id\":\"https:\/\/sidimurcia.org\/#\/schema\/person\/3f3207f88fb267669a31f8f46f76f86c\"},\"headline\":\"EOI: Cursos de actualizaci\u00f3n y especializaci\u00f3n para el segundo cuatrimestre del a\u00f1o acad\u00e9mico 2022-2023\",\"datePublished\":\"2023-02-03T10:13:55+00:00\",\"dateModified\":\"2023-02-03T10:16:11+00:00\",\"mainEntityOfPage\":{\"@id\":\"https:\/\/sidimurcia.org\/index.php\/2023\/02\/03\/eoi-cursos-de-actualizacion-y-especializacion-para-el-segundo-cuatrimestre-del-ano-academico-2022-2023\/\"},\"wordCount\":279,\"publisher\":{\"@id\":\"https:\/\/sidimurcia.org\/#organization\"},\"articleSection\":[\"Normativa\",\"Normativa CARM\"],\"inLanguage\":\"es\"},{\"@type\":\"WebPage\",\"@id\":\"https:\/\/sidimurcia.org\/index.php\/2023\/02\/03\/eoi-cursos-de-actualizacion-y-especializacion-para-el-segundo-cuatrimestre-del-ano-academico-2022-2023\/\",\"url\":\"https:\/\/sidimurcia.org\/index.php\/2023\/02\/03\/eoi-cursos-de-actualizacion-y-especializacion-para-el-segundo-cuatrimestre-del-ano-academico-2022-2023\/\",\"name\":\"EOI: Cursos de actualizaci\u00f3n y especializaci\u00f3n para el segundo cuatrimestre del a\u00f1o acad\u00e9mico 2022-2023 - SIDI\",\"isPartOf\":{\"@id\":\"https:\/\/sidimurcia.org\/#website\"},\"datePublished\":\"2023-02-03T10:13:55+00:00\",\"dateModified\":\"2023-02-03T10:16:11+00:00\",\"description\":\"Sindicato Independiente de Docentes. Funcionarios e Interinos. Afiliaci\u00f3n 1eur\/mes. Defendemos la educaci\u00f3n p\u00fablica.\",\"breadcrumb\":{\"@id\":\"https:\/\/sidimurcia.org\/index.php\/2023\/02\/03\/eoi-cursos-de-actualizacion-y-especializacion-para-el-segundo-cuatrimestre-del-ano-academico-2022-2023\/#breadcrumb\"},\"inLanguage\":\"es\",\"potentialAction\":[{\"@type\":\"ReadAction\",\"target\":[\"https:\/\/sidimurcia.org\/index.php\/2023\/02\/03\/eoi-cursos-de-actualizacion-y-especializacion-para-el-segundo-cuatrimestre-del-ano-academico-2022-2023\/\"]}]},{\"@type\":\"BreadcrumbList\",\"@id\":\"https:\/\/sidimurcia.org\/index.php\/2023\/02\/03\/eoi-cursos-de-actualizacion-y-especializacion-para-el-segundo-cuatrimestre-del-ano-academico-2022-2023\/#breadcrumb\",\"itemListElement\":[{\"@type\":\"ListItem\",\"position\":1,\"name\":\"Portada\",\"item\":\"https:\/\/sidimurcia.org\/\"},{\"@type\":\"ListItem\",\"position\":2,\"name\":\"EOI: Cursos de actualizaci\u00f3n y especializaci\u00f3n para el segundo cuatrimestre del a\u00f1o acad\u00e9mico 2022-2023\"}]},{\"@type\":\"WebSite\",\"@id\":\"https:\/\/sidimurcia.org\/#website\",\"url\":\"https:\/\/sidimurcia.org\/\",\"name\":\"SIDI\",\"description\":\"Sindicato Independiente de Docentes\",\"publisher\":{\"@id\":\"https:\/\/sidimurcia.org\/#organization\"},\"potentialAction\":[{\"@type\":\"SearchAction\",\"target\":{\"@type\":\"EntryPoint\",\"urlTemplate\":\"https:\/\/sidimurcia.org\/?s={search_term_string}\"},\"query-input\":{\"@type\":\"PropertyValueSpecification\",\"valueRequired\":true,\"valueName\":\"search_term_string\"}}],\"inLanguage\":\"es\"},{\"@type\":\"Organization\",\"@id\":\"https:\/\/sidimurcia.org\/#organization\",\"name\":\"Sindicato Independiente de Docentes - SIDI\",\"url\":\"https:\/\/sidimurcia.org\/\",\"logo\":{\"@type\":\"ImageObject\",\"inLanguage\":\"es\",\"@id\":\"https:\/\/sidimurcia.org\/#\/schema\/logo\/image\/\",\"url\":\"https:\/\/sidimurcia.org\/wp-content\/uploads\/cropped-PARAPESTANAWEB-1.jpg\",\"contentUrl\":\"https:\/\/sidimurcia.org\/wp-content\/uploads\/cropped-PARAPESTANAWEB-1.jpg\",\"width\":512,\"height\":512,\"caption\":\"Sindicato Independiente de Docentes - SIDI\"},\"image\":{\"@id\":\"https:\/\/sidimurcia.org\/#\/schema\/logo\/image\/\"},\"sameAs\":[\"https:\/\/es-es.facebook.com\/sidi.sindicatodedocentes\",\"https:\/\/x.com\/SIDIMURCIA\",\"https:\/\/www.instagram.com\/sidi_murcia\/\",\"https:\/\/www.youtube.com\/channel\/UCwwdL3uFtDKJdbOfmC70wIQ\"]},{\"@type\":\"Person\",\"@id\":\"https:\/\/sidimurcia.org\/#\/schema\/person\/3f3207f88fb267669a31f8f46f76f86c\",\"name\":\"Jose Luis Torrente\",\"image\":{\"@type\":\"ImageObject\",\"inLanguage\":\"es\",\"@id\":\"https:\/\/secure.gravatar.com\/avatar\/8ac4c0d28cf03f62a37681e633afaf3faec3a7bd495cdfb9b6a7ec6cf281b29c?s=96&d=mm&r=g\",\"url\":\"https:\/\/secure.gravatar.com\/avatar\/8ac4c0d28cf03f62a37681e633afaf3faec3a7bd495cdfb9b6a7ec6cf281b29c?s=96&d=mm&r=g\",\"contentUrl\":\"https:\/\/secure.gravatar.com\/avatar\/8ac4c0d28cf03f62a37681e633afaf3faec3a7bd495cdfb9b6a7ec6cf281b29c?s=96&d=mm&r=g\",\"caption\":\"Jose Luis Torrente\"},\"url\":\"https:\/\/sidimurcia.org\/index.php\/author\/joseltorrente\/\"}]}<\/script>\n<!-- \/ Yoast SEO plugin. -->","yoast_head_json":{"title":"EOI: Cursos de actualizaci\u00f3n y especializaci\u00f3n para el segundo cuatrimestre del a\u00f1o acad\u00e9mico 2022-2023 - SIDI","description":"Sindicato Independiente de Docentes. Funcionarios e Interinos. Afiliaci\u00f3n 1eur\/mes. Defendemos la educaci\u00f3n p\u00fablica.","robots":{"index":"index","follow":"follow","max-snippet":"max-snippet:-1","max-image-preview":"max-image-preview:large","max-video-preview":"max-video-preview:-1"},"canonical":"https:\/\/sidimurcia.org\/index.php\/2023\/02\/03\/eoi-cursos-de-actualizacion-y-especializacion-para-el-segundo-cuatrimestre-del-ano-academico-2022-2023\/","og_locale":"es_ES","og_type":"article","og_title":"EOI: Cursos de actualizaci\u00f3n y especializaci\u00f3n para el segundo cuatrimestre del a\u00f1o acad\u00e9mico 2022-2023 - SIDI","og_description":"Sindicato Independiente de Docentes. Funcionarios e Interinos. Afiliaci\u00f3n 1eur\/mes. Defendemos la educaci\u00f3n p\u00fablica.","og_url":"https:\/\/sidimurcia.org\/index.php\/2023\/02\/03\/eoi-cursos-de-actualizacion-y-especializacion-para-el-segundo-cuatrimestre-del-ano-academico-2022-2023\/","og_site_name":"SIDI","article_publisher":"https:\/\/es-es.facebook.com\/sidi.sindicatodedocentes","article_published_time":"2023-02-03T10:13:55+00:00","article_modified_time":"2023-02-03T10:16:11+00:00","author":"Jose Luis Torrente","twitter_card":"summary_large_image","twitter_creator":"@SIDIMURCIA","twitter_site":"@SIDIMURCIA","twitter_misc":{"Escrito por":"Jose Luis Torrente","Tiempo de lectura":"1 minuto"},"schema":{"@context":"https:\/\/schema.org","@graph":[{"@type":"Article","@id":"https:\/\/sidimurcia.org\/index.php\/2023\/02\/03\/eoi-cursos-de-actualizacion-y-especializacion-para-el-segundo-cuatrimestre-del-ano-academico-2022-2023\/#article","isPartOf":{"@id":"https:\/\/sidimurcia.org\/index.php\/2023\/02\/03\/eoi-cursos-de-actualizacion-y-especializacion-para-el-segundo-cuatrimestre-del-ano-academico-2022-2023\/"},"author":{"name":"Jose Luis Torrente","@id":"https:\/\/sidimurcia.org\/#\/schema\/person\/3f3207f88fb267669a31f8f46f76f86c"},"headline":"EOI: Cursos de actualizaci\u00f3n y especializaci\u00f3n para el segundo cuatrimestre del a\u00f1o acad\u00e9mico 2022-2023","datePublished":"2023-02-03T10:13:55+00:00","dateModified":"2023-02-03T10:16:11+00:00","mainEntityOfPage":{"@id":"https:\/\/sidimurcia.org\/index.php\/2023\/02\/03\/eoi-cursos-de-actualizacion-y-especializacion-para-el-segundo-cuatrimestre-del-ano-academico-2022-2023\/"},"wordCount":279,"publisher":{"@id":"https:\/\/sidimurcia.org\/#organization"},"articleSection":["Normativa","Normativa CARM"],"inLanguage":"es"},{"@type":"WebPage","@id":"https:\/\/sidimurcia.org\/index.php\/2023\/02\/03\/eoi-cursos-de-actualizacion-y-especializacion-para-el-segundo-cuatrimestre-del-ano-academico-2022-2023\/","url":"https:\/\/sidimurcia.org\/index.php\/2023\/02\/03\/eoi-cursos-de-actualizacion-y-especializacion-para-el-segundo-cuatrimestre-del-ano-academico-2022-2023\/","name":"EOI: Cursos de actualizaci\u00f3n y especializaci\u00f3n para el segundo cuatrimestre del a\u00f1o acad\u00e9mico 2022-2023 - SIDI","isPartOf":{"@id":"https:\/\/sidimurcia.org\/#website"},"datePublished":"2023-02-03T10:13:55+00:00","dateModified":"2023-02-03T10:16:11+00:00","description":"Sindicato Independiente de Docentes. Funcionarios e Interinos. Afiliaci\u00f3n 1eur\/mes. Defendemos la educaci\u00f3n p\u00fablica.","breadcrumb":{"@id":"https:\/\/sidimurcia.org\/index.php\/2023\/02\/03\/eoi-cursos-de-actualizacion-y-especializacion-para-el-segundo-cuatrimestre-del-ano-academico-2022-2023\/#breadcrumb"},"inLanguage":"es","potentialAction":[{"@type":"ReadAction","target":["https:\/\/sidimurcia.org\/index.php\/2023\/02\/03\/eoi-cursos-de-actualizacion-y-especializacion-para-el-segundo-cuatrimestre-del-ano-academico-2022-2023\/"]}]},{"@type":"BreadcrumbList","@id":"https:\/\/sidimurcia.org\/index.php\/2023\/02\/03\/eoi-cursos-de-actualizacion-y-especializacion-para-el-segundo-cuatrimestre-del-ano-academico-2022-2023\/#breadcrumb","itemListElement":[{"@type":"ListItem","position":1,"name":"Portada","item":"https:\/\/sidimurcia.org\/"},{"@type":"ListItem","position":2,"name":"EOI: Cursos de actualizaci\u00f3n y especializaci\u00f3n para el segundo cuatrimestre del a\u00f1o acad\u00e9mico 2022-2023"}]},{"@type":"WebSite","@id":"https:\/\/sidimurcia.org\/#website","url":"https:\/\/sidimurcia.org\/","name":"SIDI","description":"Sindicato Independiente de Docentes","publisher":{"@id":"https:\/\/sidimurcia.org\/#organization"},"potentialAction":[{"@type":"SearchAction","target":{"@type":"EntryPoint","urlTemplate":"https:\/\/sidimurcia.org\/?s={search_term_string}"},"query-input":{"@type":"PropertyValueSpecification","valueRequired":true,"valueName":"search_term_string"}}],"inLanguage":"es"},{"@type":"Organization","@id":"https:\/\/sidimurcia.org\/#organization","name":"Sindicato Independiente de Docentes - SIDI","url":"https:\/\/sidimurcia.org\/","logo":{"@type":"ImageObject","inLanguage":"es","@id":"https:\/\/sidimurcia.org\/#\/schema\/logo\/image\/","url":"https:\/\/sidimurcia.org\/wp-content\/uploads\/cropped-PARAPESTANAWEB-1.jpg","contentUrl":"https:\/\/sidimurcia.org\/wp-content\/uploads\/cropped-PARAPESTANAWEB-1.jpg","width":512,"height":512,"caption":"Sindicato Independiente de Docentes - SIDI"},"image":{"@id":"https:\/\/sidimurcia.org\/#\/schema\/logo\/image\/"},"sameAs":["https:\/\/es-es.facebook.com\/sidi.sindicatodedocentes","https:\/\/x.com\/SIDIMURCIA","https:\/\/www.instagram.com\/sidi_murcia\/","https:\/\/www.youtube.com\/channel\/UCwwdL3uFtDKJdbOfmC70wIQ"]},{"@type":"Person","@id":"https:\/\/sidimurcia.org\/#\/schema\/person\/3f3207f88fb267669a31f8f46f76f86c","name":"Jose Luis Torrente","image":{"@type":"ImageObject","inLanguage":"es","@id":"https:\/\/secure.gravatar.com\/avatar\/8ac4c0d28cf03f62a37681e633afaf3faec3a7bd495cdfb9b6a7ec6cf281b29c?s=96&d=mm&r=g","url":"https:\/\/secure.gravatar.com\/avatar\/8ac4c0d28cf03f62a37681e633afaf3faec3a7bd495cdfb9b6a7ec6cf281b29c?s=96&d=mm&r=g","contentUrl":"https:\/\/secure.gravatar.com\/avatar\/8ac4c0d28cf03f62a37681e633afaf3faec3a7bd495cdfb9b6a7ec6cf281b29c?s=96&d=mm&r=g","caption":"Jose Luis Torrente"},"url":"https:\/\/sidimurcia.org\/index.php\/author\/joseltorrente\/"}]}},"_links":{"self":[{"href":"https:\/\/sidimurcia.org\/index.php\/wp-json\/wp\/v2\/posts\/15847","targetHints":{"allow":["GET"]}}],"collection":[{"href":"https:\/\/sidimurcia.org\/index.php\/wp-json\/wp\/v2\/posts"}],"about":[{"href":"https:\/\/sidimurcia.org\/index.php\/wp-json\/wp\/v2\/types\/post"}],"author":[{"embeddable":true,"href":"https:\/\/sidimurcia.org\/index.php\/wp-json\/wp\/v2\/users\/2"}],"replies":[{"embeddable":true,"href":"https:\/\/sidimurcia.org\/index.php\/wp-json\/wp\/v2\/comments?post=15847"}],"version-history":[{"count":0,"href":"https:\/\/sidimurcia.org\/index.php\/wp-json\/wp\/v2\/posts\/15847\/revisions"}],"wp:attachment":[{"href":"https:\/\/sidimurcia.org\/index.php\/wp-json\/wp\/v2\/media?parent=15847"}],"wp:term":[{"taxonomy":"category","embeddable":true,"href":"https:\/\/sidimurcia.org\/index.php\/wp-json\/wp\/v2\/categories?post=15847"},{"taxonomy":"post_tag","embeddable":true,"href":"https:\/\/sidimurcia.org\/index.php\/wp-json\/wp\/v2\/tags?post=15847"}],"curies":[{"name":"wp","href":"https:\/\/api.w.org\/{rel}","templated":true}]}}