{"id":15851,"date":"2023-02-03T11:28:11","date_gmt":"2023-02-03T11:28:11","guid":{"rendered":"https:\/\/sidimurcia.org\/?p=15851"},"modified":"2023-02-03T11:28:11","modified_gmt":"2023-02-03T11:28:11","slug":"asturias-bolsas-de-aspirantes-a-interinidad-convocatoria-0590-0591-0594-0597","status":"publish","type":"post","link":"https:\/\/sidimurcia.org\/index.php\/2023\/02\/03\/asturias-bolsas-de-aspirantes-a-interinidad-convocatoria-0590-0591-0594-0597\/","title":{"rendered":"ASTURIAS: Bolsas de aspirantes a interinidad. Convocatoria (0590, 0591, 0594, 0597)"},"content":{"rendered":"<ul>\n<li style=\"text-align: justify;\"><a href=\"https:\/\/www.educastur.es\/documents\/34868\/38487\/2023-01-pro-interino-bolsas-convoca-0590-0591-0594-0597.pdf\/5ed209c5-49ca-bc6b-385b-189e43ec76ea?t=1674822447646\"><strong><span style=\"font-family: arial, helvetica, sans-serif;\">Resoluci\u00f3n de 27\u00a0de enero de 2023,\u00a0<\/span><\/strong><span style=\"font-family: arial, helvetica, sans-serif;\">de la Consejer\u00eda de Educaci\u00f3n, por la que se aprueba la convocatoria para la elaboraci\u00f3n de bolsas de aspirantes a interinidad de los cuerpos docentes que imparten las ense\u00f1anzas escolares del sistema educativo.<\/span><\/a><\/li>\n<\/ul>\n<p style=\"text-align: justify;\"><span style=\"font-family: arial, helvetica, sans-serif;\"><strong> El plazo de presentaci\u00f3n ser\u00e1 de 10 d\u00edas h\u00e1biles, contados a partir del d\u00eda siguiente a la publicaci\u00f3n de la presente resoluci\u00f3n.<\/strong> <\/span><\/p>\n<p style=\"text-align: justify;\"><span style=\"font-family: arial, helvetica, sans-serif;\"> Las solicitudes podr\u00e1n presentarse en la oficina de registro central e informaci\u00f3n del Principado de Asturias; en el registro electr\u00f3nico de la administraci\u00f3n general del estado, sin perjuicio de lo dispuesto en el art\u00edculo 16.4 de la Ley 39\/2015, de 1 de octubre, del Procedimiento Administrativo Com\u00fan de las Administraciones P\u00fablicas. En el caso de presentaci\u00f3n en la oficina de correos, se har\u00e1 en sobre abierto para <\/span><br \/>\n<span style=\"font-family: arial, helvetica, sans-serif;\">que la instancia sea fechada y sellada por la oficina antes de ser certificada. <\/span><br \/>\n<span style=\"font-family: arial, helvetica, sans-serif;\">Las solicitudes se dirigir\u00e1n a la persona titular de la Consejer\u00eda competente en materia de Educaci\u00f3n.<\/span><\/p>\n<p style=\"text-align: justify;\"><span style=\"font-family: arial, helvetica, sans-serif;\">0590 \u2013\u00a0<strong>Profesores de ense\u00f1anza secundaria<\/strong><\/span><\/p>\n<p style=\"text-align: justify;\"><span style=\"font-family: arial, helvetica, sans-serif;\">0590019 Tecnolog\u00eda<\/span><br \/>\n<span style=\"font-family: arial, helvetica, sans-serif;\">0590125 Sistemas Electrot\u00e9cnicos y Autom\u00e1ticos<\/span><br \/>\n<span style=\"font-family: arial, helvetica, sans-serif;\">0590061 Econom\u00eda<\/span><\/p>\n<p style=\"text-align: justify;\"><span style=\"font-family: arial, helvetica, sans-serif;\">0591 \u2013<strong>\u00a0Profesores t\u00e9cnicos de formaci\u00f3n profesional<\/strong><\/span><\/p>\n<p style=\"text-align: justify;\"><span style=\"font-family: arial, helvetica, sans-serif;\">0591201 Cocina y Pasteler\u00eda<\/span><br \/>\n<span style=\"font-family: arial, helvetica, sans-serif;\">0591209 Mantenimiento de veh\u00edculo<\/span><br \/>\n<span style=\"font-family: arial, helvetica, sans-serif;\">0591211 Mecanizado y Mantenimiento de M\u00e1quinas<\/span><br \/>\n<span style=\"font-family: arial, helvetica, sans-serif;\">0591227 Sistemas y Aplicaciones Inform\u00e1ticas<\/span><br \/>\n<span style=\"font-family: arial, helvetica, sans-serif;\">0591228 Soldadura<\/span><\/p>\n<p style=\"text-align: justify;\"><span style=\"font-family: arial, helvetica, sans-serif;\">0594 \u2013\u00a0<strong>Profesores de m\u00fasica y artes esc\u00e9nicas<\/strong><\/span><\/p>\n<p style=\"text-align: justify;\"><span style=\"font-family: arial, helvetica, sans-serif;\">0594404 Clarinete<\/span><br \/>\n<span style=\"font-family: arial, helvetica, sans-serif;\">0594435 Danza espa\u00f1ola<\/span><\/p>\n<p style=\"text-align: justify;\"><span style=\"font-family: arial, helvetica, sans-serif;\">0597 \u2013\u00a0<strong>Maestros<\/strong><\/span><\/p>\n<p style=\"text-align: justify;\"><span style=\"font-family: arial, helvetica, sans-serif;\">0597037 Audici\u00f3n y Lenguaje<\/span><\/p>\n<p style=\"text-align: justify;\"><span style=\"font-family: arial, helvetica, sans-serif;\"><strong>Para participar en las bolsas de personal interino:<\/strong><\/span><\/p>\n<ul style=\"text-align: justify;\">\n<li><span style=\"font-family: arial, helvetica, sans-serif;\"><u><a href=\"https:\/\/www.educastur.es\/documents\/34868\/40210\/2019+Anexo+II+-+Bolsas+aspirantes+a+interinidad_2_VBRD.pdf\/6fc86e4a-11e3-fc94-80e2-bc66bb83720a?t=1621800209004\">Modelo de solicitud para cumplimentar con lector de pdf<\/a><\/u> <\/span><\/li>\n<li><span style=\"font-family: arial, helvetica, sans-serif;\"><u><a href=\"https:\/\/www.educastur.es\/documents\/34868\/40828\/Solicitud+Participaci%C3%B3n+impresa.pdf\/fc83cbb2-1c32-7819-9947-d72db023a62b?t=1621802334571\" target=\"_blank\" rel=\"noopener\">Modelo de solicitud versi\u00f3n impresa<\/a><\/u> <\/span><\/li>\n<\/ul>\n<p style=\"text-align: justify;\"><span style=\"font-family: arial, helvetica, sans-serif;\">Para cumplimentar el documento con <strong>lector de pdf<\/strong>\u00a0es imprescindible:<\/span><\/p>\n<ul style=\"text-align: justify;\">\n<li><span style=\"font-family: arial, helvetica, sans-serif;\">Descargar el pdf:\u00a0<em>bot\u00f3n derecho<\/em>\u00a0del rat\u00f3n, opci\u00f3n\u00a0<em>Guardar enlace como<\/em>\u00a0y guardar en el equipo.<\/span><\/li>\n<li><span style=\"font-family: arial, helvetica, sans-serif;\">Abrir el documento\u00a0<strong>desde la carpeta en la que se ha guardado:\u00a0<\/strong>se abrir\u00e1 con el visor pdf que se tenga instalado en el dispositivo.<\/span><\/li>\n<\/ul>\n<p style=\"text-align: justify;\"><span style=\"font-family: arial, helvetica, sans-serif;\"><strong>Consultas:\u00a0<\/strong><u><a href=\"mailto:bolsas.interinidad@educastur.org\">bolsas.interinidad@educastur.org<\/a><\/u><\/span><\/p>\n","protected":false},"excerpt":{"rendered":"<p>Resoluci\u00f3n de 27\u00a0de enero de 2023,\u00a0de la Consejer\u00eda de Educaci\u00f3n, por la que se aprueba la convocatoria para la elaboraci\u00f3n &#8230; <a title=\"ASTURIAS: Bolsas de aspirantes a interinidad. Convocatoria (0590, 0591, 0594, 0597)\" class=\"read-more\" href=\"https:\/\/sidimurcia.org\/index.php\/2023\/02\/03\/asturias-bolsas-de-aspirantes-a-interinidad-convocatoria-0590-0591-0594-0597\/\" aria-label=\"Leer m\u00e1s sobre ASTURIAS: Bolsas de aspirantes a interinidad. Convocatoria (0590, 0591, 0594, 0597)\">Leer mas<\/a><\/p>\n","protected":false},"author":2,"featured_media":0,"comment_status":"closed","ping_status":"closed","sticky":false,"template":"","format":"standard","meta":{"footnotes":""},"categories":[4,82],"tags":[],"class_list":["post-15851","post","type-post","status-publish","format-standard","hentry","category-bolsa-extraordinaria","category-convocatoria-bolsa-extraordinaria-otras-ccaa"],"yoast_head":"<!-- This site is optimized with the Yoast SEO plugin v27.2 - https:\/\/yoast.com\/product\/yoast-seo-wordpress\/ -->\n<title>ASTURIAS: Bolsas de aspirantes a interinidad. Convocatoria (0590, 0591, 0594, 0597) - SIDI<\/title>\n<meta name=\"description\" content=\"Sindicato Independiente de Docentes. Funcionarios e Interinos. Afiliaci\u00f3n 1eur\/mes. Defendemos la educaci\u00f3n p\u00fablica.\" \/>\n<meta name=\"robots\" content=\"index, follow, max-snippet:-1, max-image-preview:large, max-video-preview:-1\" \/>\n<link rel=\"canonical\" href=\"https:\/\/sidimurcia.org\/index.php\/2023\/02\/03\/asturias-bolsas-de-aspirantes-a-interinidad-convocatoria-0590-0591-0594-0597\/\" \/>\n<meta property=\"og:locale\" content=\"es_ES\" \/>\n<meta property=\"og:type\" content=\"article\" \/>\n<meta property=\"og:title\" content=\"ASTURIAS: Bolsas de aspirantes a interinidad. Convocatoria (0590, 0591, 0594, 0597) - SIDI\" \/>\n<meta property=\"og:description\" content=\"Sindicato Independiente de Docentes. Funcionarios e Interinos. Afiliaci\u00f3n 1eur\/mes. Defendemos la educaci\u00f3n p\u00fablica.\" \/>\n<meta property=\"og:url\" content=\"https:\/\/sidimurcia.org\/index.php\/2023\/02\/03\/asturias-bolsas-de-aspirantes-a-interinidad-convocatoria-0590-0591-0594-0597\/\" \/>\n<meta property=\"og:site_name\" content=\"SIDI\" \/>\n<meta property=\"article:publisher\" content=\"https:\/\/es-es.facebook.com\/sidi.sindicatodedocentes\" \/>\n<meta property=\"article:published_time\" content=\"2023-02-03T11:28:11+00:00\" \/>\n<meta name=\"author\" content=\"Jose Luis Torrente\" \/>\n<meta name=\"twitter:card\" content=\"summary_large_image\" \/>\n<meta name=\"twitter:creator\" content=\"@SIDIMURCIA\" \/>\n<meta name=\"twitter:site\" content=\"@SIDIMURCIA\" \/>\n<meta name=\"twitter:label1\" content=\"Escrito por\" \/>\n\t<meta name=\"twitter:data1\" content=\"Jose Luis Torrente\" \/>\n\t<meta name=\"twitter:label2\" content=\"Tiempo de lectura\" \/>\n\t<meta name=\"twitter:data2\" content=\"2 minutos\" \/>\n<script type=\"application\/ld+json\" class=\"yoast-schema-graph\">{\"@context\":\"https:\/\/schema.org\",\"@graph\":[{\"@type\":\"Article\",\"@id\":\"https:\/\/sidimurcia.org\/index.php\/2023\/02\/03\/asturias-bolsas-de-aspirantes-a-interinidad-convocatoria-0590-0591-0594-0597\/#article\",\"isPartOf\":{\"@id\":\"https:\/\/sidimurcia.org\/index.php\/2023\/02\/03\/asturias-bolsas-de-aspirantes-a-interinidad-convocatoria-0590-0591-0594-0597\/\"},\"author\":{\"name\":\"Jose Luis Torrente\",\"@id\":\"https:\/\/sidimurcia.org\/#\/schema\/person\/3f3207f88fb267669a31f8f46f76f86c\"},\"headline\":\"ASTURIAS: Bolsas de aspirantes a interinidad. Convocatoria (0590, 0591, 0594, 0597)\",\"datePublished\":\"2023-02-03T11:28:11+00:00\",\"mainEntityOfPage\":{\"@id\":\"https:\/\/sidimurcia.org\/index.php\/2023\/02\/03\/asturias-bolsas-de-aspirantes-a-interinidad-convocatoria-0590-0591-0594-0597\/\"},\"wordCount\":323,\"publisher\":{\"@id\":\"https:\/\/sidimurcia.org\/#organization\"},\"articleSection\":[\"Bolsa Extraordinaria\",\"Convocatoria otras CCAA\"],\"inLanguage\":\"es\"},{\"@type\":\"WebPage\",\"@id\":\"https:\/\/sidimurcia.org\/index.php\/2023\/02\/03\/asturias-bolsas-de-aspirantes-a-interinidad-convocatoria-0590-0591-0594-0597\/\",\"url\":\"https:\/\/sidimurcia.org\/index.php\/2023\/02\/03\/asturias-bolsas-de-aspirantes-a-interinidad-convocatoria-0590-0591-0594-0597\/\",\"name\":\"ASTURIAS: Bolsas de aspirantes a interinidad. Convocatoria (0590, 0591, 0594, 0597) - SIDI\",\"isPartOf\":{\"@id\":\"https:\/\/sidimurcia.org\/#website\"},\"datePublished\":\"2023-02-03T11:28:11+00:00\",\"description\":\"Sindicato Independiente de Docentes. Funcionarios e Interinos. Afiliaci\u00f3n 1eur\/mes. Defendemos la educaci\u00f3n p\u00fablica.\",\"breadcrumb\":{\"@id\":\"https:\/\/sidimurcia.org\/index.php\/2023\/02\/03\/asturias-bolsas-de-aspirantes-a-interinidad-convocatoria-0590-0591-0594-0597\/#breadcrumb\"},\"inLanguage\":\"es\",\"potentialAction\":[{\"@type\":\"ReadAction\",\"target\":[\"https:\/\/sidimurcia.org\/index.php\/2023\/02\/03\/asturias-bolsas-de-aspirantes-a-interinidad-convocatoria-0590-0591-0594-0597\/\"]}]},{\"@type\":\"BreadcrumbList\",\"@id\":\"https:\/\/sidimurcia.org\/index.php\/2023\/02\/03\/asturias-bolsas-de-aspirantes-a-interinidad-convocatoria-0590-0591-0594-0597\/#breadcrumb\",\"itemListElement\":[{\"@type\":\"ListItem\",\"position\":1,\"name\":\"Portada\",\"item\":\"https:\/\/sidimurcia.org\/\"},{\"@type\":\"ListItem\",\"position\":2,\"name\":\"ASTURIAS: Bolsas de aspirantes a interinidad. Convocatoria (0590, 0591, 0594, 0597)\"}]},{\"@type\":\"WebSite\",\"@id\":\"https:\/\/sidimurcia.org\/#website\",\"url\":\"https:\/\/sidimurcia.org\/\",\"name\":\"SIDI\",\"description\":\"Sindicato Independiente de Docentes\",\"publisher\":{\"@id\":\"https:\/\/sidimurcia.org\/#organization\"},\"potentialAction\":[{\"@type\":\"SearchAction\",\"target\":{\"@type\":\"EntryPoint\",\"urlTemplate\":\"https:\/\/sidimurcia.org\/?s={search_term_string}\"},\"query-input\":{\"@type\":\"PropertyValueSpecification\",\"valueRequired\":true,\"valueName\":\"search_term_string\"}}],\"inLanguage\":\"es\"},{\"@type\":\"Organization\",\"@id\":\"https:\/\/sidimurcia.org\/#organization\",\"name\":\"Sindicato Independiente de Docentes - SIDI\",\"url\":\"https:\/\/sidimurcia.org\/\",\"logo\":{\"@type\":\"ImageObject\",\"inLanguage\":\"es\",\"@id\":\"https:\/\/sidimurcia.org\/#\/schema\/logo\/image\/\",\"url\":\"https:\/\/sidimurcia.org\/wp-content\/uploads\/cropped-PARAPESTANAWEB-1.jpg\",\"contentUrl\":\"https:\/\/sidimurcia.org\/wp-content\/uploads\/cropped-PARAPESTANAWEB-1.jpg\",\"width\":512,\"height\":512,\"caption\":\"Sindicato Independiente de Docentes - SIDI\"},\"image\":{\"@id\":\"https:\/\/sidimurcia.org\/#\/schema\/logo\/image\/\"},\"sameAs\":[\"https:\/\/es-es.facebook.com\/sidi.sindicatodedocentes\",\"https:\/\/x.com\/SIDIMURCIA\",\"https:\/\/www.instagram.com\/sidi_murcia\/\",\"https:\/\/www.youtube.com\/channel\/UCwwdL3uFtDKJdbOfmC70wIQ\"]},{\"@type\":\"Person\",\"@id\":\"https:\/\/sidimurcia.org\/#\/schema\/person\/3f3207f88fb267669a31f8f46f76f86c\",\"name\":\"Jose Luis Torrente\",\"image\":{\"@type\":\"ImageObject\",\"inLanguage\":\"es\",\"@id\":\"https:\/\/secure.gravatar.com\/avatar\/8ac4c0d28cf03f62a37681e633afaf3faec3a7bd495cdfb9b6a7ec6cf281b29c?s=96&d=mm&r=g\",\"url\":\"https:\/\/secure.gravatar.com\/avatar\/8ac4c0d28cf03f62a37681e633afaf3faec3a7bd495cdfb9b6a7ec6cf281b29c?s=96&d=mm&r=g\",\"contentUrl\":\"https:\/\/secure.gravatar.com\/avatar\/8ac4c0d28cf03f62a37681e633afaf3faec3a7bd495cdfb9b6a7ec6cf281b29c?s=96&d=mm&r=g\",\"caption\":\"Jose Luis Torrente\"},\"url\":\"https:\/\/sidimurcia.org\/index.php\/author\/joseltorrente\/\"}]}<\/script>\n<!-- \/ Yoast SEO plugin. -->","yoast_head_json":{"title":"ASTURIAS: Bolsas de aspirantes a interinidad. Convocatoria (0590, 0591, 0594, 0597) - SIDI","description":"Sindicato Independiente de Docentes. Funcionarios e Interinos. Afiliaci\u00f3n 1eur\/mes. Defendemos la educaci\u00f3n p\u00fablica.","robots":{"index":"index","follow":"follow","max-snippet":"max-snippet:-1","max-image-preview":"max-image-preview:large","max-video-preview":"max-video-preview:-1"},"canonical":"https:\/\/sidimurcia.org\/index.php\/2023\/02\/03\/asturias-bolsas-de-aspirantes-a-interinidad-convocatoria-0590-0591-0594-0597\/","og_locale":"es_ES","og_type":"article","og_title":"ASTURIAS: Bolsas de aspirantes a interinidad. Convocatoria (0590, 0591, 0594, 0597) - SIDI","og_description":"Sindicato Independiente de Docentes. Funcionarios e Interinos. Afiliaci\u00f3n 1eur\/mes. Defendemos la educaci\u00f3n p\u00fablica.","og_url":"https:\/\/sidimurcia.org\/index.php\/2023\/02\/03\/asturias-bolsas-de-aspirantes-a-interinidad-convocatoria-0590-0591-0594-0597\/","og_site_name":"SIDI","article_publisher":"https:\/\/es-es.facebook.com\/sidi.sindicatodedocentes","article_published_time":"2023-02-03T11:28:11+00:00","author":"Jose Luis Torrente","twitter_card":"summary_large_image","twitter_creator":"@SIDIMURCIA","twitter_site":"@SIDIMURCIA","twitter_misc":{"Escrito por":"Jose Luis Torrente","Tiempo de lectura":"2 minutos"},"schema":{"@context":"https:\/\/schema.org","@graph":[{"@type":"Article","@id":"https:\/\/sidimurcia.org\/index.php\/2023\/02\/03\/asturias-bolsas-de-aspirantes-a-interinidad-convocatoria-0590-0591-0594-0597\/#article","isPartOf":{"@id":"https:\/\/sidimurcia.org\/index.php\/2023\/02\/03\/asturias-bolsas-de-aspirantes-a-interinidad-convocatoria-0590-0591-0594-0597\/"},"author":{"name":"Jose Luis Torrente","@id":"https:\/\/sidimurcia.org\/#\/schema\/person\/3f3207f88fb267669a31f8f46f76f86c"},"headline":"ASTURIAS: Bolsas de aspirantes a interinidad. Convocatoria (0590, 0591, 0594, 0597)","datePublished":"2023-02-03T11:28:11+00:00","mainEntityOfPage":{"@id":"https:\/\/sidimurcia.org\/index.php\/2023\/02\/03\/asturias-bolsas-de-aspirantes-a-interinidad-convocatoria-0590-0591-0594-0597\/"},"wordCount":323,"publisher":{"@id":"https:\/\/sidimurcia.org\/#organization"},"articleSection":["Bolsa Extraordinaria","Convocatoria otras CCAA"],"inLanguage":"es"},{"@type":"WebPage","@id":"https:\/\/sidimurcia.org\/index.php\/2023\/02\/03\/asturias-bolsas-de-aspirantes-a-interinidad-convocatoria-0590-0591-0594-0597\/","url":"https:\/\/sidimurcia.org\/index.php\/2023\/02\/03\/asturias-bolsas-de-aspirantes-a-interinidad-convocatoria-0590-0591-0594-0597\/","name":"ASTURIAS: Bolsas de aspirantes a interinidad. Convocatoria (0590, 0591, 0594, 0597) - SIDI","isPartOf":{"@id":"https:\/\/sidimurcia.org\/#website"},"datePublished":"2023-02-03T11:28:11+00:00","description":"Sindicato Independiente de Docentes. Funcionarios e Interinos. Afiliaci\u00f3n 1eur\/mes. Defendemos la educaci\u00f3n p\u00fablica.","breadcrumb":{"@id":"https:\/\/sidimurcia.org\/index.php\/2023\/02\/03\/asturias-bolsas-de-aspirantes-a-interinidad-convocatoria-0590-0591-0594-0597\/#breadcrumb"},"inLanguage":"es","potentialAction":[{"@type":"ReadAction","target":["https:\/\/sidimurcia.org\/index.php\/2023\/02\/03\/asturias-bolsas-de-aspirantes-a-interinidad-convocatoria-0590-0591-0594-0597\/"]}]},{"@type":"BreadcrumbList","@id":"https:\/\/sidimurcia.org\/index.php\/2023\/02\/03\/asturias-bolsas-de-aspirantes-a-interinidad-convocatoria-0590-0591-0594-0597\/#breadcrumb","itemListElement":[{"@type":"ListItem","position":1,"name":"Portada","item":"https:\/\/sidimurcia.org\/"},{"@type":"ListItem","position":2,"name":"ASTURIAS: Bolsas de aspirantes a interinidad. Convocatoria (0590, 0591, 0594, 0597)"}]},{"@type":"WebSite","@id":"https:\/\/sidimurcia.org\/#website","url":"https:\/\/sidimurcia.org\/","name":"SIDI","description":"Sindicato Independiente de Docentes","publisher":{"@id":"https:\/\/sidimurcia.org\/#organization"},"potentialAction":[{"@type":"SearchAction","target":{"@type":"EntryPoint","urlTemplate":"https:\/\/sidimurcia.org\/?s={search_term_string}"},"query-input":{"@type":"PropertyValueSpecification","valueRequired":true,"valueName":"search_term_string"}}],"inLanguage":"es"},{"@type":"Organization","@id":"https:\/\/sidimurcia.org\/#organization","name":"Sindicato Independiente de Docentes - SIDI","url":"https:\/\/sidimurcia.org\/","logo":{"@type":"ImageObject","inLanguage":"es","@id":"https:\/\/sidimurcia.org\/#\/schema\/logo\/image\/","url":"https:\/\/sidimurcia.org\/wp-content\/uploads\/cropped-PARAPESTANAWEB-1.jpg","contentUrl":"https:\/\/sidimurcia.org\/wp-content\/uploads\/cropped-PARAPESTANAWEB-1.jpg","width":512,"height":512,"caption":"Sindicato Independiente de Docentes - SIDI"},"image":{"@id":"https:\/\/sidimurcia.org\/#\/schema\/logo\/image\/"},"sameAs":["https:\/\/es-es.facebook.com\/sidi.sindicatodedocentes","https:\/\/x.com\/SIDIMURCIA","https:\/\/www.instagram.com\/sidi_murcia\/","https:\/\/www.youtube.com\/channel\/UCwwdL3uFtDKJdbOfmC70wIQ"]},{"@type":"Person","@id":"https:\/\/sidimurcia.org\/#\/schema\/person\/3f3207f88fb267669a31f8f46f76f86c","name":"Jose Luis Torrente","image":{"@type":"ImageObject","inLanguage":"es","@id":"https:\/\/secure.gravatar.com\/avatar\/8ac4c0d28cf03f62a37681e633afaf3faec3a7bd495cdfb9b6a7ec6cf281b29c?s=96&d=mm&r=g","url":"https:\/\/secure.gravatar.com\/avatar\/8ac4c0d28cf03f62a37681e633afaf3faec3a7bd495cdfb9b6a7ec6cf281b29c?s=96&d=mm&r=g","contentUrl":"https:\/\/secure.gravatar.com\/avatar\/8ac4c0d28cf03f62a37681e633afaf3faec3a7bd495cdfb9b6a7ec6cf281b29c?s=96&d=mm&r=g","caption":"Jose Luis Torrente"},"url":"https:\/\/sidimurcia.org\/index.php\/author\/joseltorrente\/"}]}},"_links":{"self":[{"href":"https:\/\/sidimurcia.org\/index.php\/wp-json\/wp\/v2\/posts\/15851","targetHints":{"allow":["GET"]}}],"collection":[{"href":"https:\/\/sidimurcia.org\/index.php\/wp-json\/wp\/v2\/posts"}],"about":[{"href":"https:\/\/sidimurcia.org\/index.php\/wp-json\/wp\/v2\/types\/post"}],"author":[{"embeddable":true,"href":"https:\/\/sidimurcia.org\/index.php\/wp-json\/wp\/v2\/users\/2"}],"replies":[{"embeddable":true,"href":"https:\/\/sidimurcia.org\/index.php\/wp-json\/wp\/v2\/comments?post=15851"}],"version-history":[{"count":0,"href":"https:\/\/sidimurcia.org\/index.php\/wp-json\/wp\/v2\/posts\/15851\/revisions"}],"wp:attachment":[{"href":"https:\/\/sidimurcia.org\/index.php\/wp-json\/wp\/v2\/media?parent=15851"}],"wp:term":[{"taxonomy":"category","embeddable":true,"href":"https:\/\/sidimurcia.org\/index.php\/wp-json\/wp\/v2\/categories?post=15851"},{"taxonomy":"post_tag","embeddable":true,"href":"https:\/\/sidimurcia.org\/index.php\/wp-json\/wp\/v2\/tags?post=15851"}],"curies":[{"name":"wp","href":"https:\/\/api.w.org\/{rel}","templated":true}]}}