{"id":16005,"date":"2023-02-16T09:00:34","date_gmt":"2023-02-16T09:00:34","guid":{"rendered":"https:\/\/sidimurcia.org\/?p=16005"},"modified":"2023-02-16T10:25:41","modified_gmt":"2023-02-16T10:25:41","slug":"procesos-de-estabilizacion-ley-20-2021-de-28-de-diciembre-calendario-de-desarollo","status":"publish","type":"post","link":"https:\/\/sidimurcia.org\/index.php\/2023\/02\/16\/procesos-de-estabilizacion-ley-20-2021-de-28-de-diciembre-calendario-de-desarollo\/","title":{"rendered":"PROCESOS DE ESTABILIZACI\u00d3N Ley 20\/2021, de 28 de diciembre: Calendario de desarrollo de las convocatorias"},"content":{"rendered":"<ul>\n<li style=\"text-align: justify;\"><a href=\"https:\/\/www.borm.es\/services\/anuncio\/ano\/2023\/numero\/880\/pdf?id=815798\"><span style=\"font-family: arial, helvetica, sans-serif;\">Resoluci\u00f3n de 6 de febrero de 2023 por la que se dispone la publicaci\u00f3n en el Bolet\u00edn Oficial de la Regi\u00f3n de Murcia del acuerdo de calendario de desarrollo en la Regi\u00f3n de Murcia de los procesos selectivos relacionados con la Ley 20\/2021, de 28 de diciembre, de medidas urgentes para la reducci\u00f3n de la temporalidad en el empleo p\u00fablico.<\/span><\/a><\/li>\n<\/ul>\n<p style=\"text-align: justify;\"><span style=\"font-family: arial, helvetica, sans-serif;\">\u201cAcuerdo de calendario de desarrollo en la Regi\u00f3n de Murcia de los procesos selectivos relacionados con la Ley 20\/2021, de 28 de diciembre, de medidas urgentes de la temporalidad en el empleo p\u00fablico\u201d firmado y suscrito con fecha de 12 de diciembre de 2022 entre la Administraci\u00f3n y los Sindicatos ANPE, <strong>SIDI<\/strong>, CCOO, FESP-UGT y CSIF, que se inserta como anexo<\/span><\/p>\n<p style=\"text-align: justify;\"><span style=\"font-family: arial, helvetica, sans-serif;\">Las pr\u00f3ximas convocatorias de oposiciones de ingreso en la funci\u00f3n p\u00fablico docente se desarrollar\u00e1n en la Regi\u00f3n de Murcia seg\u00fan el siguiente calendario:<\/span><br \/>\n<span style=\"font-family: arial, helvetica, sans-serif;\">1. A\u00f1o 2022: Concurso excepcional para todos los cuerpos. (V\u00eda 1)<\/span><br \/>\n<span style=\"font-family: arial, helvetica, sans-serif;\">2. A\u00f1o 2023: Estabilizaci\u00f3n para cuerpos distintos al de Maestros. (V\u00eda 2)<\/span><br \/>\n<span style=\"font-family: arial, helvetica, sans-serif;\">3. A\u00f1o 2024: Estabilizaci\u00f3n para el Cuerpo de Maestros. (V\u00eda 2)<\/span><br \/>\n<span style=\"font-family: arial, helvetica, sans-serif;\">4. A\u00f1o 2025: Reposici\u00f3n para cuerpos distintos al de Maestros, incluyendo la oferta p\u00fablica del a\u00f1o 2021 y la de 2023, que se destinar\u00e1 \u00edntegramente a dichos cuerpos. (V\u00eda 3)<\/span><\/p>\n","protected":false},"excerpt":{"rendered":"<p>Resoluci\u00f3n de 6 de febrero de 2023 por la que se dispone la publicaci\u00f3n en el Bolet\u00edn Oficial de la &#8230; <a title=\"PROCESOS DE ESTABILIZACI\u00d3N Ley 20\/2021, de 28 de diciembre: Calendario de desarrollo de las convocatorias\" class=\"read-more\" href=\"https:\/\/sidimurcia.org\/index.php\/2023\/02\/16\/procesos-de-estabilizacion-ley-20-2021-de-28-de-diciembre-calendario-de-desarollo\/\" aria-label=\"Leer m\u00e1s sobre PROCESOS DE ESTABILIZACI\u00d3N Ley 20\/2021, de 28 de diciembre: Calendario de desarrollo de las convocatorias\">Leer mas<\/a><\/p>\n","protected":false},"author":2,"featured_media":0,"comment_status":"closed","ping_status":"closed","sticky":false,"template":"","format":"standard","meta":{"footnotes":""},"categories":[43],"tags":[],"class_list":["post-16005","post","type-post","status-publish","format-standard","hentry","category-oposiciones"],"yoast_head":"<!-- This site is optimized with the Yoast SEO plugin v27.2 - https:\/\/yoast.com\/product\/yoast-seo-wordpress\/ -->\n<title>PROCESOS DE ESTABILIZACI\u00d3N Ley 20\/2021, de 28 de diciembre: Calendario de desarrollo de las convocatorias - SIDI<\/title>\n<meta name=\"description\" content=\"Sindicato Independiente de Docentes. Funcionarios e Interinos. Afiliaci\u00f3n 1eur\/mes. Defendemos la educaci\u00f3n p\u00fablica.\" \/>\n<meta name=\"robots\" content=\"index, follow, max-snippet:-1, max-image-preview:large, max-video-preview:-1\" \/>\n<link rel=\"canonical\" href=\"https:\/\/sidimurcia.org\/index.php\/2023\/02\/16\/procesos-de-estabilizacion-ley-20-2021-de-28-de-diciembre-calendario-de-desarollo\/\" \/>\n<meta property=\"og:locale\" content=\"es_ES\" \/>\n<meta property=\"og:type\" content=\"article\" \/>\n<meta property=\"og:title\" content=\"PROCESOS DE ESTABILIZACI\u00d3N Ley 20\/2021, de 28 de diciembre: Calendario de desarrollo de las convocatorias - SIDI\" \/>\n<meta property=\"og:description\" content=\"Sindicato Independiente de Docentes. Funcionarios e Interinos. Afiliaci\u00f3n 1eur\/mes. Defendemos la educaci\u00f3n p\u00fablica.\" \/>\n<meta property=\"og:url\" content=\"https:\/\/sidimurcia.org\/index.php\/2023\/02\/16\/procesos-de-estabilizacion-ley-20-2021-de-28-de-diciembre-calendario-de-desarollo\/\" \/>\n<meta property=\"og:site_name\" content=\"SIDI\" \/>\n<meta property=\"article:publisher\" content=\"https:\/\/es-es.facebook.com\/sidi.sindicatodedocentes\" \/>\n<meta property=\"article:published_time\" content=\"2023-02-16T09:00:34+00:00\" \/>\n<meta property=\"article:modified_time\" content=\"2023-02-16T10:25:41+00:00\" \/>\n<meta name=\"author\" content=\"Jose Luis Torrente\" \/>\n<meta name=\"twitter:card\" content=\"summary_large_image\" \/>\n<meta name=\"twitter:creator\" content=\"@SIDIMURCIA\" \/>\n<meta name=\"twitter:site\" content=\"@SIDIMURCIA\" \/>\n<meta name=\"twitter:label1\" content=\"Escrito por\" \/>\n\t<meta name=\"twitter:data1\" content=\"Jose Luis Torrente\" \/>\n\t<meta name=\"twitter:label2\" content=\"Tiempo de lectura\" \/>\n\t<meta name=\"twitter:data2\" content=\"1 minuto\" \/>\n<script type=\"application\/ld+json\" class=\"yoast-schema-graph\">{\"@context\":\"https:\/\/schema.org\",\"@graph\":[{\"@type\":\"Article\",\"@id\":\"https:\/\/sidimurcia.org\/index.php\/2023\/02\/16\/procesos-de-estabilizacion-ley-20-2021-de-28-de-diciembre-calendario-de-desarollo\/#article\",\"isPartOf\":{\"@id\":\"https:\/\/sidimurcia.org\/index.php\/2023\/02\/16\/procesos-de-estabilizacion-ley-20-2021-de-28-de-diciembre-calendario-de-desarollo\/\"},\"author\":{\"name\":\"Jose Luis Torrente\",\"@id\":\"https:\/\/sidimurcia.org\/#\/schema\/person\/3f3207f88fb267669a31f8f46f76f86c\"},\"headline\":\"PROCESOS DE ESTABILIZACI\u00d3N Ley 20\/2021, de 28 de diciembre: Calendario de desarrollo de las convocatorias\",\"datePublished\":\"2023-02-16T09:00:34+00:00\",\"dateModified\":\"2023-02-16T10:25:41+00:00\",\"mainEntityOfPage\":{\"@id\":\"https:\/\/sidimurcia.org\/index.php\/2023\/02\/16\/procesos-de-estabilizacion-ley-20-2021-de-28-de-diciembre-calendario-de-desarollo\/\"},\"wordCount\":229,\"publisher\":{\"@id\":\"https:\/\/sidimurcia.org\/#organization\"},\"articleSection\":[\"Oposiciones\"],\"inLanguage\":\"es\"},{\"@type\":\"WebPage\",\"@id\":\"https:\/\/sidimurcia.org\/index.php\/2023\/02\/16\/procesos-de-estabilizacion-ley-20-2021-de-28-de-diciembre-calendario-de-desarollo\/\",\"url\":\"https:\/\/sidimurcia.org\/index.php\/2023\/02\/16\/procesos-de-estabilizacion-ley-20-2021-de-28-de-diciembre-calendario-de-desarollo\/\",\"name\":\"PROCESOS DE ESTABILIZACI\u00d3N Ley 20\/2021, de 28 de diciembre: Calendario de desarrollo de las convocatorias - SIDI\",\"isPartOf\":{\"@id\":\"https:\/\/sidimurcia.org\/#website\"},\"datePublished\":\"2023-02-16T09:00:34+00:00\",\"dateModified\":\"2023-02-16T10:25:41+00:00\",\"description\":\"Sindicato Independiente de Docentes. Funcionarios e Interinos. Afiliaci\u00f3n 1eur\/mes. Defendemos la educaci\u00f3n p\u00fablica.\",\"breadcrumb\":{\"@id\":\"https:\/\/sidimurcia.org\/index.php\/2023\/02\/16\/procesos-de-estabilizacion-ley-20-2021-de-28-de-diciembre-calendario-de-desarollo\/#breadcrumb\"},\"inLanguage\":\"es\",\"potentialAction\":[{\"@type\":\"ReadAction\",\"target\":[\"https:\/\/sidimurcia.org\/index.php\/2023\/02\/16\/procesos-de-estabilizacion-ley-20-2021-de-28-de-diciembre-calendario-de-desarollo\/\"]}]},{\"@type\":\"BreadcrumbList\",\"@id\":\"https:\/\/sidimurcia.org\/index.php\/2023\/02\/16\/procesos-de-estabilizacion-ley-20-2021-de-28-de-diciembre-calendario-de-desarollo\/#breadcrumb\",\"itemListElement\":[{\"@type\":\"ListItem\",\"position\":1,\"name\":\"Portada\",\"item\":\"https:\/\/sidimurcia.org\/\"},{\"@type\":\"ListItem\",\"position\":2,\"name\":\"PROCESOS DE ESTABILIZACI\u00d3N Ley 20\/2021, de 28 de diciembre: Calendario de desarrollo de las convocatorias\"}]},{\"@type\":\"WebSite\",\"@id\":\"https:\/\/sidimurcia.org\/#website\",\"url\":\"https:\/\/sidimurcia.org\/\",\"name\":\"SIDI\",\"description\":\"Sindicato Independiente de Docentes\",\"publisher\":{\"@id\":\"https:\/\/sidimurcia.org\/#organization\"},\"potentialAction\":[{\"@type\":\"SearchAction\",\"target\":{\"@type\":\"EntryPoint\",\"urlTemplate\":\"https:\/\/sidimurcia.org\/?s={search_term_string}\"},\"query-input\":{\"@type\":\"PropertyValueSpecification\",\"valueRequired\":true,\"valueName\":\"search_term_string\"}}],\"inLanguage\":\"es\"},{\"@type\":\"Organization\",\"@id\":\"https:\/\/sidimurcia.org\/#organization\",\"name\":\"Sindicato Independiente de Docentes - SIDI\",\"url\":\"https:\/\/sidimurcia.org\/\",\"logo\":{\"@type\":\"ImageObject\",\"inLanguage\":\"es\",\"@id\":\"https:\/\/sidimurcia.org\/#\/schema\/logo\/image\/\",\"url\":\"https:\/\/sidimurcia.org\/wp-content\/uploads\/cropped-PARAPESTANAWEB-1.jpg\",\"contentUrl\":\"https:\/\/sidimurcia.org\/wp-content\/uploads\/cropped-PARAPESTANAWEB-1.jpg\",\"width\":512,\"height\":512,\"caption\":\"Sindicato Independiente de Docentes - SIDI\"},\"image\":{\"@id\":\"https:\/\/sidimurcia.org\/#\/schema\/logo\/image\/\"},\"sameAs\":[\"https:\/\/es-es.facebook.com\/sidi.sindicatodedocentes\",\"https:\/\/x.com\/SIDIMURCIA\",\"https:\/\/www.instagram.com\/sidi_murcia\/\",\"https:\/\/www.youtube.com\/channel\/UCwwdL3uFtDKJdbOfmC70wIQ\"]},{\"@type\":\"Person\",\"@id\":\"https:\/\/sidimurcia.org\/#\/schema\/person\/3f3207f88fb267669a31f8f46f76f86c\",\"name\":\"Jose Luis Torrente\",\"image\":{\"@type\":\"ImageObject\",\"inLanguage\":\"es\",\"@id\":\"https:\/\/secure.gravatar.com\/avatar\/8ac4c0d28cf03f62a37681e633afaf3faec3a7bd495cdfb9b6a7ec6cf281b29c?s=96&d=mm&r=g\",\"url\":\"https:\/\/secure.gravatar.com\/avatar\/8ac4c0d28cf03f62a37681e633afaf3faec3a7bd495cdfb9b6a7ec6cf281b29c?s=96&d=mm&r=g\",\"contentUrl\":\"https:\/\/secure.gravatar.com\/avatar\/8ac4c0d28cf03f62a37681e633afaf3faec3a7bd495cdfb9b6a7ec6cf281b29c?s=96&d=mm&r=g\",\"caption\":\"Jose Luis Torrente\"},\"url\":\"https:\/\/sidimurcia.org\/index.php\/author\/joseltorrente\/\"}]}<\/script>\n<!-- \/ Yoast SEO plugin. -->","yoast_head_json":{"title":"PROCESOS DE ESTABILIZACI\u00d3N Ley 20\/2021, de 28 de diciembre: Calendario de desarrollo de las convocatorias - SIDI","description":"Sindicato Independiente de Docentes. Funcionarios e Interinos. Afiliaci\u00f3n 1eur\/mes. Defendemos la educaci\u00f3n p\u00fablica.","robots":{"index":"index","follow":"follow","max-snippet":"max-snippet:-1","max-image-preview":"max-image-preview:large","max-video-preview":"max-video-preview:-1"},"canonical":"https:\/\/sidimurcia.org\/index.php\/2023\/02\/16\/procesos-de-estabilizacion-ley-20-2021-de-28-de-diciembre-calendario-de-desarollo\/","og_locale":"es_ES","og_type":"article","og_title":"PROCESOS DE ESTABILIZACI\u00d3N Ley 20\/2021, de 28 de diciembre: Calendario de desarrollo de las convocatorias - SIDI","og_description":"Sindicato Independiente de Docentes. Funcionarios e Interinos. Afiliaci\u00f3n 1eur\/mes. Defendemos la educaci\u00f3n p\u00fablica.","og_url":"https:\/\/sidimurcia.org\/index.php\/2023\/02\/16\/procesos-de-estabilizacion-ley-20-2021-de-28-de-diciembre-calendario-de-desarollo\/","og_site_name":"SIDI","article_publisher":"https:\/\/es-es.facebook.com\/sidi.sindicatodedocentes","article_published_time":"2023-02-16T09:00:34+00:00","article_modified_time":"2023-02-16T10:25:41+00:00","author":"Jose Luis Torrente","twitter_card":"summary_large_image","twitter_creator":"@SIDIMURCIA","twitter_site":"@SIDIMURCIA","twitter_misc":{"Escrito por":"Jose Luis Torrente","Tiempo de lectura":"1 minuto"},"schema":{"@context":"https:\/\/schema.org","@graph":[{"@type":"Article","@id":"https:\/\/sidimurcia.org\/index.php\/2023\/02\/16\/procesos-de-estabilizacion-ley-20-2021-de-28-de-diciembre-calendario-de-desarollo\/#article","isPartOf":{"@id":"https:\/\/sidimurcia.org\/index.php\/2023\/02\/16\/procesos-de-estabilizacion-ley-20-2021-de-28-de-diciembre-calendario-de-desarollo\/"},"author":{"name":"Jose Luis Torrente","@id":"https:\/\/sidimurcia.org\/#\/schema\/person\/3f3207f88fb267669a31f8f46f76f86c"},"headline":"PROCESOS DE ESTABILIZACI\u00d3N Ley 20\/2021, de 28 de diciembre: Calendario de desarrollo de las convocatorias","datePublished":"2023-02-16T09:00:34+00:00","dateModified":"2023-02-16T10:25:41+00:00","mainEntityOfPage":{"@id":"https:\/\/sidimurcia.org\/index.php\/2023\/02\/16\/procesos-de-estabilizacion-ley-20-2021-de-28-de-diciembre-calendario-de-desarollo\/"},"wordCount":229,"publisher":{"@id":"https:\/\/sidimurcia.org\/#organization"},"articleSection":["Oposiciones"],"inLanguage":"es"},{"@type":"WebPage","@id":"https:\/\/sidimurcia.org\/index.php\/2023\/02\/16\/procesos-de-estabilizacion-ley-20-2021-de-28-de-diciembre-calendario-de-desarollo\/","url":"https:\/\/sidimurcia.org\/index.php\/2023\/02\/16\/procesos-de-estabilizacion-ley-20-2021-de-28-de-diciembre-calendario-de-desarollo\/","name":"PROCESOS DE ESTABILIZACI\u00d3N Ley 20\/2021, de 28 de diciembre: Calendario de desarrollo de las convocatorias - SIDI","isPartOf":{"@id":"https:\/\/sidimurcia.org\/#website"},"datePublished":"2023-02-16T09:00:34+00:00","dateModified":"2023-02-16T10:25:41+00:00","description":"Sindicato Independiente de Docentes. Funcionarios e Interinos. Afiliaci\u00f3n 1eur\/mes. Defendemos la educaci\u00f3n p\u00fablica.","breadcrumb":{"@id":"https:\/\/sidimurcia.org\/index.php\/2023\/02\/16\/procesos-de-estabilizacion-ley-20-2021-de-28-de-diciembre-calendario-de-desarollo\/#breadcrumb"},"inLanguage":"es","potentialAction":[{"@type":"ReadAction","target":["https:\/\/sidimurcia.org\/index.php\/2023\/02\/16\/procesos-de-estabilizacion-ley-20-2021-de-28-de-diciembre-calendario-de-desarollo\/"]}]},{"@type":"BreadcrumbList","@id":"https:\/\/sidimurcia.org\/index.php\/2023\/02\/16\/procesos-de-estabilizacion-ley-20-2021-de-28-de-diciembre-calendario-de-desarollo\/#breadcrumb","itemListElement":[{"@type":"ListItem","position":1,"name":"Portada","item":"https:\/\/sidimurcia.org\/"},{"@type":"ListItem","position":2,"name":"PROCESOS DE ESTABILIZACI\u00d3N Ley 20\/2021, de 28 de diciembre: Calendario de desarrollo de las convocatorias"}]},{"@type":"WebSite","@id":"https:\/\/sidimurcia.org\/#website","url":"https:\/\/sidimurcia.org\/","name":"SIDI","description":"Sindicato Independiente de Docentes","publisher":{"@id":"https:\/\/sidimurcia.org\/#organization"},"potentialAction":[{"@type":"SearchAction","target":{"@type":"EntryPoint","urlTemplate":"https:\/\/sidimurcia.org\/?s={search_term_string}"},"query-input":{"@type":"PropertyValueSpecification","valueRequired":true,"valueName":"search_term_string"}}],"inLanguage":"es"},{"@type":"Organization","@id":"https:\/\/sidimurcia.org\/#organization","name":"Sindicato Independiente de Docentes - SIDI","url":"https:\/\/sidimurcia.org\/","logo":{"@type":"ImageObject","inLanguage":"es","@id":"https:\/\/sidimurcia.org\/#\/schema\/logo\/image\/","url":"https:\/\/sidimurcia.org\/wp-content\/uploads\/cropped-PARAPESTANAWEB-1.jpg","contentUrl":"https:\/\/sidimurcia.org\/wp-content\/uploads\/cropped-PARAPESTANAWEB-1.jpg","width":512,"height":512,"caption":"Sindicato Independiente de Docentes - SIDI"},"image":{"@id":"https:\/\/sidimurcia.org\/#\/schema\/logo\/image\/"},"sameAs":["https:\/\/es-es.facebook.com\/sidi.sindicatodedocentes","https:\/\/x.com\/SIDIMURCIA","https:\/\/www.instagram.com\/sidi_murcia\/","https:\/\/www.youtube.com\/channel\/UCwwdL3uFtDKJdbOfmC70wIQ"]},{"@type":"Person","@id":"https:\/\/sidimurcia.org\/#\/schema\/person\/3f3207f88fb267669a31f8f46f76f86c","name":"Jose Luis Torrente","image":{"@type":"ImageObject","inLanguage":"es","@id":"https:\/\/secure.gravatar.com\/avatar\/8ac4c0d28cf03f62a37681e633afaf3faec3a7bd495cdfb9b6a7ec6cf281b29c?s=96&d=mm&r=g","url":"https:\/\/secure.gravatar.com\/avatar\/8ac4c0d28cf03f62a37681e633afaf3faec3a7bd495cdfb9b6a7ec6cf281b29c?s=96&d=mm&r=g","contentUrl":"https:\/\/secure.gravatar.com\/avatar\/8ac4c0d28cf03f62a37681e633afaf3faec3a7bd495cdfb9b6a7ec6cf281b29c?s=96&d=mm&r=g","caption":"Jose Luis Torrente"},"url":"https:\/\/sidimurcia.org\/index.php\/author\/joseltorrente\/"}]}},"_links":{"self":[{"href":"https:\/\/sidimurcia.org\/index.php\/wp-json\/wp\/v2\/posts\/16005","targetHints":{"allow":["GET"]}}],"collection":[{"href":"https:\/\/sidimurcia.org\/index.php\/wp-json\/wp\/v2\/posts"}],"about":[{"href":"https:\/\/sidimurcia.org\/index.php\/wp-json\/wp\/v2\/types\/post"}],"author":[{"embeddable":true,"href":"https:\/\/sidimurcia.org\/index.php\/wp-json\/wp\/v2\/users\/2"}],"replies":[{"embeddable":true,"href":"https:\/\/sidimurcia.org\/index.php\/wp-json\/wp\/v2\/comments?post=16005"}],"version-history":[{"count":0,"href":"https:\/\/sidimurcia.org\/index.php\/wp-json\/wp\/v2\/posts\/16005\/revisions"}],"wp:attachment":[{"href":"https:\/\/sidimurcia.org\/index.php\/wp-json\/wp\/v2\/media?parent=16005"}],"wp:term":[{"taxonomy":"category","embeddable":true,"href":"https:\/\/sidimurcia.org\/index.php\/wp-json\/wp\/v2\/categories?post=16005"},{"taxonomy":"post_tag","embeddable":true,"href":"https:\/\/sidimurcia.org\/index.php\/wp-json\/wp\/v2\/tags?post=16005"}],"curies":[{"name":"wp","href":"https:\/\/api.w.org\/{rel}","templated":true}]}}