{"id":16020,"date":"2023-02-16T17:36:01","date_gmt":"2023-02-16T17:36:01","guid":{"rendered":"https:\/\/sidimurcia.org\/?p=16020"},"modified":"2023-02-16T17:37:12","modified_gmt":"2023-02-16T17:37:12","slug":"convocatoria-de-acto-no-presencial-de-interinos-maestros-de-pt-para-el-eoep-de-deficientes-visuales-de-murcia","status":"publish","type":"post","link":"https:\/\/sidimurcia.org\/index.php\/2023\/02\/16\/convocatoria-de-acto-no-presencial-de-interinos-maestros-de-pt-para-el-eoep-de-deficientes-visuales-de-murcia\/","title":{"rendered":"Convocatoria de acto NO presencial de interinos maestros de PT para el EOEP DE DEFICIENTES VISUALES de Murcia"},"content":{"rendered":"<ul>\n<li style=\"text-align: justify;\"><span style=\"font-family: arial, helvetica, sans-serif;\"><a href=\"https:\/\/www.carm.es\/web\/descarga?ARCHIVO=Convocatoria%20vacante%20PT%20EOES%20DEFICIENTES%20VISUALES.pdf&amp;ALIAS=ARCH&amp;IDCONTENIDO=182454&amp;IDTIPO=60&amp;RASTRO=c77$m22725,22759,4254\">Convocatoria al ACTO NO PRESENCIAL de adjudicaci\u00f3n para integrantes de la lista de interinidad del Cuerpo De Maestros en la especialidad de Pedagog\u00eda Terap\u00e9utica que deseen impartir docencia en el EOEP DE DEFICIENTES VISUALES de Murcia<\/a><\/span><\/li>\n<\/ul>\n<p style=\"text-align: justify;\"><span style=\"font-family: arial, helvetica, sans-serif;\">Los aspirantes deber\u00e1n solicitar su participaci\u00f3n a esta convocatoria mediante <\/span><span style=\"font-family: arial, helvetica, sans-serif;\">comunicaci\u00f3n al buz\u00f3n de correo: adtele.primaria@murciaeduca.es, adjuntando <\/span><span style=\"font-family: arial, helvetica, sans-serif;\">el Anexo I cumplimentado. <strong>Las solicitudes deben enviarlas hasta las 12 horas <\/strong><\/span><span style=\"font-family: arial, helvetica, sans-serif;\"><strong>de ma\u00f1ana viernes d\u00eda 17 de febrero<\/strong>. A dichas solicitudes deber\u00e1n adjuntar la <\/span><span style=\"font-family: arial, helvetica, sans-serif;\">documentaci\u00f3n que acredite estar en posesi\u00f3n de conocimientos (BRAILLE y <\/span><span style=\"font-family: arial, helvetica, sans-serif;\">EDICO).<\/span><\/p>\n","protected":false},"excerpt":{"rendered":"<p>Convocatoria al ACTO NO PRESENCIAL de adjudicaci\u00f3n para integrantes de la lista de interinidad del Cuerpo De Maestros en la &#8230; <a title=\"Convocatoria de acto NO presencial de interinos maestros de PT para el EOEP DE DEFICIENTES VISUALES de Murcia\" class=\"read-more\" href=\"https:\/\/sidimurcia.org\/index.php\/2023\/02\/16\/convocatoria-de-acto-no-presencial-de-interinos-maestros-de-pt-para-el-eoep-de-deficientes-visuales-de-murcia\/\" aria-label=\"Leer m\u00e1s sobre Convocatoria de acto NO presencial de interinos maestros de PT para el EOEP DE DEFICIENTES VISUALES de Murcia\">Leer mas<\/a><\/p>\n","protected":false},"author":2,"featured_media":0,"comment_status":"closed","ping_status":"closed","sticky":false,"template":"","format":"standard","meta":{"footnotes":""},"categories":[4,80],"tags":[],"class_list":["post-16020","post","type-post","status-publish","format-standard","hentry","category-bolsa-extraordinaria","category-convocatoria-bolsa-extraordinaria-carm"],"yoast_head":"<!-- This site is optimized with the Yoast SEO plugin v27.2 - https:\/\/yoast.com\/product\/yoast-seo-wordpress\/ -->\n<title>Convocatoria de acto NO presencial de interinos maestros de PT para el EOEP DE DEFICIENTES VISUALES de Murcia - SIDI<\/title>\n<meta name=\"description\" content=\"Sindicato Independiente de Docentes. Funcionarios e Interinos. Afiliaci\u00f3n 1eur\/mes. Defendemos la educaci\u00f3n p\u00fablica.\" \/>\n<meta name=\"robots\" content=\"index, follow, max-snippet:-1, max-image-preview:large, max-video-preview:-1\" \/>\n<link rel=\"canonical\" href=\"https:\/\/sidimurcia.org\/index.php\/2023\/02\/16\/convocatoria-de-acto-no-presencial-de-interinos-maestros-de-pt-para-el-eoep-de-deficientes-visuales-de-murcia\/\" \/>\n<meta property=\"og:locale\" content=\"es_ES\" \/>\n<meta property=\"og:type\" content=\"article\" \/>\n<meta property=\"og:title\" content=\"Convocatoria de acto NO presencial de interinos maestros de PT para el EOEP DE DEFICIENTES VISUALES de Murcia - SIDI\" \/>\n<meta property=\"og:description\" content=\"Sindicato Independiente de Docentes. Funcionarios e Interinos. Afiliaci\u00f3n 1eur\/mes. Defendemos la educaci\u00f3n p\u00fablica.\" \/>\n<meta property=\"og:url\" content=\"https:\/\/sidimurcia.org\/index.php\/2023\/02\/16\/convocatoria-de-acto-no-presencial-de-interinos-maestros-de-pt-para-el-eoep-de-deficientes-visuales-de-murcia\/\" \/>\n<meta property=\"og:site_name\" content=\"SIDI\" \/>\n<meta property=\"article:publisher\" content=\"https:\/\/es-es.facebook.com\/sidi.sindicatodedocentes\" \/>\n<meta property=\"article:published_time\" content=\"2023-02-16T17:36:01+00:00\" \/>\n<meta property=\"article:modified_time\" content=\"2023-02-16T17:37:12+00:00\" \/>\n<meta name=\"author\" content=\"Jose Luis Torrente\" \/>\n<meta name=\"twitter:card\" content=\"summary_large_image\" \/>\n<meta name=\"twitter:creator\" content=\"@SIDIMURCIA\" \/>\n<meta name=\"twitter:site\" content=\"@SIDIMURCIA\" \/>\n<meta name=\"twitter:label1\" content=\"Escrito por\" \/>\n\t<meta name=\"twitter:data1\" content=\"Jose Luis Torrente\" \/>\n\t<meta name=\"twitter:label2\" content=\"Tiempo de lectura\" \/>\n\t<meta name=\"twitter:data2\" content=\"1 minuto\" \/>\n<script type=\"application\/ld+json\" class=\"yoast-schema-graph\">{\"@context\":\"https:\/\/schema.org\",\"@graph\":[{\"@type\":\"Article\",\"@id\":\"https:\/\/sidimurcia.org\/index.php\/2023\/02\/16\/convocatoria-de-acto-no-presencial-de-interinos-maestros-de-pt-para-el-eoep-de-deficientes-visuales-de-murcia\/#article\",\"isPartOf\":{\"@id\":\"https:\/\/sidimurcia.org\/index.php\/2023\/02\/16\/convocatoria-de-acto-no-presencial-de-interinos-maestros-de-pt-para-el-eoep-de-deficientes-visuales-de-murcia\/\"},\"author\":{\"name\":\"Jose Luis Torrente\",\"@id\":\"https:\/\/sidimurcia.org\/#\/schema\/person\/3f3207f88fb267669a31f8f46f76f86c\"},\"headline\":\"Convocatoria de acto NO presencial de interinos maestros de PT para el EOEP DE DEFICIENTES VISUALES de Murcia\",\"datePublished\":\"2023-02-16T17:36:01+00:00\",\"dateModified\":\"2023-02-16T17:37:12+00:00\",\"mainEntityOfPage\":{\"@id\":\"https:\/\/sidimurcia.org\/index.php\/2023\/02\/16\/convocatoria-de-acto-no-presencial-de-interinos-maestros-de-pt-para-el-eoep-de-deficientes-visuales-de-murcia\/\"},\"wordCount\":120,\"publisher\":{\"@id\":\"https:\/\/sidimurcia.org\/#organization\"},\"articleSection\":[\"Bolsa Extraordinaria\",\"Murcia-Convocatoria\"],\"inLanguage\":\"es\"},{\"@type\":\"WebPage\",\"@id\":\"https:\/\/sidimurcia.org\/index.php\/2023\/02\/16\/convocatoria-de-acto-no-presencial-de-interinos-maestros-de-pt-para-el-eoep-de-deficientes-visuales-de-murcia\/\",\"url\":\"https:\/\/sidimurcia.org\/index.php\/2023\/02\/16\/convocatoria-de-acto-no-presencial-de-interinos-maestros-de-pt-para-el-eoep-de-deficientes-visuales-de-murcia\/\",\"name\":\"Convocatoria de acto NO presencial de interinos maestros de PT para el EOEP DE DEFICIENTES VISUALES de Murcia - SIDI\",\"isPartOf\":{\"@id\":\"https:\/\/sidimurcia.org\/#website\"},\"datePublished\":\"2023-02-16T17:36:01+00:00\",\"dateModified\":\"2023-02-16T17:37:12+00:00\",\"description\":\"Sindicato Independiente de Docentes. Funcionarios e Interinos. Afiliaci\u00f3n 1eur\/mes. Defendemos la educaci\u00f3n p\u00fablica.\",\"breadcrumb\":{\"@id\":\"https:\/\/sidimurcia.org\/index.php\/2023\/02\/16\/convocatoria-de-acto-no-presencial-de-interinos-maestros-de-pt-para-el-eoep-de-deficientes-visuales-de-murcia\/#breadcrumb\"},\"inLanguage\":\"es\",\"potentialAction\":[{\"@type\":\"ReadAction\",\"target\":[\"https:\/\/sidimurcia.org\/index.php\/2023\/02\/16\/convocatoria-de-acto-no-presencial-de-interinos-maestros-de-pt-para-el-eoep-de-deficientes-visuales-de-murcia\/\"]}]},{\"@type\":\"BreadcrumbList\",\"@id\":\"https:\/\/sidimurcia.org\/index.php\/2023\/02\/16\/convocatoria-de-acto-no-presencial-de-interinos-maestros-de-pt-para-el-eoep-de-deficientes-visuales-de-murcia\/#breadcrumb\",\"itemListElement\":[{\"@type\":\"ListItem\",\"position\":1,\"name\":\"Portada\",\"item\":\"https:\/\/sidimurcia.org\/\"},{\"@type\":\"ListItem\",\"position\":2,\"name\":\"Convocatoria de acto NO presencial de interinos maestros de PT para el EOEP DE DEFICIENTES VISUALES de Murcia\"}]},{\"@type\":\"WebSite\",\"@id\":\"https:\/\/sidimurcia.org\/#website\",\"url\":\"https:\/\/sidimurcia.org\/\",\"name\":\"SIDI\",\"description\":\"Sindicato Independiente de Docentes\",\"publisher\":{\"@id\":\"https:\/\/sidimurcia.org\/#organization\"},\"potentialAction\":[{\"@type\":\"SearchAction\",\"target\":{\"@type\":\"EntryPoint\",\"urlTemplate\":\"https:\/\/sidimurcia.org\/?s={search_term_string}\"},\"query-input\":{\"@type\":\"PropertyValueSpecification\",\"valueRequired\":true,\"valueName\":\"search_term_string\"}}],\"inLanguage\":\"es\"},{\"@type\":\"Organization\",\"@id\":\"https:\/\/sidimurcia.org\/#organization\",\"name\":\"Sindicato Independiente de Docentes - SIDI\",\"url\":\"https:\/\/sidimurcia.org\/\",\"logo\":{\"@type\":\"ImageObject\",\"inLanguage\":\"es\",\"@id\":\"https:\/\/sidimurcia.org\/#\/schema\/logo\/image\/\",\"url\":\"https:\/\/sidimurcia.org\/wp-content\/uploads\/cropped-PARAPESTANAWEB-1.jpg\",\"contentUrl\":\"https:\/\/sidimurcia.org\/wp-content\/uploads\/cropped-PARAPESTANAWEB-1.jpg\",\"width\":512,\"height\":512,\"caption\":\"Sindicato Independiente de Docentes - SIDI\"},\"image\":{\"@id\":\"https:\/\/sidimurcia.org\/#\/schema\/logo\/image\/\"},\"sameAs\":[\"https:\/\/es-es.facebook.com\/sidi.sindicatodedocentes\",\"https:\/\/x.com\/SIDIMURCIA\",\"https:\/\/www.instagram.com\/sidi_murcia\/\",\"https:\/\/www.youtube.com\/channel\/UCwwdL3uFtDKJdbOfmC70wIQ\"]},{\"@type\":\"Person\",\"@id\":\"https:\/\/sidimurcia.org\/#\/schema\/person\/3f3207f88fb267669a31f8f46f76f86c\",\"name\":\"Jose Luis Torrente\",\"image\":{\"@type\":\"ImageObject\",\"inLanguage\":\"es\",\"@id\":\"https:\/\/secure.gravatar.com\/avatar\/8ac4c0d28cf03f62a37681e633afaf3faec3a7bd495cdfb9b6a7ec6cf281b29c?s=96&d=mm&r=g\",\"url\":\"https:\/\/secure.gravatar.com\/avatar\/8ac4c0d28cf03f62a37681e633afaf3faec3a7bd495cdfb9b6a7ec6cf281b29c?s=96&d=mm&r=g\",\"contentUrl\":\"https:\/\/secure.gravatar.com\/avatar\/8ac4c0d28cf03f62a37681e633afaf3faec3a7bd495cdfb9b6a7ec6cf281b29c?s=96&d=mm&r=g\",\"caption\":\"Jose Luis Torrente\"},\"url\":\"https:\/\/sidimurcia.org\/index.php\/author\/joseltorrente\/\"}]}<\/script>\n<!-- \/ Yoast SEO plugin. -->","yoast_head_json":{"title":"Convocatoria de acto NO presencial de interinos maestros de PT para el EOEP DE DEFICIENTES VISUALES de Murcia - SIDI","description":"Sindicato Independiente de Docentes. Funcionarios e Interinos. Afiliaci\u00f3n 1eur\/mes. Defendemos la educaci\u00f3n p\u00fablica.","robots":{"index":"index","follow":"follow","max-snippet":"max-snippet:-1","max-image-preview":"max-image-preview:large","max-video-preview":"max-video-preview:-1"},"canonical":"https:\/\/sidimurcia.org\/index.php\/2023\/02\/16\/convocatoria-de-acto-no-presencial-de-interinos-maestros-de-pt-para-el-eoep-de-deficientes-visuales-de-murcia\/","og_locale":"es_ES","og_type":"article","og_title":"Convocatoria de acto NO presencial de interinos maestros de PT para el EOEP DE DEFICIENTES VISUALES de Murcia - SIDI","og_description":"Sindicato Independiente de Docentes. Funcionarios e Interinos. Afiliaci\u00f3n 1eur\/mes. Defendemos la educaci\u00f3n p\u00fablica.","og_url":"https:\/\/sidimurcia.org\/index.php\/2023\/02\/16\/convocatoria-de-acto-no-presencial-de-interinos-maestros-de-pt-para-el-eoep-de-deficientes-visuales-de-murcia\/","og_site_name":"SIDI","article_publisher":"https:\/\/es-es.facebook.com\/sidi.sindicatodedocentes","article_published_time":"2023-02-16T17:36:01+00:00","article_modified_time":"2023-02-16T17:37:12+00:00","author":"Jose Luis Torrente","twitter_card":"summary_large_image","twitter_creator":"@SIDIMURCIA","twitter_site":"@SIDIMURCIA","twitter_misc":{"Escrito por":"Jose Luis Torrente","Tiempo de lectura":"1 minuto"},"schema":{"@context":"https:\/\/schema.org","@graph":[{"@type":"Article","@id":"https:\/\/sidimurcia.org\/index.php\/2023\/02\/16\/convocatoria-de-acto-no-presencial-de-interinos-maestros-de-pt-para-el-eoep-de-deficientes-visuales-de-murcia\/#article","isPartOf":{"@id":"https:\/\/sidimurcia.org\/index.php\/2023\/02\/16\/convocatoria-de-acto-no-presencial-de-interinos-maestros-de-pt-para-el-eoep-de-deficientes-visuales-de-murcia\/"},"author":{"name":"Jose Luis Torrente","@id":"https:\/\/sidimurcia.org\/#\/schema\/person\/3f3207f88fb267669a31f8f46f76f86c"},"headline":"Convocatoria de acto NO presencial de interinos maestros de PT para el EOEP DE DEFICIENTES VISUALES de Murcia","datePublished":"2023-02-16T17:36:01+00:00","dateModified":"2023-02-16T17:37:12+00:00","mainEntityOfPage":{"@id":"https:\/\/sidimurcia.org\/index.php\/2023\/02\/16\/convocatoria-de-acto-no-presencial-de-interinos-maestros-de-pt-para-el-eoep-de-deficientes-visuales-de-murcia\/"},"wordCount":120,"publisher":{"@id":"https:\/\/sidimurcia.org\/#organization"},"articleSection":["Bolsa Extraordinaria","Murcia-Convocatoria"],"inLanguage":"es"},{"@type":"WebPage","@id":"https:\/\/sidimurcia.org\/index.php\/2023\/02\/16\/convocatoria-de-acto-no-presencial-de-interinos-maestros-de-pt-para-el-eoep-de-deficientes-visuales-de-murcia\/","url":"https:\/\/sidimurcia.org\/index.php\/2023\/02\/16\/convocatoria-de-acto-no-presencial-de-interinos-maestros-de-pt-para-el-eoep-de-deficientes-visuales-de-murcia\/","name":"Convocatoria de acto NO presencial de interinos maestros de PT para el EOEP DE DEFICIENTES VISUALES de Murcia - SIDI","isPartOf":{"@id":"https:\/\/sidimurcia.org\/#website"},"datePublished":"2023-02-16T17:36:01+00:00","dateModified":"2023-02-16T17:37:12+00:00","description":"Sindicato Independiente de Docentes. Funcionarios e Interinos. Afiliaci\u00f3n 1eur\/mes. Defendemos la educaci\u00f3n p\u00fablica.","breadcrumb":{"@id":"https:\/\/sidimurcia.org\/index.php\/2023\/02\/16\/convocatoria-de-acto-no-presencial-de-interinos-maestros-de-pt-para-el-eoep-de-deficientes-visuales-de-murcia\/#breadcrumb"},"inLanguage":"es","potentialAction":[{"@type":"ReadAction","target":["https:\/\/sidimurcia.org\/index.php\/2023\/02\/16\/convocatoria-de-acto-no-presencial-de-interinos-maestros-de-pt-para-el-eoep-de-deficientes-visuales-de-murcia\/"]}]},{"@type":"BreadcrumbList","@id":"https:\/\/sidimurcia.org\/index.php\/2023\/02\/16\/convocatoria-de-acto-no-presencial-de-interinos-maestros-de-pt-para-el-eoep-de-deficientes-visuales-de-murcia\/#breadcrumb","itemListElement":[{"@type":"ListItem","position":1,"name":"Portada","item":"https:\/\/sidimurcia.org\/"},{"@type":"ListItem","position":2,"name":"Convocatoria de acto NO presencial de interinos maestros de PT para el EOEP DE DEFICIENTES VISUALES de Murcia"}]},{"@type":"WebSite","@id":"https:\/\/sidimurcia.org\/#website","url":"https:\/\/sidimurcia.org\/","name":"SIDI","description":"Sindicato Independiente de Docentes","publisher":{"@id":"https:\/\/sidimurcia.org\/#organization"},"potentialAction":[{"@type":"SearchAction","target":{"@type":"EntryPoint","urlTemplate":"https:\/\/sidimurcia.org\/?s={search_term_string}"},"query-input":{"@type":"PropertyValueSpecification","valueRequired":true,"valueName":"search_term_string"}}],"inLanguage":"es"},{"@type":"Organization","@id":"https:\/\/sidimurcia.org\/#organization","name":"Sindicato Independiente de Docentes - SIDI","url":"https:\/\/sidimurcia.org\/","logo":{"@type":"ImageObject","inLanguage":"es","@id":"https:\/\/sidimurcia.org\/#\/schema\/logo\/image\/","url":"https:\/\/sidimurcia.org\/wp-content\/uploads\/cropped-PARAPESTANAWEB-1.jpg","contentUrl":"https:\/\/sidimurcia.org\/wp-content\/uploads\/cropped-PARAPESTANAWEB-1.jpg","width":512,"height":512,"caption":"Sindicato Independiente de Docentes - SIDI"},"image":{"@id":"https:\/\/sidimurcia.org\/#\/schema\/logo\/image\/"},"sameAs":["https:\/\/es-es.facebook.com\/sidi.sindicatodedocentes","https:\/\/x.com\/SIDIMURCIA","https:\/\/www.instagram.com\/sidi_murcia\/","https:\/\/www.youtube.com\/channel\/UCwwdL3uFtDKJdbOfmC70wIQ"]},{"@type":"Person","@id":"https:\/\/sidimurcia.org\/#\/schema\/person\/3f3207f88fb267669a31f8f46f76f86c","name":"Jose Luis Torrente","image":{"@type":"ImageObject","inLanguage":"es","@id":"https:\/\/secure.gravatar.com\/avatar\/8ac4c0d28cf03f62a37681e633afaf3faec3a7bd495cdfb9b6a7ec6cf281b29c?s=96&d=mm&r=g","url":"https:\/\/secure.gravatar.com\/avatar\/8ac4c0d28cf03f62a37681e633afaf3faec3a7bd495cdfb9b6a7ec6cf281b29c?s=96&d=mm&r=g","contentUrl":"https:\/\/secure.gravatar.com\/avatar\/8ac4c0d28cf03f62a37681e633afaf3faec3a7bd495cdfb9b6a7ec6cf281b29c?s=96&d=mm&r=g","caption":"Jose Luis Torrente"},"url":"https:\/\/sidimurcia.org\/index.php\/author\/joseltorrente\/"}]}},"_links":{"self":[{"href":"https:\/\/sidimurcia.org\/index.php\/wp-json\/wp\/v2\/posts\/16020","targetHints":{"allow":["GET"]}}],"collection":[{"href":"https:\/\/sidimurcia.org\/index.php\/wp-json\/wp\/v2\/posts"}],"about":[{"href":"https:\/\/sidimurcia.org\/index.php\/wp-json\/wp\/v2\/types\/post"}],"author":[{"embeddable":true,"href":"https:\/\/sidimurcia.org\/index.php\/wp-json\/wp\/v2\/users\/2"}],"replies":[{"embeddable":true,"href":"https:\/\/sidimurcia.org\/index.php\/wp-json\/wp\/v2\/comments?post=16020"}],"version-history":[{"count":0,"href":"https:\/\/sidimurcia.org\/index.php\/wp-json\/wp\/v2\/posts\/16020\/revisions"}],"wp:attachment":[{"href":"https:\/\/sidimurcia.org\/index.php\/wp-json\/wp\/v2\/media?parent=16020"}],"wp:term":[{"taxonomy":"category","embeddable":true,"href":"https:\/\/sidimurcia.org\/index.php\/wp-json\/wp\/v2\/categories?post=16020"},{"taxonomy":"post_tag","embeddable":true,"href":"https:\/\/sidimurcia.org\/index.php\/wp-json\/wp\/v2\/tags?post=16020"}],"curies":[{"name":"wp","href":"https:\/\/api.w.org\/{rel}","templated":true}]}}