{"id":16056,"date":"2023-02-20T08:45:43","date_gmt":"2023-02-20T08:45:43","guid":{"rendered":"https:\/\/sidimurcia.org\/?p=16056"},"modified":"2023-02-20T08:45:43","modified_gmt":"2023-02-20T08:45:43","slug":"convocatoria-acto-presencial-lista-de-interinos-de-educacion-fisica-habilitados-para-modulos-de-las-ensenanzas-deportivas-de-futbol-4","status":"publish","type":"post","link":"https:\/\/sidimurcia.org\/index.php\/2023\/02\/20\/convocatoria-acto-presencial-lista-de-interinos-de-educacion-fisica-habilitados-para-modulos-de-las-ensenanzas-deportivas-de-futbol-4\/","title":{"rendered":"Convocatoria acto presencial lista de interinos de Educaci\u00f3n F\u00edsica habilitados para m\u00f3dulos de las ense\u00f1anzas deportivas de f\u00fatbol."},"content":{"rendered":"<ul>\n<li style=\"text-align: justify;\"><span style=\"font-family: arial, helvetica, sans-serif;\"><a href=\"https:\/\/www.carm.es\/web\/descarga?ARCHIVO=Convocatoria%20y%20Anexo%20M%C3%B3dulo%20F%C3%BAtbol.pdf&amp;ALIAS=ARCH&amp;IDCONTENIDO=182508&amp;IDTIPO=60&amp;RASTRO=c77$m22725,22759,4254\">20\/02\/2023 Convocatoria para los integrantes de la lista de interinos de la especialidad de Educaci\u00f3n F\u00edsica que est\u00e9n habilitados para impartir determinados M\u00f3dulos de las Ense\u00f1anzas Deportivas de F\u00fatbol atribuidos a Profesores Especialistas.<\/a><\/span><\/li>\n<\/ul>\n<p style=\"text-align: justify;\"><span style=\"font-family: arial, helvetica, sans-serif;\"> El acto tendr\u00e1 lugar el d\u00eda 24 DE <\/span><span style=\"font-family: arial, helvetica, sans-serif;\">FEBRERO DE 2023 A LAS 11 HORAS en un despacho habilitado al efecto en la planta baja <\/span><span style=\"font-family: arial, helvetica, sans-serif;\">de la Consejer\u00eda de Educaci\u00f3n, Formaci\u00f3n Profesional y Empleo. Preguntar en el Servicio de <\/span><span style=\"font-family: arial, helvetica, sans-serif;\">Personal Docente al acudir al acto. <\/span><br \/>\n<span style=\"font-family: arial, helvetica, sans-serif;\">Los aspirantes deber\u00e1n solicitar su participaci\u00f3n al mismo mediante comunicaci\u00f3n al buz\u00f3n <\/span><span style=\"font-family: arial, helvetica, sans-serif;\">de correo: spd_secundaria@murciaeduca.es, adjuntando el Anexo I cumplimentado, <\/span><span style=\"font-family: arial, helvetica, sans-serif;\">Si es la primera vez que se solicita participar en este acto se presentar\u00e1 copia de la <\/span><span style=\"font-family: arial, helvetica, sans-serif;\">habilitaci\u00f3n correspondiente (Resoluci\u00f3n del Director\/a General de Recursos Humanos, <\/span><span style=\"font-family: arial, helvetica, sans-serif;\">Planificaci\u00f3n y Evaluaci\u00f3n que as\u00ed lo establece), copia del t\u00edtulo alegado para pertenecer a las <\/span><span style=\"font-family: arial, helvetica, sans-serif;\">listas de interinidad de alguna de las especialidades convocadas, as\u00ed como certificaci\u00f3n de la <\/span><span style=\"font-family: arial, helvetica, sans-serif;\">formaci\u00f3n pedag\u00f3gica necesaria. <\/span><br \/>\n<strong><span style=\"font-family: arial, helvetica, sans-serif;\">Las comunicaciones para solicitar participar tienen que enviarlas antes de las 14 horas del <\/span><\/strong><span style=\"font-family: arial, helvetica, sans-serif;\"><strong>mi\u00e9rcoles d\u00eda 22 de febrero.<\/strong> <\/span><br \/>\n<span style=\"font-family: arial, helvetica, sans-serif;\">Una vez analizadas las solicitudes y documentaci\u00f3n aportada, mediante correo, se <\/span><span style=\"font-family: arial, helvetica, sans-serif;\">confirmar\u00e1 a cada adjudicatario la asistencia a dicho acto. S\u00f3lo se permitir\u00e1 el acceso a la Sala <\/span><span style=\"font-family: arial, helvetica, sans-serif;\">de Reuniones a los adjudicatarios con la preceptiva invitaci\u00f3n. No se permitir\u00e1 el acceso de <\/span><span style=\"font-family: arial, helvetica, sans-serif;\">acompa\u00f1antes excepto para personas necesitadas de ayuda para su movilidad.<\/span><\/p>\n","protected":false},"excerpt":{"rendered":"<p>20\/02\/2023 Convocatoria para los integrantes de la lista de interinos de la especialidad de Educaci\u00f3n F\u00edsica que est\u00e9n habilitados para &#8230; <a title=\"Convocatoria acto presencial lista de interinos de Educaci\u00f3n F\u00edsica habilitados para m\u00f3dulos de las ense\u00f1anzas deportivas de f\u00fatbol.\" class=\"read-more\" href=\"https:\/\/sidimurcia.org\/index.php\/2023\/02\/20\/convocatoria-acto-presencial-lista-de-interinos-de-educacion-fisica-habilitados-para-modulos-de-las-ensenanzas-deportivas-de-futbol-4\/\" aria-label=\"Leer m\u00e1s sobre Convocatoria acto presencial lista de interinos de Educaci\u00f3n F\u00edsica habilitados para m\u00f3dulos de las ense\u00f1anzas deportivas de f\u00fatbol.\">Leer mas<\/a><\/p>\n","protected":false},"author":2,"featured_media":0,"comment_status":"closed","ping_status":"closed","sticky":false,"template":"","format":"standard","meta":{"footnotes":""},"categories":[4,80],"tags":[],"class_list":["post-16056","post","type-post","status-publish","format-standard","hentry","category-bolsa-extraordinaria","category-convocatoria-bolsa-extraordinaria-carm"],"yoast_head":"<!-- This site is optimized with the Yoast SEO plugin v27.2 - https:\/\/yoast.com\/product\/yoast-seo-wordpress\/ -->\n<title>Convocatoria acto presencial lista de interinos de Educaci\u00f3n F\u00edsica habilitados para m\u00f3dulos de las ense\u00f1anzas deportivas de f\u00fatbol. - SIDI<\/title>\n<meta name=\"description\" content=\"Sindicato Independiente de Docentes. Funcionarios e Interinos. Afiliaci\u00f3n 1eur\/mes. Defendemos la educaci\u00f3n p\u00fablica.\" \/>\n<meta name=\"robots\" content=\"index, follow, max-snippet:-1, max-image-preview:large, max-video-preview:-1\" \/>\n<link rel=\"canonical\" href=\"https:\/\/sidimurcia.org\/index.php\/2023\/02\/20\/convocatoria-acto-presencial-lista-de-interinos-de-educacion-fisica-habilitados-para-modulos-de-las-ensenanzas-deportivas-de-futbol-4\/\" \/>\n<meta property=\"og:locale\" content=\"es_ES\" \/>\n<meta property=\"og:type\" content=\"article\" \/>\n<meta property=\"og:title\" content=\"Convocatoria acto presencial lista de interinos de Educaci\u00f3n F\u00edsica habilitados para m\u00f3dulos de las ense\u00f1anzas deportivas de f\u00fatbol. - SIDI\" \/>\n<meta property=\"og:description\" content=\"Sindicato Independiente de Docentes. Funcionarios e Interinos. Afiliaci\u00f3n 1eur\/mes. Defendemos la educaci\u00f3n p\u00fablica.\" \/>\n<meta property=\"og:url\" content=\"https:\/\/sidimurcia.org\/index.php\/2023\/02\/20\/convocatoria-acto-presencial-lista-de-interinos-de-educacion-fisica-habilitados-para-modulos-de-las-ensenanzas-deportivas-de-futbol-4\/\" \/>\n<meta property=\"og:site_name\" content=\"SIDI\" \/>\n<meta property=\"article:publisher\" content=\"https:\/\/es-es.facebook.com\/sidi.sindicatodedocentes\" \/>\n<meta property=\"article:published_time\" content=\"2023-02-20T08:45:43+00:00\" \/>\n<meta name=\"author\" content=\"Jose Luis Torrente\" \/>\n<meta name=\"twitter:card\" content=\"summary_large_image\" \/>\n<meta name=\"twitter:creator\" content=\"@SIDIMURCIA\" \/>\n<meta name=\"twitter:site\" content=\"@SIDIMURCIA\" \/>\n<meta name=\"twitter:label1\" content=\"Escrito por\" \/>\n\t<meta name=\"twitter:data1\" content=\"Jose Luis Torrente\" \/>\n\t<meta name=\"twitter:label2\" content=\"Tiempo de lectura\" \/>\n\t<meta name=\"twitter:data2\" content=\"1 minuto\" \/>\n<script type=\"application\/ld+json\" class=\"yoast-schema-graph\">{\"@context\":\"https:\/\/schema.org\",\"@graph\":[{\"@type\":\"Article\",\"@id\":\"https:\/\/sidimurcia.org\/index.php\/2023\/02\/20\/convocatoria-acto-presencial-lista-de-interinos-de-educacion-fisica-habilitados-para-modulos-de-las-ensenanzas-deportivas-de-futbol-4\/#article\",\"isPartOf\":{\"@id\":\"https:\/\/sidimurcia.org\/index.php\/2023\/02\/20\/convocatoria-acto-presencial-lista-de-interinos-de-educacion-fisica-habilitados-para-modulos-de-las-ensenanzas-deportivas-de-futbol-4\/\"},\"author\":{\"name\":\"Jose Luis Torrente\",\"@id\":\"https:\/\/sidimurcia.org\/#\/schema\/person\/3f3207f88fb267669a31f8f46f76f86c\"},\"headline\":\"Convocatoria acto presencial lista de interinos de Educaci\u00f3n F\u00edsica habilitados para m\u00f3dulos de las ense\u00f1anzas deportivas de f\u00fatbol.\",\"datePublished\":\"2023-02-20T08:45:43+00:00\",\"mainEntityOfPage\":{\"@id\":\"https:\/\/sidimurcia.org\/index.php\/2023\/02\/20\/convocatoria-acto-presencial-lista-de-interinos-de-educacion-fisica-habilitados-para-modulos-de-las-ensenanzas-deportivas-de-futbol-4\/\"},\"wordCount\":277,\"publisher\":{\"@id\":\"https:\/\/sidimurcia.org\/#organization\"},\"articleSection\":[\"Bolsa Extraordinaria\",\"Murcia-Convocatoria\"],\"inLanguage\":\"es\"},{\"@type\":\"WebPage\",\"@id\":\"https:\/\/sidimurcia.org\/index.php\/2023\/02\/20\/convocatoria-acto-presencial-lista-de-interinos-de-educacion-fisica-habilitados-para-modulos-de-las-ensenanzas-deportivas-de-futbol-4\/\",\"url\":\"https:\/\/sidimurcia.org\/index.php\/2023\/02\/20\/convocatoria-acto-presencial-lista-de-interinos-de-educacion-fisica-habilitados-para-modulos-de-las-ensenanzas-deportivas-de-futbol-4\/\",\"name\":\"Convocatoria acto presencial lista de interinos de Educaci\u00f3n F\u00edsica habilitados para m\u00f3dulos de las ense\u00f1anzas deportivas de f\u00fatbol. - SIDI\",\"isPartOf\":{\"@id\":\"https:\/\/sidimurcia.org\/#website\"},\"datePublished\":\"2023-02-20T08:45:43+00:00\",\"description\":\"Sindicato Independiente de Docentes. Funcionarios e Interinos. Afiliaci\u00f3n 1eur\/mes. Defendemos la educaci\u00f3n p\u00fablica.\",\"breadcrumb\":{\"@id\":\"https:\/\/sidimurcia.org\/index.php\/2023\/02\/20\/convocatoria-acto-presencial-lista-de-interinos-de-educacion-fisica-habilitados-para-modulos-de-las-ensenanzas-deportivas-de-futbol-4\/#breadcrumb\"},\"inLanguage\":\"es\",\"potentialAction\":[{\"@type\":\"ReadAction\",\"target\":[\"https:\/\/sidimurcia.org\/index.php\/2023\/02\/20\/convocatoria-acto-presencial-lista-de-interinos-de-educacion-fisica-habilitados-para-modulos-de-las-ensenanzas-deportivas-de-futbol-4\/\"]}]},{\"@type\":\"BreadcrumbList\",\"@id\":\"https:\/\/sidimurcia.org\/index.php\/2023\/02\/20\/convocatoria-acto-presencial-lista-de-interinos-de-educacion-fisica-habilitados-para-modulos-de-las-ensenanzas-deportivas-de-futbol-4\/#breadcrumb\",\"itemListElement\":[{\"@type\":\"ListItem\",\"position\":1,\"name\":\"Portada\",\"item\":\"https:\/\/sidimurcia.org\/\"},{\"@type\":\"ListItem\",\"position\":2,\"name\":\"Convocatoria acto presencial lista de interinos de Educaci\u00f3n F\u00edsica habilitados para m\u00f3dulos de las ense\u00f1anzas deportivas de f\u00fatbol.\"}]},{\"@type\":\"WebSite\",\"@id\":\"https:\/\/sidimurcia.org\/#website\",\"url\":\"https:\/\/sidimurcia.org\/\",\"name\":\"SIDI\",\"description\":\"Sindicato Independiente de Docentes\",\"publisher\":{\"@id\":\"https:\/\/sidimurcia.org\/#organization\"},\"potentialAction\":[{\"@type\":\"SearchAction\",\"target\":{\"@type\":\"EntryPoint\",\"urlTemplate\":\"https:\/\/sidimurcia.org\/?s={search_term_string}\"},\"query-input\":{\"@type\":\"PropertyValueSpecification\",\"valueRequired\":true,\"valueName\":\"search_term_string\"}}],\"inLanguage\":\"es\"},{\"@type\":\"Organization\",\"@id\":\"https:\/\/sidimurcia.org\/#organization\",\"name\":\"Sindicato Independiente de Docentes - SIDI\",\"url\":\"https:\/\/sidimurcia.org\/\",\"logo\":{\"@type\":\"ImageObject\",\"inLanguage\":\"es\",\"@id\":\"https:\/\/sidimurcia.org\/#\/schema\/logo\/image\/\",\"url\":\"https:\/\/sidimurcia.org\/wp-content\/uploads\/cropped-PARAPESTANAWEB-1.jpg\",\"contentUrl\":\"https:\/\/sidimurcia.org\/wp-content\/uploads\/cropped-PARAPESTANAWEB-1.jpg\",\"width\":512,\"height\":512,\"caption\":\"Sindicato Independiente de Docentes - SIDI\"},\"image\":{\"@id\":\"https:\/\/sidimurcia.org\/#\/schema\/logo\/image\/\"},\"sameAs\":[\"https:\/\/es-es.facebook.com\/sidi.sindicatodedocentes\",\"https:\/\/x.com\/SIDIMURCIA\",\"https:\/\/www.instagram.com\/sidi_murcia\/\",\"https:\/\/www.youtube.com\/channel\/UCwwdL3uFtDKJdbOfmC70wIQ\"]},{\"@type\":\"Person\",\"@id\":\"https:\/\/sidimurcia.org\/#\/schema\/person\/3f3207f88fb267669a31f8f46f76f86c\",\"name\":\"Jose Luis Torrente\",\"image\":{\"@type\":\"ImageObject\",\"inLanguage\":\"es\",\"@id\":\"https:\/\/secure.gravatar.com\/avatar\/8ac4c0d28cf03f62a37681e633afaf3faec3a7bd495cdfb9b6a7ec6cf281b29c?s=96&d=mm&r=g\",\"url\":\"https:\/\/secure.gravatar.com\/avatar\/8ac4c0d28cf03f62a37681e633afaf3faec3a7bd495cdfb9b6a7ec6cf281b29c?s=96&d=mm&r=g\",\"contentUrl\":\"https:\/\/secure.gravatar.com\/avatar\/8ac4c0d28cf03f62a37681e633afaf3faec3a7bd495cdfb9b6a7ec6cf281b29c?s=96&d=mm&r=g\",\"caption\":\"Jose Luis Torrente\"},\"url\":\"https:\/\/sidimurcia.org\/index.php\/author\/joseltorrente\/\"}]}<\/script>\n<!-- \/ Yoast SEO plugin. -->","yoast_head_json":{"title":"Convocatoria acto presencial lista de interinos de Educaci\u00f3n F\u00edsica habilitados para m\u00f3dulos de las ense\u00f1anzas deportivas de f\u00fatbol. - SIDI","description":"Sindicato Independiente de Docentes. Funcionarios e Interinos. Afiliaci\u00f3n 1eur\/mes. Defendemos la educaci\u00f3n p\u00fablica.","robots":{"index":"index","follow":"follow","max-snippet":"max-snippet:-1","max-image-preview":"max-image-preview:large","max-video-preview":"max-video-preview:-1"},"canonical":"https:\/\/sidimurcia.org\/index.php\/2023\/02\/20\/convocatoria-acto-presencial-lista-de-interinos-de-educacion-fisica-habilitados-para-modulos-de-las-ensenanzas-deportivas-de-futbol-4\/","og_locale":"es_ES","og_type":"article","og_title":"Convocatoria acto presencial lista de interinos de Educaci\u00f3n F\u00edsica habilitados para m\u00f3dulos de las ense\u00f1anzas deportivas de f\u00fatbol. - SIDI","og_description":"Sindicato Independiente de Docentes. Funcionarios e Interinos. Afiliaci\u00f3n 1eur\/mes. Defendemos la educaci\u00f3n p\u00fablica.","og_url":"https:\/\/sidimurcia.org\/index.php\/2023\/02\/20\/convocatoria-acto-presencial-lista-de-interinos-de-educacion-fisica-habilitados-para-modulos-de-las-ensenanzas-deportivas-de-futbol-4\/","og_site_name":"SIDI","article_publisher":"https:\/\/es-es.facebook.com\/sidi.sindicatodedocentes","article_published_time":"2023-02-20T08:45:43+00:00","author":"Jose Luis Torrente","twitter_card":"summary_large_image","twitter_creator":"@SIDIMURCIA","twitter_site":"@SIDIMURCIA","twitter_misc":{"Escrito por":"Jose Luis Torrente","Tiempo de lectura":"1 minuto"},"schema":{"@context":"https:\/\/schema.org","@graph":[{"@type":"Article","@id":"https:\/\/sidimurcia.org\/index.php\/2023\/02\/20\/convocatoria-acto-presencial-lista-de-interinos-de-educacion-fisica-habilitados-para-modulos-de-las-ensenanzas-deportivas-de-futbol-4\/#article","isPartOf":{"@id":"https:\/\/sidimurcia.org\/index.php\/2023\/02\/20\/convocatoria-acto-presencial-lista-de-interinos-de-educacion-fisica-habilitados-para-modulos-de-las-ensenanzas-deportivas-de-futbol-4\/"},"author":{"name":"Jose Luis Torrente","@id":"https:\/\/sidimurcia.org\/#\/schema\/person\/3f3207f88fb267669a31f8f46f76f86c"},"headline":"Convocatoria acto presencial lista de interinos de Educaci\u00f3n F\u00edsica habilitados para m\u00f3dulos de las ense\u00f1anzas deportivas de f\u00fatbol.","datePublished":"2023-02-20T08:45:43+00:00","mainEntityOfPage":{"@id":"https:\/\/sidimurcia.org\/index.php\/2023\/02\/20\/convocatoria-acto-presencial-lista-de-interinos-de-educacion-fisica-habilitados-para-modulos-de-las-ensenanzas-deportivas-de-futbol-4\/"},"wordCount":277,"publisher":{"@id":"https:\/\/sidimurcia.org\/#organization"},"articleSection":["Bolsa Extraordinaria","Murcia-Convocatoria"],"inLanguage":"es"},{"@type":"WebPage","@id":"https:\/\/sidimurcia.org\/index.php\/2023\/02\/20\/convocatoria-acto-presencial-lista-de-interinos-de-educacion-fisica-habilitados-para-modulos-de-las-ensenanzas-deportivas-de-futbol-4\/","url":"https:\/\/sidimurcia.org\/index.php\/2023\/02\/20\/convocatoria-acto-presencial-lista-de-interinos-de-educacion-fisica-habilitados-para-modulos-de-las-ensenanzas-deportivas-de-futbol-4\/","name":"Convocatoria acto presencial lista de interinos de Educaci\u00f3n F\u00edsica habilitados para m\u00f3dulos de las ense\u00f1anzas deportivas de f\u00fatbol. - SIDI","isPartOf":{"@id":"https:\/\/sidimurcia.org\/#website"},"datePublished":"2023-02-20T08:45:43+00:00","description":"Sindicato Independiente de Docentes. Funcionarios e Interinos. Afiliaci\u00f3n 1eur\/mes. Defendemos la educaci\u00f3n p\u00fablica.","breadcrumb":{"@id":"https:\/\/sidimurcia.org\/index.php\/2023\/02\/20\/convocatoria-acto-presencial-lista-de-interinos-de-educacion-fisica-habilitados-para-modulos-de-las-ensenanzas-deportivas-de-futbol-4\/#breadcrumb"},"inLanguage":"es","potentialAction":[{"@type":"ReadAction","target":["https:\/\/sidimurcia.org\/index.php\/2023\/02\/20\/convocatoria-acto-presencial-lista-de-interinos-de-educacion-fisica-habilitados-para-modulos-de-las-ensenanzas-deportivas-de-futbol-4\/"]}]},{"@type":"BreadcrumbList","@id":"https:\/\/sidimurcia.org\/index.php\/2023\/02\/20\/convocatoria-acto-presencial-lista-de-interinos-de-educacion-fisica-habilitados-para-modulos-de-las-ensenanzas-deportivas-de-futbol-4\/#breadcrumb","itemListElement":[{"@type":"ListItem","position":1,"name":"Portada","item":"https:\/\/sidimurcia.org\/"},{"@type":"ListItem","position":2,"name":"Convocatoria acto presencial lista de interinos de Educaci\u00f3n F\u00edsica habilitados para m\u00f3dulos de las ense\u00f1anzas deportivas de f\u00fatbol."}]},{"@type":"WebSite","@id":"https:\/\/sidimurcia.org\/#website","url":"https:\/\/sidimurcia.org\/","name":"SIDI","description":"Sindicato Independiente de Docentes","publisher":{"@id":"https:\/\/sidimurcia.org\/#organization"},"potentialAction":[{"@type":"SearchAction","target":{"@type":"EntryPoint","urlTemplate":"https:\/\/sidimurcia.org\/?s={search_term_string}"},"query-input":{"@type":"PropertyValueSpecification","valueRequired":true,"valueName":"search_term_string"}}],"inLanguage":"es"},{"@type":"Organization","@id":"https:\/\/sidimurcia.org\/#organization","name":"Sindicato Independiente de Docentes - SIDI","url":"https:\/\/sidimurcia.org\/","logo":{"@type":"ImageObject","inLanguage":"es","@id":"https:\/\/sidimurcia.org\/#\/schema\/logo\/image\/","url":"https:\/\/sidimurcia.org\/wp-content\/uploads\/cropped-PARAPESTANAWEB-1.jpg","contentUrl":"https:\/\/sidimurcia.org\/wp-content\/uploads\/cropped-PARAPESTANAWEB-1.jpg","width":512,"height":512,"caption":"Sindicato Independiente de Docentes - SIDI"},"image":{"@id":"https:\/\/sidimurcia.org\/#\/schema\/logo\/image\/"},"sameAs":["https:\/\/es-es.facebook.com\/sidi.sindicatodedocentes","https:\/\/x.com\/SIDIMURCIA","https:\/\/www.instagram.com\/sidi_murcia\/","https:\/\/www.youtube.com\/channel\/UCwwdL3uFtDKJdbOfmC70wIQ"]},{"@type":"Person","@id":"https:\/\/sidimurcia.org\/#\/schema\/person\/3f3207f88fb267669a31f8f46f76f86c","name":"Jose Luis Torrente","image":{"@type":"ImageObject","inLanguage":"es","@id":"https:\/\/secure.gravatar.com\/avatar\/8ac4c0d28cf03f62a37681e633afaf3faec3a7bd495cdfb9b6a7ec6cf281b29c?s=96&d=mm&r=g","url":"https:\/\/secure.gravatar.com\/avatar\/8ac4c0d28cf03f62a37681e633afaf3faec3a7bd495cdfb9b6a7ec6cf281b29c?s=96&d=mm&r=g","contentUrl":"https:\/\/secure.gravatar.com\/avatar\/8ac4c0d28cf03f62a37681e633afaf3faec3a7bd495cdfb9b6a7ec6cf281b29c?s=96&d=mm&r=g","caption":"Jose Luis Torrente"},"url":"https:\/\/sidimurcia.org\/index.php\/author\/joseltorrente\/"}]}},"_links":{"self":[{"href":"https:\/\/sidimurcia.org\/index.php\/wp-json\/wp\/v2\/posts\/16056","targetHints":{"allow":["GET"]}}],"collection":[{"href":"https:\/\/sidimurcia.org\/index.php\/wp-json\/wp\/v2\/posts"}],"about":[{"href":"https:\/\/sidimurcia.org\/index.php\/wp-json\/wp\/v2\/types\/post"}],"author":[{"embeddable":true,"href":"https:\/\/sidimurcia.org\/index.php\/wp-json\/wp\/v2\/users\/2"}],"replies":[{"embeddable":true,"href":"https:\/\/sidimurcia.org\/index.php\/wp-json\/wp\/v2\/comments?post=16056"}],"version-history":[{"count":0,"href":"https:\/\/sidimurcia.org\/index.php\/wp-json\/wp\/v2\/posts\/16056\/revisions"}],"wp:attachment":[{"href":"https:\/\/sidimurcia.org\/index.php\/wp-json\/wp\/v2\/media?parent=16056"}],"wp:term":[{"taxonomy":"category","embeddable":true,"href":"https:\/\/sidimurcia.org\/index.php\/wp-json\/wp\/v2\/categories?post=16056"},{"taxonomy":"post_tag","embeddable":true,"href":"https:\/\/sidimurcia.org\/index.php\/wp-json\/wp\/v2\/tags?post=16056"}],"curies":[{"name":"wp","href":"https:\/\/api.w.org\/{rel}","templated":true}]}}