{"id":16082,"date":"2023-02-22T07:55:46","date_gmt":"2023-02-22T07:55:46","guid":{"rendered":"https:\/\/sidimurcia.org\/?p=16082"},"modified":"2023-02-22T07:59:26","modified_gmt":"2023-02-22T07:59:26","slug":"eeuu-profesores-interinos-en-programas-educativos-en-el-exterior-de-la-agrupacion-de-lengua-y-cultura-espanolas-de-nueva-york-23-24","status":"publish","type":"post","link":"https:\/\/sidimurcia.org\/index.php\/2023\/02\/22\/eeuu-profesores-interinos-en-programas-educativos-en-el-exterior-de-la-agrupacion-de-lengua-y-cultura-espanolas-de-nueva-york-23-24\/","title":{"rendered":"EEUU: Profesores interinos en programas educativos en el exterior de la Agrupaci\u00f3n de Lengua y Cultura Espa\u00f1olas de Nueva York, 23\/24"},"content":{"rendered":"<ul>\n<li style=\"text-align: justify;\"><span style=\"font-family: arial, helvetica, sans-serif;\"><a href=\"https:\/\/servicios.educarm.es\/templates\/portal\/ficheros\/websDinamicas\/45\/Convocatoria%202023%20web%20mec%2022-02-23.pdf\">Convocatoria de proceso selectivo para la elaboraci\u00f3n de una relaci\u00f3n de candidatos para la contrataci\u00f3n de personal laboral, mediante contrato de duraci\u00f3n determinada por sustituci\u00f3n, en la Agrupaci\u00f3n de Lengua y Cultura Espa\u00f1olas (ALCE) de la Agregadur\u00eda de Educaci\u00f3n de Nueva York, dependiente de la Consejer\u00eda de Educaci\u00f3n de la Embajada de Espa\u00f1a en Estados Unidos, con la categor\u00eda profesional de maestro\/a.<\/a> <\/span><\/li>\n<\/ul>\n<p style=\"text-align: justify;\"><span style=\"font-family: arial, helvetica, sans-serif;\">Plazo presentaci\u00f3n solicitudes: De 21 de febrero de 2023 a 2 de marzo de 2023.<\/span><\/p>\n<p><span style=\"font-family: arial, helvetica, sans-serif;\">CONTACTO: Agregadur\u00eda de Educaci\u00f3n de Nueva York, 358 5th Ave, suite 1404, 10001 New York, tel\u00e9fono: 1 212 629 44 35; correo electr\u00f3nico: admin.usa@educacion.gob.es<\/span><\/p>\n<p style=\"text-align: justify;\"><span style=\"font-family: arial, helvetica, sans-serif;\"><a href=\"https:\/\/www.educacionyfp.gob.es\/servicios-al-ciudadano\/catalogo\/general\/20\/206225\/eeuu\/206225-maestro-2022.html\">EN ESTE ENLACE DISPONES DE MAS INFORMACI\u00d3N<\/a><\/span><\/p>\n","protected":false},"excerpt":{"rendered":"<p>Convocatoria de proceso selectivo para la elaboraci\u00f3n de una relaci\u00f3n de candidatos para la contrataci\u00f3n de personal laboral, mediante contrato &#8230; <a title=\"EEUU: Profesores interinos en programas educativos en el exterior de la Agrupaci\u00f3n de Lengua y Cultura Espa\u00f1olas de Nueva York, 23\/24\" class=\"read-more\" href=\"https:\/\/sidimurcia.org\/index.php\/2023\/02\/22\/eeuu-profesores-interinos-en-programas-educativos-en-el-exterior-de-la-agrupacion-de-lengua-y-cultura-espanolas-de-nueva-york-23-24\/\" aria-label=\"Leer m\u00e1s sobre EEUU: Profesores interinos en programas educativos en el exterior de la Agrupaci\u00f3n de Lengua y Cultura Espa\u00f1olas de Nueva York, 23\/24\">Leer mas<\/a><\/p>\n","protected":false},"author":2,"featured_media":0,"comment_status":"closed","ping_status":"closed","sticky":false,"template":"","format":"standard","meta":{"footnotes":""},"categories":[4,83],"tags":[],"class_list":["post-16082","post","type-post","status-publish","format-standard","hentry","category-bolsa-extraordinaria","category-convocatoria-otros-paises"],"yoast_head":"<!-- This site is optimized with the Yoast SEO plugin v27.2 - https:\/\/yoast.com\/product\/yoast-seo-wordpress\/ -->\n<title>EEUU: Profesores interinos en programas educativos en el exterior de la Agrupaci\u00f3n de Lengua y Cultura Espa\u00f1olas de Nueva York, 23\/24 - SIDI<\/title>\n<meta name=\"description\" content=\"Sindicato Independiente de Docentes. Funcionarios e Interinos. Afiliaci\u00f3n 1eur\/mes. Defendemos la educaci\u00f3n p\u00fablica.\" \/>\n<meta name=\"robots\" content=\"index, follow, max-snippet:-1, max-image-preview:large, max-video-preview:-1\" \/>\n<link rel=\"canonical\" href=\"https:\/\/sidimurcia.org\/index.php\/2023\/02\/22\/eeuu-profesores-interinos-en-programas-educativos-en-el-exterior-de-la-agrupacion-de-lengua-y-cultura-espanolas-de-nueva-york-23-24\/\" \/>\n<meta property=\"og:locale\" content=\"es_ES\" \/>\n<meta property=\"og:type\" content=\"article\" \/>\n<meta property=\"og:title\" content=\"EEUU: Profesores interinos en programas educativos en el exterior de la Agrupaci\u00f3n de Lengua y Cultura Espa\u00f1olas de Nueva York, 23\/24 - SIDI\" \/>\n<meta property=\"og:description\" content=\"Sindicato Independiente de Docentes. Funcionarios e Interinos. Afiliaci\u00f3n 1eur\/mes. Defendemos la educaci\u00f3n p\u00fablica.\" \/>\n<meta property=\"og:url\" content=\"https:\/\/sidimurcia.org\/index.php\/2023\/02\/22\/eeuu-profesores-interinos-en-programas-educativos-en-el-exterior-de-la-agrupacion-de-lengua-y-cultura-espanolas-de-nueva-york-23-24\/\" \/>\n<meta property=\"og:site_name\" content=\"SIDI\" \/>\n<meta property=\"article:publisher\" content=\"https:\/\/es-es.facebook.com\/sidi.sindicatodedocentes\" \/>\n<meta property=\"article:published_time\" content=\"2023-02-22T07:55:46+00:00\" \/>\n<meta property=\"article:modified_time\" content=\"2023-02-22T07:59:26+00:00\" \/>\n<meta name=\"author\" content=\"Jose Luis Torrente\" \/>\n<meta name=\"twitter:card\" content=\"summary_large_image\" \/>\n<meta name=\"twitter:creator\" content=\"@SIDIMURCIA\" \/>\n<meta name=\"twitter:site\" content=\"@SIDIMURCIA\" \/>\n<meta name=\"twitter:label1\" content=\"Escrito por\" \/>\n\t<meta name=\"twitter:data1\" content=\"Jose Luis Torrente\" \/>\n\t<meta name=\"twitter:label2\" content=\"Tiempo de lectura\" \/>\n\t<meta name=\"twitter:data2\" content=\"1 minuto\" \/>\n<script type=\"application\/ld+json\" class=\"yoast-schema-graph\">{\"@context\":\"https:\/\/schema.org\",\"@graph\":[{\"@type\":\"Article\",\"@id\":\"https:\/\/sidimurcia.org\/index.php\/2023\/02\/22\/eeuu-profesores-interinos-en-programas-educativos-en-el-exterior-de-la-agrupacion-de-lengua-y-cultura-espanolas-de-nueva-york-23-24\/#article\",\"isPartOf\":{\"@id\":\"https:\/\/sidimurcia.org\/index.php\/2023\/02\/22\/eeuu-profesores-interinos-en-programas-educativos-en-el-exterior-de-la-agrupacion-de-lengua-y-cultura-espanolas-de-nueva-york-23-24\/\"},\"author\":{\"name\":\"Jose Luis Torrente\",\"@id\":\"https:\/\/sidimurcia.org\/#\/schema\/person\/3f3207f88fb267669a31f8f46f76f86c\"},\"headline\":\"EEUU: Profesores interinos en programas educativos en el exterior de la Agrupaci\u00f3n de Lengua y Cultura Espa\u00f1olas de Nueva York, 23\/24\",\"datePublished\":\"2023-02-22T07:55:46+00:00\",\"dateModified\":\"2023-02-22T07:59:26+00:00\",\"mainEntityOfPage\":{\"@id\":\"https:\/\/sidimurcia.org\/index.php\/2023\/02\/22\/eeuu-profesores-interinos-en-programas-educativos-en-el-exterior-de-la-agrupacion-de-lengua-y-cultura-espanolas-de-nueva-york-23-24\/\"},\"wordCount\":142,\"publisher\":{\"@id\":\"https:\/\/sidimurcia.org\/#organization\"},\"articleSection\":[\"Bolsa Extraordinaria\",\"Convocatoria otros paises\"],\"inLanguage\":\"es\"},{\"@type\":\"WebPage\",\"@id\":\"https:\/\/sidimurcia.org\/index.php\/2023\/02\/22\/eeuu-profesores-interinos-en-programas-educativos-en-el-exterior-de-la-agrupacion-de-lengua-y-cultura-espanolas-de-nueva-york-23-24\/\",\"url\":\"https:\/\/sidimurcia.org\/index.php\/2023\/02\/22\/eeuu-profesores-interinos-en-programas-educativos-en-el-exterior-de-la-agrupacion-de-lengua-y-cultura-espanolas-de-nueva-york-23-24\/\",\"name\":\"EEUU: Profesores interinos en programas educativos en el exterior de la Agrupaci\u00f3n de Lengua y Cultura Espa\u00f1olas de Nueva York, 23\/24 - SIDI\",\"isPartOf\":{\"@id\":\"https:\/\/sidimurcia.org\/#website\"},\"datePublished\":\"2023-02-22T07:55:46+00:00\",\"dateModified\":\"2023-02-22T07:59:26+00:00\",\"description\":\"Sindicato Independiente de Docentes. Funcionarios e Interinos. Afiliaci\u00f3n 1eur\/mes. Defendemos la educaci\u00f3n p\u00fablica.\",\"breadcrumb\":{\"@id\":\"https:\/\/sidimurcia.org\/index.php\/2023\/02\/22\/eeuu-profesores-interinos-en-programas-educativos-en-el-exterior-de-la-agrupacion-de-lengua-y-cultura-espanolas-de-nueva-york-23-24\/#breadcrumb\"},\"inLanguage\":\"es\",\"potentialAction\":[{\"@type\":\"ReadAction\",\"target\":[\"https:\/\/sidimurcia.org\/index.php\/2023\/02\/22\/eeuu-profesores-interinos-en-programas-educativos-en-el-exterior-de-la-agrupacion-de-lengua-y-cultura-espanolas-de-nueva-york-23-24\/\"]}]},{\"@type\":\"BreadcrumbList\",\"@id\":\"https:\/\/sidimurcia.org\/index.php\/2023\/02\/22\/eeuu-profesores-interinos-en-programas-educativos-en-el-exterior-de-la-agrupacion-de-lengua-y-cultura-espanolas-de-nueva-york-23-24\/#breadcrumb\",\"itemListElement\":[{\"@type\":\"ListItem\",\"position\":1,\"name\":\"Portada\",\"item\":\"https:\/\/sidimurcia.org\/\"},{\"@type\":\"ListItem\",\"position\":2,\"name\":\"EEUU: Profesores interinos en programas educativos en el exterior de la Agrupaci\u00f3n de Lengua y Cultura Espa\u00f1olas de Nueva York, 23\/24\"}]},{\"@type\":\"WebSite\",\"@id\":\"https:\/\/sidimurcia.org\/#website\",\"url\":\"https:\/\/sidimurcia.org\/\",\"name\":\"SIDI\",\"description\":\"Sindicato Independiente de Docentes\",\"publisher\":{\"@id\":\"https:\/\/sidimurcia.org\/#organization\"},\"potentialAction\":[{\"@type\":\"SearchAction\",\"target\":{\"@type\":\"EntryPoint\",\"urlTemplate\":\"https:\/\/sidimurcia.org\/?s={search_term_string}\"},\"query-input\":{\"@type\":\"PropertyValueSpecification\",\"valueRequired\":true,\"valueName\":\"search_term_string\"}}],\"inLanguage\":\"es\"},{\"@type\":\"Organization\",\"@id\":\"https:\/\/sidimurcia.org\/#organization\",\"name\":\"Sindicato Independiente de Docentes - SIDI\",\"url\":\"https:\/\/sidimurcia.org\/\",\"logo\":{\"@type\":\"ImageObject\",\"inLanguage\":\"es\",\"@id\":\"https:\/\/sidimurcia.org\/#\/schema\/logo\/image\/\",\"url\":\"https:\/\/sidimurcia.org\/wp-content\/uploads\/cropped-PARAPESTANAWEB-1.jpg\",\"contentUrl\":\"https:\/\/sidimurcia.org\/wp-content\/uploads\/cropped-PARAPESTANAWEB-1.jpg\",\"width\":512,\"height\":512,\"caption\":\"Sindicato Independiente de Docentes - SIDI\"},\"image\":{\"@id\":\"https:\/\/sidimurcia.org\/#\/schema\/logo\/image\/\"},\"sameAs\":[\"https:\/\/es-es.facebook.com\/sidi.sindicatodedocentes\",\"https:\/\/x.com\/SIDIMURCIA\",\"https:\/\/www.instagram.com\/sidi_murcia\/\",\"https:\/\/www.youtube.com\/channel\/UCwwdL3uFtDKJdbOfmC70wIQ\"]},{\"@type\":\"Person\",\"@id\":\"https:\/\/sidimurcia.org\/#\/schema\/person\/3f3207f88fb267669a31f8f46f76f86c\",\"name\":\"Jose Luis Torrente\",\"image\":{\"@type\":\"ImageObject\",\"inLanguage\":\"es\",\"@id\":\"https:\/\/secure.gravatar.com\/avatar\/8ac4c0d28cf03f62a37681e633afaf3faec3a7bd495cdfb9b6a7ec6cf281b29c?s=96&d=mm&r=g\",\"url\":\"https:\/\/secure.gravatar.com\/avatar\/8ac4c0d28cf03f62a37681e633afaf3faec3a7bd495cdfb9b6a7ec6cf281b29c?s=96&d=mm&r=g\",\"contentUrl\":\"https:\/\/secure.gravatar.com\/avatar\/8ac4c0d28cf03f62a37681e633afaf3faec3a7bd495cdfb9b6a7ec6cf281b29c?s=96&d=mm&r=g\",\"caption\":\"Jose Luis Torrente\"},\"url\":\"https:\/\/sidimurcia.org\/index.php\/author\/joseltorrente\/\"}]}<\/script>\n<!-- \/ Yoast SEO plugin. -->","yoast_head_json":{"title":"EEUU: Profesores interinos en programas educativos en el exterior de la Agrupaci\u00f3n de Lengua y Cultura Espa\u00f1olas de Nueva York, 23\/24 - SIDI","description":"Sindicato Independiente de Docentes. Funcionarios e Interinos. Afiliaci\u00f3n 1eur\/mes. Defendemos la educaci\u00f3n p\u00fablica.","robots":{"index":"index","follow":"follow","max-snippet":"max-snippet:-1","max-image-preview":"max-image-preview:large","max-video-preview":"max-video-preview:-1"},"canonical":"https:\/\/sidimurcia.org\/index.php\/2023\/02\/22\/eeuu-profesores-interinos-en-programas-educativos-en-el-exterior-de-la-agrupacion-de-lengua-y-cultura-espanolas-de-nueva-york-23-24\/","og_locale":"es_ES","og_type":"article","og_title":"EEUU: Profesores interinos en programas educativos en el exterior de la Agrupaci\u00f3n de Lengua y Cultura Espa\u00f1olas de Nueva York, 23\/24 - SIDI","og_description":"Sindicato Independiente de Docentes. Funcionarios e Interinos. Afiliaci\u00f3n 1eur\/mes. Defendemos la educaci\u00f3n p\u00fablica.","og_url":"https:\/\/sidimurcia.org\/index.php\/2023\/02\/22\/eeuu-profesores-interinos-en-programas-educativos-en-el-exterior-de-la-agrupacion-de-lengua-y-cultura-espanolas-de-nueva-york-23-24\/","og_site_name":"SIDI","article_publisher":"https:\/\/es-es.facebook.com\/sidi.sindicatodedocentes","article_published_time":"2023-02-22T07:55:46+00:00","article_modified_time":"2023-02-22T07:59:26+00:00","author":"Jose Luis Torrente","twitter_card":"summary_large_image","twitter_creator":"@SIDIMURCIA","twitter_site":"@SIDIMURCIA","twitter_misc":{"Escrito por":"Jose Luis Torrente","Tiempo de lectura":"1 minuto"},"schema":{"@context":"https:\/\/schema.org","@graph":[{"@type":"Article","@id":"https:\/\/sidimurcia.org\/index.php\/2023\/02\/22\/eeuu-profesores-interinos-en-programas-educativos-en-el-exterior-de-la-agrupacion-de-lengua-y-cultura-espanolas-de-nueva-york-23-24\/#article","isPartOf":{"@id":"https:\/\/sidimurcia.org\/index.php\/2023\/02\/22\/eeuu-profesores-interinos-en-programas-educativos-en-el-exterior-de-la-agrupacion-de-lengua-y-cultura-espanolas-de-nueva-york-23-24\/"},"author":{"name":"Jose Luis Torrente","@id":"https:\/\/sidimurcia.org\/#\/schema\/person\/3f3207f88fb267669a31f8f46f76f86c"},"headline":"EEUU: Profesores interinos en programas educativos en el exterior de la Agrupaci\u00f3n de Lengua y Cultura Espa\u00f1olas de Nueva York, 23\/24","datePublished":"2023-02-22T07:55:46+00:00","dateModified":"2023-02-22T07:59:26+00:00","mainEntityOfPage":{"@id":"https:\/\/sidimurcia.org\/index.php\/2023\/02\/22\/eeuu-profesores-interinos-en-programas-educativos-en-el-exterior-de-la-agrupacion-de-lengua-y-cultura-espanolas-de-nueva-york-23-24\/"},"wordCount":142,"publisher":{"@id":"https:\/\/sidimurcia.org\/#organization"},"articleSection":["Bolsa Extraordinaria","Convocatoria otros paises"],"inLanguage":"es"},{"@type":"WebPage","@id":"https:\/\/sidimurcia.org\/index.php\/2023\/02\/22\/eeuu-profesores-interinos-en-programas-educativos-en-el-exterior-de-la-agrupacion-de-lengua-y-cultura-espanolas-de-nueva-york-23-24\/","url":"https:\/\/sidimurcia.org\/index.php\/2023\/02\/22\/eeuu-profesores-interinos-en-programas-educativos-en-el-exterior-de-la-agrupacion-de-lengua-y-cultura-espanolas-de-nueva-york-23-24\/","name":"EEUU: Profesores interinos en programas educativos en el exterior de la Agrupaci\u00f3n de Lengua y Cultura Espa\u00f1olas de Nueva York, 23\/24 - SIDI","isPartOf":{"@id":"https:\/\/sidimurcia.org\/#website"},"datePublished":"2023-02-22T07:55:46+00:00","dateModified":"2023-02-22T07:59:26+00:00","description":"Sindicato Independiente de Docentes. Funcionarios e Interinos. Afiliaci\u00f3n 1eur\/mes. Defendemos la educaci\u00f3n p\u00fablica.","breadcrumb":{"@id":"https:\/\/sidimurcia.org\/index.php\/2023\/02\/22\/eeuu-profesores-interinos-en-programas-educativos-en-el-exterior-de-la-agrupacion-de-lengua-y-cultura-espanolas-de-nueva-york-23-24\/#breadcrumb"},"inLanguage":"es","potentialAction":[{"@type":"ReadAction","target":["https:\/\/sidimurcia.org\/index.php\/2023\/02\/22\/eeuu-profesores-interinos-en-programas-educativos-en-el-exterior-de-la-agrupacion-de-lengua-y-cultura-espanolas-de-nueva-york-23-24\/"]}]},{"@type":"BreadcrumbList","@id":"https:\/\/sidimurcia.org\/index.php\/2023\/02\/22\/eeuu-profesores-interinos-en-programas-educativos-en-el-exterior-de-la-agrupacion-de-lengua-y-cultura-espanolas-de-nueva-york-23-24\/#breadcrumb","itemListElement":[{"@type":"ListItem","position":1,"name":"Portada","item":"https:\/\/sidimurcia.org\/"},{"@type":"ListItem","position":2,"name":"EEUU: Profesores interinos en programas educativos en el exterior de la Agrupaci\u00f3n de Lengua y Cultura Espa\u00f1olas de Nueva York, 23\/24"}]},{"@type":"WebSite","@id":"https:\/\/sidimurcia.org\/#website","url":"https:\/\/sidimurcia.org\/","name":"SIDI","description":"Sindicato Independiente de Docentes","publisher":{"@id":"https:\/\/sidimurcia.org\/#organization"},"potentialAction":[{"@type":"SearchAction","target":{"@type":"EntryPoint","urlTemplate":"https:\/\/sidimurcia.org\/?s={search_term_string}"},"query-input":{"@type":"PropertyValueSpecification","valueRequired":true,"valueName":"search_term_string"}}],"inLanguage":"es"},{"@type":"Organization","@id":"https:\/\/sidimurcia.org\/#organization","name":"Sindicato Independiente de Docentes - SIDI","url":"https:\/\/sidimurcia.org\/","logo":{"@type":"ImageObject","inLanguage":"es","@id":"https:\/\/sidimurcia.org\/#\/schema\/logo\/image\/","url":"https:\/\/sidimurcia.org\/wp-content\/uploads\/cropped-PARAPESTANAWEB-1.jpg","contentUrl":"https:\/\/sidimurcia.org\/wp-content\/uploads\/cropped-PARAPESTANAWEB-1.jpg","width":512,"height":512,"caption":"Sindicato Independiente de Docentes - SIDI"},"image":{"@id":"https:\/\/sidimurcia.org\/#\/schema\/logo\/image\/"},"sameAs":["https:\/\/es-es.facebook.com\/sidi.sindicatodedocentes","https:\/\/x.com\/SIDIMURCIA","https:\/\/www.instagram.com\/sidi_murcia\/","https:\/\/www.youtube.com\/channel\/UCwwdL3uFtDKJdbOfmC70wIQ"]},{"@type":"Person","@id":"https:\/\/sidimurcia.org\/#\/schema\/person\/3f3207f88fb267669a31f8f46f76f86c","name":"Jose Luis Torrente","image":{"@type":"ImageObject","inLanguage":"es","@id":"https:\/\/secure.gravatar.com\/avatar\/8ac4c0d28cf03f62a37681e633afaf3faec3a7bd495cdfb9b6a7ec6cf281b29c?s=96&d=mm&r=g","url":"https:\/\/secure.gravatar.com\/avatar\/8ac4c0d28cf03f62a37681e633afaf3faec3a7bd495cdfb9b6a7ec6cf281b29c?s=96&d=mm&r=g","contentUrl":"https:\/\/secure.gravatar.com\/avatar\/8ac4c0d28cf03f62a37681e633afaf3faec3a7bd495cdfb9b6a7ec6cf281b29c?s=96&d=mm&r=g","caption":"Jose Luis Torrente"},"url":"https:\/\/sidimurcia.org\/index.php\/author\/joseltorrente\/"}]}},"_links":{"self":[{"href":"https:\/\/sidimurcia.org\/index.php\/wp-json\/wp\/v2\/posts\/16082","targetHints":{"allow":["GET"]}}],"collection":[{"href":"https:\/\/sidimurcia.org\/index.php\/wp-json\/wp\/v2\/posts"}],"about":[{"href":"https:\/\/sidimurcia.org\/index.php\/wp-json\/wp\/v2\/types\/post"}],"author":[{"embeddable":true,"href":"https:\/\/sidimurcia.org\/index.php\/wp-json\/wp\/v2\/users\/2"}],"replies":[{"embeddable":true,"href":"https:\/\/sidimurcia.org\/index.php\/wp-json\/wp\/v2\/comments?post=16082"}],"version-history":[{"count":0,"href":"https:\/\/sidimurcia.org\/index.php\/wp-json\/wp\/v2\/posts\/16082\/revisions"}],"wp:attachment":[{"href":"https:\/\/sidimurcia.org\/index.php\/wp-json\/wp\/v2\/media?parent=16082"}],"wp:term":[{"taxonomy":"category","embeddable":true,"href":"https:\/\/sidimurcia.org\/index.php\/wp-json\/wp\/v2\/categories?post=16082"},{"taxonomy":"post_tag","embeddable":true,"href":"https:\/\/sidimurcia.org\/index.php\/wp-json\/wp\/v2\/tags?post=16082"}],"curies":[{"name":"wp","href":"https:\/\/api.w.org\/{rel}","templated":true}]}}