{"id":16086,"date":"2023-02-22T08:01:51","date_gmt":"2023-02-22T08:01:51","guid":{"rendered":"https:\/\/sidimurcia.org\/?p=16086"},"modified":"2023-03-06T07:57:14","modified_gmt":"2023-03-06T07:57:14","slug":"instrucciones-para-el-proceso-ordinario-de-escolarizacion-de-alumnos-de-primer-ciclo-de-educacion-infantil-curso-23-24","status":"publish","type":"post","link":"https:\/\/sidimurcia.org\/index.php\/2023\/02\/22\/instrucciones-para-el-proceso-ordinario-de-escolarizacion-de-alumnos-de-primer-ciclo-de-educacion-infantil-curso-23-24\/","title":{"rendered":"Instrucciones para el proceso ordinario de escolarizaci\u00f3n de alumnos de primer ciclo de Educaci\u00f3n Infantil, curso 23\/24"},"content":{"rendered":"<ul>\n<li style=\"text-align: justify;\"><a class=\"enlaceMarron\" title=\"Resoluci\u00f3n de 20 de febrero de 2023, de la Direcci\u00f3n General de Recursos Humanos, Planificaci\u00f3n Educativa y Evaluaci\u00f3n, por la que se dictan instrucciones para el proceso ordinario de escolarizaci\u00f3n de alumnos en centros p\u00fablicos que impartan primer ciclo de Educaci\u00f3n Infantil dependientes de la Consejer\u00eda de Educaci\u00f3n, Formaci\u00f3n Profesional y Empleo, para el curso escolar 2023\/2024\" href=\"https:\/\/servicios.educarm.es\/templates\/portal\/ficheros\/websDinamicas\/45\/1049 Instruc de escolar BORM 22-2-23.pdf\" target=\"_blank\" rel=\"noopener\"><span style=\"font-family: arial, helvetica, sans-serif;\">Resoluci\u00f3n de 20 de febrero de 2023, de la Direcci\u00f3n General de Recursos Humanos, Planificaci\u00f3n Educativa y Evaluaci\u00f3n, por la que se dictan instrucciones para el proceso ordinario de escolarizaci\u00f3n de alumnos en centros p\u00fablicos que impartan primer ciclo de Educaci\u00f3n Infantil dependientes de la Consejer\u00eda de Educaci\u00f3n, Formaci\u00f3n Profesional y Empleo, para el curso escolar 2023\/2024<\/span><\/a><\/li>\n<\/ul>\n<ul>\n<li style=\"list-style-type: none;\">\n<ul>\n<li style=\"text-align: justify;\"><a class=\"enlaceMarron\" title=\"Resoluci\u00f3n de 3 de marzo de 2023 por la que se modifica el Anexo III de la Resoluci\u00f3n de 20 de febrero de 2023, de la Direcci\u00f3n General de Recursos Humanos, Planificaci\u00f3n Educativa y Evaluaci\u00f3n, por la que se dictan instrucciones para el proceso ordinario de escolarizaci\u00f3n de alumnos en centros p\u00fablicos que impartan primer ciclo de Educaci\u00f3n Infantil dependientes de la Consejer\u00eda de Educaci\u00f3n, Formaci\u00f3n Profesional y Empleo, para el curso escolar 2023\/2024.\" href=\"https:\/\/servicios.educarm.es\/templates\/portal\/ficheros\/websDinamicas\/45\/1294 Modifi de instruc infantil BORM 4-3-23.pdf\" target=\"_blank\" rel=\"noopener\"><span style=\"font-family: arial, helvetica, sans-serif;\">Resoluci\u00f3n de 3 de marzo de 2023 por la que se modifica el Anexo III de la Resoluci\u00f3n de 20 de febrero de 2023, de la Direcci\u00f3n General de Recursos Humanos, Planificaci\u00f3n Educativa y Evaluaci\u00f3n, por la que se dictan instrucciones para el proceso ordinario de escolarizaci\u00f3n de alumnos en centros p\u00fablicos que impartan primer ciclo de Educaci\u00f3n Infantil dependientes de la Consejer\u00eda de Educaci\u00f3n, Formaci\u00f3n Profesional y Empleo, para el curso escolar 2023\/2024.<\/span><\/a><\/li>\n<\/ul>\n<\/li>\n<\/ul>\n<p><span style=\"font-family: arial, helvetica, sans-serif;\">Presentaci\u00f3n de solicitudes de la fase ordinaria desde el 6 al 24 de marzo de 2023, ambos inclusive<\/span><\/p>\n","protected":false},"excerpt":{"rendered":"<p>Resoluci\u00f3n de 20 de febrero de 2023, de la Direcci\u00f3n General de Recursos Humanos, Planificaci\u00f3n Educativa y Evaluaci\u00f3n, por la &#8230; <a title=\"Instrucciones para el proceso ordinario de escolarizaci\u00f3n de alumnos de primer ciclo de Educaci\u00f3n Infantil, curso 23\/24\" class=\"read-more\" href=\"https:\/\/sidimurcia.org\/index.php\/2023\/02\/22\/instrucciones-para-el-proceso-ordinario-de-escolarizacion-de-alumnos-de-primer-ciclo-de-educacion-infantil-curso-23-24\/\" aria-label=\"Leer m\u00e1s sobre Instrucciones para el proceso ordinario de escolarizaci\u00f3n de alumnos de primer ciclo de Educaci\u00f3n Infantil, curso 23\/24\">Leer mas<\/a><\/p>\n","protected":false},"author":2,"featured_media":0,"comment_status":"closed","ping_status":"closed","sticky":false,"template":"","format":"standard","meta":{"footnotes":""},"categories":[46,48],"tags":[],"class_list":["post-16086","post","type-post","status-publish","format-standard","hentry","category-normativa","category-normativa-carm"],"yoast_head":"<!-- This site is optimized with the Yoast SEO plugin v27.2 - https:\/\/yoast.com\/product\/yoast-seo-wordpress\/ -->\n<title>Instrucciones para el proceso ordinario de escolarizaci\u00f3n de alumnos de primer ciclo de Educaci\u00f3n Infantil, curso 23\/24 - SIDI<\/title>\n<meta name=\"description\" content=\"Sindicato Independiente de Docentes. Funcionarios e Interinos. Afiliaci\u00f3n 1eur\/mes. Defendemos la educaci\u00f3n p\u00fablica.\" \/>\n<meta name=\"robots\" content=\"index, follow, max-snippet:-1, max-image-preview:large, max-video-preview:-1\" \/>\n<link rel=\"canonical\" href=\"https:\/\/sidimurcia.org\/index.php\/2023\/02\/22\/instrucciones-para-el-proceso-ordinario-de-escolarizacion-de-alumnos-de-primer-ciclo-de-educacion-infantil-curso-23-24\/\" \/>\n<meta property=\"og:locale\" content=\"es_ES\" \/>\n<meta property=\"og:type\" content=\"article\" \/>\n<meta property=\"og:title\" content=\"Instrucciones para el proceso ordinario de escolarizaci\u00f3n de alumnos de primer ciclo de Educaci\u00f3n Infantil, curso 23\/24 - SIDI\" \/>\n<meta property=\"og:description\" content=\"Sindicato Independiente de Docentes. Funcionarios e Interinos. Afiliaci\u00f3n 1eur\/mes. Defendemos la educaci\u00f3n p\u00fablica.\" \/>\n<meta property=\"og:url\" content=\"https:\/\/sidimurcia.org\/index.php\/2023\/02\/22\/instrucciones-para-el-proceso-ordinario-de-escolarizacion-de-alumnos-de-primer-ciclo-de-educacion-infantil-curso-23-24\/\" \/>\n<meta property=\"og:site_name\" content=\"SIDI\" \/>\n<meta property=\"article:publisher\" content=\"https:\/\/es-es.facebook.com\/sidi.sindicatodedocentes\" \/>\n<meta property=\"article:published_time\" content=\"2023-02-22T08:01:51+00:00\" \/>\n<meta property=\"article:modified_time\" content=\"2023-03-06T07:57:14+00:00\" \/>\n<meta name=\"author\" content=\"Jose Luis Torrente\" \/>\n<meta name=\"twitter:card\" content=\"summary_large_image\" \/>\n<meta name=\"twitter:creator\" content=\"@SIDIMURCIA\" \/>\n<meta name=\"twitter:site\" content=\"@SIDIMURCIA\" \/>\n<meta name=\"twitter:label1\" content=\"Escrito por\" \/>\n\t<meta name=\"twitter:data1\" content=\"Jose Luis Torrente\" \/>\n\t<meta name=\"twitter:label2\" content=\"Tiempo de lectura\" \/>\n\t<meta name=\"twitter:data2\" content=\"1 minuto\" \/>\n<script type=\"application\/ld+json\" class=\"yoast-schema-graph\">{\"@context\":\"https:\/\/schema.org\",\"@graph\":[{\"@type\":\"Article\",\"@id\":\"https:\/\/sidimurcia.org\/index.php\/2023\/02\/22\/instrucciones-para-el-proceso-ordinario-de-escolarizacion-de-alumnos-de-primer-ciclo-de-educacion-infantil-curso-23-24\/#article\",\"isPartOf\":{\"@id\":\"https:\/\/sidimurcia.org\/index.php\/2023\/02\/22\/instrucciones-para-el-proceso-ordinario-de-escolarizacion-de-alumnos-de-primer-ciclo-de-educacion-infantil-curso-23-24\/\"},\"author\":{\"name\":\"Jose Luis Torrente\",\"@id\":\"https:\/\/sidimurcia.org\/#\/schema\/person\/3f3207f88fb267669a31f8f46f76f86c\"},\"headline\":\"Instrucciones para el proceso ordinario de escolarizaci\u00f3n de alumnos de primer ciclo de Educaci\u00f3n Infantil, curso 23\/24\",\"datePublished\":\"2023-02-22T08:01:51+00:00\",\"dateModified\":\"2023-03-06T07:57:14+00:00\",\"mainEntityOfPage\":{\"@id\":\"https:\/\/sidimurcia.org\/index.php\/2023\/02\/22\/instrucciones-para-el-proceso-ordinario-de-escolarizacion-de-alumnos-de-primer-ciclo-de-educacion-infantil-curso-23-24\/\"},\"wordCount\":178,\"publisher\":{\"@id\":\"https:\/\/sidimurcia.org\/#organization\"},\"articleSection\":[\"Normativa\",\"Normativa CARM\"],\"inLanguage\":\"es\"},{\"@type\":\"WebPage\",\"@id\":\"https:\/\/sidimurcia.org\/index.php\/2023\/02\/22\/instrucciones-para-el-proceso-ordinario-de-escolarizacion-de-alumnos-de-primer-ciclo-de-educacion-infantil-curso-23-24\/\",\"url\":\"https:\/\/sidimurcia.org\/index.php\/2023\/02\/22\/instrucciones-para-el-proceso-ordinario-de-escolarizacion-de-alumnos-de-primer-ciclo-de-educacion-infantil-curso-23-24\/\",\"name\":\"Instrucciones para el proceso ordinario de escolarizaci\u00f3n de alumnos de primer ciclo de Educaci\u00f3n Infantil, curso 23\/24 - SIDI\",\"isPartOf\":{\"@id\":\"https:\/\/sidimurcia.org\/#website\"},\"datePublished\":\"2023-02-22T08:01:51+00:00\",\"dateModified\":\"2023-03-06T07:57:14+00:00\",\"description\":\"Sindicato Independiente de Docentes. Funcionarios e Interinos. Afiliaci\u00f3n 1eur\/mes. Defendemos la educaci\u00f3n p\u00fablica.\",\"breadcrumb\":{\"@id\":\"https:\/\/sidimurcia.org\/index.php\/2023\/02\/22\/instrucciones-para-el-proceso-ordinario-de-escolarizacion-de-alumnos-de-primer-ciclo-de-educacion-infantil-curso-23-24\/#breadcrumb\"},\"inLanguage\":\"es\",\"potentialAction\":[{\"@type\":\"ReadAction\",\"target\":[\"https:\/\/sidimurcia.org\/index.php\/2023\/02\/22\/instrucciones-para-el-proceso-ordinario-de-escolarizacion-de-alumnos-de-primer-ciclo-de-educacion-infantil-curso-23-24\/\"]}]},{\"@type\":\"BreadcrumbList\",\"@id\":\"https:\/\/sidimurcia.org\/index.php\/2023\/02\/22\/instrucciones-para-el-proceso-ordinario-de-escolarizacion-de-alumnos-de-primer-ciclo-de-educacion-infantil-curso-23-24\/#breadcrumb\",\"itemListElement\":[{\"@type\":\"ListItem\",\"position\":1,\"name\":\"Portada\",\"item\":\"https:\/\/sidimurcia.org\/\"},{\"@type\":\"ListItem\",\"position\":2,\"name\":\"Instrucciones para el proceso ordinario de escolarizaci\u00f3n de alumnos de primer ciclo de Educaci\u00f3n Infantil, curso 23\/24\"}]},{\"@type\":\"WebSite\",\"@id\":\"https:\/\/sidimurcia.org\/#website\",\"url\":\"https:\/\/sidimurcia.org\/\",\"name\":\"SIDI\",\"description\":\"Sindicato Independiente de Docentes\",\"publisher\":{\"@id\":\"https:\/\/sidimurcia.org\/#organization\"},\"potentialAction\":[{\"@type\":\"SearchAction\",\"target\":{\"@type\":\"EntryPoint\",\"urlTemplate\":\"https:\/\/sidimurcia.org\/?s={search_term_string}\"},\"query-input\":{\"@type\":\"PropertyValueSpecification\",\"valueRequired\":true,\"valueName\":\"search_term_string\"}}],\"inLanguage\":\"es\"},{\"@type\":\"Organization\",\"@id\":\"https:\/\/sidimurcia.org\/#organization\",\"name\":\"Sindicato Independiente de Docentes - SIDI\",\"url\":\"https:\/\/sidimurcia.org\/\",\"logo\":{\"@type\":\"ImageObject\",\"inLanguage\":\"es\",\"@id\":\"https:\/\/sidimurcia.org\/#\/schema\/logo\/image\/\",\"url\":\"https:\/\/sidimurcia.org\/wp-content\/uploads\/cropped-PARAPESTANAWEB-1.jpg\",\"contentUrl\":\"https:\/\/sidimurcia.org\/wp-content\/uploads\/cropped-PARAPESTANAWEB-1.jpg\",\"width\":512,\"height\":512,\"caption\":\"Sindicato Independiente de Docentes - SIDI\"},\"image\":{\"@id\":\"https:\/\/sidimurcia.org\/#\/schema\/logo\/image\/\"},\"sameAs\":[\"https:\/\/es-es.facebook.com\/sidi.sindicatodedocentes\",\"https:\/\/x.com\/SIDIMURCIA\",\"https:\/\/www.instagram.com\/sidi_murcia\/\",\"https:\/\/www.youtube.com\/channel\/UCwwdL3uFtDKJdbOfmC70wIQ\"]},{\"@type\":\"Person\",\"@id\":\"https:\/\/sidimurcia.org\/#\/schema\/person\/3f3207f88fb267669a31f8f46f76f86c\",\"name\":\"Jose Luis Torrente\",\"image\":{\"@type\":\"ImageObject\",\"inLanguage\":\"es\",\"@id\":\"https:\/\/secure.gravatar.com\/avatar\/8ac4c0d28cf03f62a37681e633afaf3faec3a7bd495cdfb9b6a7ec6cf281b29c?s=96&d=mm&r=g\",\"url\":\"https:\/\/secure.gravatar.com\/avatar\/8ac4c0d28cf03f62a37681e633afaf3faec3a7bd495cdfb9b6a7ec6cf281b29c?s=96&d=mm&r=g\",\"contentUrl\":\"https:\/\/secure.gravatar.com\/avatar\/8ac4c0d28cf03f62a37681e633afaf3faec3a7bd495cdfb9b6a7ec6cf281b29c?s=96&d=mm&r=g\",\"caption\":\"Jose Luis Torrente\"},\"url\":\"https:\/\/sidimurcia.org\/index.php\/author\/joseltorrente\/\"}]}<\/script>\n<!-- \/ Yoast SEO plugin. -->","yoast_head_json":{"title":"Instrucciones para el proceso ordinario de escolarizaci\u00f3n de alumnos de primer ciclo de Educaci\u00f3n Infantil, curso 23\/24 - SIDI","description":"Sindicato Independiente de Docentes. Funcionarios e Interinos. Afiliaci\u00f3n 1eur\/mes. Defendemos la educaci\u00f3n p\u00fablica.","robots":{"index":"index","follow":"follow","max-snippet":"max-snippet:-1","max-image-preview":"max-image-preview:large","max-video-preview":"max-video-preview:-1"},"canonical":"https:\/\/sidimurcia.org\/index.php\/2023\/02\/22\/instrucciones-para-el-proceso-ordinario-de-escolarizacion-de-alumnos-de-primer-ciclo-de-educacion-infantil-curso-23-24\/","og_locale":"es_ES","og_type":"article","og_title":"Instrucciones para el proceso ordinario de escolarizaci\u00f3n de alumnos de primer ciclo de Educaci\u00f3n Infantil, curso 23\/24 - SIDI","og_description":"Sindicato Independiente de Docentes. Funcionarios e Interinos. Afiliaci\u00f3n 1eur\/mes. Defendemos la educaci\u00f3n p\u00fablica.","og_url":"https:\/\/sidimurcia.org\/index.php\/2023\/02\/22\/instrucciones-para-el-proceso-ordinario-de-escolarizacion-de-alumnos-de-primer-ciclo-de-educacion-infantil-curso-23-24\/","og_site_name":"SIDI","article_publisher":"https:\/\/es-es.facebook.com\/sidi.sindicatodedocentes","article_published_time":"2023-02-22T08:01:51+00:00","article_modified_time":"2023-03-06T07:57:14+00:00","author":"Jose Luis Torrente","twitter_card":"summary_large_image","twitter_creator":"@SIDIMURCIA","twitter_site":"@SIDIMURCIA","twitter_misc":{"Escrito por":"Jose Luis Torrente","Tiempo de lectura":"1 minuto"},"schema":{"@context":"https:\/\/schema.org","@graph":[{"@type":"Article","@id":"https:\/\/sidimurcia.org\/index.php\/2023\/02\/22\/instrucciones-para-el-proceso-ordinario-de-escolarizacion-de-alumnos-de-primer-ciclo-de-educacion-infantil-curso-23-24\/#article","isPartOf":{"@id":"https:\/\/sidimurcia.org\/index.php\/2023\/02\/22\/instrucciones-para-el-proceso-ordinario-de-escolarizacion-de-alumnos-de-primer-ciclo-de-educacion-infantil-curso-23-24\/"},"author":{"name":"Jose Luis Torrente","@id":"https:\/\/sidimurcia.org\/#\/schema\/person\/3f3207f88fb267669a31f8f46f76f86c"},"headline":"Instrucciones para el proceso ordinario de escolarizaci\u00f3n de alumnos de primer ciclo de Educaci\u00f3n Infantil, curso 23\/24","datePublished":"2023-02-22T08:01:51+00:00","dateModified":"2023-03-06T07:57:14+00:00","mainEntityOfPage":{"@id":"https:\/\/sidimurcia.org\/index.php\/2023\/02\/22\/instrucciones-para-el-proceso-ordinario-de-escolarizacion-de-alumnos-de-primer-ciclo-de-educacion-infantil-curso-23-24\/"},"wordCount":178,"publisher":{"@id":"https:\/\/sidimurcia.org\/#organization"},"articleSection":["Normativa","Normativa CARM"],"inLanguage":"es"},{"@type":"WebPage","@id":"https:\/\/sidimurcia.org\/index.php\/2023\/02\/22\/instrucciones-para-el-proceso-ordinario-de-escolarizacion-de-alumnos-de-primer-ciclo-de-educacion-infantil-curso-23-24\/","url":"https:\/\/sidimurcia.org\/index.php\/2023\/02\/22\/instrucciones-para-el-proceso-ordinario-de-escolarizacion-de-alumnos-de-primer-ciclo-de-educacion-infantil-curso-23-24\/","name":"Instrucciones para el proceso ordinario de escolarizaci\u00f3n de alumnos de primer ciclo de Educaci\u00f3n Infantil, curso 23\/24 - SIDI","isPartOf":{"@id":"https:\/\/sidimurcia.org\/#website"},"datePublished":"2023-02-22T08:01:51+00:00","dateModified":"2023-03-06T07:57:14+00:00","description":"Sindicato Independiente de Docentes. Funcionarios e Interinos. Afiliaci\u00f3n 1eur\/mes. Defendemos la educaci\u00f3n p\u00fablica.","breadcrumb":{"@id":"https:\/\/sidimurcia.org\/index.php\/2023\/02\/22\/instrucciones-para-el-proceso-ordinario-de-escolarizacion-de-alumnos-de-primer-ciclo-de-educacion-infantil-curso-23-24\/#breadcrumb"},"inLanguage":"es","potentialAction":[{"@type":"ReadAction","target":["https:\/\/sidimurcia.org\/index.php\/2023\/02\/22\/instrucciones-para-el-proceso-ordinario-de-escolarizacion-de-alumnos-de-primer-ciclo-de-educacion-infantil-curso-23-24\/"]}]},{"@type":"BreadcrumbList","@id":"https:\/\/sidimurcia.org\/index.php\/2023\/02\/22\/instrucciones-para-el-proceso-ordinario-de-escolarizacion-de-alumnos-de-primer-ciclo-de-educacion-infantil-curso-23-24\/#breadcrumb","itemListElement":[{"@type":"ListItem","position":1,"name":"Portada","item":"https:\/\/sidimurcia.org\/"},{"@type":"ListItem","position":2,"name":"Instrucciones para el proceso ordinario de escolarizaci\u00f3n de alumnos de primer ciclo de Educaci\u00f3n Infantil, curso 23\/24"}]},{"@type":"WebSite","@id":"https:\/\/sidimurcia.org\/#website","url":"https:\/\/sidimurcia.org\/","name":"SIDI","description":"Sindicato Independiente de Docentes","publisher":{"@id":"https:\/\/sidimurcia.org\/#organization"},"potentialAction":[{"@type":"SearchAction","target":{"@type":"EntryPoint","urlTemplate":"https:\/\/sidimurcia.org\/?s={search_term_string}"},"query-input":{"@type":"PropertyValueSpecification","valueRequired":true,"valueName":"search_term_string"}}],"inLanguage":"es"},{"@type":"Organization","@id":"https:\/\/sidimurcia.org\/#organization","name":"Sindicato Independiente de Docentes - SIDI","url":"https:\/\/sidimurcia.org\/","logo":{"@type":"ImageObject","inLanguage":"es","@id":"https:\/\/sidimurcia.org\/#\/schema\/logo\/image\/","url":"https:\/\/sidimurcia.org\/wp-content\/uploads\/cropped-PARAPESTANAWEB-1.jpg","contentUrl":"https:\/\/sidimurcia.org\/wp-content\/uploads\/cropped-PARAPESTANAWEB-1.jpg","width":512,"height":512,"caption":"Sindicato Independiente de Docentes - SIDI"},"image":{"@id":"https:\/\/sidimurcia.org\/#\/schema\/logo\/image\/"},"sameAs":["https:\/\/es-es.facebook.com\/sidi.sindicatodedocentes","https:\/\/x.com\/SIDIMURCIA","https:\/\/www.instagram.com\/sidi_murcia\/","https:\/\/www.youtube.com\/channel\/UCwwdL3uFtDKJdbOfmC70wIQ"]},{"@type":"Person","@id":"https:\/\/sidimurcia.org\/#\/schema\/person\/3f3207f88fb267669a31f8f46f76f86c","name":"Jose Luis Torrente","image":{"@type":"ImageObject","inLanguage":"es","@id":"https:\/\/secure.gravatar.com\/avatar\/8ac4c0d28cf03f62a37681e633afaf3faec3a7bd495cdfb9b6a7ec6cf281b29c?s=96&d=mm&r=g","url":"https:\/\/secure.gravatar.com\/avatar\/8ac4c0d28cf03f62a37681e633afaf3faec3a7bd495cdfb9b6a7ec6cf281b29c?s=96&d=mm&r=g","contentUrl":"https:\/\/secure.gravatar.com\/avatar\/8ac4c0d28cf03f62a37681e633afaf3faec3a7bd495cdfb9b6a7ec6cf281b29c?s=96&d=mm&r=g","caption":"Jose Luis Torrente"},"url":"https:\/\/sidimurcia.org\/index.php\/author\/joseltorrente\/"}]}},"_links":{"self":[{"href":"https:\/\/sidimurcia.org\/index.php\/wp-json\/wp\/v2\/posts\/16086","targetHints":{"allow":["GET"]}}],"collection":[{"href":"https:\/\/sidimurcia.org\/index.php\/wp-json\/wp\/v2\/posts"}],"about":[{"href":"https:\/\/sidimurcia.org\/index.php\/wp-json\/wp\/v2\/types\/post"}],"author":[{"embeddable":true,"href":"https:\/\/sidimurcia.org\/index.php\/wp-json\/wp\/v2\/users\/2"}],"replies":[{"embeddable":true,"href":"https:\/\/sidimurcia.org\/index.php\/wp-json\/wp\/v2\/comments?post=16086"}],"version-history":[{"count":0,"href":"https:\/\/sidimurcia.org\/index.php\/wp-json\/wp\/v2\/posts\/16086\/revisions"}],"wp:attachment":[{"href":"https:\/\/sidimurcia.org\/index.php\/wp-json\/wp\/v2\/media?parent=16086"}],"wp:term":[{"taxonomy":"category","embeddable":true,"href":"https:\/\/sidimurcia.org\/index.php\/wp-json\/wp\/v2\/categories?post=16086"},{"taxonomy":"post_tag","embeddable":true,"href":"https:\/\/sidimurcia.org\/index.php\/wp-json\/wp\/v2\/tags?post=16086"}],"curies":[{"name":"wp","href":"https:\/\/api.w.org\/{rel}","templated":true}]}}