{"id":16122,"date":"2023-02-24T07:00:52","date_gmt":"2023-02-24T07:00:52","guid":{"rendered":"https:\/\/sidimurcia.org\/?p=16122"},"modified":"2023-02-24T07:21:32","modified_gmt":"2023-02-24T07:21:32","slug":"andalucia-convocatoria-a-bolsas-de-trabajo-de-catedraticos-de-musica-y-artes-escenicas","status":"publish","type":"post","link":"https:\/\/sidimurcia.org\/index.php\/2023\/02\/24\/andalucia-convocatoria-a-bolsas-de-trabajo-de-catedraticos-de-musica-y-artes-escenicas\/","title":{"rendered":"ANDALUC\u00cdA: Convocatoria a bolsas de trabajo de Catedr\u00e1ticos de M\u00fasica y Artes Esc\u00e9nicas"},"content":{"rendered":"<ul>\n<li style=\"text-align: justify;\"><a href=\"https:\/\/www.juntadeandalucia.es\/boja\/2023\/36\/18\"><span style=\"font-family: arial, helvetica, sans-serif;\">Resoluci\u00f3n de 15 de febrero de 2023, de la Direcci\u00f3n General del Profesorado y Gesti\u00f3n de Recursos Humanos, por la que se realiza convocatoria para el acceso extraordinario a las bolsas de trabajo de determinadas especialidades del Cuerpo de Catedr\u00e1ticos de M\u00fasica y Artes Esc\u00e9nicas<\/span> <\/a><\/li>\n<\/ul>\n<p style=\"text-align: center;\"><span style=\"font-family: arial, helvetica, sans-serif;\">Plazo desde el 23 de febrero hasta 9 de marzo de 2023 ambos inclusive<\/span><\/p>\n<p><a href=\"https:\/\/www.juntadeandalucia.es\/educacion\/portals\/\/delegate\/content\/71e1fb08-af10-439c-a731-3b4cf597a7af\/Preguntas%20Frecuentes%20-%20Convocatoria%20Extraordinaria%20Catedr%C3%A1ticos\"><span style=\"font-family: arial, helvetica, sans-serif;\">Preguntas frecuentes<\/span><\/a><\/p>\n<p style=\"text-align: justify;\"><strong><span style=\"font-family: arial, helvetica, sans-serif;\">ESPECIALIDADES CONVOCADAS<\/span><\/strong><\/p>\n<table>\n<thead>\n<tr>\n<th colspan=\"2\" rowspan=\"1\"><span style=\"font-family: arial, helvetica, sans-serif;\">CATEDR\u00c1TICOS DE M\u00daSICA Y ARTES ESC\u00c9NICAS (I593)<\/span><\/th>\n<\/tr>\n<tr>\n<th colspan=\"1\" rowspan=\"1\"><span style=\"font-family: arial, helvetica, sans-serif;\">C\u00d3DIGO<\/span><\/th>\n<th colspan=\"1\" rowspan=\"1\"><span style=\"font-family: arial, helvetica, sans-serif;\">ESPECIALIDAD<\/span><\/th>\n<\/tr>\n<\/thead>\n<tbody>\n<tr>\n<td colspan=\"1\" rowspan=\"1\"><span style=\"font-family: arial, helvetica, sans-serif;\">00593003<\/span><\/td>\n<td colspan=\"1\" rowspan=\"1\"><span style=\"font-family: arial, helvetica, sans-serif;\">ARPA<\/span><\/td>\n<\/tr>\n<tr>\n<td colspan=\"1\" rowspan=\"1\"><span style=\"font-family: arial, helvetica, sans-serif;\">00593005<\/span><\/td>\n<td colspan=\"1\" rowspan=\"1\"><span style=\"font-family: arial, helvetica, sans-serif;\">DANZA CL\u00c1SICA<\/span><\/td>\n<\/tr>\n<tr>\n<td colspan=\"1\" rowspan=\"1\"><span style=\"font-family: arial, helvetica, sans-serif;\">00593006<\/span><\/td>\n<td colspan=\"1\" rowspan=\"1\"><span style=\"font-family: arial, helvetica, sans-serif;\">CANTO<\/span><\/td>\n<\/tr>\n<tr>\n<td colspan=\"1\" rowspan=\"1\"><span style=\"font-family: arial, helvetica, sans-serif;\">00593009<\/span><\/td>\n<td colspan=\"1\" rowspan=\"1\"><span style=\"font-family: arial, helvetica, sans-serif;\">CLAVE<\/span><\/td>\n<\/tr>\n<tr>\n<td colspan=\"1\" rowspan=\"1\"><span style=\"font-family: arial, helvetica, sans-serif;\">00593014<\/span><\/td>\n<td colspan=\"1\" rowspan=\"1\"><span style=\"font-family: arial, helvetica, sans-serif;\">CONTRABAJO<\/span><\/td>\n<\/tr>\n<tr>\n<td colspan=\"1\" rowspan=\"1\"><span style=\"font-family: arial, helvetica, sans-serif;\">00593017<\/span><\/td>\n<td colspan=\"1\" rowspan=\"1\"><span style=\"font-family: arial, helvetica, sans-serif;\">DANZA ESPA\u00d1OLA<\/span><\/td>\n<\/tr>\n<tr>\n<td colspan=\"1\" rowspan=\"1\"><span style=\"font-family: arial, helvetica, sans-serif;\">00593018<\/span><\/td>\n<td colspan=\"1\" rowspan=\"1\"><span style=\"font-family: arial, helvetica, sans-serif;\">BAILE FLAMENCO<\/span><\/td>\n<\/tr>\n<tr>\n<td colspan=\"1\" rowspan=\"1\"><span style=\"font-family: arial, helvetica, sans-serif;\">00593020<\/span><\/td>\n<td colspan=\"1\" rowspan=\"1\"><span style=\"font-family: arial, helvetica, sans-serif;\">DIRECCI\u00d3N DE CORO<\/span><\/td>\n<\/tr>\n<tr>\n<td colspan=\"1\" rowspan=\"1\"><span style=\"font-family: arial, helvetica, sans-serif;\">00593023<\/span><\/td>\n<td colspan=\"1\" rowspan=\"1\"><span style=\"font-family: arial, helvetica, sans-serif;\">DIRECCI\u00d3N DE ORQUESTA<\/span><\/td>\n<\/tr>\n<tr>\n<td colspan=\"1\" rowspan=\"1\"><span style=\"font-family: arial, helvetica, sans-serif;\">00593025<\/span><\/td>\n<td colspan=\"1\" rowspan=\"1\"><span style=\"font-family: arial, helvetica, sans-serif;\">ESCENA L\u00cdRICA<\/span><\/td>\n<\/tr>\n<tr>\n<td colspan=\"1\" rowspan=\"1\"><span style=\"font-family: arial, helvetica, sans-serif;\">00593030<\/span><\/td>\n<td colspan=\"1\" rowspan=\"1\"><span style=\"font-family: arial, helvetica, sans-serif;\">FAGOT<\/span><\/td>\n<\/tr>\n<tr>\n<td colspan=\"1\" rowspan=\"1\"><span style=\"font-family: arial, helvetica, sans-serif;\">00593031<\/span><\/td>\n<td colspan=\"1\" rowspan=\"1\"><span style=\"font-family: arial, helvetica, sans-serif;\">FLAUTA DE PICO<\/span><\/td>\n<\/tr>\n<tr>\n<td colspan=\"1\" rowspan=\"1\"><span style=\"font-family: arial, helvetica, sans-serif;\">00593036<\/span><\/td>\n<td colspan=\"1\" rowspan=\"1\"><span style=\"font-family: arial, helvetica, sans-serif;\">GUITARRA FLAMENCA<\/span><\/td>\n<\/tr>\n<tr>\n<td colspan=\"1\" rowspan=\"1\"><span style=\"font-family: arial, helvetica, sans-serif;\">00593045<\/span><\/td>\n<td colspan=\"1\" rowspan=\"1\"><span style=\"font-family: arial, helvetica, sans-serif;\">LENGUA ALEMANA<\/span><\/td>\n<\/tr>\n<tr>\n<td colspan=\"1\" rowspan=\"1\"><span style=\"font-family: arial, helvetica, sans-serif;\">00593047<\/span><\/td>\n<td colspan=\"1\" rowspan=\"1\"><span style=\"font-family: arial, helvetica, sans-serif;\">LENGUA INGLESA<\/span><\/td>\n<\/tr>\n<tr>\n<td colspan=\"1\" rowspan=\"1\"><span style=\"font-family: arial, helvetica, sans-serif;\">00593051<\/span><\/td>\n<td colspan=\"1\" rowspan=\"1\"><span style=\"font-family: arial, helvetica, sans-serif;\">MUSICOLOG\u00cdA<\/span><\/td>\n<\/tr>\n<tr>\n<td colspan=\"1\" rowspan=\"1\"><span style=\"font-family: arial, helvetica, sans-serif;\">00593052<\/span><\/td>\n<td colspan=\"1\" rowspan=\"1\"><span style=\"font-family: arial, helvetica, sans-serif;\">OBOE<\/span><\/td>\n<\/tr>\n<tr>\n<td colspan=\"1\" rowspan=\"1\"><span style=\"font-family: arial, helvetica, sans-serif;\">00593053<\/span><\/td>\n<td colspan=\"1\" rowspan=\"1\"><span style=\"font-family: arial, helvetica, sans-serif;\">\u00d3RGANO<\/span><\/td>\n<\/tr>\n<tr>\n<td colspan=\"1\" rowspan=\"1\"><span style=\"font-family: arial, helvetica, sans-serif;\">00593057<\/span><\/td>\n<td colspan=\"1\" rowspan=\"1\"><span style=\"font-family: arial, helvetica, sans-serif;\">PEDAGOG\u00cdA MUSICAL<\/span><\/td>\n<\/tr>\n<tr>\n<td colspan=\"1\" rowspan=\"1\"><span style=\"font-family: arial, helvetica, sans-serif;\">00593058<\/span><\/td>\n<td colspan=\"1\" rowspan=\"1\"><span style=\"font-family: arial, helvetica, sans-serif;\">PERCUSI\u00d3N<\/span><\/td>\n<\/tr>\n<tr>\n<td colspan=\"1\" rowspan=\"1\"><span style=\"font-family: arial, helvetica, sans-serif;\">00593061<\/span><\/td>\n<td colspan=\"1\" rowspan=\"1\"><span style=\"font-family: arial, helvetica, sans-serif;\">IMPROVISACI\u00d3N Y ACOMPA\u00d1AMIENTO<\/span><\/td>\n<\/tr>\n<tr>\n<td colspan=\"1\" rowspan=\"1\"><span style=\"font-family: arial, helvetica, sans-serif;\">00593063<\/span><\/td>\n<td colspan=\"1\" rowspan=\"1\"><span style=\"font-family: arial, helvetica, sans-serif;\">REPERTORIO CON PIANO PARA VOZ<\/span><\/td>\n<\/tr>\n<tr>\n<td colspan=\"1\" rowspan=\"1\"><span style=\"font-family: arial, helvetica, sans-serif;\">00593066<\/span><\/td>\n<td colspan=\"1\" rowspan=\"1\"><span style=\"font-family: arial, helvetica, sans-serif;\">SAXOF\u00d3N<\/span><\/td>\n<\/tr>\n<tr>\n<td colspan=\"1\" rowspan=\"1\"><span style=\"font-family: arial, helvetica, sans-serif;\">00593072<\/span><\/td>\n<td colspan=\"1\" rowspan=\"1\"><span style=\"font-family: arial, helvetica, sans-serif;\">TROMB\u00d3N<\/span><\/td>\n<\/tr>\n<tr>\n<td colspan=\"1\" rowspan=\"1\"><span style=\"font-family: arial, helvetica, sans-serif;\">00593074<\/span><\/td>\n<td colspan=\"1\" rowspan=\"1\"><span style=\"font-family: arial, helvetica, sans-serif;\">TROMPA<\/span><\/td>\n<\/tr>\n<tr>\n<td colspan=\"1\" rowspan=\"1\"><span style=\"font-family: arial, helvetica, sans-serif;\">00593075<\/span><\/td>\n<td colspan=\"1\" rowspan=\"1\"><span style=\"font-family: arial, helvetica, sans-serif;\">TROMPETA<\/span><\/td>\n<\/tr>\n<tr>\n<td colspan=\"1\" rowspan=\"1\"><span style=\"font-family: arial, helvetica, sans-serif;\">00593076<\/span><\/td>\n<td colspan=\"1\" rowspan=\"1\"><span style=\"font-family: arial, helvetica, sans-serif;\">TUBA<\/span><\/td>\n<\/tr>\n<tr>\n<td colspan=\"1\" rowspan=\"1\"><span style=\"font-family: arial, helvetica, sans-serif;\">00593078<\/span><\/td>\n<td colspan=\"1\" rowspan=\"1\"><span style=\"font-family: arial, helvetica, sans-serif;\">VIOL\u00cdN<\/span><\/td>\n<\/tr>\n<tr>\n<td colspan=\"1\" rowspan=\"1\"><span style=\"font-family: arial, helvetica, sans-serif;\">00593079<\/span><\/td>\n<td colspan=\"1\" rowspan=\"1\"><span style=\"font-family: arial, helvetica, sans-serif;\">VIOLONCELLO<\/span><\/td>\n<\/tr>\n<tr>\n<td colspan=\"1\" rowspan=\"1\"><span style=\"font-family: arial, helvetica, sans-serif;\">00593082<\/span><\/td>\n<td colspan=\"1\" rowspan=\"1\"><span style=\"font-family: arial, helvetica, sans-serif;\">BATER\u00cdA JAZZ<\/span><\/td>\n<\/tr>\n<tr>\n<td colspan=\"1\" rowspan=\"1\"><span style=\"font-family: arial, helvetica, sans-serif;\">00593083<\/span><\/td>\n<td colspan=\"1\" rowspan=\"1\"><span style=\"font-family: arial, helvetica, sans-serif;\">CANTE FLAMENCO<\/span><\/td>\n<\/tr>\n<tr>\n<td colspan=\"1\" rowspan=\"1\"><span style=\"font-family: arial, helvetica, sans-serif;\">00593086<\/span><\/td>\n<td colspan=\"1\" rowspan=\"1\"><span style=\"font-family: arial, helvetica, sans-serif;\">CONTRABAJO DE JAZZ<\/span><\/td>\n<\/tr>\n<tr>\n<td colspan=\"1\" rowspan=\"1\"><span style=\"font-family: arial, helvetica, sans-serif;\">00593089<\/span><\/td>\n<td colspan=\"1\" rowspan=\"1\"><span style=\"font-family: arial, helvetica, sans-serif;\">FLAMENCOLOG\u00cdA<\/span><\/td>\n<\/tr>\n<tr>\n<td colspan=\"1\" rowspan=\"1\"><span style=\"font-family: arial, helvetica, sans-serif;\">00593092<\/span><\/td>\n<td colspan=\"1\" rowspan=\"1\"><span style=\"font-family: arial, helvetica, sans-serif;\">INSTRUMENTOS DE CUERDA PULSADA DEL RENACIMIENTO Y BARROCO<\/span><\/td>\n<\/tr>\n<tr>\n<td colspan=\"1\" rowspan=\"1\"><span style=\"font-family: arial, helvetica, sans-serif;\">00593098<\/span><\/td>\n<td colspan=\"1\" rowspan=\"1\"><span style=\"font-family: arial, helvetica, sans-serif;\">REPERTORIO CON PIANO PARA INSTRUMENTOS<\/span><\/td>\n<\/tr>\n<tr>\n<td colspan=\"1\" rowspan=\"1\"><span style=\"font-family: arial, helvetica, sans-serif;\">00593099<\/span><\/td>\n<td colspan=\"1\" rowspan=\"1\"><span style=\"font-family: arial, helvetica, sans-serif;\">TECLADO\/PIANO JAZZ<\/span><\/td>\n<\/tr>\n<tr>\n<td colspan=\"1\" rowspan=\"1\"><span style=\"font-family: arial, helvetica, sans-serif;\">00593100<\/span><\/td>\n<td colspan=\"1\" rowspan=\"1\"><span style=\"font-family: arial, helvetica, sans-serif;\">TECNOLOG\u00cdA MUSICAL<\/span><\/td>\n<\/tr>\n<tr>\n<td colspan=\"1\" rowspan=\"1\"><span style=\"font-family: arial, helvetica, sans-serif;\">00593102<\/span><\/td>\n<td colspan=\"1\" rowspan=\"1\"><span style=\"font-family: arial, helvetica, sans-serif;\">VIOLA DA GAMBA<\/span><\/td>\n<\/tr>\n<tr>\n<td colspan=\"1\" rowspan=\"1\"><span style=\"font-family: arial, helvetica, sans-serif;\">00593107<\/span><\/td>\n<td colspan=\"1\" rowspan=\"1\"><span style=\"font-family: arial, helvetica, sans-serif;\">CIENCIAS DE LA SALUD APLICADAS A DANZA<\/span><\/td>\n<\/tr>\n<tr>\n<td colspan=\"1\" rowspan=\"1\"><span style=\"font-family: arial, helvetica, sans-serif;\">00593108<\/span><\/td>\n<td colspan=\"1\" rowspan=\"1\"><span style=\"font-family: arial, helvetica, sans-serif;\">COMPOSICI\u00d3N COREOGR\u00c1FICA<\/span><\/td>\n<\/tr>\n<tr>\n<td colspan=\"1\" rowspan=\"1\"><span style=\"font-family: arial, helvetica, sans-serif;\">00593109<\/span><\/td>\n<td colspan=\"1\" rowspan=\"1\"><span style=\"font-family: arial, helvetica, sans-serif;\">DANZA CONTEMPOR\u00c1NEA<\/span><\/td>\n<\/tr>\n<tr>\n<td colspan=\"1\" rowspan=\"1\"><span style=\"font-family: arial, helvetica, sans-serif;\">00593110<\/span><\/td>\n<td colspan=\"1\" rowspan=\"1\"><span style=\"font-family: arial, helvetica, sans-serif;\">DANZA EDUCATIVA<\/span><\/td>\n<\/tr>\n<tr>\n<td colspan=\"1\" rowspan=\"1\"><span style=\"font-family: arial, helvetica, sans-serif;\">00593111<\/span><\/td>\n<td colspan=\"1\" rowspan=\"1\"><span style=\"font-family: arial, helvetica, sans-serif;\">ESCENIFICACI\u00d3N APLICADA A LA DANZA<\/span><\/td>\n<\/tr>\n<tr>\n<td colspan=\"1\" rowspan=\"1\"><span style=\"font-family: arial, helvetica, sans-serif;\">00593112<\/span><\/td>\n<td colspan=\"1\" rowspan=\"1\"><span style=\"font-family: arial, helvetica, sans-serif;\">HISTORIA DE LA DANZA<\/span><\/td>\n<\/tr>\n<tr>\n<td colspan=\"1\" rowspan=\"1\"><span style=\"font-family: arial, helvetica, sans-serif;\">00593113<\/span><\/td>\n<td colspan=\"1\" rowspan=\"1\"><span style=\"font-family: arial, helvetica, sans-serif;\">PSICOPEDAGOG\u00cdA Y GESTI\u00d3N EDUCATIVA<\/span><\/td>\n<\/tr>\n<tr>\n<td colspan=\"1\" rowspan=\"1\"><span style=\"font-family: arial, helvetica, sans-serif;\">00593115<\/span><\/td>\n<td colspan=\"1\" rowspan=\"1\"><span style=\"font-family: arial, helvetica, sans-serif;\">PRODUCCI\u00d3N Y GESTI\u00d3N M\u00daSICAL Y ARTES ESC\u00c9NICAS<\/span><\/td>\n<\/tr>\n<\/tbody>\n<\/table>\n","protected":false},"excerpt":{"rendered":"<p>Resoluci\u00f3n de 15 de febrero de 2023, de la Direcci\u00f3n General del Profesorado y Gesti\u00f3n de Recursos Humanos, por la &#8230; <a title=\"ANDALUC\u00cdA: Convocatoria a bolsas de trabajo de Catedr\u00e1ticos de M\u00fasica y Artes Esc\u00e9nicas\" class=\"read-more\" href=\"https:\/\/sidimurcia.org\/index.php\/2023\/02\/24\/andalucia-convocatoria-a-bolsas-de-trabajo-de-catedraticos-de-musica-y-artes-escenicas\/\" aria-label=\"Leer m\u00e1s sobre ANDALUC\u00cdA: Convocatoria a bolsas de trabajo de Catedr\u00e1ticos de M\u00fasica y Artes Esc\u00e9nicas\">Leer mas<\/a><\/p>\n","protected":false},"author":2,"featured_media":0,"comment_status":"closed","ping_status":"closed","sticky":false,"template":"","format":"standard","meta":{"footnotes":""},"categories":[1],"tags":[],"class_list":["post-16122","post","type-post","status-publish","format-standard","hentry","category-uncategorized"],"yoast_head":"<!-- This site is optimized with the Yoast SEO plugin v27.2 - https:\/\/yoast.com\/product\/yoast-seo-wordpress\/ -->\n<title>ANDALUC\u00cdA: Convocatoria a bolsas de trabajo de Catedr\u00e1ticos de M\u00fasica y Artes Esc\u00e9nicas - SIDI<\/title>\n<meta name=\"description\" content=\"Sindicato Independiente de Docentes. Funcionarios e Interinos. Afiliaci\u00f3n 1eur\/mes. Defendemos la educaci\u00f3n p\u00fablica.\" \/>\n<meta name=\"robots\" content=\"index, follow, max-snippet:-1, max-image-preview:large, max-video-preview:-1\" \/>\n<link rel=\"canonical\" href=\"https:\/\/sidimurcia.org\/index.php\/2023\/02\/24\/andalucia-convocatoria-a-bolsas-de-trabajo-de-catedraticos-de-musica-y-artes-escenicas\/\" \/>\n<meta property=\"og:locale\" content=\"es_ES\" \/>\n<meta property=\"og:type\" content=\"article\" \/>\n<meta property=\"og:title\" content=\"ANDALUC\u00cdA: Convocatoria a bolsas de trabajo de Catedr\u00e1ticos de M\u00fasica y Artes Esc\u00e9nicas - SIDI\" \/>\n<meta property=\"og:description\" content=\"Sindicato Independiente de Docentes. Funcionarios e Interinos. Afiliaci\u00f3n 1eur\/mes. Defendemos la educaci\u00f3n p\u00fablica.\" \/>\n<meta property=\"og:url\" content=\"https:\/\/sidimurcia.org\/index.php\/2023\/02\/24\/andalucia-convocatoria-a-bolsas-de-trabajo-de-catedraticos-de-musica-y-artes-escenicas\/\" \/>\n<meta property=\"og:site_name\" content=\"SIDI\" \/>\n<meta property=\"article:publisher\" content=\"https:\/\/es-es.facebook.com\/sidi.sindicatodedocentes\" \/>\n<meta property=\"article:published_time\" content=\"2023-02-24T07:00:52+00:00\" \/>\n<meta property=\"article:modified_time\" content=\"2023-02-24T07:21:32+00:00\" \/>\n<meta name=\"author\" content=\"Jose Luis Torrente\" \/>\n<meta name=\"twitter:card\" content=\"summary_large_image\" \/>\n<meta name=\"twitter:creator\" content=\"@SIDIMURCIA\" \/>\n<meta name=\"twitter:site\" content=\"@SIDIMURCIA\" \/>\n<meta name=\"twitter:label1\" content=\"Escrito por\" \/>\n\t<meta name=\"twitter:data1\" content=\"Jose Luis Torrente\" \/>\n\t<meta name=\"twitter:label2\" content=\"Tiempo de lectura\" \/>\n\t<meta name=\"twitter:data2\" content=\"1 minuto\" \/>\n<script type=\"application\/ld+json\" class=\"yoast-schema-graph\">{\"@context\":\"https:\/\/schema.org\",\"@graph\":[{\"@type\":\"Article\",\"@id\":\"https:\/\/sidimurcia.org\/index.php\/2023\/02\/24\/andalucia-convocatoria-a-bolsas-de-trabajo-de-catedraticos-de-musica-y-artes-escenicas\/#article\",\"isPartOf\":{\"@id\":\"https:\/\/sidimurcia.org\/index.php\/2023\/02\/24\/andalucia-convocatoria-a-bolsas-de-trabajo-de-catedraticos-de-musica-y-artes-escenicas\/\"},\"author\":{\"name\":\"Jose Luis Torrente\",\"@id\":\"https:\/\/sidimurcia.org\/#\/schema\/person\/3f3207f88fb267669a31f8f46f76f86c\"},\"headline\":\"ANDALUC\u00cdA: Convocatoria a bolsas de trabajo de Catedr\u00e1ticos de M\u00fasica y Artes Esc\u00e9nicas\",\"datePublished\":\"2023-02-24T07:00:52+00:00\",\"dateModified\":\"2023-02-24T07:21:32+00:00\",\"mainEntityOfPage\":{\"@id\":\"https:\/\/sidimurcia.org\/index.php\/2023\/02\/24\/andalucia-convocatoria-a-bolsas-de-trabajo-de-catedraticos-de-musica-y-artes-escenicas\/\"},\"wordCount\":231,\"publisher\":{\"@id\":\"https:\/\/sidimurcia.org\/#organization\"},\"articleSection\":[\"Uncategorized\"],\"inLanguage\":\"es\"},{\"@type\":\"WebPage\",\"@id\":\"https:\/\/sidimurcia.org\/index.php\/2023\/02\/24\/andalucia-convocatoria-a-bolsas-de-trabajo-de-catedraticos-de-musica-y-artes-escenicas\/\",\"url\":\"https:\/\/sidimurcia.org\/index.php\/2023\/02\/24\/andalucia-convocatoria-a-bolsas-de-trabajo-de-catedraticos-de-musica-y-artes-escenicas\/\",\"name\":\"ANDALUC\u00cdA: Convocatoria a bolsas de trabajo de Catedr\u00e1ticos de M\u00fasica y Artes Esc\u00e9nicas - SIDI\",\"isPartOf\":{\"@id\":\"https:\/\/sidimurcia.org\/#website\"},\"datePublished\":\"2023-02-24T07:00:52+00:00\",\"dateModified\":\"2023-02-24T07:21:32+00:00\",\"description\":\"Sindicato Independiente de Docentes. Funcionarios e Interinos. Afiliaci\u00f3n 1eur\/mes. Defendemos la educaci\u00f3n p\u00fablica.\",\"breadcrumb\":{\"@id\":\"https:\/\/sidimurcia.org\/index.php\/2023\/02\/24\/andalucia-convocatoria-a-bolsas-de-trabajo-de-catedraticos-de-musica-y-artes-escenicas\/#breadcrumb\"},\"inLanguage\":\"es\",\"potentialAction\":[{\"@type\":\"ReadAction\",\"target\":[\"https:\/\/sidimurcia.org\/index.php\/2023\/02\/24\/andalucia-convocatoria-a-bolsas-de-trabajo-de-catedraticos-de-musica-y-artes-escenicas\/\"]}]},{\"@type\":\"BreadcrumbList\",\"@id\":\"https:\/\/sidimurcia.org\/index.php\/2023\/02\/24\/andalucia-convocatoria-a-bolsas-de-trabajo-de-catedraticos-de-musica-y-artes-escenicas\/#breadcrumb\",\"itemListElement\":[{\"@type\":\"ListItem\",\"position\":1,\"name\":\"Portada\",\"item\":\"https:\/\/sidimurcia.org\/\"},{\"@type\":\"ListItem\",\"position\":2,\"name\":\"ANDALUC\u00cdA: Convocatoria a bolsas de trabajo de Catedr\u00e1ticos de M\u00fasica y Artes Esc\u00e9nicas\"}]},{\"@type\":\"WebSite\",\"@id\":\"https:\/\/sidimurcia.org\/#website\",\"url\":\"https:\/\/sidimurcia.org\/\",\"name\":\"SIDI\",\"description\":\"Sindicato Independiente de Docentes\",\"publisher\":{\"@id\":\"https:\/\/sidimurcia.org\/#organization\"},\"potentialAction\":[{\"@type\":\"SearchAction\",\"target\":{\"@type\":\"EntryPoint\",\"urlTemplate\":\"https:\/\/sidimurcia.org\/?s={search_term_string}\"},\"query-input\":{\"@type\":\"PropertyValueSpecification\",\"valueRequired\":true,\"valueName\":\"search_term_string\"}}],\"inLanguage\":\"es\"},{\"@type\":\"Organization\",\"@id\":\"https:\/\/sidimurcia.org\/#organization\",\"name\":\"Sindicato Independiente de Docentes - SIDI\",\"url\":\"https:\/\/sidimurcia.org\/\",\"logo\":{\"@type\":\"ImageObject\",\"inLanguage\":\"es\",\"@id\":\"https:\/\/sidimurcia.org\/#\/schema\/logo\/image\/\",\"url\":\"https:\/\/sidimurcia.org\/wp-content\/uploads\/cropped-PARAPESTANAWEB-1.jpg\",\"contentUrl\":\"https:\/\/sidimurcia.org\/wp-content\/uploads\/cropped-PARAPESTANAWEB-1.jpg\",\"width\":512,\"height\":512,\"caption\":\"Sindicato Independiente de Docentes - SIDI\"},\"image\":{\"@id\":\"https:\/\/sidimurcia.org\/#\/schema\/logo\/image\/\"},\"sameAs\":[\"https:\/\/es-es.facebook.com\/sidi.sindicatodedocentes\",\"https:\/\/x.com\/SIDIMURCIA\",\"https:\/\/www.instagram.com\/sidi_murcia\/\",\"https:\/\/www.youtube.com\/channel\/UCwwdL3uFtDKJdbOfmC70wIQ\"]},{\"@type\":\"Person\",\"@id\":\"https:\/\/sidimurcia.org\/#\/schema\/person\/3f3207f88fb267669a31f8f46f76f86c\",\"name\":\"Jose Luis Torrente\",\"image\":{\"@type\":\"ImageObject\",\"inLanguage\":\"es\",\"@id\":\"https:\/\/secure.gravatar.com\/avatar\/8ac4c0d28cf03f62a37681e633afaf3faec3a7bd495cdfb9b6a7ec6cf281b29c?s=96&d=mm&r=g\",\"url\":\"https:\/\/secure.gravatar.com\/avatar\/8ac4c0d28cf03f62a37681e633afaf3faec3a7bd495cdfb9b6a7ec6cf281b29c?s=96&d=mm&r=g\",\"contentUrl\":\"https:\/\/secure.gravatar.com\/avatar\/8ac4c0d28cf03f62a37681e633afaf3faec3a7bd495cdfb9b6a7ec6cf281b29c?s=96&d=mm&r=g\",\"caption\":\"Jose Luis Torrente\"},\"url\":\"https:\/\/sidimurcia.org\/index.php\/author\/joseltorrente\/\"}]}<\/script>\n<!-- \/ Yoast SEO plugin. -->","yoast_head_json":{"title":"ANDALUC\u00cdA: Convocatoria a bolsas de trabajo de Catedr\u00e1ticos de M\u00fasica y Artes Esc\u00e9nicas - SIDI","description":"Sindicato Independiente de Docentes. Funcionarios e Interinos. Afiliaci\u00f3n 1eur\/mes. Defendemos la educaci\u00f3n p\u00fablica.","robots":{"index":"index","follow":"follow","max-snippet":"max-snippet:-1","max-image-preview":"max-image-preview:large","max-video-preview":"max-video-preview:-1"},"canonical":"https:\/\/sidimurcia.org\/index.php\/2023\/02\/24\/andalucia-convocatoria-a-bolsas-de-trabajo-de-catedraticos-de-musica-y-artes-escenicas\/","og_locale":"es_ES","og_type":"article","og_title":"ANDALUC\u00cdA: Convocatoria a bolsas de trabajo de Catedr\u00e1ticos de M\u00fasica y Artes Esc\u00e9nicas - SIDI","og_description":"Sindicato Independiente de Docentes. Funcionarios e Interinos. Afiliaci\u00f3n 1eur\/mes. Defendemos la educaci\u00f3n p\u00fablica.","og_url":"https:\/\/sidimurcia.org\/index.php\/2023\/02\/24\/andalucia-convocatoria-a-bolsas-de-trabajo-de-catedraticos-de-musica-y-artes-escenicas\/","og_site_name":"SIDI","article_publisher":"https:\/\/es-es.facebook.com\/sidi.sindicatodedocentes","article_published_time":"2023-02-24T07:00:52+00:00","article_modified_time":"2023-02-24T07:21:32+00:00","author":"Jose Luis Torrente","twitter_card":"summary_large_image","twitter_creator":"@SIDIMURCIA","twitter_site":"@SIDIMURCIA","twitter_misc":{"Escrito por":"Jose Luis Torrente","Tiempo de lectura":"1 minuto"},"schema":{"@context":"https:\/\/schema.org","@graph":[{"@type":"Article","@id":"https:\/\/sidimurcia.org\/index.php\/2023\/02\/24\/andalucia-convocatoria-a-bolsas-de-trabajo-de-catedraticos-de-musica-y-artes-escenicas\/#article","isPartOf":{"@id":"https:\/\/sidimurcia.org\/index.php\/2023\/02\/24\/andalucia-convocatoria-a-bolsas-de-trabajo-de-catedraticos-de-musica-y-artes-escenicas\/"},"author":{"name":"Jose Luis Torrente","@id":"https:\/\/sidimurcia.org\/#\/schema\/person\/3f3207f88fb267669a31f8f46f76f86c"},"headline":"ANDALUC\u00cdA: Convocatoria a bolsas de trabajo de Catedr\u00e1ticos de M\u00fasica y Artes Esc\u00e9nicas","datePublished":"2023-02-24T07:00:52+00:00","dateModified":"2023-02-24T07:21:32+00:00","mainEntityOfPage":{"@id":"https:\/\/sidimurcia.org\/index.php\/2023\/02\/24\/andalucia-convocatoria-a-bolsas-de-trabajo-de-catedraticos-de-musica-y-artes-escenicas\/"},"wordCount":231,"publisher":{"@id":"https:\/\/sidimurcia.org\/#organization"},"articleSection":["Uncategorized"],"inLanguage":"es"},{"@type":"WebPage","@id":"https:\/\/sidimurcia.org\/index.php\/2023\/02\/24\/andalucia-convocatoria-a-bolsas-de-trabajo-de-catedraticos-de-musica-y-artes-escenicas\/","url":"https:\/\/sidimurcia.org\/index.php\/2023\/02\/24\/andalucia-convocatoria-a-bolsas-de-trabajo-de-catedraticos-de-musica-y-artes-escenicas\/","name":"ANDALUC\u00cdA: Convocatoria a bolsas de trabajo de Catedr\u00e1ticos de M\u00fasica y Artes Esc\u00e9nicas - SIDI","isPartOf":{"@id":"https:\/\/sidimurcia.org\/#website"},"datePublished":"2023-02-24T07:00:52+00:00","dateModified":"2023-02-24T07:21:32+00:00","description":"Sindicato Independiente de Docentes. Funcionarios e Interinos. Afiliaci\u00f3n 1eur\/mes. Defendemos la educaci\u00f3n p\u00fablica.","breadcrumb":{"@id":"https:\/\/sidimurcia.org\/index.php\/2023\/02\/24\/andalucia-convocatoria-a-bolsas-de-trabajo-de-catedraticos-de-musica-y-artes-escenicas\/#breadcrumb"},"inLanguage":"es","potentialAction":[{"@type":"ReadAction","target":["https:\/\/sidimurcia.org\/index.php\/2023\/02\/24\/andalucia-convocatoria-a-bolsas-de-trabajo-de-catedraticos-de-musica-y-artes-escenicas\/"]}]},{"@type":"BreadcrumbList","@id":"https:\/\/sidimurcia.org\/index.php\/2023\/02\/24\/andalucia-convocatoria-a-bolsas-de-trabajo-de-catedraticos-de-musica-y-artes-escenicas\/#breadcrumb","itemListElement":[{"@type":"ListItem","position":1,"name":"Portada","item":"https:\/\/sidimurcia.org\/"},{"@type":"ListItem","position":2,"name":"ANDALUC\u00cdA: Convocatoria a bolsas de trabajo de Catedr\u00e1ticos de M\u00fasica y Artes Esc\u00e9nicas"}]},{"@type":"WebSite","@id":"https:\/\/sidimurcia.org\/#website","url":"https:\/\/sidimurcia.org\/","name":"SIDI","description":"Sindicato Independiente de Docentes","publisher":{"@id":"https:\/\/sidimurcia.org\/#organization"},"potentialAction":[{"@type":"SearchAction","target":{"@type":"EntryPoint","urlTemplate":"https:\/\/sidimurcia.org\/?s={search_term_string}"},"query-input":{"@type":"PropertyValueSpecification","valueRequired":true,"valueName":"search_term_string"}}],"inLanguage":"es"},{"@type":"Organization","@id":"https:\/\/sidimurcia.org\/#organization","name":"Sindicato Independiente de Docentes - SIDI","url":"https:\/\/sidimurcia.org\/","logo":{"@type":"ImageObject","inLanguage":"es","@id":"https:\/\/sidimurcia.org\/#\/schema\/logo\/image\/","url":"https:\/\/sidimurcia.org\/wp-content\/uploads\/cropped-PARAPESTANAWEB-1.jpg","contentUrl":"https:\/\/sidimurcia.org\/wp-content\/uploads\/cropped-PARAPESTANAWEB-1.jpg","width":512,"height":512,"caption":"Sindicato Independiente de Docentes - SIDI"},"image":{"@id":"https:\/\/sidimurcia.org\/#\/schema\/logo\/image\/"},"sameAs":["https:\/\/es-es.facebook.com\/sidi.sindicatodedocentes","https:\/\/x.com\/SIDIMURCIA","https:\/\/www.instagram.com\/sidi_murcia\/","https:\/\/www.youtube.com\/channel\/UCwwdL3uFtDKJdbOfmC70wIQ"]},{"@type":"Person","@id":"https:\/\/sidimurcia.org\/#\/schema\/person\/3f3207f88fb267669a31f8f46f76f86c","name":"Jose Luis Torrente","image":{"@type":"ImageObject","inLanguage":"es","@id":"https:\/\/secure.gravatar.com\/avatar\/8ac4c0d28cf03f62a37681e633afaf3faec3a7bd495cdfb9b6a7ec6cf281b29c?s=96&d=mm&r=g","url":"https:\/\/secure.gravatar.com\/avatar\/8ac4c0d28cf03f62a37681e633afaf3faec3a7bd495cdfb9b6a7ec6cf281b29c?s=96&d=mm&r=g","contentUrl":"https:\/\/secure.gravatar.com\/avatar\/8ac4c0d28cf03f62a37681e633afaf3faec3a7bd495cdfb9b6a7ec6cf281b29c?s=96&d=mm&r=g","caption":"Jose Luis Torrente"},"url":"https:\/\/sidimurcia.org\/index.php\/author\/joseltorrente\/"}]}},"_links":{"self":[{"href":"https:\/\/sidimurcia.org\/index.php\/wp-json\/wp\/v2\/posts\/16122","targetHints":{"allow":["GET"]}}],"collection":[{"href":"https:\/\/sidimurcia.org\/index.php\/wp-json\/wp\/v2\/posts"}],"about":[{"href":"https:\/\/sidimurcia.org\/index.php\/wp-json\/wp\/v2\/types\/post"}],"author":[{"embeddable":true,"href":"https:\/\/sidimurcia.org\/index.php\/wp-json\/wp\/v2\/users\/2"}],"replies":[{"embeddable":true,"href":"https:\/\/sidimurcia.org\/index.php\/wp-json\/wp\/v2\/comments?post=16122"}],"version-history":[{"count":0,"href":"https:\/\/sidimurcia.org\/index.php\/wp-json\/wp\/v2\/posts\/16122\/revisions"}],"wp:attachment":[{"href":"https:\/\/sidimurcia.org\/index.php\/wp-json\/wp\/v2\/media?parent=16122"}],"wp:term":[{"taxonomy":"category","embeddable":true,"href":"https:\/\/sidimurcia.org\/index.php\/wp-json\/wp\/v2\/categories?post=16122"},{"taxonomy":"post_tag","embeddable":true,"href":"https:\/\/sidimurcia.org\/index.php\/wp-json\/wp\/v2\/tags?post=16122"}],"curies":[{"name":"wp","href":"https:\/\/api.w.org\/{rel}","templated":true}]}}