{"id":16430,"date":"2023-03-20T07:46:52","date_gmt":"2023-03-20T07:46:52","guid":{"rendered":"https:\/\/sidimurcia.org\/?p=16430"},"modified":"2023-03-21T09:54:49","modified_gmt":"2023-03-21T09:54:49","slug":"mefp-estancias-profesionales-europeas-para-funcionarios-docentes-convocatoria-2023-2024","status":"publish","type":"post","link":"https:\/\/sidimurcia.org\/index.php\/2023\/03\/20\/mefp-estancias-profesionales-europeas-para-funcionarios-docentes-convocatoria-2023-2024\/","title":{"rendered":"MEFP: Estancias profesionales europeas para FUNCIONARIOS docentes. Convocatoria 2023\/2024"},"content":{"rendered":"<ul>\n<li style=\"text-align: justify;\"><a class=\"enlaceMarron\" title=\"Extracto de Resoluci\u00f3n y Resoluci\u00f3n de la Secretar\u00eda de Estado de Educaci\u00f3n, por la que se convocan 120 plazas para la realizaci\u00f3n de estancias profesionales en centros educativos en Alemania, Austria, B\u00e9lgica, Dinamarca, Estonia, Finlandia, Francia, Italia, Malta, Noruega, Pa\u00edses Bajos, Portugal, Reino Unido, Irlanda, Suecia y Suiza.\" href=\"https:\/\/servicios.educarm.es\/templates\/portal\/ficheros\/websDinamicas\/45\/Convocatoria 120 plaz Alem-Austr-Belg y otros 2023 BOE 18-03-23.pdf\" target=\"_blank\" rel=\"noopener\"><span style=\"font-family: arial, helvetica, sans-serif;\">Extracto de Resoluci\u00f3n y Resoluci\u00f3n de la Secretar\u00eda de Estado de Educaci\u00f3n, por la que se convocan 120 plazas para la realizaci\u00f3n de estancias profesionales en centros educativos en Alemania, Austria, B\u00e9lgica, Dinamarca, Estonia, Finlandia, Francia, Italia, Malta, Noruega, Pa\u00edses Bajos, Portugal, Reino Unido, Irlanda, Suecia y Suiza.<\/span><\/a><\/li>\n<li><a class=\"boton\" title=\"Enlace externo, se abre en ventana nueva.\" href=\"https:\/\/www.pap.hacienda.gob.es\/bdnstrans\/GE\/es\/convocatoria\/884037\/document\/869232\" target=\"_blank\" rel=\"external noopener\"><span style=\"font-family: arial, helvetica, sans-serif;\">Convocatoria para el curso 2023-2024 <img decoding=\"async\" class=\"enlace\" src=\"https:\/\/www.educacionyfp.gob.es\/docroot\/img\/iconos\/13\/ico-bdns.gif\" alt=\"\" \/><\/span><\/a><\/li>\n<\/ul>\n<div><\/div>\n<div class=\"estilo-boton abierta\" style=\"text-align: justify;\">\n<div class=\"estilo-boton proxima\" style=\"text-align: center;\"><a class=\"boton\" title=\"Enlace externo, se abre en ventana nueva.\" href=\"https:\/\/sede.educacion.gob.es\/sede\/login\/inicio.jjsp?idConvocatoria=1825\" target=\"_blank\" rel=\"external noopener\"><strong><span style=\"font-family: arial, helvetica, sans-serif;\">Acceso a la solicitud online<\/span><\/strong><\/a><\/div>\n<div class=\"estilo-boton proxima\"><span style=\"font-family: arial, helvetica, sans-serif;\"><strong>Plazo de presentaci\u00f3n de solicitudes:<\/strong><em> d<\/em>el 21 de marzo de 2023 a las 13:00 hasta el 15 de abril de 2023 a las 13:00<\/span><\/div>\n<p><span style=\"font-family: arial, helvetica, sans-serif;\"><strong><br \/>\n<\/strong><\/span><\/div>\n<div>\n<div class=\"subseccion\" style=\"text-align: justify;\">\n<h3 id=\"dg1\"><span style=\"font-family: arial, helvetica, sans-serif;\">Descripci\u00f3n<\/span><\/h3>\n<div class=\"cte\">\n<p><span style=\"font-family: arial, helvetica, sans-serif;\">Ayudas para la realizaci\u00f3n de estancias profesionales en centros educativos de Alemania, Austria, B\u00e9lgica, Dinamarca, Estonia, Finlandia, Francia, Italia, Malta, Noruega, Pa\u00edses Bajos, Portugal, Reino Unido, Irlanda, Suecia y Suiza, para docentes que presten sus servicios en centros educativos p\u00fablicos espa\u00f1oles. Las estancias profesionales son visitas de estudio y observaci\u00f3n en las que un centro europeo acoge al docente espa\u00f1ol durante un per\u00edodo de dos semanas.<\/span><\/p>\n<\/div>\n<\/div>\n<div class=\"subseccion\" style=\"text-align: justify;\">\n<h3 id=\"dg3\"><span style=\"font-family: arial, helvetica, sans-serif;\">Destinatarios<\/span><\/h3>\n<div class=\"cte\">\n<p><span style=\"font-family: arial, helvetica, sans-serif;\">Funcionarios\/as de carrera de los cuerpos de Maestros\/as de Educaci\u00f3n Infantil y Primaria, Profesorado de Ense\u00f1anza Secundaria, Catedr\u00e1ticos\/as de Ense\u00f1anza Secundaria, Profesorado de Escuelas Oficiales de Idiomas, Catedr\u00e1ticos\/as de Escuelas Oficiales de Idiomas, Profesorado T\u00e9cnico de Formaci\u00f3n Profesional, Profesorado de M\u00fasica y Artes Esc\u00e9nicas y Profesorado de Artes Pl\u00e1sticas y Dise\u00f1o.<\/span><\/p>\n<\/div>\n<\/div>\n<div class=\"subseccion\" style=\"text-align: justify;\">\n<h3 id=\"dg4\"><span style=\"font-family: arial, helvetica, sans-serif;\">N\u00famero de plazas<\/span><\/h3>\n<div class=\"cte\">\n<p><span style=\"font-family: arial, helvetica, sans-serif;\">120 estancias distribuidas entre los distintos pa\u00edses que se indican en la convocatoria y que se realizar\u00e1n entre los meses de noviembre de 2023 y agosto de 2024, ambos inclusive.<\/span><\/p>\n<\/div>\n<\/div>\n<div class=\"subseccion\">\n<h3 id=\"dg5\" style=\"text-align: justify;\"><span style=\"font-family: arial, helvetica, sans-serif;\">Requisitos<\/span><\/h3>\n<div class=\"cte\">\n<ul style=\"text-align: justify;\">\n<li><span style=\"font-family: arial, helvetica, sans-serif;\"><strong>Ser funcionario\/a de carrera<\/strong> de los cuerpos docentes de las ense\u00f1anzas reguladas por la Ley Org\u00e1nica 2\/2006, de 3 de mayo, de Educaci\u00f3n, en servicio activo o en excedencia por cuidado de familiares, por violencia de g\u00e9nero o por violencia terrorista.<\/span><\/li>\n<li><span style=\"font-family: arial, helvetica, sans-serif;\">Estar impartiendo docencia directa en un centro espa\u00f1ol en el momento de presentar la solicitud de participaci\u00f3n en esta convocatoria, salvo en los casos de excedencia mencionados en el punto anterior.<\/span><\/li>\n<li><span style=\"font-family: arial, helvetica, sans-serif;\">Acreditar un nivel B2 del idioma del pa\u00eds solicitado.<\/span><\/li>\n<li><span style=\"font-family: arial, helvetica, sans-serif;\">No haberle sido concedida una ayuda para la realizaci\u00f3n de una estancia profesional en las cuatro \u00faltimas convocatorias de este programa o haber sufrido la cancelaci\u00f3n de su estancia profesional en la convocatoria 2019\/2020 y\/o 2021\/2022 a causa de la pandemia por Covid-19 y\/o por causa de fuerza mayor.<\/span><\/li>\n<li><span style=\"font-family: arial, helvetica, sans-serif;\">Estar al corriente del cumplimiento de las obligaciones tributarias y con la Seguridad Social.<\/span><\/li>\n<\/ul>\n<h3 id=\"ds6\" style=\"text-align: justify;\"><span style=\"font-family: arial, helvetica, sans-serif;\">Informaci\u00f3n de inter\u00e9s<\/span><\/h3>\n<div class=\"cte\" style=\"text-align: justify;\">\n<ul>\n<li><span style=\"font-family: arial, helvetica, sans-serif;\"><a title=\"Enlace externo, se abre en ventana nueva.\" href=\"https:\/\/www.educacionyfp.gob.es\/dam\/jcr:4a896b9a-5535-4b5e-9a73-edf8c1caea53\/4--rat-estancias-profesionales-23-24-protecci-n-docentes.pdf\" target=\"_blank\" rel=\"external noopener\">Protecci\u00f3n de datos<\/a><\/span><\/li>\n<li><span style=\"font-family: arial, helvetica, sans-serif;\"><a title=\"Enlace externo, se abre en ventana nueva.\" href=\"https:\/\/www.educacionyfp.gob.es\/dam\/jcr:cc3befba-7518-4d35-b005-44728eae867d\/manual-instrucciones-estancias-docentes-2023-24-actualizado.pdf\" target=\"_blank\" rel=\"external noopener\">Manual para la presentaci\u00f3n de la solicitud<\/a><\/span><\/li>\n<li><span style=\"font-family: arial, helvetica, sans-serif;\"><a title=\"Enlace externo, se abre en ventana nueva.\" href=\"http:\/\/blog.intef.es\/estanciasprofesionales\/informacion-util-para-docentes\/\" target=\"_blank\" rel=\"external noopener\">Preguntas frecuentes<\/a><\/span><\/li>\n<li><a title=\"Enlace externo, se abre en ventana nueva.\" href=\"http:\/\/blog.intef.es\/estanciasprofesionales\/\" target=\"_blank\" rel=\"external noopener\"><span style=\"font-family: arial, helvetica, sans-serif;\">Para m\u00e1s informaci\u00f3n y experiencias concretas visitar el blog de Estancias Profesionales<\/span><\/a><\/li>\n<\/ul>\n<\/div>\n<h3 id=\"doi1\" style=\"text-align: justify;\"><span style=\"font-family: arial, helvetica, sans-serif;\">Contacto<\/span><\/h3>\n<div class=\"cte\">\n<p style=\"text-align: justify;\"><span style=\"font-family: arial, helvetica, sans-serif;\">Todas las comunicaciones con las personas solicitantes se realizar\u00e1n por v\u00eda telem\u00e1tica a trav\u00e9s de la sede electr\u00f3nica o de la direcci\u00f3n de correo electr\u00f3nico que se haya indicado en la solicitud.<\/span><\/p>\n<ul>\n<li style=\"text-align: justify;\"><span style=\"font-family: arial, helvetica, sans-serif;\">El buz\u00f3n de correo para consultas es <\/span><a title=\"Enlace externo, se abre en ventana nueva.\" href=\"mailto:estanciasprofesionales@educacion.gob.es\" target=\"_blank\" rel=\"external noopener\"><span style=\"font-family: arial, helvetica, sans-serif;\">estanciasprofesionales@educacion.gob.es<img loading=\"lazy\" decoding=\"async\" title=\"e-mail\" src=\"https:\/\/www.educacionyfp.gob.es\/docroot\/img\/iconos\/13\/ico-mail.gif\" alt=\"e-mail\" width=\"14\" height=\"12\" \/><\/span><\/a><\/li>\n<\/ul>\n<p><a href=\"https:\/\/www.educacionyfp.gob.es\/servicios-al-ciudadano\/catalogo\/profesorado\/profesorado-no-universitario\/becas-ayudas\/movilidad\/estancias-profesionales-para-docentes.html\"><span style=\"font-family: arial, helvetica, sans-serif;\">En este enlace dispones de toda la informaci\u00f3n<\/span><\/a><\/p>\n<\/div>\n<\/div>\n<\/div>\n<\/div>\n","protected":false},"excerpt":{"rendered":"<p>Extracto de Resoluci\u00f3n y Resoluci\u00f3n de la Secretar\u00eda de Estado de Educaci\u00f3n, por la que se convocan 120 plazas para &#8230; <a title=\"MEFP: Estancias profesionales europeas para FUNCIONARIOS docentes. Convocatoria 2023\/2024\" class=\"read-more\" href=\"https:\/\/sidimurcia.org\/index.php\/2023\/03\/20\/mefp-estancias-profesionales-europeas-para-funcionarios-docentes-convocatoria-2023-2024\/\" aria-label=\"Leer m\u00e1s sobre MEFP: Estancias profesionales europeas para FUNCIONARIOS docentes. Convocatoria 2023\/2024\">Leer mas<\/a><\/p>\n","protected":false},"author":2,"featured_media":0,"comment_status":"closed","ping_status":"closed","sticky":false,"template":"","format":"standard","meta":{"footnotes":""},"categories":[4,83],"tags":[],"class_list":["post-16430","post","type-post","status-publish","format-standard","hentry","category-bolsa-extraordinaria","category-convocatoria-otros-paises"],"yoast_head":"<!-- This site is optimized with the Yoast SEO plugin v27.2 - https:\/\/yoast.com\/product\/yoast-seo-wordpress\/ -->\n<title>MEFP: Estancias profesionales europeas para FUNCIONARIOS docentes. Convocatoria 2023\/2024 - SIDI<\/title>\n<meta name=\"description\" content=\"Sindicato Independiente de Docentes. Funcionarios e Interinos. Afiliaci\u00f3n 1eur\/mes. Defendemos la educaci\u00f3n p\u00fablica.\" \/>\n<meta name=\"robots\" content=\"index, follow, max-snippet:-1, max-image-preview:large, max-video-preview:-1\" \/>\n<link rel=\"canonical\" href=\"https:\/\/sidimurcia.org\/index.php\/2023\/03\/20\/mefp-estancias-profesionales-europeas-para-funcionarios-docentes-convocatoria-2023-2024\/\" \/>\n<meta property=\"og:locale\" content=\"es_ES\" \/>\n<meta property=\"og:type\" content=\"article\" \/>\n<meta property=\"og:title\" content=\"MEFP: Estancias profesionales europeas para FUNCIONARIOS docentes. Convocatoria 2023\/2024 - SIDI\" \/>\n<meta property=\"og:description\" content=\"Sindicato Independiente de Docentes. Funcionarios e Interinos. Afiliaci\u00f3n 1eur\/mes. Defendemos la educaci\u00f3n p\u00fablica.\" \/>\n<meta property=\"og:url\" content=\"https:\/\/sidimurcia.org\/index.php\/2023\/03\/20\/mefp-estancias-profesionales-europeas-para-funcionarios-docentes-convocatoria-2023-2024\/\" \/>\n<meta property=\"og:site_name\" content=\"SIDI\" \/>\n<meta property=\"article:publisher\" content=\"https:\/\/es-es.facebook.com\/sidi.sindicatodedocentes\" \/>\n<meta property=\"article:published_time\" content=\"2023-03-20T07:46:52+00:00\" \/>\n<meta property=\"article:modified_time\" content=\"2023-03-21T09:54:49+00:00\" \/>\n<meta property=\"og:image\" content=\"https:\/\/www.educacionyfp.gob.es\/docroot\/img\/iconos\/13\/ico-bdns.gif\" \/>\n<meta name=\"author\" content=\"Jose Luis Torrente\" \/>\n<meta name=\"twitter:card\" content=\"summary_large_image\" \/>\n<meta name=\"twitter:creator\" content=\"@SIDIMURCIA\" \/>\n<meta name=\"twitter:site\" content=\"@SIDIMURCIA\" \/>\n<meta name=\"twitter:label1\" content=\"Escrito por\" \/>\n\t<meta name=\"twitter:data1\" content=\"Jose Luis Torrente\" \/>\n\t<meta name=\"twitter:label2\" content=\"Tiempo de lectura\" \/>\n\t<meta name=\"twitter:data2\" content=\"3 minutos\" \/>\n<script type=\"application\/ld+json\" class=\"yoast-schema-graph\">{\"@context\":\"https:\/\/schema.org\",\"@graph\":[{\"@type\":\"Article\",\"@id\":\"https:\/\/sidimurcia.org\/index.php\/2023\/03\/20\/mefp-estancias-profesionales-europeas-para-funcionarios-docentes-convocatoria-2023-2024\/#article\",\"isPartOf\":{\"@id\":\"https:\/\/sidimurcia.org\/index.php\/2023\/03\/20\/mefp-estancias-profesionales-europeas-para-funcionarios-docentes-convocatoria-2023-2024\/\"},\"author\":{\"name\":\"Jose Luis Torrente\",\"@id\":\"https:\/\/sidimurcia.org\/#\/schema\/person\/3f3207f88fb267669a31f8f46f76f86c\"},\"headline\":\"MEFP: Estancias profesionales europeas para FUNCIONARIOS docentes. Convocatoria 2023\/2024\",\"datePublished\":\"2023-03-20T07:46:52+00:00\",\"dateModified\":\"2023-03-21T09:54:49+00:00\",\"mainEntityOfPage\":{\"@id\":\"https:\/\/sidimurcia.org\/index.php\/2023\/03\/20\/mefp-estancias-profesionales-europeas-para-funcionarios-docentes-convocatoria-2023-2024\/\"},\"wordCount\":514,\"publisher\":{\"@id\":\"https:\/\/sidimurcia.org\/#organization\"},\"image\":{\"@id\":\"https:\/\/sidimurcia.org\/index.php\/2023\/03\/20\/mefp-estancias-profesionales-europeas-para-funcionarios-docentes-convocatoria-2023-2024\/#primaryimage\"},\"thumbnailUrl\":\"https:\/\/www.educacionyfp.gob.es\/docroot\/img\/iconos\/13\/ico-bdns.gif\",\"articleSection\":[\"Bolsa Extraordinaria\",\"Convocatoria otros paises\"],\"inLanguage\":\"es\"},{\"@type\":\"WebPage\",\"@id\":\"https:\/\/sidimurcia.org\/index.php\/2023\/03\/20\/mefp-estancias-profesionales-europeas-para-funcionarios-docentes-convocatoria-2023-2024\/\",\"url\":\"https:\/\/sidimurcia.org\/index.php\/2023\/03\/20\/mefp-estancias-profesionales-europeas-para-funcionarios-docentes-convocatoria-2023-2024\/\",\"name\":\"MEFP: Estancias profesionales europeas para FUNCIONARIOS docentes. Convocatoria 2023\/2024 - SIDI\",\"isPartOf\":{\"@id\":\"https:\/\/sidimurcia.org\/#website\"},\"primaryImageOfPage\":{\"@id\":\"https:\/\/sidimurcia.org\/index.php\/2023\/03\/20\/mefp-estancias-profesionales-europeas-para-funcionarios-docentes-convocatoria-2023-2024\/#primaryimage\"},\"image\":{\"@id\":\"https:\/\/sidimurcia.org\/index.php\/2023\/03\/20\/mefp-estancias-profesionales-europeas-para-funcionarios-docentes-convocatoria-2023-2024\/#primaryimage\"},\"thumbnailUrl\":\"https:\/\/www.educacionyfp.gob.es\/docroot\/img\/iconos\/13\/ico-bdns.gif\",\"datePublished\":\"2023-03-20T07:46:52+00:00\",\"dateModified\":\"2023-03-21T09:54:49+00:00\",\"description\":\"Sindicato Independiente de Docentes. Funcionarios e Interinos. Afiliaci\u00f3n 1eur\/mes. Defendemos la educaci\u00f3n p\u00fablica.\",\"breadcrumb\":{\"@id\":\"https:\/\/sidimurcia.org\/index.php\/2023\/03\/20\/mefp-estancias-profesionales-europeas-para-funcionarios-docentes-convocatoria-2023-2024\/#breadcrumb\"},\"inLanguage\":\"es\",\"potentialAction\":[{\"@type\":\"ReadAction\",\"target\":[\"https:\/\/sidimurcia.org\/index.php\/2023\/03\/20\/mefp-estancias-profesionales-europeas-para-funcionarios-docentes-convocatoria-2023-2024\/\"]}]},{\"@type\":\"ImageObject\",\"inLanguage\":\"es\",\"@id\":\"https:\/\/sidimurcia.org\/index.php\/2023\/03\/20\/mefp-estancias-profesionales-europeas-para-funcionarios-docentes-convocatoria-2023-2024\/#primaryimage\",\"url\":\"https:\/\/www.educacionyfp.gob.es\/docroot\/img\/iconos\/13\/ico-bdns.gif\",\"contentUrl\":\"https:\/\/www.educacionyfp.gob.es\/docroot\/img\/iconos\/13\/ico-bdns.gif\"},{\"@type\":\"BreadcrumbList\",\"@id\":\"https:\/\/sidimurcia.org\/index.php\/2023\/03\/20\/mefp-estancias-profesionales-europeas-para-funcionarios-docentes-convocatoria-2023-2024\/#breadcrumb\",\"itemListElement\":[{\"@type\":\"ListItem\",\"position\":1,\"name\":\"Portada\",\"item\":\"https:\/\/sidimurcia.org\/\"},{\"@type\":\"ListItem\",\"position\":2,\"name\":\"MEFP: Estancias profesionales europeas para FUNCIONARIOS docentes. Convocatoria 2023\/2024\"}]},{\"@type\":\"WebSite\",\"@id\":\"https:\/\/sidimurcia.org\/#website\",\"url\":\"https:\/\/sidimurcia.org\/\",\"name\":\"SIDI\",\"description\":\"Sindicato Independiente de Docentes\",\"publisher\":{\"@id\":\"https:\/\/sidimurcia.org\/#organization\"},\"potentialAction\":[{\"@type\":\"SearchAction\",\"target\":{\"@type\":\"EntryPoint\",\"urlTemplate\":\"https:\/\/sidimurcia.org\/?s={search_term_string}\"},\"query-input\":{\"@type\":\"PropertyValueSpecification\",\"valueRequired\":true,\"valueName\":\"search_term_string\"}}],\"inLanguage\":\"es\"},{\"@type\":\"Organization\",\"@id\":\"https:\/\/sidimurcia.org\/#organization\",\"name\":\"Sindicato Independiente de Docentes - SIDI\",\"url\":\"https:\/\/sidimurcia.org\/\",\"logo\":{\"@type\":\"ImageObject\",\"inLanguage\":\"es\",\"@id\":\"https:\/\/sidimurcia.org\/#\/schema\/logo\/image\/\",\"url\":\"https:\/\/sidimurcia.org\/wp-content\/uploads\/cropped-PARAPESTANAWEB-1.jpg\",\"contentUrl\":\"https:\/\/sidimurcia.org\/wp-content\/uploads\/cropped-PARAPESTANAWEB-1.jpg\",\"width\":512,\"height\":512,\"caption\":\"Sindicato Independiente de Docentes - SIDI\"},\"image\":{\"@id\":\"https:\/\/sidimurcia.org\/#\/schema\/logo\/image\/\"},\"sameAs\":[\"https:\/\/es-es.facebook.com\/sidi.sindicatodedocentes\",\"https:\/\/x.com\/SIDIMURCIA\",\"https:\/\/www.instagram.com\/sidi_murcia\/\",\"https:\/\/www.youtube.com\/channel\/UCwwdL3uFtDKJdbOfmC70wIQ\"]},{\"@type\":\"Person\",\"@id\":\"https:\/\/sidimurcia.org\/#\/schema\/person\/3f3207f88fb267669a31f8f46f76f86c\",\"name\":\"Jose Luis Torrente\",\"image\":{\"@type\":\"ImageObject\",\"inLanguage\":\"es\",\"@id\":\"https:\/\/secure.gravatar.com\/avatar\/8ac4c0d28cf03f62a37681e633afaf3faec3a7bd495cdfb9b6a7ec6cf281b29c?s=96&d=mm&r=g\",\"url\":\"https:\/\/secure.gravatar.com\/avatar\/8ac4c0d28cf03f62a37681e633afaf3faec3a7bd495cdfb9b6a7ec6cf281b29c?s=96&d=mm&r=g\",\"contentUrl\":\"https:\/\/secure.gravatar.com\/avatar\/8ac4c0d28cf03f62a37681e633afaf3faec3a7bd495cdfb9b6a7ec6cf281b29c?s=96&d=mm&r=g\",\"caption\":\"Jose Luis Torrente\"},\"url\":\"https:\/\/sidimurcia.org\/index.php\/author\/joseltorrente\/\"}]}<\/script>\n<!-- \/ Yoast SEO plugin. -->","yoast_head_json":{"title":"MEFP: Estancias profesionales europeas para FUNCIONARIOS docentes. Convocatoria 2023\/2024 - SIDI","description":"Sindicato Independiente de Docentes. Funcionarios e Interinos. Afiliaci\u00f3n 1eur\/mes. Defendemos la educaci\u00f3n p\u00fablica.","robots":{"index":"index","follow":"follow","max-snippet":"max-snippet:-1","max-image-preview":"max-image-preview:large","max-video-preview":"max-video-preview:-1"},"canonical":"https:\/\/sidimurcia.org\/index.php\/2023\/03\/20\/mefp-estancias-profesionales-europeas-para-funcionarios-docentes-convocatoria-2023-2024\/","og_locale":"es_ES","og_type":"article","og_title":"MEFP: Estancias profesionales europeas para FUNCIONARIOS docentes. Convocatoria 2023\/2024 - SIDI","og_description":"Sindicato Independiente de Docentes. Funcionarios e Interinos. Afiliaci\u00f3n 1eur\/mes. Defendemos la educaci\u00f3n p\u00fablica.","og_url":"https:\/\/sidimurcia.org\/index.php\/2023\/03\/20\/mefp-estancias-profesionales-europeas-para-funcionarios-docentes-convocatoria-2023-2024\/","og_site_name":"SIDI","article_publisher":"https:\/\/es-es.facebook.com\/sidi.sindicatodedocentes","article_published_time":"2023-03-20T07:46:52+00:00","article_modified_time":"2023-03-21T09:54:49+00:00","og_image":[{"url":"https:\/\/www.educacionyfp.gob.es\/docroot\/img\/iconos\/13\/ico-bdns.gif","type":"","width":"","height":""}],"author":"Jose Luis Torrente","twitter_card":"summary_large_image","twitter_creator":"@SIDIMURCIA","twitter_site":"@SIDIMURCIA","twitter_misc":{"Escrito por":"Jose Luis Torrente","Tiempo de lectura":"3 minutos"},"schema":{"@context":"https:\/\/schema.org","@graph":[{"@type":"Article","@id":"https:\/\/sidimurcia.org\/index.php\/2023\/03\/20\/mefp-estancias-profesionales-europeas-para-funcionarios-docentes-convocatoria-2023-2024\/#article","isPartOf":{"@id":"https:\/\/sidimurcia.org\/index.php\/2023\/03\/20\/mefp-estancias-profesionales-europeas-para-funcionarios-docentes-convocatoria-2023-2024\/"},"author":{"name":"Jose Luis Torrente","@id":"https:\/\/sidimurcia.org\/#\/schema\/person\/3f3207f88fb267669a31f8f46f76f86c"},"headline":"MEFP: Estancias profesionales europeas para FUNCIONARIOS docentes. Convocatoria 2023\/2024","datePublished":"2023-03-20T07:46:52+00:00","dateModified":"2023-03-21T09:54:49+00:00","mainEntityOfPage":{"@id":"https:\/\/sidimurcia.org\/index.php\/2023\/03\/20\/mefp-estancias-profesionales-europeas-para-funcionarios-docentes-convocatoria-2023-2024\/"},"wordCount":514,"publisher":{"@id":"https:\/\/sidimurcia.org\/#organization"},"image":{"@id":"https:\/\/sidimurcia.org\/index.php\/2023\/03\/20\/mefp-estancias-profesionales-europeas-para-funcionarios-docentes-convocatoria-2023-2024\/#primaryimage"},"thumbnailUrl":"https:\/\/www.educacionyfp.gob.es\/docroot\/img\/iconos\/13\/ico-bdns.gif","articleSection":["Bolsa Extraordinaria","Convocatoria otros paises"],"inLanguage":"es"},{"@type":"WebPage","@id":"https:\/\/sidimurcia.org\/index.php\/2023\/03\/20\/mefp-estancias-profesionales-europeas-para-funcionarios-docentes-convocatoria-2023-2024\/","url":"https:\/\/sidimurcia.org\/index.php\/2023\/03\/20\/mefp-estancias-profesionales-europeas-para-funcionarios-docentes-convocatoria-2023-2024\/","name":"MEFP: Estancias profesionales europeas para FUNCIONARIOS docentes. Convocatoria 2023\/2024 - SIDI","isPartOf":{"@id":"https:\/\/sidimurcia.org\/#website"},"primaryImageOfPage":{"@id":"https:\/\/sidimurcia.org\/index.php\/2023\/03\/20\/mefp-estancias-profesionales-europeas-para-funcionarios-docentes-convocatoria-2023-2024\/#primaryimage"},"image":{"@id":"https:\/\/sidimurcia.org\/index.php\/2023\/03\/20\/mefp-estancias-profesionales-europeas-para-funcionarios-docentes-convocatoria-2023-2024\/#primaryimage"},"thumbnailUrl":"https:\/\/www.educacionyfp.gob.es\/docroot\/img\/iconos\/13\/ico-bdns.gif","datePublished":"2023-03-20T07:46:52+00:00","dateModified":"2023-03-21T09:54:49+00:00","description":"Sindicato Independiente de Docentes. Funcionarios e Interinos. Afiliaci\u00f3n 1eur\/mes. Defendemos la educaci\u00f3n p\u00fablica.","breadcrumb":{"@id":"https:\/\/sidimurcia.org\/index.php\/2023\/03\/20\/mefp-estancias-profesionales-europeas-para-funcionarios-docentes-convocatoria-2023-2024\/#breadcrumb"},"inLanguage":"es","potentialAction":[{"@type":"ReadAction","target":["https:\/\/sidimurcia.org\/index.php\/2023\/03\/20\/mefp-estancias-profesionales-europeas-para-funcionarios-docentes-convocatoria-2023-2024\/"]}]},{"@type":"ImageObject","inLanguage":"es","@id":"https:\/\/sidimurcia.org\/index.php\/2023\/03\/20\/mefp-estancias-profesionales-europeas-para-funcionarios-docentes-convocatoria-2023-2024\/#primaryimage","url":"https:\/\/www.educacionyfp.gob.es\/docroot\/img\/iconos\/13\/ico-bdns.gif","contentUrl":"https:\/\/www.educacionyfp.gob.es\/docroot\/img\/iconos\/13\/ico-bdns.gif"},{"@type":"BreadcrumbList","@id":"https:\/\/sidimurcia.org\/index.php\/2023\/03\/20\/mefp-estancias-profesionales-europeas-para-funcionarios-docentes-convocatoria-2023-2024\/#breadcrumb","itemListElement":[{"@type":"ListItem","position":1,"name":"Portada","item":"https:\/\/sidimurcia.org\/"},{"@type":"ListItem","position":2,"name":"MEFP: Estancias profesionales europeas para FUNCIONARIOS docentes. Convocatoria 2023\/2024"}]},{"@type":"WebSite","@id":"https:\/\/sidimurcia.org\/#website","url":"https:\/\/sidimurcia.org\/","name":"SIDI","description":"Sindicato Independiente de Docentes","publisher":{"@id":"https:\/\/sidimurcia.org\/#organization"},"potentialAction":[{"@type":"SearchAction","target":{"@type":"EntryPoint","urlTemplate":"https:\/\/sidimurcia.org\/?s={search_term_string}"},"query-input":{"@type":"PropertyValueSpecification","valueRequired":true,"valueName":"search_term_string"}}],"inLanguage":"es"},{"@type":"Organization","@id":"https:\/\/sidimurcia.org\/#organization","name":"Sindicato Independiente de Docentes - SIDI","url":"https:\/\/sidimurcia.org\/","logo":{"@type":"ImageObject","inLanguage":"es","@id":"https:\/\/sidimurcia.org\/#\/schema\/logo\/image\/","url":"https:\/\/sidimurcia.org\/wp-content\/uploads\/cropped-PARAPESTANAWEB-1.jpg","contentUrl":"https:\/\/sidimurcia.org\/wp-content\/uploads\/cropped-PARAPESTANAWEB-1.jpg","width":512,"height":512,"caption":"Sindicato Independiente de Docentes - SIDI"},"image":{"@id":"https:\/\/sidimurcia.org\/#\/schema\/logo\/image\/"},"sameAs":["https:\/\/es-es.facebook.com\/sidi.sindicatodedocentes","https:\/\/x.com\/SIDIMURCIA","https:\/\/www.instagram.com\/sidi_murcia\/","https:\/\/www.youtube.com\/channel\/UCwwdL3uFtDKJdbOfmC70wIQ"]},{"@type":"Person","@id":"https:\/\/sidimurcia.org\/#\/schema\/person\/3f3207f88fb267669a31f8f46f76f86c","name":"Jose Luis Torrente","image":{"@type":"ImageObject","inLanguage":"es","@id":"https:\/\/secure.gravatar.com\/avatar\/8ac4c0d28cf03f62a37681e633afaf3faec3a7bd495cdfb9b6a7ec6cf281b29c?s=96&d=mm&r=g","url":"https:\/\/secure.gravatar.com\/avatar\/8ac4c0d28cf03f62a37681e633afaf3faec3a7bd495cdfb9b6a7ec6cf281b29c?s=96&d=mm&r=g","contentUrl":"https:\/\/secure.gravatar.com\/avatar\/8ac4c0d28cf03f62a37681e633afaf3faec3a7bd495cdfb9b6a7ec6cf281b29c?s=96&d=mm&r=g","caption":"Jose Luis Torrente"},"url":"https:\/\/sidimurcia.org\/index.php\/author\/joseltorrente\/"}]}},"_links":{"self":[{"href":"https:\/\/sidimurcia.org\/index.php\/wp-json\/wp\/v2\/posts\/16430","targetHints":{"allow":["GET"]}}],"collection":[{"href":"https:\/\/sidimurcia.org\/index.php\/wp-json\/wp\/v2\/posts"}],"about":[{"href":"https:\/\/sidimurcia.org\/index.php\/wp-json\/wp\/v2\/types\/post"}],"author":[{"embeddable":true,"href":"https:\/\/sidimurcia.org\/index.php\/wp-json\/wp\/v2\/users\/2"}],"replies":[{"embeddable":true,"href":"https:\/\/sidimurcia.org\/index.php\/wp-json\/wp\/v2\/comments?post=16430"}],"version-history":[{"count":0,"href":"https:\/\/sidimurcia.org\/index.php\/wp-json\/wp\/v2\/posts\/16430\/revisions"}],"wp:attachment":[{"href":"https:\/\/sidimurcia.org\/index.php\/wp-json\/wp\/v2\/media?parent=16430"}],"wp:term":[{"taxonomy":"category","embeddable":true,"href":"https:\/\/sidimurcia.org\/index.php\/wp-json\/wp\/v2\/categories?post=16430"},{"taxonomy":"post_tag","embeddable":true,"href":"https:\/\/sidimurcia.org\/index.php\/wp-json\/wp\/v2\/tags?post=16430"}],"curies":[{"name":"wp","href":"https:\/\/api.w.org\/{rel}","templated":true}]}}