{"id":16489,"date":"2023-03-24T11:41:40","date_gmt":"2023-03-24T11:41:40","guid":{"rendered":"https:\/\/sidimurcia.org\/?p=16489"},"modified":"2023-03-24T11:41:40","modified_gmt":"2023-03-24T11:41:40","slug":"orden-22-03-23-resuelve-definitivamente-convocatoria-acto-telematico-de-mantenimiento-de-vehiculos","status":"publish","type":"post","link":"https:\/\/sidimurcia.org\/index.php\/2023\/03\/24\/orden-22-03-23-resuelve-definitivamente-convocatoria-acto-telematico-de-mantenimiento-de-vehiculos\/","title":{"rendered":"Orden 22\/03\/23 resuelve DEFINITIVAMENTE convocatoria acto telem\u00e1tico de Mantenimiento de Veh\u00edculos"},"content":{"rendered":"<ul>\n<li style=\"text-align: justify;\"><a class=\"enlaceMarron\" title=\"Orden de 22 de marzo de 2023 de la Consejer\u00eda de Educaci\u00f3n, Formaci\u00f3n Profesional y Empleo por la que se resuelve definitivamente la convocatoria del acto para determiandos integrantes de las listas de interinos de la Comunidad Aut\u00f3noma de la Regi\u00f3n de Murcia que deseen impartir la especialidad de Mantenimiento de Veh\u00edculos del Cuerpo de Profesores T\u00e9cnicos de Formaci\u00f3n Profesional\" href=\"https:\/\/servicios.educarm.es\/templates\/portal\/ficheros\/websDinamicas\/45\/Resol def manten vehicu C.I 79265 24-3-23pdf.pdf\" target=\"_blank\" rel=\"noopener\"><span style=\"font-family: arial, helvetica, sans-serif;\">Orden de 22 de marzo de 2023 de la Consejer\u00eda de Educaci\u00f3n, Formaci\u00f3n Profesional y Empleo por la que se resuelve definitivamente la convocatoria del acto para determinados integrantes de las listas de interinos de la Comunidad Aut\u00f3noma de la Regi\u00f3n de Murcia que deseen impartir la especialidad de Mantenimiento de Veh\u00edculos del Cuerpo de Profesores T\u00e9cnicos de Formaci\u00f3n Profesional<\/span><\/a><\/li>\n<\/ul>\n","protected":false},"excerpt":{"rendered":"<p>Orden de 22 de marzo de 2023 de la Consejer\u00eda de Educaci\u00f3n, Formaci\u00f3n Profesional y Empleo por la que se &#8230; <a title=\"Orden 22\/03\/23 resuelve DEFINITIVAMENTE convocatoria acto telem\u00e1tico de Mantenimiento de Veh\u00edculos\" class=\"read-more\" href=\"https:\/\/sidimurcia.org\/index.php\/2023\/03\/24\/orden-22-03-23-resuelve-definitivamente-convocatoria-acto-telematico-de-mantenimiento-de-vehiculos\/\" aria-label=\"Leer m\u00e1s sobre Orden 22\/03\/23 resuelve DEFINITIVAMENTE convocatoria acto telem\u00e1tico de Mantenimiento de Veh\u00edculos\">Leer mas<\/a><\/p>\n","protected":false},"author":2,"featured_media":0,"comment_status":"closed","ping_status":"closed","sticky":false,"template":"","format":"standard","meta":{"footnotes":""},"categories":[4,10],"tags":[],"class_list":["post-16489","post","type-post","status-publish","format-standard","hentry","category-bolsa-extraordinaria","category-resolucion-definitiva-en-murcia"],"yoast_head":"<!-- This site is optimized with the Yoast SEO plugin v27.2 - https:\/\/yoast.com\/product\/yoast-seo-wordpress\/ -->\n<title>Orden 22\/03\/23 resuelve DEFINITIVAMENTE convocatoria acto telem\u00e1tico de Mantenimiento de Veh\u00edculos - SIDI<\/title>\n<meta name=\"description\" content=\"Sindicato Independiente de Docentes. Funcionarios e Interinos. Afiliaci\u00f3n 1eur\/mes. Defendemos la educaci\u00f3n p\u00fablica.\" \/>\n<meta name=\"robots\" content=\"index, follow, max-snippet:-1, max-image-preview:large, max-video-preview:-1\" \/>\n<link rel=\"canonical\" href=\"https:\/\/sidimurcia.org\/index.php\/2023\/03\/24\/orden-22-03-23-resuelve-definitivamente-convocatoria-acto-telematico-de-mantenimiento-de-vehiculos\/\" \/>\n<meta property=\"og:locale\" content=\"es_ES\" \/>\n<meta property=\"og:type\" content=\"article\" \/>\n<meta property=\"og:title\" content=\"Orden 22\/03\/23 resuelve DEFINITIVAMENTE convocatoria acto telem\u00e1tico de Mantenimiento de Veh\u00edculos - SIDI\" \/>\n<meta property=\"og:description\" content=\"Sindicato Independiente de Docentes. Funcionarios e Interinos. Afiliaci\u00f3n 1eur\/mes. Defendemos la educaci\u00f3n p\u00fablica.\" \/>\n<meta property=\"og:url\" content=\"https:\/\/sidimurcia.org\/index.php\/2023\/03\/24\/orden-22-03-23-resuelve-definitivamente-convocatoria-acto-telematico-de-mantenimiento-de-vehiculos\/\" \/>\n<meta property=\"og:site_name\" content=\"SIDI\" \/>\n<meta property=\"article:publisher\" content=\"https:\/\/es-es.facebook.com\/sidi.sindicatodedocentes\" \/>\n<meta property=\"article:published_time\" content=\"2023-03-24T11:41:40+00:00\" \/>\n<meta name=\"author\" content=\"Jose Luis Torrente\" \/>\n<meta name=\"twitter:card\" content=\"summary_large_image\" \/>\n<meta name=\"twitter:creator\" content=\"@SIDIMURCIA\" \/>\n<meta name=\"twitter:site\" content=\"@SIDIMURCIA\" \/>\n<meta name=\"twitter:label1\" content=\"Escrito por\" \/>\n\t<meta name=\"twitter:data1\" content=\"Jose Luis Torrente\" \/>\n<script type=\"application\/ld+json\" class=\"yoast-schema-graph\">{\"@context\":\"https:\/\/schema.org\",\"@graph\":[{\"@type\":\"Article\",\"@id\":\"https:\/\/sidimurcia.org\/index.php\/2023\/03\/24\/orden-22-03-23-resuelve-definitivamente-convocatoria-acto-telematico-de-mantenimiento-de-vehiculos\/#article\",\"isPartOf\":{\"@id\":\"https:\/\/sidimurcia.org\/index.php\/2023\/03\/24\/orden-22-03-23-resuelve-definitivamente-convocatoria-acto-telematico-de-mantenimiento-de-vehiculos\/\"},\"author\":{\"name\":\"Jose Luis Torrente\",\"@id\":\"https:\/\/sidimurcia.org\/#\/schema\/person\/3f3207f88fb267669a31f8f46f76f86c\"},\"headline\":\"Orden 22\/03\/23 resuelve DEFINITIVAMENTE convocatoria acto telem\u00e1tico de Mantenimiento de Veh\u00edculos\",\"datePublished\":\"2023-03-24T11:41:40+00:00\",\"mainEntityOfPage\":{\"@id\":\"https:\/\/sidimurcia.org\/index.php\/2023\/03\/24\/orden-22-03-23-resuelve-definitivamente-convocatoria-acto-telematico-de-mantenimiento-de-vehiculos\/\"},\"wordCount\":78,\"publisher\":{\"@id\":\"https:\/\/sidimurcia.org\/#organization\"},\"articleSection\":[\"Bolsa Extraordinaria\",\"Murcia-Resoluci\u00f3n Definitiva\"],\"inLanguage\":\"es\"},{\"@type\":\"WebPage\",\"@id\":\"https:\/\/sidimurcia.org\/index.php\/2023\/03\/24\/orden-22-03-23-resuelve-definitivamente-convocatoria-acto-telematico-de-mantenimiento-de-vehiculos\/\",\"url\":\"https:\/\/sidimurcia.org\/index.php\/2023\/03\/24\/orden-22-03-23-resuelve-definitivamente-convocatoria-acto-telematico-de-mantenimiento-de-vehiculos\/\",\"name\":\"Orden 22\/03\/23 resuelve DEFINITIVAMENTE convocatoria acto telem\u00e1tico de Mantenimiento de Veh\u00edculos - SIDI\",\"isPartOf\":{\"@id\":\"https:\/\/sidimurcia.org\/#website\"},\"datePublished\":\"2023-03-24T11:41:40+00:00\",\"description\":\"Sindicato Independiente de Docentes. Funcionarios e Interinos. Afiliaci\u00f3n 1eur\/mes. Defendemos la educaci\u00f3n p\u00fablica.\",\"breadcrumb\":{\"@id\":\"https:\/\/sidimurcia.org\/index.php\/2023\/03\/24\/orden-22-03-23-resuelve-definitivamente-convocatoria-acto-telematico-de-mantenimiento-de-vehiculos\/#breadcrumb\"},\"inLanguage\":\"es\",\"potentialAction\":[{\"@type\":\"ReadAction\",\"target\":[\"https:\/\/sidimurcia.org\/index.php\/2023\/03\/24\/orden-22-03-23-resuelve-definitivamente-convocatoria-acto-telematico-de-mantenimiento-de-vehiculos\/\"]}]},{\"@type\":\"BreadcrumbList\",\"@id\":\"https:\/\/sidimurcia.org\/index.php\/2023\/03\/24\/orden-22-03-23-resuelve-definitivamente-convocatoria-acto-telematico-de-mantenimiento-de-vehiculos\/#breadcrumb\",\"itemListElement\":[{\"@type\":\"ListItem\",\"position\":1,\"name\":\"Portada\",\"item\":\"https:\/\/sidimurcia.org\/\"},{\"@type\":\"ListItem\",\"position\":2,\"name\":\"Orden 22\/03\/23 resuelve DEFINITIVAMENTE convocatoria acto telem\u00e1tico de Mantenimiento de Veh\u00edculos\"}]},{\"@type\":\"WebSite\",\"@id\":\"https:\/\/sidimurcia.org\/#website\",\"url\":\"https:\/\/sidimurcia.org\/\",\"name\":\"SIDI\",\"description\":\"Sindicato Independiente de Docentes\",\"publisher\":{\"@id\":\"https:\/\/sidimurcia.org\/#organization\"},\"potentialAction\":[{\"@type\":\"SearchAction\",\"target\":{\"@type\":\"EntryPoint\",\"urlTemplate\":\"https:\/\/sidimurcia.org\/?s={search_term_string}\"},\"query-input\":{\"@type\":\"PropertyValueSpecification\",\"valueRequired\":true,\"valueName\":\"search_term_string\"}}],\"inLanguage\":\"es\"},{\"@type\":\"Organization\",\"@id\":\"https:\/\/sidimurcia.org\/#organization\",\"name\":\"Sindicato Independiente de Docentes - SIDI\",\"url\":\"https:\/\/sidimurcia.org\/\",\"logo\":{\"@type\":\"ImageObject\",\"inLanguage\":\"es\",\"@id\":\"https:\/\/sidimurcia.org\/#\/schema\/logo\/image\/\",\"url\":\"https:\/\/sidimurcia.org\/wp-content\/uploads\/cropped-PARAPESTANAWEB-1.jpg\",\"contentUrl\":\"https:\/\/sidimurcia.org\/wp-content\/uploads\/cropped-PARAPESTANAWEB-1.jpg\",\"width\":512,\"height\":512,\"caption\":\"Sindicato Independiente de Docentes - SIDI\"},\"image\":{\"@id\":\"https:\/\/sidimurcia.org\/#\/schema\/logo\/image\/\"},\"sameAs\":[\"https:\/\/es-es.facebook.com\/sidi.sindicatodedocentes\",\"https:\/\/x.com\/SIDIMURCIA\",\"https:\/\/www.instagram.com\/sidi_murcia\/\",\"https:\/\/www.youtube.com\/channel\/UCwwdL3uFtDKJdbOfmC70wIQ\"]},{\"@type\":\"Person\",\"@id\":\"https:\/\/sidimurcia.org\/#\/schema\/person\/3f3207f88fb267669a31f8f46f76f86c\",\"name\":\"Jose Luis Torrente\",\"image\":{\"@type\":\"ImageObject\",\"inLanguage\":\"es\",\"@id\":\"https:\/\/secure.gravatar.com\/avatar\/8ac4c0d28cf03f62a37681e633afaf3faec3a7bd495cdfb9b6a7ec6cf281b29c?s=96&d=mm&r=g\",\"url\":\"https:\/\/secure.gravatar.com\/avatar\/8ac4c0d28cf03f62a37681e633afaf3faec3a7bd495cdfb9b6a7ec6cf281b29c?s=96&d=mm&r=g\",\"contentUrl\":\"https:\/\/secure.gravatar.com\/avatar\/8ac4c0d28cf03f62a37681e633afaf3faec3a7bd495cdfb9b6a7ec6cf281b29c?s=96&d=mm&r=g\",\"caption\":\"Jose Luis Torrente\"},\"url\":\"https:\/\/sidimurcia.org\/index.php\/author\/joseltorrente\/\"}]}<\/script>\n<!-- \/ Yoast SEO plugin. -->","yoast_head_json":{"title":"Orden 22\/03\/23 resuelve DEFINITIVAMENTE convocatoria acto telem\u00e1tico de Mantenimiento de Veh\u00edculos - SIDI","description":"Sindicato Independiente de Docentes. Funcionarios e Interinos. Afiliaci\u00f3n 1eur\/mes. Defendemos la educaci\u00f3n p\u00fablica.","robots":{"index":"index","follow":"follow","max-snippet":"max-snippet:-1","max-image-preview":"max-image-preview:large","max-video-preview":"max-video-preview:-1"},"canonical":"https:\/\/sidimurcia.org\/index.php\/2023\/03\/24\/orden-22-03-23-resuelve-definitivamente-convocatoria-acto-telematico-de-mantenimiento-de-vehiculos\/","og_locale":"es_ES","og_type":"article","og_title":"Orden 22\/03\/23 resuelve DEFINITIVAMENTE convocatoria acto telem\u00e1tico de Mantenimiento de Veh\u00edculos - SIDI","og_description":"Sindicato Independiente de Docentes. Funcionarios e Interinos. Afiliaci\u00f3n 1eur\/mes. Defendemos la educaci\u00f3n p\u00fablica.","og_url":"https:\/\/sidimurcia.org\/index.php\/2023\/03\/24\/orden-22-03-23-resuelve-definitivamente-convocatoria-acto-telematico-de-mantenimiento-de-vehiculos\/","og_site_name":"SIDI","article_publisher":"https:\/\/es-es.facebook.com\/sidi.sindicatodedocentes","article_published_time":"2023-03-24T11:41:40+00:00","author":"Jose Luis Torrente","twitter_card":"summary_large_image","twitter_creator":"@SIDIMURCIA","twitter_site":"@SIDIMURCIA","twitter_misc":{"Escrito por":"Jose Luis Torrente"},"schema":{"@context":"https:\/\/schema.org","@graph":[{"@type":"Article","@id":"https:\/\/sidimurcia.org\/index.php\/2023\/03\/24\/orden-22-03-23-resuelve-definitivamente-convocatoria-acto-telematico-de-mantenimiento-de-vehiculos\/#article","isPartOf":{"@id":"https:\/\/sidimurcia.org\/index.php\/2023\/03\/24\/orden-22-03-23-resuelve-definitivamente-convocatoria-acto-telematico-de-mantenimiento-de-vehiculos\/"},"author":{"name":"Jose Luis Torrente","@id":"https:\/\/sidimurcia.org\/#\/schema\/person\/3f3207f88fb267669a31f8f46f76f86c"},"headline":"Orden 22\/03\/23 resuelve DEFINITIVAMENTE convocatoria acto telem\u00e1tico de Mantenimiento de Veh\u00edculos","datePublished":"2023-03-24T11:41:40+00:00","mainEntityOfPage":{"@id":"https:\/\/sidimurcia.org\/index.php\/2023\/03\/24\/orden-22-03-23-resuelve-definitivamente-convocatoria-acto-telematico-de-mantenimiento-de-vehiculos\/"},"wordCount":78,"publisher":{"@id":"https:\/\/sidimurcia.org\/#organization"},"articleSection":["Bolsa Extraordinaria","Murcia-Resoluci\u00f3n Definitiva"],"inLanguage":"es"},{"@type":"WebPage","@id":"https:\/\/sidimurcia.org\/index.php\/2023\/03\/24\/orden-22-03-23-resuelve-definitivamente-convocatoria-acto-telematico-de-mantenimiento-de-vehiculos\/","url":"https:\/\/sidimurcia.org\/index.php\/2023\/03\/24\/orden-22-03-23-resuelve-definitivamente-convocatoria-acto-telematico-de-mantenimiento-de-vehiculos\/","name":"Orden 22\/03\/23 resuelve DEFINITIVAMENTE convocatoria acto telem\u00e1tico de Mantenimiento de Veh\u00edculos - SIDI","isPartOf":{"@id":"https:\/\/sidimurcia.org\/#website"},"datePublished":"2023-03-24T11:41:40+00:00","description":"Sindicato Independiente de Docentes. Funcionarios e Interinos. Afiliaci\u00f3n 1eur\/mes. Defendemos la educaci\u00f3n p\u00fablica.","breadcrumb":{"@id":"https:\/\/sidimurcia.org\/index.php\/2023\/03\/24\/orden-22-03-23-resuelve-definitivamente-convocatoria-acto-telematico-de-mantenimiento-de-vehiculos\/#breadcrumb"},"inLanguage":"es","potentialAction":[{"@type":"ReadAction","target":["https:\/\/sidimurcia.org\/index.php\/2023\/03\/24\/orden-22-03-23-resuelve-definitivamente-convocatoria-acto-telematico-de-mantenimiento-de-vehiculos\/"]}]},{"@type":"BreadcrumbList","@id":"https:\/\/sidimurcia.org\/index.php\/2023\/03\/24\/orden-22-03-23-resuelve-definitivamente-convocatoria-acto-telematico-de-mantenimiento-de-vehiculos\/#breadcrumb","itemListElement":[{"@type":"ListItem","position":1,"name":"Portada","item":"https:\/\/sidimurcia.org\/"},{"@type":"ListItem","position":2,"name":"Orden 22\/03\/23 resuelve DEFINITIVAMENTE convocatoria acto telem\u00e1tico de Mantenimiento de Veh\u00edculos"}]},{"@type":"WebSite","@id":"https:\/\/sidimurcia.org\/#website","url":"https:\/\/sidimurcia.org\/","name":"SIDI","description":"Sindicato Independiente de Docentes","publisher":{"@id":"https:\/\/sidimurcia.org\/#organization"},"potentialAction":[{"@type":"SearchAction","target":{"@type":"EntryPoint","urlTemplate":"https:\/\/sidimurcia.org\/?s={search_term_string}"},"query-input":{"@type":"PropertyValueSpecification","valueRequired":true,"valueName":"search_term_string"}}],"inLanguage":"es"},{"@type":"Organization","@id":"https:\/\/sidimurcia.org\/#organization","name":"Sindicato Independiente de Docentes - SIDI","url":"https:\/\/sidimurcia.org\/","logo":{"@type":"ImageObject","inLanguage":"es","@id":"https:\/\/sidimurcia.org\/#\/schema\/logo\/image\/","url":"https:\/\/sidimurcia.org\/wp-content\/uploads\/cropped-PARAPESTANAWEB-1.jpg","contentUrl":"https:\/\/sidimurcia.org\/wp-content\/uploads\/cropped-PARAPESTANAWEB-1.jpg","width":512,"height":512,"caption":"Sindicato Independiente de Docentes - SIDI"},"image":{"@id":"https:\/\/sidimurcia.org\/#\/schema\/logo\/image\/"},"sameAs":["https:\/\/es-es.facebook.com\/sidi.sindicatodedocentes","https:\/\/x.com\/SIDIMURCIA","https:\/\/www.instagram.com\/sidi_murcia\/","https:\/\/www.youtube.com\/channel\/UCwwdL3uFtDKJdbOfmC70wIQ"]},{"@type":"Person","@id":"https:\/\/sidimurcia.org\/#\/schema\/person\/3f3207f88fb267669a31f8f46f76f86c","name":"Jose Luis Torrente","image":{"@type":"ImageObject","inLanguage":"es","@id":"https:\/\/secure.gravatar.com\/avatar\/8ac4c0d28cf03f62a37681e633afaf3faec3a7bd495cdfb9b6a7ec6cf281b29c?s=96&d=mm&r=g","url":"https:\/\/secure.gravatar.com\/avatar\/8ac4c0d28cf03f62a37681e633afaf3faec3a7bd495cdfb9b6a7ec6cf281b29c?s=96&d=mm&r=g","contentUrl":"https:\/\/secure.gravatar.com\/avatar\/8ac4c0d28cf03f62a37681e633afaf3faec3a7bd495cdfb9b6a7ec6cf281b29c?s=96&d=mm&r=g","caption":"Jose Luis Torrente"},"url":"https:\/\/sidimurcia.org\/index.php\/author\/joseltorrente\/"}]}},"_links":{"self":[{"href":"https:\/\/sidimurcia.org\/index.php\/wp-json\/wp\/v2\/posts\/16489","targetHints":{"allow":["GET"]}}],"collection":[{"href":"https:\/\/sidimurcia.org\/index.php\/wp-json\/wp\/v2\/posts"}],"about":[{"href":"https:\/\/sidimurcia.org\/index.php\/wp-json\/wp\/v2\/types\/post"}],"author":[{"embeddable":true,"href":"https:\/\/sidimurcia.org\/index.php\/wp-json\/wp\/v2\/users\/2"}],"replies":[{"embeddable":true,"href":"https:\/\/sidimurcia.org\/index.php\/wp-json\/wp\/v2\/comments?post=16489"}],"version-history":[{"count":0,"href":"https:\/\/sidimurcia.org\/index.php\/wp-json\/wp\/v2\/posts\/16489\/revisions"}],"wp:attachment":[{"href":"https:\/\/sidimurcia.org\/index.php\/wp-json\/wp\/v2\/media?parent=16489"}],"wp:term":[{"taxonomy":"category","embeddable":true,"href":"https:\/\/sidimurcia.org\/index.php\/wp-json\/wp\/v2\/categories?post=16489"},{"taxonomy":"post_tag","embeddable":true,"href":"https:\/\/sidimurcia.org\/index.php\/wp-json\/wp\/v2\/tags?post=16489"}],"curies":[{"name":"wp","href":"https:\/\/api.w.org\/{rel}","templated":true}]}}