{"id":16499,"date":"2023-03-27T06:40:47","date_gmt":"2023-03-27T06:40:47","guid":{"rendered":"https:\/\/sidimurcia.org\/?p=16499"},"modified":"2023-04-27T07:37:44","modified_gmt":"2023-04-27T07:37:44","slug":"convocatoria-del-procedimiento-para-la-integracion-del-profesorado-del-cuerpo-a-extinguir-de-profesores-tecnicos-de-fp-en-el-de-profesores-de-secundaria","status":"publish","type":"post","link":"https:\/\/sidimurcia.org\/index.php\/2023\/03\/27\/convocatoria-del-procedimiento-para-la-integracion-del-profesorado-del-cuerpo-a-extinguir-de-profesores-tecnicos-de-fp-en-el-de-profesores-de-secundaria\/","title":{"rendered":"Convocatoria del procedimiento para la integraci\u00f3n del Profesorado del Cuerpo, a extinguir, de Profesores T\u00e9cnicos de FP en el de Profesores de Secundaria"},"content":{"rendered":"<ul>\n<li style=\"text-align: center;\"><strong><span style=\"color: #d4458b;\">PROCEDIMIENTO EXCLUSIVO PARA FUNCIONARIOS\/AS DE CARRERA<\/span><\/strong><\/li>\n<li style=\"text-align: justify;\"><a href=\"https:\/\/www.carm.es\/web\/descarga?ARCHIVO=2023-1871.pdf&amp;ALIAS=ARCH&amp;IDCONTENIDO=183465&amp;RASTRO=c77$m22725,22759,4254\"><span style=\"font-family: arial, helvetica, sans-serif;\">Orden de 23 de marzo de 2023 de la Consejer\u00eda de Educaci\u00f3n, Formaci\u00f3n Profesional y Empleo, por la que se convoca procedimiento para la integraci\u00f3n del Profesorado del Cuerpo, a extinguir, de Profesores T\u00e9cnicos de Formaci\u00f3n Profesional en el Cuerpo de Profesores de Ense\u00f1anza Secundaria, para personal funcionario de carrera adscrito al \u00e1mbito de gesti\u00f3n de la Regi\u00f3n de Murcia.<\/span><\/a><\/li>\n<\/ul>\n<p style=\"text-align: center;\"><span style=\"font-family: arial, helvetica, sans-serif;\"><strong><span style=\"color: #3c48a9;\">Enlace a la sede electr\u00f3nica procedimiento 3995:<\/span><\/strong> <a href=\"https:\/\/sede.carm.es\/web\/pagina?IDCONTENIDO=3995&amp;IDTIPO=240&amp;RASTRO=c$m40288\">Procedimiento de integraci\u00f3n del profesorado del Cuerpo, a extinguir, de Profesores T\u00e9cnicos de Formaci\u00f3n Profesional en el Cuerpo de Profesores de Ense\u00f1anza Secundaria<\/a><\/span><\/p>\n<p style=\"text-align: center;\"><span style=\"color: #d4458b;\"><strong><span style=\"font-family: arial, helvetica, sans-serif;\">Plazo de <span style=\"color: #d4458b;\">presentaci\u00f3n<\/span> de solicitudes: Del 28 de marzo al 27 de abril (ambos inclusive)<\/span><\/strong><\/span><\/p>\n<p><span style=\"color: #3c48a9;\"><strong><span style=\"font-family: arial, helvetica, sans-serif;\"> Requisitos:<\/span><\/strong><\/span><\/p>\n<p style=\"text-align: justify;\"><span style=\"font-family: arial, helvetica, sans-serif;\">1. Estar en posesi\u00f3n o reunir las condiciones para que le sea expedido <\/span><span style=\"font-family: arial, helvetica, sans-serif;\">antes de la finalizaci\u00f3n del plazo de presentaci\u00f3n de solicitudes, de la titulaci\u00f3n <\/span><span style=\"font-family: arial, helvetica, sans-serif;\">de Grado universitario, Licenciatura, Ingenier\u00eda o Arquitectura. De conformidad <\/span><span style=\"font-family: arial, helvetica, sans-serif;\">con lo dispuesto en la disposici\u00f3n adicional \u00fanica del Real Decreto 276\/2007, <\/span><span style=\"font-family: arial, helvetica, sans-serif;\">de 23 de febrero, por el que se aprueba el Reglamento de ingreso, accesos y <\/span><span style=\"font-family: arial, helvetica, sans-serif;\">adquisici\u00f3n de nuevas especialidades en los cuerpos docentes a que se refiere <\/span><span style=\"font-family: arial, helvetica, sans-serif;\">la Ley Org\u00e1nica 2\/2006, de 3 de mayo, de Educaci\u00f3n, podr\u00e1n ser admitidos <\/span><span style=\"font-family: arial, helvetica, sans-serif;\">quienes, careciendo de la titulaci\u00f3n exigida con car\u00e1cter general, se encuentren <\/span><span style=\"font-family: arial, helvetica, sans-serif;\">en posesi\u00f3n de las titulaciones de Diplomatura universitaria, Arquitectura t\u00e9cnica <\/span><span style=\"font-family: arial, helvetica, sans-serif;\">o Ingenier\u00eda t\u00e9cnica.<\/span><br \/>\n<span style=\"font-family: arial, helvetica, sans-serif;\">2. Ser titular en el Cuerpo, a extinguir, de profesores T\u00e9cnicos de Formaci\u00f3n <\/span><span style=\"font-family: arial, helvetica, sans-serif;\">Profesional, de aquellas especialidades de las se\u00f1aladas en el art\u00edculo 4 en la que <\/span><span style=\"font-family: arial, helvetica, sans-serif;\">se solicite la integraci\u00f3n en el Cuerpo de Profesores de Ense\u00f1anza Secundaria.<\/span><br \/>\n<span style=\"font-family: arial, helvetica, sans-serif;\">3. Estar en situaci\u00f3n de servicio activo. Podr\u00e1n participar tambi\u00e9n quienes se <\/span><span style=\"font-family: arial, helvetica, sans-serif;\">encuentren en las situaciones administrativas de servicios especiales, excedencia <\/span><span style=\"font-family: arial, helvetica, sans-serif;\">por cuidado de familiares, excedencia por raz\u00f3n de violencia de g\u00e9nero, <\/span><span style=\"font-family: arial, helvetica, sans-serif;\">excedencia por raz\u00f3n de violencia terrorista o destinado en la administraci\u00f3n educativa en el exterior, siempre que su \u00faltimo destino en servicio activo haya sido como personal funcionario de carrera del \u00e1mbito de gesti\u00f3n de la Regi\u00f3n de Murcia.<\/span><\/p>\n<p>&nbsp;<\/p>\n","protected":false},"excerpt":{"rendered":"<p>PROCEDIMIENTO EXCLUSIVO PARA FUNCIONARIOS\/AS DE CARRERA Orden de 23 de marzo de 2023 de la Consejer\u00eda de Educaci\u00f3n, Formaci\u00f3n Profesional &#8230; <a title=\"Convocatoria del procedimiento para la integraci\u00f3n del Profesorado del Cuerpo, a extinguir, de Profesores T\u00e9cnicos de FP en el de Profesores de Secundaria\" class=\"read-more\" href=\"https:\/\/sidimurcia.org\/index.php\/2023\/03\/27\/convocatoria-del-procedimiento-para-la-integracion-del-profesorado-del-cuerpo-a-extinguir-de-profesores-tecnicos-de-fp-en-el-de-profesores-de-secundaria\/\" aria-label=\"Leer m\u00e1s sobre Convocatoria del procedimiento para la integraci\u00f3n del Profesorado del Cuerpo, a extinguir, de Profesores T\u00e9cnicos de FP en el de Profesores de Secundaria\">Leer mas<\/a><\/p>\n","protected":false},"author":2,"featured_media":0,"comment_status":"closed","ping_status":"closed","sticky":false,"template":"","format":"standard","meta":{"footnotes":""},"categories":[46,48],"tags":[],"class_list":["post-16499","post","type-post","status-publish","format-standard","hentry","category-normativa","category-normativa-carm"],"yoast_head":"<!-- This site is optimized with the Yoast SEO plugin v27.2 - https:\/\/yoast.com\/product\/yoast-seo-wordpress\/ -->\n<title>Convocatoria del procedimiento para la integraci\u00f3n del Profesorado del Cuerpo, a extinguir, de Profesores T\u00e9cnicos de FP en el de Profesores de Secundaria - SIDI<\/title>\n<meta name=\"description\" content=\"Sindicato Independiente de Docentes. Funcionarios e Interinos. Afiliaci\u00f3n 1eur\/mes. Defendemos la educaci\u00f3n p\u00fablica.\" \/>\n<meta name=\"robots\" content=\"index, follow, max-snippet:-1, max-image-preview:large, max-video-preview:-1\" \/>\n<link rel=\"canonical\" href=\"https:\/\/sidimurcia.org\/index.php\/2023\/03\/27\/convocatoria-del-procedimiento-para-la-integracion-del-profesorado-del-cuerpo-a-extinguir-de-profesores-tecnicos-de-fp-en-el-de-profesores-de-secundaria\/\" \/>\n<meta property=\"og:locale\" content=\"es_ES\" \/>\n<meta property=\"og:type\" content=\"article\" \/>\n<meta property=\"og:title\" content=\"Convocatoria del procedimiento para la integraci\u00f3n del Profesorado del Cuerpo, a extinguir, de Profesores T\u00e9cnicos de FP en el de Profesores de Secundaria - SIDI\" \/>\n<meta property=\"og:description\" content=\"Sindicato Independiente de Docentes. Funcionarios e Interinos. Afiliaci\u00f3n 1eur\/mes. Defendemos la educaci\u00f3n p\u00fablica.\" \/>\n<meta property=\"og:url\" content=\"https:\/\/sidimurcia.org\/index.php\/2023\/03\/27\/convocatoria-del-procedimiento-para-la-integracion-del-profesorado-del-cuerpo-a-extinguir-de-profesores-tecnicos-de-fp-en-el-de-profesores-de-secundaria\/\" \/>\n<meta property=\"og:site_name\" content=\"SIDI\" \/>\n<meta property=\"article:publisher\" content=\"https:\/\/es-es.facebook.com\/sidi.sindicatodedocentes\" \/>\n<meta property=\"article:published_time\" content=\"2023-03-27T06:40:47+00:00\" \/>\n<meta property=\"article:modified_time\" content=\"2023-04-27T07:37:44+00:00\" \/>\n<meta name=\"author\" content=\"Jose Luis Torrente\" \/>\n<meta name=\"twitter:card\" content=\"summary_large_image\" \/>\n<meta name=\"twitter:creator\" content=\"@SIDIMURCIA\" \/>\n<meta name=\"twitter:site\" content=\"@SIDIMURCIA\" \/>\n<meta name=\"twitter:label1\" content=\"Escrito por\" \/>\n\t<meta name=\"twitter:data1\" content=\"Jose Luis Torrente\" \/>\n\t<meta name=\"twitter:label2\" content=\"Tiempo de lectura\" \/>\n\t<meta name=\"twitter:data2\" content=\"2 minutos\" \/>\n<script type=\"application\/ld+json\" class=\"yoast-schema-graph\">{\"@context\":\"https:\/\/schema.org\",\"@graph\":[{\"@type\":\"Article\",\"@id\":\"https:\/\/sidimurcia.org\/index.php\/2023\/03\/27\/convocatoria-del-procedimiento-para-la-integracion-del-profesorado-del-cuerpo-a-extinguir-de-profesores-tecnicos-de-fp-en-el-de-profesores-de-secundaria\/#article\",\"isPartOf\":{\"@id\":\"https:\/\/sidimurcia.org\/index.php\/2023\/03\/27\/convocatoria-del-procedimiento-para-la-integracion-del-profesorado-del-cuerpo-a-extinguir-de-profesores-tecnicos-de-fp-en-el-de-profesores-de-secundaria\/\"},\"author\":{\"name\":\"Jose Luis Torrente\",\"@id\":\"https:\/\/sidimurcia.org\/#\/schema\/person\/3f3207f88fb267669a31f8f46f76f86c\"},\"headline\":\"Convocatoria del procedimiento para la integraci\u00f3n del Profesorado del Cuerpo, a extinguir, de Profesores T\u00e9cnicos de FP en el de Profesores de Secundaria\",\"datePublished\":\"2023-03-27T06:40:47+00:00\",\"dateModified\":\"2023-04-27T07:37:44+00:00\",\"mainEntityOfPage\":{\"@id\":\"https:\/\/sidimurcia.org\/index.php\/2023\/03\/27\/convocatoria-del-procedimiento-para-la-integracion-del-profesorado-del-cuerpo-a-extinguir-de-profesores-tecnicos-de-fp-en-el-de-profesores-de-secundaria\/\"},\"wordCount\":393,\"publisher\":{\"@id\":\"https:\/\/sidimurcia.org\/#organization\"},\"articleSection\":[\"Normativa\",\"Normativa CARM\"],\"inLanguage\":\"es\"},{\"@type\":\"WebPage\",\"@id\":\"https:\/\/sidimurcia.org\/index.php\/2023\/03\/27\/convocatoria-del-procedimiento-para-la-integracion-del-profesorado-del-cuerpo-a-extinguir-de-profesores-tecnicos-de-fp-en-el-de-profesores-de-secundaria\/\",\"url\":\"https:\/\/sidimurcia.org\/index.php\/2023\/03\/27\/convocatoria-del-procedimiento-para-la-integracion-del-profesorado-del-cuerpo-a-extinguir-de-profesores-tecnicos-de-fp-en-el-de-profesores-de-secundaria\/\",\"name\":\"Convocatoria del procedimiento para la integraci\u00f3n del Profesorado del Cuerpo, a extinguir, de Profesores T\u00e9cnicos de FP en el de Profesores de Secundaria - SIDI\",\"isPartOf\":{\"@id\":\"https:\/\/sidimurcia.org\/#website\"},\"datePublished\":\"2023-03-27T06:40:47+00:00\",\"dateModified\":\"2023-04-27T07:37:44+00:00\",\"description\":\"Sindicato Independiente de Docentes. Funcionarios e Interinos. Afiliaci\u00f3n 1eur\/mes. Defendemos la educaci\u00f3n p\u00fablica.\",\"breadcrumb\":{\"@id\":\"https:\/\/sidimurcia.org\/index.php\/2023\/03\/27\/convocatoria-del-procedimiento-para-la-integracion-del-profesorado-del-cuerpo-a-extinguir-de-profesores-tecnicos-de-fp-en-el-de-profesores-de-secundaria\/#breadcrumb\"},\"inLanguage\":\"es\",\"potentialAction\":[{\"@type\":\"ReadAction\",\"target\":[\"https:\/\/sidimurcia.org\/index.php\/2023\/03\/27\/convocatoria-del-procedimiento-para-la-integracion-del-profesorado-del-cuerpo-a-extinguir-de-profesores-tecnicos-de-fp-en-el-de-profesores-de-secundaria\/\"]}]},{\"@type\":\"BreadcrumbList\",\"@id\":\"https:\/\/sidimurcia.org\/index.php\/2023\/03\/27\/convocatoria-del-procedimiento-para-la-integracion-del-profesorado-del-cuerpo-a-extinguir-de-profesores-tecnicos-de-fp-en-el-de-profesores-de-secundaria\/#breadcrumb\",\"itemListElement\":[{\"@type\":\"ListItem\",\"position\":1,\"name\":\"Portada\",\"item\":\"https:\/\/sidimurcia.org\/\"},{\"@type\":\"ListItem\",\"position\":2,\"name\":\"Convocatoria del procedimiento para la integraci\u00f3n del Profesorado del Cuerpo, a extinguir, de Profesores T\u00e9cnicos de FP en el de Profesores de Secundaria\"}]},{\"@type\":\"WebSite\",\"@id\":\"https:\/\/sidimurcia.org\/#website\",\"url\":\"https:\/\/sidimurcia.org\/\",\"name\":\"SIDI\",\"description\":\"Sindicato Independiente de Docentes\",\"publisher\":{\"@id\":\"https:\/\/sidimurcia.org\/#organization\"},\"potentialAction\":[{\"@type\":\"SearchAction\",\"target\":{\"@type\":\"EntryPoint\",\"urlTemplate\":\"https:\/\/sidimurcia.org\/?s={search_term_string}\"},\"query-input\":{\"@type\":\"PropertyValueSpecification\",\"valueRequired\":true,\"valueName\":\"search_term_string\"}}],\"inLanguage\":\"es\"},{\"@type\":\"Organization\",\"@id\":\"https:\/\/sidimurcia.org\/#organization\",\"name\":\"Sindicato Independiente de Docentes - SIDI\",\"url\":\"https:\/\/sidimurcia.org\/\",\"logo\":{\"@type\":\"ImageObject\",\"inLanguage\":\"es\",\"@id\":\"https:\/\/sidimurcia.org\/#\/schema\/logo\/image\/\",\"url\":\"https:\/\/sidimurcia.org\/wp-content\/uploads\/cropped-PARAPESTANAWEB-1.jpg\",\"contentUrl\":\"https:\/\/sidimurcia.org\/wp-content\/uploads\/cropped-PARAPESTANAWEB-1.jpg\",\"width\":512,\"height\":512,\"caption\":\"Sindicato Independiente de Docentes - SIDI\"},\"image\":{\"@id\":\"https:\/\/sidimurcia.org\/#\/schema\/logo\/image\/\"},\"sameAs\":[\"https:\/\/es-es.facebook.com\/sidi.sindicatodedocentes\",\"https:\/\/x.com\/SIDIMURCIA\",\"https:\/\/www.instagram.com\/sidi_murcia\/\",\"https:\/\/www.youtube.com\/channel\/UCwwdL3uFtDKJdbOfmC70wIQ\"]},{\"@type\":\"Person\",\"@id\":\"https:\/\/sidimurcia.org\/#\/schema\/person\/3f3207f88fb267669a31f8f46f76f86c\",\"name\":\"Jose Luis Torrente\",\"image\":{\"@type\":\"ImageObject\",\"inLanguage\":\"es\",\"@id\":\"https:\/\/secure.gravatar.com\/avatar\/8ac4c0d28cf03f62a37681e633afaf3faec3a7bd495cdfb9b6a7ec6cf281b29c?s=96&d=mm&r=g\",\"url\":\"https:\/\/secure.gravatar.com\/avatar\/8ac4c0d28cf03f62a37681e633afaf3faec3a7bd495cdfb9b6a7ec6cf281b29c?s=96&d=mm&r=g\",\"contentUrl\":\"https:\/\/secure.gravatar.com\/avatar\/8ac4c0d28cf03f62a37681e633afaf3faec3a7bd495cdfb9b6a7ec6cf281b29c?s=96&d=mm&r=g\",\"caption\":\"Jose Luis Torrente\"},\"url\":\"https:\/\/sidimurcia.org\/index.php\/author\/joseltorrente\/\"}]}<\/script>\n<!-- \/ Yoast SEO plugin. -->","yoast_head_json":{"title":"Convocatoria del procedimiento para la integraci\u00f3n del Profesorado del Cuerpo, a extinguir, de Profesores T\u00e9cnicos de FP en el de Profesores de Secundaria - SIDI","description":"Sindicato Independiente de Docentes. Funcionarios e Interinos. Afiliaci\u00f3n 1eur\/mes. Defendemos la educaci\u00f3n p\u00fablica.","robots":{"index":"index","follow":"follow","max-snippet":"max-snippet:-1","max-image-preview":"max-image-preview:large","max-video-preview":"max-video-preview:-1"},"canonical":"https:\/\/sidimurcia.org\/index.php\/2023\/03\/27\/convocatoria-del-procedimiento-para-la-integracion-del-profesorado-del-cuerpo-a-extinguir-de-profesores-tecnicos-de-fp-en-el-de-profesores-de-secundaria\/","og_locale":"es_ES","og_type":"article","og_title":"Convocatoria del procedimiento para la integraci\u00f3n del Profesorado del Cuerpo, a extinguir, de Profesores T\u00e9cnicos de FP en el de Profesores de Secundaria - SIDI","og_description":"Sindicato Independiente de Docentes. Funcionarios e Interinos. Afiliaci\u00f3n 1eur\/mes. Defendemos la educaci\u00f3n p\u00fablica.","og_url":"https:\/\/sidimurcia.org\/index.php\/2023\/03\/27\/convocatoria-del-procedimiento-para-la-integracion-del-profesorado-del-cuerpo-a-extinguir-de-profesores-tecnicos-de-fp-en-el-de-profesores-de-secundaria\/","og_site_name":"SIDI","article_publisher":"https:\/\/es-es.facebook.com\/sidi.sindicatodedocentes","article_published_time":"2023-03-27T06:40:47+00:00","article_modified_time":"2023-04-27T07:37:44+00:00","author":"Jose Luis Torrente","twitter_card":"summary_large_image","twitter_creator":"@SIDIMURCIA","twitter_site":"@SIDIMURCIA","twitter_misc":{"Escrito por":"Jose Luis Torrente","Tiempo de lectura":"2 minutos"},"schema":{"@context":"https:\/\/schema.org","@graph":[{"@type":"Article","@id":"https:\/\/sidimurcia.org\/index.php\/2023\/03\/27\/convocatoria-del-procedimiento-para-la-integracion-del-profesorado-del-cuerpo-a-extinguir-de-profesores-tecnicos-de-fp-en-el-de-profesores-de-secundaria\/#article","isPartOf":{"@id":"https:\/\/sidimurcia.org\/index.php\/2023\/03\/27\/convocatoria-del-procedimiento-para-la-integracion-del-profesorado-del-cuerpo-a-extinguir-de-profesores-tecnicos-de-fp-en-el-de-profesores-de-secundaria\/"},"author":{"name":"Jose Luis Torrente","@id":"https:\/\/sidimurcia.org\/#\/schema\/person\/3f3207f88fb267669a31f8f46f76f86c"},"headline":"Convocatoria del procedimiento para la integraci\u00f3n del Profesorado del Cuerpo, a extinguir, de Profesores T\u00e9cnicos de FP en el de Profesores de Secundaria","datePublished":"2023-03-27T06:40:47+00:00","dateModified":"2023-04-27T07:37:44+00:00","mainEntityOfPage":{"@id":"https:\/\/sidimurcia.org\/index.php\/2023\/03\/27\/convocatoria-del-procedimiento-para-la-integracion-del-profesorado-del-cuerpo-a-extinguir-de-profesores-tecnicos-de-fp-en-el-de-profesores-de-secundaria\/"},"wordCount":393,"publisher":{"@id":"https:\/\/sidimurcia.org\/#organization"},"articleSection":["Normativa","Normativa CARM"],"inLanguage":"es"},{"@type":"WebPage","@id":"https:\/\/sidimurcia.org\/index.php\/2023\/03\/27\/convocatoria-del-procedimiento-para-la-integracion-del-profesorado-del-cuerpo-a-extinguir-de-profesores-tecnicos-de-fp-en-el-de-profesores-de-secundaria\/","url":"https:\/\/sidimurcia.org\/index.php\/2023\/03\/27\/convocatoria-del-procedimiento-para-la-integracion-del-profesorado-del-cuerpo-a-extinguir-de-profesores-tecnicos-de-fp-en-el-de-profesores-de-secundaria\/","name":"Convocatoria del procedimiento para la integraci\u00f3n del Profesorado del Cuerpo, a extinguir, de Profesores T\u00e9cnicos de FP en el de Profesores de Secundaria - SIDI","isPartOf":{"@id":"https:\/\/sidimurcia.org\/#website"},"datePublished":"2023-03-27T06:40:47+00:00","dateModified":"2023-04-27T07:37:44+00:00","description":"Sindicato Independiente de Docentes. Funcionarios e Interinos. Afiliaci\u00f3n 1eur\/mes. Defendemos la educaci\u00f3n p\u00fablica.","breadcrumb":{"@id":"https:\/\/sidimurcia.org\/index.php\/2023\/03\/27\/convocatoria-del-procedimiento-para-la-integracion-del-profesorado-del-cuerpo-a-extinguir-de-profesores-tecnicos-de-fp-en-el-de-profesores-de-secundaria\/#breadcrumb"},"inLanguage":"es","potentialAction":[{"@type":"ReadAction","target":["https:\/\/sidimurcia.org\/index.php\/2023\/03\/27\/convocatoria-del-procedimiento-para-la-integracion-del-profesorado-del-cuerpo-a-extinguir-de-profesores-tecnicos-de-fp-en-el-de-profesores-de-secundaria\/"]}]},{"@type":"BreadcrumbList","@id":"https:\/\/sidimurcia.org\/index.php\/2023\/03\/27\/convocatoria-del-procedimiento-para-la-integracion-del-profesorado-del-cuerpo-a-extinguir-de-profesores-tecnicos-de-fp-en-el-de-profesores-de-secundaria\/#breadcrumb","itemListElement":[{"@type":"ListItem","position":1,"name":"Portada","item":"https:\/\/sidimurcia.org\/"},{"@type":"ListItem","position":2,"name":"Convocatoria del procedimiento para la integraci\u00f3n del Profesorado del Cuerpo, a extinguir, de Profesores T\u00e9cnicos de FP en el de Profesores de Secundaria"}]},{"@type":"WebSite","@id":"https:\/\/sidimurcia.org\/#website","url":"https:\/\/sidimurcia.org\/","name":"SIDI","description":"Sindicato Independiente de Docentes","publisher":{"@id":"https:\/\/sidimurcia.org\/#organization"},"potentialAction":[{"@type":"SearchAction","target":{"@type":"EntryPoint","urlTemplate":"https:\/\/sidimurcia.org\/?s={search_term_string}"},"query-input":{"@type":"PropertyValueSpecification","valueRequired":true,"valueName":"search_term_string"}}],"inLanguage":"es"},{"@type":"Organization","@id":"https:\/\/sidimurcia.org\/#organization","name":"Sindicato Independiente de Docentes - SIDI","url":"https:\/\/sidimurcia.org\/","logo":{"@type":"ImageObject","inLanguage":"es","@id":"https:\/\/sidimurcia.org\/#\/schema\/logo\/image\/","url":"https:\/\/sidimurcia.org\/wp-content\/uploads\/cropped-PARAPESTANAWEB-1.jpg","contentUrl":"https:\/\/sidimurcia.org\/wp-content\/uploads\/cropped-PARAPESTANAWEB-1.jpg","width":512,"height":512,"caption":"Sindicato Independiente de Docentes - SIDI"},"image":{"@id":"https:\/\/sidimurcia.org\/#\/schema\/logo\/image\/"},"sameAs":["https:\/\/es-es.facebook.com\/sidi.sindicatodedocentes","https:\/\/x.com\/SIDIMURCIA","https:\/\/www.instagram.com\/sidi_murcia\/","https:\/\/www.youtube.com\/channel\/UCwwdL3uFtDKJdbOfmC70wIQ"]},{"@type":"Person","@id":"https:\/\/sidimurcia.org\/#\/schema\/person\/3f3207f88fb267669a31f8f46f76f86c","name":"Jose Luis Torrente","image":{"@type":"ImageObject","inLanguage":"es","@id":"https:\/\/secure.gravatar.com\/avatar\/8ac4c0d28cf03f62a37681e633afaf3faec3a7bd495cdfb9b6a7ec6cf281b29c?s=96&d=mm&r=g","url":"https:\/\/secure.gravatar.com\/avatar\/8ac4c0d28cf03f62a37681e633afaf3faec3a7bd495cdfb9b6a7ec6cf281b29c?s=96&d=mm&r=g","contentUrl":"https:\/\/secure.gravatar.com\/avatar\/8ac4c0d28cf03f62a37681e633afaf3faec3a7bd495cdfb9b6a7ec6cf281b29c?s=96&d=mm&r=g","caption":"Jose Luis Torrente"},"url":"https:\/\/sidimurcia.org\/index.php\/author\/joseltorrente\/"}]}},"_links":{"self":[{"href":"https:\/\/sidimurcia.org\/index.php\/wp-json\/wp\/v2\/posts\/16499","targetHints":{"allow":["GET"]}}],"collection":[{"href":"https:\/\/sidimurcia.org\/index.php\/wp-json\/wp\/v2\/posts"}],"about":[{"href":"https:\/\/sidimurcia.org\/index.php\/wp-json\/wp\/v2\/types\/post"}],"author":[{"embeddable":true,"href":"https:\/\/sidimurcia.org\/index.php\/wp-json\/wp\/v2\/users\/2"}],"replies":[{"embeddable":true,"href":"https:\/\/sidimurcia.org\/index.php\/wp-json\/wp\/v2\/comments?post=16499"}],"version-history":[{"count":0,"href":"https:\/\/sidimurcia.org\/index.php\/wp-json\/wp\/v2\/posts\/16499\/revisions"}],"wp:attachment":[{"href":"https:\/\/sidimurcia.org\/index.php\/wp-json\/wp\/v2\/media?parent=16499"}],"wp:term":[{"taxonomy":"category","embeddable":true,"href":"https:\/\/sidimurcia.org\/index.php\/wp-json\/wp\/v2\/categories?post=16499"},{"taxonomy":"post_tag","embeddable":true,"href":"https:\/\/sidimurcia.org\/index.php\/wp-json\/wp\/v2\/tags?post=16499"}],"curies":[{"name":"wp","href":"https:\/\/api.w.org\/{rel}","templated":true}]}}