{"id":18795,"date":"2023-10-27T06:47:08","date_gmt":"2023-10-27T06:47:08","guid":{"rendered":"https:\/\/sidimurcia.org\/?p=18795"},"modified":"2023-11-29T07:38:13","modified_gmt":"2023-11-29T07:38:13","slug":"concurso-de-traslados-2023-orden-24-10-2023-de-convocatoria-de-todos-los-cuerpos-docentes","status":"publish","type":"post","link":"https:\/\/sidimurcia.org\/index.php\/2023\/10\/27\/concurso-de-traslados-2023-orden-24-10-2023-de-convocatoria-de-todos-los-cuerpos-docentes\/","title":{"rendered":"CONCURSO DE TRASLADOS 2023: Orden 24\/10\/2023 de convocatoria de todos los cuerpos docentes"},"content":{"rendered":"<ul>\n<li style=\"text-align: justify;\"><a href=\"https:\/\/www.borm.es\/services\/anuncio\/ano\/2023\/numero\/6150\/pdf?id=822528\"><span style=\"font-family: arial, helvetica, sans-serif;\">Orden de 24 de octubre de 2023, de la Consejer\u00eda de Educaci\u00f3n, Formaci\u00f3n Profesional y Empleo, por la que se convoca concurso de traslados para la provisi\u00f3n de plazas correspondientes a los cuerpos de Catedr\u00e1ticos y Profesores de Ense\u00f1anza Secundaria, Catedr\u00e1ticos y Profesores de Escuelas Oficiales de Idiomas, Catedr\u00e1ticos y Profesores de M\u00fasica y Artes Esc\u00e9nicas, Profesores de Artes Pl\u00e1sticas y Dise\u00f1o, Profesores Especialistas en Sectores Singulares de Formaci\u00f3n Profesional, y de Maestros<\/span><\/a>\n<ul>\n<li style=\"text-align: justify;\"><a href=\"https:\/\/www.borm.es\/services\/anuncio\/ano\/2023\/numero\/6797\/pdf?id=823205\"><span style=\"font-family: arial, helvetica, sans-serif;\">Orden de 24 de noviembre de 2023, del Consejero de Educaci\u00f3n, Formaci\u00f3n Profesional y Empleo, de avocaci\u00f3n de la competencia para la Resoluci\u00f3n del concurso de traslados para la provisi\u00f3n de plazas correspondientes a los cuerpos docentes convocados<\/span><\/a><\/li>\n<li><a class=\"enlaceMarron\" title=\"Orden que se delega la competencia atribuida en la Orden  por la que se convoca concurso de traslados para la provisi\u00f3n de plazas correspondientes a los Cuerpos de Catedr\u00e1ticos y Profesores de Ense\u00f1anza Secundaria, Catedr\u00e1ticos y Profesores de Escuelas Oficiales de Idiomas, Catedr\u00e1ticos y Profesores de M\u00fasica y Artes Esc\u00e9nicas, Profesores de Artes Pl\u00e1sticas y Dise\u00f1o, Profesores Especialistas en Sectores Singulares de Formaci\u00f3n Profesional, y de Maestros, en la Secretaria General\" href=\"https:\/\/servicios.educarm.es\/templates\/portal\/ficheros\/websDinamicas\/45\/6833 Delega de competen BORM 29-11-23.pdf\" target=\"_blank\" rel=\"noopener\"><span style=\"font-family: arial, helvetica, sans-serif;\">Orden que se delega la competencia atribuida en la Orden por la que se convoca concurso de traslados para la provisi\u00f3n de plazas correspondientes a los Cuerpos de Catedr\u00e1ticos y Profesores de Ense\u00f1anza Secundaria, Catedr\u00e1ticos y Profesores de Escuelas Oficiales de Idiomas, Catedr\u00e1ticos y Profesores de M\u00fasica y Artes Esc\u00e9nicas, Profesores de Artes Pl\u00e1sticas y Dise\u00f1o, Profesores Especialistas en Sectores Singulares de Formaci\u00f3n Profesional, y de Maestros, en la Secretaria General<\/span><\/a><\/li>\n<\/ul>\n<\/li>\n<\/ul>\n<p style=\"text-align: center;\"><span style=\"font-family: arial, helvetica, sans-serif; color: #3c48a9;\"><strong><span style=\"color: #d4458b;\">Plazo de presentaci\u00f3n desde el 30 de octubre hasta el 20 de noviembre de 2023, ambos inclusive<\/span><br \/>\n<\/strong><\/span><\/p>\n<p style=\"text-align: center;\"><a href=\"https:\/\/sede.carm.es\/web\/pagina?IDCONTENIDO=845&amp;IDTIPO=240&amp;RASTRO=c$m40288\"><span style=\"font-family: arial, helvetica, sans-serif;\">Enlace a sede electr\u00f3nica procedimiento 845:\u00a0 Concurso de traslados de funcionarios de los cuerpos docentes<\/span><\/a><\/p>\n<p style=\"text-align: justify;\"><span style=\"font-family: arial, helvetica, sans-serif;\">Asimismo, se podr\u00e1 acceder a la solicitud a trav\u00e9s de la zona privada del portal educativo \u201cEducarm\u201d en la direcci\u00f3n de internet\u00a0<a title=\"Atenci\u00f3n: Va a abandonar esta Sede Electr\u00f3nica\" href=\"http:\/\/www.educarm.es\/\" target=\"_blank\" rel=\"noopener\">http:\/\/www.educarm.es\u00a0<\/a> con el nombre de \u201cusuario\u201d y contrase\u00f1a de funcionario docente.<\/span><\/p>\n<ul>\n<li><a href=\"https:\/\/docs.google.com\/spreadsheets\/d\/1ic-Gn0ZxaTU4mwVkKLAswVbZ3JKvajNU\/edit?usp=sharing&amp;ouid=110934593836739564667&amp;rtpof=true&amp;sd=true\"><span style=\"font-family: arial, helvetica, sans-serif;\"><strong>Herramienta gratuita de SIDI para el c\u00e1lculo del baremo del concurso de traslados.<\/strong><\/span><\/a> <span style=\"font-family: arial, helvetica, sans-serif;\">(Se debe de descargar el excel en el Pc para poder hacer uso del mismo).<\/span><\/li>\n<li><a href=\"http:\/\/mapaescolar.murciaeduca.es\/mapaescolar\/#\"><span style=\"font-family: arial, helvetica, sans-serif;\">Buscador de centros educativos.<\/span><\/a><\/li>\n<li><a href=\"https:\/\/www.carm.es\/web\/descarga?ARCHIVO=Instrucciones_solicitud.pdf&amp;ALIAS=ARCH&amp;IDCONTENIDO=186909&amp;IDTIPO=60&amp;RASTRO=c798$m3912,73054,73056\"><span style=\"font-family: arial, helvetica, sans-serif;\">Instrucciones para cumplimentar la solicitud<\/span><\/a><\/li>\n<li><a href=\"https:\/\/www.youtube.com\/playlist?list=PL067IKKMBTPBcP_1NAopx_MXoCZphbGd5\"><span style=\"font-family: arial, helvetica, sans-serif;\">VIDEOTUTORIALES SIDI CONCURSO DE TRASLADOS 2023<\/span><\/a><\/li>\n<li><a href=\"https:\/\/drive.google.com\/file\/d\/1WeoIA1ge9rzEEWnWPAEGnYW8Z0E2o0lj\/view?usp=sharing\"><span class=\"C9DxTc \"><span style=\"font-family: arial, helvetica, sans-serif;\">GU\u00cdA SIDI SOBRE ACLARACIONES DEL CONCURSO DE TRASLADOS 2023<\/span> <\/span><\/a><\/li>\n<\/ul>\n<p style=\"text-align: justify;\"><span style=\"font-family: arial, helvetica, sans-serif;\"><span style=\"color: #d4458b;\"><strong>ATENCI\u00d3N NOVEDAD DESDE EL CONCURSO DEL A\u00d1O PASADO (SE INCLUYE EL TIEMPO DE INTERNO\/A):<\/strong><\/span> 1.2 Antig\u00fcedad en el Cuerpo.\u00a0 Por servicios efectivos prestados en situaci\u00f3n de servicio activo como personal funcionario de carrera, <strong>en pr\u00e1cticas o interino<\/strong><\/span><\/p>\n<p style=\"text-align: justify;\"><span style=\"font-family: arial, helvetica, sans-serif;\">Igualmente, procede valorar el desempe\u00f1o de cargos directivos y otras funciones docentes, en el apartado 4 del baremo, y los m\u00e9ritos establecidos en los <strong>subapartados 6.4 y 6.6 de dicho baremo<\/strong>, como funcionarios en pr\u00e1cticas o <strong>interinos.<\/strong><\/span><\/p>\n<p style=\"text-align: justify;\"><span style=\"font-family: arial, helvetica, sans-serif;\"><span style=\"color: #d4458b;\"><strong>NOTA:<\/strong><\/span> En caso de duda o incidencia en cualquier momento del proceso de cumplimentaci\u00f3n de la solicitud se podr\u00e1 contactar con el Servicio de Planificaci\u00f3n y Provisi\u00f3n de Efectivos a trav\u00e9s de la siguiente direcci\u00f3n de Internet: <strong>soporte.educacion@murciaeduca.es<\/strong> indicando en el <strong>ASUNTO: Procedimiento 845<\/strong>.<\/span><\/p>\n<ul style=\"text-align: justify;\">\n<li><span style=\"font-family: arial, helvetica, sans-serif;\"><a href=\"http:\/\/eduwiki.murciaeduca.es\/wiki\/index.php\/Procedimiento_845\">RESPUESTA A PREGUNTAS FRECUENTES<\/a><\/span><\/li>\n<\/ul>\n<p style=\"text-align: justify;\"><span style=\"color: #d4458b;\"><strong><span style=\"font-family: arial, helvetica, sans-serif;\">ANEXOS:<\/span><\/strong><\/span><\/p>\n<ul class=\"listaDocumentos\">\n<li style=\"text-align: justify;\"><span style=\"font-family: arial, helvetica, sans-serif;\"><a title=\"Este enlace se abrir\u00e1 en una nueva ventana\" href=\"https:\/\/sede.carm.es\/documentos\/845\/Modelo_Instancia de participacion.pdf\" target=\"_blank\" rel=\"noopener\">Modelo de instancia de participaci\u00f3n<\/a><\/span><\/li>\n<li style=\"text-align: justify;\"><span style=\"font-family: arial, helvetica, sans-serif;\"><a title=\"Este enlace se abrir\u00e1 en una nueva ventana\" href=\"https:\/\/sede.carm.es\/documentos\/845\/2 anexos i al v centros.pdf\" target=\"_blank\" rel=\"noopener\">Centros educativos (anexos I a V)<\/a><\/span><\/li>\n<li style=\"text-align: justify;\"><span style=\"font-family: arial, helvetica, sans-serif;\"><a title=\"Este enlace se abrir\u00e1 en una nueva ventana\" href=\"https:\/\/sede.carm.es\/documentos\/845\/3 anexo vi.pdf\" target=\"_blank\" rel=\"noopener\">Anexo VI.- Tipos de puestos de los cuerpos de Catedr\u00e1ticos y Profesores de Ense\u00f1anza Secundaria.<\/a><\/span><\/li>\n<li style=\"text-align: justify;\"><span style=\"font-family: arial, helvetica, sans-serif;\"><a title=\"Este enlace se abrir\u00e1 en una nueva ventana\" href=\"https:\/\/sede.carm.es\/documentos\/845\/4 anexo vii.pdf\" target=\"_blank\" rel=\"noopener\">Anexo VII.- Tipos de puestos de los cuerpos de Catedr\u00e1ticos y Profesores de Escuelas Oficiales de Idiomas<\/a><\/span><\/li>\n<li style=\"text-align: justify;\"><span style=\"font-family: arial, helvetica, sans-serif;\"><a title=\"Este enlace se abrir\u00e1 en una nueva ventana\" href=\"https:\/\/sede.carm.es\/documentos\/845\/5 anexo viii.pdf\" target=\"_blank\" rel=\"noopener\">Anexo VIII.- Tipos de puestos de los cuerpos de Catedr\u00e1ticos y Profesores de M\u00fasica y Artes Esc\u00e9nicas<\/a><\/span><\/li>\n<li style=\"text-align: justify;\"><span style=\"font-family: arial, helvetica, sans-serif;\"><a title=\"Este enlace se abrir\u00e1 en una nueva ventana\" href=\"https:\/\/sede.carm.es\/documentos\/845\/6 anexo ix.pdf\" target=\"_blank\" rel=\"noopener\">Anexo IX.-Tipos de puestos del Cuerpo de Profesores de Artes Pl\u00e1sticas y Dise\u00f1o<\/a><\/span><\/li>\n<li style=\"text-align: justify;\"><span style=\"font-family: arial, helvetica, sans-serif;\"><a title=\"Este enlace se abrir\u00e1 en una nueva ventana\" href=\"https:\/\/sede.carm.es\/documentos\/845\/7 anexo x.pdf\" target=\"_blank\" rel=\"noopener\">Anexo X.- Tipos de puestos del Cuerpo de Maestros.<\/a><\/span><\/li>\n<li style=\"text-align: justify;\"><span style=\"font-family: arial, helvetica, sans-serif;\"><a title=\"Este enlace se abrir\u00e1 en una nueva ventana\" href=\"https:\/\/sede.carm.es\/documentos\/845\/8 anexo xi.pdf\" target=\"_blank\" rel=\"noopener\">Anexo XI.- Tipos de puestos del Cuerpo de Profesores Especialistas en Sectores Singulares de Formaci\u00f3n Profesional<\/a><\/span><\/li>\n<li style=\"text-align: justify;\"><span style=\"font-family: arial, helvetica, sans-serif;\"><a title=\"Este enlace se abrir\u00e1 en una nueva ventana\" href=\"https:\/\/sede.carm.es\/documentos\/845\/9 anexo xii.pdf\" target=\"_blank\" rel=\"noopener\">Anexo XII.- Baremo.<\/a><\/span><\/li>\n<li style=\"text-align: justify;\"><span style=\"font-family: arial, helvetica, sans-serif;\"><a title=\"Este enlace se abrir\u00e1 en una nueva ventana\" href=\"https:\/\/sede.carm.es\/documentos\/845\/10 anexo xiii.pdf\" target=\"_blank\" rel=\"noopener\">Anexo XIII.- Instrucciones para cumplimentar la solicitud<\/a><\/span><\/li>\n<li style=\"text-align: justify;\"><span style=\"font-family: arial, helvetica, sans-serif;\"><a title=\"Este enlace se abrir\u00e1 en una nueva ventana\" href=\"https:\/\/sede.carm.es\/documentos\/845\/11 anexo xiv.pdf\" target=\"_blank\" rel=\"noopener\">Anexo XIV.- Modelo de solicitud de valoraci\u00f3n de m\u00e9ritos<\/a><\/span><\/li>\n<li style=\"text-align: justify;\"><span style=\"font-family: arial, helvetica, sans-serif;\"><a title=\"Este enlace se abrir\u00e1 en una nueva ventana\" href=\"https:\/\/sede.carm.es\/documentos\/845\/ANEXO XV DECL atenci\u00f3n educativa preferente_2022_form.pdf\" target=\"_blank\" rel=\"noopener\">Anexo XV.- Declaraci\u00f3n de servicios prestados en centros de atenci\u00f3n educativa preferente<\/a><\/span><\/li>\n<li style=\"text-align: justify;\"><span style=\"font-family: arial, helvetica, sans-serif;\"><a title=\"Este enlace se abrir\u00e1 en una nueva ventana\" href=\"https:\/\/sede.carm.es\/documentos\/845\/13 anexo xvi.pdf\" target=\"_blank\" rel=\"noopener\">Anexo XVI.- Relaci\u00f3n de centros de atenci\u00f3n educativa preferente<\/a><\/span><\/li>\n<li style=\"text-align: justify;\"><span style=\"font-family: arial, helvetica, sans-serif;\"><a title=\"Este enlace se abrir\u00e1 en una nueva ventana\" href=\"https:\/\/sede.carm.es\/documentos\/845\/MODELO DESISTIMIENTO-Formulario-2.pdf\" target=\"_blank\" rel=\"noopener\">Anexo XVII.- Modelo de desistimiento de la solicitud<\/a><\/span><\/li>\n<li style=\"text-align: justify;\"><span style=\"font-family: arial, helvetica, sans-serif;\"><a title=\"Este enlace se abrir\u00e1 en una nueva ventana\" href=\"https:\/\/sede.carm.es\/documentos\/845\/ANEXO XVIII Certificado coord_tutor_RMI_form.pdf\" target=\"_blank\" rel=\"noopener\">Anexo XVIII.- Modelo orientativo de certificado de coordinador, tutor y\/o RMI<\/a><\/span><\/li>\n<li style=\"text-align: justify;\"><span style=\"font-family: arial, helvetica, sans-serif;\"><a title=\"Este enlace se abrir\u00e1 en una nueva ventana\" href=\"https:\/\/sede.carm.es\/documentos\/845\/16 anexo xix.pdf\" target=\"_blank\" rel=\"noopener\">Anexo XIX.- Modelo de comunicaci\u00f3n de permanencia en el centro<\/a><\/span><\/li>\n<li style=\"text-align: justify;\"><span style=\"font-family: arial, helvetica, sans-serif;\"><a title=\"Este enlace se abrir\u00e1 en una nueva ventana\" href=\"https:\/\/sede.carm.es\/documentos\/845\/17 anexo xx.pdf\" target=\"_blank\" rel=\"noopener\">Anexo XX.- Especificaciones para la valoraci\u00f3n de los m\u00e9ritos de los apartados 6.1, 6.2 y 6.3 del baremo.<\/a><\/span><\/li>\n<li style=\"text-align: justify;\"><a href=\"https:\/\/sede.carm.es\/documentos\/845\/ANEXO%20XXI%20%20Instancia%20m%C3%A9ritos%20apartado%206.1.pdf\"><span style=\"font-family: arial, helvetica, sans-serif;\">Anexo XXI.- Instancia para aportar m\u00e9rit<\/span><span style=\"font-family: arial, helvetica, sans-serif;\">os referentes a libros en papel (apartado 6.1, Publicaciones<\/span>)<\/a><\/li>\n<\/ul>\n<p style=\"text-align: justify;\"><span style=\"color: #3c48a9;\"><strong><span style=\"font-family: arial, helvetica, sans-serif;\">Os recordamos que la Orden que regula la concesi\u00f3n de comisiones de servicios de car\u00e1cter humanitario, establece como requisito para la concesi\u00f3n que se hubiese participado en el concurso de traslados para las comisiones de tipo 6.2 y 6.3. (salvo que no se pueda participar en el mismo por no haber trascurrido dos cursos desde el \u00faltimo centro adjudicado)<br \/>\n<\/span><\/strong><\/span><\/p>\n<p style=\"text-align: justify;\"><span style=\"font-family: arial, helvetica, sans-serif;\"><u>6.2.- Por motivos graves de salud.<\/u>(plazo del 1 al 30 de abril)<\/span><\/p>\n<p style=\"text-align: justify;\"><span style=\"font-family: arial, helvetica, sans-serif;\">6.2.a.- Por motivos de salud propios.<\/span><\/p>\n<p style=\"text-align: justify;\"><span style=\"font-family: arial, helvetica, sans-serif;\">6.2.b.- Por motivos de salud de c\u00f3nyuge (o persona con an\u00e1loga relaci\u00f3n de afectividad) o hijos.<\/span><\/p>\n<p style=\"text-align: justify;\"><span style=\"font-family: arial, helvetica, sans-serif;\">6.2.c.- Por motivos de salud de ascendientes en primer grado.<\/span><\/p>\n<p style=\"text-align: justify;\"><span style=\"font-family: arial, helvetica, sans-serif;\"><u>6.3.- Por causas sociales y de cuidado de hijos menores de 12 a\u00f1os. <\/u>(plazo del 1 al 30 de abril).<\/span><\/p>\n<p style=\"text-align: justify;\"><span style=\"font-family: arial, helvetica, sans-serif;\">6.3.a.- Por cuidado de hijo menor de doce a\u00f1os.<\/span><\/p>\n<p style=\"text-align: justify;\"><span style=\"font-family: arial, helvetica, sans-serif;\">6.3.b.- Por motivos de car\u00e1cter social.<\/span><\/p>\n<p style=\"text-align: justify;\"><span style=\"font-family: arial, helvetica, sans-serif;\">6.3.c.- Por conflicto laboral en centros educativos de la CARM.<\/span><\/p>\n","protected":false},"excerpt":{"rendered":"<p>Orden de 24 de octubre de 2023, de la Consejer\u00eda de Educaci\u00f3n, Formaci\u00f3n Profesional y Empleo, por la que se &#8230; <a title=\"CONCURSO DE TRASLADOS 2023: Orden 24\/10\/2023 de convocatoria de todos los cuerpos docentes\" class=\"read-more\" href=\"https:\/\/sidimurcia.org\/index.php\/2023\/10\/27\/concurso-de-traslados-2023-orden-24-10-2023-de-convocatoria-de-todos-los-cuerpos-docentes\/\" aria-label=\"Leer m\u00e1s sobre CONCURSO DE TRASLADOS 2023: Orden 24\/10\/2023 de convocatoria de todos los cuerpos docentes\">Leer mas<\/a><\/p>\n","protected":false},"author":2,"featured_media":0,"comment_status":"closed","ping_status":"closed","sticky":false,"template":"","format":"standard","meta":{"footnotes":""},"categories":[16],"tags":[],"class_list":["post-18795","post","type-post","status-publish","format-standard","hentry","category-concurso-de-traslados"],"yoast_head":"<!-- This site is optimized with the Yoast SEO plugin v27.2 - https:\/\/yoast.com\/product\/yoast-seo-wordpress\/ -->\n<title>CONCURSO DE TRASLADOS 2023: Orden 24\/10\/2023 de convocatoria de todos los cuerpos docentes - SIDI<\/title>\n<meta name=\"description\" content=\"Sindicato Independiente de Docentes. Funcionarios e Interinos. Afiliaci\u00f3n 1eur\/mes. Defendemos la educaci\u00f3n p\u00fablica.\" \/>\n<meta name=\"robots\" content=\"index, follow, max-snippet:-1, max-image-preview:large, max-video-preview:-1\" \/>\n<link rel=\"canonical\" href=\"https:\/\/sidimurcia.org\/index.php\/2023\/10\/27\/concurso-de-traslados-2023-orden-24-10-2023-de-convocatoria-de-todos-los-cuerpos-docentes\/\" \/>\n<meta property=\"og:locale\" content=\"es_ES\" \/>\n<meta property=\"og:type\" content=\"article\" \/>\n<meta property=\"og:title\" content=\"CONCURSO DE TRASLADOS 2023: Orden 24\/10\/2023 de convocatoria de todos los cuerpos docentes - SIDI\" \/>\n<meta property=\"og:description\" content=\"Sindicato Independiente de Docentes. Funcionarios e Interinos. Afiliaci\u00f3n 1eur\/mes. Defendemos la educaci\u00f3n p\u00fablica.\" \/>\n<meta property=\"og:url\" content=\"https:\/\/sidimurcia.org\/index.php\/2023\/10\/27\/concurso-de-traslados-2023-orden-24-10-2023-de-convocatoria-de-todos-los-cuerpos-docentes\/\" \/>\n<meta property=\"og:site_name\" content=\"SIDI\" \/>\n<meta property=\"article:publisher\" content=\"https:\/\/es-es.facebook.com\/sidi.sindicatodedocentes\" \/>\n<meta property=\"article:published_time\" content=\"2023-10-27T06:47:08+00:00\" \/>\n<meta property=\"article:modified_time\" content=\"2023-11-29T07:38:13+00:00\" \/>\n<meta name=\"author\" content=\"Jose Luis Torrente\" \/>\n<meta name=\"twitter:card\" content=\"summary_large_image\" \/>\n<meta name=\"twitter:creator\" content=\"@SIDIMURCIA\" \/>\n<meta name=\"twitter:site\" content=\"@SIDIMURCIA\" \/>\n<meta name=\"twitter:label1\" content=\"Escrito por\" \/>\n\t<meta name=\"twitter:data1\" content=\"Jose Luis Torrente\" \/>\n\t<meta name=\"twitter:label2\" content=\"Tiempo de lectura\" \/>\n\t<meta name=\"twitter:data2\" content=\"4 minutos\" \/>\n<script type=\"application\/ld+json\" class=\"yoast-schema-graph\">{\"@context\":\"https:\/\/schema.org\",\"@graph\":[{\"@type\":\"Article\",\"@id\":\"https:\/\/sidimurcia.org\/index.php\/2023\/10\/27\/concurso-de-traslados-2023-orden-24-10-2023-de-convocatoria-de-todos-los-cuerpos-docentes\/#article\",\"isPartOf\":{\"@id\":\"https:\/\/sidimurcia.org\/index.php\/2023\/10\/27\/concurso-de-traslados-2023-orden-24-10-2023-de-convocatoria-de-todos-los-cuerpos-docentes\/\"},\"author\":{\"name\":\"Jose Luis Torrente\",\"@id\":\"https:\/\/sidimurcia.org\/#\/schema\/person\/3f3207f88fb267669a31f8f46f76f86c\"},\"headline\":\"CONCURSO DE TRASLADOS 2023: Orden 24\/10\/2023 de convocatoria de todos los cuerpos docentes\",\"datePublished\":\"2023-10-27T06:47:08+00:00\",\"dateModified\":\"2023-11-29T07:38:13+00:00\",\"mainEntityOfPage\":{\"@id\":\"https:\/\/sidimurcia.org\/index.php\/2023\/10\/27\/concurso-de-traslados-2023-orden-24-10-2023-de-convocatoria-de-todos-los-cuerpos-docentes\/\"},\"wordCount\":863,\"publisher\":{\"@id\":\"https:\/\/sidimurcia.org\/#organization\"},\"articleSection\":[\"Concurso de traslados\"],\"inLanguage\":\"es\"},{\"@type\":\"WebPage\",\"@id\":\"https:\/\/sidimurcia.org\/index.php\/2023\/10\/27\/concurso-de-traslados-2023-orden-24-10-2023-de-convocatoria-de-todos-los-cuerpos-docentes\/\",\"url\":\"https:\/\/sidimurcia.org\/index.php\/2023\/10\/27\/concurso-de-traslados-2023-orden-24-10-2023-de-convocatoria-de-todos-los-cuerpos-docentes\/\",\"name\":\"CONCURSO DE TRASLADOS 2023: Orden 24\/10\/2023 de convocatoria de todos los cuerpos docentes - SIDI\",\"isPartOf\":{\"@id\":\"https:\/\/sidimurcia.org\/#website\"},\"datePublished\":\"2023-10-27T06:47:08+00:00\",\"dateModified\":\"2023-11-29T07:38:13+00:00\",\"description\":\"Sindicato Independiente de Docentes. Funcionarios e Interinos. Afiliaci\u00f3n 1eur\/mes. Defendemos la educaci\u00f3n p\u00fablica.\",\"breadcrumb\":{\"@id\":\"https:\/\/sidimurcia.org\/index.php\/2023\/10\/27\/concurso-de-traslados-2023-orden-24-10-2023-de-convocatoria-de-todos-los-cuerpos-docentes\/#breadcrumb\"},\"inLanguage\":\"es\",\"potentialAction\":[{\"@type\":\"ReadAction\",\"target\":[\"https:\/\/sidimurcia.org\/index.php\/2023\/10\/27\/concurso-de-traslados-2023-orden-24-10-2023-de-convocatoria-de-todos-los-cuerpos-docentes\/\"]}]},{\"@type\":\"BreadcrumbList\",\"@id\":\"https:\/\/sidimurcia.org\/index.php\/2023\/10\/27\/concurso-de-traslados-2023-orden-24-10-2023-de-convocatoria-de-todos-los-cuerpos-docentes\/#breadcrumb\",\"itemListElement\":[{\"@type\":\"ListItem\",\"position\":1,\"name\":\"Portada\",\"item\":\"https:\/\/sidimurcia.org\/\"},{\"@type\":\"ListItem\",\"position\":2,\"name\":\"CONCURSO DE TRASLADOS 2023: Orden 24\/10\/2023 de convocatoria de todos los cuerpos docentes\"}]},{\"@type\":\"WebSite\",\"@id\":\"https:\/\/sidimurcia.org\/#website\",\"url\":\"https:\/\/sidimurcia.org\/\",\"name\":\"SIDI\",\"description\":\"Sindicato Independiente de Docentes\",\"publisher\":{\"@id\":\"https:\/\/sidimurcia.org\/#organization\"},\"potentialAction\":[{\"@type\":\"SearchAction\",\"target\":{\"@type\":\"EntryPoint\",\"urlTemplate\":\"https:\/\/sidimurcia.org\/?s={search_term_string}\"},\"query-input\":{\"@type\":\"PropertyValueSpecification\",\"valueRequired\":true,\"valueName\":\"search_term_string\"}}],\"inLanguage\":\"es\"},{\"@type\":\"Organization\",\"@id\":\"https:\/\/sidimurcia.org\/#organization\",\"name\":\"Sindicato Independiente de Docentes - SIDI\",\"url\":\"https:\/\/sidimurcia.org\/\",\"logo\":{\"@type\":\"ImageObject\",\"inLanguage\":\"es\",\"@id\":\"https:\/\/sidimurcia.org\/#\/schema\/logo\/image\/\",\"url\":\"https:\/\/sidimurcia.org\/wp-content\/uploads\/cropped-PARAPESTANAWEB-1.jpg\",\"contentUrl\":\"https:\/\/sidimurcia.org\/wp-content\/uploads\/cropped-PARAPESTANAWEB-1.jpg\",\"width\":512,\"height\":512,\"caption\":\"Sindicato Independiente de Docentes - SIDI\"},\"image\":{\"@id\":\"https:\/\/sidimurcia.org\/#\/schema\/logo\/image\/\"},\"sameAs\":[\"https:\/\/es-es.facebook.com\/sidi.sindicatodedocentes\",\"https:\/\/x.com\/SIDIMURCIA\",\"https:\/\/www.instagram.com\/sidi_murcia\/\",\"https:\/\/www.youtube.com\/channel\/UCwwdL3uFtDKJdbOfmC70wIQ\"]},{\"@type\":\"Person\",\"@id\":\"https:\/\/sidimurcia.org\/#\/schema\/person\/3f3207f88fb267669a31f8f46f76f86c\",\"name\":\"Jose Luis Torrente\",\"image\":{\"@type\":\"ImageObject\",\"inLanguage\":\"es\",\"@id\":\"https:\/\/secure.gravatar.com\/avatar\/8ac4c0d28cf03f62a37681e633afaf3faec3a7bd495cdfb9b6a7ec6cf281b29c?s=96&d=mm&r=g\",\"url\":\"https:\/\/secure.gravatar.com\/avatar\/8ac4c0d28cf03f62a37681e633afaf3faec3a7bd495cdfb9b6a7ec6cf281b29c?s=96&d=mm&r=g\",\"contentUrl\":\"https:\/\/secure.gravatar.com\/avatar\/8ac4c0d28cf03f62a37681e633afaf3faec3a7bd495cdfb9b6a7ec6cf281b29c?s=96&d=mm&r=g\",\"caption\":\"Jose Luis Torrente\"},\"url\":\"https:\/\/sidimurcia.org\/index.php\/author\/joseltorrente\/\"}]}<\/script>\n<!-- \/ Yoast SEO plugin. -->","yoast_head_json":{"title":"CONCURSO DE TRASLADOS 2023: Orden 24\/10\/2023 de convocatoria de todos los cuerpos docentes - SIDI","description":"Sindicato Independiente de Docentes. Funcionarios e Interinos. Afiliaci\u00f3n 1eur\/mes. Defendemos la educaci\u00f3n p\u00fablica.","robots":{"index":"index","follow":"follow","max-snippet":"max-snippet:-1","max-image-preview":"max-image-preview:large","max-video-preview":"max-video-preview:-1"},"canonical":"https:\/\/sidimurcia.org\/index.php\/2023\/10\/27\/concurso-de-traslados-2023-orden-24-10-2023-de-convocatoria-de-todos-los-cuerpos-docentes\/","og_locale":"es_ES","og_type":"article","og_title":"CONCURSO DE TRASLADOS 2023: Orden 24\/10\/2023 de convocatoria de todos los cuerpos docentes - SIDI","og_description":"Sindicato Independiente de Docentes. Funcionarios e Interinos. Afiliaci\u00f3n 1eur\/mes. Defendemos la educaci\u00f3n p\u00fablica.","og_url":"https:\/\/sidimurcia.org\/index.php\/2023\/10\/27\/concurso-de-traslados-2023-orden-24-10-2023-de-convocatoria-de-todos-los-cuerpos-docentes\/","og_site_name":"SIDI","article_publisher":"https:\/\/es-es.facebook.com\/sidi.sindicatodedocentes","article_published_time":"2023-10-27T06:47:08+00:00","article_modified_time":"2023-11-29T07:38:13+00:00","author":"Jose Luis Torrente","twitter_card":"summary_large_image","twitter_creator":"@SIDIMURCIA","twitter_site":"@SIDIMURCIA","twitter_misc":{"Escrito por":"Jose Luis Torrente","Tiempo de lectura":"4 minutos"},"schema":{"@context":"https:\/\/schema.org","@graph":[{"@type":"Article","@id":"https:\/\/sidimurcia.org\/index.php\/2023\/10\/27\/concurso-de-traslados-2023-orden-24-10-2023-de-convocatoria-de-todos-los-cuerpos-docentes\/#article","isPartOf":{"@id":"https:\/\/sidimurcia.org\/index.php\/2023\/10\/27\/concurso-de-traslados-2023-orden-24-10-2023-de-convocatoria-de-todos-los-cuerpos-docentes\/"},"author":{"name":"Jose Luis Torrente","@id":"https:\/\/sidimurcia.org\/#\/schema\/person\/3f3207f88fb267669a31f8f46f76f86c"},"headline":"CONCURSO DE TRASLADOS 2023: Orden 24\/10\/2023 de convocatoria de todos los cuerpos docentes","datePublished":"2023-10-27T06:47:08+00:00","dateModified":"2023-11-29T07:38:13+00:00","mainEntityOfPage":{"@id":"https:\/\/sidimurcia.org\/index.php\/2023\/10\/27\/concurso-de-traslados-2023-orden-24-10-2023-de-convocatoria-de-todos-los-cuerpos-docentes\/"},"wordCount":863,"publisher":{"@id":"https:\/\/sidimurcia.org\/#organization"},"articleSection":["Concurso de traslados"],"inLanguage":"es"},{"@type":"WebPage","@id":"https:\/\/sidimurcia.org\/index.php\/2023\/10\/27\/concurso-de-traslados-2023-orden-24-10-2023-de-convocatoria-de-todos-los-cuerpos-docentes\/","url":"https:\/\/sidimurcia.org\/index.php\/2023\/10\/27\/concurso-de-traslados-2023-orden-24-10-2023-de-convocatoria-de-todos-los-cuerpos-docentes\/","name":"CONCURSO DE TRASLADOS 2023: Orden 24\/10\/2023 de convocatoria de todos los cuerpos docentes - SIDI","isPartOf":{"@id":"https:\/\/sidimurcia.org\/#website"},"datePublished":"2023-10-27T06:47:08+00:00","dateModified":"2023-11-29T07:38:13+00:00","description":"Sindicato Independiente de Docentes. Funcionarios e Interinos. Afiliaci\u00f3n 1eur\/mes. Defendemos la educaci\u00f3n p\u00fablica.","breadcrumb":{"@id":"https:\/\/sidimurcia.org\/index.php\/2023\/10\/27\/concurso-de-traslados-2023-orden-24-10-2023-de-convocatoria-de-todos-los-cuerpos-docentes\/#breadcrumb"},"inLanguage":"es","potentialAction":[{"@type":"ReadAction","target":["https:\/\/sidimurcia.org\/index.php\/2023\/10\/27\/concurso-de-traslados-2023-orden-24-10-2023-de-convocatoria-de-todos-los-cuerpos-docentes\/"]}]},{"@type":"BreadcrumbList","@id":"https:\/\/sidimurcia.org\/index.php\/2023\/10\/27\/concurso-de-traslados-2023-orden-24-10-2023-de-convocatoria-de-todos-los-cuerpos-docentes\/#breadcrumb","itemListElement":[{"@type":"ListItem","position":1,"name":"Portada","item":"https:\/\/sidimurcia.org\/"},{"@type":"ListItem","position":2,"name":"CONCURSO DE TRASLADOS 2023: Orden 24\/10\/2023 de convocatoria de todos los cuerpos docentes"}]},{"@type":"WebSite","@id":"https:\/\/sidimurcia.org\/#website","url":"https:\/\/sidimurcia.org\/","name":"SIDI","description":"Sindicato Independiente de Docentes","publisher":{"@id":"https:\/\/sidimurcia.org\/#organization"},"potentialAction":[{"@type":"SearchAction","target":{"@type":"EntryPoint","urlTemplate":"https:\/\/sidimurcia.org\/?s={search_term_string}"},"query-input":{"@type":"PropertyValueSpecification","valueRequired":true,"valueName":"search_term_string"}}],"inLanguage":"es"},{"@type":"Organization","@id":"https:\/\/sidimurcia.org\/#organization","name":"Sindicato Independiente de Docentes - SIDI","url":"https:\/\/sidimurcia.org\/","logo":{"@type":"ImageObject","inLanguage":"es","@id":"https:\/\/sidimurcia.org\/#\/schema\/logo\/image\/","url":"https:\/\/sidimurcia.org\/wp-content\/uploads\/cropped-PARAPESTANAWEB-1.jpg","contentUrl":"https:\/\/sidimurcia.org\/wp-content\/uploads\/cropped-PARAPESTANAWEB-1.jpg","width":512,"height":512,"caption":"Sindicato Independiente de Docentes - SIDI"},"image":{"@id":"https:\/\/sidimurcia.org\/#\/schema\/logo\/image\/"},"sameAs":["https:\/\/es-es.facebook.com\/sidi.sindicatodedocentes","https:\/\/x.com\/SIDIMURCIA","https:\/\/www.instagram.com\/sidi_murcia\/","https:\/\/www.youtube.com\/channel\/UCwwdL3uFtDKJdbOfmC70wIQ"]},{"@type":"Person","@id":"https:\/\/sidimurcia.org\/#\/schema\/person\/3f3207f88fb267669a31f8f46f76f86c","name":"Jose Luis Torrente","image":{"@type":"ImageObject","inLanguage":"es","@id":"https:\/\/secure.gravatar.com\/avatar\/8ac4c0d28cf03f62a37681e633afaf3faec3a7bd495cdfb9b6a7ec6cf281b29c?s=96&d=mm&r=g","url":"https:\/\/secure.gravatar.com\/avatar\/8ac4c0d28cf03f62a37681e633afaf3faec3a7bd495cdfb9b6a7ec6cf281b29c?s=96&d=mm&r=g","contentUrl":"https:\/\/secure.gravatar.com\/avatar\/8ac4c0d28cf03f62a37681e633afaf3faec3a7bd495cdfb9b6a7ec6cf281b29c?s=96&d=mm&r=g","caption":"Jose Luis Torrente"},"url":"https:\/\/sidimurcia.org\/index.php\/author\/joseltorrente\/"}]}},"_links":{"self":[{"href":"https:\/\/sidimurcia.org\/index.php\/wp-json\/wp\/v2\/posts\/18795","targetHints":{"allow":["GET"]}}],"collection":[{"href":"https:\/\/sidimurcia.org\/index.php\/wp-json\/wp\/v2\/posts"}],"about":[{"href":"https:\/\/sidimurcia.org\/index.php\/wp-json\/wp\/v2\/types\/post"}],"author":[{"embeddable":true,"href":"https:\/\/sidimurcia.org\/index.php\/wp-json\/wp\/v2\/users\/2"}],"replies":[{"embeddable":true,"href":"https:\/\/sidimurcia.org\/index.php\/wp-json\/wp\/v2\/comments?post=18795"}],"version-history":[{"count":0,"href":"https:\/\/sidimurcia.org\/index.php\/wp-json\/wp\/v2\/posts\/18795\/revisions"}],"wp:attachment":[{"href":"https:\/\/sidimurcia.org\/index.php\/wp-json\/wp\/v2\/media?parent=18795"}],"wp:term":[{"taxonomy":"category","embeddable":true,"href":"https:\/\/sidimurcia.org\/index.php\/wp-json\/wp\/v2\/categories?post=18795"},{"taxonomy":"post_tag","embeddable":true,"href":"https:\/\/sidimurcia.org\/index.php\/wp-json\/wp\/v2\/tags?post=18795"}],"curies":[{"name":"wp","href":"https:\/\/api.w.org\/{rel}","templated":true}]}}