{"id":19884,"date":"2024-02-08T07:48:30","date_gmt":"2024-02-08T07:48:30","guid":{"rendered":"https:\/\/sidimurcia.org\/?p=19884"},"modified":"2024-06-11T06:02:49","modified_gmt":"2024-06-11T06:02:49","slug":"resolucion-05-02-24-del-convenio-tipo-para-las-practicas-externas-de-alumnos-de-ensenanzas-artisticas-superiores","status":"publish","type":"post","link":"https:\/\/sidimurcia.org\/index.php\/2024\/02\/08\/resolucion-05-02-24-del-convenio-tipo-para-las-practicas-externas-de-alumnos-de-ensenanzas-artisticas-superiores\/","title":{"rendered":"Resoluci\u00f3n 05\/02\/24 del convenio tipo para las pr\u00e1cticas externas de alumnos de Ense\u00f1anzas Art\u00edsticas Superiores."},"content":{"rendered":"<ul>\n<li style=\"text-align: justify;\"><a href=\"https:\/\/www.borm.es\/services\/anuncio\/ano\/2024\/numero\/571\/pdf?id=824465\"><span style=\"font-family: arial, helvetica, sans-serif;\">Resoluci\u00f3n de 5 de febrero de 2024, por la que se dispone la publicaci\u00f3n en el Bolet\u00edn Oficial de la Regi\u00f3n de Murcia del convenio-tipo de colaboraci\u00f3n entre la Comunidad Aut\u00f3noma de la Regi\u00f3n de Murcia a trav\u00e9s de la Consejer\u00eda de Educaci\u00f3n, Formaci\u00f3n Profesional y Empleo, y las empresas, instituciones y entidades colaboradoras, para el desarrollo de pr\u00e1cticas externas de los alumnos matriculados en las Ense\u00f1anzas Art\u00edsticas Superiores.<\/span> <\/a>\n<ul>\n<li><a href=\"https:\/\/www.borm.es\/services\/anuncio\/ano\/2024\/numero\/2955\/pdf?id=827702\"><span style=\"font-family: arial, helvetica, sans-serif;\">Resoluci\u00f3n de 30 de mayo de 2024, por la que se dispone la publicaci\u00f3n en el Bolet\u00edn Oficial de la Regi\u00f3n de Murcia de la subsanaci\u00f3n de error en la Resoluci\u00f3n de 5 de febrero de 2024, por la que se dispone la publicaci\u00f3n en el Bolet\u00edn Oficial de la Regi\u00f3n de Murcia del convenio-tipo de colaboraci\u00f3n entre la Comunidad Aut\u00f3noma de la Regi\u00f3n de Murcia a trav\u00e9s de la Consejer\u00eda de Educaci\u00f3n, Formaci\u00f3n Profesional y Empleo, y las empresas, instituciones y entidades colaboradoras, para el desarrollo de pr\u00e1cticas externas de los alumnos matriculados en las ense\u00f1anzas art\u00edsticas superiores.<\/span><\/a><\/li>\n<\/ul>\n<\/li>\n<\/ul>\n","protected":false},"excerpt":{"rendered":"<p>Resoluci\u00f3n de 5 de febrero de 2024, por la que se dispone la publicaci\u00f3n en el Bolet\u00edn Oficial de la &#8230; <a title=\"Resoluci\u00f3n 05\/02\/24 del convenio tipo para las pr\u00e1cticas externas de alumnos de Ense\u00f1anzas Art\u00edsticas Superiores.\" class=\"read-more\" href=\"https:\/\/sidimurcia.org\/index.php\/2024\/02\/08\/resolucion-05-02-24-del-convenio-tipo-para-las-practicas-externas-de-alumnos-de-ensenanzas-artisticas-superiores\/\" aria-label=\"Leer m\u00e1s sobre Resoluci\u00f3n 05\/02\/24 del convenio tipo para las pr\u00e1cticas externas de alumnos de Ense\u00f1anzas Art\u00edsticas Superiores.\">Leer mas<\/a><\/p>\n","protected":false},"author":2,"featured_media":0,"comment_status":"closed","ping_status":"closed","sticky":false,"template":"","format":"standard","meta":{"footnotes":""},"categories":[46,48],"tags":[],"class_list":["post-19884","post","type-post","status-publish","format-standard","hentry","category-normativa","category-normativa-carm"],"yoast_head":"<!-- This site is optimized with the Yoast SEO plugin v27.2 - https:\/\/yoast.com\/product\/yoast-seo-wordpress\/ -->\n<title>Resoluci\u00f3n 05\/02\/24 del convenio tipo para las pr\u00e1cticas externas de alumnos de Ense\u00f1anzas Art\u00edsticas Superiores. - SIDI<\/title>\n<meta name=\"description\" content=\"Sindicato Independiente de Docentes. Funcionarios e Interinos. Afiliaci\u00f3n 1eur\/mes. Defendemos la educaci\u00f3n p\u00fablica.\" \/>\n<meta name=\"robots\" content=\"index, follow, max-snippet:-1, max-image-preview:large, max-video-preview:-1\" \/>\n<link rel=\"canonical\" href=\"https:\/\/sidimurcia.org\/index.php\/2024\/02\/08\/resolucion-05-02-24-del-convenio-tipo-para-las-practicas-externas-de-alumnos-de-ensenanzas-artisticas-superiores\/\" \/>\n<meta property=\"og:locale\" content=\"es_ES\" \/>\n<meta property=\"og:type\" content=\"article\" \/>\n<meta property=\"og:title\" content=\"Resoluci\u00f3n 05\/02\/24 del convenio tipo para las pr\u00e1cticas externas de alumnos de Ense\u00f1anzas Art\u00edsticas Superiores. - SIDI\" \/>\n<meta property=\"og:description\" content=\"Sindicato Independiente de Docentes. Funcionarios e Interinos. Afiliaci\u00f3n 1eur\/mes. Defendemos la educaci\u00f3n p\u00fablica.\" \/>\n<meta property=\"og:url\" content=\"https:\/\/sidimurcia.org\/index.php\/2024\/02\/08\/resolucion-05-02-24-del-convenio-tipo-para-las-practicas-externas-de-alumnos-de-ensenanzas-artisticas-superiores\/\" \/>\n<meta property=\"og:site_name\" content=\"SIDI\" \/>\n<meta property=\"article:publisher\" content=\"https:\/\/es-es.facebook.com\/sidi.sindicatodedocentes\" \/>\n<meta property=\"article:published_time\" content=\"2024-02-08T07:48:30+00:00\" \/>\n<meta property=\"article:modified_time\" content=\"2024-06-11T06:02:49+00:00\" \/>\n<meta name=\"author\" content=\"Jose Luis Torrente\" \/>\n<meta name=\"twitter:card\" content=\"summary_large_image\" \/>\n<meta name=\"twitter:creator\" content=\"@SIDIMURCIA\" \/>\n<meta name=\"twitter:site\" content=\"@SIDIMURCIA\" \/>\n<meta name=\"twitter:label1\" content=\"Escrito por\" \/>\n\t<meta name=\"twitter:data1\" content=\"Jose Luis Torrente\" \/>\n\t<meta name=\"twitter:label2\" content=\"Tiempo de lectura\" \/>\n\t<meta name=\"twitter:data2\" content=\"1 minuto\" \/>\n<script type=\"application\/ld+json\" class=\"yoast-schema-graph\">{\"@context\":\"https:\/\/schema.org\",\"@graph\":[{\"@type\":\"Article\",\"@id\":\"https:\/\/sidimurcia.org\/index.php\/2024\/02\/08\/resolucion-05-02-24-del-convenio-tipo-para-las-practicas-externas-de-alumnos-de-ensenanzas-artisticas-superiores\/#article\",\"isPartOf\":{\"@id\":\"https:\/\/sidimurcia.org\/index.php\/2024\/02\/08\/resolucion-05-02-24-del-convenio-tipo-para-las-practicas-externas-de-alumnos-de-ensenanzas-artisticas-superiores\/\"},\"author\":{\"name\":\"Jose Luis Torrente\",\"@id\":\"https:\/\/sidimurcia.org\/#\/schema\/person\/3f3207f88fb267669a31f8f46f76f86c\"},\"headline\":\"Resoluci\u00f3n 05\/02\/24 del convenio tipo para las pr\u00e1cticas externas de alumnos de Ense\u00f1anzas Art\u00edsticas Superiores.\",\"datePublished\":\"2024-02-08T07:48:30+00:00\",\"dateModified\":\"2024-06-11T06:02:49+00:00\",\"mainEntityOfPage\":{\"@id\":\"https:\/\/sidimurcia.org\/index.php\/2024\/02\/08\/resolucion-05-02-24-del-convenio-tipo-para-las-practicas-externas-de-alumnos-de-ensenanzas-artisticas-superiores\/\"},\"wordCount\":213,\"publisher\":{\"@id\":\"https:\/\/sidimurcia.org\/#organization\"},\"articleSection\":[\"Normativa\",\"Normativa CARM\"],\"inLanguage\":\"es\"},{\"@type\":\"WebPage\",\"@id\":\"https:\/\/sidimurcia.org\/index.php\/2024\/02\/08\/resolucion-05-02-24-del-convenio-tipo-para-las-practicas-externas-de-alumnos-de-ensenanzas-artisticas-superiores\/\",\"url\":\"https:\/\/sidimurcia.org\/index.php\/2024\/02\/08\/resolucion-05-02-24-del-convenio-tipo-para-las-practicas-externas-de-alumnos-de-ensenanzas-artisticas-superiores\/\",\"name\":\"Resoluci\u00f3n 05\/02\/24 del convenio tipo para las pr\u00e1cticas externas de alumnos de Ense\u00f1anzas Art\u00edsticas Superiores. - SIDI\",\"isPartOf\":{\"@id\":\"https:\/\/sidimurcia.org\/#website\"},\"datePublished\":\"2024-02-08T07:48:30+00:00\",\"dateModified\":\"2024-06-11T06:02:49+00:00\",\"description\":\"Sindicato Independiente de Docentes. Funcionarios e Interinos. Afiliaci\u00f3n 1eur\/mes. Defendemos la educaci\u00f3n p\u00fablica.\",\"breadcrumb\":{\"@id\":\"https:\/\/sidimurcia.org\/index.php\/2024\/02\/08\/resolucion-05-02-24-del-convenio-tipo-para-las-practicas-externas-de-alumnos-de-ensenanzas-artisticas-superiores\/#breadcrumb\"},\"inLanguage\":\"es\",\"potentialAction\":[{\"@type\":\"ReadAction\",\"target\":[\"https:\/\/sidimurcia.org\/index.php\/2024\/02\/08\/resolucion-05-02-24-del-convenio-tipo-para-las-practicas-externas-de-alumnos-de-ensenanzas-artisticas-superiores\/\"]}]},{\"@type\":\"BreadcrumbList\",\"@id\":\"https:\/\/sidimurcia.org\/index.php\/2024\/02\/08\/resolucion-05-02-24-del-convenio-tipo-para-las-practicas-externas-de-alumnos-de-ensenanzas-artisticas-superiores\/#breadcrumb\",\"itemListElement\":[{\"@type\":\"ListItem\",\"position\":1,\"name\":\"Portada\",\"item\":\"https:\/\/sidimurcia.org\/\"},{\"@type\":\"ListItem\",\"position\":2,\"name\":\"Resoluci\u00f3n 05\/02\/24 del convenio tipo para las pr\u00e1cticas externas de alumnos de Ense\u00f1anzas Art\u00edsticas Superiores.\"}]},{\"@type\":\"WebSite\",\"@id\":\"https:\/\/sidimurcia.org\/#website\",\"url\":\"https:\/\/sidimurcia.org\/\",\"name\":\"SIDI\",\"description\":\"Sindicato Independiente de Docentes\",\"publisher\":{\"@id\":\"https:\/\/sidimurcia.org\/#organization\"},\"potentialAction\":[{\"@type\":\"SearchAction\",\"target\":{\"@type\":\"EntryPoint\",\"urlTemplate\":\"https:\/\/sidimurcia.org\/?s={search_term_string}\"},\"query-input\":{\"@type\":\"PropertyValueSpecification\",\"valueRequired\":true,\"valueName\":\"search_term_string\"}}],\"inLanguage\":\"es\"},{\"@type\":\"Organization\",\"@id\":\"https:\/\/sidimurcia.org\/#organization\",\"name\":\"Sindicato Independiente de Docentes - SIDI\",\"url\":\"https:\/\/sidimurcia.org\/\",\"logo\":{\"@type\":\"ImageObject\",\"inLanguage\":\"es\",\"@id\":\"https:\/\/sidimurcia.org\/#\/schema\/logo\/image\/\",\"url\":\"https:\/\/sidimurcia.org\/wp-content\/uploads\/cropped-PARAPESTANAWEB-1.jpg\",\"contentUrl\":\"https:\/\/sidimurcia.org\/wp-content\/uploads\/cropped-PARAPESTANAWEB-1.jpg\",\"width\":512,\"height\":512,\"caption\":\"Sindicato Independiente de Docentes - SIDI\"},\"image\":{\"@id\":\"https:\/\/sidimurcia.org\/#\/schema\/logo\/image\/\"},\"sameAs\":[\"https:\/\/es-es.facebook.com\/sidi.sindicatodedocentes\",\"https:\/\/x.com\/SIDIMURCIA\",\"https:\/\/www.instagram.com\/sidi_murcia\/\",\"https:\/\/www.youtube.com\/channel\/UCwwdL3uFtDKJdbOfmC70wIQ\"]},{\"@type\":\"Person\",\"@id\":\"https:\/\/sidimurcia.org\/#\/schema\/person\/3f3207f88fb267669a31f8f46f76f86c\",\"name\":\"Jose Luis Torrente\",\"image\":{\"@type\":\"ImageObject\",\"inLanguage\":\"es\",\"@id\":\"https:\/\/secure.gravatar.com\/avatar\/8ac4c0d28cf03f62a37681e633afaf3faec3a7bd495cdfb9b6a7ec6cf281b29c?s=96&d=mm&r=g\",\"url\":\"https:\/\/secure.gravatar.com\/avatar\/8ac4c0d28cf03f62a37681e633afaf3faec3a7bd495cdfb9b6a7ec6cf281b29c?s=96&d=mm&r=g\",\"contentUrl\":\"https:\/\/secure.gravatar.com\/avatar\/8ac4c0d28cf03f62a37681e633afaf3faec3a7bd495cdfb9b6a7ec6cf281b29c?s=96&d=mm&r=g\",\"caption\":\"Jose Luis Torrente\"},\"url\":\"https:\/\/sidimurcia.org\/index.php\/author\/joseltorrente\/\"}]}<\/script>\n<!-- \/ Yoast SEO plugin. -->","yoast_head_json":{"title":"Resoluci\u00f3n 05\/02\/24 del convenio tipo para las pr\u00e1cticas externas de alumnos de Ense\u00f1anzas Art\u00edsticas Superiores. - SIDI","description":"Sindicato Independiente de Docentes. Funcionarios e Interinos. Afiliaci\u00f3n 1eur\/mes. Defendemos la educaci\u00f3n p\u00fablica.","robots":{"index":"index","follow":"follow","max-snippet":"max-snippet:-1","max-image-preview":"max-image-preview:large","max-video-preview":"max-video-preview:-1"},"canonical":"https:\/\/sidimurcia.org\/index.php\/2024\/02\/08\/resolucion-05-02-24-del-convenio-tipo-para-las-practicas-externas-de-alumnos-de-ensenanzas-artisticas-superiores\/","og_locale":"es_ES","og_type":"article","og_title":"Resoluci\u00f3n 05\/02\/24 del convenio tipo para las pr\u00e1cticas externas de alumnos de Ense\u00f1anzas Art\u00edsticas Superiores. - SIDI","og_description":"Sindicato Independiente de Docentes. Funcionarios e Interinos. Afiliaci\u00f3n 1eur\/mes. Defendemos la educaci\u00f3n p\u00fablica.","og_url":"https:\/\/sidimurcia.org\/index.php\/2024\/02\/08\/resolucion-05-02-24-del-convenio-tipo-para-las-practicas-externas-de-alumnos-de-ensenanzas-artisticas-superiores\/","og_site_name":"SIDI","article_publisher":"https:\/\/es-es.facebook.com\/sidi.sindicatodedocentes","article_published_time":"2024-02-08T07:48:30+00:00","article_modified_time":"2024-06-11T06:02:49+00:00","author":"Jose Luis Torrente","twitter_card":"summary_large_image","twitter_creator":"@SIDIMURCIA","twitter_site":"@SIDIMURCIA","twitter_misc":{"Escrito por":"Jose Luis Torrente","Tiempo de lectura":"1 minuto"},"schema":{"@context":"https:\/\/schema.org","@graph":[{"@type":"Article","@id":"https:\/\/sidimurcia.org\/index.php\/2024\/02\/08\/resolucion-05-02-24-del-convenio-tipo-para-las-practicas-externas-de-alumnos-de-ensenanzas-artisticas-superiores\/#article","isPartOf":{"@id":"https:\/\/sidimurcia.org\/index.php\/2024\/02\/08\/resolucion-05-02-24-del-convenio-tipo-para-las-practicas-externas-de-alumnos-de-ensenanzas-artisticas-superiores\/"},"author":{"name":"Jose Luis Torrente","@id":"https:\/\/sidimurcia.org\/#\/schema\/person\/3f3207f88fb267669a31f8f46f76f86c"},"headline":"Resoluci\u00f3n 05\/02\/24 del convenio tipo para las pr\u00e1cticas externas de alumnos de Ense\u00f1anzas Art\u00edsticas Superiores.","datePublished":"2024-02-08T07:48:30+00:00","dateModified":"2024-06-11T06:02:49+00:00","mainEntityOfPage":{"@id":"https:\/\/sidimurcia.org\/index.php\/2024\/02\/08\/resolucion-05-02-24-del-convenio-tipo-para-las-practicas-externas-de-alumnos-de-ensenanzas-artisticas-superiores\/"},"wordCount":213,"publisher":{"@id":"https:\/\/sidimurcia.org\/#organization"},"articleSection":["Normativa","Normativa CARM"],"inLanguage":"es"},{"@type":"WebPage","@id":"https:\/\/sidimurcia.org\/index.php\/2024\/02\/08\/resolucion-05-02-24-del-convenio-tipo-para-las-practicas-externas-de-alumnos-de-ensenanzas-artisticas-superiores\/","url":"https:\/\/sidimurcia.org\/index.php\/2024\/02\/08\/resolucion-05-02-24-del-convenio-tipo-para-las-practicas-externas-de-alumnos-de-ensenanzas-artisticas-superiores\/","name":"Resoluci\u00f3n 05\/02\/24 del convenio tipo para las pr\u00e1cticas externas de alumnos de Ense\u00f1anzas Art\u00edsticas Superiores. - SIDI","isPartOf":{"@id":"https:\/\/sidimurcia.org\/#website"},"datePublished":"2024-02-08T07:48:30+00:00","dateModified":"2024-06-11T06:02:49+00:00","description":"Sindicato Independiente de Docentes. Funcionarios e Interinos. Afiliaci\u00f3n 1eur\/mes. Defendemos la educaci\u00f3n p\u00fablica.","breadcrumb":{"@id":"https:\/\/sidimurcia.org\/index.php\/2024\/02\/08\/resolucion-05-02-24-del-convenio-tipo-para-las-practicas-externas-de-alumnos-de-ensenanzas-artisticas-superiores\/#breadcrumb"},"inLanguage":"es","potentialAction":[{"@type":"ReadAction","target":["https:\/\/sidimurcia.org\/index.php\/2024\/02\/08\/resolucion-05-02-24-del-convenio-tipo-para-las-practicas-externas-de-alumnos-de-ensenanzas-artisticas-superiores\/"]}]},{"@type":"BreadcrumbList","@id":"https:\/\/sidimurcia.org\/index.php\/2024\/02\/08\/resolucion-05-02-24-del-convenio-tipo-para-las-practicas-externas-de-alumnos-de-ensenanzas-artisticas-superiores\/#breadcrumb","itemListElement":[{"@type":"ListItem","position":1,"name":"Portada","item":"https:\/\/sidimurcia.org\/"},{"@type":"ListItem","position":2,"name":"Resoluci\u00f3n 05\/02\/24 del convenio tipo para las pr\u00e1cticas externas de alumnos de Ense\u00f1anzas Art\u00edsticas Superiores."}]},{"@type":"WebSite","@id":"https:\/\/sidimurcia.org\/#website","url":"https:\/\/sidimurcia.org\/","name":"SIDI","description":"Sindicato Independiente de Docentes","publisher":{"@id":"https:\/\/sidimurcia.org\/#organization"},"potentialAction":[{"@type":"SearchAction","target":{"@type":"EntryPoint","urlTemplate":"https:\/\/sidimurcia.org\/?s={search_term_string}"},"query-input":{"@type":"PropertyValueSpecification","valueRequired":true,"valueName":"search_term_string"}}],"inLanguage":"es"},{"@type":"Organization","@id":"https:\/\/sidimurcia.org\/#organization","name":"Sindicato Independiente de Docentes - SIDI","url":"https:\/\/sidimurcia.org\/","logo":{"@type":"ImageObject","inLanguage":"es","@id":"https:\/\/sidimurcia.org\/#\/schema\/logo\/image\/","url":"https:\/\/sidimurcia.org\/wp-content\/uploads\/cropped-PARAPESTANAWEB-1.jpg","contentUrl":"https:\/\/sidimurcia.org\/wp-content\/uploads\/cropped-PARAPESTANAWEB-1.jpg","width":512,"height":512,"caption":"Sindicato Independiente de Docentes - SIDI"},"image":{"@id":"https:\/\/sidimurcia.org\/#\/schema\/logo\/image\/"},"sameAs":["https:\/\/es-es.facebook.com\/sidi.sindicatodedocentes","https:\/\/x.com\/SIDIMURCIA","https:\/\/www.instagram.com\/sidi_murcia\/","https:\/\/www.youtube.com\/channel\/UCwwdL3uFtDKJdbOfmC70wIQ"]},{"@type":"Person","@id":"https:\/\/sidimurcia.org\/#\/schema\/person\/3f3207f88fb267669a31f8f46f76f86c","name":"Jose Luis Torrente","image":{"@type":"ImageObject","inLanguage":"es","@id":"https:\/\/secure.gravatar.com\/avatar\/8ac4c0d28cf03f62a37681e633afaf3faec3a7bd495cdfb9b6a7ec6cf281b29c?s=96&d=mm&r=g","url":"https:\/\/secure.gravatar.com\/avatar\/8ac4c0d28cf03f62a37681e633afaf3faec3a7bd495cdfb9b6a7ec6cf281b29c?s=96&d=mm&r=g","contentUrl":"https:\/\/secure.gravatar.com\/avatar\/8ac4c0d28cf03f62a37681e633afaf3faec3a7bd495cdfb9b6a7ec6cf281b29c?s=96&d=mm&r=g","caption":"Jose Luis Torrente"},"url":"https:\/\/sidimurcia.org\/index.php\/author\/joseltorrente\/"}]}},"_links":{"self":[{"href":"https:\/\/sidimurcia.org\/index.php\/wp-json\/wp\/v2\/posts\/19884","targetHints":{"allow":["GET"]}}],"collection":[{"href":"https:\/\/sidimurcia.org\/index.php\/wp-json\/wp\/v2\/posts"}],"about":[{"href":"https:\/\/sidimurcia.org\/index.php\/wp-json\/wp\/v2\/types\/post"}],"author":[{"embeddable":true,"href":"https:\/\/sidimurcia.org\/index.php\/wp-json\/wp\/v2\/users\/2"}],"replies":[{"embeddable":true,"href":"https:\/\/sidimurcia.org\/index.php\/wp-json\/wp\/v2\/comments?post=19884"}],"version-history":[{"count":0,"href":"https:\/\/sidimurcia.org\/index.php\/wp-json\/wp\/v2\/posts\/19884\/revisions"}],"wp:attachment":[{"href":"https:\/\/sidimurcia.org\/index.php\/wp-json\/wp\/v2\/media?parent=19884"}],"wp:term":[{"taxonomy":"category","embeddable":true,"href":"https:\/\/sidimurcia.org\/index.php\/wp-json\/wp\/v2\/categories?post=19884"},{"taxonomy":"post_tag","embeddable":true,"href":"https:\/\/sidimurcia.org\/index.php\/wp-json\/wp\/v2\/tags?post=19884"}],"curies":[{"name":"wp","href":"https:\/\/api.w.org\/{rel}","templated":true}]}}