{"id":19902,"date":"2024-02-09T08:34:34","date_gmt":"2024-02-09T08:34:34","guid":{"rendered":"https:\/\/sidimurcia.org\/?p=19902"},"modified":"2024-02-09T12:33:35","modified_gmt":"2024-02-09T12:33:35","slug":"mefp-programa-intensivo-de-inmersion-linguistica-en-ingles-en-espana-para-alumnos-de-gm-eoi-y-bachillerato-2024","status":"publish","type":"post","link":"https:\/\/sidimurcia.org\/index.php\/2024\/02\/09\/mefp-programa-intensivo-de-inmersion-linguistica-en-ingles-en-espana-para-alumnos-de-gm-eoi-y-bachillerato-2024\/","title":{"rendered":"MEFP: Programa intensivo de inmersi\u00f3n ling\u00fc\u00edstica en ingl\u00e9s en Espa\u00f1a para alumnos de GM, EOI y Bachillerato 2024"},"content":{"rendered":"<ul>\n<li style=\"text-align: justify;\"><span style=\"font-family: arial, helvetica, sans-serif;\"><a href=\"https:\/\/servicios.educarm.es\/templates\/portal\/ficheros\/websDinamicas\/45\/Convocatoria%202024%20BOE%2009-02-24.pdf\">Resoluci\u00f3n de la Secretar\u00eda de Estado de Educaci\u00f3n, por la que se convocan becas para la participaci\u00f3n en un programa intensivo de inmersi\u00f3n ling\u00fc\u00edstica en ingl\u00e9s en Espa\u00f1a, destinadas a estudiantes de Bachillerato, de Grado Medio de Formaci\u00f3n Profesional, de Artes Pl\u00e1sticas y Dise\u00f1o, de Ense\u00f1anzas Deportivas, de Ense\u00f1anzas Profesionales de M\u00fasica y Danza y de Idiomas de Nivel Intermedio y Avanzado, para el a\u00f1o 2024.<\/a> <\/span><\/li>\n<\/ul>\n<div style=\"text-align: center;\"><span style=\"font-family: arial, helvetica, sans-serif;\"><a class=\"boton\" title=\"Enlace externo, se abre en ventana nueva.\" href=\"https:\/\/sede.educacion.gob.es\/sede\/login\/inicio.jjsp?idConvocatoria=2049\" target=\"_blank\" rel=\"external noopener\" data-insuit-uuid=\"9a5ad563-311a-4f82-b57b-4d69bbc706d5\"><strong>Acceso a la tramitaci\u00f3n en sede electr\u00f3nica<\/strong><\/a><\/span><\/div>\n<div><\/div>\n<div class=\"estilo-boton proxima\"><span style=\"font-family: arial, helvetica, sans-serif;\"><strong>Plazo de presentaci\u00f3n de solicitudes: <\/strong>Del 10 de febrero de 2024 a las 00:00 hasta el 21 de marzo de 2024 a las 15:00<\/span><\/div>\n<div><\/div>\n<div>\n<div class=\"subseccion\" role=\"article\" aria-labelledby=\"dg5\" data-insuit-uuid=\"e5c04d4b-450b-476d-8f8b-ca582ec3c03a\">\n<h3><\/h3>\n<h3 id=\"dg5\" style=\"text-align: justify;\"><span style=\"font-family: arial, helvetica, sans-serif; color: #d4458b;\">Requisitos<\/span><\/h3>\n<div class=\"cte\" style=\"text-align: justify;\">\n<ul>\n<li><span style=\"font-family: arial, helvetica, sans-serif;\">Haber nacido entre el 1 de enero de 2004 y el 31 de diciembre del 2007.<\/span><\/li>\n<li><span style=\"font-family: arial, helvetica, sans-serif;\">Haber obtenido en el curso 2023-2024 la condici\u00f3n de becario del Ministerio de Educaci\u00f3n Formaci\u00f3n Profesional y Deportes en alguno de los estudios rese\u00f1ados en el punto siguiente conforme a la Resoluci\u00f3n de 15 de marzo de 2023, de la Secretar\u00eda de Estado de Educaci\u00f3n, por la que se convocan becas de car\u00e1cter general, para el curso acad\u00e9mico 2023-2024, para estudiantes que cursen estudios postobligatorios. (Extracto publicado en el BOE del 17 de marzo).<\/span><\/li>\n<li><span style=\"font-family: arial, helvetica, sans-serif;\">Estar matriculado en el curso 2023\/24 en cualquier curso de alguno de los siguientes estudios:<\/span>\n<ul>\n<li><span style=\"font-family: arial, helvetica, sans-serif;\">Bachillerato<\/span><\/li>\n<li><span style=\"font-family: arial, helvetica, sans-serif;\">Ense\u00f1anzas profesionales de m\u00fasica y danza<\/span><\/li>\n<li><span style=\"font-family: arial, helvetica, sans-serif;\">Grado medio de Formaci\u00f3n Profesional<\/span><\/li>\n<li><span style=\"font-family: arial, helvetica, sans-serif;\">Grado medio de artes pl\u00e1sticas y dise\u00f1o<\/span><\/li>\n<li><span style=\"font-family: arial, helvetica, sans-serif;\">Grado medio de ense\u00f1anzas deportivas<\/span><\/li>\n<li><span style=\"font-family: arial, helvetica, sans-serif;\">Ense\u00f1anzas de idiomas de nivel intermedio o avanzado<\/span><\/li>\n<\/ul>\n<\/li>\n<li><span style=\"font-family: arial, helvetica, sans-serif;\">Tener aprobadas todas las asignaturas del curso 2022-2023 a fecha de finalizaci\u00f3n del curso con una nota final m\u00ednima de 9,00 en la asignatura de ingl\u00e9s.<\/span><\/li>\n<li><span style=\"font-family: arial, helvetica, sans-serif;\">Tendr\u00e1n preferencia los solicitantes que hayan obtenido una puntuaci\u00f3n superior en la asignatura de ingl\u00e9s. A esta nota se sumar\u00e1n 1,5 puntos a los solicitantes de nueva adjudicaci\u00f3n.<\/span><\/li>\n<\/ul>\n<\/div>\n<\/div>\n<div class=\"subseccion\" role=\"article\" aria-labelledby=\"dg7\" data-insuit-uuid=\"b2f60513-45dd-4824-af45-b438a06e0afb\">\n<h3 id=\"dg7\" style=\"text-align: justify;\"><span style=\"font-family: arial, helvetica, sans-serif; color: #d4458b;\">Dotaci\u00f3n<br \/>\n<\/span><span style=\"font-family: arial, helvetica, sans-serif; font-size: 16px;\">La ayuda cubre todos los gastos de ense\u00f1anza, material, manutenci\u00f3n y alojamiento. El transporte hasta las instalaciones corre por cuenta del alumno que, asimismo, debe abonar 100 euros a la empresa.<\/span><\/h3>\n<\/div>\n<\/div>\n<ul>\n<li style=\"text-align: justify;\"><span style=\"font-family: arial, helvetica, sans-serif;\"><a href=\"https:\/\/www.educacionyfp.gob.es\/servicios-al-ciudadano\/catalogo\/general\/99\/998697\/ficha\/998697-2024.html\">\u00a0EN ESTE ENLACE DISPONES DE TODA LA INFORMACI\u00d3N<\/a><br \/>\n<\/span><\/li>\n<\/ul>\n","protected":false},"excerpt":{"rendered":"<p>Resoluci\u00f3n de la Secretar\u00eda de Estado de Educaci\u00f3n, por la que se convocan becas para la participaci\u00f3n en un programa &#8230; <a title=\"MEFP: Programa intensivo de inmersi\u00f3n ling\u00fc\u00edstica en ingl\u00e9s en Espa\u00f1a para alumnos de GM, EOI y Bachillerato 2024\" class=\"read-more\" href=\"https:\/\/sidimurcia.org\/index.php\/2024\/02\/09\/mefp-programa-intensivo-de-inmersion-linguistica-en-ingles-en-espana-para-alumnos-de-gm-eoi-y-bachillerato-2024\/\" aria-label=\"Leer m\u00e1s sobre MEFP: Programa intensivo de inmersi\u00f3n ling\u00fc\u00edstica en ingl\u00e9s en Espa\u00f1a para alumnos de GM, EOI y Bachillerato 2024\">Leer mas<\/a><\/p>\n","protected":false},"author":2,"featured_media":0,"comment_status":"closed","ping_status":"closed","sticky":false,"template":"","format":"standard","meta":{"footnotes":""},"categories":[7,6],"tags":[],"class_list":["post-19902","post","type-post","status-publish","format-standard","hentry","category-alumnado","category-ayudas"],"yoast_head":"<!-- This site is optimized with the Yoast SEO plugin v27.2 - https:\/\/yoast.com\/product\/yoast-seo-wordpress\/ -->\n<title>MEFP: Programa intensivo de inmersi\u00f3n ling\u00fc\u00edstica en ingl\u00e9s en Espa\u00f1a para alumnos de GM, EOI y Bachillerato 2024 - SIDI<\/title>\n<meta name=\"description\" content=\"Sindicato Independiente de Docentes. Funcionarios e Interinos. Afiliaci\u00f3n 1eur\/mes. Defendemos la educaci\u00f3n p\u00fablica.\" \/>\n<meta name=\"robots\" content=\"index, follow, max-snippet:-1, max-image-preview:large, max-video-preview:-1\" \/>\n<link rel=\"canonical\" href=\"https:\/\/sidimurcia.org\/index.php\/2024\/02\/09\/mefp-programa-intensivo-de-inmersion-linguistica-en-ingles-en-espana-para-alumnos-de-gm-eoi-y-bachillerato-2024\/\" \/>\n<meta property=\"og:locale\" content=\"es_ES\" \/>\n<meta property=\"og:type\" content=\"article\" \/>\n<meta property=\"og:title\" content=\"MEFP: Programa intensivo de inmersi\u00f3n ling\u00fc\u00edstica en ingl\u00e9s en Espa\u00f1a para alumnos de GM, EOI y Bachillerato 2024 - SIDI\" \/>\n<meta property=\"og:description\" content=\"Sindicato Independiente de Docentes. Funcionarios e Interinos. Afiliaci\u00f3n 1eur\/mes. Defendemos la educaci\u00f3n p\u00fablica.\" \/>\n<meta property=\"og:url\" content=\"https:\/\/sidimurcia.org\/index.php\/2024\/02\/09\/mefp-programa-intensivo-de-inmersion-linguistica-en-ingles-en-espana-para-alumnos-de-gm-eoi-y-bachillerato-2024\/\" \/>\n<meta property=\"og:site_name\" content=\"SIDI\" \/>\n<meta property=\"article:publisher\" content=\"https:\/\/es-es.facebook.com\/sidi.sindicatodedocentes\" \/>\n<meta property=\"article:published_time\" content=\"2024-02-09T08:34:34+00:00\" \/>\n<meta property=\"article:modified_time\" content=\"2024-02-09T12:33:35+00:00\" \/>\n<meta name=\"author\" content=\"Jose Luis Torrente\" \/>\n<meta name=\"twitter:card\" content=\"summary_large_image\" \/>\n<meta name=\"twitter:creator\" content=\"@SIDIMURCIA\" \/>\n<meta name=\"twitter:site\" content=\"@SIDIMURCIA\" \/>\n<meta name=\"twitter:label1\" content=\"Escrito por\" \/>\n\t<meta name=\"twitter:data1\" content=\"Jose Luis Torrente\" \/>\n\t<meta name=\"twitter:label2\" content=\"Tiempo de lectura\" \/>\n\t<meta name=\"twitter:data2\" content=\"2 minutos\" \/>\n<script type=\"application\/ld+json\" class=\"yoast-schema-graph\">{\"@context\":\"https:\/\/schema.org\",\"@graph\":[{\"@type\":\"Article\",\"@id\":\"https:\/\/sidimurcia.org\/index.php\/2024\/02\/09\/mefp-programa-intensivo-de-inmersion-linguistica-en-ingles-en-espana-para-alumnos-de-gm-eoi-y-bachillerato-2024\/#article\",\"isPartOf\":{\"@id\":\"https:\/\/sidimurcia.org\/index.php\/2024\/02\/09\/mefp-programa-intensivo-de-inmersion-linguistica-en-ingles-en-espana-para-alumnos-de-gm-eoi-y-bachillerato-2024\/\"},\"author\":{\"name\":\"Jose Luis Torrente\",\"@id\":\"https:\/\/sidimurcia.org\/#\/schema\/person\/3f3207f88fb267669a31f8f46f76f86c\"},\"headline\":\"MEFP: Programa intensivo de inmersi\u00f3n ling\u00fc\u00edstica en ingl\u00e9s en Espa\u00f1a para alumnos de GM, EOI y Bachillerato 2024\",\"datePublished\":\"2024-02-09T08:34:34+00:00\",\"dateModified\":\"2024-02-09T12:33:35+00:00\",\"mainEntityOfPage\":{\"@id\":\"https:\/\/sidimurcia.org\/index.php\/2024\/02\/09\/mefp-programa-intensivo-de-inmersion-linguistica-en-ingles-en-espana-para-alumnos-de-gm-eoi-y-bachillerato-2024\/\"},\"wordCount\":378,\"publisher\":{\"@id\":\"https:\/\/sidimurcia.org\/#organization\"},\"articleSection\":[\"Alumnado\",\"Ayudas\"],\"inLanguage\":\"es\"},{\"@type\":\"WebPage\",\"@id\":\"https:\/\/sidimurcia.org\/index.php\/2024\/02\/09\/mefp-programa-intensivo-de-inmersion-linguistica-en-ingles-en-espana-para-alumnos-de-gm-eoi-y-bachillerato-2024\/\",\"url\":\"https:\/\/sidimurcia.org\/index.php\/2024\/02\/09\/mefp-programa-intensivo-de-inmersion-linguistica-en-ingles-en-espana-para-alumnos-de-gm-eoi-y-bachillerato-2024\/\",\"name\":\"MEFP: Programa intensivo de inmersi\u00f3n ling\u00fc\u00edstica en ingl\u00e9s en Espa\u00f1a para alumnos de GM, EOI y Bachillerato 2024 - SIDI\",\"isPartOf\":{\"@id\":\"https:\/\/sidimurcia.org\/#website\"},\"datePublished\":\"2024-02-09T08:34:34+00:00\",\"dateModified\":\"2024-02-09T12:33:35+00:00\",\"description\":\"Sindicato Independiente de Docentes. Funcionarios e Interinos. Afiliaci\u00f3n 1eur\/mes. Defendemos la educaci\u00f3n p\u00fablica.\",\"breadcrumb\":{\"@id\":\"https:\/\/sidimurcia.org\/index.php\/2024\/02\/09\/mefp-programa-intensivo-de-inmersion-linguistica-en-ingles-en-espana-para-alumnos-de-gm-eoi-y-bachillerato-2024\/#breadcrumb\"},\"inLanguage\":\"es\",\"potentialAction\":[{\"@type\":\"ReadAction\",\"target\":[\"https:\/\/sidimurcia.org\/index.php\/2024\/02\/09\/mefp-programa-intensivo-de-inmersion-linguistica-en-ingles-en-espana-para-alumnos-de-gm-eoi-y-bachillerato-2024\/\"]}]},{\"@type\":\"BreadcrumbList\",\"@id\":\"https:\/\/sidimurcia.org\/index.php\/2024\/02\/09\/mefp-programa-intensivo-de-inmersion-linguistica-en-ingles-en-espana-para-alumnos-de-gm-eoi-y-bachillerato-2024\/#breadcrumb\",\"itemListElement\":[{\"@type\":\"ListItem\",\"position\":1,\"name\":\"Portada\",\"item\":\"https:\/\/sidimurcia.org\/\"},{\"@type\":\"ListItem\",\"position\":2,\"name\":\"MEFP: Programa intensivo de inmersi\u00f3n ling\u00fc\u00edstica en ingl\u00e9s en Espa\u00f1a para alumnos de GM, EOI y Bachillerato 2024\"}]},{\"@type\":\"WebSite\",\"@id\":\"https:\/\/sidimurcia.org\/#website\",\"url\":\"https:\/\/sidimurcia.org\/\",\"name\":\"SIDI\",\"description\":\"Sindicato Independiente de Docentes\",\"publisher\":{\"@id\":\"https:\/\/sidimurcia.org\/#organization\"},\"potentialAction\":[{\"@type\":\"SearchAction\",\"target\":{\"@type\":\"EntryPoint\",\"urlTemplate\":\"https:\/\/sidimurcia.org\/?s={search_term_string}\"},\"query-input\":{\"@type\":\"PropertyValueSpecification\",\"valueRequired\":true,\"valueName\":\"search_term_string\"}}],\"inLanguage\":\"es\"},{\"@type\":\"Organization\",\"@id\":\"https:\/\/sidimurcia.org\/#organization\",\"name\":\"Sindicato Independiente de Docentes - SIDI\",\"url\":\"https:\/\/sidimurcia.org\/\",\"logo\":{\"@type\":\"ImageObject\",\"inLanguage\":\"es\",\"@id\":\"https:\/\/sidimurcia.org\/#\/schema\/logo\/image\/\",\"url\":\"https:\/\/sidimurcia.org\/wp-content\/uploads\/cropped-PARAPESTANAWEB-1.jpg\",\"contentUrl\":\"https:\/\/sidimurcia.org\/wp-content\/uploads\/cropped-PARAPESTANAWEB-1.jpg\",\"width\":512,\"height\":512,\"caption\":\"Sindicato Independiente de Docentes - SIDI\"},\"image\":{\"@id\":\"https:\/\/sidimurcia.org\/#\/schema\/logo\/image\/\"},\"sameAs\":[\"https:\/\/es-es.facebook.com\/sidi.sindicatodedocentes\",\"https:\/\/x.com\/SIDIMURCIA\",\"https:\/\/www.instagram.com\/sidi_murcia\/\",\"https:\/\/www.youtube.com\/channel\/UCwwdL3uFtDKJdbOfmC70wIQ\"]},{\"@type\":\"Person\",\"@id\":\"https:\/\/sidimurcia.org\/#\/schema\/person\/3f3207f88fb267669a31f8f46f76f86c\",\"name\":\"Jose Luis Torrente\",\"image\":{\"@type\":\"ImageObject\",\"inLanguage\":\"es\",\"@id\":\"https:\/\/secure.gravatar.com\/avatar\/8ac4c0d28cf03f62a37681e633afaf3faec3a7bd495cdfb9b6a7ec6cf281b29c?s=96&d=mm&r=g\",\"url\":\"https:\/\/secure.gravatar.com\/avatar\/8ac4c0d28cf03f62a37681e633afaf3faec3a7bd495cdfb9b6a7ec6cf281b29c?s=96&d=mm&r=g\",\"contentUrl\":\"https:\/\/secure.gravatar.com\/avatar\/8ac4c0d28cf03f62a37681e633afaf3faec3a7bd495cdfb9b6a7ec6cf281b29c?s=96&d=mm&r=g\",\"caption\":\"Jose Luis Torrente\"},\"url\":\"https:\/\/sidimurcia.org\/index.php\/author\/joseltorrente\/\"}]}<\/script>\n<!-- \/ Yoast SEO plugin. -->","yoast_head_json":{"title":"MEFP: Programa intensivo de inmersi\u00f3n ling\u00fc\u00edstica en ingl\u00e9s en Espa\u00f1a para alumnos de GM, EOI y Bachillerato 2024 - SIDI","description":"Sindicato Independiente de Docentes. Funcionarios e Interinos. Afiliaci\u00f3n 1eur\/mes. Defendemos la educaci\u00f3n p\u00fablica.","robots":{"index":"index","follow":"follow","max-snippet":"max-snippet:-1","max-image-preview":"max-image-preview:large","max-video-preview":"max-video-preview:-1"},"canonical":"https:\/\/sidimurcia.org\/index.php\/2024\/02\/09\/mefp-programa-intensivo-de-inmersion-linguistica-en-ingles-en-espana-para-alumnos-de-gm-eoi-y-bachillerato-2024\/","og_locale":"es_ES","og_type":"article","og_title":"MEFP: Programa intensivo de inmersi\u00f3n ling\u00fc\u00edstica en ingl\u00e9s en Espa\u00f1a para alumnos de GM, EOI y Bachillerato 2024 - SIDI","og_description":"Sindicato Independiente de Docentes. Funcionarios e Interinos. Afiliaci\u00f3n 1eur\/mes. Defendemos la educaci\u00f3n p\u00fablica.","og_url":"https:\/\/sidimurcia.org\/index.php\/2024\/02\/09\/mefp-programa-intensivo-de-inmersion-linguistica-en-ingles-en-espana-para-alumnos-de-gm-eoi-y-bachillerato-2024\/","og_site_name":"SIDI","article_publisher":"https:\/\/es-es.facebook.com\/sidi.sindicatodedocentes","article_published_time":"2024-02-09T08:34:34+00:00","article_modified_time":"2024-02-09T12:33:35+00:00","author":"Jose Luis Torrente","twitter_card":"summary_large_image","twitter_creator":"@SIDIMURCIA","twitter_site":"@SIDIMURCIA","twitter_misc":{"Escrito por":"Jose Luis Torrente","Tiempo de lectura":"2 minutos"},"schema":{"@context":"https:\/\/schema.org","@graph":[{"@type":"Article","@id":"https:\/\/sidimurcia.org\/index.php\/2024\/02\/09\/mefp-programa-intensivo-de-inmersion-linguistica-en-ingles-en-espana-para-alumnos-de-gm-eoi-y-bachillerato-2024\/#article","isPartOf":{"@id":"https:\/\/sidimurcia.org\/index.php\/2024\/02\/09\/mefp-programa-intensivo-de-inmersion-linguistica-en-ingles-en-espana-para-alumnos-de-gm-eoi-y-bachillerato-2024\/"},"author":{"name":"Jose Luis Torrente","@id":"https:\/\/sidimurcia.org\/#\/schema\/person\/3f3207f88fb267669a31f8f46f76f86c"},"headline":"MEFP: Programa intensivo de inmersi\u00f3n ling\u00fc\u00edstica en ingl\u00e9s en Espa\u00f1a para alumnos de GM, EOI y Bachillerato 2024","datePublished":"2024-02-09T08:34:34+00:00","dateModified":"2024-02-09T12:33:35+00:00","mainEntityOfPage":{"@id":"https:\/\/sidimurcia.org\/index.php\/2024\/02\/09\/mefp-programa-intensivo-de-inmersion-linguistica-en-ingles-en-espana-para-alumnos-de-gm-eoi-y-bachillerato-2024\/"},"wordCount":378,"publisher":{"@id":"https:\/\/sidimurcia.org\/#organization"},"articleSection":["Alumnado","Ayudas"],"inLanguage":"es"},{"@type":"WebPage","@id":"https:\/\/sidimurcia.org\/index.php\/2024\/02\/09\/mefp-programa-intensivo-de-inmersion-linguistica-en-ingles-en-espana-para-alumnos-de-gm-eoi-y-bachillerato-2024\/","url":"https:\/\/sidimurcia.org\/index.php\/2024\/02\/09\/mefp-programa-intensivo-de-inmersion-linguistica-en-ingles-en-espana-para-alumnos-de-gm-eoi-y-bachillerato-2024\/","name":"MEFP: Programa intensivo de inmersi\u00f3n ling\u00fc\u00edstica en ingl\u00e9s en Espa\u00f1a para alumnos de GM, EOI y Bachillerato 2024 - SIDI","isPartOf":{"@id":"https:\/\/sidimurcia.org\/#website"},"datePublished":"2024-02-09T08:34:34+00:00","dateModified":"2024-02-09T12:33:35+00:00","description":"Sindicato Independiente de Docentes. Funcionarios e Interinos. Afiliaci\u00f3n 1eur\/mes. Defendemos la educaci\u00f3n p\u00fablica.","breadcrumb":{"@id":"https:\/\/sidimurcia.org\/index.php\/2024\/02\/09\/mefp-programa-intensivo-de-inmersion-linguistica-en-ingles-en-espana-para-alumnos-de-gm-eoi-y-bachillerato-2024\/#breadcrumb"},"inLanguage":"es","potentialAction":[{"@type":"ReadAction","target":["https:\/\/sidimurcia.org\/index.php\/2024\/02\/09\/mefp-programa-intensivo-de-inmersion-linguistica-en-ingles-en-espana-para-alumnos-de-gm-eoi-y-bachillerato-2024\/"]}]},{"@type":"BreadcrumbList","@id":"https:\/\/sidimurcia.org\/index.php\/2024\/02\/09\/mefp-programa-intensivo-de-inmersion-linguistica-en-ingles-en-espana-para-alumnos-de-gm-eoi-y-bachillerato-2024\/#breadcrumb","itemListElement":[{"@type":"ListItem","position":1,"name":"Portada","item":"https:\/\/sidimurcia.org\/"},{"@type":"ListItem","position":2,"name":"MEFP: Programa intensivo de inmersi\u00f3n ling\u00fc\u00edstica en ingl\u00e9s en Espa\u00f1a para alumnos de GM, EOI y Bachillerato 2024"}]},{"@type":"WebSite","@id":"https:\/\/sidimurcia.org\/#website","url":"https:\/\/sidimurcia.org\/","name":"SIDI","description":"Sindicato Independiente de Docentes","publisher":{"@id":"https:\/\/sidimurcia.org\/#organization"},"potentialAction":[{"@type":"SearchAction","target":{"@type":"EntryPoint","urlTemplate":"https:\/\/sidimurcia.org\/?s={search_term_string}"},"query-input":{"@type":"PropertyValueSpecification","valueRequired":true,"valueName":"search_term_string"}}],"inLanguage":"es"},{"@type":"Organization","@id":"https:\/\/sidimurcia.org\/#organization","name":"Sindicato Independiente de Docentes - SIDI","url":"https:\/\/sidimurcia.org\/","logo":{"@type":"ImageObject","inLanguage":"es","@id":"https:\/\/sidimurcia.org\/#\/schema\/logo\/image\/","url":"https:\/\/sidimurcia.org\/wp-content\/uploads\/cropped-PARAPESTANAWEB-1.jpg","contentUrl":"https:\/\/sidimurcia.org\/wp-content\/uploads\/cropped-PARAPESTANAWEB-1.jpg","width":512,"height":512,"caption":"Sindicato Independiente de Docentes - SIDI"},"image":{"@id":"https:\/\/sidimurcia.org\/#\/schema\/logo\/image\/"},"sameAs":["https:\/\/es-es.facebook.com\/sidi.sindicatodedocentes","https:\/\/x.com\/SIDIMURCIA","https:\/\/www.instagram.com\/sidi_murcia\/","https:\/\/www.youtube.com\/channel\/UCwwdL3uFtDKJdbOfmC70wIQ"]},{"@type":"Person","@id":"https:\/\/sidimurcia.org\/#\/schema\/person\/3f3207f88fb267669a31f8f46f76f86c","name":"Jose Luis Torrente","image":{"@type":"ImageObject","inLanguage":"es","@id":"https:\/\/secure.gravatar.com\/avatar\/8ac4c0d28cf03f62a37681e633afaf3faec3a7bd495cdfb9b6a7ec6cf281b29c?s=96&d=mm&r=g","url":"https:\/\/secure.gravatar.com\/avatar\/8ac4c0d28cf03f62a37681e633afaf3faec3a7bd495cdfb9b6a7ec6cf281b29c?s=96&d=mm&r=g","contentUrl":"https:\/\/secure.gravatar.com\/avatar\/8ac4c0d28cf03f62a37681e633afaf3faec3a7bd495cdfb9b6a7ec6cf281b29c?s=96&d=mm&r=g","caption":"Jose Luis Torrente"},"url":"https:\/\/sidimurcia.org\/index.php\/author\/joseltorrente\/"}]}},"_links":{"self":[{"href":"https:\/\/sidimurcia.org\/index.php\/wp-json\/wp\/v2\/posts\/19902","targetHints":{"allow":["GET"]}}],"collection":[{"href":"https:\/\/sidimurcia.org\/index.php\/wp-json\/wp\/v2\/posts"}],"about":[{"href":"https:\/\/sidimurcia.org\/index.php\/wp-json\/wp\/v2\/types\/post"}],"author":[{"embeddable":true,"href":"https:\/\/sidimurcia.org\/index.php\/wp-json\/wp\/v2\/users\/2"}],"replies":[{"embeddable":true,"href":"https:\/\/sidimurcia.org\/index.php\/wp-json\/wp\/v2\/comments?post=19902"}],"version-history":[{"count":0,"href":"https:\/\/sidimurcia.org\/index.php\/wp-json\/wp\/v2\/posts\/19902\/revisions"}],"wp:attachment":[{"href":"https:\/\/sidimurcia.org\/index.php\/wp-json\/wp\/v2\/media?parent=19902"}],"wp:term":[{"taxonomy":"category","embeddable":true,"href":"https:\/\/sidimurcia.org\/index.php\/wp-json\/wp\/v2\/categories?post=19902"},{"taxonomy":"post_tag","embeddable":true,"href":"https:\/\/sidimurcia.org\/index.php\/wp-json\/wp\/v2\/tags?post=19902"}],"curies":[{"name":"wp","href":"https:\/\/api.w.org\/{rel}","templated":true}]}}