{"id":20162,"date":"2024-03-01T09:59:19","date_gmt":"2024-03-01T09:59:19","guid":{"rendered":"https:\/\/sidimurcia.org\/?p=20162"},"modified":"2024-03-01T10:02:06","modified_gmt":"2024-03-01T10:02:06","slug":"concurso-de-traslados-2023-publicadas-puntuaciones-definitivas-del-cuerpo-de-maestros","status":"publish","type":"post","link":"https:\/\/sidimurcia.org\/index.php\/2024\/03\/01\/concurso-de-traslados-2023-publicadas-puntuaciones-definitivas-del-cuerpo-de-maestros\/","title":{"rendered":"CONCURSO DE TRASLADOS 2023: Publicadas puntuaciones DEFINITIVAS del Cuerpo de Maestros"},"content":{"rendered":"<ul>\n<li style=\"text-align: justify;\"><a title=\"Orden de 1 de marzo de 2024 de la Consejer\u00eda de Educaci\u00f3n, Formaci\u00f3n Profesional y Empleo por la que se publican las puntuaciones definitivas de los funcionarios del Cuerpo de Maestros, participantes en el concurso de traslados convocado por Orden de 24 de octubre de 2023 (BORM del 27). - Este enlace se abrir\u00e1 en una nueva ventana\" href=\"https:\/\/www.carm.es\/web\/descarga?ARCHIVO=1%20Orden__P.%20DEFI.PRIMARIA.pdf&amp;ALIAS=ARCH&amp;IDCONTENIDO=189147&amp;IDTIPO=60&amp;RASTRO=c77$m22725,22759,4254\" target=\"_blank\" rel=\"noopener\"><span style=\"font-family: arial, helvetica, sans-serif;\">Orden de 1 de marzo de 2024 de la Consejer\u00eda de Educaci\u00f3n, Formaci\u00f3n Profesional y Empleo por la que se publican las puntuaciones definitivas de los funcionarios del Cuerpo de Maestros, participantes en el concurso de traslados convocado por Orden de 24 de octubre de 2023 (BORM del 27).<\/span><\/a><\/li>\n<\/ul>\n<p style=\"text-align: justify;\"><span style=\"font-family: arial, helvetica, sans-serif; color: #3c48a9;\"><strong>De conformidad con lo dispuesto en el dispongo vig\u00e9simo segundo de la orden de convocatoria, contra esta exposici\u00f3n no cabe reclamaci\u00f3n alguna y <span style=\"text-decoration: underline;\"><span style=\"color: #d4458b; text-decoration: underline;\">habr\u00e1 que esperar a que se publique la resoluci\u00f3n provisional de la convocatoria<\/span><\/span> y se establezca el correspondiente plazo de reclamaciones.<\/strong><\/span><\/p>\n<ul>\n<li style=\"text-align: justify;\"><span style=\"font-family: arial, helvetica, sans-serif;\"><a href=\"https:\/\/docs.google.com\/spreadsheets\/d\/1ic-Gn0ZxaTU4mwVkKLAswVbZ3JKvajNU\/edit?usp=sharing&amp;ouid=110934593836739564667&amp;rtpof=true&amp;sd=true\"><strong>Herramienta gratuita de SIDI para el c\u00e1lculo del baremo del concurso de traslados.<\/strong><\/a> (Se debe de descargar el excel en el Pc para poder hacer uso del mismo).<\/span><\/li>\n<li style=\"text-align: justify;\"><a title=\"Este enlace se abrir\u00e1 en una nueva ventana\" href=\"https:\/\/sede.carm.es\/documentos\/845\/9 anexo xii.pdf\" target=\"_blank\" rel=\"noopener\"><span style=\"font-family: arial, helvetica, sans-serif;\">Anexo XII.- Baremo.<\/span><\/a><\/li>\n<\/ul>\n","protected":false},"excerpt":{"rendered":"<p>Orden de 1 de marzo de 2024 de la Consejer\u00eda de Educaci\u00f3n, Formaci\u00f3n Profesional y Empleo por la que se &#8230; <a title=\"CONCURSO DE TRASLADOS 2023: Publicadas puntuaciones DEFINITIVAS del Cuerpo de Maestros\" class=\"read-more\" href=\"https:\/\/sidimurcia.org\/index.php\/2024\/03\/01\/concurso-de-traslados-2023-publicadas-puntuaciones-definitivas-del-cuerpo-de-maestros\/\" aria-label=\"Leer m\u00e1s sobre CONCURSO DE TRASLADOS 2023: Publicadas puntuaciones DEFINITIVAS del Cuerpo de Maestros\">Leer mas<\/a><\/p>\n","protected":false},"author":2,"featured_media":0,"comment_status":"closed","ping_status":"closed","sticky":false,"template":"","format":"standard","meta":{"footnotes":""},"categories":[16],"tags":[],"class_list":["post-20162","post","type-post","status-publish","format-standard","hentry","category-concurso-de-traslados"],"yoast_head":"<!-- This site is optimized with the Yoast SEO plugin v27.2 - https:\/\/yoast.com\/product\/yoast-seo-wordpress\/ -->\n<title>CONCURSO DE TRASLADOS 2023: Publicadas puntuaciones DEFINITIVAS del Cuerpo de Maestros - SIDI<\/title>\n<meta name=\"description\" content=\"Sindicato Independiente de Docentes. Funcionarios e Interinos. Afiliaci\u00f3n 1eur\/mes. Defendemos la educaci\u00f3n p\u00fablica.\" \/>\n<meta name=\"robots\" content=\"index, follow, max-snippet:-1, max-image-preview:large, max-video-preview:-1\" \/>\n<link rel=\"canonical\" href=\"https:\/\/sidimurcia.org\/index.php\/2024\/03\/01\/concurso-de-traslados-2023-publicadas-puntuaciones-definitivas-del-cuerpo-de-maestros\/\" \/>\n<meta property=\"og:locale\" content=\"es_ES\" \/>\n<meta property=\"og:type\" content=\"article\" \/>\n<meta property=\"og:title\" content=\"CONCURSO DE TRASLADOS 2023: Publicadas puntuaciones DEFINITIVAS del Cuerpo de Maestros - SIDI\" \/>\n<meta property=\"og:description\" content=\"Sindicato Independiente de Docentes. Funcionarios e Interinos. Afiliaci\u00f3n 1eur\/mes. Defendemos la educaci\u00f3n p\u00fablica.\" \/>\n<meta property=\"og:url\" content=\"https:\/\/sidimurcia.org\/index.php\/2024\/03\/01\/concurso-de-traslados-2023-publicadas-puntuaciones-definitivas-del-cuerpo-de-maestros\/\" \/>\n<meta property=\"og:site_name\" content=\"SIDI\" \/>\n<meta property=\"article:publisher\" content=\"https:\/\/es-es.facebook.com\/sidi.sindicatodedocentes\" \/>\n<meta property=\"article:published_time\" content=\"2024-03-01T09:59:19+00:00\" \/>\n<meta property=\"article:modified_time\" content=\"2024-03-01T10:02:06+00:00\" \/>\n<meta name=\"author\" content=\"Jose Luis Torrente\" \/>\n<meta name=\"twitter:card\" content=\"summary_large_image\" \/>\n<meta name=\"twitter:creator\" content=\"@SIDIMURCIA\" \/>\n<meta name=\"twitter:site\" content=\"@SIDIMURCIA\" \/>\n<meta name=\"twitter:label1\" content=\"Escrito por\" \/>\n\t<meta name=\"twitter:data1\" content=\"Jose Luis Torrente\" \/>\n\t<meta name=\"twitter:label2\" content=\"Tiempo de lectura\" \/>\n\t<meta name=\"twitter:data2\" content=\"1 minuto\" \/>\n<script type=\"application\/ld+json\" class=\"yoast-schema-graph\">{\"@context\":\"https:\/\/schema.org\",\"@graph\":[{\"@type\":\"Article\",\"@id\":\"https:\/\/sidimurcia.org\/index.php\/2024\/03\/01\/concurso-de-traslados-2023-publicadas-puntuaciones-definitivas-del-cuerpo-de-maestros\/#article\",\"isPartOf\":{\"@id\":\"https:\/\/sidimurcia.org\/index.php\/2024\/03\/01\/concurso-de-traslados-2023-publicadas-puntuaciones-definitivas-del-cuerpo-de-maestros\/\"},\"author\":{\"name\":\"Jose Luis Torrente\",\"@id\":\"https:\/\/sidimurcia.org\/#\/schema\/person\/3f3207f88fb267669a31f8f46f76f86c\"},\"headline\":\"CONCURSO DE TRASLADOS 2023: Publicadas puntuaciones DEFINITIVAS del Cuerpo de Maestros\",\"datePublished\":\"2024-03-01T09:59:19+00:00\",\"dateModified\":\"2024-03-01T10:02:06+00:00\",\"mainEntityOfPage\":{\"@id\":\"https:\/\/sidimurcia.org\/index.php\/2024\/03\/01\/concurso-de-traslados-2023-publicadas-puntuaciones-definitivas-del-cuerpo-de-maestros\/\"},\"wordCount\":138,\"publisher\":{\"@id\":\"https:\/\/sidimurcia.org\/#organization\"},\"articleSection\":[\"Concurso de traslados\"],\"inLanguage\":\"es\"},{\"@type\":\"WebPage\",\"@id\":\"https:\/\/sidimurcia.org\/index.php\/2024\/03\/01\/concurso-de-traslados-2023-publicadas-puntuaciones-definitivas-del-cuerpo-de-maestros\/\",\"url\":\"https:\/\/sidimurcia.org\/index.php\/2024\/03\/01\/concurso-de-traslados-2023-publicadas-puntuaciones-definitivas-del-cuerpo-de-maestros\/\",\"name\":\"CONCURSO DE TRASLADOS 2023: Publicadas puntuaciones DEFINITIVAS del Cuerpo de Maestros - SIDI\",\"isPartOf\":{\"@id\":\"https:\/\/sidimurcia.org\/#website\"},\"datePublished\":\"2024-03-01T09:59:19+00:00\",\"dateModified\":\"2024-03-01T10:02:06+00:00\",\"description\":\"Sindicato Independiente de Docentes. Funcionarios e Interinos. Afiliaci\u00f3n 1eur\/mes. Defendemos la educaci\u00f3n p\u00fablica.\",\"breadcrumb\":{\"@id\":\"https:\/\/sidimurcia.org\/index.php\/2024\/03\/01\/concurso-de-traslados-2023-publicadas-puntuaciones-definitivas-del-cuerpo-de-maestros\/#breadcrumb\"},\"inLanguage\":\"es\",\"potentialAction\":[{\"@type\":\"ReadAction\",\"target\":[\"https:\/\/sidimurcia.org\/index.php\/2024\/03\/01\/concurso-de-traslados-2023-publicadas-puntuaciones-definitivas-del-cuerpo-de-maestros\/\"]}]},{\"@type\":\"BreadcrumbList\",\"@id\":\"https:\/\/sidimurcia.org\/index.php\/2024\/03\/01\/concurso-de-traslados-2023-publicadas-puntuaciones-definitivas-del-cuerpo-de-maestros\/#breadcrumb\",\"itemListElement\":[{\"@type\":\"ListItem\",\"position\":1,\"name\":\"Portada\",\"item\":\"https:\/\/sidimurcia.org\/\"},{\"@type\":\"ListItem\",\"position\":2,\"name\":\"CONCURSO DE TRASLADOS 2023: Publicadas puntuaciones DEFINITIVAS del Cuerpo de Maestros\"}]},{\"@type\":\"WebSite\",\"@id\":\"https:\/\/sidimurcia.org\/#website\",\"url\":\"https:\/\/sidimurcia.org\/\",\"name\":\"SIDI\",\"description\":\"Sindicato Independiente de Docentes\",\"publisher\":{\"@id\":\"https:\/\/sidimurcia.org\/#organization\"},\"potentialAction\":[{\"@type\":\"SearchAction\",\"target\":{\"@type\":\"EntryPoint\",\"urlTemplate\":\"https:\/\/sidimurcia.org\/?s={search_term_string}\"},\"query-input\":{\"@type\":\"PropertyValueSpecification\",\"valueRequired\":true,\"valueName\":\"search_term_string\"}}],\"inLanguage\":\"es\"},{\"@type\":\"Organization\",\"@id\":\"https:\/\/sidimurcia.org\/#organization\",\"name\":\"Sindicato Independiente de Docentes - SIDI\",\"url\":\"https:\/\/sidimurcia.org\/\",\"logo\":{\"@type\":\"ImageObject\",\"inLanguage\":\"es\",\"@id\":\"https:\/\/sidimurcia.org\/#\/schema\/logo\/image\/\",\"url\":\"https:\/\/sidimurcia.org\/wp-content\/uploads\/cropped-PARAPESTANAWEB-1.jpg\",\"contentUrl\":\"https:\/\/sidimurcia.org\/wp-content\/uploads\/cropped-PARAPESTANAWEB-1.jpg\",\"width\":512,\"height\":512,\"caption\":\"Sindicato Independiente de Docentes - SIDI\"},\"image\":{\"@id\":\"https:\/\/sidimurcia.org\/#\/schema\/logo\/image\/\"},\"sameAs\":[\"https:\/\/es-es.facebook.com\/sidi.sindicatodedocentes\",\"https:\/\/x.com\/SIDIMURCIA\",\"https:\/\/www.instagram.com\/sidi_murcia\/\",\"https:\/\/www.youtube.com\/channel\/UCwwdL3uFtDKJdbOfmC70wIQ\"]},{\"@type\":\"Person\",\"@id\":\"https:\/\/sidimurcia.org\/#\/schema\/person\/3f3207f88fb267669a31f8f46f76f86c\",\"name\":\"Jose Luis Torrente\",\"image\":{\"@type\":\"ImageObject\",\"inLanguage\":\"es\",\"@id\":\"https:\/\/secure.gravatar.com\/avatar\/8ac4c0d28cf03f62a37681e633afaf3faec3a7bd495cdfb9b6a7ec6cf281b29c?s=96&d=mm&r=g\",\"url\":\"https:\/\/secure.gravatar.com\/avatar\/8ac4c0d28cf03f62a37681e633afaf3faec3a7bd495cdfb9b6a7ec6cf281b29c?s=96&d=mm&r=g\",\"contentUrl\":\"https:\/\/secure.gravatar.com\/avatar\/8ac4c0d28cf03f62a37681e633afaf3faec3a7bd495cdfb9b6a7ec6cf281b29c?s=96&d=mm&r=g\",\"caption\":\"Jose Luis Torrente\"},\"url\":\"https:\/\/sidimurcia.org\/index.php\/author\/joseltorrente\/\"}]}<\/script>\n<!-- \/ Yoast SEO plugin. -->","yoast_head_json":{"title":"CONCURSO DE TRASLADOS 2023: Publicadas puntuaciones DEFINITIVAS del Cuerpo de Maestros - SIDI","description":"Sindicato Independiente de Docentes. Funcionarios e Interinos. Afiliaci\u00f3n 1eur\/mes. Defendemos la educaci\u00f3n p\u00fablica.","robots":{"index":"index","follow":"follow","max-snippet":"max-snippet:-1","max-image-preview":"max-image-preview:large","max-video-preview":"max-video-preview:-1"},"canonical":"https:\/\/sidimurcia.org\/index.php\/2024\/03\/01\/concurso-de-traslados-2023-publicadas-puntuaciones-definitivas-del-cuerpo-de-maestros\/","og_locale":"es_ES","og_type":"article","og_title":"CONCURSO DE TRASLADOS 2023: Publicadas puntuaciones DEFINITIVAS del Cuerpo de Maestros - SIDI","og_description":"Sindicato Independiente de Docentes. Funcionarios e Interinos. Afiliaci\u00f3n 1eur\/mes. Defendemos la educaci\u00f3n p\u00fablica.","og_url":"https:\/\/sidimurcia.org\/index.php\/2024\/03\/01\/concurso-de-traslados-2023-publicadas-puntuaciones-definitivas-del-cuerpo-de-maestros\/","og_site_name":"SIDI","article_publisher":"https:\/\/es-es.facebook.com\/sidi.sindicatodedocentes","article_published_time":"2024-03-01T09:59:19+00:00","article_modified_time":"2024-03-01T10:02:06+00:00","author":"Jose Luis Torrente","twitter_card":"summary_large_image","twitter_creator":"@SIDIMURCIA","twitter_site":"@SIDIMURCIA","twitter_misc":{"Escrito por":"Jose Luis Torrente","Tiempo de lectura":"1 minuto"},"schema":{"@context":"https:\/\/schema.org","@graph":[{"@type":"Article","@id":"https:\/\/sidimurcia.org\/index.php\/2024\/03\/01\/concurso-de-traslados-2023-publicadas-puntuaciones-definitivas-del-cuerpo-de-maestros\/#article","isPartOf":{"@id":"https:\/\/sidimurcia.org\/index.php\/2024\/03\/01\/concurso-de-traslados-2023-publicadas-puntuaciones-definitivas-del-cuerpo-de-maestros\/"},"author":{"name":"Jose Luis Torrente","@id":"https:\/\/sidimurcia.org\/#\/schema\/person\/3f3207f88fb267669a31f8f46f76f86c"},"headline":"CONCURSO DE TRASLADOS 2023: Publicadas puntuaciones DEFINITIVAS del Cuerpo de Maestros","datePublished":"2024-03-01T09:59:19+00:00","dateModified":"2024-03-01T10:02:06+00:00","mainEntityOfPage":{"@id":"https:\/\/sidimurcia.org\/index.php\/2024\/03\/01\/concurso-de-traslados-2023-publicadas-puntuaciones-definitivas-del-cuerpo-de-maestros\/"},"wordCount":138,"publisher":{"@id":"https:\/\/sidimurcia.org\/#organization"},"articleSection":["Concurso de traslados"],"inLanguage":"es"},{"@type":"WebPage","@id":"https:\/\/sidimurcia.org\/index.php\/2024\/03\/01\/concurso-de-traslados-2023-publicadas-puntuaciones-definitivas-del-cuerpo-de-maestros\/","url":"https:\/\/sidimurcia.org\/index.php\/2024\/03\/01\/concurso-de-traslados-2023-publicadas-puntuaciones-definitivas-del-cuerpo-de-maestros\/","name":"CONCURSO DE TRASLADOS 2023: Publicadas puntuaciones DEFINITIVAS del Cuerpo de Maestros - SIDI","isPartOf":{"@id":"https:\/\/sidimurcia.org\/#website"},"datePublished":"2024-03-01T09:59:19+00:00","dateModified":"2024-03-01T10:02:06+00:00","description":"Sindicato Independiente de Docentes. Funcionarios e Interinos. Afiliaci\u00f3n 1eur\/mes. Defendemos la educaci\u00f3n p\u00fablica.","breadcrumb":{"@id":"https:\/\/sidimurcia.org\/index.php\/2024\/03\/01\/concurso-de-traslados-2023-publicadas-puntuaciones-definitivas-del-cuerpo-de-maestros\/#breadcrumb"},"inLanguage":"es","potentialAction":[{"@type":"ReadAction","target":["https:\/\/sidimurcia.org\/index.php\/2024\/03\/01\/concurso-de-traslados-2023-publicadas-puntuaciones-definitivas-del-cuerpo-de-maestros\/"]}]},{"@type":"BreadcrumbList","@id":"https:\/\/sidimurcia.org\/index.php\/2024\/03\/01\/concurso-de-traslados-2023-publicadas-puntuaciones-definitivas-del-cuerpo-de-maestros\/#breadcrumb","itemListElement":[{"@type":"ListItem","position":1,"name":"Portada","item":"https:\/\/sidimurcia.org\/"},{"@type":"ListItem","position":2,"name":"CONCURSO DE TRASLADOS 2023: Publicadas puntuaciones DEFINITIVAS del Cuerpo de Maestros"}]},{"@type":"WebSite","@id":"https:\/\/sidimurcia.org\/#website","url":"https:\/\/sidimurcia.org\/","name":"SIDI","description":"Sindicato Independiente de Docentes","publisher":{"@id":"https:\/\/sidimurcia.org\/#organization"},"potentialAction":[{"@type":"SearchAction","target":{"@type":"EntryPoint","urlTemplate":"https:\/\/sidimurcia.org\/?s={search_term_string}"},"query-input":{"@type":"PropertyValueSpecification","valueRequired":true,"valueName":"search_term_string"}}],"inLanguage":"es"},{"@type":"Organization","@id":"https:\/\/sidimurcia.org\/#organization","name":"Sindicato Independiente de Docentes - SIDI","url":"https:\/\/sidimurcia.org\/","logo":{"@type":"ImageObject","inLanguage":"es","@id":"https:\/\/sidimurcia.org\/#\/schema\/logo\/image\/","url":"https:\/\/sidimurcia.org\/wp-content\/uploads\/cropped-PARAPESTANAWEB-1.jpg","contentUrl":"https:\/\/sidimurcia.org\/wp-content\/uploads\/cropped-PARAPESTANAWEB-1.jpg","width":512,"height":512,"caption":"Sindicato Independiente de Docentes - SIDI"},"image":{"@id":"https:\/\/sidimurcia.org\/#\/schema\/logo\/image\/"},"sameAs":["https:\/\/es-es.facebook.com\/sidi.sindicatodedocentes","https:\/\/x.com\/SIDIMURCIA","https:\/\/www.instagram.com\/sidi_murcia\/","https:\/\/www.youtube.com\/channel\/UCwwdL3uFtDKJdbOfmC70wIQ"]},{"@type":"Person","@id":"https:\/\/sidimurcia.org\/#\/schema\/person\/3f3207f88fb267669a31f8f46f76f86c","name":"Jose Luis Torrente","image":{"@type":"ImageObject","inLanguage":"es","@id":"https:\/\/secure.gravatar.com\/avatar\/8ac4c0d28cf03f62a37681e633afaf3faec3a7bd495cdfb9b6a7ec6cf281b29c?s=96&d=mm&r=g","url":"https:\/\/secure.gravatar.com\/avatar\/8ac4c0d28cf03f62a37681e633afaf3faec3a7bd495cdfb9b6a7ec6cf281b29c?s=96&d=mm&r=g","contentUrl":"https:\/\/secure.gravatar.com\/avatar\/8ac4c0d28cf03f62a37681e633afaf3faec3a7bd495cdfb9b6a7ec6cf281b29c?s=96&d=mm&r=g","caption":"Jose Luis Torrente"},"url":"https:\/\/sidimurcia.org\/index.php\/author\/joseltorrente\/"}]}},"_links":{"self":[{"href":"https:\/\/sidimurcia.org\/index.php\/wp-json\/wp\/v2\/posts\/20162","targetHints":{"allow":["GET"]}}],"collection":[{"href":"https:\/\/sidimurcia.org\/index.php\/wp-json\/wp\/v2\/posts"}],"about":[{"href":"https:\/\/sidimurcia.org\/index.php\/wp-json\/wp\/v2\/types\/post"}],"author":[{"embeddable":true,"href":"https:\/\/sidimurcia.org\/index.php\/wp-json\/wp\/v2\/users\/2"}],"replies":[{"embeddable":true,"href":"https:\/\/sidimurcia.org\/index.php\/wp-json\/wp\/v2\/comments?post=20162"}],"version-history":[{"count":0,"href":"https:\/\/sidimurcia.org\/index.php\/wp-json\/wp\/v2\/posts\/20162\/revisions"}],"wp:attachment":[{"href":"https:\/\/sidimurcia.org\/index.php\/wp-json\/wp\/v2\/media?parent=20162"}],"wp:term":[{"taxonomy":"category","embeddable":true,"href":"https:\/\/sidimurcia.org\/index.php\/wp-json\/wp\/v2\/categories?post=20162"},{"taxonomy":"post_tag","embeddable":true,"href":"https:\/\/sidimurcia.org\/index.php\/wp-json\/wp\/v2\/tags?post=20162"}],"curies":[{"name":"wp","href":"https:\/\/api.w.org\/{rel}","templated":true}]}}