{"id":22398,"date":"2024-09-30T12:32:27","date_gmt":"2024-09-30T12:32:27","guid":{"rendered":"https:\/\/sidimurcia.org\/?p=22398"},"modified":"2024-10-01T12:06:03","modified_gmt":"2024-10-01T12:06:03","slug":"orden-30-09-24-definitiva-de-adquisicion-nuevas-especialidades-interinos-maestros-hasta-el-31-08-24","status":"publish","type":"post","link":"https:\/\/sidimurcia.org\/index.php\/2024\/09\/30\/orden-30-09-24-definitiva-de-adquisicion-nuevas-especialidades-interinos-maestros-hasta-el-31-08-24\/","title":{"rendered":"Orden 30\/09\/24 DEFINITIVA de adquisici\u00f3n nuevas especialidades INTERINOS maestros hasta el 31\/08\/24."},"content":{"rendered":"<ul>\n<li style=\"text-align: justify;\"><span style=\"font-family: arial, helvetica, sans-serif;\"><a title=\"Orden de 30 de septiembre de 2024, de la Consejer\u00eda de Educaci\u00f3n y Formaci\u00f3n Profesional, por la que se hacen p\u00fablicas la adquisici\u00f3n de nuevas especialidades por el personal interino del cuerpo de maestros, de acuerdo con lo dispuesto en el art\u00edculo 4.2.b del Real Decreto 1594\/2011 de 4 de noviembre - Este enlace se abrir\u00e1 en una nueva ventana\" href=\"https:\/\/www.carm.es\/web\/descarga?ARCHIVO=ORDEN%2030%20SEPTIEMBRE%20DEFINITIVA%20HABILITACIONES%20ESPECIALID%20%28COPIA%29.pdf&amp;ALIAS=ARCH&amp;IDCONTENIDO=193096&amp;IDTIPO=60&amp;RASTRO=c77$m22725,22759,4254\" target=\"_blank\" rel=\"noopener\">Orden de 30 de septiembre de 2024, de la Consejer\u00eda de Educaci\u00f3n y Formaci\u00f3n Profesional, por la que se hacen p\u00fablicas la adquisici\u00f3n de nuevas especialidades por el personal interino del cuerpo de maestros, de acuerdo con lo dispuesto en el art\u00edculo 4.2.b <span style=\"font-family: arial, helvetica, sans-serif;\">del Real Decreto 1594\/2011 de 4 de noviembre<\/span><\/a><\/span>\n<ul>\n<li><span style=\"font-family: arial, helvetica, sans-serif;\"><a title=\"CORRECCI\u00d3N DE ERRORES ORDEN DE 30 DE SEPTIEMBRE DE 2024, DE LA CONSEJER\u00cdA DE EDUCACI\u00d3N Y FORMACI\u00d3N PROFESIONAL, POR LA QUE SE HACEN P\u00daBLICAS LA ADQUISICI\u00d3N DE NUEVAS ESPECIALIDADES POR EL PERSONAL INTERINO DEL CUERPO DE MAESTROS, DE ACUERDO CON LO DISPUESTO EN EL ART\u00cdCULO 4.2.B DEL REAL DECRETO 1594\/2011 DE 4 DE NOVIEMBRE. - Este enlace se abrir\u00e1 en una nueva ventana\" href=\"https:\/\/www.carm.es\/web\/descarga?ARCHIVO=CORRECCI%C3%93N%20DE%20ERRORES%20ORDEN%2030%20de%20septiembre%20%28COPIA%29.pdf&amp;ALIAS=ARCH&amp;IDCONTENIDO=193140&amp;IDTIPO=60&amp;RASTRO=c77$m22725,22759,4254\" target=\"_blank\" rel=\"noopener\">CORRECCI\u00d3N DE ERRORES ORDEN DE 30 DE SEPTIEMBRE DE 2024, DE LA CONSEJER\u00cdA DE EDUCACI\u00d3N Y FORMACI\u00d3N PROFESIONAL, POR LA QUE SE HACEN P\u00daBLICAS LA ADQUISICI\u00d3N DE NUEVAS ESPECIALIDADES POR EL PERSONAL INTERINO DEL CUERPO DE MAESTROS, DE ACUERDO CON LO DISPUESTO EN EL ART\u00cdCULO 4.2.B DEL REAL DECRETO 1594\/2011 DE 4 DE NOVIEMBRE.<\/a><\/span><\/li>\n<\/ul>\n<\/li>\n<\/ul>\n","protected":false},"excerpt":{"rendered":"<p>Orden de 30 de septiembre de 2024, de la Consejer\u00eda de Educaci\u00f3n y Formaci\u00f3n Profesional, por la que se hacen &#8230; <a title=\"Orden 30\/09\/24 DEFINITIVA de adquisici\u00f3n nuevas especialidades INTERINOS maestros hasta el 31\/08\/24.\" class=\"read-more\" href=\"https:\/\/sidimurcia.org\/index.php\/2024\/09\/30\/orden-30-09-24-definitiva-de-adquisicion-nuevas-especialidades-interinos-maestros-hasta-el-31-08-24\/\" aria-label=\"Leer m\u00e1s sobre Orden 30\/09\/24 DEFINITIVA de adquisici\u00f3n nuevas especialidades INTERINOS maestros hasta el 31\/08\/24.\">Leer mas<\/a><\/p>\n","protected":false},"author":2,"featured_media":0,"comment_status":"closed","ping_status":"closed","sticky":false,"template":"","format":"standard","meta":{"footnotes":""},"categories":[29,27],"tags":[],"class_list":["post-22398","post","type-post","status-publish","format-standard","hentry","category-adquisicion-de-nuevas-especialidades","category-habilitaciones"],"yoast_head":"<!-- This site is optimized with the Yoast SEO plugin v27.2 - https:\/\/yoast.com\/product\/yoast-seo-wordpress\/ -->\n<title>Orden 30\/09\/24 DEFINITIVA de adquisici\u00f3n nuevas especialidades INTERINOS maestros hasta el 31\/08\/24. - SIDI<\/title>\n<meta name=\"description\" content=\"Sindicato Independiente de Docentes. Funcionarios e Interinos. Afiliaci\u00f3n 1eur\/mes. Defendemos la educaci\u00f3n p\u00fablica.\" \/>\n<meta name=\"robots\" content=\"index, follow, max-snippet:-1, max-image-preview:large, max-video-preview:-1\" \/>\n<link rel=\"canonical\" href=\"https:\/\/sidimurcia.org\/index.php\/2024\/09\/30\/orden-30-09-24-definitiva-de-adquisicion-nuevas-especialidades-interinos-maestros-hasta-el-31-08-24\/\" \/>\n<meta property=\"og:locale\" content=\"es_ES\" \/>\n<meta property=\"og:type\" content=\"article\" \/>\n<meta property=\"og:title\" content=\"Orden 30\/09\/24 DEFINITIVA de adquisici\u00f3n nuevas especialidades INTERINOS maestros hasta el 31\/08\/24. - SIDI\" \/>\n<meta property=\"og:description\" content=\"Sindicato Independiente de Docentes. Funcionarios e Interinos. Afiliaci\u00f3n 1eur\/mes. Defendemos la educaci\u00f3n p\u00fablica.\" \/>\n<meta property=\"og:url\" content=\"https:\/\/sidimurcia.org\/index.php\/2024\/09\/30\/orden-30-09-24-definitiva-de-adquisicion-nuevas-especialidades-interinos-maestros-hasta-el-31-08-24\/\" \/>\n<meta property=\"og:site_name\" content=\"SIDI\" \/>\n<meta property=\"article:publisher\" content=\"https:\/\/es-es.facebook.com\/sidi.sindicatodedocentes\" \/>\n<meta property=\"article:published_time\" content=\"2024-09-30T12:32:27+00:00\" \/>\n<meta property=\"article:modified_time\" content=\"2024-10-01T12:06:03+00:00\" \/>\n<meta name=\"author\" content=\"Jose Luis Torrente\" \/>\n<meta name=\"twitter:card\" content=\"summary_large_image\" \/>\n<meta name=\"twitter:creator\" content=\"@SIDIMURCIA\" \/>\n<meta name=\"twitter:site\" content=\"@SIDIMURCIA\" \/>\n<meta name=\"twitter:label1\" content=\"Escrito por\" \/>\n\t<meta name=\"twitter:data1\" content=\"Jose Luis Torrente\" \/>\n\t<meta name=\"twitter:label2\" content=\"Tiempo de lectura\" \/>\n\t<meta name=\"twitter:data2\" content=\"1 minuto\" \/>\n<script type=\"application\/ld+json\" class=\"yoast-schema-graph\">{\"@context\":\"https:\/\/schema.org\",\"@graph\":[{\"@type\":\"Article\",\"@id\":\"https:\/\/sidimurcia.org\/index.php\/2024\/09\/30\/orden-30-09-24-definitiva-de-adquisicion-nuevas-especialidades-interinos-maestros-hasta-el-31-08-24\/#article\",\"isPartOf\":{\"@id\":\"https:\/\/sidimurcia.org\/index.php\/2024\/09\/30\/orden-30-09-24-definitiva-de-adquisicion-nuevas-especialidades-interinos-maestros-hasta-el-31-08-24\/\"},\"author\":{\"name\":\"Jose Luis Torrente\",\"@id\":\"https:\/\/sidimurcia.org\/#\/schema\/person\/3f3207f88fb267669a31f8f46f76f86c\"},\"headline\":\"Orden 30\/09\/24 DEFINITIVA de adquisici\u00f3n nuevas especialidades INTERINOS maestros hasta el 31\/08\/24.\",\"datePublished\":\"2024-09-30T12:32:27+00:00\",\"dateModified\":\"2024-10-01T12:06:03+00:00\",\"mainEntityOfPage\":{\"@id\":\"https:\/\/sidimurcia.org\/index.php\/2024\/09\/30\/orden-30-09-24-definitiva-de-adquisicion-nuevas-especialidades-interinos-maestros-hasta-el-31-08-24\/\"},\"wordCount\":121,\"publisher\":{\"@id\":\"https:\/\/sidimurcia.org\/#organization\"},\"articleSection\":[\"Adquisici\u00f3n de nuevas especialidades\",\"Habilitaciones\"],\"inLanguage\":\"es\"},{\"@type\":\"WebPage\",\"@id\":\"https:\/\/sidimurcia.org\/index.php\/2024\/09\/30\/orden-30-09-24-definitiva-de-adquisicion-nuevas-especialidades-interinos-maestros-hasta-el-31-08-24\/\",\"url\":\"https:\/\/sidimurcia.org\/index.php\/2024\/09\/30\/orden-30-09-24-definitiva-de-adquisicion-nuevas-especialidades-interinos-maestros-hasta-el-31-08-24\/\",\"name\":\"Orden 30\/09\/24 DEFINITIVA de adquisici\u00f3n nuevas especialidades INTERINOS maestros hasta el 31\/08\/24. - SIDI\",\"isPartOf\":{\"@id\":\"https:\/\/sidimurcia.org\/#website\"},\"datePublished\":\"2024-09-30T12:32:27+00:00\",\"dateModified\":\"2024-10-01T12:06:03+00:00\",\"description\":\"Sindicato Independiente de Docentes. Funcionarios e Interinos. Afiliaci\u00f3n 1eur\/mes. Defendemos la educaci\u00f3n p\u00fablica.\",\"breadcrumb\":{\"@id\":\"https:\/\/sidimurcia.org\/index.php\/2024\/09\/30\/orden-30-09-24-definitiva-de-adquisicion-nuevas-especialidades-interinos-maestros-hasta-el-31-08-24\/#breadcrumb\"},\"inLanguage\":\"es\",\"potentialAction\":[{\"@type\":\"ReadAction\",\"target\":[\"https:\/\/sidimurcia.org\/index.php\/2024\/09\/30\/orden-30-09-24-definitiva-de-adquisicion-nuevas-especialidades-interinos-maestros-hasta-el-31-08-24\/\"]}]},{\"@type\":\"BreadcrumbList\",\"@id\":\"https:\/\/sidimurcia.org\/index.php\/2024\/09\/30\/orden-30-09-24-definitiva-de-adquisicion-nuevas-especialidades-interinos-maestros-hasta-el-31-08-24\/#breadcrumb\",\"itemListElement\":[{\"@type\":\"ListItem\",\"position\":1,\"name\":\"Portada\",\"item\":\"https:\/\/sidimurcia.org\/\"},{\"@type\":\"ListItem\",\"position\":2,\"name\":\"Orden 30\/09\/24 DEFINITIVA de adquisici\u00f3n nuevas especialidades INTERINOS maestros hasta el 31\/08\/24.\"}]},{\"@type\":\"WebSite\",\"@id\":\"https:\/\/sidimurcia.org\/#website\",\"url\":\"https:\/\/sidimurcia.org\/\",\"name\":\"SIDI\",\"description\":\"Sindicato Independiente de Docentes\",\"publisher\":{\"@id\":\"https:\/\/sidimurcia.org\/#organization\"},\"potentialAction\":[{\"@type\":\"SearchAction\",\"target\":{\"@type\":\"EntryPoint\",\"urlTemplate\":\"https:\/\/sidimurcia.org\/?s={search_term_string}\"},\"query-input\":{\"@type\":\"PropertyValueSpecification\",\"valueRequired\":true,\"valueName\":\"search_term_string\"}}],\"inLanguage\":\"es\"},{\"@type\":\"Organization\",\"@id\":\"https:\/\/sidimurcia.org\/#organization\",\"name\":\"Sindicato Independiente de Docentes - SIDI\",\"url\":\"https:\/\/sidimurcia.org\/\",\"logo\":{\"@type\":\"ImageObject\",\"inLanguage\":\"es\",\"@id\":\"https:\/\/sidimurcia.org\/#\/schema\/logo\/image\/\",\"url\":\"https:\/\/sidimurcia.org\/wp-content\/uploads\/cropped-PARAPESTANAWEB-1.jpg\",\"contentUrl\":\"https:\/\/sidimurcia.org\/wp-content\/uploads\/cropped-PARAPESTANAWEB-1.jpg\",\"width\":512,\"height\":512,\"caption\":\"Sindicato Independiente de Docentes - SIDI\"},\"image\":{\"@id\":\"https:\/\/sidimurcia.org\/#\/schema\/logo\/image\/\"},\"sameAs\":[\"https:\/\/es-es.facebook.com\/sidi.sindicatodedocentes\",\"https:\/\/x.com\/SIDIMURCIA\",\"https:\/\/www.instagram.com\/sidi_murcia\/\",\"https:\/\/www.youtube.com\/channel\/UCwwdL3uFtDKJdbOfmC70wIQ\"]},{\"@type\":\"Person\",\"@id\":\"https:\/\/sidimurcia.org\/#\/schema\/person\/3f3207f88fb267669a31f8f46f76f86c\",\"name\":\"Jose Luis Torrente\",\"image\":{\"@type\":\"ImageObject\",\"inLanguage\":\"es\",\"@id\":\"https:\/\/secure.gravatar.com\/avatar\/8ac4c0d28cf03f62a37681e633afaf3faec3a7bd495cdfb9b6a7ec6cf281b29c?s=96&d=mm&r=g\",\"url\":\"https:\/\/secure.gravatar.com\/avatar\/8ac4c0d28cf03f62a37681e633afaf3faec3a7bd495cdfb9b6a7ec6cf281b29c?s=96&d=mm&r=g\",\"contentUrl\":\"https:\/\/secure.gravatar.com\/avatar\/8ac4c0d28cf03f62a37681e633afaf3faec3a7bd495cdfb9b6a7ec6cf281b29c?s=96&d=mm&r=g\",\"caption\":\"Jose Luis Torrente\"},\"url\":\"https:\/\/sidimurcia.org\/index.php\/author\/joseltorrente\/\"}]}<\/script>\n<!-- \/ Yoast SEO plugin. -->","yoast_head_json":{"title":"Orden 30\/09\/24 DEFINITIVA de adquisici\u00f3n nuevas especialidades INTERINOS maestros hasta el 31\/08\/24. - SIDI","description":"Sindicato Independiente de Docentes. Funcionarios e Interinos. Afiliaci\u00f3n 1eur\/mes. Defendemos la educaci\u00f3n p\u00fablica.","robots":{"index":"index","follow":"follow","max-snippet":"max-snippet:-1","max-image-preview":"max-image-preview:large","max-video-preview":"max-video-preview:-1"},"canonical":"https:\/\/sidimurcia.org\/index.php\/2024\/09\/30\/orden-30-09-24-definitiva-de-adquisicion-nuevas-especialidades-interinos-maestros-hasta-el-31-08-24\/","og_locale":"es_ES","og_type":"article","og_title":"Orden 30\/09\/24 DEFINITIVA de adquisici\u00f3n nuevas especialidades INTERINOS maestros hasta el 31\/08\/24. - SIDI","og_description":"Sindicato Independiente de Docentes. Funcionarios e Interinos. Afiliaci\u00f3n 1eur\/mes. Defendemos la educaci\u00f3n p\u00fablica.","og_url":"https:\/\/sidimurcia.org\/index.php\/2024\/09\/30\/orden-30-09-24-definitiva-de-adquisicion-nuevas-especialidades-interinos-maestros-hasta-el-31-08-24\/","og_site_name":"SIDI","article_publisher":"https:\/\/es-es.facebook.com\/sidi.sindicatodedocentes","article_published_time":"2024-09-30T12:32:27+00:00","article_modified_time":"2024-10-01T12:06:03+00:00","author":"Jose Luis Torrente","twitter_card":"summary_large_image","twitter_creator":"@SIDIMURCIA","twitter_site":"@SIDIMURCIA","twitter_misc":{"Escrito por":"Jose Luis Torrente","Tiempo de lectura":"1 minuto"},"schema":{"@context":"https:\/\/schema.org","@graph":[{"@type":"Article","@id":"https:\/\/sidimurcia.org\/index.php\/2024\/09\/30\/orden-30-09-24-definitiva-de-adquisicion-nuevas-especialidades-interinos-maestros-hasta-el-31-08-24\/#article","isPartOf":{"@id":"https:\/\/sidimurcia.org\/index.php\/2024\/09\/30\/orden-30-09-24-definitiva-de-adquisicion-nuevas-especialidades-interinos-maestros-hasta-el-31-08-24\/"},"author":{"name":"Jose Luis Torrente","@id":"https:\/\/sidimurcia.org\/#\/schema\/person\/3f3207f88fb267669a31f8f46f76f86c"},"headline":"Orden 30\/09\/24 DEFINITIVA de adquisici\u00f3n nuevas especialidades INTERINOS maestros hasta el 31\/08\/24.","datePublished":"2024-09-30T12:32:27+00:00","dateModified":"2024-10-01T12:06:03+00:00","mainEntityOfPage":{"@id":"https:\/\/sidimurcia.org\/index.php\/2024\/09\/30\/orden-30-09-24-definitiva-de-adquisicion-nuevas-especialidades-interinos-maestros-hasta-el-31-08-24\/"},"wordCount":121,"publisher":{"@id":"https:\/\/sidimurcia.org\/#organization"},"articleSection":["Adquisici\u00f3n de nuevas especialidades","Habilitaciones"],"inLanguage":"es"},{"@type":"WebPage","@id":"https:\/\/sidimurcia.org\/index.php\/2024\/09\/30\/orden-30-09-24-definitiva-de-adquisicion-nuevas-especialidades-interinos-maestros-hasta-el-31-08-24\/","url":"https:\/\/sidimurcia.org\/index.php\/2024\/09\/30\/orden-30-09-24-definitiva-de-adquisicion-nuevas-especialidades-interinos-maestros-hasta-el-31-08-24\/","name":"Orden 30\/09\/24 DEFINITIVA de adquisici\u00f3n nuevas especialidades INTERINOS maestros hasta el 31\/08\/24. - SIDI","isPartOf":{"@id":"https:\/\/sidimurcia.org\/#website"},"datePublished":"2024-09-30T12:32:27+00:00","dateModified":"2024-10-01T12:06:03+00:00","description":"Sindicato Independiente de Docentes. Funcionarios e Interinos. Afiliaci\u00f3n 1eur\/mes. Defendemos la educaci\u00f3n p\u00fablica.","breadcrumb":{"@id":"https:\/\/sidimurcia.org\/index.php\/2024\/09\/30\/orden-30-09-24-definitiva-de-adquisicion-nuevas-especialidades-interinos-maestros-hasta-el-31-08-24\/#breadcrumb"},"inLanguage":"es","potentialAction":[{"@type":"ReadAction","target":["https:\/\/sidimurcia.org\/index.php\/2024\/09\/30\/orden-30-09-24-definitiva-de-adquisicion-nuevas-especialidades-interinos-maestros-hasta-el-31-08-24\/"]}]},{"@type":"BreadcrumbList","@id":"https:\/\/sidimurcia.org\/index.php\/2024\/09\/30\/orden-30-09-24-definitiva-de-adquisicion-nuevas-especialidades-interinos-maestros-hasta-el-31-08-24\/#breadcrumb","itemListElement":[{"@type":"ListItem","position":1,"name":"Portada","item":"https:\/\/sidimurcia.org\/"},{"@type":"ListItem","position":2,"name":"Orden 30\/09\/24 DEFINITIVA de adquisici\u00f3n nuevas especialidades INTERINOS maestros hasta el 31\/08\/24."}]},{"@type":"WebSite","@id":"https:\/\/sidimurcia.org\/#website","url":"https:\/\/sidimurcia.org\/","name":"SIDI","description":"Sindicato Independiente de Docentes","publisher":{"@id":"https:\/\/sidimurcia.org\/#organization"},"potentialAction":[{"@type":"SearchAction","target":{"@type":"EntryPoint","urlTemplate":"https:\/\/sidimurcia.org\/?s={search_term_string}"},"query-input":{"@type":"PropertyValueSpecification","valueRequired":true,"valueName":"search_term_string"}}],"inLanguage":"es"},{"@type":"Organization","@id":"https:\/\/sidimurcia.org\/#organization","name":"Sindicato Independiente de Docentes - SIDI","url":"https:\/\/sidimurcia.org\/","logo":{"@type":"ImageObject","inLanguage":"es","@id":"https:\/\/sidimurcia.org\/#\/schema\/logo\/image\/","url":"https:\/\/sidimurcia.org\/wp-content\/uploads\/cropped-PARAPESTANAWEB-1.jpg","contentUrl":"https:\/\/sidimurcia.org\/wp-content\/uploads\/cropped-PARAPESTANAWEB-1.jpg","width":512,"height":512,"caption":"Sindicato Independiente de Docentes - SIDI"},"image":{"@id":"https:\/\/sidimurcia.org\/#\/schema\/logo\/image\/"},"sameAs":["https:\/\/es-es.facebook.com\/sidi.sindicatodedocentes","https:\/\/x.com\/SIDIMURCIA","https:\/\/www.instagram.com\/sidi_murcia\/","https:\/\/www.youtube.com\/channel\/UCwwdL3uFtDKJdbOfmC70wIQ"]},{"@type":"Person","@id":"https:\/\/sidimurcia.org\/#\/schema\/person\/3f3207f88fb267669a31f8f46f76f86c","name":"Jose Luis Torrente","image":{"@type":"ImageObject","inLanguage":"es","@id":"https:\/\/secure.gravatar.com\/avatar\/8ac4c0d28cf03f62a37681e633afaf3faec3a7bd495cdfb9b6a7ec6cf281b29c?s=96&d=mm&r=g","url":"https:\/\/secure.gravatar.com\/avatar\/8ac4c0d28cf03f62a37681e633afaf3faec3a7bd495cdfb9b6a7ec6cf281b29c?s=96&d=mm&r=g","contentUrl":"https:\/\/secure.gravatar.com\/avatar\/8ac4c0d28cf03f62a37681e633afaf3faec3a7bd495cdfb9b6a7ec6cf281b29c?s=96&d=mm&r=g","caption":"Jose Luis Torrente"},"url":"https:\/\/sidimurcia.org\/index.php\/author\/joseltorrente\/"}]}},"_links":{"self":[{"href":"https:\/\/sidimurcia.org\/index.php\/wp-json\/wp\/v2\/posts\/22398","targetHints":{"allow":["GET"]}}],"collection":[{"href":"https:\/\/sidimurcia.org\/index.php\/wp-json\/wp\/v2\/posts"}],"about":[{"href":"https:\/\/sidimurcia.org\/index.php\/wp-json\/wp\/v2\/types\/post"}],"author":[{"embeddable":true,"href":"https:\/\/sidimurcia.org\/index.php\/wp-json\/wp\/v2\/users\/2"}],"replies":[{"embeddable":true,"href":"https:\/\/sidimurcia.org\/index.php\/wp-json\/wp\/v2\/comments?post=22398"}],"version-history":[{"count":0,"href":"https:\/\/sidimurcia.org\/index.php\/wp-json\/wp\/v2\/posts\/22398\/revisions"}],"wp:attachment":[{"href":"https:\/\/sidimurcia.org\/index.php\/wp-json\/wp\/v2\/media?parent=22398"}],"wp:term":[{"taxonomy":"category","embeddable":true,"href":"https:\/\/sidimurcia.org\/index.php\/wp-json\/wp\/v2\/categories?post=22398"},{"taxonomy":"post_tag","embeddable":true,"href":"https:\/\/sidimurcia.org\/index.php\/wp-json\/wp\/v2\/tags?post=22398"}],"curies":[{"name":"wp","href":"https:\/\/api.w.org\/{rel}","templated":true}]}}