{"id":22687,"date":"2024-10-29T09:27:04","date_gmt":"2024-10-29T09:27:04","guid":{"rendered":"https:\/\/sidimurcia.org\/?p=22687"},"modified":"2024-12-26T12:20:54","modified_gmt":"2024-12-26T12:20:54","slug":"mefp-convocatoria-de-puestos-de-asesores-tecnicos-en-el-exterior-para-funcionarios-24-25","status":"publish","type":"post","link":"https:\/\/sidimurcia.org\/index.php\/2024\/10\/29\/mefp-convocatoria-de-puestos-de-asesores-tecnicos-en-el-exterior-para-funcionarios-24-25\/","title":{"rendered":"MEFP: Convocatoria de puestos de asesores t\u00e9cnicos en el exterior para funcionarios, 24\/25."},"content":{"rendered":"<ul>\n<li style=\"text-align: justify;\"><a class=\"boton\" title=\"Enlace externo, se abre en ventana nueva.\" href=\"https:\/\/www.boe.es\/diario_boe\/txt.php?id=BOE-A-2024-22165\" target=\"_blank\" rel=\"external noopener\" data-insuit-uuid=\"13cb85df-3160-4861-a8fc-7d1880b1d5e3\"><span style=\"font-family: arial, helvetica, sans-serif;\">Resoluci\u00f3n de 24 de octubre de 2024 de la Subsecretar\u00eda de Educaci\u00f3n, Formaci\u00f3n Profesional y Deportes, por la que se convoca concurso para la provisi\u00f3n de puestos de asesores t\u00e9cnicos y asesoras t\u00e9cnicas en el exterior. <\/span><\/a>\n<ul>\n<li style=\"text-align: justify;\"><a class=\"enlaceMarron\" title=\"Resoluci\u00f3n de 6 de noviembre de 2024, de la Subsecretar\u00eda, por la que se corrigen errores en la de 24 de octubre de 2024, por la que se convoca concurso para la provisi\u00f3n de puestos de asesores t\u00e9cnicos y asesoras t\u00e9cnicas en el exterior\" href=\"https:\/\/servicios.educarm.es\/templates\/portal\/ficheros\/websDinamicas\/45\/Correc error conv 2024 BOE 11-11-24.pdf\" target=\"_blank\" rel=\"noopener\"><span style=\"font-family: arial, helvetica, sans-serif;\">Resoluci\u00f3n de 6 de noviembre de 2024, de la Subsecretar\u00eda, por la que se corrigen errores en la de 24 de octubre de 2024, por la que se convoca concurso para la provisi\u00f3n de puestos de asesores t\u00e9cnicos y asesoras t\u00e9cnicas en el exterior<\/span><\/a><\/li>\n<\/ul>\n<\/li>\n<\/ul>\n<p style=\"text-align: justify;\"><span style=\"font-family: arial, helvetica, sans-serif;\">Concurso de m\u00e9ritos para la provisi\u00f3n de puestos vacantes de asesores t\u00e9cnicos y asesoras t\u00e9cnicas en el exterior por funcionarios de carrera. Es requisito el haber prestado servicios durante <strong>tres cursos acad\u00e9micos completos en Espa\u00f1a como funcionario o funcionaria<\/strong> del cuerpo desde el que se participa, contados desde la fecha de cese en el exterior hasta la finalizaci\u00f3n del curso escolar en que se publica esta convocatoria<br \/>\n<\/span><\/p>\n<div class=\"estilo-boton abierta\" style=\"text-align: center;\"><strong><span style=\"font-family: arial, helvetica, sans-serif;\"><a class=\"boton\" title=\"Enlace externo, se abre en ventana nueva.\" href=\"https:\/\/sede.educacion.gob.es\/sede\/login\/inicio.jjsp?idConvocatoria=2190\" target=\"_blank\" rel=\"external noopener\" data-insuit-uuid=\"ddc659b0-e42d-4756-87a4-ff2c92a9345b\">Acceso a la tramitaci\u00f3n en sede electr\u00f3nica<\/a> <\/span><\/strong><\/div>\n<div class=\"estilo-boton abierta\" style=\"text-align: center;\"><span style=\"color: #d4458b;\"><strong><span style=\"font-family: arial, helvetica, sans-serif;\">Plazo de presentaci\u00f3n de solicitudes: Desde el 29 de octubre de 2024 a las 10:00 hasta el 20 de noviembre de 2024 a las 10:00<\/span><\/strong><\/span><\/div>\n<div style=\"text-align: justify;\"><\/div>\n<div>\n<p style=\"text-align: justify;\"><a class=\"enlaceMarron\" title=\"Resoluci\u00f3n de 23 de diciembre de 2024, de la Subsecretar\u00eda, por la que se modifica el c\u00f3mputo de plazos para la tramitaci\u00f3n y la forma de presentaci\u00f3n de las solicitudes de participaci\u00f3n en los concursos para la provisi\u00f3n de puestos de personal docente y de asesores t\u00e9cnicos y asesoras t\u00e9cnicas en el exterior, convocados por Resoluciones de 24 de octubre de 2024\" href=\"https:\/\/servicios.educarm.es\/templates\/portal\/ficheros\/websDinamicas\/45\/Modif computos plazos conv 2024 BOE 25-12-24.pdf\" target=\"_blank\" rel=\"noopener\"><span style=\"font-family: arial, helvetica, sans-serif;\">Resoluci\u00f3n de 23 de diciembre de 2024, de la Subsecretar\u00eda, por la que se modifica el c\u00f3mputo de plazos para la tramitaci\u00f3n y la forma de presentaci\u00f3n de las solicitudes de participaci\u00f3n en los concursos para la provisi\u00f3n de puestos de personal docente y de asesores t\u00e9cnicos y asesoras t\u00e9cnicas en el exterior, convocados por Resoluciones de 24 de octubre de 2024<\/span><\/a><\/p>\n<p style=\"text-align: justify;\"><span style=\"font-family: arial, helvetica, sans-serif; color: #3c48a9;\"><strong>NOTA INFORMATIVA.<\/strong><\/span><\/p>\n<p style=\"text-align: justify;\"><span style=\"font-family: arial, helvetica, sans-serif;\">En relaci\u00f3n con la vacante 60901314V01 de Costa de Marfil se informa que, se han publicado especialidades e idiomas por error, siendo la \u00fanica especialidad correcta la 011 para todos los cuerpos, y el idioma necesario para acreditar el Franc\u00e9s C1.<\/span><\/p>\n<p style=\"text-align: justify;\"><span style=\"font-family: arial, helvetica, sans-serif;\">En breve se publicar\u00e1 en el Bolet\u00edn Oficial del Estado la modificaci\u00f3n de la vacante, apareciendo de la siguiente manera: 60901314V01 \u2013 Costa de Marfil: 0511\/590 Especialidad 011; 0512\/592 Especialidad 011 \u2013 Franc\u00e9s C1<\/span><\/p>\n<ul style=\"text-align: justify;\">\n<li><span style=\"font-family: arial, helvetica, sans-serif;\"><a title=\"Enlace externo, se abre en ventana nueva.\" href=\"https:\/\/www.educacionfpydeportes.gob.es\/dam\/jcr:b10745ce-8e86-446a-b141-157a62848b4f\/certificado-crue-24-25.pdf\" target=\"_blank\" rel=\"external noopener\" data-insuit-uuid=\"3ebc5f80-b0f1-445b-90f9-7daff8fadc06\">Relaci\u00f3n de certificados<\/a> vigentes que se reconocen para acreditar el conocimiento de idiomas y niveles recogidos por las Mesas Ling\u00fc\u00edsticas de la Conferencia de Rectores de las Universidades Espa\u00f1olas de Alem\u00e1n, Franc\u00e9s Italiano, Ingl\u00e9s y Portugu\u00e9s.<\/span><\/li>\n<li><span style=\"font-family: arial, helvetica, sans-serif;\"><a title=\"Enlace externo, se abre en ventana nueva.\" href=\"https:\/\/www.educacionfpydeportes.gob.es\/dam\/jcr:151a7992-0596-4b1b-ac29-84e396263961\/preguntas-frecuentes-asesores.pdf\" target=\"_blank\" rel=\"external noopener\" data-insuit-uuid=\"66d75fb4-fb71-4fb4-8d19-8b7e34063ae0\">Preguntas frecuentes<\/a><\/span><\/li>\n<\/ul>\n<h3 id=\"doi1\" style=\"text-align: justify;\"><span style=\"font-family: arial, helvetica, sans-serif; color: #3c48a9;\">Contacto:<br \/>\n<\/span><\/h3>\n<div class=\"cte\">\n<p style=\"text-align: justify;\"><span style=\"font-family: arial, helvetica, sans-serif;\">Correo electr\u00f3nico: <a href=\"mailto:concursos.exterior@educacion.gob.es\" data-insuit-uuid=\"adadd39e-b364-463d-b06d-d76b8d515b4f\">concursos.exterior@educacion.gob.es <\/a><\/span><\/p>\n<p style=\"text-align: justify;\"><span style=\"font-family: arial, helvetica, sans-serif;\">Tel\u00e9fono: 917018360<\/span><\/p>\n<ul>\n<li style=\"text-align: justify;\"><span style=\"font-family: arial, helvetica, sans-serif;\"><a href=\"https:\/\/www.educacionfpydeportes.gob.es\/servicios-al-ciudadano\/catalogo\/general\/99\/998438\/ficha\/998438-2024-2025.html\">En este enlace dispones de toda la informaci\u00f3n<\/a><\/span><\/li>\n<\/ul>\n<\/div>\n<\/div>\n","protected":false},"excerpt":{"rendered":"<p>Resoluci\u00f3n de 24 de octubre de 2024 de la Subsecretar\u00eda de Educaci\u00f3n, Formaci\u00f3n Profesional y Deportes, por la que se &#8230; <a title=\"MEFP: Convocatoria de puestos de asesores t\u00e9cnicos en el exterior para funcionarios, 24\/25.\" class=\"read-more\" href=\"https:\/\/sidimurcia.org\/index.php\/2024\/10\/29\/mefp-convocatoria-de-puestos-de-asesores-tecnicos-en-el-exterior-para-funcionarios-24-25\/\" aria-label=\"Leer m\u00e1s sobre MEFP: Convocatoria de puestos de asesores t\u00e9cnicos en el exterior para funcionarios, 24\/25.\">Leer mas<\/a><\/p>\n","protected":false},"author":2,"featured_media":0,"comment_status":"closed","ping_status":"closed","sticky":false,"template":"","format":"standard","meta":{"footnotes":""},"categories":[4,83],"tags":[],"class_list":["post-22687","post","type-post","status-publish","format-standard","hentry","category-bolsa-extraordinaria","category-convocatoria-otros-paises"],"yoast_head":"<!-- This site is optimized with the Yoast SEO plugin v27.2 - https:\/\/yoast.com\/product\/yoast-seo-wordpress\/ -->\n<title>MEFP: Convocatoria de puestos de asesores t\u00e9cnicos en el exterior para funcionarios, 24\/25. - SIDI<\/title>\n<meta name=\"description\" content=\"Sindicato Independiente de Docentes. Funcionarios e Interinos. Afiliaci\u00f3n 1eur\/mes. Defendemos la educaci\u00f3n p\u00fablica.\" \/>\n<meta name=\"robots\" content=\"index, follow, max-snippet:-1, max-image-preview:large, max-video-preview:-1\" \/>\n<link rel=\"canonical\" href=\"https:\/\/sidimurcia.org\/index.php\/2024\/10\/29\/mefp-convocatoria-de-puestos-de-asesores-tecnicos-en-el-exterior-para-funcionarios-24-25\/\" \/>\n<meta property=\"og:locale\" content=\"es_ES\" \/>\n<meta property=\"og:type\" content=\"article\" \/>\n<meta property=\"og:title\" content=\"MEFP: Convocatoria de puestos de asesores t\u00e9cnicos en el exterior para funcionarios, 24\/25. - SIDI\" \/>\n<meta property=\"og:description\" content=\"Sindicato Independiente de Docentes. Funcionarios e Interinos. Afiliaci\u00f3n 1eur\/mes. Defendemos la educaci\u00f3n p\u00fablica.\" \/>\n<meta property=\"og:url\" content=\"https:\/\/sidimurcia.org\/index.php\/2024\/10\/29\/mefp-convocatoria-de-puestos-de-asesores-tecnicos-en-el-exterior-para-funcionarios-24-25\/\" \/>\n<meta property=\"og:site_name\" content=\"SIDI\" \/>\n<meta property=\"article:publisher\" content=\"https:\/\/es-es.facebook.com\/sidi.sindicatodedocentes\" \/>\n<meta property=\"article:published_time\" content=\"2024-10-29T09:27:04+00:00\" \/>\n<meta property=\"article:modified_time\" content=\"2024-12-26T12:20:54+00:00\" \/>\n<meta name=\"author\" content=\"Jose Luis Torrente\" \/>\n<meta name=\"twitter:card\" content=\"summary_large_image\" \/>\n<meta name=\"twitter:creator\" content=\"@SIDIMURCIA\" \/>\n<meta name=\"twitter:site\" content=\"@SIDIMURCIA\" \/>\n<meta name=\"twitter:label1\" content=\"Escrito por\" \/>\n\t<meta name=\"twitter:data1\" content=\"Jose Luis Torrente\" \/>\n\t<meta name=\"twitter:label2\" content=\"Tiempo de lectura\" \/>\n\t<meta name=\"twitter:data2\" content=\"2 minutos\" \/>\n<script type=\"application\/ld+json\" class=\"yoast-schema-graph\">{\"@context\":\"https:\/\/schema.org\",\"@graph\":[{\"@type\":\"Article\",\"@id\":\"https:\/\/sidimurcia.org\/index.php\/2024\/10\/29\/mefp-convocatoria-de-puestos-de-asesores-tecnicos-en-el-exterior-para-funcionarios-24-25\/#article\",\"isPartOf\":{\"@id\":\"https:\/\/sidimurcia.org\/index.php\/2024\/10\/29\/mefp-convocatoria-de-puestos-de-asesores-tecnicos-en-el-exterior-para-funcionarios-24-25\/\"},\"author\":{\"name\":\"Jose Luis Torrente\",\"@id\":\"https:\/\/sidimurcia.org\/#\/schema\/person\/3f3207f88fb267669a31f8f46f76f86c\"},\"headline\":\"MEFP: Convocatoria de puestos de asesores t\u00e9cnicos en el exterior para funcionarios, 24\/25.\",\"datePublished\":\"2024-10-29T09:27:04+00:00\",\"dateModified\":\"2024-12-26T12:20:54+00:00\",\"mainEntityOfPage\":{\"@id\":\"https:\/\/sidimurcia.org\/index.php\/2024\/10\/29\/mefp-convocatoria-de-puestos-de-asesores-tecnicos-en-el-exterior-para-funcionarios-24-25\/\"},\"wordCount\":409,\"publisher\":{\"@id\":\"https:\/\/sidimurcia.org\/#organization\"},\"articleSection\":[\"Bolsa Extraordinaria\",\"Convocatoria otros paises\"],\"inLanguage\":\"es\"},{\"@type\":\"WebPage\",\"@id\":\"https:\/\/sidimurcia.org\/index.php\/2024\/10\/29\/mefp-convocatoria-de-puestos-de-asesores-tecnicos-en-el-exterior-para-funcionarios-24-25\/\",\"url\":\"https:\/\/sidimurcia.org\/index.php\/2024\/10\/29\/mefp-convocatoria-de-puestos-de-asesores-tecnicos-en-el-exterior-para-funcionarios-24-25\/\",\"name\":\"MEFP: Convocatoria de puestos de asesores t\u00e9cnicos en el exterior para funcionarios, 24\/25. - SIDI\",\"isPartOf\":{\"@id\":\"https:\/\/sidimurcia.org\/#website\"},\"datePublished\":\"2024-10-29T09:27:04+00:00\",\"dateModified\":\"2024-12-26T12:20:54+00:00\",\"description\":\"Sindicato Independiente de Docentes. Funcionarios e Interinos. Afiliaci\u00f3n 1eur\/mes. Defendemos la educaci\u00f3n p\u00fablica.\",\"breadcrumb\":{\"@id\":\"https:\/\/sidimurcia.org\/index.php\/2024\/10\/29\/mefp-convocatoria-de-puestos-de-asesores-tecnicos-en-el-exterior-para-funcionarios-24-25\/#breadcrumb\"},\"inLanguage\":\"es\",\"potentialAction\":[{\"@type\":\"ReadAction\",\"target\":[\"https:\/\/sidimurcia.org\/index.php\/2024\/10\/29\/mefp-convocatoria-de-puestos-de-asesores-tecnicos-en-el-exterior-para-funcionarios-24-25\/\"]}]},{\"@type\":\"BreadcrumbList\",\"@id\":\"https:\/\/sidimurcia.org\/index.php\/2024\/10\/29\/mefp-convocatoria-de-puestos-de-asesores-tecnicos-en-el-exterior-para-funcionarios-24-25\/#breadcrumb\",\"itemListElement\":[{\"@type\":\"ListItem\",\"position\":1,\"name\":\"Portada\",\"item\":\"https:\/\/sidimurcia.org\/\"},{\"@type\":\"ListItem\",\"position\":2,\"name\":\"MEFP: Convocatoria de puestos de asesores t\u00e9cnicos en el exterior para funcionarios, 24\/25.\"}]},{\"@type\":\"WebSite\",\"@id\":\"https:\/\/sidimurcia.org\/#website\",\"url\":\"https:\/\/sidimurcia.org\/\",\"name\":\"SIDI\",\"description\":\"Sindicato Independiente de Docentes\",\"publisher\":{\"@id\":\"https:\/\/sidimurcia.org\/#organization\"},\"potentialAction\":[{\"@type\":\"SearchAction\",\"target\":{\"@type\":\"EntryPoint\",\"urlTemplate\":\"https:\/\/sidimurcia.org\/?s={search_term_string}\"},\"query-input\":{\"@type\":\"PropertyValueSpecification\",\"valueRequired\":true,\"valueName\":\"search_term_string\"}}],\"inLanguage\":\"es\"},{\"@type\":\"Organization\",\"@id\":\"https:\/\/sidimurcia.org\/#organization\",\"name\":\"Sindicato Independiente de Docentes - SIDI\",\"url\":\"https:\/\/sidimurcia.org\/\",\"logo\":{\"@type\":\"ImageObject\",\"inLanguage\":\"es\",\"@id\":\"https:\/\/sidimurcia.org\/#\/schema\/logo\/image\/\",\"url\":\"https:\/\/sidimurcia.org\/wp-content\/uploads\/cropped-PARAPESTANAWEB-1.jpg\",\"contentUrl\":\"https:\/\/sidimurcia.org\/wp-content\/uploads\/cropped-PARAPESTANAWEB-1.jpg\",\"width\":512,\"height\":512,\"caption\":\"Sindicato Independiente de Docentes - SIDI\"},\"image\":{\"@id\":\"https:\/\/sidimurcia.org\/#\/schema\/logo\/image\/\"},\"sameAs\":[\"https:\/\/es-es.facebook.com\/sidi.sindicatodedocentes\",\"https:\/\/x.com\/SIDIMURCIA\",\"https:\/\/www.instagram.com\/sidi_murcia\/\",\"https:\/\/www.youtube.com\/channel\/UCwwdL3uFtDKJdbOfmC70wIQ\"]},{\"@type\":\"Person\",\"@id\":\"https:\/\/sidimurcia.org\/#\/schema\/person\/3f3207f88fb267669a31f8f46f76f86c\",\"name\":\"Jose Luis Torrente\",\"image\":{\"@type\":\"ImageObject\",\"inLanguage\":\"es\",\"@id\":\"https:\/\/secure.gravatar.com\/avatar\/8ac4c0d28cf03f62a37681e633afaf3faec3a7bd495cdfb9b6a7ec6cf281b29c?s=96&d=mm&r=g\",\"url\":\"https:\/\/secure.gravatar.com\/avatar\/8ac4c0d28cf03f62a37681e633afaf3faec3a7bd495cdfb9b6a7ec6cf281b29c?s=96&d=mm&r=g\",\"contentUrl\":\"https:\/\/secure.gravatar.com\/avatar\/8ac4c0d28cf03f62a37681e633afaf3faec3a7bd495cdfb9b6a7ec6cf281b29c?s=96&d=mm&r=g\",\"caption\":\"Jose Luis Torrente\"},\"url\":\"https:\/\/sidimurcia.org\/index.php\/author\/joseltorrente\/\"}]}<\/script>\n<!-- \/ Yoast SEO plugin. -->","yoast_head_json":{"title":"MEFP: Convocatoria de puestos de asesores t\u00e9cnicos en el exterior para funcionarios, 24\/25. - SIDI","description":"Sindicato Independiente de Docentes. Funcionarios e Interinos. Afiliaci\u00f3n 1eur\/mes. Defendemos la educaci\u00f3n p\u00fablica.","robots":{"index":"index","follow":"follow","max-snippet":"max-snippet:-1","max-image-preview":"max-image-preview:large","max-video-preview":"max-video-preview:-1"},"canonical":"https:\/\/sidimurcia.org\/index.php\/2024\/10\/29\/mefp-convocatoria-de-puestos-de-asesores-tecnicos-en-el-exterior-para-funcionarios-24-25\/","og_locale":"es_ES","og_type":"article","og_title":"MEFP: Convocatoria de puestos de asesores t\u00e9cnicos en el exterior para funcionarios, 24\/25. - SIDI","og_description":"Sindicato Independiente de Docentes. Funcionarios e Interinos. Afiliaci\u00f3n 1eur\/mes. Defendemos la educaci\u00f3n p\u00fablica.","og_url":"https:\/\/sidimurcia.org\/index.php\/2024\/10\/29\/mefp-convocatoria-de-puestos-de-asesores-tecnicos-en-el-exterior-para-funcionarios-24-25\/","og_site_name":"SIDI","article_publisher":"https:\/\/es-es.facebook.com\/sidi.sindicatodedocentes","article_published_time":"2024-10-29T09:27:04+00:00","article_modified_time":"2024-12-26T12:20:54+00:00","author":"Jose Luis Torrente","twitter_card":"summary_large_image","twitter_creator":"@SIDIMURCIA","twitter_site":"@SIDIMURCIA","twitter_misc":{"Escrito por":"Jose Luis Torrente","Tiempo de lectura":"2 minutos"},"schema":{"@context":"https:\/\/schema.org","@graph":[{"@type":"Article","@id":"https:\/\/sidimurcia.org\/index.php\/2024\/10\/29\/mefp-convocatoria-de-puestos-de-asesores-tecnicos-en-el-exterior-para-funcionarios-24-25\/#article","isPartOf":{"@id":"https:\/\/sidimurcia.org\/index.php\/2024\/10\/29\/mefp-convocatoria-de-puestos-de-asesores-tecnicos-en-el-exterior-para-funcionarios-24-25\/"},"author":{"name":"Jose Luis Torrente","@id":"https:\/\/sidimurcia.org\/#\/schema\/person\/3f3207f88fb267669a31f8f46f76f86c"},"headline":"MEFP: Convocatoria de puestos de asesores t\u00e9cnicos en el exterior para funcionarios, 24\/25.","datePublished":"2024-10-29T09:27:04+00:00","dateModified":"2024-12-26T12:20:54+00:00","mainEntityOfPage":{"@id":"https:\/\/sidimurcia.org\/index.php\/2024\/10\/29\/mefp-convocatoria-de-puestos-de-asesores-tecnicos-en-el-exterior-para-funcionarios-24-25\/"},"wordCount":409,"publisher":{"@id":"https:\/\/sidimurcia.org\/#organization"},"articleSection":["Bolsa Extraordinaria","Convocatoria otros paises"],"inLanguage":"es"},{"@type":"WebPage","@id":"https:\/\/sidimurcia.org\/index.php\/2024\/10\/29\/mefp-convocatoria-de-puestos-de-asesores-tecnicos-en-el-exterior-para-funcionarios-24-25\/","url":"https:\/\/sidimurcia.org\/index.php\/2024\/10\/29\/mefp-convocatoria-de-puestos-de-asesores-tecnicos-en-el-exterior-para-funcionarios-24-25\/","name":"MEFP: Convocatoria de puestos de asesores t\u00e9cnicos en el exterior para funcionarios, 24\/25. - SIDI","isPartOf":{"@id":"https:\/\/sidimurcia.org\/#website"},"datePublished":"2024-10-29T09:27:04+00:00","dateModified":"2024-12-26T12:20:54+00:00","description":"Sindicato Independiente de Docentes. Funcionarios e Interinos. Afiliaci\u00f3n 1eur\/mes. Defendemos la educaci\u00f3n p\u00fablica.","breadcrumb":{"@id":"https:\/\/sidimurcia.org\/index.php\/2024\/10\/29\/mefp-convocatoria-de-puestos-de-asesores-tecnicos-en-el-exterior-para-funcionarios-24-25\/#breadcrumb"},"inLanguage":"es","potentialAction":[{"@type":"ReadAction","target":["https:\/\/sidimurcia.org\/index.php\/2024\/10\/29\/mefp-convocatoria-de-puestos-de-asesores-tecnicos-en-el-exterior-para-funcionarios-24-25\/"]}]},{"@type":"BreadcrumbList","@id":"https:\/\/sidimurcia.org\/index.php\/2024\/10\/29\/mefp-convocatoria-de-puestos-de-asesores-tecnicos-en-el-exterior-para-funcionarios-24-25\/#breadcrumb","itemListElement":[{"@type":"ListItem","position":1,"name":"Portada","item":"https:\/\/sidimurcia.org\/"},{"@type":"ListItem","position":2,"name":"MEFP: Convocatoria de puestos de asesores t\u00e9cnicos en el exterior para funcionarios, 24\/25."}]},{"@type":"WebSite","@id":"https:\/\/sidimurcia.org\/#website","url":"https:\/\/sidimurcia.org\/","name":"SIDI","description":"Sindicato Independiente de Docentes","publisher":{"@id":"https:\/\/sidimurcia.org\/#organization"},"potentialAction":[{"@type":"SearchAction","target":{"@type":"EntryPoint","urlTemplate":"https:\/\/sidimurcia.org\/?s={search_term_string}"},"query-input":{"@type":"PropertyValueSpecification","valueRequired":true,"valueName":"search_term_string"}}],"inLanguage":"es"},{"@type":"Organization","@id":"https:\/\/sidimurcia.org\/#organization","name":"Sindicato Independiente de Docentes - SIDI","url":"https:\/\/sidimurcia.org\/","logo":{"@type":"ImageObject","inLanguage":"es","@id":"https:\/\/sidimurcia.org\/#\/schema\/logo\/image\/","url":"https:\/\/sidimurcia.org\/wp-content\/uploads\/cropped-PARAPESTANAWEB-1.jpg","contentUrl":"https:\/\/sidimurcia.org\/wp-content\/uploads\/cropped-PARAPESTANAWEB-1.jpg","width":512,"height":512,"caption":"Sindicato Independiente de Docentes - SIDI"},"image":{"@id":"https:\/\/sidimurcia.org\/#\/schema\/logo\/image\/"},"sameAs":["https:\/\/es-es.facebook.com\/sidi.sindicatodedocentes","https:\/\/x.com\/SIDIMURCIA","https:\/\/www.instagram.com\/sidi_murcia\/","https:\/\/www.youtube.com\/channel\/UCwwdL3uFtDKJdbOfmC70wIQ"]},{"@type":"Person","@id":"https:\/\/sidimurcia.org\/#\/schema\/person\/3f3207f88fb267669a31f8f46f76f86c","name":"Jose Luis Torrente","image":{"@type":"ImageObject","inLanguage":"es","@id":"https:\/\/secure.gravatar.com\/avatar\/8ac4c0d28cf03f62a37681e633afaf3faec3a7bd495cdfb9b6a7ec6cf281b29c?s=96&d=mm&r=g","url":"https:\/\/secure.gravatar.com\/avatar\/8ac4c0d28cf03f62a37681e633afaf3faec3a7bd495cdfb9b6a7ec6cf281b29c?s=96&d=mm&r=g","contentUrl":"https:\/\/secure.gravatar.com\/avatar\/8ac4c0d28cf03f62a37681e633afaf3faec3a7bd495cdfb9b6a7ec6cf281b29c?s=96&d=mm&r=g","caption":"Jose Luis Torrente"},"url":"https:\/\/sidimurcia.org\/index.php\/author\/joseltorrente\/"}]}},"_links":{"self":[{"href":"https:\/\/sidimurcia.org\/index.php\/wp-json\/wp\/v2\/posts\/22687","targetHints":{"allow":["GET"]}}],"collection":[{"href":"https:\/\/sidimurcia.org\/index.php\/wp-json\/wp\/v2\/posts"}],"about":[{"href":"https:\/\/sidimurcia.org\/index.php\/wp-json\/wp\/v2\/types\/post"}],"author":[{"embeddable":true,"href":"https:\/\/sidimurcia.org\/index.php\/wp-json\/wp\/v2\/users\/2"}],"replies":[{"embeddable":true,"href":"https:\/\/sidimurcia.org\/index.php\/wp-json\/wp\/v2\/comments?post=22687"}],"version-history":[{"count":0,"href":"https:\/\/sidimurcia.org\/index.php\/wp-json\/wp\/v2\/posts\/22687\/revisions"}],"wp:attachment":[{"href":"https:\/\/sidimurcia.org\/index.php\/wp-json\/wp\/v2\/media?parent=22687"}],"wp:term":[{"taxonomy":"category","embeddable":true,"href":"https:\/\/sidimurcia.org\/index.php\/wp-json\/wp\/v2\/categories?post=22687"},{"taxonomy":"post_tag","embeddable":true,"href":"https:\/\/sidimurcia.org\/index.php\/wp-json\/wp\/v2\/tags?post=22687"}],"curies":[{"name":"wp","href":"https:\/\/api.w.org\/{rel}","templated":true}]}}