{"id":22952,"date":"2024-11-15T08:52:51","date_gmt":"2024-11-15T08:52:51","guid":{"rendered":"https:\/\/sidimurcia.org\/?p=22952"},"modified":"2024-11-15T08:52:51","modified_gmt":"2024-11-15T08:52:51","slug":"mefp-convocatoria-del-programa-de-movilidad-europea-academia-2025-para-docentes-de-orientacion-educativa-y-fol","status":"publish","type":"post","link":"https:\/\/sidimurcia.org\/index.php\/2024\/11\/15\/mefp-convocatoria-del-programa-de-movilidad-europea-academia-2025-para-docentes-de-orientacion-educativa-y-fol\/","title":{"rendered":"MEFP: Convocatoria del programa de movilidad europea Academia 2025 para docentes de Orientaci\u00f3n Educativa y FOL"},"content":{"rendered":"<ul>\n<li style=\"text-align: justify;\"><span style=\"font-family: arial, helvetica, sans-serif;\"><a class=\"boton\" title=\"Enlace externo, se abre en ventana nueva.\" href=\"https:\/\/www.educacionfpydeportes.gob.es\/dam\/jcr:9731da67-c0cd-4a3c-82bd-bd6866684fe6\/instrucciones-para-facilitar-la-participaci-n-en-el-programa-academia-2025--005-.pdf\" target=\"_blank\" rel=\"external noopener\" data-insuit-uuid=\"15504691-ce71-4cd1-ae6c-6be9cd725a84\">Instrucciones para facilitar la participaci\u00f3n en el Programa Academia 2025<\/a><\/span><\/li>\n<\/ul>\n<div class=\"estilo-boton abierta\" style=\"text-align: center;\"><span style=\"font-family: arial, helvetica, sans-serif;\"><a class=\"boton\" title=\"Enlace externo, se abre en ventana nueva.\" href=\"https:\/\/sede.educacion.gob.es\/sede\/login\/inicio.jjsp?idConvocatoria=2192\" target=\"_blank\" rel=\"external noopener\" data-insuit-uuid=\"1d304229-3ee1-4f5e-9f64-2ed843c33ec3\"><strong>Acceso a la tramitaci\u00f3n en sede electr\u00f3nica<\/strong><\/a> <\/span><\/div>\n<div class=\"estilo-boton abierta\" style=\"text-align: center;\"><span style=\"color: #d4458b;\"><strong><span style=\"font-family: arial, helvetica, sans-serif;\">Plazo de presentaci\u00f3n de solicitudes: Desde el 15 de noviembre de 2024 a las 00:00 hasta el 29 de noviembre de 2024 a las 15:00<\/span><\/strong><\/span><\/div>\n<p style=\"text-align: justify;\"><span style=\"font-family: arial, helvetica, sans-serif;\">La finalidad del programa Academia es promover cada a\u00f1o la movilidad de los profesionales de la orientaci\u00f3n en Europa, con los objetivos de potenciar la creaci\u00f3n de redes y la cooperaci\u00f3n europea en materia de informaci\u00f3n y orientaci\u00f3n a lo largo de la vida, as\u00ed como facilitar el intercambio de buenas pr\u00e1cticas y recursos entre los participantes.<\/span><\/p>\n<p style=\"text-align: justify;\"><span style=\"font-family: arial, helvetica, sans-serif;\">Las distintas visitas de estudio se realizar\u00e1n entre los meses de febrero a mayo. Cada pa\u00eds establece las fechas, lugar y objetivos del programa de actividades que coordina.<\/span><\/p>\n<p id=\"dg3\" style=\"text-align: justify;\"><span style=\"font-family: arial, helvetica, sans-serif;\"><span style=\"color: #3c48a9;\"><strong>Destinatarios<\/strong><\/span><br \/>\n<\/span><span style=\"font-family: arial, helvetica, sans-serif;\">Ser profesor de la especialidad de Orientaci\u00f3n Educativa preferentemente, aunque tambi\u00e9n se admitir\u00e1n candidaturas de profesores de la especialidad de Formaci\u00f3n y Orientaci\u00f3n Laboral y estar trabajando en el presente curso escolar en el \u00e1mbito de las ense\u00f1anzas no universitarias del Sistema Educativo y en centros sostenidos con fondos p\u00fablicos.<\/span><\/p>\n<div class=\"subseccion\" role=\"article\" aria-labelledby=\"dg5\" data-insuit-uuid=\"7038a344-4754-47d2-9ed3-480e11206691\">\n<p id=\"dg5\" style=\"text-align: justify;\"><strong><span style=\"font-family: arial, helvetica, sans-serif;\"><span style=\"color: #3c48a9;\">Requisitos<\/span><br \/>\n<\/span><\/strong>S<span style=\"font-family: arial, helvetica, sans-serif;\">er profesor\/a de la especialidad de Orientaci\u00f3n Educativa preferentemente, o de la especialidad de Formaci\u00f3n y Orientaci\u00f3n Laboral, y estar en activo este curso en un centro educativo (o, en su caso, en un equipo de orientaci\u00f3n) sostenido con fondos p\u00fablicos, desarrollando las funciones correspondientes a la especialidad requerida. Tener el nivel de competencia ling\u00fc\u00edstica necesario para seguir el desarrollo del programa en el idioma indicado por el pa\u00eds anfitri\u00f3n (B2 o superior) y acreditarlo seg\u00fan se especifica en el Anexo II de las Instrucciones para solicitar la participaci\u00f3n en el programa Academia 2025. El centro educativo donde preste servicios el orientador\/a educativo o en su caso, el profesor\/a de Formaci\u00f3n y Orientaci\u00f3n Laboral, interesado\/a en participar en alguna de las visitas programadas, debe estar desarrollando un proyecto Erasmus+ en este curso acad\u00e9mico 2024-2025 que contemple o permita la movilidad del interesado\/a. En todo caso, los gastos ocasionados por el viaje y la estancia en el pa\u00eds deber\u00e1n ser sufragados por este proyecto Erasmus+. Asimismo, corresponde al centro toda la tramitaci\u00f3n relativa a estos gastos de acuerdo con su modo de gesti\u00f3n y coordinaci\u00f3n interna.<\/span><\/p>\n<div class=\"cte\">\n<p style=\"text-align: justify;\"><span style=\"font-family: arial, helvetica, sans-serif;\">Por lo tanto:<\/span><\/p>\n<p style=\"text-align: justify;\"><span style=\"font-family: arial, helvetica, sans-serif;\">El citado proyecto Erasmus+ debe estar aprobado a fecha de finalizaci\u00f3n del plazo de presentaci\u00f3n de solicitudes. Dicho proyecto debe contemplar espec\u00edficamente la provisi\u00f3n de los fondos necesarios para sufragar los gastos de desplazamiento, alojamiento y dietas que conlleva esta solicitud. El\/la interesado\/a debe contar con la conformidad del\/la coordinador\/a del programa Erasmus+ de su centro para participar en el programa Academia 2025 y de las condiciones que implica dicha participaci\u00f3n dentro del proyecto en curso.\u200bAsimismo, deber\u00e1 contar con la aprobaci\u00f3n previa del director\/a de su centro o, en su caso, del responsable de la administraci\u00f3n competente, para participar en la convocatoria y para cumplir las obligaciones derivadas de dicha participaci\u00f3n en el caso de ser seleccionado\/a.<\/span><\/p>\n<p style=\"text-align: justify;\"><span style=\"font-family: arial, helvetica, sans-serif;\">4. No haber renunciado en la edici\u00f3n anterior 2024 ni en la edici\u00f3n 2023, al programa para el que fue seleccionado sin motivo debidamente justificado, seg\u00fan se establec\u00eda en la convocatoria correspondiente.<\/span><\/p>\n<p style=\"text-align: justify;\"><span style=\"font-family: arial, helvetica, sans-serif;\">5. No haber incurrido en falsificaci\u00f3n de documentaci\u00f3n asociada a las convocatorias de Academia 2024 y Academia 2023.<\/span><\/p>\n<ul>\n<li><span style=\"font-family: arial, helvetica, sans-serif;\"><a class=\"boton\" title=\"Enlace externo, se abre en ventana nueva.\" href=\"https:\/\/www.educacionfpydeportes.gob.es\/dam\/jcr:5c1de66c-ec0a-4631-ad12-7fb72db3cee2\/anexo-i--modelo-a.pdf\" target=\"_blank\" rel=\"external noopener\" data-insuit-uuid=\"4daac000-49d7-4157-bfd6-996d71be14ad\">Anexo I. Modelo A <\/a><\/span><\/li>\n<li><span style=\"font-family: arial, helvetica, sans-serif;\"><a class=\"boton\" title=\"Enlace externo, se abre en ventana nueva.\" href=\"https:\/\/www.educacionfpydeportes.gob.es\/dam\/jcr:66ed9db7-fc65-4ac9-b6fe-c265d68fb6b6\/anexo-i--modelo-b.pdf\" target=\"_blank\" rel=\"external noopener\" data-insuit-uuid=\"5b20e626-8891-47a1-b0db-cbdff6c5cee7\">Anexo I. Modelo B <\/a><\/span><\/li>\n<li><span style=\"font-family: arial, helvetica, sans-serif;\"><a class=\"boton\" title=\"Enlace externo, se abre en ventana nueva.\" href=\"https:\/\/www.educacionfpydeportes.gob.es\/dam\/jcr:0ca13652-5838-4a61-9365-6743863c97e8\/anexo-ii--certificaci-n-de-idiomas.pdf\" target=\"_blank\" rel=\"external noopener\" data-insuit-uuid=\"78fe00f4-6342-4b6f-8e11-27307f6b53d4\">Anexo II. Certificaci\u00f3n de idiomas. <\/a><\/span><\/li>\n<li><span style=\"font-family: arial, helvetica, sans-serif;\"><a class=\"boton\" title=\"Enlace externo, se abre en ventana nueva.\" href=\"https:\/\/www.educacionfpydeportes.gob.es\/dam\/jcr:ee4961d3-c1e6-41e4-a0b6-26b64e6a2871\/anexo-iii--academia-applications-forms-2025.pdf\" target=\"_blank\" rel=\"external noopener\" data-insuit-uuid=\"2ccada2b-7686-48ec-88d0-7e1aaedd889c\">Anexo III. Academia Applications forms 2025 <\/a><\/span><\/li>\n<li><span style=\"font-family: arial, helvetica, sans-serif;\"><a class=\"boton\" title=\"Enlace externo, se abre en ventana nueva.\" href=\"https:\/\/www.educacionfpydeportes.gob.es\/dam\/jcr:463fca36-6b51-4a65-a3d3-bb92104cf25d\/anexo-iv--memoria-de-los-participantes.pdf\" target=\"_blank\" rel=\"external noopener\" data-insuit-uuid=\"189c6c9b-f884-4046-b79f-e03f74d16dc9\">Anexo IV. Memoria de los participantes <\/a><\/span><\/li>\n<li><span style=\"font-family: arial, helvetica, sans-serif;\"><a class=\"boton\" title=\"Enlace externo, se abre en ventana nueva.\" href=\"https:\/\/www.educacionfpydeportes.gob.es\/dam\/jcr:4dfe6749-ac7f-441c-ab26-23b12244cd86\/anexo-v--oferta-de-programas-de-movilidad.pdf\" target=\"_blank\" rel=\"external noopener\" data-insuit-uuid=\"f59f9b79-2253-4533-9599-82b4f2645c3a\">Anexo V. Oferta de programas de movilidad <\/a><\/span><\/li>\n<li><a class=\"boton\" title=\"Enlace externo, se abre en ventana nueva.\" href=\"https:\/\/www.educacionfpydeportes.gob.es\/dam\/jcr:c32a5022-5c1a-451e-a209-5f6953f31b4b\/anexo-vi--baremaci-n.pdf\" target=\"_blank\" rel=\"external noopener\" data-insuit-uuid=\"69ef9cd9-7053-4d90-9b48-22240a72331e\"><span style=\"font-family: arial, helvetica, sans-serif;\">Anexo VI. Baremaci\u00f3n.<\/span> <\/a><\/li>\n<\/ul>\n<p id=\"doi1\"><span style=\"font-family: arial, helvetica, sans-serif;\"><span style=\"color: #3c48a9;\"><strong>Contacto<\/strong><\/span><br \/>\n<\/span><span style=\"font-family: arial, helvetica, sans-serif;\">Mail: o.profesional@educacion.gob.es<br \/>\n<\/span><span style=\"font-family: arial, helvetica, sans-serif;\">Tel\u00e9fono: 91 506 55 74 \/ 91 506 56 00 (Ext.65328)<\/span><\/p>\n<div class=\"cte\">\n<ul>\n<li><span style=\"font-family: arial, helvetica, sans-serif;\"><a href=\"https:\/\/www.educacionfpydeportes.gob.es\/servicios-al-ciudadano\/catalogo\/general\/29\/2962543\/ficha\/2962543-2025.html\">En este enlace dispones de toda la informaci\u00f3n<\/a><\/span><\/li>\n<\/ul>\n<\/div>\n<\/div>\n<\/div>\n","protected":false},"excerpt":{"rendered":"<p>Instrucciones para facilitar la participaci\u00f3n en el Programa Academia 2025 Acceso a la tramitaci\u00f3n en sede electr\u00f3nica Plazo de presentaci\u00f3n &#8230; <a title=\"MEFP: Convocatoria del programa de movilidad europea Academia 2025 para docentes de Orientaci\u00f3n Educativa y FOL\" class=\"read-more\" href=\"https:\/\/sidimurcia.org\/index.php\/2024\/11\/15\/mefp-convocatoria-del-programa-de-movilidad-europea-academia-2025-para-docentes-de-orientacion-educativa-y-fol\/\" aria-label=\"Leer m\u00e1s sobre MEFP: Convocatoria del programa de movilidad europea Academia 2025 para docentes de Orientaci\u00f3n Educativa y FOL\">Leer mas<\/a><\/p>\n","protected":false},"author":2,"featured_media":0,"comment_status":"closed","ping_status":"closed","sticky":false,"template":"","format":"standard","meta":{"footnotes":""},"categories":[4,83],"tags":[],"class_list":["post-22952","post","type-post","status-publish","format-standard","hentry","category-bolsa-extraordinaria","category-convocatoria-otros-paises"],"yoast_head":"<!-- This site is optimized with the Yoast SEO plugin v27.2 - https:\/\/yoast.com\/product\/yoast-seo-wordpress\/ -->\n<title>MEFP: Convocatoria del programa de movilidad europea Academia 2025 para docentes de Orientaci\u00f3n Educativa y FOL - SIDI<\/title>\n<meta name=\"description\" content=\"Sindicato Independiente de Docentes. Funcionarios e Interinos. Afiliaci\u00f3n 1eur\/mes. Defendemos la educaci\u00f3n p\u00fablica.\" \/>\n<meta name=\"robots\" content=\"index, follow, max-snippet:-1, max-image-preview:large, max-video-preview:-1\" \/>\n<link rel=\"canonical\" href=\"https:\/\/sidimurcia.org\/index.php\/2024\/11\/15\/mefp-convocatoria-del-programa-de-movilidad-europea-academia-2025-para-docentes-de-orientacion-educativa-y-fol\/\" \/>\n<meta property=\"og:locale\" content=\"es_ES\" \/>\n<meta property=\"og:type\" content=\"article\" \/>\n<meta property=\"og:title\" content=\"MEFP: Convocatoria del programa de movilidad europea Academia 2025 para docentes de Orientaci\u00f3n Educativa y FOL - SIDI\" \/>\n<meta property=\"og:description\" content=\"Sindicato Independiente de Docentes. Funcionarios e Interinos. Afiliaci\u00f3n 1eur\/mes. Defendemos la educaci\u00f3n p\u00fablica.\" \/>\n<meta property=\"og:url\" content=\"https:\/\/sidimurcia.org\/index.php\/2024\/11\/15\/mefp-convocatoria-del-programa-de-movilidad-europea-academia-2025-para-docentes-de-orientacion-educativa-y-fol\/\" \/>\n<meta property=\"og:site_name\" content=\"SIDI\" \/>\n<meta property=\"article:publisher\" content=\"https:\/\/es-es.facebook.com\/sidi.sindicatodedocentes\" \/>\n<meta property=\"article:published_time\" content=\"2024-11-15T08:52:51+00:00\" \/>\n<meta name=\"author\" content=\"Jose Luis Torrente\" \/>\n<meta name=\"twitter:card\" content=\"summary_large_image\" \/>\n<meta name=\"twitter:creator\" content=\"@SIDIMURCIA\" \/>\n<meta name=\"twitter:site\" content=\"@SIDIMURCIA\" \/>\n<meta name=\"twitter:label1\" content=\"Escrito por\" \/>\n\t<meta name=\"twitter:data1\" content=\"Jose Luis Torrente\" \/>\n\t<meta name=\"twitter:label2\" content=\"Tiempo de lectura\" \/>\n\t<meta name=\"twitter:data2\" content=\"3 minutos\" \/>\n<script type=\"application\/ld+json\" class=\"yoast-schema-graph\">{\"@context\":\"https:\/\/schema.org\",\"@graph\":[{\"@type\":\"Article\",\"@id\":\"https:\/\/sidimurcia.org\/index.php\/2024\/11\/15\/mefp-convocatoria-del-programa-de-movilidad-europea-academia-2025-para-docentes-de-orientacion-educativa-y-fol\/#article\",\"isPartOf\":{\"@id\":\"https:\/\/sidimurcia.org\/index.php\/2024\/11\/15\/mefp-convocatoria-del-programa-de-movilidad-europea-academia-2025-para-docentes-de-orientacion-educativa-y-fol\/\"},\"author\":{\"name\":\"Jose Luis Torrente\",\"@id\":\"https:\/\/sidimurcia.org\/#\/schema\/person\/3f3207f88fb267669a31f8f46f76f86c\"},\"headline\":\"MEFP: Convocatoria del programa de movilidad europea Academia 2025 para docentes de Orientaci\u00f3n Educativa y FOL\",\"datePublished\":\"2024-11-15T08:52:51+00:00\",\"mainEntityOfPage\":{\"@id\":\"https:\/\/sidimurcia.org\/index.php\/2024\/11\/15\/mefp-convocatoria-del-programa-de-movilidad-europea-academia-2025-para-docentes-de-orientacion-educativa-y-fol\/\"},\"wordCount\":654,\"publisher\":{\"@id\":\"https:\/\/sidimurcia.org\/#organization\"},\"articleSection\":[\"Bolsa Extraordinaria\",\"Convocatoria otros paises\"],\"inLanguage\":\"es\"},{\"@type\":\"WebPage\",\"@id\":\"https:\/\/sidimurcia.org\/index.php\/2024\/11\/15\/mefp-convocatoria-del-programa-de-movilidad-europea-academia-2025-para-docentes-de-orientacion-educativa-y-fol\/\",\"url\":\"https:\/\/sidimurcia.org\/index.php\/2024\/11\/15\/mefp-convocatoria-del-programa-de-movilidad-europea-academia-2025-para-docentes-de-orientacion-educativa-y-fol\/\",\"name\":\"MEFP: Convocatoria del programa de movilidad europea Academia 2025 para docentes de Orientaci\u00f3n Educativa y FOL - SIDI\",\"isPartOf\":{\"@id\":\"https:\/\/sidimurcia.org\/#website\"},\"datePublished\":\"2024-11-15T08:52:51+00:00\",\"description\":\"Sindicato Independiente de Docentes. Funcionarios e Interinos. Afiliaci\u00f3n 1eur\/mes. Defendemos la educaci\u00f3n p\u00fablica.\",\"breadcrumb\":{\"@id\":\"https:\/\/sidimurcia.org\/index.php\/2024\/11\/15\/mefp-convocatoria-del-programa-de-movilidad-europea-academia-2025-para-docentes-de-orientacion-educativa-y-fol\/#breadcrumb\"},\"inLanguage\":\"es\",\"potentialAction\":[{\"@type\":\"ReadAction\",\"target\":[\"https:\/\/sidimurcia.org\/index.php\/2024\/11\/15\/mefp-convocatoria-del-programa-de-movilidad-europea-academia-2025-para-docentes-de-orientacion-educativa-y-fol\/\"]}]},{\"@type\":\"BreadcrumbList\",\"@id\":\"https:\/\/sidimurcia.org\/index.php\/2024\/11\/15\/mefp-convocatoria-del-programa-de-movilidad-europea-academia-2025-para-docentes-de-orientacion-educativa-y-fol\/#breadcrumb\",\"itemListElement\":[{\"@type\":\"ListItem\",\"position\":1,\"name\":\"Portada\",\"item\":\"https:\/\/sidimurcia.org\/\"},{\"@type\":\"ListItem\",\"position\":2,\"name\":\"MEFP: Convocatoria del programa de movilidad europea Academia 2025 para docentes de Orientaci\u00f3n Educativa y FOL\"}]},{\"@type\":\"WebSite\",\"@id\":\"https:\/\/sidimurcia.org\/#website\",\"url\":\"https:\/\/sidimurcia.org\/\",\"name\":\"SIDI\",\"description\":\"Sindicato Independiente de Docentes\",\"publisher\":{\"@id\":\"https:\/\/sidimurcia.org\/#organization\"},\"potentialAction\":[{\"@type\":\"SearchAction\",\"target\":{\"@type\":\"EntryPoint\",\"urlTemplate\":\"https:\/\/sidimurcia.org\/?s={search_term_string}\"},\"query-input\":{\"@type\":\"PropertyValueSpecification\",\"valueRequired\":true,\"valueName\":\"search_term_string\"}}],\"inLanguage\":\"es\"},{\"@type\":\"Organization\",\"@id\":\"https:\/\/sidimurcia.org\/#organization\",\"name\":\"Sindicato Independiente de Docentes - SIDI\",\"url\":\"https:\/\/sidimurcia.org\/\",\"logo\":{\"@type\":\"ImageObject\",\"inLanguage\":\"es\",\"@id\":\"https:\/\/sidimurcia.org\/#\/schema\/logo\/image\/\",\"url\":\"https:\/\/sidimurcia.org\/wp-content\/uploads\/cropped-PARAPESTANAWEB-1.jpg\",\"contentUrl\":\"https:\/\/sidimurcia.org\/wp-content\/uploads\/cropped-PARAPESTANAWEB-1.jpg\",\"width\":512,\"height\":512,\"caption\":\"Sindicato Independiente de Docentes - SIDI\"},\"image\":{\"@id\":\"https:\/\/sidimurcia.org\/#\/schema\/logo\/image\/\"},\"sameAs\":[\"https:\/\/es-es.facebook.com\/sidi.sindicatodedocentes\",\"https:\/\/x.com\/SIDIMURCIA\",\"https:\/\/www.instagram.com\/sidi_murcia\/\",\"https:\/\/www.youtube.com\/channel\/UCwwdL3uFtDKJdbOfmC70wIQ\"]},{\"@type\":\"Person\",\"@id\":\"https:\/\/sidimurcia.org\/#\/schema\/person\/3f3207f88fb267669a31f8f46f76f86c\",\"name\":\"Jose Luis Torrente\",\"image\":{\"@type\":\"ImageObject\",\"inLanguage\":\"es\",\"@id\":\"https:\/\/secure.gravatar.com\/avatar\/8ac4c0d28cf03f62a37681e633afaf3faec3a7bd495cdfb9b6a7ec6cf281b29c?s=96&d=mm&r=g\",\"url\":\"https:\/\/secure.gravatar.com\/avatar\/8ac4c0d28cf03f62a37681e633afaf3faec3a7bd495cdfb9b6a7ec6cf281b29c?s=96&d=mm&r=g\",\"contentUrl\":\"https:\/\/secure.gravatar.com\/avatar\/8ac4c0d28cf03f62a37681e633afaf3faec3a7bd495cdfb9b6a7ec6cf281b29c?s=96&d=mm&r=g\",\"caption\":\"Jose Luis Torrente\"},\"url\":\"https:\/\/sidimurcia.org\/index.php\/author\/joseltorrente\/\"}]}<\/script>\n<!-- \/ Yoast SEO plugin. -->","yoast_head_json":{"title":"MEFP: Convocatoria del programa de movilidad europea Academia 2025 para docentes de Orientaci\u00f3n Educativa y FOL - SIDI","description":"Sindicato Independiente de Docentes. Funcionarios e Interinos. Afiliaci\u00f3n 1eur\/mes. Defendemos la educaci\u00f3n p\u00fablica.","robots":{"index":"index","follow":"follow","max-snippet":"max-snippet:-1","max-image-preview":"max-image-preview:large","max-video-preview":"max-video-preview:-1"},"canonical":"https:\/\/sidimurcia.org\/index.php\/2024\/11\/15\/mefp-convocatoria-del-programa-de-movilidad-europea-academia-2025-para-docentes-de-orientacion-educativa-y-fol\/","og_locale":"es_ES","og_type":"article","og_title":"MEFP: Convocatoria del programa de movilidad europea Academia 2025 para docentes de Orientaci\u00f3n Educativa y FOL - SIDI","og_description":"Sindicato Independiente de Docentes. Funcionarios e Interinos. Afiliaci\u00f3n 1eur\/mes. Defendemos la educaci\u00f3n p\u00fablica.","og_url":"https:\/\/sidimurcia.org\/index.php\/2024\/11\/15\/mefp-convocatoria-del-programa-de-movilidad-europea-academia-2025-para-docentes-de-orientacion-educativa-y-fol\/","og_site_name":"SIDI","article_publisher":"https:\/\/es-es.facebook.com\/sidi.sindicatodedocentes","article_published_time":"2024-11-15T08:52:51+00:00","author":"Jose Luis Torrente","twitter_card":"summary_large_image","twitter_creator":"@SIDIMURCIA","twitter_site":"@SIDIMURCIA","twitter_misc":{"Escrito por":"Jose Luis Torrente","Tiempo de lectura":"3 minutos"},"schema":{"@context":"https:\/\/schema.org","@graph":[{"@type":"Article","@id":"https:\/\/sidimurcia.org\/index.php\/2024\/11\/15\/mefp-convocatoria-del-programa-de-movilidad-europea-academia-2025-para-docentes-de-orientacion-educativa-y-fol\/#article","isPartOf":{"@id":"https:\/\/sidimurcia.org\/index.php\/2024\/11\/15\/mefp-convocatoria-del-programa-de-movilidad-europea-academia-2025-para-docentes-de-orientacion-educativa-y-fol\/"},"author":{"name":"Jose Luis Torrente","@id":"https:\/\/sidimurcia.org\/#\/schema\/person\/3f3207f88fb267669a31f8f46f76f86c"},"headline":"MEFP: Convocatoria del programa de movilidad europea Academia 2025 para docentes de Orientaci\u00f3n Educativa y FOL","datePublished":"2024-11-15T08:52:51+00:00","mainEntityOfPage":{"@id":"https:\/\/sidimurcia.org\/index.php\/2024\/11\/15\/mefp-convocatoria-del-programa-de-movilidad-europea-academia-2025-para-docentes-de-orientacion-educativa-y-fol\/"},"wordCount":654,"publisher":{"@id":"https:\/\/sidimurcia.org\/#organization"},"articleSection":["Bolsa Extraordinaria","Convocatoria otros paises"],"inLanguage":"es"},{"@type":"WebPage","@id":"https:\/\/sidimurcia.org\/index.php\/2024\/11\/15\/mefp-convocatoria-del-programa-de-movilidad-europea-academia-2025-para-docentes-de-orientacion-educativa-y-fol\/","url":"https:\/\/sidimurcia.org\/index.php\/2024\/11\/15\/mefp-convocatoria-del-programa-de-movilidad-europea-academia-2025-para-docentes-de-orientacion-educativa-y-fol\/","name":"MEFP: Convocatoria del programa de movilidad europea Academia 2025 para docentes de Orientaci\u00f3n Educativa y FOL - SIDI","isPartOf":{"@id":"https:\/\/sidimurcia.org\/#website"},"datePublished":"2024-11-15T08:52:51+00:00","description":"Sindicato Independiente de Docentes. Funcionarios e Interinos. Afiliaci\u00f3n 1eur\/mes. Defendemos la educaci\u00f3n p\u00fablica.","breadcrumb":{"@id":"https:\/\/sidimurcia.org\/index.php\/2024\/11\/15\/mefp-convocatoria-del-programa-de-movilidad-europea-academia-2025-para-docentes-de-orientacion-educativa-y-fol\/#breadcrumb"},"inLanguage":"es","potentialAction":[{"@type":"ReadAction","target":["https:\/\/sidimurcia.org\/index.php\/2024\/11\/15\/mefp-convocatoria-del-programa-de-movilidad-europea-academia-2025-para-docentes-de-orientacion-educativa-y-fol\/"]}]},{"@type":"BreadcrumbList","@id":"https:\/\/sidimurcia.org\/index.php\/2024\/11\/15\/mefp-convocatoria-del-programa-de-movilidad-europea-academia-2025-para-docentes-de-orientacion-educativa-y-fol\/#breadcrumb","itemListElement":[{"@type":"ListItem","position":1,"name":"Portada","item":"https:\/\/sidimurcia.org\/"},{"@type":"ListItem","position":2,"name":"MEFP: Convocatoria del programa de movilidad europea Academia 2025 para docentes de Orientaci\u00f3n Educativa y FOL"}]},{"@type":"WebSite","@id":"https:\/\/sidimurcia.org\/#website","url":"https:\/\/sidimurcia.org\/","name":"SIDI","description":"Sindicato Independiente de Docentes","publisher":{"@id":"https:\/\/sidimurcia.org\/#organization"},"potentialAction":[{"@type":"SearchAction","target":{"@type":"EntryPoint","urlTemplate":"https:\/\/sidimurcia.org\/?s={search_term_string}"},"query-input":{"@type":"PropertyValueSpecification","valueRequired":true,"valueName":"search_term_string"}}],"inLanguage":"es"},{"@type":"Organization","@id":"https:\/\/sidimurcia.org\/#organization","name":"Sindicato Independiente de Docentes - SIDI","url":"https:\/\/sidimurcia.org\/","logo":{"@type":"ImageObject","inLanguage":"es","@id":"https:\/\/sidimurcia.org\/#\/schema\/logo\/image\/","url":"https:\/\/sidimurcia.org\/wp-content\/uploads\/cropped-PARAPESTANAWEB-1.jpg","contentUrl":"https:\/\/sidimurcia.org\/wp-content\/uploads\/cropped-PARAPESTANAWEB-1.jpg","width":512,"height":512,"caption":"Sindicato Independiente de Docentes - SIDI"},"image":{"@id":"https:\/\/sidimurcia.org\/#\/schema\/logo\/image\/"},"sameAs":["https:\/\/es-es.facebook.com\/sidi.sindicatodedocentes","https:\/\/x.com\/SIDIMURCIA","https:\/\/www.instagram.com\/sidi_murcia\/","https:\/\/www.youtube.com\/channel\/UCwwdL3uFtDKJdbOfmC70wIQ"]},{"@type":"Person","@id":"https:\/\/sidimurcia.org\/#\/schema\/person\/3f3207f88fb267669a31f8f46f76f86c","name":"Jose Luis Torrente","image":{"@type":"ImageObject","inLanguage":"es","@id":"https:\/\/secure.gravatar.com\/avatar\/8ac4c0d28cf03f62a37681e633afaf3faec3a7bd495cdfb9b6a7ec6cf281b29c?s=96&d=mm&r=g","url":"https:\/\/secure.gravatar.com\/avatar\/8ac4c0d28cf03f62a37681e633afaf3faec3a7bd495cdfb9b6a7ec6cf281b29c?s=96&d=mm&r=g","contentUrl":"https:\/\/secure.gravatar.com\/avatar\/8ac4c0d28cf03f62a37681e633afaf3faec3a7bd495cdfb9b6a7ec6cf281b29c?s=96&d=mm&r=g","caption":"Jose Luis Torrente"},"url":"https:\/\/sidimurcia.org\/index.php\/author\/joseltorrente\/"}]}},"_links":{"self":[{"href":"https:\/\/sidimurcia.org\/index.php\/wp-json\/wp\/v2\/posts\/22952","targetHints":{"allow":["GET"]}}],"collection":[{"href":"https:\/\/sidimurcia.org\/index.php\/wp-json\/wp\/v2\/posts"}],"about":[{"href":"https:\/\/sidimurcia.org\/index.php\/wp-json\/wp\/v2\/types\/post"}],"author":[{"embeddable":true,"href":"https:\/\/sidimurcia.org\/index.php\/wp-json\/wp\/v2\/users\/2"}],"replies":[{"embeddable":true,"href":"https:\/\/sidimurcia.org\/index.php\/wp-json\/wp\/v2\/comments?post=22952"}],"version-history":[{"count":0,"href":"https:\/\/sidimurcia.org\/index.php\/wp-json\/wp\/v2\/posts\/22952\/revisions"}],"wp:attachment":[{"href":"https:\/\/sidimurcia.org\/index.php\/wp-json\/wp\/v2\/media?parent=22952"}],"wp:term":[{"taxonomy":"category","embeddable":true,"href":"https:\/\/sidimurcia.org\/index.php\/wp-json\/wp\/v2\/categories?post=22952"},{"taxonomy":"post_tag","embeddable":true,"href":"https:\/\/sidimurcia.org\/index.php\/wp-json\/wp\/v2\/tags?post=22952"}],"curies":[{"name":"wp","href":"https:\/\/api.w.org\/{rel}","templated":true}]}}