{"id":22990,"date":"2024-11-20T09:44:47","date_gmt":"2024-11-20T09:44:47","guid":{"rendered":"https:\/\/sidimurcia.org\/?p=22990"},"modified":"2024-11-20T09:44:47","modified_gmt":"2024-11-20T09:44:47","slug":"concurso-extraordinario-de-meritos-de-los-procesos-de-estabilizacion-2023-via-1-nombramiento-como-funcionarios-de-carrera-por-orden-efp-1304-2024-boe-20-11-2024","status":"publish","type":"post","link":"https:\/\/sidimurcia.org\/index.php\/2024\/11\/20\/concurso-extraordinario-de-meritos-de-los-procesos-de-estabilizacion-2023-via-1-nombramiento-como-funcionarios-de-carrera-por-orden-efp-1304-2024-boe-20-11-2024\/","title":{"rendered":"CONCURSO EXTRAORDINARIO DE M\u00c9RITOS DE LOS PROCESOS DE ESTABILIZACI\u00d3N 2023 \u2013 V\u00cdA 1: Nombramiento como FUNCIONARIOS DE CARRERA por Orden EFP\/1304\/2024 \u2013 BOE 20\/11\/2024"},"content":{"rendered":"<ul>\n<li style=\"text-align: justify;\"><a href=\"https:\/\/servicios.educarm.es\/templates\/portal\/ficheros\/websDinamicas\/45\/Ord%20nombr%20func%20carrer%20proc%20extraord%20estabiliz%20BOE%2020-11-24.pdf\"><span style=\"font-family: arial, helvetica, sans-serif;\">Orden EFD\/1304\/2024, de 14 de noviembre, por la que, a propuesta de la Consejer\u00eda de Educaci\u00f3n y Formaci\u00f3n Profesional, de la Comunidad Aut\u00f3noma de la Regi\u00f3n de Murcia, se nombra personal funcionario de carrera de los Cuerpos de Profesores de Ense\u00f1anza Secundaria, Profesores de Escuelas Oficiales de Idiomas, Profesores Especialistas en Sectores Singulares de Formaci\u00f3n Profesional, Catedr\u00e1ticos de M\u00fasica y Artes Esc\u00e9nicas, Profesores de M\u00fasica y Artes Esc\u00e9nicas, Profesores de Artes Pl\u00e1sticas y Dise\u00f1o, Maestros de Taller de Artes Pl\u00e1sticas y Dise\u00f1o y Maestros a los seleccionados en los procedimientos selectivos extraordinarios de estabilizaci\u00f3n convocados por Orden de 11 de noviembre de 2022.<\/span><\/a><\/li>\n<\/ul>\n","protected":false},"excerpt":{"rendered":"<p>Orden EFD\/1304\/2024, de 14 de noviembre, por la que, a propuesta de la Consejer\u00eda de Educaci\u00f3n y Formaci\u00f3n Profesional, de &#8230; <a title=\"CONCURSO EXTRAORDINARIO DE M\u00c9RITOS DE LOS PROCESOS DE ESTABILIZACI\u00d3N 2023 \u2013 V\u00cdA 1: Nombramiento como FUNCIONARIOS DE CARRERA por Orden EFP\/1304\/2024 \u2013 BOE 20\/11\/2024\" class=\"read-more\" href=\"https:\/\/sidimurcia.org\/index.php\/2024\/11\/20\/concurso-extraordinario-de-meritos-de-los-procesos-de-estabilizacion-2023-via-1-nombramiento-como-funcionarios-de-carrera-por-orden-efp-1304-2024-boe-20-11-2024\/\" aria-label=\"Leer m\u00e1s sobre CONCURSO EXTRAORDINARIO DE M\u00c9RITOS DE LOS PROCESOS DE ESTABILIZACI\u00d3N 2023 \u2013 V\u00cdA 1: Nombramiento como FUNCIONARIOS DE CARRERA por Orden EFP\/1304\/2024 \u2013 BOE 20\/11\/2024\">Leer mas<\/a><\/p>\n","protected":false},"author":2,"featured_media":0,"comment_status":"closed","ping_status":"closed","sticky":false,"template":"","format":"standard","meta":{"footnotes":""},"categories":[43,88],"tags":[],"class_list":["post-22990","post","type-post","status-publish","format-standard","hentry","category-oposiciones","category-oposiciones-2023"],"yoast_head":"<!-- This site is optimized with the Yoast SEO plugin v27.2 - https:\/\/yoast.com\/product\/yoast-seo-wordpress\/ -->\n<title>CONCURSO EXTRAORDINARIO DE M\u00c9RITOS DE LOS PROCESOS DE ESTABILIZACI\u00d3N 2023 \u2013 V\u00cdA 1: Nombramiento como FUNCIONARIOS DE CARRERA por Orden EFP\/1304\/2024 \u2013 BOE 20\/11\/2024 - SIDI<\/title>\n<meta name=\"description\" content=\"Sindicato Independiente de Docentes. Funcionarios e Interinos. Afiliaci\u00f3n 1eur\/mes. Defendemos la educaci\u00f3n p\u00fablica.\" \/>\n<meta name=\"robots\" content=\"index, follow, max-snippet:-1, max-image-preview:large, max-video-preview:-1\" \/>\n<link rel=\"canonical\" href=\"https:\/\/sidimurcia.org\/index.php\/2024\/11\/20\/concurso-extraordinario-de-meritos-de-los-procesos-de-estabilizacion-2023-via-1-nombramiento-como-funcionarios-de-carrera-por-orden-efp-1304-2024-boe-20-11-2024\/\" \/>\n<meta property=\"og:locale\" content=\"es_ES\" \/>\n<meta property=\"og:type\" content=\"article\" \/>\n<meta property=\"og:title\" content=\"CONCURSO EXTRAORDINARIO DE M\u00c9RITOS DE LOS PROCESOS DE ESTABILIZACI\u00d3N 2023 \u2013 V\u00cdA 1: Nombramiento como FUNCIONARIOS DE CARRERA por Orden EFP\/1304\/2024 \u2013 BOE 20\/11\/2024 - SIDI\" \/>\n<meta property=\"og:description\" content=\"Sindicato Independiente de Docentes. Funcionarios e Interinos. Afiliaci\u00f3n 1eur\/mes. Defendemos la educaci\u00f3n p\u00fablica.\" \/>\n<meta property=\"og:url\" content=\"https:\/\/sidimurcia.org\/index.php\/2024\/11\/20\/concurso-extraordinario-de-meritos-de-los-procesos-de-estabilizacion-2023-via-1-nombramiento-como-funcionarios-de-carrera-por-orden-efp-1304-2024-boe-20-11-2024\/\" \/>\n<meta property=\"og:site_name\" content=\"SIDI\" \/>\n<meta property=\"article:publisher\" content=\"https:\/\/es-es.facebook.com\/sidi.sindicatodedocentes\" \/>\n<meta property=\"article:published_time\" content=\"2024-11-20T09:44:47+00:00\" \/>\n<meta name=\"author\" content=\"Jose Luis Torrente\" \/>\n<meta name=\"twitter:card\" content=\"summary_large_image\" \/>\n<meta name=\"twitter:creator\" content=\"@SIDIMURCIA\" \/>\n<meta name=\"twitter:site\" content=\"@SIDIMURCIA\" \/>\n<meta name=\"twitter:label1\" content=\"Escrito por\" \/>\n\t<meta name=\"twitter:data1\" content=\"Jose Luis Torrente\" \/>\n\t<meta name=\"twitter:label2\" content=\"Tiempo de lectura\" \/>\n\t<meta name=\"twitter:data2\" content=\"1 minuto\" \/>\n<script type=\"application\/ld+json\" class=\"yoast-schema-graph\">{\"@context\":\"https:\/\/schema.org\",\"@graph\":[{\"@type\":\"Article\",\"@id\":\"https:\/\/sidimurcia.org\/index.php\/2024\/11\/20\/concurso-extraordinario-de-meritos-de-los-procesos-de-estabilizacion-2023-via-1-nombramiento-como-funcionarios-de-carrera-por-orden-efp-1304-2024-boe-20-11-2024\/#article\",\"isPartOf\":{\"@id\":\"https:\/\/sidimurcia.org\/index.php\/2024\/11\/20\/concurso-extraordinario-de-meritos-de-los-procesos-de-estabilizacion-2023-via-1-nombramiento-como-funcionarios-de-carrera-por-orden-efp-1304-2024-boe-20-11-2024\/\"},\"author\":{\"name\":\"Jose Luis Torrente\",\"@id\":\"https:\/\/sidimurcia.org\/#\/schema\/person\/3f3207f88fb267669a31f8f46f76f86c\"},\"headline\":\"CONCURSO EXTRAORDINARIO DE M\u00c9RITOS DE LOS PROCESOS DE ESTABILIZACI\u00d3N 2023 \u2013 V\u00cdA 1: Nombramiento como FUNCIONARIOS DE CARRERA por Orden EFP\/1304\/2024 \u2013 BOE 20\/11\/2024\",\"datePublished\":\"2024-11-20T09:44:47+00:00\",\"mainEntityOfPage\":{\"@id\":\"https:\/\/sidimurcia.org\/index.php\/2024\/11\/20\/concurso-extraordinario-de-meritos-de-los-procesos-de-estabilizacion-2023-via-1-nombramiento-como-funcionarios-de-carrera-por-orden-efp-1304-2024-boe-20-11-2024\/\"},\"wordCount\":139,\"publisher\":{\"@id\":\"https:\/\/sidimurcia.org\/#organization\"},\"articleSection\":[\"Oposiciones\",\"Oposiciones 2023\"],\"inLanguage\":\"es\"},{\"@type\":\"WebPage\",\"@id\":\"https:\/\/sidimurcia.org\/index.php\/2024\/11\/20\/concurso-extraordinario-de-meritos-de-los-procesos-de-estabilizacion-2023-via-1-nombramiento-como-funcionarios-de-carrera-por-orden-efp-1304-2024-boe-20-11-2024\/\",\"url\":\"https:\/\/sidimurcia.org\/index.php\/2024\/11\/20\/concurso-extraordinario-de-meritos-de-los-procesos-de-estabilizacion-2023-via-1-nombramiento-como-funcionarios-de-carrera-por-orden-efp-1304-2024-boe-20-11-2024\/\",\"name\":\"CONCURSO EXTRAORDINARIO DE M\u00c9RITOS DE LOS PROCESOS DE ESTABILIZACI\u00d3N 2023 \u2013 V\u00cdA 1: Nombramiento como FUNCIONARIOS DE CARRERA por Orden EFP\/1304\/2024 \u2013 BOE 20\/11\/2024 - SIDI\",\"isPartOf\":{\"@id\":\"https:\/\/sidimurcia.org\/#website\"},\"datePublished\":\"2024-11-20T09:44:47+00:00\",\"description\":\"Sindicato Independiente de Docentes. Funcionarios e Interinos. Afiliaci\u00f3n 1eur\/mes. Defendemos la educaci\u00f3n p\u00fablica.\",\"breadcrumb\":{\"@id\":\"https:\/\/sidimurcia.org\/index.php\/2024\/11\/20\/concurso-extraordinario-de-meritos-de-los-procesos-de-estabilizacion-2023-via-1-nombramiento-como-funcionarios-de-carrera-por-orden-efp-1304-2024-boe-20-11-2024\/#breadcrumb\"},\"inLanguage\":\"es\",\"potentialAction\":[{\"@type\":\"ReadAction\",\"target\":[\"https:\/\/sidimurcia.org\/index.php\/2024\/11\/20\/concurso-extraordinario-de-meritos-de-los-procesos-de-estabilizacion-2023-via-1-nombramiento-como-funcionarios-de-carrera-por-orden-efp-1304-2024-boe-20-11-2024\/\"]}]},{\"@type\":\"BreadcrumbList\",\"@id\":\"https:\/\/sidimurcia.org\/index.php\/2024\/11\/20\/concurso-extraordinario-de-meritos-de-los-procesos-de-estabilizacion-2023-via-1-nombramiento-como-funcionarios-de-carrera-por-orden-efp-1304-2024-boe-20-11-2024\/#breadcrumb\",\"itemListElement\":[{\"@type\":\"ListItem\",\"position\":1,\"name\":\"Portada\",\"item\":\"https:\/\/sidimurcia.org\/\"},{\"@type\":\"ListItem\",\"position\":2,\"name\":\"CONCURSO EXTRAORDINARIO DE M\u00c9RITOS DE LOS PROCESOS DE ESTABILIZACI\u00d3N 2023 \u2013 V\u00cdA 1: Nombramiento como FUNCIONARIOS DE CARRERA por Orden EFP\/1304\/2024 \u2013 BOE 20\/11\/2024\"}]},{\"@type\":\"WebSite\",\"@id\":\"https:\/\/sidimurcia.org\/#website\",\"url\":\"https:\/\/sidimurcia.org\/\",\"name\":\"SIDI\",\"description\":\"Sindicato Independiente de Docentes\",\"publisher\":{\"@id\":\"https:\/\/sidimurcia.org\/#organization\"},\"potentialAction\":[{\"@type\":\"SearchAction\",\"target\":{\"@type\":\"EntryPoint\",\"urlTemplate\":\"https:\/\/sidimurcia.org\/?s={search_term_string}\"},\"query-input\":{\"@type\":\"PropertyValueSpecification\",\"valueRequired\":true,\"valueName\":\"search_term_string\"}}],\"inLanguage\":\"es\"},{\"@type\":\"Organization\",\"@id\":\"https:\/\/sidimurcia.org\/#organization\",\"name\":\"Sindicato Independiente de Docentes - SIDI\",\"url\":\"https:\/\/sidimurcia.org\/\",\"logo\":{\"@type\":\"ImageObject\",\"inLanguage\":\"es\",\"@id\":\"https:\/\/sidimurcia.org\/#\/schema\/logo\/image\/\",\"url\":\"https:\/\/sidimurcia.org\/wp-content\/uploads\/cropped-PARAPESTANAWEB-1.jpg\",\"contentUrl\":\"https:\/\/sidimurcia.org\/wp-content\/uploads\/cropped-PARAPESTANAWEB-1.jpg\",\"width\":512,\"height\":512,\"caption\":\"Sindicato Independiente de Docentes - SIDI\"},\"image\":{\"@id\":\"https:\/\/sidimurcia.org\/#\/schema\/logo\/image\/\"},\"sameAs\":[\"https:\/\/es-es.facebook.com\/sidi.sindicatodedocentes\",\"https:\/\/x.com\/SIDIMURCIA\",\"https:\/\/www.instagram.com\/sidi_murcia\/\",\"https:\/\/www.youtube.com\/channel\/UCwwdL3uFtDKJdbOfmC70wIQ\"]},{\"@type\":\"Person\",\"@id\":\"https:\/\/sidimurcia.org\/#\/schema\/person\/3f3207f88fb267669a31f8f46f76f86c\",\"name\":\"Jose Luis Torrente\",\"image\":{\"@type\":\"ImageObject\",\"inLanguage\":\"es\",\"@id\":\"https:\/\/secure.gravatar.com\/avatar\/8ac4c0d28cf03f62a37681e633afaf3faec3a7bd495cdfb9b6a7ec6cf281b29c?s=96&d=mm&r=g\",\"url\":\"https:\/\/secure.gravatar.com\/avatar\/8ac4c0d28cf03f62a37681e633afaf3faec3a7bd495cdfb9b6a7ec6cf281b29c?s=96&d=mm&r=g\",\"contentUrl\":\"https:\/\/secure.gravatar.com\/avatar\/8ac4c0d28cf03f62a37681e633afaf3faec3a7bd495cdfb9b6a7ec6cf281b29c?s=96&d=mm&r=g\",\"caption\":\"Jose Luis Torrente\"},\"url\":\"https:\/\/sidimurcia.org\/index.php\/author\/joseltorrente\/\"}]}<\/script>\n<!-- \/ Yoast SEO plugin. -->","yoast_head_json":{"title":"CONCURSO EXTRAORDINARIO DE M\u00c9RITOS DE LOS PROCESOS DE ESTABILIZACI\u00d3N 2023 \u2013 V\u00cdA 1: Nombramiento como FUNCIONARIOS DE CARRERA por Orden EFP\/1304\/2024 \u2013 BOE 20\/11\/2024 - SIDI","description":"Sindicato Independiente de Docentes. Funcionarios e Interinos. Afiliaci\u00f3n 1eur\/mes. Defendemos la educaci\u00f3n p\u00fablica.","robots":{"index":"index","follow":"follow","max-snippet":"max-snippet:-1","max-image-preview":"max-image-preview:large","max-video-preview":"max-video-preview:-1"},"canonical":"https:\/\/sidimurcia.org\/index.php\/2024\/11\/20\/concurso-extraordinario-de-meritos-de-los-procesos-de-estabilizacion-2023-via-1-nombramiento-como-funcionarios-de-carrera-por-orden-efp-1304-2024-boe-20-11-2024\/","og_locale":"es_ES","og_type":"article","og_title":"CONCURSO EXTRAORDINARIO DE M\u00c9RITOS DE LOS PROCESOS DE ESTABILIZACI\u00d3N 2023 \u2013 V\u00cdA 1: Nombramiento como FUNCIONARIOS DE CARRERA por Orden EFP\/1304\/2024 \u2013 BOE 20\/11\/2024 - SIDI","og_description":"Sindicato Independiente de Docentes. Funcionarios e Interinos. Afiliaci\u00f3n 1eur\/mes. Defendemos la educaci\u00f3n p\u00fablica.","og_url":"https:\/\/sidimurcia.org\/index.php\/2024\/11\/20\/concurso-extraordinario-de-meritos-de-los-procesos-de-estabilizacion-2023-via-1-nombramiento-como-funcionarios-de-carrera-por-orden-efp-1304-2024-boe-20-11-2024\/","og_site_name":"SIDI","article_publisher":"https:\/\/es-es.facebook.com\/sidi.sindicatodedocentes","article_published_time":"2024-11-20T09:44:47+00:00","author":"Jose Luis Torrente","twitter_card":"summary_large_image","twitter_creator":"@SIDIMURCIA","twitter_site":"@SIDIMURCIA","twitter_misc":{"Escrito por":"Jose Luis Torrente","Tiempo de lectura":"1 minuto"},"schema":{"@context":"https:\/\/schema.org","@graph":[{"@type":"Article","@id":"https:\/\/sidimurcia.org\/index.php\/2024\/11\/20\/concurso-extraordinario-de-meritos-de-los-procesos-de-estabilizacion-2023-via-1-nombramiento-como-funcionarios-de-carrera-por-orden-efp-1304-2024-boe-20-11-2024\/#article","isPartOf":{"@id":"https:\/\/sidimurcia.org\/index.php\/2024\/11\/20\/concurso-extraordinario-de-meritos-de-los-procesos-de-estabilizacion-2023-via-1-nombramiento-como-funcionarios-de-carrera-por-orden-efp-1304-2024-boe-20-11-2024\/"},"author":{"name":"Jose Luis Torrente","@id":"https:\/\/sidimurcia.org\/#\/schema\/person\/3f3207f88fb267669a31f8f46f76f86c"},"headline":"CONCURSO EXTRAORDINARIO DE M\u00c9RITOS DE LOS PROCESOS DE ESTABILIZACI\u00d3N 2023 \u2013 V\u00cdA 1: Nombramiento como FUNCIONARIOS DE CARRERA por Orden EFP\/1304\/2024 \u2013 BOE 20\/11\/2024","datePublished":"2024-11-20T09:44:47+00:00","mainEntityOfPage":{"@id":"https:\/\/sidimurcia.org\/index.php\/2024\/11\/20\/concurso-extraordinario-de-meritos-de-los-procesos-de-estabilizacion-2023-via-1-nombramiento-como-funcionarios-de-carrera-por-orden-efp-1304-2024-boe-20-11-2024\/"},"wordCount":139,"publisher":{"@id":"https:\/\/sidimurcia.org\/#organization"},"articleSection":["Oposiciones","Oposiciones 2023"],"inLanguage":"es"},{"@type":"WebPage","@id":"https:\/\/sidimurcia.org\/index.php\/2024\/11\/20\/concurso-extraordinario-de-meritos-de-los-procesos-de-estabilizacion-2023-via-1-nombramiento-como-funcionarios-de-carrera-por-orden-efp-1304-2024-boe-20-11-2024\/","url":"https:\/\/sidimurcia.org\/index.php\/2024\/11\/20\/concurso-extraordinario-de-meritos-de-los-procesos-de-estabilizacion-2023-via-1-nombramiento-como-funcionarios-de-carrera-por-orden-efp-1304-2024-boe-20-11-2024\/","name":"CONCURSO EXTRAORDINARIO DE M\u00c9RITOS DE LOS PROCESOS DE ESTABILIZACI\u00d3N 2023 \u2013 V\u00cdA 1: Nombramiento como FUNCIONARIOS DE CARRERA por Orden EFP\/1304\/2024 \u2013 BOE 20\/11\/2024 - SIDI","isPartOf":{"@id":"https:\/\/sidimurcia.org\/#website"},"datePublished":"2024-11-20T09:44:47+00:00","description":"Sindicato Independiente de Docentes. Funcionarios e Interinos. Afiliaci\u00f3n 1eur\/mes. Defendemos la educaci\u00f3n p\u00fablica.","breadcrumb":{"@id":"https:\/\/sidimurcia.org\/index.php\/2024\/11\/20\/concurso-extraordinario-de-meritos-de-los-procesos-de-estabilizacion-2023-via-1-nombramiento-como-funcionarios-de-carrera-por-orden-efp-1304-2024-boe-20-11-2024\/#breadcrumb"},"inLanguage":"es","potentialAction":[{"@type":"ReadAction","target":["https:\/\/sidimurcia.org\/index.php\/2024\/11\/20\/concurso-extraordinario-de-meritos-de-los-procesos-de-estabilizacion-2023-via-1-nombramiento-como-funcionarios-de-carrera-por-orden-efp-1304-2024-boe-20-11-2024\/"]}]},{"@type":"BreadcrumbList","@id":"https:\/\/sidimurcia.org\/index.php\/2024\/11\/20\/concurso-extraordinario-de-meritos-de-los-procesos-de-estabilizacion-2023-via-1-nombramiento-como-funcionarios-de-carrera-por-orden-efp-1304-2024-boe-20-11-2024\/#breadcrumb","itemListElement":[{"@type":"ListItem","position":1,"name":"Portada","item":"https:\/\/sidimurcia.org\/"},{"@type":"ListItem","position":2,"name":"CONCURSO EXTRAORDINARIO DE M\u00c9RITOS DE LOS PROCESOS DE ESTABILIZACI\u00d3N 2023 \u2013 V\u00cdA 1: Nombramiento como FUNCIONARIOS DE CARRERA por Orden EFP\/1304\/2024 \u2013 BOE 20\/11\/2024"}]},{"@type":"WebSite","@id":"https:\/\/sidimurcia.org\/#website","url":"https:\/\/sidimurcia.org\/","name":"SIDI","description":"Sindicato Independiente de Docentes","publisher":{"@id":"https:\/\/sidimurcia.org\/#organization"},"potentialAction":[{"@type":"SearchAction","target":{"@type":"EntryPoint","urlTemplate":"https:\/\/sidimurcia.org\/?s={search_term_string}"},"query-input":{"@type":"PropertyValueSpecification","valueRequired":true,"valueName":"search_term_string"}}],"inLanguage":"es"},{"@type":"Organization","@id":"https:\/\/sidimurcia.org\/#organization","name":"Sindicato Independiente de Docentes - SIDI","url":"https:\/\/sidimurcia.org\/","logo":{"@type":"ImageObject","inLanguage":"es","@id":"https:\/\/sidimurcia.org\/#\/schema\/logo\/image\/","url":"https:\/\/sidimurcia.org\/wp-content\/uploads\/cropped-PARAPESTANAWEB-1.jpg","contentUrl":"https:\/\/sidimurcia.org\/wp-content\/uploads\/cropped-PARAPESTANAWEB-1.jpg","width":512,"height":512,"caption":"Sindicato Independiente de Docentes - SIDI"},"image":{"@id":"https:\/\/sidimurcia.org\/#\/schema\/logo\/image\/"},"sameAs":["https:\/\/es-es.facebook.com\/sidi.sindicatodedocentes","https:\/\/x.com\/SIDIMURCIA","https:\/\/www.instagram.com\/sidi_murcia\/","https:\/\/www.youtube.com\/channel\/UCwwdL3uFtDKJdbOfmC70wIQ"]},{"@type":"Person","@id":"https:\/\/sidimurcia.org\/#\/schema\/person\/3f3207f88fb267669a31f8f46f76f86c","name":"Jose Luis Torrente","image":{"@type":"ImageObject","inLanguage":"es","@id":"https:\/\/secure.gravatar.com\/avatar\/8ac4c0d28cf03f62a37681e633afaf3faec3a7bd495cdfb9b6a7ec6cf281b29c?s=96&d=mm&r=g","url":"https:\/\/secure.gravatar.com\/avatar\/8ac4c0d28cf03f62a37681e633afaf3faec3a7bd495cdfb9b6a7ec6cf281b29c?s=96&d=mm&r=g","contentUrl":"https:\/\/secure.gravatar.com\/avatar\/8ac4c0d28cf03f62a37681e633afaf3faec3a7bd495cdfb9b6a7ec6cf281b29c?s=96&d=mm&r=g","caption":"Jose Luis Torrente"},"url":"https:\/\/sidimurcia.org\/index.php\/author\/joseltorrente\/"}]}},"_links":{"self":[{"href":"https:\/\/sidimurcia.org\/index.php\/wp-json\/wp\/v2\/posts\/22990","targetHints":{"allow":["GET"]}}],"collection":[{"href":"https:\/\/sidimurcia.org\/index.php\/wp-json\/wp\/v2\/posts"}],"about":[{"href":"https:\/\/sidimurcia.org\/index.php\/wp-json\/wp\/v2\/types\/post"}],"author":[{"embeddable":true,"href":"https:\/\/sidimurcia.org\/index.php\/wp-json\/wp\/v2\/users\/2"}],"replies":[{"embeddable":true,"href":"https:\/\/sidimurcia.org\/index.php\/wp-json\/wp\/v2\/comments?post=22990"}],"version-history":[{"count":0,"href":"https:\/\/sidimurcia.org\/index.php\/wp-json\/wp\/v2\/posts\/22990\/revisions"}],"wp:attachment":[{"href":"https:\/\/sidimurcia.org\/index.php\/wp-json\/wp\/v2\/media?parent=22990"}],"wp:term":[{"taxonomy":"category","embeddable":true,"href":"https:\/\/sidimurcia.org\/index.php\/wp-json\/wp\/v2\/categories?post=22990"},{"taxonomy":"post_tag","embeddable":true,"href":"https:\/\/sidimurcia.org\/index.php\/wp-json\/wp\/v2\/tags?post=22990"}],"curies":[{"name":"wp","href":"https:\/\/api.w.org\/{rel}","templated":true}]}}