{"id":23196,"date":"2024-12-16T09:10:19","date_gmt":"2024-12-16T09:10:19","guid":{"rendered":"https:\/\/sidimurcia.org\/?p=23196"},"modified":"2024-12-16T09:10:19","modified_gmt":"2024-12-16T09:10:19","slug":"mefp-convocatoria-de-plazas-para-auxiliares-de-conversacion-espanoles-en-el-extranjero-curso-25-26","status":"publish","type":"post","link":"https:\/\/sidimurcia.org\/index.php\/2024\/12\/16\/mefp-convocatoria-de-plazas-para-auxiliares-de-conversacion-espanoles-en-el-extranjero-curso-25-26\/","title":{"rendered":"MEFP: Convocatoria de plazas para auxiliares de conversaci\u00f3n espa\u00f1oles en el extranjero, curso 25-26."},"content":{"rendered":"<ul>\n<li><a class=\"enlaceMarron\" title=\"Extracto de Resoluci\u00f3n y Resoluci\u00f3n de 11 de diciembre de 2024 de la Secretar\u00eda de Estado de Educaci\u00f3n por la que se convocan plazas para auxiliares de conversaci\u00f3n espa\u00f1oles en el extranjero para el curso acad\u00e9mico 2025-2026\" href=\"https:\/\/servicios.educarm.es\/templates\/portal\/ficheros\/websDinamicas\/45\/Convocatoria 2025-2026 BOE 14-12-24.pdf\" target=\"_blank\" rel=\"noopener\"><span style=\"font-family: arial, helvetica, sans-serif;\">Extracto de Resoluci\u00f3n y Resoluci\u00f3n de 11 de diciembre de 2024 de la Secretar\u00eda de Estado de Educaci\u00f3n por la que se convocan plazas para auxiliares de conversaci\u00f3n espa\u00f1oles en el extranjero para el curso acad\u00e9mico 2025-2026<\/span><\/a><\/li>\n<\/ul>\n<div class=\"estilo-boton abierta\" style=\"text-align: center;\"><span style=\"font-family: arial, helvetica, sans-serif;\"><a class=\"boton\" title=\"Enlace externo, se abre en ventana nueva.\" href=\"https:\/\/sede.educacion.gob.es\/sede\/login\/inicio.jjsp?idConvocatoria=2210\" target=\"_blank\" rel=\"external noopener\" data-insuit-uuid=\"ca9fa8d9-e49e-4651-9512-3718432b0f66\"><strong>Acceso a la tramitaci\u00f3n en sede electr\u00f3nica<\/strong><\/a> <\/span><\/div>\n<div><\/div>\n<div class=\"estilo-boton abierta\" style=\"text-align: justify;\"><span style=\"font-family: arial, helvetica, sans-serif;\"><strong>Plazo de presentaci\u00f3n de solicitudes: <\/strong>desde el 16 de diciembre de 2024 hasta el 08 de enero de 2025<\/span><\/div>\n<ul>\n<li><a href=\"https:\/\/www.educacionfpydeportes.gob.es\/servicios-al-ciudadano\/catalogo\/general\/05\/050520\/ficha\/050520-2025-2026.html\"><span style=\"font-family: arial, helvetica, sans-serif;\">En este enlace dispones de toda la informaci\u00f3n<\/span><\/a><\/li>\n<\/ul>\n<h3 id=\"ds3\"><span style=\"font-family: arial, helvetica, sans-serif;\">Instrucciones<\/span><\/h3>\n<div class=\"cte\">\n<p><span style=\"font-family: arial, helvetica, sans-serif;\">Darse de alta en Sede: <a title=\"Enlace externo, se abre en ventana nueva.\" href=\"https:\/\/www.educacionfpydeportes.gob.es\/dam\/jcr:10df5500-d012-4675-8f53-f8e8ce7bd168\/profex-alta-sede-20241108.pdf\" target=\"_blank\" rel=\"external noopener\" data-insuit-uuid=\"987f429b-4546-42cf-97ce-6e8efc5a5d80\">Manual I <\/a><\/span><\/p>\n<p><span style=\"font-family: arial, helvetica, sans-serif;\">Crearse un perfil en Profex, Presentar y Registrar una solicitud: <a title=\"Enlace externo, se abre en ventana nueva.\" href=\"https:\/\/www.educacionfpydeportes.gob.es\/dam\/jcr:e4600ef4-94a1-4e77-9b30-60b44498dd15\/manual-espa-oles-aacc-25-26-profex-perfil-solicitud-v2.pdf\" target=\"_blank\" rel=\"external noopener\" data-insuit-uuid=\"eebfd260-299e-443c-9dd5-c385ba253e53\">Manual<\/a><\/span><\/p>\n<\/div>\n<h3 id=\"doi1\"><span style=\"font-family: arial, helvetica, sans-serif;\">Contacto<\/span><\/h3>\n<div class=\"cte\">\n<p><span style=\"font-family: arial, helvetica, sans-serif;\">Correo electr\u00f3nico de consulta: <a href=\"mailto:auxiliares.conv@educacion.gob.es\" data-insuit-uuid=\"1162edf1-bb48-483b-ab1b-a39c169ada83\">auxiliares.conv@educacion.gob.es<\/a><\/span><\/p>\n<p><span style=\"font-family: arial, helvetica, sans-serif;\">Consultas o incidencias relacionadas con la aplicaci\u00f3n Profex: <a href=\"mailto:profex.soporte@educacion.gob.es\" data-insuit-uuid=\"98dbaa60-8744-4508-ac4a-b23dc1541269\">profex.soporte@educacion.gob.es<\/a><\/span><\/p>\n<\/div>\n","protected":false},"excerpt":{"rendered":"<p>Extracto de Resoluci\u00f3n y Resoluci\u00f3n de 11 de diciembre de 2024 de la Secretar\u00eda de Estado de Educaci\u00f3n por la &#8230; <a title=\"MEFP: Convocatoria de plazas para auxiliares de conversaci\u00f3n espa\u00f1oles en el extranjero, curso 25-26.\" class=\"read-more\" href=\"https:\/\/sidimurcia.org\/index.php\/2024\/12\/16\/mefp-convocatoria-de-plazas-para-auxiliares-de-conversacion-espanoles-en-el-extranjero-curso-25-26\/\" aria-label=\"Leer m\u00e1s sobre MEFP: Convocatoria de plazas para auxiliares de conversaci\u00f3n espa\u00f1oles en el extranjero, curso 25-26.\">Leer mas<\/a><\/p>\n","protected":false},"author":2,"featured_media":0,"comment_status":"closed","ping_status":"closed","sticky":false,"template":"","format":"standard","meta":{"footnotes":""},"categories":[4,83],"tags":[],"class_list":["post-23196","post","type-post","status-publish","format-standard","hentry","category-bolsa-extraordinaria","category-convocatoria-otros-paises"],"yoast_head":"<!-- This site is optimized with the Yoast SEO plugin v27.2 - https:\/\/yoast.com\/product\/yoast-seo-wordpress\/ -->\n<title>MEFP: Convocatoria de plazas para auxiliares de conversaci\u00f3n espa\u00f1oles en el extranjero, curso 25-26. - SIDI<\/title>\n<meta name=\"description\" content=\"Sindicato Independiente de Docentes. Funcionarios e Interinos. Afiliaci\u00f3n 1eur\/mes. Defendemos la educaci\u00f3n p\u00fablica.\" \/>\n<meta name=\"robots\" content=\"index, follow, max-snippet:-1, max-image-preview:large, max-video-preview:-1\" \/>\n<link rel=\"canonical\" href=\"https:\/\/sidimurcia.org\/index.php\/2024\/12\/16\/mefp-convocatoria-de-plazas-para-auxiliares-de-conversacion-espanoles-en-el-extranjero-curso-25-26\/\" \/>\n<meta property=\"og:locale\" content=\"es_ES\" \/>\n<meta property=\"og:type\" content=\"article\" \/>\n<meta property=\"og:title\" content=\"MEFP: Convocatoria de plazas para auxiliares de conversaci\u00f3n espa\u00f1oles en el extranjero, curso 25-26. - SIDI\" \/>\n<meta property=\"og:description\" content=\"Sindicato Independiente de Docentes. Funcionarios e Interinos. Afiliaci\u00f3n 1eur\/mes. Defendemos la educaci\u00f3n p\u00fablica.\" \/>\n<meta property=\"og:url\" content=\"https:\/\/sidimurcia.org\/index.php\/2024\/12\/16\/mefp-convocatoria-de-plazas-para-auxiliares-de-conversacion-espanoles-en-el-extranjero-curso-25-26\/\" \/>\n<meta property=\"og:site_name\" content=\"SIDI\" \/>\n<meta property=\"article:publisher\" content=\"https:\/\/es-es.facebook.com\/sidi.sindicatodedocentes\" \/>\n<meta property=\"article:published_time\" content=\"2024-12-16T09:10:19+00:00\" \/>\n<meta name=\"author\" content=\"Jose Luis Torrente\" \/>\n<meta name=\"twitter:card\" content=\"summary_large_image\" \/>\n<meta name=\"twitter:creator\" content=\"@SIDIMURCIA\" \/>\n<meta name=\"twitter:site\" content=\"@SIDIMURCIA\" \/>\n<meta name=\"twitter:label1\" content=\"Escrito por\" \/>\n\t<meta name=\"twitter:data1\" content=\"Jose Luis Torrente\" \/>\n\t<meta name=\"twitter:label2\" content=\"Tiempo de lectura\" \/>\n\t<meta name=\"twitter:data2\" content=\"1 minuto\" \/>\n<script type=\"application\/ld+json\" class=\"yoast-schema-graph\">{\"@context\":\"https:\/\/schema.org\",\"@graph\":[{\"@type\":\"Article\",\"@id\":\"https:\/\/sidimurcia.org\/index.php\/2024\/12\/16\/mefp-convocatoria-de-plazas-para-auxiliares-de-conversacion-espanoles-en-el-extranjero-curso-25-26\/#article\",\"isPartOf\":{\"@id\":\"https:\/\/sidimurcia.org\/index.php\/2024\/12\/16\/mefp-convocatoria-de-plazas-para-auxiliares-de-conversacion-espanoles-en-el-extranjero-curso-25-26\/\"},\"author\":{\"name\":\"Jose Luis Torrente\",\"@id\":\"https:\/\/sidimurcia.org\/#\/schema\/person\/3f3207f88fb267669a31f8f46f76f86c\"},\"headline\":\"MEFP: Convocatoria de plazas para auxiliares de conversaci\u00f3n espa\u00f1oles en el extranjero, curso 25-26.\",\"datePublished\":\"2024-12-16T09:10:19+00:00\",\"mainEntityOfPage\":{\"@id\":\"https:\/\/sidimurcia.org\/index.php\/2024\/12\/16\/mefp-convocatoria-de-plazas-para-auxiliares-de-conversacion-espanoles-en-el-extranjero-curso-25-26\/\"},\"wordCount\":136,\"publisher\":{\"@id\":\"https:\/\/sidimurcia.org\/#organization\"},\"articleSection\":[\"Bolsa Extraordinaria\",\"Convocatoria otros paises\"],\"inLanguage\":\"es\"},{\"@type\":\"WebPage\",\"@id\":\"https:\/\/sidimurcia.org\/index.php\/2024\/12\/16\/mefp-convocatoria-de-plazas-para-auxiliares-de-conversacion-espanoles-en-el-extranjero-curso-25-26\/\",\"url\":\"https:\/\/sidimurcia.org\/index.php\/2024\/12\/16\/mefp-convocatoria-de-plazas-para-auxiliares-de-conversacion-espanoles-en-el-extranjero-curso-25-26\/\",\"name\":\"MEFP: Convocatoria de plazas para auxiliares de conversaci\u00f3n espa\u00f1oles en el extranjero, curso 25-26. - SIDI\",\"isPartOf\":{\"@id\":\"https:\/\/sidimurcia.org\/#website\"},\"datePublished\":\"2024-12-16T09:10:19+00:00\",\"description\":\"Sindicato Independiente de Docentes. Funcionarios e Interinos. Afiliaci\u00f3n 1eur\/mes. Defendemos la educaci\u00f3n p\u00fablica.\",\"breadcrumb\":{\"@id\":\"https:\/\/sidimurcia.org\/index.php\/2024\/12\/16\/mefp-convocatoria-de-plazas-para-auxiliares-de-conversacion-espanoles-en-el-extranjero-curso-25-26\/#breadcrumb\"},\"inLanguage\":\"es\",\"potentialAction\":[{\"@type\":\"ReadAction\",\"target\":[\"https:\/\/sidimurcia.org\/index.php\/2024\/12\/16\/mefp-convocatoria-de-plazas-para-auxiliares-de-conversacion-espanoles-en-el-extranjero-curso-25-26\/\"]}]},{\"@type\":\"BreadcrumbList\",\"@id\":\"https:\/\/sidimurcia.org\/index.php\/2024\/12\/16\/mefp-convocatoria-de-plazas-para-auxiliares-de-conversacion-espanoles-en-el-extranjero-curso-25-26\/#breadcrumb\",\"itemListElement\":[{\"@type\":\"ListItem\",\"position\":1,\"name\":\"Portada\",\"item\":\"https:\/\/sidimurcia.org\/\"},{\"@type\":\"ListItem\",\"position\":2,\"name\":\"MEFP: Convocatoria de plazas para auxiliares de conversaci\u00f3n espa\u00f1oles en el extranjero, curso 25-26.\"}]},{\"@type\":\"WebSite\",\"@id\":\"https:\/\/sidimurcia.org\/#website\",\"url\":\"https:\/\/sidimurcia.org\/\",\"name\":\"SIDI\",\"description\":\"Sindicato Independiente de Docentes\",\"publisher\":{\"@id\":\"https:\/\/sidimurcia.org\/#organization\"},\"potentialAction\":[{\"@type\":\"SearchAction\",\"target\":{\"@type\":\"EntryPoint\",\"urlTemplate\":\"https:\/\/sidimurcia.org\/?s={search_term_string}\"},\"query-input\":{\"@type\":\"PropertyValueSpecification\",\"valueRequired\":true,\"valueName\":\"search_term_string\"}}],\"inLanguage\":\"es\"},{\"@type\":\"Organization\",\"@id\":\"https:\/\/sidimurcia.org\/#organization\",\"name\":\"Sindicato Independiente de Docentes - SIDI\",\"url\":\"https:\/\/sidimurcia.org\/\",\"logo\":{\"@type\":\"ImageObject\",\"inLanguage\":\"es\",\"@id\":\"https:\/\/sidimurcia.org\/#\/schema\/logo\/image\/\",\"url\":\"https:\/\/sidimurcia.org\/wp-content\/uploads\/cropped-PARAPESTANAWEB-1.jpg\",\"contentUrl\":\"https:\/\/sidimurcia.org\/wp-content\/uploads\/cropped-PARAPESTANAWEB-1.jpg\",\"width\":512,\"height\":512,\"caption\":\"Sindicato Independiente de Docentes - SIDI\"},\"image\":{\"@id\":\"https:\/\/sidimurcia.org\/#\/schema\/logo\/image\/\"},\"sameAs\":[\"https:\/\/es-es.facebook.com\/sidi.sindicatodedocentes\",\"https:\/\/x.com\/SIDIMURCIA\",\"https:\/\/www.instagram.com\/sidi_murcia\/\",\"https:\/\/www.youtube.com\/channel\/UCwwdL3uFtDKJdbOfmC70wIQ\"]},{\"@type\":\"Person\",\"@id\":\"https:\/\/sidimurcia.org\/#\/schema\/person\/3f3207f88fb267669a31f8f46f76f86c\",\"name\":\"Jose Luis Torrente\",\"image\":{\"@type\":\"ImageObject\",\"inLanguage\":\"es\",\"@id\":\"https:\/\/secure.gravatar.com\/avatar\/8ac4c0d28cf03f62a37681e633afaf3faec3a7bd495cdfb9b6a7ec6cf281b29c?s=96&d=mm&r=g\",\"url\":\"https:\/\/secure.gravatar.com\/avatar\/8ac4c0d28cf03f62a37681e633afaf3faec3a7bd495cdfb9b6a7ec6cf281b29c?s=96&d=mm&r=g\",\"contentUrl\":\"https:\/\/secure.gravatar.com\/avatar\/8ac4c0d28cf03f62a37681e633afaf3faec3a7bd495cdfb9b6a7ec6cf281b29c?s=96&d=mm&r=g\",\"caption\":\"Jose Luis Torrente\"},\"url\":\"https:\/\/sidimurcia.org\/index.php\/author\/joseltorrente\/\"}]}<\/script>\n<!-- \/ Yoast SEO plugin. -->","yoast_head_json":{"title":"MEFP: Convocatoria de plazas para auxiliares de conversaci\u00f3n espa\u00f1oles en el extranjero, curso 25-26. - SIDI","description":"Sindicato Independiente de Docentes. Funcionarios e Interinos. Afiliaci\u00f3n 1eur\/mes. Defendemos la educaci\u00f3n p\u00fablica.","robots":{"index":"index","follow":"follow","max-snippet":"max-snippet:-1","max-image-preview":"max-image-preview:large","max-video-preview":"max-video-preview:-1"},"canonical":"https:\/\/sidimurcia.org\/index.php\/2024\/12\/16\/mefp-convocatoria-de-plazas-para-auxiliares-de-conversacion-espanoles-en-el-extranjero-curso-25-26\/","og_locale":"es_ES","og_type":"article","og_title":"MEFP: Convocatoria de plazas para auxiliares de conversaci\u00f3n espa\u00f1oles en el extranjero, curso 25-26. - SIDI","og_description":"Sindicato Independiente de Docentes. Funcionarios e Interinos. Afiliaci\u00f3n 1eur\/mes. Defendemos la educaci\u00f3n p\u00fablica.","og_url":"https:\/\/sidimurcia.org\/index.php\/2024\/12\/16\/mefp-convocatoria-de-plazas-para-auxiliares-de-conversacion-espanoles-en-el-extranjero-curso-25-26\/","og_site_name":"SIDI","article_publisher":"https:\/\/es-es.facebook.com\/sidi.sindicatodedocentes","article_published_time":"2024-12-16T09:10:19+00:00","author":"Jose Luis Torrente","twitter_card":"summary_large_image","twitter_creator":"@SIDIMURCIA","twitter_site":"@SIDIMURCIA","twitter_misc":{"Escrito por":"Jose Luis Torrente","Tiempo de lectura":"1 minuto"},"schema":{"@context":"https:\/\/schema.org","@graph":[{"@type":"Article","@id":"https:\/\/sidimurcia.org\/index.php\/2024\/12\/16\/mefp-convocatoria-de-plazas-para-auxiliares-de-conversacion-espanoles-en-el-extranjero-curso-25-26\/#article","isPartOf":{"@id":"https:\/\/sidimurcia.org\/index.php\/2024\/12\/16\/mefp-convocatoria-de-plazas-para-auxiliares-de-conversacion-espanoles-en-el-extranjero-curso-25-26\/"},"author":{"name":"Jose Luis Torrente","@id":"https:\/\/sidimurcia.org\/#\/schema\/person\/3f3207f88fb267669a31f8f46f76f86c"},"headline":"MEFP: Convocatoria de plazas para auxiliares de conversaci\u00f3n espa\u00f1oles en el extranjero, curso 25-26.","datePublished":"2024-12-16T09:10:19+00:00","mainEntityOfPage":{"@id":"https:\/\/sidimurcia.org\/index.php\/2024\/12\/16\/mefp-convocatoria-de-plazas-para-auxiliares-de-conversacion-espanoles-en-el-extranjero-curso-25-26\/"},"wordCount":136,"publisher":{"@id":"https:\/\/sidimurcia.org\/#organization"},"articleSection":["Bolsa Extraordinaria","Convocatoria otros paises"],"inLanguage":"es"},{"@type":"WebPage","@id":"https:\/\/sidimurcia.org\/index.php\/2024\/12\/16\/mefp-convocatoria-de-plazas-para-auxiliares-de-conversacion-espanoles-en-el-extranjero-curso-25-26\/","url":"https:\/\/sidimurcia.org\/index.php\/2024\/12\/16\/mefp-convocatoria-de-plazas-para-auxiliares-de-conversacion-espanoles-en-el-extranjero-curso-25-26\/","name":"MEFP: Convocatoria de plazas para auxiliares de conversaci\u00f3n espa\u00f1oles en el extranjero, curso 25-26. - SIDI","isPartOf":{"@id":"https:\/\/sidimurcia.org\/#website"},"datePublished":"2024-12-16T09:10:19+00:00","description":"Sindicato Independiente de Docentes. Funcionarios e Interinos. Afiliaci\u00f3n 1eur\/mes. Defendemos la educaci\u00f3n p\u00fablica.","breadcrumb":{"@id":"https:\/\/sidimurcia.org\/index.php\/2024\/12\/16\/mefp-convocatoria-de-plazas-para-auxiliares-de-conversacion-espanoles-en-el-extranjero-curso-25-26\/#breadcrumb"},"inLanguage":"es","potentialAction":[{"@type":"ReadAction","target":["https:\/\/sidimurcia.org\/index.php\/2024\/12\/16\/mefp-convocatoria-de-plazas-para-auxiliares-de-conversacion-espanoles-en-el-extranjero-curso-25-26\/"]}]},{"@type":"BreadcrumbList","@id":"https:\/\/sidimurcia.org\/index.php\/2024\/12\/16\/mefp-convocatoria-de-plazas-para-auxiliares-de-conversacion-espanoles-en-el-extranjero-curso-25-26\/#breadcrumb","itemListElement":[{"@type":"ListItem","position":1,"name":"Portada","item":"https:\/\/sidimurcia.org\/"},{"@type":"ListItem","position":2,"name":"MEFP: Convocatoria de plazas para auxiliares de conversaci\u00f3n espa\u00f1oles en el extranjero, curso 25-26."}]},{"@type":"WebSite","@id":"https:\/\/sidimurcia.org\/#website","url":"https:\/\/sidimurcia.org\/","name":"SIDI","description":"Sindicato Independiente de Docentes","publisher":{"@id":"https:\/\/sidimurcia.org\/#organization"},"potentialAction":[{"@type":"SearchAction","target":{"@type":"EntryPoint","urlTemplate":"https:\/\/sidimurcia.org\/?s={search_term_string}"},"query-input":{"@type":"PropertyValueSpecification","valueRequired":true,"valueName":"search_term_string"}}],"inLanguage":"es"},{"@type":"Organization","@id":"https:\/\/sidimurcia.org\/#organization","name":"Sindicato Independiente de Docentes - SIDI","url":"https:\/\/sidimurcia.org\/","logo":{"@type":"ImageObject","inLanguage":"es","@id":"https:\/\/sidimurcia.org\/#\/schema\/logo\/image\/","url":"https:\/\/sidimurcia.org\/wp-content\/uploads\/cropped-PARAPESTANAWEB-1.jpg","contentUrl":"https:\/\/sidimurcia.org\/wp-content\/uploads\/cropped-PARAPESTANAWEB-1.jpg","width":512,"height":512,"caption":"Sindicato Independiente de Docentes - SIDI"},"image":{"@id":"https:\/\/sidimurcia.org\/#\/schema\/logo\/image\/"},"sameAs":["https:\/\/es-es.facebook.com\/sidi.sindicatodedocentes","https:\/\/x.com\/SIDIMURCIA","https:\/\/www.instagram.com\/sidi_murcia\/","https:\/\/www.youtube.com\/channel\/UCwwdL3uFtDKJdbOfmC70wIQ"]},{"@type":"Person","@id":"https:\/\/sidimurcia.org\/#\/schema\/person\/3f3207f88fb267669a31f8f46f76f86c","name":"Jose Luis Torrente","image":{"@type":"ImageObject","inLanguage":"es","@id":"https:\/\/secure.gravatar.com\/avatar\/8ac4c0d28cf03f62a37681e633afaf3faec3a7bd495cdfb9b6a7ec6cf281b29c?s=96&d=mm&r=g","url":"https:\/\/secure.gravatar.com\/avatar\/8ac4c0d28cf03f62a37681e633afaf3faec3a7bd495cdfb9b6a7ec6cf281b29c?s=96&d=mm&r=g","contentUrl":"https:\/\/secure.gravatar.com\/avatar\/8ac4c0d28cf03f62a37681e633afaf3faec3a7bd495cdfb9b6a7ec6cf281b29c?s=96&d=mm&r=g","caption":"Jose Luis Torrente"},"url":"https:\/\/sidimurcia.org\/index.php\/author\/joseltorrente\/"}]}},"_links":{"self":[{"href":"https:\/\/sidimurcia.org\/index.php\/wp-json\/wp\/v2\/posts\/23196","targetHints":{"allow":["GET"]}}],"collection":[{"href":"https:\/\/sidimurcia.org\/index.php\/wp-json\/wp\/v2\/posts"}],"about":[{"href":"https:\/\/sidimurcia.org\/index.php\/wp-json\/wp\/v2\/types\/post"}],"author":[{"embeddable":true,"href":"https:\/\/sidimurcia.org\/index.php\/wp-json\/wp\/v2\/users\/2"}],"replies":[{"embeddable":true,"href":"https:\/\/sidimurcia.org\/index.php\/wp-json\/wp\/v2\/comments?post=23196"}],"version-history":[{"count":0,"href":"https:\/\/sidimurcia.org\/index.php\/wp-json\/wp\/v2\/posts\/23196\/revisions"}],"wp:attachment":[{"href":"https:\/\/sidimurcia.org\/index.php\/wp-json\/wp\/v2\/media?parent=23196"}],"wp:term":[{"taxonomy":"category","embeddable":true,"href":"https:\/\/sidimurcia.org\/index.php\/wp-json\/wp\/v2\/categories?post=23196"},{"taxonomy":"post_tag","embeddable":true,"href":"https:\/\/sidimurcia.org\/index.php\/wp-json\/wp\/v2\/tags?post=23196"}],"curies":[{"name":"wp","href":"https:\/\/api.w.org\/{rel}","templated":true}]}}