{"id":25518,"date":"2025-07-25T18:35:50","date_gmt":"2025-07-25T18:35:50","guid":{"rendered":"https:\/\/sidimurcia.org\/?p=25518"},"modified":"2025-07-28T10:27:11","modified_gmt":"2025-07-28T10:27:11","slug":"25-07-2025-acto-de-adjudicacion-telematico-funcionarios-secundaria-y-otros-convocatoria-y-vacantes","status":"publish","type":"post","link":"https:\/\/sidimurcia.org\/index.php\/2025\/07\/25\/25-07-2025-acto-de-adjudicacion-telematico-funcionarios-secundaria-y-otros-convocatoria-y-vacantes\/","title":{"rendered":"25\/07\/2025 ACTO DE ADJUDICACI\u00d3N TELEM\u00c1TICO FUNCIONARIOS SECUNDARIA Y OTROS: Convocatoria y vacantes."},"content":{"rendered":"<ul>\n<li><a href=\"https:\/\/www.carm.es\/web\/descarga?ARCHIVO=CONVOCATORIA%20FUNCIONARIOS%20CURSO%202025_26%20%28COPIA%29.pdf&amp;ALIAS=ARCH&amp;IDCONTENIDO=200495&amp;RASTRO=c77$m22725,22759,4254\"><span style=\"font-family: arial, helvetica, sans-serif;\">25\/07\/2025. Acto de adjudicaci\u00f3n telem\u00e1tico &#8211; Se convoca a los funcionarios de carrera y en pr\u00e1cticas pertenecientes al Cuerpo de Profesores de Ense\u00f1anza Secundaria y otros, que a continuaci\u00f3n se relacionan, al acto telem\u00e1tico de adjudicaci\u00f3n de plazas cuyo plazo de presentaci\u00f3n de instancias se inicia hoy 25 de julio de 2025<\/span><\/a><\/li>\n<li><span style=\"font-family: arial, helvetica, sans-serif;\"><a href=\"https:\/\/www.carm.es\/web\/descarga?ARCHIVO=ADJVACANTESSECUNDARIA-884860.pdf&amp;ALIAS=ARCH&amp;IDCONTENIDO=200494&amp;RASTRO=c77$m22725,22759,4254\">Listado de vacantes <\/a><\/span><\/li>\n<\/ul>\n<p style=\"text-align: center;\"><span style=\"color: #d4458b; font-family: arial, helvetica, sans-serif;\"><strong>El plazo de <span style=\"color: #d4458b;\">presentaci\u00f3n<\/span> de instancias se inicia hoy <span style=\"color: #d4458b;\">d\u00eda<\/span> 25 de julio de 2025, y finalizar\u00e1 el lunes d\u00eda 28 de julio de 2025 <del>a las 12:00 horas<\/del>, se amplia a las 15:00 horas<\/strong><\/span><\/p>\n<ul>\n<li><a title=\"Nota informativa: Servicio de Personal Docente - Ampliaci\u00f3n horario de peticiones del acto de adjudicaci\u00f3n - Este enlace se abrir\u00e1 en una nueva ventana\" href=\"https:\/\/www.carm.es\/web\/descarga?ARCHIVO=Nota%20informativa%20del%20Servicio%20de%20Personal%20Docent1%20%28COPIA%29.pdf&amp;ALIAS=ARCH&amp;IDCONTENIDO=200505&amp;IDTIPO=60&amp;RASTRO=c77$m22725,22759,4254\" target=\"_blank\" rel=\"noopener\"><span style=\"font-family: arial, helvetica, sans-serif;\">Nota informativa: Servicio de Personal Docente &#8211; Ampliaci\u00f3n horario de peticiones del acto de adjudicaci\u00f3n<\/span><\/a><\/li>\n<\/ul>\n<p style=\"text-align: justify;\"><span style=\"font-family: arial, helvetica, sans-serif;\">Se convoca a los <strong>funcionarios desplazados por falta de horario sin centro asignado, funcionarios en expectativa de destino, funcionarios reingresados con motivo de excedencia, solicitantes de comisi\u00f3n de servicios por motivos de salud y causas sociales, funcionarios que hayan superado los procesos selectivos<\/strong> convocados por Orden de 20 de noviembre de 2024, pertenecientes a los Cuerpos de Profesores de Ense\u00f1anza Secundaria y Otros.<\/span><\/p>\n<p style=\"text-align: justify;\"><span style=\"font-family: arial, helvetica, sans-serif; color: #3c48a9;\"><strong>Deber\u00e1n observar los siguientes criterios de actuaci\u00f3n:<\/strong> <\/span><\/p>\n<p><span style=\"font-family: arial, helvetica, sans-serif;\">Los funcionarios desplazados por falta de horario sin destino, los funcionarios en <\/span><span style=\"font-family: arial, helvetica, sans-serif;\">expectativa de destino y los funcionarios que efectuar\u00e1n sus pr\u00e1cticas por haber <\/span><span style=\"font-family: arial, helvetica, sans-serif;\">superado los procesos selectivos convocados por Orden de 20 de noviembre de 2024 <\/span><span style=\"font-family: arial, helvetica, sans-serif;\">pertenecientes a los Cuerpos de Profesores de Ense\u00f1anza Secundaria y Otros Cuerpos <\/span><strong><span style=\"font-family: arial, helvetica, sans-serif; color: #d4458b;\">est\u00e1n obligados a solicitar en su instancia todas las vacantes ofertadas a jornada <\/span><\/strong><span style=\"font-family: arial, helvetica, sans-serif;\"><strong><span style=\"color: #d4458b;\">completa de su especialidad<\/span><\/strong>, ya que en caso de que no sean solicitadas y quedaran <\/span><span style=\"font-family: arial, helvetica, sans-serif;\">vacantes, ser\u00e1n considerados adjudicatarios forzosos y se les adjudicar\u00e1 una vacante <\/span><span style=\"font-family: arial, helvetica, sans-serif;\">de oficio. <\/span><\/p>\n<p><span style=\"color: #3c48a9;\"><strong><span style=\"font-family: arial, helvetica, sans-serif;\">De forma excepcional, se permite solicitar vacantes a tiempo parcial con <\/span><\/strong><span style=\"font-family: arial, helvetica, sans-serif;\"><strong>compromiso de permanencia hasta el 31\/08\/2026 en los siguientes supuestos:<\/strong> <\/span><\/span><\/p>\n<p><span style=\"font-family: arial, helvetica, sans-serif;\">&#8211; Para la reducci\u00f3n de 1\/2 de jornada (tiempo parcial de 8 y 9 horas) o <\/span><span style=\"font-family: arial, helvetica, sans-serif;\">reducci\u00f3n de jornada de 1\/3 por hijo menor de 12 a\u00f1os, por cuidado de un <\/span><span style=\"font-family: arial, helvetica, sans-serif;\">hijo discapacitado f\u00edsico o ps\u00edquico que no desempe\u00f1e actividad retribuida, <\/span><span style=\"font-family: arial, helvetica, sans-serif;\">por incapacidad de los padres, c\u00f3nyuge o familiar que conviva con el <\/span><span style=\"font-family: arial, helvetica, sans-serif;\">funcionario (tiempo parcial de 11 horas), art. 125 de la Orden de 30 de junio <\/span><span style=\"font-family: arial, helvetica, sans-serif;\">de 2025, de procedimientos en materia de recursos humanos para el curso <\/span><span style=\"font-family: arial, helvetica, sans-serif;\">2025-2026. <\/span><br \/>\n<span style=\"font-family: arial, helvetica, sans-serif;\">&#8211; Para la reducci\u00f3n voluntaria de 1\/3 de jornada, desde el 1 de septiembre al <\/span><span style=\"font-family: arial, helvetica, sans-serif;\">31 de agosto, en los t\u00e9rminos que establece el art. 6 de la Ley 5\/2012, de 29 <\/span><span style=\"font-family: arial, helvetica, sans-serif;\">de junio, de ajuste presupuestario de la CARM. <\/span><\/p>\n<p><span style=\"font-family: arial, helvetica, sans-serif;\">En caso de querer optar a una reducci\u00f3n de jornada, la solicitud deber\u00e1 ser <\/span><span style=\"font-family: arial, helvetica, sans-serif;\">enviada, a la direcci\u00f3n de correo electr\u00f3nico: spd_secundaria@murciaeduca.es, junto <\/span><span style=\"font-family: arial, helvetica, sans-serif;\">con la documentaci\u00f3n que acredite su concesi\u00f3n una vez publicados los resultados <\/span><span style=\"font-family: arial, helvetica, sans-serif;\">provisionales de la adjudicaci\u00f3n, en el plazo que indique la nota informativa que se <\/span><span style=\"font-family: arial, helvetica, sans-serif;\">publique. <\/span><\/p>\n<p style=\"text-align: justify;\"><span style=\"font-family: arial, helvetica, sans-serif;\"><span style=\"color: #3c48a9;\"><strong>Todos aquellos adjudicatarios que est\u00e9n interesados en las plazas biling\u00fces<\/strong><\/span> y <\/span><span style=\"font-family: arial, helvetica, sans-serif;\">est\u00e9n en posesi\u00f3n de la titulaci\u00f3n requerida y que no lo hayan presentado en <\/span><span style=\"font-family: arial, helvetica, sans-serif;\">convocatorias anteriores, deber\u00e1n comunicarlo antes del cierre de la convocatoria <\/span><span style=\"font-family: arial, helvetica, sans-serif;\">mediante correo electr\u00f3nico y deben poner en el asunto \u201cacreditaci\u00f3n biling\u00fce <\/span><span style=\"font-family: arial, helvetica, sans-serif;\">funcionarios\u201d dirigido al buz\u00f3n: spd_secundaria@murciaeduca.es, adjuntando la <\/span><span style=\"font-family: arial, helvetica, sans-serif;\">titulaci\u00f3n requerida (es requisito imprescindible para poder solicitar vacantes biling\u00fces). <\/span><\/p>\n<p style=\"text-align: justify;\"><span style=\"font-family: arial, helvetica, sans-serif;\">En base al art. 65. 3 de la Orden de 30 de junio de 2025 de la Consejer\u00eda de <\/span><span style=\"font-family: arial, helvetica, sans-serif;\">Educaci\u00f3n y Formaci\u00f3n Profesional, por la que se establecen procedimientos en materia <\/span><span style=\"font-family: arial, helvetica, sans-serif;\">de recursos humanos para el curso 2025-2026, los beneficiarios de comisiones de <\/span><span style=\"font-family: arial, helvetica, sans-serif;\">servicios intercomunitarias s\u00f3lo podr\u00e1n optar a vacantes completas. <\/span><\/p>\n<p><span style=\"font-family: arial, helvetica, sans-serif; color: #3c48a9;\"><strong>Plazas Biling\u00fces C1: <\/strong><\/span><span style=\"font-family: arial, helvetica, sans-serif;\">Para las plazas biling\u00fces, en las que es requisito la acreditaci\u00f3n ling\u00fc\u00edstica del <\/span><span style=\"font-family: arial, helvetica, sans-serif;\">nivel C1 para impartir en Bachillerato, es necesario estar en posesi\u00f3n de una <\/span><span style=\"font-family: arial, helvetica, sans-serif;\">acreditaci\u00f3n ling\u00fc\u00edstica de al menos un nivel C1 del Marco Com\u00fan Europeo de <\/span><span style=\"font-family: arial, helvetica, sans-serif;\">Referencia para las Lenguas, recogida en el Decreto 43\/2015, de 27 de marzo, por el <\/span><span style=\"font-family: arial, helvetica, sans-serif;\">que se establece un sistema de reconocimiento de la competencia en lenguas <\/span><span style=\"font-family: arial, helvetica, sans-serif;\">extranjeras en la Comunidad Aut\u00f3noma de la Regi\u00f3n de Murcia y se crea la comisi\u00f3n <\/span><span style=\"font-family: arial, helvetica, sans-serif;\">de reconocimiento de niveles de competencias en lenguas extranjeras, en el Decreto <\/span><span style=\"font-family: arial, helvetica, sans-serif;\">207\/2017 de 19 de julio de 2017 por el que se incorporan nuevos certificados y diplomas <\/span><span style=\"font-family: arial, helvetica, sans-serif;\">acreditativos de la competencia en lenguas extranjeras al Anexo del Decreto n\u00ba 43\/2015 <\/span><span style=\"font-family: arial, helvetica, sans-serif;\">de 27 de marzo, o en el Decreto n\u00ba 165\/2019, de 6 de septiembre de 2019, de la <\/span><span style=\"font-family: arial, helvetica, sans-serif;\">Consejer\u00eda de Educaci\u00f3n y Cultura, por el que se incorporan nuevos t\u00edtulos, certificados <\/span><span style=\"font-family: arial, helvetica, sans-serif;\">y diplomas acreditativos de la competencia en lenguas extranjeras al Anexo del Decreto <\/span><span style=\"font-family: arial, helvetica, sans-serif;\">n\u00ba 43\/2015, de 27 de marzo o en el Decreto n.\u00ba 177\/2022 de 29 de septiembre, por el <\/span><span style=\"font-family: arial, helvetica, sans-serif;\">que se incorporan nuevos t\u00edtulos, certificados y diplomas acreditativos de la competencia <\/span><span style=\"font-family: arial, helvetica, sans-serif;\">en lenguas extranjeras al anexo del Decreto n.\u00ba 43\/2015, de 27 de marzo, por el que se <\/span><span style=\"font-family: arial, helvetica, sans-serif;\">establece un sistema de reconocimiento de la competencia en lenguas extranjeras en <\/span><span style=\"font-family: arial, helvetica, sans-serif;\">la Comunidad Aut\u00f3noma de la Regi\u00f3n de Murcia y se crea la Comisi\u00f3n de <\/span><span style=\"font-family: arial, helvetica, sans-serif;\">Reconocimiento de Niveles de Competencia en Lenguas Extranjeras. <\/span><\/p>\n<p style=\"text-align: justify;\"><em><span style=\"font-family: arial, helvetica, sans-serif;\">Los adjudicatarios con plaza de los actos de adjudicaci\u00f3n presenciales <\/span><span style=\"font-family: arial, helvetica, sans-serif;\">realizados el lunes d\u00eda 28 de julio de 2025, que ya posean destino para el curso 2025-<\/span><span style=\"font-family: arial, helvetica, sans-serif;\">2026, no participar\u00e1n en esta adjudicaci\u00f3n telem\u00e1tica. En caso de participar, les ser\u00e1 <\/span><span style=\"font-family: arial, helvetica, sans-serif;\">retirada su instancia de petici\u00f3n. <\/span><\/em><\/p>\n<p style=\"text-align: justify;\"><span style=\"font-family: arial, helvetica, sans-serif; color: #3c48a9;\"><strong>Recordamos que los funcionarios en Comisi\u00f3n de Servicios por motivos de salud y causas sociales pueden pedir el n\u00famero de plazas que deseen en el acto, pero teniendo en cuenta que si no se le asignase ninguna de ellas, ir\u00e1n al destino definitivo.<\/strong><\/span><\/p>\n<p style=\"text-align: justify;\"><span style=\"color: #3c48a9;\"><strong><span style=\"font-family: arial, helvetica, sans-serif;\">Los funcionarios desplazados por falta de horario sin destino, los funcionarios en expectativa de destino y los funcionarios que efectuar\u00e1n sus pr\u00e1cticas (seleccionados oposici\u00f3n 2025)\u00a0<span style=\"color: #d4458b;\"> est\u00e1n obligados a solicitar en su instancia todas las vacantes ofertadas a jornada completa de su especialidad<\/span>, ya que en caso de que no sean solicitadas y quedaran vacantes, ser\u00e1n considerados adjudicatarios forzosos y se les adjudicar\u00e1 una vacante de oficio.<\/span>\u00a0<\/strong><\/span><\/p>\n","protected":false},"excerpt":{"rendered":"<p>25\/07\/2025. Acto de adjudicaci\u00f3n telem\u00e1tico &#8211; Se convoca a los funcionarios de carrera y en pr\u00e1cticas pertenecientes al Cuerpo de &#8230; <a title=\"25\/07\/2025 ACTO DE ADJUDICACI\u00d3N TELEM\u00c1TICO FUNCIONARIOS SECUNDARIA Y OTROS: Convocatoria y vacantes.\" class=\"read-more\" href=\"https:\/\/sidimurcia.org\/index.php\/2025\/07\/25\/25-07-2025-acto-de-adjudicacion-telematico-funcionarios-secundaria-y-otros-convocatoria-y-vacantes\/\" aria-label=\"Leer m\u00e1s sobre 25\/07\/2025 ACTO DE ADJUDICACI\u00d3N TELEM\u00c1TICO FUNCIONARIOS SECUNDARIA Y OTROS: Convocatoria y vacantes.\">Leer mas<\/a><\/p>\n","protected":false},"author":2,"featured_media":0,"comment_status":"closed","ping_status":"closed","sticky":false,"template":"","format":"standard","meta":{"footnotes":""},"categories":[3,67],"tags":[],"class_list":["post-25518","post","type-post","status-publish","format-standard","hentry","category-actos-de-adjudicacion","category-convocatoria"],"yoast_head":"<!-- This site is optimized with the Yoast SEO plugin v27.2 - https:\/\/yoast.com\/product\/yoast-seo-wordpress\/ -->\n<title>25\/07\/2025 ACTO DE ADJUDICACI\u00d3N TELEM\u00c1TICO FUNCIONARIOS SECUNDARIA Y OTROS: Convocatoria y vacantes. - SIDI<\/title>\n<meta name=\"description\" content=\"Sindicato Independiente de Docentes. Funcionarios e Interinos. Afiliaci\u00f3n 1eur\/mes. Defendemos la educaci\u00f3n p\u00fablica.\" \/>\n<meta name=\"robots\" content=\"index, follow, max-snippet:-1, max-image-preview:large, max-video-preview:-1\" \/>\n<link rel=\"canonical\" href=\"https:\/\/sidimurcia.org\/index.php\/2025\/07\/25\/25-07-2025-acto-de-adjudicacion-telematico-funcionarios-secundaria-y-otros-convocatoria-y-vacantes\/\" \/>\n<meta property=\"og:locale\" content=\"es_ES\" \/>\n<meta property=\"og:type\" content=\"article\" \/>\n<meta property=\"og:title\" content=\"25\/07\/2025 ACTO DE ADJUDICACI\u00d3N TELEM\u00c1TICO FUNCIONARIOS SECUNDARIA Y OTROS: Convocatoria y vacantes. - SIDI\" \/>\n<meta property=\"og:description\" content=\"Sindicato Independiente de Docentes. Funcionarios e Interinos. Afiliaci\u00f3n 1eur\/mes. Defendemos la educaci\u00f3n p\u00fablica.\" \/>\n<meta property=\"og:url\" content=\"https:\/\/sidimurcia.org\/index.php\/2025\/07\/25\/25-07-2025-acto-de-adjudicacion-telematico-funcionarios-secundaria-y-otros-convocatoria-y-vacantes\/\" \/>\n<meta property=\"og:site_name\" content=\"SIDI\" \/>\n<meta property=\"article:publisher\" content=\"https:\/\/es-es.facebook.com\/sidi.sindicatodedocentes\" \/>\n<meta property=\"article:published_time\" content=\"2025-07-25T18:35:50+00:00\" \/>\n<meta property=\"article:modified_time\" content=\"2025-07-28T10:27:11+00:00\" \/>\n<meta name=\"author\" content=\"Jose Luis Torrente\" \/>\n<meta name=\"twitter:card\" content=\"summary_large_image\" \/>\n<meta name=\"twitter:creator\" content=\"@SIDIMURCIA\" \/>\n<meta name=\"twitter:site\" content=\"@SIDIMURCIA\" \/>\n<meta name=\"twitter:label1\" content=\"Escrito por\" \/>\n\t<meta name=\"twitter:data1\" content=\"Jose Luis Torrente\" \/>\n\t<meta name=\"twitter:label2\" content=\"Tiempo de lectura\" \/>\n\t<meta name=\"twitter:data2\" content=\"5 minutos\" \/>\n<script type=\"application\/ld+json\" class=\"yoast-schema-graph\">{\"@context\":\"https:\/\/schema.org\",\"@graph\":[{\"@type\":\"Article\",\"@id\":\"https:\/\/sidimurcia.org\/index.php\/2025\/07\/25\/25-07-2025-acto-de-adjudicacion-telematico-funcionarios-secundaria-y-otros-convocatoria-y-vacantes\/#article\",\"isPartOf\":{\"@id\":\"https:\/\/sidimurcia.org\/index.php\/2025\/07\/25\/25-07-2025-acto-de-adjudicacion-telematico-funcionarios-secundaria-y-otros-convocatoria-y-vacantes\/\"},\"author\":{\"name\":\"Jose Luis Torrente\",\"@id\":\"https:\/\/sidimurcia.org\/#\/schema\/person\/3f3207f88fb267669a31f8f46f76f86c\"},\"headline\":\"25\/07\/2025 ACTO DE ADJUDICACI\u00d3N TELEM\u00c1TICO FUNCIONARIOS SECUNDARIA Y OTROS: Convocatoria y vacantes.\",\"datePublished\":\"2025-07-25T18:35:50+00:00\",\"dateModified\":\"2025-07-28T10:27:11+00:00\",\"mainEntityOfPage\":{\"@id\":\"https:\/\/sidimurcia.org\/index.php\/2025\/07\/25\/25-07-2025-acto-de-adjudicacion-telematico-funcionarios-secundaria-y-otros-convocatoria-y-vacantes\/\"},\"wordCount\":1027,\"publisher\":{\"@id\":\"https:\/\/sidimurcia.org\/#organization\"},\"articleSection\":[\"Actos de adjudicaci\u00f3n\",\"Convocatoria\"],\"inLanguage\":\"es\"},{\"@type\":\"WebPage\",\"@id\":\"https:\/\/sidimurcia.org\/index.php\/2025\/07\/25\/25-07-2025-acto-de-adjudicacion-telematico-funcionarios-secundaria-y-otros-convocatoria-y-vacantes\/\",\"url\":\"https:\/\/sidimurcia.org\/index.php\/2025\/07\/25\/25-07-2025-acto-de-adjudicacion-telematico-funcionarios-secundaria-y-otros-convocatoria-y-vacantes\/\",\"name\":\"25\/07\/2025 ACTO DE ADJUDICACI\u00d3N TELEM\u00c1TICO FUNCIONARIOS SECUNDARIA Y OTROS: Convocatoria y vacantes. - SIDI\",\"isPartOf\":{\"@id\":\"https:\/\/sidimurcia.org\/#website\"},\"datePublished\":\"2025-07-25T18:35:50+00:00\",\"dateModified\":\"2025-07-28T10:27:11+00:00\",\"description\":\"Sindicato Independiente de Docentes. Funcionarios e Interinos. Afiliaci\u00f3n 1eur\/mes. Defendemos la educaci\u00f3n p\u00fablica.\",\"breadcrumb\":{\"@id\":\"https:\/\/sidimurcia.org\/index.php\/2025\/07\/25\/25-07-2025-acto-de-adjudicacion-telematico-funcionarios-secundaria-y-otros-convocatoria-y-vacantes\/#breadcrumb\"},\"inLanguage\":\"es\",\"potentialAction\":[{\"@type\":\"ReadAction\",\"target\":[\"https:\/\/sidimurcia.org\/index.php\/2025\/07\/25\/25-07-2025-acto-de-adjudicacion-telematico-funcionarios-secundaria-y-otros-convocatoria-y-vacantes\/\"]}]},{\"@type\":\"BreadcrumbList\",\"@id\":\"https:\/\/sidimurcia.org\/index.php\/2025\/07\/25\/25-07-2025-acto-de-adjudicacion-telematico-funcionarios-secundaria-y-otros-convocatoria-y-vacantes\/#breadcrumb\",\"itemListElement\":[{\"@type\":\"ListItem\",\"position\":1,\"name\":\"Portada\",\"item\":\"https:\/\/sidimurcia.org\/\"},{\"@type\":\"ListItem\",\"position\":2,\"name\":\"25\/07\/2025 ACTO DE ADJUDICACI\u00d3N TELEM\u00c1TICO FUNCIONARIOS SECUNDARIA Y OTROS: Convocatoria y vacantes.\"}]},{\"@type\":\"WebSite\",\"@id\":\"https:\/\/sidimurcia.org\/#website\",\"url\":\"https:\/\/sidimurcia.org\/\",\"name\":\"SIDI\",\"description\":\"Sindicato Independiente de Docentes\",\"publisher\":{\"@id\":\"https:\/\/sidimurcia.org\/#organization\"},\"potentialAction\":[{\"@type\":\"SearchAction\",\"target\":{\"@type\":\"EntryPoint\",\"urlTemplate\":\"https:\/\/sidimurcia.org\/?s={search_term_string}\"},\"query-input\":{\"@type\":\"PropertyValueSpecification\",\"valueRequired\":true,\"valueName\":\"search_term_string\"}}],\"inLanguage\":\"es\"},{\"@type\":\"Organization\",\"@id\":\"https:\/\/sidimurcia.org\/#organization\",\"name\":\"Sindicato Independiente de Docentes - SIDI\",\"url\":\"https:\/\/sidimurcia.org\/\",\"logo\":{\"@type\":\"ImageObject\",\"inLanguage\":\"es\",\"@id\":\"https:\/\/sidimurcia.org\/#\/schema\/logo\/image\/\",\"url\":\"https:\/\/sidimurcia.org\/wp-content\/uploads\/cropped-PARAPESTANAWEB-1.jpg\",\"contentUrl\":\"https:\/\/sidimurcia.org\/wp-content\/uploads\/cropped-PARAPESTANAWEB-1.jpg\",\"width\":512,\"height\":512,\"caption\":\"Sindicato Independiente de Docentes - SIDI\"},\"image\":{\"@id\":\"https:\/\/sidimurcia.org\/#\/schema\/logo\/image\/\"},\"sameAs\":[\"https:\/\/es-es.facebook.com\/sidi.sindicatodedocentes\",\"https:\/\/x.com\/SIDIMURCIA\",\"https:\/\/www.instagram.com\/sidi_murcia\/\",\"https:\/\/www.youtube.com\/channel\/UCwwdL3uFtDKJdbOfmC70wIQ\"]},{\"@type\":\"Person\",\"@id\":\"https:\/\/sidimurcia.org\/#\/schema\/person\/3f3207f88fb267669a31f8f46f76f86c\",\"name\":\"Jose Luis Torrente\",\"image\":{\"@type\":\"ImageObject\",\"inLanguage\":\"es\",\"@id\":\"https:\/\/secure.gravatar.com\/avatar\/8ac4c0d28cf03f62a37681e633afaf3faec3a7bd495cdfb9b6a7ec6cf281b29c?s=96&d=mm&r=g\",\"url\":\"https:\/\/secure.gravatar.com\/avatar\/8ac4c0d28cf03f62a37681e633afaf3faec3a7bd495cdfb9b6a7ec6cf281b29c?s=96&d=mm&r=g\",\"contentUrl\":\"https:\/\/secure.gravatar.com\/avatar\/8ac4c0d28cf03f62a37681e633afaf3faec3a7bd495cdfb9b6a7ec6cf281b29c?s=96&d=mm&r=g\",\"caption\":\"Jose Luis Torrente\"},\"url\":\"https:\/\/sidimurcia.org\/index.php\/author\/joseltorrente\/\"}]}<\/script>\n<!-- \/ Yoast SEO plugin. -->","yoast_head_json":{"title":"25\/07\/2025 ACTO DE ADJUDICACI\u00d3N TELEM\u00c1TICO FUNCIONARIOS SECUNDARIA Y OTROS: Convocatoria y vacantes. - SIDI","description":"Sindicato Independiente de Docentes. Funcionarios e Interinos. Afiliaci\u00f3n 1eur\/mes. Defendemos la educaci\u00f3n p\u00fablica.","robots":{"index":"index","follow":"follow","max-snippet":"max-snippet:-1","max-image-preview":"max-image-preview:large","max-video-preview":"max-video-preview:-1"},"canonical":"https:\/\/sidimurcia.org\/index.php\/2025\/07\/25\/25-07-2025-acto-de-adjudicacion-telematico-funcionarios-secundaria-y-otros-convocatoria-y-vacantes\/","og_locale":"es_ES","og_type":"article","og_title":"25\/07\/2025 ACTO DE ADJUDICACI\u00d3N TELEM\u00c1TICO FUNCIONARIOS SECUNDARIA Y OTROS: Convocatoria y vacantes. - SIDI","og_description":"Sindicato Independiente de Docentes. Funcionarios e Interinos. Afiliaci\u00f3n 1eur\/mes. Defendemos la educaci\u00f3n p\u00fablica.","og_url":"https:\/\/sidimurcia.org\/index.php\/2025\/07\/25\/25-07-2025-acto-de-adjudicacion-telematico-funcionarios-secundaria-y-otros-convocatoria-y-vacantes\/","og_site_name":"SIDI","article_publisher":"https:\/\/es-es.facebook.com\/sidi.sindicatodedocentes","article_published_time":"2025-07-25T18:35:50+00:00","article_modified_time":"2025-07-28T10:27:11+00:00","author":"Jose Luis Torrente","twitter_card":"summary_large_image","twitter_creator":"@SIDIMURCIA","twitter_site":"@SIDIMURCIA","twitter_misc":{"Escrito por":"Jose Luis Torrente","Tiempo de lectura":"5 minutos"},"schema":{"@context":"https:\/\/schema.org","@graph":[{"@type":"Article","@id":"https:\/\/sidimurcia.org\/index.php\/2025\/07\/25\/25-07-2025-acto-de-adjudicacion-telematico-funcionarios-secundaria-y-otros-convocatoria-y-vacantes\/#article","isPartOf":{"@id":"https:\/\/sidimurcia.org\/index.php\/2025\/07\/25\/25-07-2025-acto-de-adjudicacion-telematico-funcionarios-secundaria-y-otros-convocatoria-y-vacantes\/"},"author":{"name":"Jose Luis Torrente","@id":"https:\/\/sidimurcia.org\/#\/schema\/person\/3f3207f88fb267669a31f8f46f76f86c"},"headline":"25\/07\/2025 ACTO DE ADJUDICACI\u00d3N TELEM\u00c1TICO FUNCIONARIOS SECUNDARIA Y OTROS: Convocatoria y vacantes.","datePublished":"2025-07-25T18:35:50+00:00","dateModified":"2025-07-28T10:27:11+00:00","mainEntityOfPage":{"@id":"https:\/\/sidimurcia.org\/index.php\/2025\/07\/25\/25-07-2025-acto-de-adjudicacion-telematico-funcionarios-secundaria-y-otros-convocatoria-y-vacantes\/"},"wordCount":1027,"publisher":{"@id":"https:\/\/sidimurcia.org\/#organization"},"articleSection":["Actos de adjudicaci\u00f3n","Convocatoria"],"inLanguage":"es"},{"@type":"WebPage","@id":"https:\/\/sidimurcia.org\/index.php\/2025\/07\/25\/25-07-2025-acto-de-adjudicacion-telematico-funcionarios-secundaria-y-otros-convocatoria-y-vacantes\/","url":"https:\/\/sidimurcia.org\/index.php\/2025\/07\/25\/25-07-2025-acto-de-adjudicacion-telematico-funcionarios-secundaria-y-otros-convocatoria-y-vacantes\/","name":"25\/07\/2025 ACTO DE ADJUDICACI\u00d3N TELEM\u00c1TICO FUNCIONARIOS SECUNDARIA Y OTROS: Convocatoria y vacantes. - SIDI","isPartOf":{"@id":"https:\/\/sidimurcia.org\/#website"},"datePublished":"2025-07-25T18:35:50+00:00","dateModified":"2025-07-28T10:27:11+00:00","description":"Sindicato Independiente de Docentes. Funcionarios e Interinos. Afiliaci\u00f3n 1eur\/mes. Defendemos la educaci\u00f3n p\u00fablica.","breadcrumb":{"@id":"https:\/\/sidimurcia.org\/index.php\/2025\/07\/25\/25-07-2025-acto-de-adjudicacion-telematico-funcionarios-secundaria-y-otros-convocatoria-y-vacantes\/#breadcrumb"},"inLanguage":"es","potentialAction":[{"@type":"ReadAction","target":["https:\/\/sidimurcia.org\/index.php\/2025\/07\/25\/25-07-2025-acto-de-adjudicacion-telematico-funcionarios-secundaria-y-otros-convocatoria-y-vacantes\/"]}]},{"@type":"BreadcrumbList","@id":"https:\/\/sidimurcia.org\/index.php\/2025\/07\/25\/25-07-2025-acto-de-adjudicacion-telematico-funcionarios-secundaria-y-otros-convocatoria-y-vacantes\/#breadcrumb","itemListElement":[{"@type":"ListItem","position":1,"name":"Portada","item":"https:\/\/sidimurcia.org\/"},{"@type":"ListItem","position":2,"name":"25\/07\/2025 ACTO DE ADJUDICACI\u00d3N TELEM\u00c1TICO FUNCIONARIOS SECUNDARIA Y OTROS: Convocatoria y vacantes."}]},{"@type":"WebSite","@id":"https:\/\/sidimurcia.org\/#website","url":"https:\/\/sidimurcia.org\/","name":"SIDI","description":"Sindicato Independiente de Docentes","publisher":{"@id":"https:\/\/sidimurcia.org\/#organization"},"potentialAction":[{"@type":"SearchAction","target":{"@type":"EntryPoint","urlTemplate":"https:\/\/sidimurcia.org\/?s={search_term_string}"},"query-input":{"@type":"PropertyValueSpecification","valueRequired":true,"valueName":"search_term_string"}}],"inLanguage":"es"},{"@type":"Organization","@id":"https:\/\/sidimurcia.org\/#organization","name":"Sindicato Independiente de Docentes - SIDI","url":"https:\/\/sidimurcia.org\/","logo":{"@type":"ImageObject","inLanguage":"es","@id":"https:\/\/sidimurcia.org\/#\/schema\/logo\/image\/","url":"https:\/\/sidimurcia.org\/wp-content\/uploads\/cropped-PARAPESTANAWEB-1.jpg","contentUrl":"https:\/\/sidimurcia.org\/wp-content\/uploads\/cropped-PARAPESTANAWEB-1.jpg","width":512,"height":512,"caption":"Sindicato Independiente de Docentes - SIDI"},"image":{"@id":"https:\/\/sidimurcia.org\/#\/schema\/logo\/image\/"},"sameAs":["https:\/\/es-es.facebook.com\/sidi.sindicatodedocentes","https:\/\/x.com\/SIDIMURCIA","https:\/\/www.instagram.com\/sidi_murcia\/","https:\/\/www.youtube.com\/channel\/UCwwdL3uFtDKJdbOfmC70wIQ"]},{"@type":"Person","@id":"https:\/\/sidimurcia.org\/#\/schema\/person\/3f3207f88fb267669a31f8f46f76f86c","name":"Jose Luis Torrente","image":{"@type":"ImageObject","inLanguage":"es","@id":"https:\/\/secure.gravatar.com\/avatar\/8ac4c0d28cf03f62a37681e633afaf3faec3a7bd495cdfb9b6a7ec6cf281b29c?s=96&d=mm&r=g","url":"https:\/\/secure.gravatar.com\/avatar\/8ac4c0d28cf03f62a37681e633afaf3faec3a7bd495cdfb9b6a7ec6cf281b29c?s=96&d=mm&r=g","contentUrl":"https:\/\/secure.gravatar.com\/avatar\/8ac4c0d28cf03f62a37681e633afaf3faec3a7bd495cdfb9b6a7ec6cf281b29c?s=96&d=mm&r=g","caption":"Jose Luis Torrente"},"url":"https:\/\/sidimurcia.org\/index.php\/author\/joseltorrente\/"}]}},"_links":{"self":[{"href":"https:\/\/sidimurcia.org\/index.php\/wp-json\/wp\/v2\/posts\/25518","targetHints":{"allow":["GET"]}}],"collection":[{"href":"https:\/\/sidimurcia.org\/index.php\/wp-json\/wp\/v2\/posts"}],"about":[{"href":"https:\/\/sidimurcia.org\/index.php\/wp-json\/wp\/v2\/types\/post"}],"author":[{"embeddable":true,"href":"https:\/\/sidimurcia.org\/index.php\/wp-json\/wp\/v2\/users\/2"}],"replies":[{"embeddable":true,"href":"https:\/\/sidimurcia.org\/index.php\/wp-json\/wp\/v2\/comments?post=25518"}],"version-history":[{"count":0,"href":"https:\/\/sidimurcia.org\/index.php\/wp-json\/wp\/v2\/posts\/25518\/revisions"}],"wp:attachment":[{"href":"https:\/\/sidimurcia.org\/index.php\/wp-json\/wp\/v2\/media?parent=25518"}],"wp:term":[{"taxonomy":"category","embeddable":true,"href":"https:\/\/sidimurcia.org\/index.php\/wp-json\/wp\/v2\/categories?post=25518"},{"taxonomy":"post_tag","embeddable":true,"href":"https:\/\/sidimurcia.org\/index.php\/wp-json\/wp\/v2\/tags?post=25518"}],"curies":[{"name":"wp","href":"https:\/\/api.w.org\/{rel}","templated":true}]}}