{"id":26572,"date":"2025-11-18T12:32:36","date_gmt":"2025-11-18T12:32:36","guid":{"rendered":"https:\/\/sidimurcia.org\/?p=26572"},"modified":"2025-11-18T12:32:36","modified_gmt":"2025-11-18T12:32:36","slug":"resolucion-18-11-25-dicta-instrucciones-para-la-celebracion-del-dia-de-la-constitucion-curso-25-26","status":"publish","type":"post","link":"https:\/\/sidimurcia.org\/index.php\/2025\/11\/18\/resolucion-18-11-25-dicta-instrucciones-para-la-celebracion-del-dia-de-la-constitucion-curso-25-26\/","title":{"rendered":"Resoluci\u00f3n 18\/11\/25 dicta instrucciones para la celebraci\u00f3n del \u00abD\u00eda de la Constituci\u00f3n\u00bb curso 25\/26."},"content":{"rendered":"<ul>\n<li style=\"text-align: justify;\"><a class=\"enlaceMarron\" title=\"Resoluci\u00f3n de 18 de noviembre de 2025, de la Direcci\u00f3n General de Recursos Humanos, Planificaci\u00f3n Educativa e Innovaci\u00f3n, por la que se dictan instrucciones para la celebraci\u00f3n del \u00abD\u00eda de la Constituci\u00f3n\u00bb en los centros docentes de la Comunidad Aut\u00f3noma de la Regi\u00f3n de Murcia para el curso 2025-2026.\" href=\"http:\/\/servicios.educarm.es\/templates\/portal\/ficheros\/websDinamicas\/45\/Resolu instru celeb constitu 25 C.I 303042 18-11-25.pdf\" target=\"_blank\" rel=\"noopener\"><span style=\"font-family: arial, helvetica, sans-serif;\">Resoluci\u00f3n de 18 de noviembre de 2025, de la Direcci\u00f3n General de Recursos Humanos, Planificaci\u00f3n Educativa e Innovaci\u00f3n, por la que se dictan instrucciones para la celebraci\u00f3n del \u00abD\u00eda de la Constituci\u00f3n\u00bb en los centros docentes de la Comunidad Aut\u00f3noma de la Regi\u00f3n de Murcia para el curso 2025-2026.<\/span><\/a><\/li>\n<\/ul>\n","protected":false},"excerpt":{"rendered":"<p>Resoluci\u00f3n de 18 de noviembre de 2025, de la Direcci\u00f3n General de Recursos Humanos, Planificaci\u00f3n Educativa e Innovaci\u00f3n, por la &#8230; <a title=\"Resoluci\u00f3n 18\/11\/25 dicta instrucciones para la celebraci\u00f3n del \u00abD\u00eda de la Constituci\u00f3n\u00bb curso 25\/26.\" class=\"read-more\" href=\"https:\/\/sidimurcia.org\/index.php\/2025\/11\/18\/resolucion-18-11-25-dicta-instrucciones-para-la-celebracion-del-dia-de-la-constitucion-curso-25-26\/\" aria-label=\"Leer m\u00e1s sobre Resoluci\u00f3n 18\/11\/25 dicta instrucciones para la celebraci\u00f3n del \u00abD\u00eda de la Constituci\u00f3n\u00bb curso 25\/26.\">Leer mas<\/a><\/p>\n","protected":false},"author":8,"featured_media":0,"comment_status":"closed","ping_status":"closed","sticky":false,"template":"","format":"standard","meta":{"footnotes":""},"categories":[46,48],"tags":[],"class_list":["post-26572","post","type-post","status-publish","format-standard","hentry","category-normativa","category-normativa-carm"],"yoast_head":"<!-- This site is optimized with the Yoast SEO plugin v27.2 - https:\/\/yoast.com\/product\/yoast-seo-wordpress\/ -->\n<title>Resoluci\u00f3n 18\/11\/25 dicta instrucciones para la celebraci\u00f3n del \u00abD\u00eda de la Constituci\u00f3n\u00bb curso 25\/26. - SIDI<\/title>\n<meta name=\"description\" content=\"Sindicato Independiente de Docentes. Funcionarios e Interinos. Afiliaci\u00f3n 1eur\/mes. Defendemos la educaci\u00f3n p\u00fablica.\" \/>\n<meta name=\"robots\" content=\"index, follow, max-snippet:-1, max-image-preview:large, max-video-preview:-1\" \/>\n<link rel=\"canonical\" href=\"https:\/\/sidimurcia.org\/index.php\/2025\/11\/18\/resolucion-18-11-25-dicta-instrucciones-para-la-celebracion-del-dia-de-la-constitucion-curso-25-26\/\" \/>\n<meta property=\"og:locale\" content=\"es_ES\" \/>\n<meta property=\"og:type\" content=\"article\" \/>\n<meta property=\"og:title\" content=\"Resoluci\u00f3n 18\/11\/25 dicta instrucciones para la celebraci\u00f3n del \u00abD\u00eda de la Constituci\u00f3n\u00bb curso 25\/26. - SIDI\" \/>\n<meta property=\"og:description\" content=\"Sindicato Independiente de Docentes. Funcionarios e Interinos. Afiliaci\u00f3n 1eur\/mes. Defendemos la educaci\u00f3n p\u00fablica.\" \/>\n<meta property=\"og:url\" content=\"https:\/\/sidimurcia.org\/index.php\/2025\/11\/18\/resolucion-18-11-25-dicta-instrucciones-para-la-celebracion-del-dia-de-la-constitucion-curso-25-26\/\" \/>\n<meta property=\"og:site_name\" content=\"SIDI\" \/>\n<meta property=\"article:publisher\" content=\"https:\/\/es-es.facebook.com\/sidi.sindicatodedocentes\" \/>\n<meta property=\"article:published_time\" content=\"2025-11-18T12:32:36+00:00\" \/>\n<meta name=\"author\" content=\"Antonio S\u00e1nchez S\u00e1nchez\" \/>\n<meta name=\"twitter:card\" content=\"summary_large_image\" \/>\n<meta name=\"twitter:creator\" content=\"@SIDIMURCIA\" \/>\n<meta name=\"twitter:site\" content=\"@SIDIMURCIA\" \/>\n<meta name=\"twitter:label1\" content=\"Escrito por\" \/>\n\t<meta name=\"twitter:data1\" content=\"Antonio S\u00e1nchez S\u00e1nchez\" \/>\n<script type=\"application\/ld+json\" class=\"yoast-schema-graph\">{\"@context\":\"https:\/\/schema.org\",\"@graph\":[{\"@type\":\"Article\",\"@id\":\"https:\/\/sidimurcia.org\/index.php\/2025\/11\/18\/resolucion-18-11-25-dicta-instrucciones-para-la-celebracion-del-dia-de-la-constitucion-curso-25-26\/#article\",\"isPartOf\":{\"@id\":\"https:\/\/sidimurcia.org\/index.php\/2025\/11\/18\/resolucion-18-11-25-dicta-instrucciones-para-la-celebracion-del-dia-de-la-constitucion-curso-25-26\/\"},\"author\":{\"name\":\"Antonio S\u00e1nchez S\u00e1nchez\",\"@id\":\"https:\/\/sidimurcia.org\/#\/schema\/person\/c5177f5bbc909983669eb2187f1aa184\"},\"headline\":\"Resoluci\u00f3n 18\/11\/25 dicta instrucciones para la celebraci\u00f3n del \u00abD\u00eda de la Constituci\u00f3n\u00bb curso 25\/26.\",\"datePublished\":\"2025-11-18T12:32:36+00:00\",\"mainEntityOfPage\":{\"@id\":\"https:\/\/sidimurcia.org\/index.php\/2025\/11\/18\/resolucion-18-11-25-dicta-instrucciones-para-la-celebracion-del-dia-de-la-constitucion-curso-25-26\/\"},\"wordCount\":72,\"publisher\":{\"@id\":\"https:\/\/sidimurcia.org\/#organization\"},\"articleSection\":[\"Normativa\",\"Normativa CARM\"],\"inLanguage\":\"es\"},{\"@type\":\"WebPage\",\"@id\":\"https:\/\/sidimurcia.org\/index.php\/2025\/11\/18\/resolucion-18-11-25-dicta-instrucciones-para-la-celebracion-del-dia-de-la-constitucion-curso-25-26\/\",\"url\":\"https:\/\/sidimurcia.org\/index.php\/2025\/11\/18\/resolucion-18-11-25-dicta-instrucciones-para-la-celebracion-del-dia-de-la-constitucion-curso-25-26\/\",\"name\":\"Resoluci\u00f3n 18\/11\/25 dicta instrucciones para la celebraci\u00f3n del \u00abD\u00eda de la Constituci\u00f3n\u00bb curso 25\/26. - SIDI\",\"isPartOf\":{\"@id\":\"https:\/\/sidimurcia.org\/#website\"},\"datePublished\":\"2025-11-18T12:32:36+00:00\",\"description\":\"Sindicato Independiente de Docentes. Funcionarios e Interinos. Afiliaci\u00f3n 1eur\/mes. Defendemos la educaci\u00f3n p\u00fablica.\",\"breadcrumb\":{\"@id\":\"https:\/\/sidimurcia.org\/index.php\/2025\/11\/18\/resolucion-18-11-25-dicta-instrucciones-para-la-celebracion-del-dia-de-la-constitucion-curso-25-26\/#breadcrumb\"},\"inLanguage\":\"es\",\"potentialAction\":[{\"@type\":\"ReadAction\",\"target\":[\"https:\/\/sidimurcia.org\/index.php\/2025\/11\/18\/resolucion-18-11-25-dicta-instrucciones-para-la-celebracion-del-dia-de-la-constitucion-curso-25-26\/\"]}]},{\"@type\":\"BreadcrumbList\",\"@id\":\"https:\/\/sidimurcia.org\/index.php\/2025\/11\/18\/resolucion-18-11-25-dicta-instrucciones-para-la-celebracion-del-dia-de-la-constitucion-curso-25-26\/#breadcrumb\",\"itemListElement\":[{\"@type\":\"ListItem\",\"position\":1,\"name\":\"Portada\",\"item\":\"https:\/\/sidimurcia.org\/\"},{\"@type\":\"ListItem\",\"position\":2,\"name\":\"Resoluci\u00f3n 18\/11\/25 dicta instrucciones para la celebraci\u00f3n del \u00abD\u00eda de la Constituci\u00f3n\u00bb curso 25\/26.\"}]},{\"@type\":\"WebSite\",\"@id\":\"https:\/\/sidimurcia.org\/#website\",\"url\":\"https:\/\/sidimurcia.org\/\",\"name\":\"SIDI\",\"description\":\"Sindicato Independiente de Docentes\",\"publisher\":{\"@id\":\"https:\/\/sidimurcia.org\/#organization\"},\"potentialAction\":[{\"@type\":\"SearchAction\",\"target\":{\"@type\":\"EntryPoint\",\"urlTemplate\":\"https:\/\/sidimurcia.org\/?s={search_term_string}\"},\"query-input\":{\"@type\":\"PropertyValueSpecification\",\"valueRequired\":true,\"valueName\":\"search_term_string\"}}],\"inLanguage\":\"es\"},{\"@type\":\"Organization\",\"@id\":\"https:\/\/sidimurcia.org\/#organization\",\"name\":\"Sindicato Independiente de Docentes - SIDI\",\"url\":\"https:\/\/sidimurcia.org\/\",\"logo\":{\"@type\":\"ImageObject\",\"inLanguage\":\"es\",\"@id\":\"https:\/\/sidimurcia.org\/#\/schema\/logo\/image\/\",\"url\":\"https:\/\/sidimurcia.org\/wp-content\/uploads\/cropped-PARAPESTANAWEB-1.jpg\",\"contentUrl\":\"https:\/\/sidimurcia.org\/wp-content\/uploads\/cropped-PARAPESTANAWEB-1.jpg\",\"width\":512,\"height\":512,\"caption\":\"Sindicato Independiente de Docentes - SIDI\"},\"image\":{\"@id\":\"https:\/\/sidimurcia.org\/#\/schema\/logo\/image\/\"},\"sameAs\":[\"https:\/\/es-es.facebook.com\/sidi.sindicatodedocentes\",\"https:\/\/x.com\/SIDIMURCIA\",\"https:\/\/www.instagram.com\/sidi_murcia\/\",\"https:\/\/www.youtube.com\/channel\/UCwwdL3uFtDKJdbOfmC70wIQ\"]},{\"@type\":\"Person\",\"@id\":\"https:\/\/sidimurcia.org\/#\/schema\/person\/c5177f5bbc909983669eb2187f1aa184\",\"name\":\"Antonio S\u00e1nchez S\u00e1nchez\",\"image\":{\"@type\":\"ImageObject\",\"inLanguage\":\"es\",\"@id\":\"https:\/\/secure.gravatar.com\/avatar\/2111aba9ef45fec38a905c799199840d53256d4e50d69b3308c306e0f7142460?s=96&d=mm&r=g\",\"url\":\"https:\/\/secure.gravatar.com\/avatar\/2111aba9ef45fec38a905c799199840d53256d4e50d69b3308c306e0f7142460?s=96&d=mm&r=g\",\"contentUrl\":\"https:\/\/secure.gravatar.com\/avatar\/2111aba9ef45fec38a905c799199840d53256d4e50d69b3308c306e0f7142460?s=96&d=mm&r=g\",\"caption\":\"Antonio S\u00e1nchez S\u00e1nchez\"},\"sameAs\":[\"http:\/\/www.sidimurcia.org\"],\"url\":\"https:\/\/sidimurcia.org\/index.php\/author\/antonioss\/\"}]}<\/script>\n<!-- \/ Yoast SEO plugin. -->","yoast_head_json":{"title":"Resoluci\u00f3n 18\/11\/25 dicta instrucciones para la celebraci\u00f3n del \u00abD\u00eda de la Constituci\u00f3n\u00bb curso 25\/26. - SIDI","description":"Sindicato Independiente de Docentes. Funcionarios e Interinos. Afiliaci\u00f3n 1eur\/mes. Defendemos la educaci\u00f3n p\u00fablica.","robots":{"index":"index","follow":"follow","max-snippet":"max-snippet:-1","max-image-preview":"max-image-preview:large","max-video-preview":"max-video-preview:-1"},"canonical":"https:\/\/sidimurcia.org\/index.php\/2025\/11\/18\/resolucion-18-11-25-dicta-instrucciones-para-la-celebracion-del-dia-de-la-constitucion-curso-25-26\/","og_locale":"es_ES","og_type":"article","og_title":"Resoluci\u00f3n 18\/11\/25 dicta instrucciones para la celebraci\u00f3n del \u00abD\u00eda de la Constituci\u00f3n\u00bb curso 25\/26. - SIDI","og_description":"Sindicato Independiente de Docentes. Funcionarios e Interinos. Afiliaci\u00f3n 1eur\/mes. Defendemos la educaci\u00f3n p\u00fablica.","og_url":"https:\/\/sidimurcia.org\/index.php\/2025\/11\/18\/resolucion-18-11-25-dicta-instrucciones-para-la-celebracion-del-dia-de-la-constitucion-curso-25-26\/","og_site_name":"SIDI","article_publisher":"https:\/\/es-es.facebook.com\/sidi.sindicatodedocentes","article_published_time":"2025-11-18T12:32:36+00:00","author":"Antonio S\u00e1nchez S\u00e1nchez","twitter_card":"summary_large_image","twitter_creator":"@SIDIMURCIA","twitter_site":"@SIDIMURCIA","twitter_misc":{"Escrito por":"Antonio S\u00e1nchez S\u00e1nchez"},"schema":{"@context":"https:\/\/schema.org","@graph":[{"@type":"Article","@id":"https:\/\/sidimurcia.org\/index.php\/2025\/11\/18\/resolucion-18-11-25-dicta-instrucciones-para-la-celebracion-del-dia-de-la-constitucion-curso-25-26\/#article","isPartOf":{"@id":"https:\/\/sidimurcia.org\/index.php\/2025\/11\/18\/resolucion-18-11-25-dicta-instrucciones-para-la-celebracion-del-dia-de-la-constitucion-curso-25-26\/"},"author":{"name":"Antonio S\u00e1nchez S\u00e1nchez","@id":"https:\/\/sidimurcia.org\/#\/schema\/person\/c5177f5bbc909983669eb2187f1aa184"},"headline":"Resoluci\u00f3n 18\/11\/25 dicta instrucciones para la celebraci\u00f3n del \u00abD\u00eda de la Constituci\u00f3n\u00bb curso 25\/26.","datePublished":"2025-11-18T12:32:36+00:00","mainEntityOfPage":{"@id":"https:\/\/sidimurcia.org\/index.php\/2025\/11\/18\/resolucion-18-11-25-dicta-instrucciones-para-la-celebracion-del-dia-de-la-constitucion-curso-25-26\/"},"wordCount":72,"publisher":{"@id":"https:\/\/sidimurcia.org\/#organization"},"articleSection":["Normativa","Normativa CARM"],"inLanguage":"es"},{"@type":"WebPage","@id":"https:\/\/sidimurcia.org\/index.php\/2025\/11\/18\/resolucion-18-11-25-dicta-instrucciones-para-la-celebracion-del-dia-de-la-constitucion-curso-25-26\/","url":"https:\/\/sidimurcia.org\/index.php\/2025\/11\/18\/resolucion-18-11-25-dicta-instrucciones-para-la-celebracion-del-dia-de-la-constitucion-curso-25-26\/","name":"Resoluci\u00f3n 18\/11\/25 dicta instrucciones para la celebraci\u00f3n del \u00abD\u00eda de la Constituci\u00f3n\u00bb curso 25\/26. - SIDI","isPartOf":{"@id":"https:\/\/sidimurcia.org\/#website"},"datePublished":"2025-11-18T12:32:36+00:00","description":"Sindicato Independiente de Docentes. Funcionarios e Interinos. Afiliaci\u00f3n 1eur\/mes. Defendemos la educaci\u00f3n p\u00fablica.","breadcrumb":{"@id":"https:\/\/sidimurcia.org\/index.php\/2025\/11\/18\/resolucion-18-11-25-dicta-instrucciones-para-la-celebracion-del-dia-de-la-constitucion-curso-25-26\/#breadcrumb"},"inLanguage":"es","potentialAction":[{"@type":"ReadAction","target":["https:\/\/sidimurcia.org\/index.php\/2025\/11\/18\/resolucion-18-11-25-dicta-instrucciones-para-la-celebracion-del-dia-de-la-constitucion-curso-25-26\/"]}]},{"@type":"BreadcrumbList","@id":"https:\/\/sidimurcia.org\/index.php\/2025\/11\/18\/resolucion-18-11-25-dicta-instrucciones-para-la-celebracion-del-dia-de-la-constitucion-curso-25-26\/#breadcrumb","itemListElement":[{"@type":"ListItem","position":1,"name":"Portada","item":"https:\/\/sidimurcia.org\/"},{"@type":"ListItem","position":2,"name":"Resoluci\u00f3n 18\/11\/25 dicta instrucciones para la celebraci\u00f3n del \u00abD\u00eda de la Constituci\u00f3n\u00bb curso 25\/26."}]},{"@type":"WebSite","@id":"https:\/\/sidimurcia.org\/#website","url":"https:\/\/sidimurcia.org\/","name":"SIDI","description":"Sindicato Independiente de Docentes","publisher":{"@id":"https:\/\/sidimurcia.org\/#organization"},"potentialAction":[{"@type":"SearchAction","target":{"@type":"EntryPoint","urlTemplate":"https:\/\/sidimurcia.org\/?s={search_term_string}"},"query-input":{"@type":"PropertyValueSpecification","valueRequired":true,"valueName":"search_term_string"}}],"inLanguage":"es"},{"@type":"Organization","@id":"https:\/\/sidimurcia.org\/#organization","name":"Sindicato Independiente de Docentes - SIDI","url":"https:\/\/sidimurcia.org\/","logo":{"@type":"ImageObject","inLanguage":"es","@id":"https:\/\/sidimurcia.org\/#\/schema\/logo\/image\/","url":"https:\/\/sidimurcia.org\/wp-content\/uploads\/cropped-PARAPESTANAWEB-1.jpg","contentUrl":"https:\/\/sidimurcia.org\/wp-content\/uploads\/cropped-PARAPESTANAWEB-1.jpg","width":512,"height":512,"caption":"Sindicato Independiente de Docentes - SIDI"},"image":{"@id":"https:\/\/sidimurcia.org\/#\/schema\/logo\/image\/"},"sameAs":["https:\/\/es-es.facebook.com\/sidi.sindicatodedocentes","https:\/\/x.com\/SIDIMURCIA","https:\/\/www.instagram.com\/sidi_murcia\/","https:\/\/www.youtube.com\/channel\/UCwwdL3uFtDKJdbOfmC70wIQ"]},{"@type":"Person","@id":"https:\/\/sidimurcia.org\/#\/schema\/person\/c5177f5bbc909983669eb2187f1aa184","name":"Antonio S\u00e1nchez S\u00e1nchez","image":{"@type":"ImageObject","inLanguage":"es","@id":"https:\/\/secure.gravatar.com\/avatar\/2111aba9ef45fec38a905c799199840d53256d4e50d69b3308c306e0f7142460?s=96&d=mm&r=g","url":"https:\/\/secure.gravatar.com\/avatar\/2111aba9ef45fec38a905c799199840d53256d4e50d69b3308c306e0f7142460?s=96&d=mm&r=g","contentUrl":"https:\/\/secure.gravatar.com\/avatar\/2111aba9ef45fec38a905c799199840d53256d4e50d69b3308c306e0f7142460?s=96&d=mm&r=g","caption":"Antonio S\u00e1nchez S\u00e1nchez"},"sameAs":["http:\/\/www.sidimurcia.org"],"url":"https:\/\/sidimurcia.org\/index.php\/author\/antonioss\/"}]}},"_links":{"self":[{"href":"https:\/\/sidimurcia.org\/index.php\/wp-json\/wp\/v2\/posts\/26572","targetHints":{"allow":["GET"]}}],"collection":[{"href":"https:\/\/sidimurcia.org\/index.php\/wp-json\/wp\/v2\/posts"}],"about":[{"href":"https:\/\/sidimurcia.org\/index.php\/wp-json\/wp\/v2\/types\/post"}],"author":[{"embeddable":true,"href":"https:\/\/sidimurcia.org\/index.php\/wp-json\/wp\/v2\/users\/8"}],"replies":[{"embeddable":true,"href":"https:\/\/sidimurcia.org\/index.php\/wp-json\/wp\/v2\/comments?post=26572"}],"version-history":[{"count":0,"href":"https:\/\/sidimurcia.org\/index.php\/wp-json\/wp\/v2\/posts\/26572\/revisions"}],"wp:attachment":[{"href":"https:\/\/sidimurcia.org\/index.php\/wp-json\/wp\/v2\/media?parent=26572"}],"wp:term":[{"taxonomy":"category","embeddable":true,"href":"https:\/\/sidimurcia.org\/index.php\/wp-json\/wp\/v2\/categories?post=26572"},{"taxonomy":"post_tag","embeddable":true,"href":"https:\/\/sidimurcia.org\/index.php\/wp-json\/wp\/v2\/tags?post=26572"}],"curies":[{"name":"wp","href":"https:\/\/api.w.org\/{rel}","templated":true}]}}