{"id":26976,"date":"2025-12-26T11:21:53","date_gmt":"2025-12-26T11:21:53","guid":{"rendered":"https:\/\/sidimurcia.org\/?p=26976"},"modified":"2025-12-26T11:21:53","modified_gmt":"2025-12-26T11:21:53","slug":"orden-19-12-25-que-resuelve-la-convocatoria-del-procedimiento-de-libre-designacion-de-la-direccion-del-centro-publico-integrado-de-fp-politecnico-de-murcia","status":"publish","type":"post","link":"https:\/\/sidimurcia.org\/index.php\/2025\/12\/26\/orden-19-12-25-que-resuelve-la-convocatoria-del-procedimiento-de-libre-designacion-de-la-direccion-del-centro-publico-integrado-de-fp-politecnico-de-murcia\/","title":{"rendered":"Orden 19\/12\/25 que resuelve la convocatoria del procedimiento de libre designaci\u00f3n de la direcci\u00f3n del Centro P\u00fablico Integrado de FP Polit\u00e9cnico de Murcia."},"content":{"rendered":"<ul>\n<li style=\"text-align: justify;\"><span style=\"font-family: arial, helvetica, sans-serif;\"><a class=\"enlaceMarron\" title=\"Orden de 19 de diciembre de 2025 de la Consejer\u00eda de Econom\u00eda, Hacienda, Fondos Europeos y Transformaci\u00f3n Digital, por la que se resuelve la provisi\u00f3n mediante el procedimiento de libre designaci\u00f3n, del puesto de Director del Centro P\u00fablico Integrado \nde Formaci\u00f3n Profesional Polit\u00e9cnico de Murcia, convocado por Orden de 13 de junio de 2025, de la Consejer\u00eda de Educaci\u00f3n y Formaci\u00f3n Profesional\" href=\"http:\/\/servicios.educarm.es\/templates\/portal\/ficheros\/websDinamicas\/45\/297 Orden nomb Direc CPIFP Politecnico Murcia  26-12-25.pdf\" target=\"_blank\" rel=\"noopener\">Orden de 19 de diciembre de 2025 de la Consejer\u00eda de Econom\u00eda, Hacienda, Fondos Europeos y Transformaci\u00f3n Digital, por la que se resuelve la provisi\u00f3n mediante el procedimiento de libre designaci\u00f3n, del puesto de Director del Centro P\u00fablico Integrado de Formaci\u00f3n Profesional Polit\u00e9cnico de Murcia, convocado por Orden de 13 de junio de 2025, de la Consejer\u00eda de Educaci\u00f3n y Formaci\u00f3n Profesional<\/a>.<\/span><\/li>\n<\/ul>\n","protected":false},"excerpt":{"rendered":"<p>Orden de 19 de diciembre de 2025 de la Consejer\u00eda de Econom\u00eda, Hacienda, Fondos Europeos y Transformaci\u00f3n Digital, por la &#8230; <a title=\"Orden 19\/12\/25 que resuelve la convocatoria del procedimiento de libre designaci\u00f3n de la direcci\u00f3n del Centro P\u00fablico Integrado de FP Polit\u00e9cnico de Murcia.\" class=\"read-more\" href=\"https:\/\/sidimurcia.org\/index.php\/2025\/12\/26\/orden-19-12-25-que-resuelve-la-convocatoria-del-procedimiento-de-libre-designacion-de-la-direccion-del-centro-publico-integrado-de-fp-politecnico-de-murcia\/\" aria-label=\"Leer m\u00e1s sobre Orden 19\/12\/25 que resuelve la convocatoria del procedimiento de libre designaci\u00f3n de la direcci\u00f3n del Centro P\u00fablico Integrado de FP Polit\u00e9cnico de Murcia.\">Leer mas<\/a><\/p>\n","protected":false},"author":8,"featured_media":0,"comment_status":"closed","ping_status":"closed","sticky":false,"template":"","format":"standard","meta":{"footnotes":""},"categories":[36],"tags":[],"class_list":["post-26976","post","type-post","status-publish","format-standard","hentry","category-directores-seleccion"],"yoast_head":"<!-- This site is optimized with the Yoast SEO plugin v27.2 - https:\/\/yoast.com\/product\/yoast-seo-wordpress\/ -->\n<title>Orden 19\/12\/25 que resuelve la convocatoria del procedimiento de libre designaci\u00f3n de la direcci\u00f3n del Centro P\u00fablico Integrado de FP Polit\u00e9cnico de Murcia. - SIDI<\/title>\n<meta name=\"description\" content=\"Sindicato Independiente de Docentes. Funcionarios e Interinos. Afiliaci\u00f3n 1eur\/mes. Defendemos la educaci\u00f3n p\u00fablica.\" \/>\n<meta name=\"robots\" content=\"index, follow, max-snippet:-1, max-image-preview:large, max-video-preview:-1\" \/>\n<link rel=\"canonical\" href=\"https:\/\/sidimurcia.org\/index.php\/2025\/12\/26\/orden-19-12-25-que-resuelve-la-convocatoria-del-procedimiento-de-libre-designacion-de-la-direccion-del-centro-publico-integrado-de-fp-politecnico-de-murcia\/\" \/>\n<meta property=\"og:locale\" content=\"es_ES\" \/>\n<meta property=\"og:type\" content=\"article\" \/>\n<meta property=\"og:title\" content=\"Orden 19\/12\/25 que resuelve la convocatoria del procedimiento de libre designaci\u00f3n de la direcci\u00f3n del Centro P\u00fablico Integrado de FP Polit\u00e9cnico de Murcia. - SIDI\" \/>\n<meta property=\"og:description\" content=\"Sindicato Independiente de Docentes. Funcionarios e Interinos. Afiliaci\u00f3n 1eur\/mes. Defendemos la educaci\u00f3n p\u00fablica.\" \/>\n<meta property=\"og:url\" content=\"https:\/\/sidimurcia.org\/index.php\/2025\/12\/26\/orden-19-12-25-que-resuelve-la-convocatoria-del-procedimiento-de-libre-designacion-de-la-direccion-del-centro-publico-integrado-de-fp-politecnico-de-murcia\/\" \/>\n<meta property=\"og:site_name\" content=\"SIDI\" \/>\n<meta property=\"article:publisher\" content=\"https:\/\/es-es.facebook.com\/sidi.sindicatodedocentes\" \/>\n<meta property=\"article:published_time\" content=\"2025-12-26T11:21:53+00:00\" \/>\n<meta name=\"author\" content=\"Antonio S\u00e1nchez S\u00e1nchez\" \/>\n<meta name=\"twitter:card\" content=\"summary_large_image\" \/>\n<meta name=\"twitter:creator\" content=\"@SIDIMURCIA\" \/>\n<meta name=\"twitter:site\" content=\"@SIDIMURCIA\" \/>\n<meta name=\"twitter:label1\" content=\"Escrito por\" \/>\n\t<meta name=\"twitter:data1\" content=\"Antonio S\u00e1nchez S\u00e1nchez\" \/>\n<script type=\"application\/ld+json\" class=\"yoast-schema-graph\">{\"@context\":\"https:\/\/schema.org\",\"@graph\":[{\"@type\":\"Article\",\"@id\":\"https:\/\/sidimurcia.org\/index.php\/2025\/12\/26\/orden-19-12-25-que-resuelve-la-convocatoria-del-procedimiento-de-libre-designacion-de-la-direccion-del-centro-publico-integrado-de-fp-politecnico-de-murcia\/#article\",\"isPartOf\":{\"@id\":\"https:\/\/sidimurcia.org\/index.php\/2025\/12\/26\/orden-19-12-25-que-resuelve-la-convocatoria-del-procedimiento-de-libre-designacion-de-la-direccion-del-centro-publico-integrado-de-fp-politecnico-de-murcia\/\"},\"author\":{\"name\":\"Antonio S\u00e1nchez S\u00e1nchez\",\"@id\":\"https:\/\/sidimurcia.org\/#\/schema\/person\/c5177f5bbc909983669eb2187f1aa184\"},\"headline\":\"Orden 19\/12\/25 que resuelve la convocatoria del procedimiento de libre designaci\u00f3n de la direcci\u00f3n del Centro P\u00fablico Integrado de FP Polit\u00e9cnico de Murcia.\",\"datePublished\":\"2025-12-26T11:21:53+00:00\",\"mainEntityOfPage\":{\"@id\":\"https:\/\/sidimurcia.org\/index.php\/2025\/12\/26\/orden-19-12-25-que-resuelve-la-convocatoria-del-procedimiento-de-libre-designacion-de-la-direccion-del-centro-publico-integrado-de-fp-politecnico-de-murcia\/\"},\"wordCount\":95,\"publisher\":{\"@id\":\"https:\/\/sidimurcia.org\/#organization\"},\"articleSection\":[\"Directores selecci\u00f3n\"],\"inLanguage\":\"es\"},{\"@type\":\"WebPage\",\"@id\":\"https:\/\/sidimurcia.org\/index.php\/2025\/12\/26\/orden-19-12-25-que-resuelve-la-convocatoria-del-procedimiento-de-libre-designacion-de-la-direccion-del-centro-publico-integrado-de-fp-politecnico-de-murcia\/\",\"url\":\"https:\/\/sidimurcia.org\/index.php\/2025\/12\/26\/orden-19-12-25-que-resuelve-la-convocatoria-del-procedimiento-de-libre-designacion-de-la-direccion-del-centro-publico-integrado-de-fp-politecnico-de-murcia\/\",\"name\":\"Orden 19\/12\/25 que resuelve la convocatoria del procedimiento de libre designaci\u00f3n de la direcci\u00f3n del Centro P\u00fablico Integrado de FP Polit\u00e9cnico de Murcia. - SIDI\",\"isPartOf\":{\"@id\":\"https:\/\/sidimurcia.org\/#website\"},\"datePublished\":\"2025-12-26T11:21:53+00:00\",\"description\":\"Sindicato Independiente de Docentes. Funcionarios e Interinos. Afiliaci\u00f3n 1eur\/mes. Defendemos la educaci\u00f3n p\u00fablica.\",\"breadcrumb\":{\"@id\":\"https:\/\/sidimurcia.org\/index.php\/2025\/12\/26\/orden-19-12-25-que-resuelve-la-convocatoria-del-procedimiento-de-libre-designacion-de-la-direccion-del-centro-publico-integrado-de-fp-politecnico-de-murcia\/#breadcrumb\"},\"inLanguage\":\"es\",\"potentialAction\":[{\"@type\":\"ReadAction\",\"target\":[\"https:\/\/sidimurcia.org\/index.php\/2025\/12\/26\/orden-19-12-25-que-resuelve-la-convocatoria-del-procedimiento-de-libre-designacion-de-la-direccion-del-centro-publico-integrado-de-fp-politecnico-de-murcia\/\"]}]},{\"@type\":\"BreadcrumbList\",\"@id\":\"https:\/\/sidimurcia.org\/index.php\/2025\/12\/26\/orden-19-12-25-que-resuelve-la-convocatoria-del-procedimiento-de-libre-designacion-de-la-direccion-del-centro-publico-integrado-de-fp-politecnico-de-murcia\/#breadcrumb\",\"itemListElement\":[{\"@type\":\"ListItem\",\"position\":1,\"name\":\"Portada\",\"item\":\"https:\/\/sidimurcia.org\/\"},{\"@type\":\"ListItem\",\"position\":2,\"name\":\"Orden 19\/12\/25 que resuelve la convocatoria del procedimiento de libre designaci\u00f3n de la direcci\u00f3n del Centro P\u00fablico Integrado de FP Polit\u00e9cnico de Murcia.\"}]},{\"@type\":\"WebSite\",\"@id\":\"https:\/\/sidimurcia.org\/#website\",\"url\":\"https:\/\/sidimurcia.org\/\",\"name\":\"SIDI\",\"description\":\"Sindicato Independiente de Docentes\",\"publisher\":{\"@id\":\"https:\/\/sidimurcia.org\/#organization\"},\"potentialAction\":[{\"@type\":\"SearchAction\",\"target\":{\"@type\":\"EntryPoint\",\"urlTemplate\":\"https:\/\/sidimurcia.org\/?s={search_term_string}\"},\"query-input\":{\"@type\":\"PropertyValueSpecification\",\"valueRequired\":true,\"valueName\":\"search_term_string\"}}],\"inLanguage\":\"es\"},{\"@type\":\"Organization\",\"@id\":\"https:\/\/sidimurcia.org\/#organization\",\"name\":\"Sindicato Independiente de Docentes - SIDI\",\"url\":\"https:\/\/sidimurcia.org\/\",\"logo\":{\"@type\":\"ImageObject\",\"inLanguage\":\"es\",\"@id\":\"https:\/\/sidimurcia.org\/#\/schema\/logo\/image\/\",\"url\":\"https:\/\/sidimurcia.org\/wp-content\/uploads\/cropped-PARAPESTANAWEB-1.jpg\",\"contentUrl\":\"https:\/\/sidimurcia.org\/wp-content\/uploads\/cropped-PARAPESTANAWEB-1.jpg\",\"width\":512,\"height\":512,\"caption\":\"Sindicato Independiente de Docentes - SIDI\"},\"image\":{\"@id\":\"https:\/\/sidimurcia.org\/#\/schema\/logo\/image\/\"},\"sameAs\":[\"https:\/\/es-es.facebook.com\/sidi.sindicatodedocentes\",\"https:\/\/x.com\/SIDIMURCIA\",\"https:\/\/www.instagram.com\/sidi_murcia\/\",\"https:\/\/www.youtube.com\/channel\/UCwwdL3uFtDKJdbOfmC70wIQ\"]},{\"@type\":\"Person\",\"@id\":\"https:\/\/sidimurcia.org\/#\/schema\/person\/c5177f5bbc909983669eb2187f1aa184\",\"name\":\"Antonio S\u00e1nchez S\u00e1nchez\",\"image\":{\"@type\":\"ImageObject\",\"inLanguage\":\"es\",\"@id\":\"https:\/\/secure.gravatar.com\/avatar\/2111aba9ef45fec38a905c799199840d53256d4e50d69b3308c306e0f7142460?s=96&d=mm&r=g\",\"url\":\"https:\/\/secure.gravatar.com\/avatar\/2111aba9ef45fec38a905c799199840d53256d4e50d69b3308c306e0f7142460?s=96&d=mm&r=g\",\"contentUrl\":\"https:\/\/secure.gravatar.com\/avatar\/2111aba9ef45fec38a905c799199840d53256d4e50d69b3308c306e0f7142460?s=96&d=mm&r=g\",\"caption\":\"Antonio S\u00e1nchez S\u00e1nchez\"},\"sameAs\":[\"http:\/\/www.sidimurcia.org\"],\"url\":\"https:\/\/sidimurcia.org\/index.php\/author\/antonioss\/\"}]}<\/script>\n<!-- \/ Yoast SEO plugin. -->","yoast_head_json":{"title":"Orden 19\/12\/25 que resuelve la convocatoria del procedimiento de libre designaci\u00f3n de la direcci\u00f3n del Centro P\u00fablico Integrado de FP Polit\u00e9cnico de Murcia. - SIDI","description":"Sindicato Independiente de Docentes. Funcionarios e Interinos. Afiliaci\u00f3n 1eur\/mes. Defendemos la educaci\u00f3n p\u00fablica.","robots":{"index":"index","follow":"follow","max-snippet":"max-snippet:-1","max-image-preview":"max-image-preview:large","max-video-preview":"max-video-preview:-1"},"canonical":"https:\/\/sidimurcia.org\/index.php\/2025\/12\/26\/orden-19-12-25-que-resuelve-la-convocatoria-del-procedimiento-de-libre-designacion-de-la-direccion-del-centro-publico-integrado-de-fp-politecnico-de-murcia\/","og_locale":"es_ES","og_type":"article","og_title":"Orden 19\/12\/25 que resuelve la convocatoria del procedimiento de libre designaci\u00f3n de la direcci\u00f3n del Centro P\u00fablico Integrado de FP Polit\u00e9cnico de Murcia. - SIDI","og_description":"Sindicato Independiente de Docentes. Funcionarios e Interinos. Afiliaci\u00f3n 1eur\/mes. Defendemos la educaci\u00f3n p\u00fablica.","og_url":"https:\/\/sidimurcia.org\/index.php\/2025\/12\/26\/orden-19-12-25-que-resuelve-la-convocatoria-del-procedimiento-de-libre-designacion-de-la-direccion-del-centro-publico-integrado-de-fp-politecnico-de-murcia\/","og_site_name":"SIDI","article_publisher":"https:\/\/es-es.facebook.com\/sidi.sindicatodedocentes","article_published_time":"2025-12-26T11:21:53+00:00","author":"Antonio S\u00e1nchez S\u00e1nchez","twitter_card":"summary_large_image","twitter_creator":"@SIDIMURCIA","twitter_site":"@SIDIMURCIA","twitter_misc":{"Escrito por":"Antonio S\u00e1nchez S\u00e1nchez"},"schema":{"@context":"https:\/\/schema.org","@graph":[{"@type":"Article","@id":"https:\/\/sidimurcia.org\/index.php\/2025\/12\/26\/orden-19-12-25-que-resuelve-la-convocatoria-del-procedimiento-de-libre-designacion-de-la-direccion-del-centro-publico-integrado-de-fp-politecnico-de-murcia\/#article","isPartOf":{"@id":"https:\/\/sidimurcia.org\/index.php\/2025\/12\/26\/orden-19-12-25-que-resuelve-la-convocatoria-del-procedimiento-de-libre-designacion-de-la-direccion-del-centro-publico-integrado-de-fp-politecnico-de-murcia\/"},"author":{"name":"Antonio S\u00e1nchez S\u00e1nchez","@id":"https:\/\/sidimurcia.org\/#\/schema\/person\/c5177f5bbc909983669eb2187f1aa184"},"headline":"Orden 19\/12\/25 que resuelve la convocatoria del procedimiento de libre designaci\u00f3n de la direcci\u00f3n del Centro P\u00fablico Integrado de FP Polit\u00e9cnico de Murcia.","datePublished":"2025-12-26T11:21:53+00:00","mainEntityOfPage":{"@id":"https:\/\/sidimurcia.org\/index.php\/2025\/12\/26\/orden-19-12-25-que-resuelve-la-convocatoria-del-procedimiento-de-libre-designacion-de-la-direccion-del-centro-publico-integrado-de-fp-politecnico-de-murcia\/"},"wordCount":95,"publisher":{"@id":"https:\/\/sidimurcia.org\/#organization"},"articleSection":["Directores selecci\u00f3n"],"inLanguage":"es"},{"@type":"WebPage","@id":"https:\/\/sidimurcia.org\/index.php\/2025\/12\/26\/orden-19-12-25-que-resuelve-la-convocatoria-del-procedimiento-de-libre-designacion-de-la-direccion-del-centro-publico-integrado-de-fp-politecnico-de-murcia\/","url":"https:\/\/sidimurcia.org\/index.php\/2025\/12\/26\/orden-19-12-25-que-resuelve-la-convocatoria-del-procedimiento-de-libre-designacion-de-la-direccion-del-centro-publico-integrado-de-fp-politecnico-de-murcia\/","name":"Orden 19\/12\/25 que resuelve la convocatoria del procedimiento de libre designaci\u00f3n de la direcci\u00f3n del Centro P\u00fablico Integrado de FP Polit\u00e9cnico de Murcia. - SIDI","isPartOf":{"@id":"https:\/\/sidimurcia.org\/#website"},"datePublished":"2025-12-26T11:21:53+00:00","description":"Sindicato Independiente de Docentes. Funcionarios e Interinos. Afiliaci\u00f3n 1eur\/mes. Defendemos la educaci\u00f3n p\u00fablica.","breadcrumb":{"@id":"https:\/\/sidimurcia.org\/index.php\/2025\/12\/26\/orden-19-12-25-que-resuelve-la-convocatoria-del-procedimiento-de-libre-designacion-de-la-direccion-del-centro-publico-integrado-de-fp-politecnico-de-murcia\/#breadcrumb"},"inLanguage":"es","potentialAction":[{"@type":"ReadAction","target":["https:\/\/sidimurcia.org\/index.php\/2025\/12\/26\/orden-19-12-25-que-resuelve-la-convocatoria-del-procedimiento-de-libre-designacion-de-la-direccion-del-centro-publico-integrado-de-fp-politecnico-de-murcia\/"]}]},{"@type":"BreadcrumbList","@id":"https:\/\/sidimurcia.org\/index.php\/2025\/12\/26\/orden-19-12-25-que-resuelve-la-convocatoria-del-procedimiento-de-libre-designacion-de-la-direccion-del-centro-publico-integrado-de-fp-politecnico-de-murcia\/#breadcrumb","itemListElement":[{"@type":"ListItem","position":1,"name":"Portada","item":"https:\/\/sidimurcia.org\/"},{"@type":"ListItem","position":2,"name":"Orden 19\/12\/25 que resuelve la convocatoria del procedimiento de libre designaci\u00f3n de la direcci\u00f3n del Centro P\u00fablico Integrado de FP Polit\u00e9cnico de Murcia."}]},{"@type":"WebSite","@id":"https:\/\/sidimurcia.org\/#website","url":"https:\/\/sidimurcia.org\/","name":"SIDI","description":"Sindicato Independiente de Docentes","publisher":{"@id":"https:\/\/sidimurcia.org\/#organization"},"potentialAction":[{"@type":"SearchAction","target":{"@type":"EntryPoint","urlTemplate":"https:\/\/sidimurcia.org\/?s={search_term_string}"},"query-input":{"@type":"PropertyValueSpecification","valueRequired":true,"valueName":"search_term_string"}}],"inLanguage":"es"},{"@type":"Organization","@id":"https:\/\/sidimurcia.org\/#organization","name":"Sindicato Independiente de Docentes - SIDI","url":"https:\/\/sidimurcia.org\/","logo":{"@type":"ImageObject","inLanguage":"es","@id":"https:\/\/sidimurcia.org\/#\/schema\/logo\/image\/","url":"https:\/\/sidimurcia.org\/wp-content\/uploads\/cropped-PARAPESTANAWEB-1.jpg","contentUrl":"https:\/\/sidimurcia.org\/wp-content\/uploads\/cropped-PARAPESTANAWEB-1.jpg","width":512,"height":512,"caption":"Sindicato Independiente de Docentes - SIDI"},"image":{"@id":"https:\/\/sidimurcia.org\/#\/schema\/logo\/image\/"},"sameAs":["https:\/\/es-es.facebook.com\/sidi.sindicatodedocentes","https:\/\/x.com\/SIDIMURCIA","https:\/\/www.instagram.com\/sidi_murcia\/","https:\/\/www.youtube.com\/channel\/UCwwdL3uFtDKJdbOfmC70wIQ"]},{"@type":"Person","@id":"https:\/\/sidimurcia.org\/#\/schema\/person\/c5177f5bbc909983669eb2187f1aa184","name":"Antonio S\u00e1nchez S\u00e1nchez","image":{"@type":"ImageObject","inLanguage":"es","@id":"https:\/\/secure.gravatar.com\/avatar\/2111aba9ef45fec38a905c799199840d53256d4e50d69b3308c306e0f7142460?s=96&d=mm&r=g","url":"https:\/\/secure.gravatar.com\/avatar\/2111aba9ef45fec38a905c799199840d53256d4e50d69b3308c306e0f7142460?s=96&d=mm&r=g","contentUrl":"https:\/\/secure.gravatar.com\/avatar\/2111aba9ef45fec38a905c799199840d53256d4e50d69b3308c306e0f7142460?s=96&d=mm&r=g","caption":"Antonio S\u00e1nchez S\u00e1nchez"},"sameAs":["http:\/\/www.sidimurcia.org"],"url":"https:\/\/sidimurcia.org\/index.php\/author\/antonioss\/"}]}},"_links":{"self":[{"href":"https:\/\/sidimurcia.org\/index.php\/wp-json\/wp\/v2\/posts\/26976","targetHints":{"allow":["GET"]}}],"collection":[{"href":"https:\/\/sidimurcia.org\/index.php\/wp-json\/wp\/v2\/posts"}],"about":[{"href":"https:\/\/sidimurcia.org\/index.php\/wp-json\/wp\/v2\/types\/post"}],"author":[{"embeddable":true,"href":"https:\/\/sidimurcia.org\/index.php\/wp-json\/wp\/v2\/users\/8"}],"replies":[{"embeddable":true,"href":"https:\/\/sidimurcia.org\/index.php\/wp-json\/wp\/v2\/comments?post=26976"}],"version-history":[{"count":0,"href":"https:\/\/sidimurcia.org\/index.php\/wp-json\/wp\/v2\/posts\/26976\/revisions"}],"wp:attachment":[{"href":"https:\/\/sidimurcia.org\/index.php\/wp-json\/wp\/v2\/media?parent=26976"}],"wp:term":[{"taxonomy":"category","embeddable":true,"href":"https:\/\/sidimurcia.org\/index.php\/wp-json\/wp\/v2\/categories?post=26976"},{"taxonomy":"post_tag","embeddable":true,"href":"https:\/\/sidimurcia.org\/index.php\/wp-json\/wp\/v2\/tags?post=26976"}],"curies":[{"name":"wp","href":"https:\/\/api.w.org\/{rel}","templated":true}]}}