{"id":28163,"date":"2026-04-23T08:37:15","date_gmt":"2026-04-23T08:37:15","guid":{"rendered":"https:\/\/sidimurcia.org\/?p=28163"},"modified":"2026-04-23T08:37:15","modified_gmt":"2026-04-23T08:37:15","slug":"23-04-2026-adjudicaciones-telematicas-nota-informativa-sobre-el-aplicativo-en-los-actos-de-adjudicacion","status":"publish","type":"post","link":"https:\/\/sidimurcia.org\/index.php\/2026\/04\/23\/23-04-2026-adjudicaciones-telematicas-nota-informativa-sobre-el-aplicativo-en-los-actos-de-adjudicacion\/","title":{"rendered":"23\/04\/2026. ADJUDICACIONES TELEM\u00c1TICAS: Nota informativa sobre el aplicativo en los actos de adjudicaci\u00f3n."},"content":{"rendered":"<ul>\n<li style=\"text-align: justify;\"><span style=\"font-family: arial, helvetica, sans-serif;\"><a title=\"23\/04\/2026. Nota informativa del Servicio de Personal Docente. Aplicativo actos de adjudicaci\u00f3n - Este enlace se abrir\u00e1 en una nueva ventana\" href=\"https:\/\/www.carm.es\/web\/descarga?ARCHIVO=NOTA%20INFORMATIVA.pdf&amp;ALIAS=ARCH&amp;IDCONTENIDO=206065&amp;IDTIPO=60&amp;RASTRO=c77$m22725,22759,4254\" target=\"_blank\" rel=\"noopener\">23\/04\/2026. Nota informativa del Servicio de Personal Docente. Aplicativo actos de adjudicaci\u00f3n<\/a><\/span><\/li>\n<\/ul>\n<p style=\"text-align: justify;\"><span style=\"font-family: arial, helvetica, sans-serif;\">Con el fin de mejorar la gesti\u00f3n de los procedimientos de <\/span><span style=\"font-family: arial, helvetica, sans-serif;\">adjudicaci\u00f3n telem\u00e1tica, se ha modificado el acceso al aplicativo <\/span><span style=\"font-family: arial, helvetica, sans-serif;\">de los actos de adjudicaci\u00f3n, de manera que estos puedan <\/span><span style=\"font-family: arial, helvetica, sans-serif;\">celebrarse, seg\u00fan las necesidades del procedimiento, de manera <\/span><span style=\"font-family: arial, helvetica, sans-serif;\">conjunta para Primaria y Secundaria o de forma separada. <\/span><\/p>\n<p style=\"text-align: justify;\"><span style=\"font-family: arial, helvetica, sans-serif;\">Para ello, al acceder en <strong>EDUCARM<\/strong> a la opci\u00f3n <strong>\u201cGesti\u00f3n <\/strong><\/span><span style=\"font-family: arial, helvetica, sans-serif;\"><strong>Adjudicaci\u00f3n Telem\u00e1tica\u201d<\/strong>, aparecer\u00e1 una pantalla de selecci\u00f3n de <\/span><span style=\"font-family: arial, helvetica, sans-serif;\">convocatoria en la que deber\u00e1 comprobarse el c\u00f3digo antes de <\/span><span style=\"font-family: arial, helvetica, sans-serif;\">continuar. <\/span><\/p>\n<p><span style=\"font-family: arial, helvetica, sans-serif;\">A estos efectos: <\/span><br \/>\n<span style=\"font-family: arial, helvetica, sans-serif;\">\uf0b7 Las convocatorias cuyo c\u00f3digo comience por <strong>ADJ corresponden <\/strong><\/span><span style=\"font-family: arial, helvetica, sans-serif;\"><strong>a adjudicaciones conjuntas.<\/strong> <\/span><br \/>\n<span style=\"font-family: arial, helvetica, sans-serif;\">\uf0b7 Las convocatorias cuyo c\u00f3digo comience por <strong>ADP corresponden <\/strong><\/span><span style=\"font-family: arial, helvetica, sans-serif;\"><strong>a adjudicaciones de Primaria.<\/strong> <\/span><br \/>\n<span style=\"font-family: arial, helvetica, sans-serif;\">\uf0b7 Las convocatorias cuyo c\u00f3digo comience por <strong>ADS corresponden <\/strong><\/span><span style=\"font-family: arial, helvetica, sans-serif;\"><strong>a adjudicaciones de Secundaria.<\/strong> <\/span><\/p>\n<p style=\"text-align: justify;\"><span style=\"font-family: arial, helvetica, sans-serif;\">Si la persona interesada est\u00e1 convocada en <strong>un acto conjunto<\/strong>, en <\/span><span style=\"font-family: arial, helvetica, sans-serif;\">la pantalla <strong>aparecer\u00e1 una \u00fanica convocatoria<\/strong>, cuyo c\u00f3digo <\/span><span style=\"font-family: arial, helvetica, sans-serif;\">comenzar\u00e1 por <strong>ADJ<\/strong>; esa ser\u00e1 la convocatoria que deber\u00e1 <\/span><span style=\"font-family: arial, helvetica, sans-serif;\">seleccionar, con independencia de que participe por Primaria, por <\/span><span style=\"font-family: arial, helvetica, sans-serif;\">Secundaria o por ambos cuerpos. <\/span><\/p>\n<p style=\"text-align: justify;\"><span style=\"font-family: arial, helvetica, sans-serif;\">Cuando los actos se celebren de <strong>forma separada<\/strong>, en la pantalla <\/span><span style=\"font-family: arial, helvetica, sans-serif;\">podr\u00e1n aparecer una o dos convocatorias, seg\u00fan las que se <\/span><span style=\"font-family: arial, helvetica, sans-serif;\">encuentren activas en ese momento. En estos casos, deber\u00e1 <\/span><span style=\"font-family: arial, helvetica, sans-serif;\">seleccionarse la convocatoria que corresponda: <strong>ADP para Primaria <\/strong><\/span><span style=\"font-family: arial, helvetica, sans-serif;\"><strong>y ADS para Secundaria<\/strong>. <\/span><\/p>\n<p><span style=\"font-family: arial, helvetica, sans-serif;\">Se recomienda, por tanto, <strong>revisar cuidadosamente la convocatoria <\/strong><\/span><span style=\"font-family: arial, helvetica, sans-serif;\"><strong>seleccionada<\/strong> antes de realizar la petici\u00f3n. En caso de acceder a <\/span><span style=\"font-family: arial, helvetica, sans-serif;\">una convocatoria que no corresponda, el sistema informar\u00e1 de que <\/span><span style=\"font-family: arial, helvetica, sans-serif;\">no se est\u00e1 convocado para ese acto. <\/span><\/p>\n<p style=\"text-align: justify;\"><span style=\"font-family: arial, helvetica, sans-serif;\">Si, pese a ello, se produce alguna incidencia, <strong>se recuerda la <\/strong><\/span><strong><span style=\"font-family: arial, helvetica, sans-serif;\">importancia de leer siempre la convocatoria, comprobar que le <\/span><span style=\"font-family: arial, helvetica, sans-serif;\">corresponde participar en ese acto y que se ha seleccionado <\/span><\/strong><span style=\"font-family: arial, helvetica, sans-serif;\"><strong>correctamente la convocatoria<\/strong> correspondiente antes de su <\/span><span style=\"font-family: arial, helvetica, sans-serif;\">tramitaci\u00f3n. <\/span><\/p>\n<p><span style=\"font-family: arial, helvetica, sans-serif;\">El jefe de Servicio de Personal Docente<\/span><\/p>\n","protected":false},"excerpt":{"rendered":"<p>23\/04\/2026. Nota informativa del Servicio de Personal Docente. Aplicativo actos de adjudicaci\u00f3n Con el fin de mejorar la gesti\u00f3n de &#8230; <a title=\"23\/04\/2026. ADJUDICACIONES TELEM\u00c1TICAS: Nota informativa sobre el aplicativo en los actos de adjudicaci\u00f3n.\" class=\"read-more\" href=\"https:\/\/sidimurcia.org\/index.php\/2026\/04\/23\/23-04-2026-adjudicaciones-telematicas-nota-informativa-sobre-el-aplicativo-en-los-actos-de-adjudicacion\/\" aria-label=\"Leer m\u00e1s sobre 23\/04\/2026. ADJUDICACIONES TELEM\u00c1TICAS: Nota informativa sobre el aplicativo en los actos de adjudicaci\u00f3n.\">Leer mas<\/a><\/p>\n","protected":false},"author":2,"featured_media":0,"comment_status":"closed","ping_status":"closed","sticky":false,"template":"","format":"standard","meta":{"footnotes":""},"categories":[3],"tags":[],"class_list":["post-28163","post","type-post","status-publish","format-standard","hentry","category-actos-de-adjudicacion"],"yoast_head":"<!-- This site is optimized with the Yoast SEO plugin v27.2 - https:\/\/yoast.com\/product\/yoast-seo-wordpress\/ -->\n<title>23\/04\/2026. ADJUDICACIONES TELEM\u00c1TICAS: Nota informativa sobre el aplicativo en los actos de adjudicaci\u00f3n. - SIDI<\/title>\n<meta name=\"description\" content=\"Sindicato Independiente de Docentes. Funcionarios e Interinos. Afiliaci\u00f3n 1eur\/mes. Defendemos la educaci\u00f3n p\u00fablica.\" \/>\n<meta name=\"robots\" content=\"index, follow, max-snippet:-1, max-image-preview:large, max-video-preview:-1\" \/>\n<link rel=\"canonical\" href=\"https:\/\/sidimurcia.org\/index.php\/2026\/04\/23\/23-04-2026-adjudicaciones-telematicas-nota-informativa-sobre-el-aplicativo-en-los-actos-de-adjudicacion\/\" \/>\n<meta property=\"og:locale\" content=\"es_ES\" \/>\n<meta property=\"og:type\" content=\"article\" \/>\n<meta property=\"og:title\" content=\"23\/04\/2026. ADJUDICACIONES TELEM\u00c1TICAS: Nota informativa sobre el aplicativo en los actos de adjudicaci\u00f3n. - SIDI\" \/>\n<meta property=\"og:description\" content=\"Sindicato Independiente de Docentes. Funcionarios e Interinos. Afiliaci\u00f3n 1eur\/mes. Defendemos la educaci\u00f3n p\u00fablica.\" \/>\n<meta property=\"og:url\" content=\"https:\/\/sidimurcia.org\/index.php\/2026\/04\/23\/23-04-2026-adjudicaciones-telematicas-nota-informativa-sobre-el-aplicativo-en-los-actos-de-adjudicacion\/\" \/>\n<meta property=\"og:site_name\" content=\"SIDI\" \/>\n<meta property=\"article:publisher\" content=\"https:\/\/es-es.facebook.com\/sidi.sindicatodedocentes\" \/>\n<meta property=\"article:published_time\" content=\"2026-04-23T08:37:15+00:00\" \/>\n<meta name=\"author\" content=\"Jose Luis Torrente\" \/>\n<meta name=\"twitter:card\" content=\"summary_large_image\" \/>\n<meta name=\"twitter:creator\" content=\"@SIDIMURCIA\" \/>\n<meta name=\"twitter:site\" content=\"@SIDIMURCIA\" \/>\n<meta name=\"twitter:label1\" content=\"Escrito por\" \/>\n\t<meta name=\"twitter:data1\" content=\"Jose Luis Torrente\" \/>\n\t<meta name=\"twitter:label2\" content=\"Tiempo de lectura\" \/>\n\t<meta name=\"twitter:data2\" content=\"2 minutos\" \/>\n<script type=\"application\/ld+json\" class=\"yoast-schema-graph\">{\"@context\":\"https:\/\/schema.org\",\"@graph\":[{\"@type\":\"Article\",\"@id\":\"https:\/\/sidimurcia.org\/index.php\/2026\/04\/23\/23-04-2026-adjudicaciones-telematicas-nota-informativa-sobre-el-aplicativo-en-los-actos-de-adjudicacion\/#article\",\"isPartOf\":{\"@id\":\"https:\/\/sidimurcia.org\/index.php\/2026\/04\/23\/23-04-2026-adjudicaciones-telematicas-nota-informativa-sobre-el-aplicativo-en-los-actos-de-adjudicacion\/\"},\"author\":{\"name\":\"Jose Luis Torrente\",\"@id\":\"https:\/\/sidimurcia.org\/#\/schema\/person\/3f3207f88fb267669a31f8f46f76f86c\"},\"headline\":\"23\/04\/2026. ADJUDICACIONES TELEM\u00c1TICAS: Nota informativa sobre el aplicativo en los actos de adjudicaci\u00f3n.\",\"datePublished\":\"2026-04-23T08:37:15+00:00\",\"mainEntityOfPage\":{\"@id\":\"https:\/\/sidimurcia.org\/index.php\/2026\/04\/23\/23-04-2026-adjudicaciones-telematicas-nota-informativa-sobre-el-aplicativo-en-los-actos-de-adjudicacion\/\"},\"wordCount\":324,\"publisher\":{\"@id\":\"https:\/\/sidimurcia.org\/#organization\"},\"articleSection\":[\"Actos de adjudicaci\u00f3n\"],\"inLanguage\":\"es\"},{\"@type\":\"WebPage\",\"@id\":\"https:\/\/sidimurcia.org\/index.php\/2026\/04\/23\/23-04-2026-adjudicaciones-telematicas-nota-informativa-sobre-el-aplicativo-en-los-actos-de-adjudicacion\/\",\"url\":\"https:\/\/sidimurcia.org\/index.php\/2026\/04\/23\/23-04-2026-adjudicaciones-telematicas-nota-informativa-sobre-el-aplicativo-en-los-actos-de-adjudicacion\/\",\"name\":\"23\/04\/2026. ADJUDICACIONES TELEM\u00c1TICAS: Nota informativa sobre el aplicativo en los actos de adjudicaci\u00f3n. - SIDI\",\"isPartOf\":{\"@id\":\"https:\/\/sidimurcia.org\/#website\"},\"datePublished\":\"2026-04-23T08:37:15+00:00\",\"description\":\"Sindicato Independiente de Docentes. Funcionarios e Interinos. Afiliaci\u00f3n 1eur\/mes. Defendemos la educaci\u00f3n p\u00fablica.\",\"breadcrumb\":{\"@id\":\"https:\/\/sidimurcia.org\/index.php\/2026\/04\/23\/23-04-2026-adjudicaciones-telematicas-nota-informativa-sobre-el-aplicativo-en-los-actos-de-adjudicacion\/#breadcrumb\"},\"inLanguage\":\"es\",\"potentialAction\":[{\"@type\":\"ReadAction\",\"target\":[\"https:\/\/sidimurcia.org\/index.php\/2026\/04\/23\/23-04-2026-adjudicaciones-telematicas-nota-informativa-sobre-el-aplicativo-en-los-actos-de-adjudicacion\/\"]}]},{\"@type\":\"BreadcrumbList\",\"@id\":\"https:\/\/sidimurcia.org\/index.php\/2026\/04\/23\/23-04-2026-adjudicaciones-telematicas-nota-informativa-sobre-el-aplicativo-en-los-actos-de-adjudicacion\/#breadcrumb\",\"itemListElement\":[{\"@type\":\"ListItem\",\"position\":1,\"name\":\"Portada\",\"item\":\"https:\/\/sidimurcia.org\/\"},{\"@type\":\"ListItem\",\"position\":2,\"name\":\"23\/04\/2026. ADJUDICACIONES TELEM\u00c1TICAS: Nota informativa sobre el aplicativo en los actos de adjudicaci\u00f3n.\"}]},{\"@type\":\"WebSite\",\"@id\":\"https:\/\/sidimurcia.org\/#website\",\"url\":\"https:\/\/sidimurcia.org\/\",\"name\":\"SIDI\",\"description\":\"Sindicato Independiente de Docentes\",\"publisher\":{\"@id\":\"https:\/\/sidimurcia.org\/#organization\"},\"potentialAction\":[{\"@type\":\"SearchAction\",\"target\":{\"@type\":\"EntryPoint\",\"urlTemplate\":\"https:\/\/sidimurcia.org\/?s={search_term_string}\"},\"query-input\":{\"@type\":\"PropertyValueSpecification\",\"valueRequired\":true,\"valueName\":\"search_term_string\"}}],\"inLanguage\":\"es\"},{\"@type\":\"Organization\",\"@id\":\"https:\/\/sidimurcia.org\/#organization\",\"name\":\"Sindicato Independiente de Docentes - SIDI\",\"url\":\"https:\/\/sidimurcia.org\/\",\"logo\":{\"@type\":\"ImageObject\",\"inLanguage\":\"es\",\"@id\":\"https:\/\/sidimurcia.org\/#\/schema\/logo\/image\/\",\"url\":\"https:\/\/sidimurcia.org\/wp-content\/uploads\/cropped-PARAPESTANAWEB-1.jpg\",\"contentUrl\":\"https:\/\/sidimurcia.org\/wp-content\/uploads\/cropped-PARAPESTANAWEB-1.jpg\",\"width\":512,\"height\":512,\"caption\":\"Sindicato Independiente de Docentes - SIDI\"},\"image\":{\"@id\":\"https:\/\/sidimurcia.org\/#\/schema\/logo\/image\/\"},\"sameAs\":[\"https:\/\/es-es.facebook.com\/sidi.sindicatodedocentes\",\"https:\/\/x.com\/SIDIMURCIA\",\"https:\/\/www.instagram.com\/sidi_murcia\/\",\"https:\/\/www.youtube.com\/channel\/UCwwdL3uFtDKJdbOfmC70wIQ\"]},{\"@type\":\"Person\",\"@id\":\"https:\/\/sidimurcia.org\/#\/schema\/person\/3f3207f88fb267669a31f8f46f76f86c\",\"name\":\"Jose Luis Torrente\",\"image\":{\"@type\":\"ImageObject\",\"inLanguage\":\"es\",\"@id\":\"https:\/\/secure.gravatar.com\/avatar\/8ac4c0d28cf03f62a37681e633afaf3faec3a7bd495cdfb9b6a7ec6cf281b29c?s=96&d=mm&r=g\",\"url\":\"https:\/\/secure.gravatar.com\/avatar\/8ac4c0d28cf03f62a37681e633afaf3faec3a7bd495cdfb9b6a7ec6cf281b29c?s=96&d=mm&r=g\",\"contentUrl\":\"https:\/\/secure.gravatar.com\/avatar\/8ac4c0d28cf03f62a37681e633afaf3faec3a7bd495cdfb9b6a7ec6cf281b29c?s=96&d=mm&r=g\",\"caption\":\"Jose Luis Torrente\"},\"url\":\"https:\/\/sidimurcia.org\/index.php\/author\/joseltorrente\/\"}]}<\/script>\n<!-- \/ Yoast SEO plugin. -->","yoast_head_json":{"title":"23\/04\/2026. ADJUDICACIONES TELEM\u00c1TICAS: Nota informativa sobre el aplicativo en los actos de adjudicaci\u00f3n. - SIDI","description":"Sindicato Independiente de Docentes. Funcionarios e Interinos. Afiliaci\u00f3n 1eur\/mes. Defendemos la educaci\u00f3n p\u00fablica.","robots":{"index":"index","follow":"follow","max-snippet":"max-snippet:-1","max-image-preview":"max-image-preview:large","max-video-preview":"max-video-preview:-1"},"canonical":"https:\/\/sidimurcia.org\/index.php\/2026\/04\/23\/23-04-2026-adjudicaciones-telematicas-nota-informativa-sobre-el-aplicativo-en-los-actos-de-adjudicacion\/","og_locale":"es_ES","og_type":"article","og_title":"23\/04\/2026. ADJUDICACIONES TELEM\u00c1TICAS: Nota informativa sobre el aplicativo en los actos de adjudicaci\u00f3n. - SIDI","og_description":"Sindicato Independiente de Docentes. Funcionarios e Interinos. Afiliaci\u00f3n 1eur\/mes. Defendemos la educaci\u00f3n p\u00fablica.","og_url":"https:\/\/sidimurcia.org\/index.php\/2026\/04\/23\/23-04-2026-adjudicaciones-telematicas-nota-informativa-sobre-el-aplicativo-en-los-actos-de-adjudicacion\/","og_site_name":"SIDI","article_publisher":"https:\/\/es-es.facebook.com\/sidi.sindicatodedocentes","article_published_time":"2026-04-23T08:37:15+00:00","author":"Jose Luis Torrente","twitter_card":"summary_large_image","twitter_creator":"@SIDIMURCIA","twitter_site":"@SIDIMURCIA","twitter_misc":{"Escrito por":"Jose Luis Torrente","Tiempo de lectura":"2 minutos"},"schema":{"@context":"https:\/\/schema.org","@graph":[{"@type":"Article","@id":"https:\/\/sidimurcia.org\/index.php\/2026\/04\/23\/23-04-2026-adjudicaciones-telematicas-nota-informativa-sobre-el-aplicativo-en-los-actos-de-adjudicacion\/#article","isPartOf":{"@id":"https:\/\/sidimurcia.org\/index.php\/2026\/04\/23\/23-04-2026-adjudicaciones-telematicas-nota-informativa-sobre-el-aplicativo-en-los-actos-de-adjudicacion\/"},"author":{"name":"Jose Luis Torrente","@id":"https:\/\/sidimurcia.org\/#\/schema\/person\/3f3207f88fb267669a31f8f46f76f86c"},"headline":"23\/04\/2026. ADJUDICACIONES TELEM\u00c1TICAS: Nota informativa sobre el aplicativo en los actos de adjudicaci\u00f3n.","datePublished":"2026-04-23T08:37:15+00:00","mainEntityOfPage":{"@id":"https:\/\/sidimurcia.org\/index.php\/2026\/04\/23\/23-04-2026-adjudicaciones-telematicas-nota-informativa-sobre-el-aplicativo-en-los-actos-de-adjudicacion\/"},"wordCount":324,"publisher":{"@id":"https:\/\/sidimurcia.org\/#organization"},"articleSection":["Actos de adjudicaci\u00f3n"],"inLanguage":"es"},{"@type":"WebPage","@id":"https:\/\/sidimurcia.org\/index.php\/2026\/04\/23\/23-04-2026-adjudicaciones-telematicas-nota-informativa-sobre-el-aplicativo-en-los-actos-de-adjudicacion\/","url":"https:\/\/sidimurcia.org\/index.php\/2026\/04\/23\/23-04-2026-adjudicaciones-telematicas-nota-informativa-sobre-el-aplicativo-en-los-actos-de-adjudicacion\/","name":"23\/04\/2026. ADJUDICACIONES TELEM\u00c1TICAS: Nota informativa sobre el aplicativo en los actos de adjudicaci\u00f3n. - SIDI","isPartOf":{"@id":"https:\/\/sidimurcia.org\/#website"},"datePublished":"2026-04-23T08:37:15+00:00","description":"Sindicato Independiente de Docentes. Funcionarios e Interinos. Afiliaci\u00f3n 1eur\/mes. Defendemos la educaci\u00f3n p\u00fablica.","breadcrumb":{"@id":"https:\/\/sidimurcia.org\/index.php\/2026\/04\/23\/23-04-2026-adjudicaciones-telematicas-nota-informativa-sobre-el-aplicativo-en-los-actos-de-adjudicacion\/#breadcrumb"},"inLanguage":"es","potentialAction":[{"@type":"ReadAction","target":["https:\/\/sidimurcia.org\/index.php\/2026\/04\/23\/23-04-2026-adjudicaciones-telematicas-nota-informativa-sobre-el-aplicativo-en-los-actos-de-adjudicacion\/"]}]},{"@type":"BreadcrumbList","@id":"https:\/\/sidimurcia.org\/index.php\/2026\/04\/23\/23-04-2026-adjudicaciones-telematicas-nota-informativa-sobre-el-aplicativo-en-los-actos-de-adjudicacion\/#breadcrumb","itemListElement":[{"@type":"ListItem","position":1,"name":"Portada","item":"https:\/\/sidimurcia.org\/"},{"@type":"ListItem","position":2,"name":"23\/04\/2026. ADJUDICACIONES TELEM\u00c1TICAS: Nota informativa sobre el aplicativo en los actos de adjudicaci\u00f3n."}]},{"@type":"WebSite","@id":"https:\/\/sidimurcia.org\/#website","url":"https:\/\/sidimurcia.org\/","name":"SIDI","description":"Sindicato Independiente de Docentes","publisher":{"@id":"https:\/\/sidimurcia.org\/#organization"},"potentialAction":[{"@type":"SearchAction","target":{"@type":"EntryPoint","urlTemplate":"https:\/\/sidimurcia.org\/?s={search_term_string}"},"query-input":{"@type":"PropertyValueSpecification","valueRequired":true,"valueName":"search_term_string"}}],"inLanguage":"es"},{"@type":"Organization","@id":"https:\/\/sidimurcia.org\/#organization","name":"Sindicato Independiente de Docentes - SIDI","url":"https:\/\/sidimurcia.org\/","logo":{"@type":"ImageObject","inLanguage":"es","@id":"https:\/\/sidimurcia.org\/#\/schema\/logo\/image\/","url":"https:\/\/sidimurcia.org\/wp-content\/uploads\/cropped-PARAPESTANAWEB-1.jpg","contentUrl":"https:\/\/sidimurcia.org\/wp-content\/uploads\/cropped-PARAPESTANAWEB-1.jpg","width":512,"height":512,"caption":"Sindicato Independiente de Docentes - SIDI"},"image":{"@id":"https:\/\/sidimurcia.org\/#\/schema\/logo\/image\/"},"sameAs":["https:\/\/es-es.facebook.com\/sidi.sindicatodedocentes","https:\/\/x.com\/SIDIMURCIA","https:\/\/www.instagram.com\/sidi_murcia\/","https:\/\/www.youtube.com\/channel\/UCwwdL3uFtDKJdbOfmC70wIQ"]},{"@type":"Person","@id":"https:\/\/sidimurcia.org\/#\/schema\/person\/3f3207f88fb267669a31f8f46f76f86c","name":"Jose Luis Torrente","image":{"@type":"ImageObject","inLanguage":"es","@id":"https:\/\/secure.gravatar.com\/avatar\/8ac4c0d28cf03f62a37681e633afaf3faec3a7bd495cdfb9b6a7ec6cf281b29c?s=96&d=mm&r=g","url":"https:\/\/secure.gravatar.com\/avatar\/8ac4c0d28cf03f62a37681e633afaf3faec3a7bd495cdfb9b6a7ec6cf281b29c?s=96&d=mm&r=g","contentUrl":"https:\/\/secure.gravatar.com\/avatar\/8ac4c0d28cf03f62a37681e633afaf3faec3a7bd495cdfb9b6a7ec6cf281b29c?s=96&d=mm&r=g","caption":"Jose Luis Torrente"},"url":"https:\/\/sidimurcia.org\/index.php\/author\/joseltorrente\/"}]}},"_links":{"self":[{"href":"https:\/\/sidimurcia.org\/index.php\/wp-json\/wp\/v2\/posts\/28163","targetHints":{"allow":["GET"]}}],"collection":[{"href":"https:\/\/sidimurcia.org\/index.php\/wp-json\/wp\/v2\/posts"}],"about":[{"href":"https:\/\/sidimurcia.org\/index.php\/wp-json\/wp\/v2\/types\/post"}],"author":[{"embeddable":true,"href":"https:\/\/sidimurcia.org\/index.php\/wp-json\/wp\/v2\/users\/2"}],"replies":[{"embeddable":true,"href":"https:\/\/sidimurcia.org\/index.php\/wp-json\/wp\/v2\/comments?post=28163"}],"version-history":[{"count":1,"href":"https:\/\/sidimurcia.org\/index.php\/wp-json\/wp\/v2\/posts\/28163\/revisions"}],"predecessor-version":[{"id":28164,"href":"https:\/\/sidimurcia.org\/index.php\/wp-json\/wp\/v2\/posts\/28163\/revisions\/28164"}],"wp:attachment":[{"href":"https:\/\/sidimurcia.org\/index.php\/wp-json\/wp\/v2\/media?parent=28163"}],"wp:term":[{"taxonomy":"category","embeddable":true,"href":"https:\/\/sidimurcia.org\/index.php\/wp-json\/wp\/v2\/categories?post=28163"},{"taxonomy":"post_tag","embeddable":true,"href":"https:\/\/sidimurcia.org\/index.php\/wp-json\/wp\/v2\/tags?post=28163"}],"curies":[{"name":"wp","href":"https:\/\/api.w.org\/{rel}","templated":true}]}}