{"id":28205,"date":"2026-04-27T10:16:08","date_gmt":"2026-04-27T10:16:08","guid":{"rendered":"https:\/\/sidimurcia.org\/?p=28205"},"modified":"2026-04-27T10:17:23","modified_gmt":"2026-04-27T10:17:23","slug":"mefp-profesores-en-secciones-bilingues-de-espanol-en-europa-central-oriental-y-china-26-27","status":"publish","type":"post","link":"https:\/\/sidimurcia.org\/index.php\/2026\/04\/27\/mefp-profesores-en-secciones-bilingues-de-espanol-en-europa-central-oriental-y-china-26-27\/","title":{"rendered":"MEFP: Profesores en secciones biling\u00fces de espa\u00f1ol en Europa central, oriental y China 26\/27."},"content":{"rendered":"<ul>\n<li style=\"text-align: justify;\"><span style=\"font-family: arial, helvetica, sans-serif;\"><a class=\"enlaceMarron\" title=\"Extracto de Resoluci\u00f3n y Resoluci\u00f3n de 22 de abril de 2026 de la Subsecretar\u00eda del Ministerio de Educaci\u00f3n, Formaci\u00f3n Profesional y Deportes, por la que se convocan plazas de profesores en Secciones Biling\u00fces de espa\u00f1ol en centros educativos de Bulgaria, China, Eslovaquia, Estonia, Hungr\u00eda, Moldavia, Polonia, Rep\u00fablica Checa, Ruman\u00eda y Rusia para el curso 2026-2027.\" href=\"https:\/\/servicios.educarm.es\/templates\/portal\/ficheros\/websDinamicas\/45\/Convocatoria 2026-2027 BOE 25-04-26.pdf\" target=\"_blank\" rel=\"noopener\">Extracto de Resoluci\u00f3n y Resoluci\u00f3n de 22 de abril de 2026 de la Subsecretar\u00eda del Ministerio de Educaci\u00f3n, Formaci\u00f3n Profesional y Deportes, por la que se convocan plazas de profesores en Secciones Biling\u00fces de espa\u00f1ol en centros educativos de Bulgaria, China, Eslovaquia, Estonia, Hungr\u00eda, Moldavia, Polonia, Rep\u00fablica Checa, Ruman\u00eda y Rusia para el curso 2026-2027.<\/a><\/span><\/li>\n<\/ul>\n<p style=\"text-align: center;\"><a class=\"boton\" title=\"External, opens in a new window.\" href=\"https:\/\/sede.educacion.gob.es\/sede\/login\/inicio.jjsp?idConvocatoria=2463\" target=\"_blank\" rel=\"external noopener\"><strong><span style=\"font-family: arial, helvetica, sans-serif;\">Acceso a la solicitud on line\u00a0<\/span><\/strong><\/a><\/p>\n<p style=\"text-align: center;\"><strong><span style=\"font-family: arial, helvetica, sans-serif; color: #d4458b;\">Plazo presentaci\u00f3n solicitudes: Del 27 de abril al 18 de mayo de 2026.<\/span><\/strong><\/p>\n<p style=\"text-align: justify;\"><span style=\"font-family: arial, helvetica, sans-serif;\">A trav\u00e9s de este programa se puede obtener una plaza de docente de distintas materias en Secciones Biling\u00fces de espa\u00f1ol de centros de ense\u00f1anza reglada no universitaria en Bulgaria, China, Eslovaquia, Hungr\u00eda, Polonia, Rep\u00fablica Checa, Ruman\u00eda y Rusia.<\/span><\/p>\n<p><strong>Todos los requisitos deber\u00e1n cumplirse con anterioridad a la finalizaci\u00f3n del plazo de presentaci\u00f3n de solicitudes<\/strong><\/p>\n<p class=\"ta-justify\"><span style=\"text-decoration: underline; color: #3c48a9;\"><strong><span style=\"font-family: arial, helvetica, sans-serif;\">Plazas de nueva incorporaci\u00f3n<\/span><\/strong><\/span><\/p>\n<ul>\n<li><span style=\"font-family: arial, helvetica, sans-serif;\"><strong>Requisitos generales: <\/strong>Los candidatos de nueva incorporaci\u00f3n deber\u00e1n cumplir los siguientes requisitos:<\/span><\/li>\n<\/ul>\n<ol>\n<li class=\"ta-justify\" style=\"text-align: justify;\"><span style=\"font-family: arial, helvetica, sans-serif;\">Tener nacionalidad espa\u00f1ola.<\/span><\/li>\n<li class=\"ta-justify\" style=\"text-align: justify;\"><span style=\"font-family: arial, helvetica, sans-serif;\">No padecer enfermedad que imposibilite el ejercicio de la docencia.<\/span><\/li>\n<li class=\"ta-justify\" style=\"text-align: justify;\"><span style=\"font-family: arial, helvetica, sans-serif;\">No tener antecedentes penales, ni delitos de naturaleza sexual.<\/span><\/li>\n<li class=\"ta-justify\" style=\"text-align: justify;\"><span style=\"font-family: arial, helvetica, sans-serif;\">Poseer la titulaci\u00f3n requerida en la descripci\u00f3n de las plazas que se relacionan en el anexo I.<\/span><\/li>\n<li class=\"ta-justify\" style=\"text-align: justify;\"><span style=\"font-family: arial, helvetica, sans-serif;\">Estar en posesi\u00f3n del t\u00edtulo de m\u00e1ster que habilita para el ejercicio de la funci\u00f3n docente en Educaci\u00f3n Secundaria Obligatoria, Bachillerato, Formaci\u00f3n Profesional y Ense\u00f1anzas de Idiomas, con las excepciones que se recogen en el apartado 2.1.1.e) de la convocatoria.<\/span><\/li>\n<li class=\"ta-justify\" style=\"text-align: justify;\"><span style=\"font-family: arial, helvetica, sans-serif;\">No haber presentado renuncia en tres o m\u00e1s convocatorias anteriores una vez adjudicada la plaza, independientemente de que estas sean justificadas o no. Para el c\u00f3mputo de estas, se tendr\u00e1n en cuenta los supuestos contemplados en el apartado 11.3.<\/span><\/li>\n<li class=\"ta-justify\" style=\"text-align: justify;\"><span style=\"font-family: arial, helvetica, sans-serif;\">No haber sido seleccionado y ocupado la plaza adjudicada en alguna de las secciones biling\u00fces participantes en el programa en seis o m\u00e1s convocatorias, consecutivas o no. A estos efectos, se considerar\u00e1 a\u00f1o completo, aun en el caso de haberla ocupado solo parte del a\u00f1o acad\u00e9mico.<\/span><\/li>\n<li class=\"ta-justify\" style=\"text-align: justify;\"><span style=\"font-family: arial, helvetica, sans-serif;\">Estar al corriente en el pago de sus obligaciones tributarias y con la Seguridad Social.<\/span><\/li>\n<li class=\"ta-justify\" style=\"text-align: justify;\"><span style=\"font-family: arial, helvetica, sans-serif;\">Cumplir con las obligaciones recogidas en la Ley 38\/2003, de 17 de octubre, General de Subvenciones y en su normativa de desarrollo.<\/span><\/li>\n<\/ol>\n<ul>\n<li>\n<p class=\"ta-justify\" style=\"text-align: justify;\"><span style=\"font-family: arial, helvetica, sans-serif;\"><strong>Requisitos espec\u00edficos: <\/strong>Para las plazas en China, contar con al menos dos a\u00f1os de experiencia docente a jornada completa en ense\u00f1anzas regladas de lenguas.<\/span><\/p>\n<\/li>\n<\/ul>\n<p><span style=\"text-decoration: underline;\"><span style=\"font-family: arial, helvetica, sans-serif; color: #3c48a9;\"><strong>Plazas de renovaci\u00f3n<\/strong><\/span><\/span><\/p>\n<p class=\"ta-justify\" style=\"text-align: justify;\"><span style=\"font-family: arial, helvetica, sans-serif;\">El profesorado en activo en el programa podr\u00e1 solicitar la renovaci\u00f3n de su participaci\u00f3n \u00fanicamente en la misma secci\u00f3n biling\u00fce donde ejerza. No obstante, en el caso de supresi\u00f3n de una plaza, o de una secci\u00f3n biling\u00fce, siempre que las autoridades educativas del pa\u00eds de destino lo permitieran, el profesorado afectado que no hubiera agotado los seis a\u00f1os de permanencia en el programa podr\u00eda optar a la renovaci\u00f3n en otra secci\u00f3n biling\u00fce.<\/span><\/p>\n<p style=\"text-align: justify;\"><span style=\"font-family: arial, helvetica, sans-serif;\">Los docentes que soliciten la renovaci\u00f3n de su participaci\u00f3n deber\u00e1n cumplir, adem\u00e1s de los requisitos descritos en el apartado 2.1., los siguientes requisitos adicionales:<\/span><\/p>\n<p style=\"text-align: justify;\"><span style=\"font-family: arial, helvetica, sans-serif;\">&#8211; Contar con el informe favorable a la renovaci\u00f3n por parte del centro de destino.<\/span><\/p>\n<p class=\"ta-justify\" style=\"text-align: justify;\"><span style=\"font-family: arial, helvetica, sans-serif;\">&#8211; Contar con el informe favorable de la Consejer\u00eda o Agregadur\u00eda de Educaci\u00f3n que corresponda.<\/span><\/p>\n<p style=\"text-align: justify;\"><span style=\"font-family: arial, helvetica, sans-serif;\"><strong>S\u00f3lo se tendr\u00e1n en cuenta aquellos m\u00e9ritos alegados, y debidamente acreditados, obtenidos con anterioridad a la finalizaci\u00f3n del plazo de presentaci\u00f3n de solicitudes.<\/strong><\/span><\/p>\n<p id=\"doi1\"><span style=\"text-decoration: underline;\"><span style=\"color: #3c48a9;\"><strong><span style=\"font-family: arial, helvetica, sans-serif;\">Contacto<\/span><\/strong><\/span><\/span><br \/>\n<span style=\"font-family: arial, helvetica, sans-serif;\"><strong>Tel\u00e9fonos<\/strong>: 91 506 57 16 \u2013 91 506 56 21 (Horario de atenci\u00f3n telef\u00f3nica: de lunes a viernes, de 10:00 a 14:00 horas)<\/span><\/p>\n<div class=\"cte\">\n<p class=\"ta-justify\"><strong><span style=\"font-family: arial, helvetica, sans-serif;\">Correos electr\u00f3nicos<\/span><\/strong><\/p>\n<ul>\n<li class=\"ta-justify\"><span style=\"font-family: arial, helvetica, sans-serif;\">Asuntos relativos a la gesti\u00f3n de la convocatoria, atendido por personal del <strong>Ministerio:<\/strong> <a title=\"External, opens in a new window.\" href=\"mailto:secciones.bilingues@educacion.gob.es?subject=Secciones%20Biling%C3%BCes%20en%20Bulgaria\" target=\"_blank\" rel=\"external noopener\">secciones.bilingues@educacion.gob.es<\/a><\/span><\/li>\n<li class=\"ta-justify\"><span style=\"font-family: arial, helvetica, sans-serif;\">Consultas o incidencias relacionadas con la aplicaci\u00f3n <strong>PROFEX 2:<\/strong> <a title=\"External, opens in a new window.\" href=\"mailto:profex.soporte@educacion.gob.es?subject=Incidencia%20Profex\" target=\"_blank\" rel=\"external noopener\">profex.soporte@educacion.gob.es<\/a><\/span><\/li>\n<li><span style=\"font-family: arial, helvetica, sans-serif;\">Asuntos relativos a <strong>Bulgaria:<\/strong> <a title=\"External, opens in a new window.\" href=\"mailto:consejeria.bg@educacion.gob.es\" target=\"_blank\" rel=\"external noopener\">consejeria.bg@educacion.gob.es<\/a><\/span><\/li>\n<li><span style=\"font-family: arial, helvetica, sans-serif;\">Asuntos relativos a <strong>China:<\/strong> <a href=\"mailto:consejeria.cn@educacion.gob.es?subject=Secciones%20Biling%C3%BCes%20en%20China\">consejeria.cn@educacion.gob.es<\/a>.<\/span><\/li>\n<li><span style=\"font-family: arial, helvetica, sans-serif;\">Asuntos relativos a <strong>Hungr\u00eda:<\/strong> <a href=\"mailto:agregaduria.hu@educacion.gob.es.?subject=Secciones%20Biling%C3%BCes%20en%20Hungr%C3%ADa\">agregaduria.hu@educacion.gob.es.<\/a>.<\/span><\/li>\n<li><span style=\"font-family: arial, helvetica, sans-serif;\">Asuntos relativos a <strong>Eslovaquia:<\/strong> <a href=\"mailto:agregaduria.sk@educacion.gob.es?subject=Secciones%20Biling%C3%BCes%20en%20Eslovaquia\">agregaduria.sk@educacion.gob.es<\/a>.<\/span><\/li>\n<li><span style=\"font-family: arial, helvetica, sans-serif;\">Asuntos relativos a <strong>Estonia:<\/strong> <a href=\"mailto:asesoria.balticos@educacion.gob.es?subject=Secciones%20Biling%C3%BCes%20en%20Estonia\">asesoria.balticos@educacion.gob.es<\/a><\/span><\/li>\n<li><span style=\"font-family: arial, helvetica, sans-serif;\">Asuntos relativos a <strong>Polonia:<\/strong> <a href=\"mailto:consejeria.pl@educacion.gob.es?subject=Secciones%20Biling%C3%BCes%20en%20Polonia\">consejeria.pl@educacion.gob.es<\/a>.<\/span><\/li>\n<li><span style=\"font-family: arial, helvetica, sans-serif;\">Asuntos relativos a la <strong>Rep\u00fablica Checa:<\/strong> <a href=\"mailto:agregaduria.cz@educacion.gob.es?subject=Secciones%20Biling%C3%BCes%20en%20Rep%C3%BAblica%20Checa\">agregaduria.cz@educacion.gob.es<\/a>.<\/span><\/li>\n<li><span style=\"font-family: arial, helvetica, sans-serif;\">Asuntos relativos a <strong>Ruman\u00eda y Moldavia:<\/strong> <a href=\"mailto:agregaduria.ro@educacion.gob.es?subject=Secciones%20Biling%C3%BCes%20en%20Ruman%C3%ADa%20y%20Moldavia\">agregaduria.ro@educacion.gob.es<\/a>.<\/span><\/li>\n<li><span style=\"font-family: arial, helvetica, sans-serif;\">Asuntos relativos a <strong>Rusia:<\/strong> <a href=\"mailto:agregaduria.ru@educacion.gob.es?subject=Secciones%20Biling%C3%BCes%20en%20Rusia\">agregaduria.ru@educacion.gob.es<\/a>.<\/span><\/li>\n<\/ul>\n<p><a href=\"https:\/\/www.educacionfpydeportes.gob.es\/en\/servicios-al-ciudadano\/catalogo\/general\/05\/055065\/ficha\/055065-2026.html\"><span style=\"font-family: arial, helvetica, sans-serif;\">DISPONES DE TODA LA INFORMACI\u00d3N EN ESTE ENLACE<\/span><\/a><\/p>\n<\/div>\n","protected":false},"excerpt":{"rendered":"<p>Extracto de Resoluci\u00f3n y Resoluci\u00f3n de 22 de abril de 2026 de la Subsecretar\u00eda del Ministerio de Educaci\u00f3n, Formaci\u00f3n Profesional &#8230; <a title=\"MEFP: Profesores en secciones biling\u00fces de espa\u00f1ol en Europa central, oriental y China 26\/27.\" class=\"read-more\" href=\"https:\/\/sidimurcia.org\/index.php\/2026\/04\/27\/mefp-profesores-en-secciones-bilingues-de-espanol-en-europa-central-oriental-y-china-26-27\/\" aria-label=\"Leer m\u00e1s sobre MEFP: Profesores en secciones biling\u00fces de espa\u00f1ol en Europa central, oriental y China 26\/27.\">Leer mas<\/a><\/p>\n","protected":false},"author":2,"featured_media":0,"comment_status":"closed","ping_status":"closed","sticky":false,"template":"","format":"standard","meta":{"footnotes":""},"categories":[4,83],"tags":[],"class_list":["post-28205","post","type-post","status-publish","format-standard","hentry","category-bolsa-extraordinaria","category-convocatoria-otros-paises"],"yoast_head":"<!-- This site is optimized with the Yoast SEO plugin v27.2 - https:\/\/yoast.com\/product\/yoast-seo-wordpress\/ -->\n<title>MEFP: Profesores en secciones biling\u00fces de espa\u00f1ol en Europa central, oriental y China 26\/27. - SIDI<\/title>\n<meta name=\"description\" content=\"Sindicato Independiente de Docentes. Funcionarios e Interinos. Afiliaci\u00f3n 1eur\/mes. Defendemos la educaci\u00f3n p\u00fablica.\" \/>\n<meta name=\"robots\" content=\"index, follow, max-snippet:-1, max-image-preview:large, max-video-preview:-1\" \/>\n<link rel=\"canonical\" href=\"https:\/\/sidimurcia.org\/index.php\/2026\/04\/27\/mefp-profesores-en-secciones-bilingues-de-espanol-en-europa-central-oriental-y-china-26-27\/\" \/>\n<meta property=\"og:locale\" content=\"es_ES\" \/>\n<meta property=\"og:type\" content=\"article\" \/>\n<meta property=\"og:title\" content=\"MEFP: Profesores en secciones biling\u00fces de espa\u00f1ol en Europa central, oriental y China 26\/27. - SIDI\" \/>\n<meta property=\"og:description\" content=\"Sindicato Independiente de Docentes. Funcionarios e Interinos. Afiliaci\u00f3n 1eur\/mes. Defendemos la educaci\u00f3n p\u00fablica.\" \/>\n<meta property=\"og:url\" content=\"https:\/\/sidimurcia.org\/index.php\/2026\/04\/27\/mefp-profesores-en-secciones-bilingues-de-espanol-en-europa-central-oriental-y-china-26-27\/\" \/>\n<meta property=\"og:site_name\" content=\"SIDI\" \/>\n<meta property=\"article:publisher\" content=\"https:\/\/es-es.facebook.com\/sidi.sindicatodedocentes\" \/>\n<meta property=\"article:published_time\" content=\"2026-04-27T10:16:08+00:00\" \/>\n<meta property=\"article:modified_time\" content=\"2026-04-27T10:17:23+00:00\" \/>\n<meta name=\"author\" content=\"Jose Luis Torrente\" \/>\n<meta name=\"twitter:card\" content=\"summary_large_image\" \/>\n<meta name=\"twitter:creator\" content=\"@SIDIMURCIA\" \/>\n<meta name=\"twitter:site\" content=\"@SIDIMURCIA\" \/>\n<meta name=\"twitter:label1\" content=\"Escrito por\" \/>\n\t<meta name=\"twitter:data1\" content=\"Jose Luis Torrente\" \/>\n\t<meta name=\"twitter:label2\" content=\"Tiempo de lectura\" \/>\n\t<meta name=\"twitter:data2\" content=\"4 minutos\" \/>\n<script type=\"application\/ld+json\" class=\"yoast-schema-graph\">{\"@context\":\"https:\/\/schema.org\",\"@graph\":[{\"@type\":\"Article\",\"@id\":\"https:\/\/sidimurcia.org\/index.php\/2026\/04\/27\/mefp-profesores-en-secciones-bilingues-de-espanol-en-europa-central-oriental-y-china-26-27\/#article\",\"isPartOf\":{\"@id\":\"https:\/\/sidimurcia.org\/index.php\/2026\/04\/27\/mefp-profesores-en-secciones-bilingues-de-espanol-en-europa-central-oriental-y-china-26-27\/\"},\"author\":{\"name\":\"Jose Luis Torrente\",\"@id\":\"https:\/\/sidimurcia.org\/#\/schema\/person\/3f3207f88fb267669a31f8f46f76f86c\"},\"headline\":\"MEFP: Profesores en secciones biling\u00fces de espa\u00f1ol en Europa central, oriental y China 26\/27.\",\"datePublished\":\"2026-04-27T10:16:08+00:00\",\"dateModified\":\"2026-04-27T10:17:23+00:00\",\"mainEntityOfPage\":{\"@id\":\"https:\/\/sidimurcia.org\/index.php\/2026\/04\/27\/mefp-profesores-en-secciones-bilingues-de-espanol-en-europa-central-oriental-y-china-26-27\/\"},\"wordCount\":748,\"publisher\":{\"@id\":\"https:\/\/sidimurcia.org\/#organization\"},\"articleSection\":[\"Bolsa Extraordinaria\",\"Convocatoria otros paises\"],\"inLanguage\":\"es\"},{\"@type\":\"WebPage\",\"@id\":\"https:\/\/sidimurcia.org\/index.php\/2026\/04\/27\/mefp-profesores-en-secciones-bilingues-de-espanol-en-europa-central-oriental-y-china-26-27\/\",\"url\":\"https:\/\/sidimurcia.org\/index.php\/2026\/04\/27\/mefp-profesores-en-secciones-bilingues-de-espanol-en-europa-central-oriental-y-china-26-27\/\",\"name\":\"MEFP: Profesores en secciones biling\u00fces de espa\u00f1ol en Europa central, oriental y China 26\/27. - SIDI\",\"isPartOf\":{\"@id\":\"https:\/\/sidimurcia.org\/#website\"},\"datePublished\":\"2026-04-27T10:16:08+00:00\",\"dateModified\":\"2026-04-27T10:17:23+00:00\",\"description\":\"Sindicato Independiente de Docentes. Funcionarios e Interinos. Afiliaci\u00f3n 1eur\/mes. Defendemos la educaci\u00f3n p\u00fablica.\",\"breadcrumb\":{\"@id\":\"https:\/\/sidimurcia.org\/index.php\/2026\/04\/27\/mefp-profesores-en-secciones-bilingues-de-espanol-en-europa-central-oriental-y-china-26-27\/#breadcrumb\"},\"inLanguage\":\"es\",\"potentialAction\":[{\"@type\":\"ReadAction\",\"target\":[\"https:\/\/sidimurcia.org\/index.php\/2026\/04\/27\/mefp-profesores-en-secciones-bilingues-de-espanol-en-europa-central-oriental-y-china-26-27\/\"]}]},{\"@type\":\"BreadcrumbList\",\"@id\":\"https:\/\/sidimurcia.org\/index.php\/2026\/04\/27\/mefp-profesores-en-secciones-bilingues-de-espanol-en-europa-central-oriental-y-china-26-27\/#breadcrumb\",\"itemListElement\":[{\"@type\":\"ListItem\",\"position\":1,\"name\":\"Portada\",\"item\":\"https:\/\/sidimurcia.org\/\"},{\"@type\":\"ListItem\",\"position\":2,\"name\":\"MEFP: Profesores en secciones biling\u00fces de espa\u00f1ol en Europa central, oriental y China 26\/27.\"}]},{\"@type\":\"WebSite\",\"@id\":\"https:\/\/sidimurcia.org\/#website\",\"url\":\"https:\/\/sidimurcia.org\/\",\"name\":\"SIDI\",\"description\":\"Sindicato Independiente de Docentes\",\"publisher\":{\"@id\":\"https:\/\/sidimurcia.org\/#organization\"},\"potentialAction\":[{\"@type\":\"SearchAction\",\"target\":{\"@type\":\"EntryPoint\",\"urlTemplate\":\"https:\/\/sidimurcia.org\/?s={search_term_string}\"},\"query-input\":{\"@type\":\"PropertyValueSpecification\",\"valueRequired\":true,\"valueName\":\"search_term_string\"}}],\"inLanguage\":\"es\"},{\"@type\":\"Organization\",\"@id\":\"https:\/\/sidimurcia.org\/#organization\",\"name\":\"Sindicato Independiente de Docentes - SIDI\",\"url\":\"https:\/\/sidimurcia.org\/\",\"logo\":{\"@type\":\"ImageObject\",\"inLanguage\":\"es\",\"@id\":\"https:\/\/sidimurcia.org\/#\/schema\/logo\/image\/\",\"url\":\"https:\/\/sidimurcia.org\/wp-content\/uploads\/cropped-PARAPESTANAWEB-1.jpg\",\"contentUrl\":\"https:\/\/sidimurcia.org\/wp-content\/uploads\/cropped-PARAPESTANAWEB-1.jpg\",\"width\":512,\"height\":512,\"caption\":\"Sindicato Independiente de Docentes - SIDI\"},\"image\":{\"@id\":\"https:\/\/sidimurcia.org\/#\/schema\/logo\/image\/\"},\"sameAs\":[\"https:\/\/es-es.facebook.com\/sidi.sindicatodedocentes\",\"https:\/\/x.com\/SIDIMURCIA\",\"https:\/\/www.instagram.com\/sidi_murcia\/\",\"https:\/\/www.youtube.com\/channel\/UCwwdL3uFtDKJdbOfmC70wIQ\"]},{\"@type\":\"Person\",\"@id\":\"https:\/\/sidimurcia.org\/#\/schema\/person\/3f3207f88fb267669a31f8f46f76f86c\",\"name\":\"Jose Luis Torrente\",\"image\":{\"@type\":\"ImageObject\",\"inLanguage\":\"es\",\"@id\":\"https:\/\/secure.gravatar.com\/avatar\/8ac4c0d28cf03f62a37681e633afaf3faec3a7bd495cdfb9b6a7ec6cf281b29c?s=96&d=mm&r=g\",\"url\":\"https:\/\/secure.gravatar.com\/avatar\/8ac4c0d28cf03f62a37681e633afaf3faec3a7bd495cdfb9b6a7ec6cf281b29c?s=96&d=mm&r=g\",\"contentUrl\":\"https:\/\/secure.gravatar.com\/avatar\/8ac4c0d28cf03f62a37681e633afaf3faec3a7bd495cdfb9b6a7ec6cf281b29c?s=96&d=mm&r=g\",\"caption\":\"Jose Luis Torrente\"},\"url\":\"https:\/\/sidimurcia.org\/index.php\/author\/joseltorrente\/\"}]}<\/script>\n<!-- \/ Yoast SEO plugin. -->","yoast_head_json":{"title":"MEFP: Profesores en secciones biling\u00fces de espa\u00f1ol en Europa central, oriental y China 26\/27. - SIDI","description":"Sindicato Independiente de Docentes. Funcionarios e Interinos. Afiliaci\u00f3n 1eur\/mes. Defendemos la educaci\u00f3n p\u00fablica.","robots":{"index":"index","follow":"follow","max-snippet":"max-snippet:-1","max-image-preview":"max-image-preview:large","max-video-preview":"max-video-preview:-1"},"canonical":"https:\/\/sidimurcia.org\/index.php\/2026\/04\/27\/mefp-profesores-en-secciones-bilingues-de-espanol-en-europa-central-oriental-y-china-26-27\/","og_locale":"es_ES","og_type":"article","og_title":"MEFP: Profesores en secciones biling\u00fces de espa\u00f1ol en Europa central, oriental y China 26\/27. - SIDI","og_description":"Sindicato Independiente de Docentes. Funcionarios e Interinos. Afiliaci\u00f3n 1eur\/mes. Defendemos la educaci\u00f3n p\u00fablica.","og_url":"https:\/\/sidimurcia.org\/index.php\/2026\/04\/27\/mefp-profesores-en-secciones-bilingues-de-espanol-en-europa-central-oriental-y-china-26-27\/","og_site_name":"SIDI","article_publisher":"https:\/\/es-es.facebook.com\/sidi.sindicatodedocentes","article_published_time":"2026-04-27T10:16:08+00:00","article_modified_time":"2026-04-27T10:17:23+00:00","author":"Jose Luis Torrente","twitter_card":"summary_large_image","twitter_creator":"@SIDIMURCIA","twitter_site":"@SIDIMURCIA","twitter_misc":{"Escrito por":"Jose Luis Torrente","Tiempo de lectura":"4 minutos"},"schema":{"@context":"https:\/\/schema.org","@graph":[{"@type":"Article","@id":"https:\/\/sidimurcia.org\/index.php\/2026\/04\/27\/mefp-profesores-en-secciones-bilingues-de-espanol-en-europa-central-oriental-y-china-26-27\/#article","isPartOf":{"@id":"https:\/\/sidimurcia.org\/index.php\/2026\/04\/27\/mefp-profesores-en-secciones-bilingues-de-espanol-en-europa-central-oriental-y-china-26-27\/"},"author":{"name":"Jose Luis Torrente","@id":"https:\/\/sidimurcia.org\/#\/schema\/person\/3f3207f88fb267669a31f8f46f76f86c"},"headline":"MEFP: Profesores en secciones biling\u00fces de espa\u00f1ol en Europa central, oriental y China 26\/27.","datePublished":"2026-04-27T10:16:08+00:00","dateModified":"2026-04-27T10:17:23+00:00","mainEntityOfPage":{"@id":"https:\/\/sidimurcia.org\/index.php\/2026\/04\/27\/mefp-profesores-en-secciones-bilingues-de-espanol-en-europa-central-oriental-y-china-26-27\/"},"wordCount":748,"publisher":{"@id":"https:\/\/sidimurcia.org\/#organization"},"articleSection":["Bolsa Extraordinaria","Convocatoria otros paises"],"inLanguage":"es"},{"@type":"WebPage","@id":"https:\/\/sidimurcia.org\/index.php\/2026\/04\/27\/mefp-profesores-en-secciones-bilingues-de-espanol-en-europa-central-oriental-y-china-26-27\/","url":"https:\/\/sidimurcia.org\/index.php\/2026\/04\/27\/mefp-profesores-en-secciones-bilingues-de-espanol-en-europa-central-oriental-y-china-26-27\/","name":"MEFP: Profesores en secciones biling\u00fces de espa\u00f1ol en Europa central, oriental y China 26\/27. - SIDI","isPartOf":{"@id":"https:\/\/sidimurcia.org\/#website"},"datePublished":"2026-04-27T10:16:08+00:00","dateModified":"2026-04-27T10:17:23+00:00","description":"Sindicato Independiente de Docentes. Funcionarios e Interinos. Afiliaci\u00f3n 1eur\/mes. Defendemos la educaci\u00f3n p\u00fablica.","breadcrumb":{"@id":"https:\/\/sidimurcia.org\/index.php\/2026\/04\/27\/mefp-profesores-en-secciones-bilingues-de-espanol-en-europa-central-oriental-y-china-26-27\/#breadcrumb"},"inLanguage":"es","potentialAction":[{"@type":"ReadAction","target":["https:\/\/sidimurcia.org\/index.php\/2026\/04\/27\/mefp-profesores-en-secciones-bilingues-de-espanol-en-europa-central-oriental-y-china-26-27\/"]}]},{"@type":"BreadcrumbList","@id":"https:\/\/sidimurcia.org\/index.php\/2026\/04\/27\/mefp-profesores-en-secciones-bilingues-de-espanol-en-europa-central-oriental-y-china-26-27\/#breadcrumb","itemListElement":[{"@type":"ListItem","position":1,"name":"Portada","item":"https:\/\/sidimurcia.org\/"},{"@type":"ListItem","position":2,"name":"MEFP: Profesores en secciones biling\u00fces de espa\u00f1ol en Europa central, oriental y China 26\/27."}]},{"@type":"WebSite","@id":"https:\/\/sidimurcia.org\/#website","url":"https:\/\/sidimurcia.org\/","name":"SIDI","description":"Sindicato Independiente de Docentes","publisher":{"@id":"https:\/\/sidimurcia.org\/#organization"},"potentialAction":[{"@type":"SearchAction","target":{"@type":"EntryPoint","urlTemplate":"https:\/\/sidimurcia.org\/?s={search_term_string}"},"query-input":{"@type":"PropertyValueSpecification","valueRequired":true,"valueName":"search_term_string"}}],"inLanguage":"es"},{"@type":"Organization","@id":"https:\/\/sidimurcia.org\/#organization","name":"Sindicato Independiente de Docentes - SIDI","url":"https:\/\/sidimurcia.org\/","logo":{"@type":"ImageObject","inLanguage":"es","@id":"https:\/\/sidimurcia.org\/#\/schema\/logo\/image\/","url":"https:\/\/sidimurcia.org\/wp-content\/uploads\/cropped-PARAPESTANAWEB-1.jpg","contentUrl":"https:\/\/sidimurcia.org\/wp-content\/uploads\/cropped-PARAPESTANAWEB-1.jpg","width":512,"height":512,"caption":"Sindicato Independiente de Docentes - SIDI"},"image":{"@id":"https:\/\/sidimurcia.org\/#\/schema\/logo\/image\/"},"sameAs":["https:\/\/es-es.facebook.com\/sidi.sindicatodedocentes","https:\/\/x.com\/SIDIMURCIA","https:\/\/www.instagram.com\/sidi_murcia\/","https:\/\/www.youtube.com\/channel\/UCwwdL3uFtDKJdbOfmC70wIQ"]},{"@type":"Person","@id":"https:\/\/sidimurcia.org\/#\/schema\/person\/3f3207f88fb267669a31f8f46f76f86c","name":"Jose Luis Torrente","image":{"@type":"ImageObject","inLanguage":"es","@id":"https:\/\/secure.gravatar.com\/avatar\/8ac4c0d28cf03f62a37681e633afaf3faec3a7bd495cdfb9b6a7ec6cf281b29c?s=96&d=mm&r=g","url":"https:\/\/secure.gravatar.com\/avatar\/8ac4c0d28cf03f62a37681e633afaf3faec3a7bd495cdfb9b6a7ec6cf281b29c?s=96&d=mm&r=g","contentUrl":"https:\/\/secure.gravatar.com\/avatar\/8ac4c0d28cf03f62a37681e633afaf3faec3a7bd495cdfb9b6a7ec6cf281b29c?s=96&d=mm&r=g","caption":"Jose Luis Torrente"},"url":"https:\/\/sidimurcia.org\/index.php\/author\/joseltorrente\/"}]}},"_links":{"self":[{"href":"https:\/\/sidimurcia.org\/index.php\/wp-json\/wp\/v2\/posts\/28205","targetHints":{"allow":["GET"]}}],"collection":[{"href":"https:\/\/sidimurcia.org\/index.php\/wp-json\/wp\/v2\/posts"}],"about":[{"href":"https:\/\/sidimurcia.org\/index.php\/wp-json\/wp\/v2\/types\/post"}],"author":[{"embeddable":true,"href":"https:\/\/sidimurcia.org\/index.php\/wp-json\/wp\/v2\/users\/2"}],"replies":[{"embeddable":true,"href":"https:\/\/sidimurcia.org\/index.php\/wp-json\/wp\/v2\/comments?post=28205"}],"version-history":[{"count":5,"href":"https:\/\/sidimurcia.org\/index.php\/wp-json\/wp\/v2\/posts\/28205\/revisions"}],"predecessor-version":[{"id":28210,"href":"https:\/\/sidimurcia.org\/index.php\/wp-json\/wp\/v2\/posts\/28205\/revisions\/28210"}],"wp:attachment":[{"href":"https:\/\/sidimurcia.org\/index.php\/wp-json\/wp\/v2\/media?parent=28205"}],"wp:term":[{"taxonomy":"category","embeddable":true,"href":"https:\/\/sidimurcia.org\/index.php\/wp-json\/wp\/v2\/categories?post=28205"},{"taxonomy":"post_tag","embeddable":true,"href":"https:\/\/sidimurcia.org\/index.php\/wp-json\/wp\/v2\/tags?post=28205"}],"curies":[{"name":"wp","href":"https:\/\/api.w.org\/{rel}","templated":true}]}}