{"id":28235,"date":"2026-04-29T06:52:54","date_gmt":"2026-04-29T06:52:54","guid":{"rendered":"https:\/\/sidimurcia.org\/?p=28235"},"modified":"2026-04-29T08:40:37","modified_gmt":"2026-04-29T08:40:37","slug":"sidi-exige-al-consejero-de-educacion-una-solucion-para-el-alumnado-con-necesidades-farmacologicas-y-tecnicas-medicas-complejas","status":"publish","type":"post","link":"https:\/\/sidimurcia.org\/index.php\/2026\/04\/29\/sidi-exige-al-consejero-de-educacion-una-solucion-para-el-alumnado-con-necesidades-farmacologicas-y-tecnicas-medicas-complejas\/","title":{"rendered":"SIDI exige al Consejero de Educaci\u00f3n una soluci\u00f3n para el alumnado con necesidades farmacol\u00f3gicas y t\u00e9cnicas m\u00e9dicas complejas."},"content":{"rendered":"<p style=\"text-align: justify;\"><span style=\"font-family: arial, helvetica, sans-serif;\">A\/A SR. CONSEJERO DE EDUCACI\u00d3N<\/span><\/p>\n<p style=\"text-align: justify;\"><span style=\"font-family: arial, helvetica, sans-serif;\">El Secretario General del Sindicato SIDI, actuando en nombre y representaci\u00f3n del Sindicato Independiente de Docentes (SIDI- G73213829), con domicilio a efectos de notificaciones en C\/ Vinader n\u00ba 1, entlo. Izquierda, 30004 (Murcia), ante la Consejer\u00eda de Educaci\u00f3n de Murcia, como mejor proceda en Derecho, DICE:<\/span><\/p>\n<p style=\"text-align: justify;\"><span style=\"font-family: arial, helvetica, sans-serif;\">Que este sindicato ha intensificado las visitas a los centros educativos p\u00fablicos de la Regi\u00f3n de Murcia.<\/span><\/p>\n<p style=\"text-align: justify;\"><span style=\"font-family: arial, helvetica, sans-serif;\">Que tanto los equipos directivos como docentes nos indican el gran incremento de alumnado con problemas m\u00e9dicos graves que requieren administraci\u00f3n m\u00e9dica o aplicaci\u00f3n de t\u00e9cnicas m\u00e9dicas por parte del profesorado.<\/span><\/p>\n<p style=\"text-align: justify;\"><span style=\"font-family: arial, helvetica, sans-serif;\">Que estas actuaciones las hacen con una gran sensaci\u00f3n de indefensi\u00f3n, ya que, si sucediese algo grave al alumno, la situaci\u00f3n para el docente no es conocida y temen cualquier represalia jur\u00eddica y social.<\/span><\/p>\n<p style=\"text-align: justify;\"><span style=\"font-family: arial, helvetica, sans-serif;\">Que el nivel burocr\u00e1tico y las propias tareas educativas hacen muy dif\u00edcil la asunci\u00f3n por parte de los docentes de nuevas tareas m\u00e9dicas para las que adem\u00e1s ni est\u00e1n cualificados ni preparados para las mismas asumiendo por exigencia de esta administraci\u00f3n funciones que no son inherentes a sus capacidades profesionales por lo que de ocurrir alg\u00fan siniestro grave la responsabilidad ser\u00e1 de esta Consejer\u00eda y en concreto de su titular.<\/span><\/p>\n<p style=\"text-align: justify;\"><span style=\"font-family: arial, helvetica, sans-serif;\">Por todo ello, SOLICITO que, se realice un cat\u00e1logo en los centros educativos de alumnos\/as con estas necesidades de intervenci\u00f3n m\u00e9dica\/farmacol\u00f3gica de tal forma que se realicen contrataciones de personal sanitario para cubrir todas estas necesidades.<\/span><\/p>\n<p style=\"text-align: justify;\"><span style=\"font-family: arial, helvetica, sans-serif;\">SIDI siempre ha defendido la contrataci\u00f3n de personal de enfermer\u00eda con cargo a los presupuestos de SANIDAD.<\/span><\/p>\n<ul>\n<li><span style=\"font-family: arial, helvetica, sans-serif;\"><a href=\"https:\/\/drive.google.com\/file\/d\/1rbGjSgXDJ4SsLm-jHUjycQc5O53viGU3\/view?usp=sharing\">ESCRITO SIDI<\/a><\/span><\/li>\n<\/ul>\n<hr \/>\n<p><span style=\"font-family: arial, helvetica, sans-serif;\">LA NOTICIA EN LOS MEDIOS:<\/span><\/p>\n<ul>\n<li><span style=\"font-family: arial, helvetica, sans-serif;\">MURCIAACTUALIDAD: <a href=\"https:\/\/murciaactualidad.com\/sidi-exige-a-educacion-personal-sanitario-en-centros-escolares-para-atender-a-alumnos-con-necesidades-medicas-complejas\/\">SIDI exige a Educaci\u00f3n personal sanitario en centros escolares para atender a alumnos con necesidades m\u00e9dicas complejas.<\/a><\/span><\/li>\n<\/ul>\n<p>&nbsp;<\/p>\n","protected":false},"excerpt":{"rendered":"<p>A\/A SR. CONSEJERO DE EDUCACI\u00d3N El Secretario General del Sindicato SIDI, actuando en nombre y representaci\u00f3n del Sindicato Independiente de &#8230; <a title=\"SIDI exige al Consejero de Educaci\u00f3n una soluci\u00f3n para el alumnado con necesidades farmacol\u00f3gicas y t\u00e9cnicas m\u00e9dicas complejas.\" class=\"read-more\" href=\"https:\/\/sidimurcia.org\/index.php\/2026\/04\/29\/sidi-exige-al-consejero-de-educacion-una-solucion-para-el-alumnado-con-necesidades-farmacologicas-y-tecnicas-medicas-complejas\/\" aria-label=\"Leer m\u00e1s sobre SIDI exige al Consejero de Educaci\u00f3n una soluci\u00f3n para el alumnado con necesidades farmacol\u00f3gicas y t\u00e9cnicas m\u00e9dicas complejas.\">Leer mas<\/a><\/p>\n","protected":false},"author":3,"featured_media":0,"comment_status":"closed","ping_status":"closed","sticky":false,"template":"","format":"standard","meta":{"footnotes":""},"categories":[21],"tags":[],"class_list":["post-28235","post","type-post","status-publish","format-standard","hentry","category-accion-sindical"],"yoast_head":"<!-- This site is optimized with the Yoast SEO plugin v27.2 - https:\/\/yoast.com\/product\/yoast-seo-wordpress\/ -->\n<title>SIDI exige al Consejero de Educaci\u00f3n una soluci\u00f3n para el alumnado con necesidades farmacol\u00f3gicas y t\u00e9cnicas m\u00e9dicas complejas. - SIDI<\/title>\n<meta name=\"description\" content=\"Sindicato Independiente de Docentes. Funcionarios e Interinos. Afiliaci\u00f3n 1eur\/mes. Defendemos la educaci\u00f3n p\u00fablica.\" \/>\n<meta name=\"robots\" content=\"index, follow, max-snippet:-1, max-image-preview:large, max-video-preview:-1\" \/>\n<link rel=\"canonical\" href=\"https:\/\/sidimurcia.org\/index.php\/2026\/04\/29\/sidi-exige-al-consejero-de-educacion-una-solucion-para-el-alumnado-con-necesidades-farmacologicas-y-tecnicas-medicas-complejas\/\" \/>\n<meta property=\"og:locale\" content=\"es_ES\" \/>\n<meta property=\"og:type\" content=\"article\" \/>\n<meta property=\"og:title\" content=\"SIDI exige al Consejero de Educaci\u00f3n una soluci\u00f3n para el alumnado con necesidades farmacol\u00f3gicas y t\u00e9cnicas m\u00e9dicas complejas. - SIDI\" \/>\n<meta property=\"og:description\" content=\"Sindicato Independiente de Docentes. Funcionarios e Interinos. Afiliaci\u00f3n 1eur\/mes. Defendemos la educaci\u00f3n p\u00fablica.\" \/>\n<meta property=\"og:url\" content=\"https:\/\/sidimurcia.org\/index.php\/2026\/04\/29\/sidi-exige-al-consejero-de-educacion-una-solucion-para-el-alumnado-con-necesidades-farmacologicas-y-tecnicas-medicas-complejas\/\" \/>\n<meta property=\"og:site_name\" content=\"SIDI\" \/>\n<meta property=\"article:publisher\" content=\"https:\/\/es-es.facebook.com\/sidi.sindicatodedocentes\" \/>\n<meta property=\"article:published_time\" content=\"2026-04-29T06:52:54+00:00\" \/>\n<meta property=\"article:modified_time\" content=\"2026-04-29T08:40:37+00:00\" \/>\n<meta name=\"author\" content=\"Chema\" \/>\n<meta name=\"twitter:card\" content=\"summary_large_image\" \/>\n<meta name=\"twitter:creator\" content=\"@SIDIMURCIA\" \/>\n<meta name=\"twitter:site\" content=\"@SIDIMURCIA\" \/>\n<meta name=\"twitter:label1\" content=\"Escrito por\" \/>\n\t<meta name=\"twitter:data1\" content=\"Chema\" \/>\n\t<meta name=\"twitter:label2\" content=\"Tiempo de lectura\" \/>\n\t<meta name=\"twitter:data2\" content=\"2 minutos\" \/>\n<script type=\"application\/ld+json\" class=\"yoast-schema-graph\">{\"@context\":\"https:\/\/schema.org\",\"@graph\":[{\"@type\":\"Article\",\"@id\":\"https:\/\/sidimurcia.org\/index.php\/2026\/04\/29\/sidi-exige-al-consejero-de-educacion-una-solucion-para-el-alumnado-con-necesidades-farmacologicas-y-tecnicas-medicas-complejas\/#article\",\"isPartOf\":{\"@id\":\"https:\/\/sidimurcia.org\/index.php\/2026\/04\/29\/sidi-exige-al-consejero-de-educacion-una-solucion-para-el-alumnado-con-necesidades-farmacologicas-y-tecnicas-medicas-complejas\/\"},\"author\":{\"name\":\"Chema\",\"@id\":\"https:\/\/sidimurcia.org\/#\/schema\/person\/8a9f1b45768a9c5d6a33988310dcf460\"},\"headline\":\"SIDI exige al Consejero de Educaci\u00f3n una soluci\u00f3n para el alumnado con necesidades farmacol\u00f3gicas y t\u00e9cnicas m\u00e9dicas complejas.\",\"datePublished\":\"2026-04-29T06:52:54+00:00\",\"dateModified\":\"2026-04-29T08:40:37+00:00\",\"mainEntityOfPage\":{\"@id\":\"https:\/\/sidimurcia.org\/index.php\/2026\/04\/29\/sidi-exige-al-consejero-de-educacion-una-solucion-para-el-alumnado-con-necesidades-farmacologicas-y-tecnicas-medicas-complejas\/\"},\"wordCount\":339,\"publisher\":{\"@id\":\"https:\/\/sidimurcia.org\/#organization\"},\"articleSection\":[\"Acci\u00f3n Sindical\"],\"inLanguage\":\"es\"},{\"@type\":\"WebPage\",\"@id\":\"https:\/\/sidimurcia.org\/index.php\/2026\/04\/29\/sidi-exige-al-consejero-de-educacion-una-solucion-para-el-alumnado-con-necesidades-farmacologicas-y-tecnicas-medicas-complejas\/\",\"url\":\"https:\/\/sidimurcia.org\/index.php\/2026\/04\/29\/sidi-exige-al-consejero-de-educacion-una-solucion-para-el-alumnado-con-necesidades-farmacologicas-y-tecnicas-medicas-complejas\/\",\"name\":\"SIDI exige al Consejero de Educaci\u00f3n una soluci\u00f3n para el alumnado con necesidades farmacol\u00f3gicas y t\u00e9cnicas m\u00e9dicas complejas. - SIDI\",\"isPartOf\":{\"@id\":\"https:\/\/sidimurcia.org\/#website\"},\"datePublished\":\"2026-04-29T06:52:54+00:00\",\"dateModified\":\"2026-04-29T08:40:37+00:00\",\"description\":\"Sindicato Independiente de Docentes. Funcionarios e Interinos. Afiliaci\u00f3n 1eur\/mes. Defendemos la educaci\u00f3n p\u00fablica.\",\"breadcrumb\":{\"@id\":\"https:\/\/sidimurcia.org\/index.php\/2026\/04\/29\/sidi-exige-al-consejero-de-educacion-una-solucion-para-el-alumnado-con-necesidades-farmacologicas-y-tecnicas-medicas-complejas\/#breadcrumb\"},\"inLanguage\":\"es\",\"potentialAction\":[{\"@type\":\"ReadAction\",\"target\":[\"https:\/\/sidimurcia.org\/index.php\/2026\/04\/29\/sidi-exige-al-consejero-de-educacion-una-solucion-para-el-alumnado-con-necesidades-farmacologicas-y-tecnicas-medicas-complejas\/\"]}]},{\"@type\":\"BreadcrumbList\",\"@id\":\"https:\/\/sidimurcia.org\/index.php\/2026\/04\/29\/sidi-exige-al-consejero-de-educacion-una-solucion-para-el-alumnado-con-necesidades-farmacologicas-y-tecnicas-medicas-complejas\/#breadcrumb\",\"itemListElement\":[{\"@type\":\"ListItem\",\"position\":1,\"name\":\"Portada\",\"item\":\"https:\/\/sidimurcia.org\/\"},{\"@type\":\"ListItem\",\"position\":2,\"name\":\"SIDI exige al Consejero de Educaci\u00f3n una soluci\u00f3n para el alumnado con necesidades farmacol\u00f3gicas y t\u00e9cnicas m\u00e9dicas complejas.\"}]},{\"@type\":\"WebSite\",\"@id\":\"https:\/\/sidimurcia.org\/#website\",\"url\":\"https:\/\/sidimurcia.org\/\",\"name\":\"SIDI\",\"description\":\"Sindicato Independiente de Docentes\",\"publisher\":{\"@id\":\"https:\/\/sidimurcia.org\/#organization\"},\"potentialAction\":[{\"@type\":\"SearchAction\",\"target\":{\"@type\":\"EntryPoint\",\"urlTemplate\":\"https:\/\/sidimurcia.org\/?s={search_term_string}\"},\"query-input\":{\"@type\":\"PropertyValueSpecification\",\"valueRequired\":true,\"valueName\":\"search_term_string\"}}],\"inLanguage\":\"es\"},{\"@type\":\"Organization\",\"@id\":\"https:\/\/sidimurcia.org\/#organization\",\"name\":\"Sindicato Independiente de Docentes - SIDI\",\"url\":\"https:\/\/sidimurcia.org\/\",\"logo\":{\"@type\":\"ImageObject\",\"inLanguage\":\"es\",\"@id\":\"https:\/\/sidimurcia.org\/#\/schema\/logo\/image\/\",\"url\":\"https:\/\/sidimurcia.org\/wp-content\/uploads\/cropped-PARAPESTANAWEB-1.jpg\",\"contentUrl\":\"https:\/\/sidimurcia.org\/wp-content\/uploads\/cropped-PARAPESTANAWEB-1.jpg\",\"width\":512,\"height\":512,\"caption\":\"Sindicato Independiente de Docentes - SIDI\"},\"image\":{\"@id\":\"https:\/\/sidimurcia.org\/#\/schema\/logo\/image\/\"},\"sameAs\":[\"https:\/\/es-es.facebook.com\/sidi.sindicatodedocentes\",\"https:\/\/x.com\/SIDIMURCIA\",\"https:\/\/www.instagram.com\/sidi_murcia\/\",\"https:\/\/www.youtube.com\/channel\/UCwwdL3uFtDKJdbOfmC70wIQ\"]},{\"@type\":\"Person\",\"@id\":\"https:\/\/sidimurcia.org\/#\/schema\/person\/8a9f1b45768a9c5d6a33988310dcf460\",\"name\":\"Chema\",\"image\":{\"@type\":\"ImageObject\",\"inLanguage\":\"es\",\"@id\":\"https:\/\/secure.gravatar.com\/avatar\/f2a40613aad4815a3895a310125bb3bd29d16a11e1d1772c602cf60a0d0d1e95?s=96&d=mm&r=g\",\"url\":\"https:\/\/secure.gravatar.com\/avatar\/f2a40613aad4815a3895a310125bb3bd29d16a11e1d1772c602cf60a0d0d1e95?s=96&d=mm&r=g\",\"contentUrl\":\"https:\/\/secure.gravatar.com\/avatar\/f2a40613aad4815a3895a310125bb3bd29d16a11e1d1772c602cf60a0d0d1e95?s=96&d=mm&r=g\",\"caption\":\"Chema\"},\"url\":\"https:\/\/sidimurcia.org\/index.php\/author\/josemgonzalez\/\"}]}<\/script>\n<!-- \/ Yoast SEO plugin. -->","yoast_head_json":{"title":"SIDI exige al Consejero de Educaci\u00f3n una soluci\u00f3n para el alumnado con necesidades farmacol\u00f3gicas y t\u00e9cnicas m\u00e9dicas complejas. - SIDI","description":"Sindicato Independiente de Docentes. Funcionarios e Interinos. Afiliaci\u00f3n 1eur\/mes. Defendemos la educaci\u00f3n p\u00fablica.","robots":{"index":"index","follow":"follow","max-snippet":"max-snippet:-1","max-image-preview":"max-image-preview:large","max-video-preview":"max-video-preview:-1"},"canonical":"https:\/\/sidimurcia.org\/index.php\/2026\/04\/29\/sidi-exige-al-consejero-de-educacion-una-solucion-para-el-alumnado-con-necesidades-farmacologicas-y-tecnicas-medicas-complejas\/","og_locale":"es_ES","og_type":"article","og_title":"SIDI exige al Consejero de Educaci\u00f3n una soluci\u00f3n para el alumnado con necesidades farmacol\u00f3gicas y t\u00e9cnicas m\u00e9dicas complejas. - SIDI","og_description":"Sindicato Independiente de Docentes. Funcionarios e Interinos. Afiliaci\u00f3n 1eur\/mes. Defendemos la educaci\u00f3n p\u00fablica.","og_url":"https:\/\/sidimurcia.org\/index.php\/2026\/04\/29\/sidi-exige-al-consejero-de-educacion-una-solucion-para-el-alumnado-con-necesidades-farmacologicas-y-tecnicas-medicas-complejas\/","og_site_name":"SIDI","article_publisher":"https:\/\/es-es.facebook.com\/sidi.sindicatodedocentes","article_published_time":"2026-04-29T06:52:54+00:00","article_modified_time":"2026-04-29T08:40:37+00:00","author":"Chema","twitter_card":"summary_large_image","twitter_creator":"@SIDIMURCIA","twitter_site":"@SIDIMURCIA","twitter_misc":{"Escrito por":"Chema","Tiempo de lectura":"2 minutos"},"schema":{"@context":"https:\/\/schema.org","@graph":[{"@type":"Article","@id":"https:\/\/sidimurcia.org\/index.php\/2026\/04\/29\/sidi-exige-al-consejero-de-educacion-una-solucion-para-el-alumnado-con-necesidades-farmacologicas-y-tecnicas-medicas-complejas\/#article","isPartOf":{"@id":"https:\/\/sidimurcia.org\/index.php\/2026\/04\/29\/sidi-exige-al-consejero-de-educacion-una-solucion-para-el-alumnado-con-necesidades-farmacologicas-y-tecnicas-medicas-complejas\/"},"author":{"name":"Chema","@id":"https:\/\/sidimurcia.org\/#\/schema\/person\/8a9f1b45768a9c5d6a33988310dcf460"},"headline":"SIDI exige al Consejero de Educaci\u00f3n una soluci\u00f3n para el alumnado con necesidades farmacol\u00f3gicas y t\u00e9cnicas m\u00e9dicas complejas.","datePublished":"2026-04-29T06:52:54+00:00","dateModified":"2026-04-29T08:40:37+00:00","mainEntityOfPage":{"@id":"https:\/\/sidimurcia.org\/index.php\/2026\/04\/29\/sidi-exige-al-consejero-de-educacion-una-solucion-para-el-alumnado-con-necesidades-farmacologicas-y-tecnicas-medicas-complejas\/"},"wordCount":339,"publisher":{"@id":"https:\/\/sidimurcia.org\/#organization"},"articleSection":["Acci\u00f3n Sindical"],"inLanguage":"es"},{"@type":"WebPage","@id":"https:\/\/sidimurcia.org\/index.php\/2026\/04\/29\/sidi-exige-al-consejero-de-educacion-una-solucion-para-el-alumnado-con-necesidades-farmacologicas-y-tecnicas-medicas-complejas\/","url":"https:\/\/sidimurcia.org\/index.php\/2026\/04\/29\/sidi-exige-al-consejero-de-educacion-una-solucion-para-el-alumnado-con-necesidades-farmacologicas-y-tecnicas-medicas-complejas\/","name":"SIDI exige al Consejero de Educaci\u00f3n una soluci\u00f3n para el alumnado con necesidades farmacol\u00f3gicas y t\u00e9cnicas m\u00e9dicas complejas. - SIDI","isPartOf":{"@id":"https:\/\/sidimurcia.org\/#website"},"datePublished":"2026-04-29T06:52:54+00:00","dateModified":"2026-04-29T08:40:37+00:00","description":"Sindicato Independiente de Docentes. Funcionarios e Interinos. Afiliaci\u00f3n 1eur\/mes. Defendemos la educaci\u00f3n p\u00fablica.","breadcrumb":{"@id":"https:\/\/sidimurcia.org\/index.php\/2026\/04\/29\/sidi-exige-al-consejero-de-educacion-una-solucion-para-el-alumnado-con-necesidades-farmacologicas-y-tecnicas-medicas-complejas\/#breadcrumb"},"inLanguage":"es","potentialAction":[{"@type":"ReadAction","target":["https:\/\/sidimurcia.org\/index.php\/2026\/04\/29\/sidi-exige-al-consejero-de-educacion-una-solucion-para-el-alumnado-con-necesidades-farmacologicas-y-tecnicas-medicas-complejas\/"]}]},{"@type":"BreadcrumbList","@id":"https:\/\/sidimurcia.org\/index.php\/2026\/04\/29\/sidi-exige-al-consejero-de-educacion-una-solucion-para-el-alumnado-con-necesidades-farmacologicas-y-tecnicas-medicas-complejas\/#breadcrumb","itemListElement":[{"@type":"ListItem","position":1,"name":"Portada","item":"https:\/\/sidimurcia.org\/"},{"@type":"ListItem","position":2,"name":"SIDI exige al Consejero de Educaci\u00f3n una soluci\u00f3n para el alumnado con necesidades farmacol\u00f3gicas y t\u00e9cnicas m\u00e9dicas complejas."}]},{"@type":"WebSite","@id":"https:\/\/sidimurcia.org\/#website","url":"https:\/\/sidimurcia.org\/","name":"SIDI","description":"Sindicato Independiente de Docentes","publisher":{"@id":"https:\/\/sidimurcia.org\/#organization"},"potentialAction":[{"@type":"SearchAction","target":{"@type":"EntryPoint","urlTemplate":"https:\/\/sidimurcia.org\/?s={search_term_string}"},"query-input":{"@type":"PropertyValueSpecification","valueRequired":true,"valueName":"search_term_string"}}],"inLanguage":"es"},{"@type":"Organization","@id":"https:\/\/sidimurcia.org\/#organization","name":"Sindicato Independiente de Docentes - SIDI","url":"https:\/\/sidimurcia.org\/","logo":{"@type":"ImageObject","inLanguage":"es","@id":"https:\/\/sidimurcia.org\/#\/schema\/logo\/image\/","url":"https:\/\/sidimurcia.org\/wp-content\/uploads\/cropped-PARAPESTANAWEB-1.jpg","contentUrl":"https:\/\/sidimurcia.org\/wp-content\/uploads\/cropped-PARAPESTANAWEB-1.jpg","width":512,"height":512,"caption":"Sindicato Independiente de Docentes - SIDI"},"image":{"@id":"https:\/\/sidimurcia.org\/#\/schema\/logo\/image\/"},"sameAs":["https:\/\/es-es.facebook.com\/sidi.sindicatodedocentes","https:\/\/x.com\/SIDIMURCIA","https:\/\/www.instagram.com\/sidi_murcia\/","https:\/\/www.youtube.com\/channel\/UCwwdL3uFtDKJdbOfmC70wIQ"]},{"@type":"Person","@id":"https:\/\/sidimurcia.org\/#\/schema\/person\/8a9f1b45768a9c5d6a33988310dcf460","name":"Chema","image":{"@type":"ImageObject","inLanguage":"es","@id":"https:\/\/secure.gravatar.com\/avatar\/f2a40613aad4815a3895a310125bb3bd29d16a11e1d1772c602cf60a0d0d1e95?s=96&d=mm&r=g","url":"https:\/\/secure.gravatar.com\/avatar\/f2a40613aad4815a3895a310125bb3bd29d16a11e1d1772c602cf60a0d0d1e95?s=96&d=mm&r=g","contentUrl":"https:\/\/secure.gravatar.com\/avatar\/f2a40613aad4815a3895a310125bb3bd29d16a11e1d1772c602cf60a0d0d1e95?s=96&d=mm&r=g","caption":"Chema"},"url":"https:\/\/sidimurcia.org\/index.php\/author\/josemgonzalez\/"}]}},"_links":{"self":[{"href":"https:\/\/sidimurcia.org\/index.php\/wp-json\/wp\/v2\/posts\/28235","targetHints":{"allow":["GET"]}}],"collection":[{"href":"https:\/\/sidimurcia.org\/index.php\/wp-json\/wp\/v2\/posts"}],"about":[{"href":"https:\/\/sidimurcia.org\/index.php\/wp-json\/wp\/v2\/types\/post"}],"author":[{"embeddable":true,"href":"https:\/\/sidimurcia.org\/index.php\/wp-json\/wp\/v2\/users\/3"}],"replies":[{"embeddable":true,"href":"https:\/\/sidimurcia.org\/index.php\/wp-json\/wp\/v2\/comments?post=28235"}],"version-history":[{"count":3,"href":"https:\/\/sidimurcia.org\/index.php\/wp-json\/wp\/v2\/posts\/28235\/revisions"}],"predecessor-version":[{"id":28240,"href":"https:\/\/sidimurcia.org\/index.php\/wp-json\/wp\/v2\/posts\/28235\/revisions\/28240"}],"wp:attachment":[{"href":"https:\/\/sidimurcia.org\/index.php\/wp-json\/wp\/v2\/media?parent=28235"}],"wp:term":[{"taxonomy":"category","embeddable":true,"href":"https:\/\/sidimurcia.org\/index.php\/wp-json\/wp\/v2\/categories?post=28235"},{"taxonomy":"post_tag","embeddable":true,"href":"https:\/\/sidimurcia.org\/index.php\/wp-json\/wp\/v2\/tags?post=28235"}],"curies":[{"name":"wp","href":"https:\/\/api.w.org\/{rel}","templated":true}]}}