{"id":28246,"date":"2026-04-29T10:39:46","date_gmt":"2026-04-29T10:39:46","guid":{"rendered":"https:\/\/sidimurcia.org\/?p=28246"},"modified":"2026-04-29T13:40:51","modified_gmt":"2026-04-29T13:40:51","slug":"nota-informativa-de-la-d-g-de-rrhh-sobre-la-declaracion-del-irpf-2025-y-complementaria-2024","status":"publish","type":"post","link":"https:\/\/sidimurcia.org\/index.php\/2026\/04\/29\/nota-informativa-de-la-d-g-de-rrhh-sobre-la-declaracion-del-irpf-2025-y-complementaria-2024\/","title":{"rendered":"NOTA INFORMATIVA DE LA D.G. DE RRHH SOBRE LA DECLARACI\u00d3N DEL IRPF 2025 Y COMPLEMENTARIA 2024."},"content":{"rendered":"<p style=\"text-align: center;\"><span style=\"font-size: 24px;\"><strong><span style=\"font-family: arial, helvetica, sans-serif; color: #d4458b;\">\u00a1 SIDI EXIGE QUE SE DEPUREN RESPONSABILIDADES !<\/span><\/strong><\/span><\/p>\n<ul>\n<li style=\"text-align: justify;\"><span style=\"font-family: arial, helvetica, sans-serif;\"><a href=\"https:\/\/drive.google.com\/file\/d\/1CEAr69TD-XoNLpQWkWRarbu58LPLd2fM\/view?usp=sharing\"><span style=\"font-size: 20px;\">Escrito de SIDI sobre el error en los certificados de la Renta de 2025.<\/span><\/a><\/span><\/li>\n<li><span style=\"font-family: arial, helvetica, sans-serif;\">MURCIAACTUALIDAD: <a href=\"https:\/\/murciaactualidad.com\/sidi-exige-depurar-responsabilidades-por-errores-en-certificados-del-irpf-que-afectan-a-miles-de-docentes\/\">SIDI exige depurar responsabilidades por errores en certificados del IRPF que afectan a miles de docentes<\/a><\/span><\/li>\n<\/ul>\n<hr \/>\n<p style=\"text-align: center;\"><span style=\"font-family: arial, helvetica, sans-serif;\"><strong>Comunicaci\u00f3n de la Direcci\u00f3n General de Recursos Humanos, Planificaci\u00f3n Educativa e Innovaci\u00f3n<\/strong> <\/span><\/p>\n<ul>\n<li style=\"text-align: justify;\"><span style=\"font-family: arial, helvetica, sans-serif;\"><a href=\"https:\/\/drive.google.com\/file\/d\/1PjmSjW4rawGdYY2PlbAMtdRnHXOnH-Po\/view?usp=sharing\">NOTA INFORMATIVA SOBRE LA DECLARACI\u00d3N DEL IRPF 2025<\/a> <\/span><\/li>\n<\/ul>\n<p style=\"text-align: justify;\"><span style=\"font-family: arial, helvetica, sans-serif;\">Estimado\/a docente informamos de que los ingresos correspondientes a <strong>la subida retributiva del 0,5%, correspondiente al ejercicio 2024 y abonada en la n\u00f3mina de octubre de 2025<\/strong>, <strong>deben computar como ingresos del ejercicio 2025 y no del ejercicio 2024, por lo que el certificado de retenciones e ingresos del 2025 va a ser objeto de modificaci\u00f3n.<\/strong> <\/span><\/p>\n<p style=\"text-align: justify;\"><span style=\"font-family: arial, helvetica, sans-serif;\"><strong>Por esta raz\u00f3n, en los pr\u00f3ximos d\u00edas se generar\u00e1 un nuevo certificado de retenciones e ingresos con los datos correctos<\/strong>. Hasta entonces, el certificado actualmente disponible para su descarga en el procedimiento 4276 de la Sede Electr\u00f3nica no debe utilizarse para la presentaci\u00f3n de la declaraci\u00f3n del IRPF 2025, al no reflejar a\u00fan los datos actualizados. <strong>Por lo tanto, se recomienda no realizar ninguna actuaci\u00f3n hasta disponer del nuevo certificado.<\/strong> <\/span><\/p>\n<p style=\"text-align: justify;\"><span style=\"font-family: arial, helvetica, sans-serif;\">En el momento en que el nuevo certificado est\u00e9 disponible, se remitir\u00e1 una comunicaci\u00f3n aclaratoria indicando que ya podr\u00e1 descargarse y utilizarse para presentar la declaraci\u00f3n. <strong>Asimismo, llegado el momento, se informar\u00e1 sobre las diferentes actuaciones a realizar, tanto en el caso de haber presentado ya la declaraci\u00f3n como en el supuesto de no haberlo hecho todav\u00eda.<\/strong> <\/span><\/p>\n<p style=\"text-align: justify;\"><span style=\"font-family: arial, helvetica, sans-serif;\"><strong>La Administraci\u00f3n Tributaria tiene conocimiento de esta actualizaci\u00f3n y colaborar\u00e1 para que los tr\u00e1mites derivados de la misma se realicen con las m\u00ednimas molestias posibles<\/strong>. Pedimos disculpas por los inconvenientes que esta situaci\u00f3n pueda haberles ocasionado y quedamos a su disposici\u00f3n para cualquier consulta en spd_nominas@murciaeduca.es.\u00a0<\/span><\/p>\n<p style=\"text-align: justify;\"><span style=\"font-family: arial, helvetica, sans-serif;\"> Directora General de Recursos Humanos, Planificaci\u00f3n Educativa e Innovaci\u00f3n <\/span><\/p>\n","protected":false},"excerpt":{"rendered":"<p>\u00a1 SIDI EXIGE QUE SE DEPUREN RESPONSABILIDADES ! Escrito de SIDI sobre el error en los certificados de la Renta &#8230; <a title=\"NOTA INFORMATIVA DE LA D.G. DE RRHH SOBRE LA DECLARACI\u00d3N DEL IRPF 2025 Y COMPLEMENTARIA 2024.\" class=\"read-more\" href=\"https:\/\/sidimurcia.org\/index.php\/2026\/04\/29\/nota-informativa-de-la-d-g-de-rrhh-sobre-la-declaracion-del-irpf-2025-y-complementaria-2024\/\" aria-label=\"Leer m\u00e1s sobre NOTA INFORMATIVA DE LA D.G. DE RRHH SOBRE LA DECLARACI\u00d3N DEL IRPF 2025 Y COMPLEMENTARIA 2024.\">Leer mas<\/a><\/p>\n","protected":false},"author":2,"featured_media":0,"comment_status":"closed","ping_status":"closed","sticky":true,"template":"","format":"standard","meta":{"footnotes":""},"categories":[46,48],"tags":[],"class_list":["post-28246","post","type-post","status-publish","format-standard","hentry","category-normativa","category-normativa-carm"],"yoast_head":"<!-- This site is optimized with the Yoast SEO plugin v27.2 - https:\/\/yoast.com\/product\/yoast-seo-wordpress\/ -->\n<title>NOTA INFORMATIVA DE LA D.G. DE RRHH SOBRE LA DECLARACI\u00d3N DEL IRPF 2025 Y COMPLEMENTARIA 2024. - SIDI<\/title>\n<meta name=\"description\" content=\"Sindicato Independiente de Docentes. Funcionarios e Interinos. Afiliaci\u00f3n 1eur\/mes. Defendemos la educaci\u00f3n p\u00fablica.\" \/>\n<meta name=\"robots\" content=\"index, follow, max-snippet:-1, max-image-preview:large, max-video-preview:-1\" \/>\n<link rel=\"canonical\" href=\"https:\/\/sidimurcia.org\/index.php\/2026\/04\/29\/nota-informativa-de-la-d-g-de-rrhh-sobre-la-declaracion-del-irpf-2025-y-complementaria-2024\/\" \/>\n<meta property=\"og:locale\" content=\"es_ES\" \/>\n<meta property=\"og:type\" content=\"article\" \/>\n<meta property=\"og:title\" content=\"NOTA INFORMATIVA DE LA D.G. DE RRHH SOBRE LA DECLARACI\u00d3N DEL IRPF 2025 Y COMPLEMENTARIA 2024. - SIDI\" \/>\n<meta property=\"og:description\" content=\"Sindicato Independiente de Docentes. Funcionarios e Interinos. Afiliaci\u00f3n 1eur\/mes. Defendemos la educaci\u00f3n p\u00fablica.\" \/>\n<meta property=\"og:url\" content=\"https:\/\/sidimurcia.org\/index.php\/2026\/04\/29\/nota-informativa-de-la-d-g-de-rrhh-sobre-la-declaracion-del-irpf-2025-y-complementaria-2024\/\" \/>\n<meta property=\"og:site_name\" content=\"SIDI\" \/>\n<meta property=\"article:publisher\" content=\"https:\/\/es-es.facebook.com\/sidi.sindicatodedocentes\" \/>\n<meta property=\"article:published_time\" content=\"2026-04-29T10:39:46+00:00\" \/>\n<meta property=\"article:modified_time\" content=\"2026-04-29T13:40:51+00:00\" \/>\n<meta name=\"author\" content=\"Jose Luis Torrente\" \/>\n<meta name=\"twitter:card\" content=\"summary_large_image\" \/>\n<meta name=\"twitter:creator\" content=\"@SIDIMURCIA\" \/>\n<meta name=\"twitter:site\" content=\"@SIDIMURCIA\" \/>\n<meta name=\"twitter:label1\" content=\"Escrito por\" \/>\n\t<meta name=\"twitter:data1\" content=\"Jose Luis Torrente\" \/>\n\t<meta name=\"twitter:label2\" content=\"Tiempo de lectura\" \/>\n\t<meta name=\"twitter:data2\" content=\"2 minutos\" \/>\n<script type=\"application\/ld+json\" class=\"yoast-schema-graph\">{\"@context\":\"https:\/\/schema.org\",\"@graph\":[{\"@type\":\"Article\",\"@id\":\"https:\/\/sidimurcia.org\/index.php\/2026\/04\/29\/nota-informativa-de-la-d-g-de-rrhh-sobre-la-declaracion-del-irpf-2025-y-complementaria-2024\/#article\",\"isPartOf\":{\"@id\":\"https:\/\/sidimurcia.org\/index.php\/2026\/04\/29\/nota-informativa-de-la-d-g-de-rrhh-sobre-la-declaracion-del-irpf-2025-y-complementaria-2024\/\"},\"author\":{\"name\":\"Jose Luis Torrente\",\"@id\":\"https:\/\/sidimurcia.org\/#\/schema\/person\/3f3207f88fb267669a31f8f46f76f86c\"},\"headline\":\"NOTA INFORMATIVA DE LA D.G. DE RRHH SOBRE LA DECLARACI\u00d3N DEL IRPF 2025 Y COMPLEMENTARIA 2024.\",\"datePublished\":\"2026-04-29T10:39:46+00:00\",\"dateModified\":\"2026-04-29T13:40:51+00:00\",\"mainEntityOfPage\":{\"@id\":\"https:\/\/sidimurcia.org\/index.php\/2026\/04\/29\/nota-informativa-de-la-d-g-de-rrhh-sobre-la-declaracion-del-irpf-2025-y-complementaria-2024\/\"},\"wordCount\":332,\"publisher\":{\"@id\":\"https:\/\/sidimurcia.org\/#organization\"},\"articleSection\":[\"Normativa\",\"Normativa CARM\"],\"inLanguage\":\"es\"},{\"@type\":\"WebPage\",\"@id\":\"https:\/\/sidimurcia.org\/index.php\/2026\/04\/29\/nota-informativa-de-la-d-g-de-rrhh-sobre-la-declaracion-del-irpf-2025-y-complementaria-2024\/\",\"url\":\"https:\/\/sidimurcia.org\/index.php\/2026\/04\/29\/nota-informativa-de-la-d-g-de-rrhh-sobre-la-declaracion-del-irpf-2025-y-complementaria-2024\/\",\"name\":\"NOTA INFORMATIVA DE LA D.G. DE RRHH SOBRE LA DECLARACI\u00d3N DEL IRPF 2025 Y COMPLEMENTARIA 2024. - SIDI\",\"isPartOf\":{\"@id\":\"https:\/\/sidimurcia.org\/#website\"},\"datePublished\":\"2026-04-29T10:39:46+00:00\",\"dateModified\":\"2026-04-29T13:40:51+00:00\",\"description\":\"Sindicato Independiente de Docentes. Funcionarios e Interinos. Afiliaci\u00f3n 1eur\/mes. Defendemos la educaci\u00f3n p\u00fablica.\",\"breadcrumb\":{\"@id\":\"https:\/\/sidimurcia.org\/index.php\/2026\/04\/29\/nota-informativa-de-la-d-g-de-rrhh-sobre-la-declaracion-del-irpf-2025-y-complementaria-2024\/#breadcrumb\"},\"inLanguage\":\"es\",\"potentialAction\":[{\"@type\":\"ReadAction\",\"target\":[\"https:\/\/sidimurcia.org\/index.php\/2026\/04\/29\/nota-informativa-de-la-d-g-de-rrhh-sobre-la-declaracion-del-irpf-2025-y-complementaria-2024\/\"]}]},{\"@type\":\"BreadcrumbList\",\"@id\":\"https:\/\/sidimurcia.org\/index.php\/2026\/04\/29\/nota-informativa-de-la-d-g-de-rrhh-sobre-la-declaracion-del-irpf-2025-y-complementaria-2024\/#breadcrumb\",\"itemListElement\":[{\"@type\":\"ListItem\",\"position\":1,\"name\":\"Portada\",\"item\":\"https:\/\/sidimurcia.org\/\"},{\"@type\":\"ListItem\",\"position\":2,\"name\":\"NOTA INFORMATIVA DE LA D.G. DE RRHH SOBRE LA DECLARACI\u00d3N DEL IRPF 2025 Y COMPLEMENTARIA 2024.\"}]},{\"@type\":\"WebSite\",\"@id\":\"https:\/\/sidimurcia.org\/#website\",\"url\":\"https:\/\/sidimurcia.org\/\",\"name\":\"SIDI\",\"description\":\"Sindicato Independiente de Docentes\",\"publisher\":{\"@id\":\"https:\/\/sidimurcia.org\/#organization\"},\"potentialAction\":[{\"@type\":\"SearchAction\",\"target\":{\"@type\":\"EntryPoint\",\"urlTemplate\":\"https:\/\/sidimurcia.org\/?s={search_term_string}\"},\"query-input\":{\"@type\":\"PropertyValueSpecification\",\"valueRequired\":true,\"valueName\":\"search_term_string\"}}],\"inLanguage\":\"es\"},{\"@type\":\"Organization\",\"@id\":\"https:\/\/sidimurcia.org\/#organization\",\"name\":\"Sindicato Independiente de Docentes - SIDI\",\"url\":\"https:\/\/sidimurcia.org\/\",\"logo\":{\"@type\":\"ImageObject\",\"inLanguage\":\"es\",\"@id\":\"https:\/\/sidimurcia.org\/#\/schema\/logo\/image\/\",\"url\":\"https:\/\/sidimurcia.org\/wp-content\/uploads\/cropped-PARAPESTANAWEB-1.jpg\",\"contentUrl\":\"https:\/\/sidimurcia.org\/wp-content\/uploads\/cropped-PARAPESTANAWEB-1.jpg\",\"width\":512,\"height\":512,\"caption\":\"Sindicato Independiente de Docentes - SIDI\"},\"image\":{\"@id\":\"https:\/\/sidimurcia.org\/#\/schema\/logo\/image\/\"},\"sameAs\":[\"https:\/\/es-es.facebook.com\/sidi.sindicatodedocentes\",\"https:\/\/x.com\/SIDIMURCIA\",\"https:\/\/www.instagram.com\/sidi_murcia\/\",\"https:\/\/www.youtube.com\/channel\/UCwwdL3uFtDKJdbOfmC70wIQ\"]},{\"@type\":\"Person\",\"@id\":\"https:\/\/sidimurcia.org\/#\/schema\/person\/3f3207f88fb267669a31f8f46f76f86c\",\"name\":\"Jose Luis Torrente\",\"image\":{\"@type\":\"ImageObject\",\"inLanguage\":\"es\",\"@id\":\"https:\/\/secure.gravatar.com\/avatar\/8ac4c0d28cf03f62a37681e633afaf3faec3a7bd495cdfb9b6a7ec6cf281b29c?s=96&d=mm&r=g\",\"url\":\"https:\/\/secure.gravatar.com\/avatar\/8ac4c0d28cf03f62a37681e633afaf3faec3a7bd495cdfb9b6a7ec6cf281b29c?s=96&d=mm&r=g\",\"contentUrl\":\"https:\/\/secure.gravatar.com\/avatar\/8ac4c0d28cf03f62a37681e633afaf3faec3a7bd495cdfb9b6a7ec6cf281b29c?s=96&d=mm&r=g\",\"caption\":\"Jose Luis Torrente\"},\"url\":\"https:\/\/sidimurcia.org\/index.php\/author\/joseltorrente\/\"}]}<\/script>\n<!-- \/ Yoast SEO plugin. -->","yoast_head_json":{"title":"NOTA INFORMATIVA DE LA D.G. DE RRHH SOBRE LA DECLARACI\u00d3N DEL IRPF 2025 Y COMPLEMENTARIA 2024. - SIDI","description":"Sindicato Independiente de Docentes. Funcionarios e Interinos. Afiliaci\u00f3n 1eur\/mes. Defendemos la educaci\u00f3n p\u00fablica.","robots":{"index":"index","follow":"follow","max-snippet":"max-snippet:-1","max-image-preview":"max-image-preview:large","max-video-preview":"max-video-preview:-1"},"canonical":"https:\/\/sidimurcia.org\/index.php\/2026\/04\/29\/nota-informativa-de-la-d-g-de-rrhh-sobre-la-declaracion-del-irpf-2025-y-complementaria-2024\/","og_locale":"es_ES","og_type":"article","og_title":"NOTA INFORMATIVA DE LA D.G. DE RRHH SOBRE LA DECLARACI\u00d3N DEL IRPF 2025 Y COMPLEMENTARIA 2024. - SIDI","og_description":"Sindicato Independiente de Docentes. Funcionarios e Interinos. Afiliaci\u00f3n 1eur\/mes. Defendemos la educaci\u00f3n p\u00fablica.","og_url":"https:\/\/sidimurcia.org\/index.php\/2026\/04\/29\/nota-informativa-de-la-d-g-de-rrhh-sobre-la-declaracion-del-irpf-2025-y-complementaria-2024\/","og_site_name":"SIDI","article_publisher":"https:\/\/es-es.facebook.com\/sidi.sindicatodedocentes","article_published_time":"2026-04-29T10:39:46+00:00","article_modified_time":"2026-04-29T13:40:51+00:00","author":"Jose Luis Torrente","twitter_card":"summary_large_image","twitter_creator":"@SIDIMURCIA","twitter_site":"@SIDIMURCIA","twitter_misc":{"Escrito por":"Jose Luis Torrente","Tiempo de lectura":"2 minutos"},"schema":{"@context":"https:\/\/schema.org","@graph":[{"@type":"Article","@id":"https:\/\/sidimurcia.org\/index.php\/2026\/04\/29\/nota-informativa-de-la-d-g-de-rrhh-sobre-la-declaracion-del-irpf-2025-y-complementaria-2024\/#article","isPartOf":{"@id":"https:\/\/sidimurcia.org\/index.php\/2026\/04\/29\/nota-informativa-de-la-d-g-de-rrhh-sobre-la-declaracion-del-irpf-2025-y-complementaria-2024\/"},"author":{"name":"Jose Luis Torrente","@id":"https:\/\/sidimurcia.org\/#\/schema\/person\/3f3207f88fb267669a31f8f46f76f86c"},"headline":"NOTA INFORMATIVA DE LA D.G. DE RRHH SOBRE LA DECLARACI\u00d3N DEL IRPF 2025 Y COMPLEMENTARIA 2024.","datePublished":"2026-04-29T10:39:46+00:00","dateModified":"2026-04-29T13:40:51+00:00","mainEntityOfPage":{"@id":"https:\/\/sidimurcia.org\/index.php\/2026\/04\/29\/nota-informativa-de-la-d-g-de-rrhh-sobre-la-declaracion-del-irpf-2025-y-complementaria-2024\/"},"wordCount":332,"publisher":{"@id":"https:\/\/sidimurcia.org\/#organization"},"articleSection":["Normativa","Normativa CARM"],"inLanguage":"es"},{"@type":"WebPage","@id":"https:\/\/sidimurcia.org\/index.php\/2026\/04\/29\/nota-informativa-de-la-d-g-de-rrhh-sobre-la-declaracion-del-irpf-2025-y-complementaria-2024\/","url":"https:\/\/sidimurcia.org\/index.php\/2026\/04\/29\/nota-informativa-de-la-d-g-de-rrhh-sobre-la-declaracion-del-irpf-2025-y-complementaria-2024\/","name":"NOTA INFORMATIVA DE LA D.G. DE RRHH SOBRE LA DECLARACI\u00d3N DEL IRPF 2025 Y COMPLEMENTARIA 2024. - SIDI","isPartOf":{"@id":"https:\/\/sidimurcia.org\/#website"},"datePublished":"2026-04-29T10:39:46+00:00","dateModified":"2026-04-29T13:40:51+00:00","description":"Sindicato Independiente de Docentes. Funcionarios e Interinos. Afiliaci\u00f3n 1eur\/mes. Defendemos la educaci\u00f3n p\u00fablica.","breadcrumb":{"@id":"https:\/\/sidimurcia.org\/index.php\/2026\/04\/29\/nota-informativa-de-la-d-g-de-rrhh-sobre-la-declaracion-del-irpf-2025-y-complementaria-2024\/#breadcrumb"},"inLanguage":"es","potentialAction":[{"@type":"ReadAction","target":["https:\/\/sidimurcia.org\/index.php\/2026\/04\/29\/nota-informativa-de-la-d-g-de-rrhh-sobre-la-declaracion-del-irpf-2025-y-complementaria-2024\/"]}]},{"@type":"BreadcrumbList","@id":"https:\/\/sidimurcia.org\/index.php\/2026\/04\/29\/nota-informativa-de-la-d-g-de-rrhh-sobre-la-declaracion-del-irpf-2025-y-complementaria-2024\/#breadcrumb","itemListElement":[{"@type":"ListItem","position":1,"name":"Portada","item":"https:\/\/sidimurcia.org\/"},{"@type":"ListItem","position":2,"name":"NOTA INFORMATIVA DE LA D.G. DE RRHH SOBRE LA DECLARACI\u00d3N DEL IRPF 2025 Y COMPLEMENTARIA 2024."}]},{"@type":"WebSite","@id":"https:\/\/sidimurcia.org\/#website","url":"https:\/\/sidimurcia.org\/","name":"SIDI","description":"Sindicato Independiente de Docentes","publisher":{"@id":"https:\/\/sidimurcia.org\/#organization"},"potentialAction":[{"@type":"SearchAction","target":{"@type":"EntryPoint","urlTemplate":"https:\/\/sidimurcia.org\/?s={search_term_string}"},"query-input":{"@type":"PropertyValueSpecification","valueRequired":true,"valueName":"search_term_string"}}],"inLanguage":"es"},{"@type":"Organization","@id":"https:\/\/sidimurcia.org\/#organization","name":"Sindicato Independiente de Docentes - SIDI","url":"https:\/\/sidimurcia.org\/","logo":{"@type":"ImageObject","inLanguage":"es","@id":"https:\/\/sidimurcia.org\/#\/schema\/logo\/image\/","url":"https:\/\/sidimurcia.org\/wp-content\/uploads\/cropped-PARAPESTANAWEB-1.jpg","contentUrl":"https:\/\/sidimurcia.org\/wp-content\/uploads\/cropped-PARAPESTANAWEB-1.jpg","width":512,"height":512,"caption":"Sindicato Independiente de Docentes - SIDI"},"image":{"@id":"https:\/\/sidimurcia.org\/#\/schema\/logo\/image\/"},"sameAs":["https:\/\/es-es.facebook.com\/sidi.sindicatodedocentes","https:\/\/x.com\/SIDIMURCIA","https:\/\/www.instagram.com\/sidi_murcia\/","https:\/\/www.youtube.com\/channel\/UCwwdL3uFtDKJdbOfmC70wIQ"]},{"@type":"Person","@id":"https:\/\/sidimurcia.org\/#\/schema\/person\/3f3207f88fb267669a31f8f46f76f86c","name":"Jose Luis Torrente","image":{"@type":"ImageObject","inLanguage":"es","@id":"https:\/\/secure.gravatar.com\/avatar\/8ac4c0d28cf03f62a37681e633afaf3faec3a7bd495cdfb9b6a7ec6cf281b29c?s=96&d=mm&r=g","url":"https:\/\/secure.gravatar.com\/avatar\/8ac4c0d28cf03f62a37681e633afaf3faec3a7bd495cdfb9b6a7ec6cf281b29c?s=96&d=mm&r=g","contentUrl":"https:\/\/secure.gravatar.com\/avatar\/8ac4c0d28cf03f62a37681e633afaf3faec3a7bd495cdfb9b6a7ec6cf281b29c?s=96&d=mm&r=g","caption":"Jose Luis Torrente"},"url":"https:\/\/sidimurcia.org\/index.php\/author\/joseltorrente\/"}]}},"_links":{"self":[{"href":"https:\/\/sidimurcia.org\/index.php\/wp-json\/wp\/v2\/posts\/28246","targetHints":{"allow":["GET"]}}],"collection":[{"href":"https:\/\/sidimurcia.org\/index.php\/wp-json\/wp\/v2\/posts"}],"about":[{"href":"https:\/\/sidimurcia.org\/index.php\/wp-json\/wp\/v2\/types\/post"}],"author":[{"embeddable":true,"href":"https:\/\/sidimurcia.org\/index.php\/wp-json\/wp\/v2\/users\/2"}],"replies":[{"embeddable":true,"href":"https:\/\/sidimurcia.org\/index.php\/wp-json\/wp\/v2\/comments?post=28246"}],"version-history":[{"count":9,"href":"https:\/\/sidimurcia.org\/index.php\/wp-json\/wp\/v2\/posts\/28246\/revisions"}],"predecessor-version":[{"id":28268,"href":"https:\/\/sidimurcia.org\/index.php\/wp-json\/wp\/v2\/posts\/28246\/revisions\/28268"}],"wp:attachment":[{"href":"https:\/\/sidimurcia.org\/index.php\/wp-json\/wp\/v2\/media?parent=28246"}],"wp:term":[{"taxonomy":"category","embeddable":true,"href":"https:\/\/sidimurcia.org\/index.php\/wp-json\/wp\/v2\/categories?post=28246"},{"taxonomy":"post_tag","embeddable":true,"href":"https:\/\/sidimurcia.org\/index.php\/wp-json\/wp\/v2\/tags?post=28246"}],"curies":[{"name":"wp","href":"https:\/\/api.w.org\/{rel}","templated":true}]}}