{"id":4020,"date":"2020-05-11T09:07:24","date_gmt":"2020-05-11T09:07:24","guid":{"rendered":"https:\/\/sidimurcia.org\/?p=4020"},"modified":"2020-05-11T09:45:48","modified_gmt":"2020-05-11T09:45:48","slug":"sidi-solicita-al-ministerio-que-no-se-incorpore-el-alumnado-en-la-fase-dos-de-la-desescalada","status":"publish","type":"post","link":"https:\/\/sidimurcia.org\/index.php\/2020\/05\/11\/sidi-solicita-al-ministerio-que-no-se-incorpore-el-alumnado-en-la-fase-dos-de-la-desescalada\/","title":{"rendered":"SIDI SOLICITA AL MINISTERIO QUE NO SE INCORPORE EL ALUMNADO EN LA FASE DOS DE LA DESESCALADA"},"content":{"rendered":"<p style=\"text-align: center;\"><strong>AL MINISTERIO DE EDUCACI\u00d3N Y FORMACI\u00d3N PROFESIONAL<\/strong><\/p>\n<p style=\"text-align: justify;\">como mejor proceda en derecho <strong>EXPONE:<\/strong><\/p>\n<ul style=\"text-align: justify;\">\n<li>Que en las preguntas frecuentes del Plan para la Transici\u00f3n hacia una nueva normalidad se dice que en la fase II pueden volver a la educaci\u00f3n presencial en los centros educativos de manera voluntaria:<\/li>\n<\/ul>\n<p style=\"text-align: justify; padding-left: 80px;\">&#8211; Los menores de educaci\u00f3n infantil y primaria (de 0 a 6 a\u00f1os), si sus progenitores acreditan que deben trabajar fuera de casa.<\/p>\n<p style=\"text-align: justify; padding-left: 80px;\">&#8211; Con car\u00e1cter voluntario, estudiantes de las etapas de \ufb01n de ciclo (4\u00ba de ESO, 2\u00ba de Bachillerato y 2\u00ba de Formaci\u00f3n Profesional de Grado Medio y Superior) en grupos de 15 por aula. Los alumnos de un mismo curso pueden repartirse en aulas contiguas o asistir al centro a diferente hora o repartirse en d\u00edas alternos.<\/p>\n<p style=\"text-align: justify; padding-left: 80px;\">&#8211; Igualmente, y con car\u00e1cter voluntario, alumnos de cualquier etapa educativa (Primaria, ESO, Bachillerato y FP) que, a juicio del claustro de profesores, necesitan actividades de refuerzo educativo. Siempre en grupos de 15 alumnos.<\/p>\n<p style=\"text-align: justify; padding-left: 80px;\">&#8211; Alumnados de centros de educaci\u00f3n especial.<\/p>\n<p style=\"text-align: justify; padding-left: 80px;\">&#8211; Los que corresponda para la realizaci\u00f3n de la EBAU.<\/p>\n<ul style=\"text-align: justify;\">\n<li>Que a 7 de mayo se han confirmado <strong>765 casos de menores de 0 a 9 a\u00f1os con un aumento del 14,18% desde el 29 de abril, <\/strong>fecha desde la que pueden realizar salidas<strong>.<\/strong> <strong>Entre los 10 a los 19 a\u00f1os, el n\u00famero de casos es de 1.398; es decir, un 17,68% m\u00e1s. <\/strong><\/li>\n<li>Que los centros educativos no est\u00e1n, simplemente, para el cuidado de los menores, sino que tienen otro cometido por lo que no se debe usar esta instituci\u00f3n como lugar para resolver los problemas de conciliaci\u00f3n familiar, debiendo buscar soluciones para ello con las empresas de los trabajadores y trabajadoras. Adem\u00e1s, utilizar a los centros educativos como meras guarder\u00edas supone un desprestigio social de la profesi\u00f3n docente.<\/li>\n<\/ul>\n<p style=\"text-align: justify;\">Por todo lo anteriormente expuesto, este sindicato <strong>SOLICITA<\/strong>, que en la publicaci\u00f3n para la <strong>fase 2 del Plan para la Transici\u00f3n hacia una nueva normalidad<\/strong> no se contemple la incorporaci\u00f3n de alumnos a los centros salvo excepciones justificadas de alumnado que finaliza ense\u00f1anzas conducentes a t\u00edtulo oficial cuando sea imposible continuarlas por medios telem\u00e1ticos o alumnado de educaci\u00f3n especial que recibe terapia individualizada; y todo ello siempre y cuando se respeten escrupulosamente las medidas de seguridad e higiene establecidas por las autoridades sanitarias.<\/p>\n<p style=\"text-align: justify;\">En Murcia a 11\/05\/2020.<\/p>\n<ul>\n<li style=\"text-align: justify;\"><a href=\"https:\/\/sidimurcia.org\/wp-content\/uploads\/11_05_2020_escrito-ministerio-vuelta-fase-2.jpg\">DOCUMENTO PRESENTADO POR REGISTRO<\/a><\/li>\n<\/ul>\n","protected":false},"excerpt":{"rendered":"<p>AL MINISTERIO DE EDUCACI\u00d3N Y FORMACI\u00d3N PROFESIONAL como mejor proceda en derecho EXPONE: Que en las preguntas frecuentes del Plan &#8230; <a title=\"SIDI SOLICITA AL MINISTERIO QUE NO SE INCORPORE EL ALUMNADO EN LA FASE DOS DE LA DESESCALADA\" class=\"read-more\" href=\"https:\/\/sidimurcia.org\/index.php\/2020\/05\/11\/sidi-solicita-al-ministerio-que-no-se-incorpore-el-alumnado-en-la-fase-dos-de-la-desescalada\/\" aria-label=\"Leer m\u00e1s sobre SIDI SOLICITA AL MINISTERIO QUE NO SE INCORPORE EL ALUMNADO EN LA FASE DOS DE LA DESESCALADA\">Leer mas<\/a><\/p>\n","protected":false},"author":2,"featured_media":0,"comment_status":"closed","ping_status":"closed","sticky":false,"template":"","format":"standard","meta":{"footnotes":""},"categories":[73],"tags":[],"class_list":["post-4020","post","type-post","status-publish","format-standard","hentry","category-noticias-y-novedades"],"yoast_head":"<!-- This site is optimized with the Yoast SEO plugin v27.2 - https:\/\/yoast.com\/product\/yoast-seo-wordpress\/ -->\n<title>SIDI SOLICITA AL MINISTERIO QUE NO SE INCORPORE EL ALUMNADO EN LA FASE DOS DE LA DESESCALADA - SIDI<\/title>\n<meta name=\"description\" content=\"Sindicato Independiente de Docentes. Funcionarios e Interinos. Afiliaci\u00f3n 1eur\/mes. Defendemos la educaci\u00f3n p\u00fablica.\" \/>\n<meta name=\"robots\" content=\"index, follow, max-snippet:-1, max-image-preview:large, max-video-preview:-1\" \/>\n<link rel=\"canonical\" href=\"https:\/\/sidimurcia.org\/index.php\/2020\/05\/11\/sidi-solicita-al-ministerio-que-no-se-incorpore-el-alumnado-en-la-fase-dos-de-la-desescalada\/\" \/>\n<meta property=\"og:locale\" content=\"es_ES\" \/>\n<meta property=\"og:type\" content=\"article\" \/>\n<meta property=\"og:title\" content=\"SIDI SOLICITA AL MINISTERIO QUE NO SE INCORPORE EL ALUMNADO EN LA FASE DOS DE LA DESESCALADA - SIDI\" \/>\n<meta property=\"og:description\" content=\"Sindicato Independiente de Docentes. Funcionarios e Interinos. Afiliaci\u00f3n 1eur\/mes. Defendemos la educaci\u00f3n p\u00fablica.\" \/>\n<meta property=\"og:url\" content=\"https:\/\/sidimurcia.org\/index.php\/2020\/05\/11\/sidi-solicita-al-ministerio-que-no-se-incorpore-el-alumnado-en-la-fase-dos-de-la-desescalada\/\" \/>\n<meta property=\"og:site_name\" content=\"SIDI\" \/>\n<meta property=\"article:publisher\" content=\"https:\/\/es-es.facebook.com\/sidi.sindicatodedocentes\" \/>\n<meta property=\"article:published_time\" content=\"2020-05-11T09:07:24+00:00\" \/>\n<meta property=\"article:modified_time\" content=\"2020-05-11T09:45:48+00:00\" \/>\n<meta name=\"author\" content=\"Jose Luis Torrente\" \/>\n<meta name=\"twitter:card\" content=\"summary_large_image\" \/>\n<meta name=\"twitter:creator\" content=\"@SIDIMURCIA\" \/>\n<meta name=\"twitter:site\" content=\"@SIDIMURCIA\" \/>\n<meta name=\"twitter:label1\" content=\"Escrito por\" \/>\n\t<meta name=\"twitter:data1\" content=\"Jose Luis Torrente\" \/>\n\t<meta name=\"twitter:label2\" content=\"Tiempo de lectura\" \/>\n\t<meta name=\"twitter:data2\" content=\"2 minutos\" \/>\n<script type=\"application\/ld+json\" class=\"yoast-schema-graph\">{\"@context\":\"https:\/\/schema.org\",\"@graph\":[{\"@type\":\"Article\",\"@id\":\"https:\/\/sidimurcia.org\/index.php\/2020\/05\/11\/sidi-solicita-al-ministerio-que-no-se-incorpore-el-alumnado-en-la-fase-dos-de-la-desescalada\/#article\",\"isPartOf\":{\"@id\":\"https:\/\/sidimurcia.org\/index.php\/2020\/05\/11\/sidi-solicita-al-ministerio-que-no-se-incorpore-el-alumnado-en-la-fase-dos-de-la-desescalada\/\"},\"author\":{\"name\":\"Jose Luis Torrente\",\"@id\":\"https:\/\/sidimurcia.org\/#\/schema\/person\/3f3207f88fb267669a31f8f46f76f86c\"},\"headline\":\"SIDI SOLICITA AL MINISTERIO QUE NO SE INCORPORE EL ALUMNADO EN LA FASE DOS DE LA DESESCALADA\",\"datePublished\":\"2020-05-11T09:07:24+00:00\",\"dateModified\":\"2020-05-11T09:45:48+00:00\",\"mainEntityOfPage\":{\"@id\":\"https:\/\/sidimurcia.org\/index.php\/2020\/05\/11\/sidi-solicita-al-ministerio-que-no-se-incorpore-el-alumnado-en-la-fase-dos-de-la-desescalada\/\"},\"wordCount\":415,\"publisher\":{\"@id\":\"https:\/\/sidimurcia.org\/#organization\"},\"articleSection\":[\"Noticias y Novedades\"],\"inLanguage\":\"es\"},{\"@type\":\"WebPage\",\"@id\":\"https:\/\/sidimurcia.org\/index.php\/2020\/05\/11\/sidi-solicita-al-ministerio-que-no-se-incorpore-el-alumnado-en-la-fase-dos-de-la-desescalada\/\",\"url\":\"https:\/\/sidimurcia.org\/index.php\/2020\/05\/11\/sidi-solicita-al-ministerio-que-no-se-incorpore-el-alumnado-en-la-fase-dos-de-la-desescalada\/\",\"name\":\"SIDI SOLICITA AL MINISTERIO QUE NO SE INCORPORE EL ALUMNADO EN LA FASE DOS DE LA DESESCALADA - SIDI\",\"isPartOf\":{\"@id\":\"https:\/\/sidimurcia.org\/#website\"},\"datePublished\":\"2020-05-11T09:07:24+00:00\",\"dateModified\":\"2020-05-11T09:45:48+00:00\",\"description\":\"Sindicato Independiente de Docentes. Funcionarios e Interinos. Afiliaci\u00f3n 1eur\/mes. Defendemos la educaci\u00f3n p\u00fablica.\",\"breadcrumb\":{\"@id\":\"https:\/\/sidimurcia.org\/index.php\/2020\/05\/11\/sidi-solicita-al-ministerio-que-no-se-incorpore-el-alumnado-en-la-fase-dos-de-la-desescalada\/#breadcrumb\"},\"inLanguage\":\"es\",\"potentialAction\":[{\"@type\":\"ReadAction\",\"target\":[\"https:\/\/sidimurcia.org\/index.php\/2020\/05\/11\/sidi-solicita-al-ministerio-que-no-se-incorpore-el-alumnado-en-la-fase-dos-de-la-desescalada\/\"]}]},{\"@type\":\"BreadcrumbList\",\"@id\":\"https:\/\/sidimurcia.org\/index.php\/2020\/05\/11\/sidi-solicita-al-ministerio-que-no-se-incorpore-el-alumnado-en-la-fase-dos-de-la-desescalada\/#breadcrumb\",\"itemListElement\":[{\"@type\":\"ListItem\",\"position\":1,\"name\":\"Portada\",\"item\":\"https:\/\/sidimurcia.org\/\"},{\"@type\":\"ListItem\",\"position\":2,\"name\":\"SIDI SOLICITA AL MINISTERIO QUE NO SE INCORPORE EL ALUMNADO EN LA FASE DOS DE LA DESESCALADA\"}]},{\"@type\":\"WebSite\",\"@id\":\"https:\/\/sidimurcia.org\/#website\",\"url\":\"https:\/\/sidimurcia.org\/\",\"name\":\"SIDI\",\"description\":\"Sindicato Independiente de Docentes\",\"publisher\":{\"@id\":\"https:\/\/sidimurcia.org\/#organization\"},\"potentialAction\":[{\"@type\":\"SearchAction\",\"target\":{\"@type\":\"EntryPoint\",\"urlTemplate\":\"https:\/\/sidimurcia.org\/?s={search_term_string}\"},\"query-input\":{\"@type\":\"PropertyValueSpecification\",\"valueRequired\":true,\"valueName\":\"search_term_string\"}}],\"inLanguage\":\"es\"},{\"@type\":\"Organization\",\"@id\":\"https:\/\/sidimurcia.org\/#organization\",\"name\":\"Sindicato Independiente de Docentes - SIDI\",\"url\":\"https:\/\/sidimurcia.org\/\",\"logo\":{\"@type\":\"ImageObject\",\"inLanguage\":\"es\",\"@id\":\"https:\/\/sidimurcia.org\/#\/schema\/logo\/image\/\",\"url\":\"https:\/\/sidimurcia.org\/wp-content\/uploads\/cropped-PARAPESTANAWEB-1.jpg\",\"contentUrl\":\"https:\/\/sidimurcia.org\/wp-content\/uploads\/cropped-PARAPESTANAWEB-1.jpg\",\"width\":512,\"height\":512,\"caption\":\"Sindicato Independiente de Docentes - SIDI\"},\"image\":{\"@id\":\"https:\/\/sidimurcia.org\/#\/schema\/logo\/image\/\"},\"sameAs\":[\"https:\/\/es-es.facebook.com\/sidi.sindicatodedocentes\",\"https:\/\/x.com\/SIDIMURCIA\",\"https:\/\/www.instagram.com\/sidi_murcia\/\",\"https:\/\/www.youtube.com\/channel\/UCwwdL3uFtDKJdbOfmC70wIQ\"]},{\"@type\":\"Person\",\"@id\":\"https:\/\/sidimurcia.org\/#\/schema\/person\/3f3207f88fb267669a31f8f46f76f86c\",\"name\":\"Jose Luis Torrente\",\"image\":{\"@type\":\"ImageObject\",\"inLanguage\":\"es\",\"@id\":\"https:\/\/secure.gravatar.com\/avatar\/8ac4c0d28cf03f62a37681e633afaf3faec3a7bd495cdfb9b6a7ec6cf281b29c?s=96&d=mm&r=g\",\"url\":\"https:\/\/secure.gravatar.com\/avatar\/8ac4c0d28cf03f62a37681e633afaf3faec3a7bd495cdfb9b6a7ec6cf281b29c?s=96&d=mm&r=g\",\"contentUrl\":\"https:\/\/secure.gravatar.com\/avatar\/8ac4c0d28cf03f62a37681e633afaf3faec3a7bd495cdfb9b6a7ec6cf281b29c?s=96&d=mm&r=g\",\"caption\":\"Jose Luis Torrente\"},\"url\":\"https:\/\/sidimurcia.org\/index.php\/author\/joseltorrente\/\"}]}<\/script>\n<!-- \/ Yoast SEO plugin. -->","yoast_head_json":{"title":"SIDI SOLICITA AL MINISTERIO QUE NO SE INCORPORE EL ALUMNADO EN LA FASE DOS DE LA DESESCALADA - SIDI","description":"Sindicato Independiente de Docentes. Funcionarios e Interinos. Afiliaci\u00f3n 1eur\/mes. Defendemos la educaci\u00f3n p\u00fablica.","robots":{"index":"index","follow":"follow","max-snippet":"max-snippet:-1","max-image-preview":"max-image-preview:large","max-video-preview":"max-video-preview:-1"},"canonical":"https:\/\/sidimurcia.org\/index.php\/2020\/05\/11\/sidi-solicita-al-ministerio-que-no-se-incorpore-el-alumnado-en-la-fase-dos-de-la-desescalada\/","og_locale":"es_ES","og_type":"article","og_title":"SIDI SOLICITA AL MINISTERIO QUE NO SE INCORPORE EL ALUMNADO EN LA FASE DOS DE LA DESESCALADA - SIDI","og_description":"Sindicato Independiente de Docentes. Funcionarios e Interinos. Afiliaci\u00f3n 1eur\/mes. Defendemos la educaci\u00f3n p\u00fablica.","og_url":"https:\/\/sidimurcia.org\/index.php\/2020\/05\/11\/sidi-solicita-al-ministerio-que-no-se-incorpore-el-alumnado-en-la-fase-dos-de-la-desescalada\/","og_site_name":"SIDI","article_publisher":"https:\/\/es-es.facebook.com\/sidi.sindicatodedocentes","article_published_time":"2020-05-11T09:07:24+00:00","article_modified_time":"2020-05-11T09:45:48+00:00","author":"Jose Luis Torrente","twitter_card":"summary_large_image","twitter_creator":"@SIDIMURCIA","twitter_site":"@SIDIMURCIA","twitter_misc":{"Escrito por":"Jose Luis Torrente","Tiempo de lectura":"2 minutos"},"schema":{"@context":"https:\/\/schema.org","@graph":[{"@type":"Article","@id":"https:\/\/sidimurcia.org\/index.php\/2020\/05\/11\/sidi-solicita-al-ministerio-que-no-se-incorpore-el-alumnado-en-la-fase-dos-de-la-desescalada\/#article","isPartOf":{"@id":"https:\/\/sidimurcia.org\/index.php\/2020\/05\/11\/sidi-solicita-al-ministerio-que-no-se-incorpore-el-alumnado-en-la-fase-dos-de-la-desescalada\/"},"author":{"name":"Jose Luis Torrente","@id":"https:\/\/sidimurcia.org\/#\/schema\/person\/3f3207f88fb267669a31f8f46f76f86c"},"headline":"SIDI SOLICITA AL MINISTERIO QUE NO SE INCORPORE EL ALUMNADO EN LA FASE DOS DE LA DESESCALADA","datePublished":"2020-05-11T09:07:24+00:00","dateModified":"2020-05-11T09:45:48+00:00","mainEntityOfPage":{"@id":"https:\/\/sidimurcia.org\/index.php\/2020\/05\/11\/sidi-solicita-al-ministerio-que-no-se-incorpore-el-alumnado-en-la-fase-dos-de-la-desescalada\/"},"wordCount":415,"publisher":{"@id":"https:\/\/sidimurcia.org\/#organization"},"articleSection":["Noticias y Novedades"],"inLanguage":"es"},{"@type":"WebPage","@id":"https:\/\/sidimurcia.org\/index.php\/2020\/05\/11\/sidi-solicita-al-ministerio-que-no-se-incorpore-el-alumnado-en-la-fase-dos-de-la-desescalada\/","url":"https:\/\/sidimurcia.org\/index.php\/2020\/05\/11\/sidi-solicita-al-ministerio-que-no-se-incorpore-el-alumnado-en-la-fase-dos-de-la-desescalada\/","name":"SIDI SOLICITA AL MINISTERIO QUE NO SE INCORPORE EL ALUMNADO EN LA FASE DOS DE LA DESESCALADA - SIDI","isPartOf":{"@id":"https:\/\/sidimurcia.org\/#website"},"datePublished":"2020-05-11T09:07:24+00:00","dateModified":"2020-05-11T09:45:48+00:00","description":"Sindicato Independiente de Docentes. Funcionarios e Interinos. Afiliaci\u00f3n 1eur\/mes. Defendemos la educaci\u00f3n p\u00fablica.","breadcrumb":{"@id":"https:\/\/sidimurcia.org\/index.php\/2020\/05\/11\/sidi-solicita-al-ministerio-que-no-se-incorpore-el-alumnado-en-la-fase-dos-de-la-desescalada\/#breadcrumb"},"inLanguage":"es","potentialAction":[{"@type":"ReadAction","target":["https:\/\/sidimurcia.org\/index.php\/2020\/05\/11\/sidi-solicita-al-ministerio-que-no-se-incorpore-el-alumnado-en-la-fase-dos-de-la-desescalada\/"]}]},{"@type":"BreadcrumbList","@id":"https:\/\/sidimurcia.org\/index.php\/2020\/05\/11\/sidi-solicita-al-ministerio-que-no-se-incorpore-el-alumnado-en-la-fase-dos-de-la-desescalada\/#breadcrumb","itemListElement":[{"@type":"ListItem","position":1,"name":"Portada","item":"https:\/\/sidimurcia.org\/"},{"@type":"ListItem","position":2,"name":"SIDI SOLICITA AL MINISTERIO QUE NO SE INCORPORE EL ALUMNADO EN LA FASE DOS DE LA DESESCALADA"}]},{"@type":"WebSite","@id":"https:\/\/sidimurcia.org\/#website","url":"https:\/\/sidimurcia.org\/","name":"SIDI","description":"Sindicato Independiente de Docentes","publisher":{"@id":"https:\/\/sidimurcia.org\/#organization"},"potentialAction":[{"@type":"SearchAction","target":{"@type":"EntryPoint","urlTemplate":"https:\/\/sidimurcia.org\/?s={search_term_string}"},"query-input":{"@type":"PropertyValueSpecification","valueRequired":true,"valueName":"search_term_string"}}],"inLanguage":"es"},{"@type":"Organization","@id":"https:\/\/sidimurcia.org\/#organization","name":"Sindicato Independiente de Docentes - SIDI","url":"https:\/\/sidimurcia.org\/","logo":{"@type":"ImageObject","inLanguage":"es","@id":"https:\/\/sidimurcia.org\/#\/schema\/logo\/image\/","url":"https:\/\/sidimurcia.org\/wp-content\/uploads\/cropped-PARAPESTANAWEB-1.jpg","contentUrl":"https:\/\/sidimurcia.org\/wp-content\/uploads\/cropped-PARAPESTANAWEB-1.jpg","width":512,"height":512,"caption":"Sindicato Independiente de Docentes - SIDI"},"image":{"@id":"https:\/\/sidimurcia.org\/#\/schema\/logo\/image\/"},"sameAs":["https:\/\/es-es.facebook.com\/sidi.sindicatodedocentes","https:\/\/x.com\/SIDIMURCIA","https:\/\/www.instagram.com\/sidi_murcia\/","https:\/\/www.youtube.com\/channel\/UCwwdL3uFtDKJdbOfmC70wIQ"]},{"@type":"Person","@id":"https:\/\/sidimurcia.org\/#\/schema\/person\/3f3207f88fb267669a31f8f46f76f86c","name":"Jose Luis Torrente","image":{"@type":"ImageObject","inLanguage":"es","@id":"https:\/\/secure.gravatar.com\/avatar\/8ac4c0d28cf03f62a37681e633afaf3faec3a7bd495cdfb9b6a7ec6cf281b29c?s=96&d=mm&r=g","url":"https:\/\/secure.gravatar.com\/avatar\/8ac4c0d28cf03f62a37681e633afaf3faec3a7bd495cdfb9b6a7ec6cf281b29c?s=96&d=mm&r=g","contentUrl":"https:\/\/secure.gravatar.com\/avatar\/8ac4c0d28cf03f62a37681e633afaf3faec3a7bd495cdfb9b6a7ec6cf281b29c?s=96&d=mm&r=g","caption":"Jose Luis Torrente"},"url":"https:\/\/sidimurcia.org\/index.php\/author\/joseltorrente\/"}]}},"_links":{"self":[{"href":"https:\/\/sidimurcia.org\/index.php\/wp-json\/wp\/v2\/posts\/4020","targetHints":{"allow":["GET"]}}],"collection":[{"href":"https:\/\/sidimurcia.org\/index.php\/wp-json\/wp\/v2\/posts"}],"about":[{"href":"https:\/\/sidimurcia.org\/index.php\/wp-json\/wp\/v2\/types\/post"}],"author":[{"embeddable":true,"href":"https:\/\/sidimurcia.org\/index.php\/wp-json\/wp\/v2\/users\/2"}],"replies":[{"embeddable":true,"href":"https:\/\/sidimurcia.org\/index.php\/wp-json\/wp\/v2\/comments?post=4020"}],"version-history":[{"count":0,"href":"https:\/\/sidimurcia.org\/index.php\/wp-json\/wp\/v2\/posts\/4020\/revisions"}],"wp:attachment":[{"href":"https:\/\/sidimurcia.org\/index.php\/wp-json\/wp\/v2\/media?parent=4020"}],"wp:term":[{"taxonomy":"category","embeddable":true,"href":"https:\/\/sidimurcia.org\/index.php\/wp-json\/wp\/v2\/categories?post=4020"},{"taxonomy":"post_tag","embeddable":true,"href":"https:\/\/sidimurcia.org\/index.php\/wp-json\/wp\/v2\/tags?post=4020"}],"curies":[{"name":"wp","href":"https:\/\/api.w.org\/{rel}","templated":true}]}}