{"id":658,"date":"2019-10-18T12:37:23","date_gmt":"2019-10-18T12:37:23","guid":{"rendered":"https:\/\/sidimurcia.org\/wp\/?p=658"},"modified":"2019-10-21T12:37:56","modified_gmt":"2019-10-21T12:37:56","slug":"orden-17-10-19-resuelve-definitivamente-convocatoria-acto-presencial-de-historia-de-la-musica","status":"publish","type":"post","link":"https:\/\/sidimurcia.org\/index.php\/2019\/10\/18\/orden-17-10-19-resuelve-definitivamente-convocatoria-acto-presencial-de-historia-de-la-musica\/","title":{"rendered":"Orden 17\/10\/19 resuelve DEFINITIVAMENTE convocatoria acto presencial de Historia de la M\u00fasica."},"content":{"rendered":"<div align=\"justify\">Orden de 17 de octubre de 2019, de la Consejer\u00eda de Educaci\u00f3n y Cultura por la que se resuelve definitivamente la convocatoria del acto presencial para aquellos integrantes de la totalidad de las listas de interinos de la Comunidad Aut\u00f3noma de la Regi\u00f3n de Murcia, que deseen ocupar plazas de la especialidad de Historia de la M\u00fasica del Cuerpo de Profesores de M\u00fasica y Artes Esc\u00e9nicas en el Conservatorio de M\u00fasica de Cartagena<\/div>\n<div align=\"justify\"><\/div>\n<div align=\"justify\">\n<ul>\n<li><a href=\"https:\/\/www.carm.es\/web\/integra.servlets.Blob?ARCHIVO=RESOLUCION%20DEF.%20HISTORIA%20DE%20LA%20M%C3%9ASICA%20.pdf&amp;TABLA=ARCHIVOS&amp;CAMPOCLAVE=IDARCHIVO&amp;VALORCLAVE=158899&amp;CAMPOIMAGEN=ARCHIVO&amp;IDTIPO=60&amp;RASTRO=c77$m22725,22759,4254\">Orden de 17 de octubre de 2019, de la Consejer\u00eda de Educaci\u00f3n y Cultura por la que se resuelve definitivamente la convocatoria del acto presencial para aquellos integrantes de la totalidad de las listas de interinos de la Comunidad Aut\u00f3noma de la Regi\u00f3n de Murcia, que deseen ocupar plazas de la especialidad de Historia de la M\u00fasica del Cuerpo de Profesores de M\u00fasica y Artes Esc\u00e9nicas en el Conservatorio de M\u00fasica de Cartagena<\/a><\/li>\n<\/ul>\n<\/div>\n","protected":false},"excerpt":{"rendered":"<p>Orden de 17 de octubre de 2019, de la Consejer\u00eda de Educaci\u00f3n y Cultura por la que se resuelve definitivamente &#8230; <a title=\"Orden 17\/10\/19 resuelve DEFINITIVAMENTE convocatoria acto presencial de Historia de la M\u00fasica.\" class=\"read-more\" href=\"https:\/\/sidimurcia.org\/index.php\/2019\/10\/18\/orden-17-10-19-resuelve-definitivamente-convocatoria-acto-presencial-de-historia-de-la-musica\/\" aria-label=\"Leer m\u00e1s sobre Orden 17\/10\/19 resuelve DEFINITIVAMENTE convocatoria acto presencial de Historia de la M\u00fasica.\">Leer mas<\/a><\/p>\n","protected":false},"author":1,"featured_media":0,"comment_status":"closed","ping_status":"open","sticky":false,"template":"","format":"standard","meta":{"footnotes":""},"categories":[4,10],"tags":[],"class_list":["post-658","post","type-post","status-publish","format-standard","hentry","category-bolsa-extraordinaria","category-resolucion-definitiva-en-murcia"],"yoast_head":"<!-- This site is optimized with the Yoast SEO plugin v27.2 - https:\/\/yoast.com\/product\/yoast-seo-wordpress\/ -->\n<title>Orden 17\/10\/19 resuelve DEFINITIVAMENTE convocatoria acto presencial de Historia de la M\u00fasica. - SIDI<\/title>\n<meta name=\"description\" content=\"Sindicato Independiente de Docentes. Funcionarios e Interinos. Afiliaci\u00f3n 1eur\/mes. Defendemos la educaci\u00f3n p\u00fablica.\" \/>\n<meta name=\"robots\" content=\"index, follow, max-snippet:-1, max-image-preview:large, max-video-preview:-1\" \/>\n<link rel=\"canonical\" href=\"https:\/\/sidimurcia.org\/index.php\/2019\/10\/18\/orden-17-10-19-resuelve-definitivamente-convocatoria-acto-presencial-de-historia-de-la-musica\/\" \/>\n<meta property=\"og:locale\" content=\"es_ES\" \/>\n<meta property=\"og:type\" content=\"article\" \/>\n<meta property=\"og:title\" content=\"Orden 17\/10\/19 resuelve DEFINITIVAMENTE convocatoria acto presencial de Historia de la M\u00fasica. - SIDI\" \/>\n<meta property=\"og:description\" content=\"Sindicato Independiente de Docentes. Funcionarios e Interinos. Afiliaci\u00f3n 1eur\/mes. Defendemos la educaci\u00f3n p\u00fablica.\" \/>\n<meta property=\"og:url\" content=\"https:\/\/sidimurcia.org\/index.php\/2019\/10\/18\/orden-17-10-19-resuelve-definitivamente-convocatoria-acto-presencial-de-historia-de-la-musica\/\" \/>\n<meta property=\"og:site_name\" content=\"SIDI\" \/>\n<meta property=\"article:publisher\" content=\"https:\/\/es-es.facebook.com\/sidi.sindicatodedocentes\" \/>\n<meta property=\"article:published_time\" content=\"2019-10-18T12:37:23+00:00\" \/>\n<meta property=\"article:modified_time\" content=\"2019-10-21T12:37:56+00:00\" \/>\n<meta name=\"author\" content=\"admin\" \/>\n<meta name=\"twitter:card\" content=\"summary_large_image\" \/>\n<meta name=\"twitter:creator\" content=\"@SIDIMURCIA\" \/>\n<meta name=\"twitter:site\" content=\"@SIDIMURCIA\" \/>\n<meta name=\"twitter:label1\" content=\"Escrito por\" \/>\n\t<meta name=\"twitter:data1\" content=\"admin\" \/>\n\t<meta name=\"twitter:label2\" content=\"Tiempo de lectura\" \/>\n\t<meta name=\"twitter:data2\" content=\"1 minuto\" \/>\n<script type=\"application\/ld+json\" class=\"yoast-schema-graph\">{\"@context\":\"https:\/\/schema.org\",\"@graph\":[{\"@type\":\"Article\",\"@id\":\"https:\/\/sidimurcia.org\/index.php\/2019\/10\/18\/orden-17-10-19-resuelve-definitivamente-convocatoria-acto-presencial-de-historia-de-la-musica\/#article\",\"isPartOf\":{\"@id\":\"https:\/\/sidimurcia.org\/index.php\/2019\/10\/18\/orden-17-10-19-resuelve-definitivamente-convocatoria-acto-presencial-de-historia-de-la-musica\/\"},\"author\":{\"name\":\"admin\",\"@id\":\"https:\/\/sidimurcia.org\/#\/schema\/person\/03d746881f3b6389803ea8dfbaa3523a\"},\"headline\":\"Orden 17\/10\/19 resuelve DEFINITIVAMENTE convocatoria acto presencial de Historia de la M\u00fasica.\",\"datePublished\":\"2019-10-18T12:37:23+00:00\",\"dateModified\":\"2019-10-21T12:37:56+00:00\",\"mainEntityOfPage\":{\"@id\":\"https:\/\/sidimurcia.org\/index.php\/2019\/10\/18\/orden-17-10-19-resuelve-definitivamente-convocatoria-acto-presencial-de-historia-de-la-musica\/\"},\"wordCount\":170,\"publisher\":{\"@id\":\"https:\/\/sidimurcia.org\/#organization\"},\"articleSection\":[\"Bolsa Extraordinaria\",\"Murcia-Resoluci\u00f3n Definitiva\"],\"inLanguage\":\"es\"},{\"@type\":\"WebPage\",\"@id\":\"https:\/\/sidimurcia.org\/index.php\/2019\/10\/18\/orden-17-10-19-resuelve-definitivamente-convocatoria-acto-presencial-de-historia-de-la-musica\/\",\"url\":\"https:\/\/sidimurcia.org\/index.php\/2019\/10\/18\/orden-17-10-19-resuelve-definitivamente-convocatoria-acto-presencial-de-historia-de-la-musica\/\",\"name\":\"Orden 17\/10\/19 resuelve DEFINITIVAMENTE convocatoria acto presencial de Historia de la M\u00fasica. - SIDI\",\"isPartOf\":{\"@id\":\"https:\/\/sidimurcia.org\/#website\"},\"datePublished\":\"2019-10-18T12:37:23+00:00\",\"dateModified\":\"2019-10-21T12:37:56+00:00\",\"description\":\"Sindicato Independiente de Docentes. Funcionarios e Interinos. Afiliaci\u00f3n 1eur\/mes. Defendemos la educaci\u00f3n p\u00fablica.\",\"breadcrumb\":{\"@id\":\"https:\/\/sidimurcia.org\/index.php\/2019\/10\/18\/orden-17-10-19-resuelve-definitivamente-convocatoria-acto-presencial-de-historia-de-la-musica\/#breadcrumb\"},\"inLanguage\":\"es\",\"potentialAction\":[{\"@type\":\"ReadAction\",\"target\":[\"https:\/\/sidimurcia.org\/index.php\/2019\/10\/18\/orden-17-10-19-resuelve-definitivamente-convocatoria-acto-presencial-de-historia-de-la-musica\/\"]}]},{\"@type\":\"BreadcrumbList\",\"@id\":\"https:\/\/sidimurcia.org\/index.php\/2019\/10\/18\/orden-17-10-19-resuelve-definitivamente-convocatoria-acto-presencial-de-historia-de-la-musica\/#breadcrumb\",\"itemListElement\":[{\"@type\":\"ListItem\",\"position\":1,\"name\":\"Portada\",\"item\":\"https:\/\/sidimurcia.org\/\"},{\"@type\":\"ListItem\",\"position\":2,\"name\":\"Orden 17\/10\/19 resuelve DEFINITIVAMENTE convocatoria acto presencial de Historia de la M\u00fasica.\"}]},{\"@type\":\"WebSite\",\"@id\":\"https:\/\/sidimurcia.org\/#website\",\"url\":\"https:\/\/sidimurcia.org\/\",\"name\":\"SIDI\",\"description\":\"Sindicato Independiente de Docentes\",\"publisher\":{\"@id\":\"https:\/\/sidimurcia.org\/#organization\"},\"potentialAction\":[{\"@type\":\"SearchAction\",\"target\":{\"@type\":\"EntryPoint\",\"urlTemplate\":\"https:\/\/sidimurcia.org\/?s={search_term_string}\"},\"query-input\":{\"@type\":\"PropertyValueSpecification\",\"valueRequired\":true,\"valueName\":\"search_term_string\"}}],\"inLanguage\":\"es\"},{\"@type\":\"Organization\",\"@id\":\"https:\/\/sidimurcia.org\/#organization\",\"name\":\"Sindicato Independiente de Docentes - SIDI\",\"url\":\"https:\/\/sidimurcia.org\/\",\"logo\":{\"@type\":\"ImageObject\",\"inLanguage\":\"es\",\"@id\":\"https:\/\/sidimurcia.org\/#\/schema\/logo\/image\/\",\"url\":\"https:\/\/sidimurcia.org\/wp-content\/uploads\/cropped-PARAPESTANAWEB-1.jpg\",\"contentUrl\":\"https:\/\/sidimurcia.org\/wp-content\/uploads\/cropped-PARAPESTANAWEB-1.jpg\",\"width\":512,\"height\":512,\"caption\":\"Sindicato Independiente de Docentes - SIDI\"},\"image\":{\"@id\":\"https:\/\/sidimurcia.org\/#\/schema\/logo\/image\/\"},\"sameAs\":[\"https:\/\/es-es.facebook.com\/sidi.sindicatodedocentes\",\"https:\/\/x.com\/SIDIMURCIA\",\"https:\/\/www.instagram.com\/sidi_murcia\/\",\"https:\/\/www.youtube.com\/channel\/UCwwdL3uFtDKJdbOfmC70wIQ\"]},{\"@type\":\"Person\",\"@id\":\"https:\/\/sidimurcia.org\/#\/schema\/person\/03d746881f3b6389803ea8dfbaa3523a\",\"name\":\"admin\",\"image\":{\"@type\":\"ImageObject\",\"inLanguage\":\"es\",\"@id\":\"https:\/\/secure.gravatar.com\/avatar\/4ed3d5aa731240f7447742edc19a8ebb07f49375a9778a6ae209f917ac2d2074?s=96&d=mm&r=g\",\"url\":\"https:\/\/secure.gravatar.com\/avatar\/4ed3d5aa731240f7447742edc19a8ebb07f49375a9778a6ae209f917ac2d2074?s=96&d=mm&r=g\",\"contentUrl\":\"https:\/\/secure.gravatar.com\/avatar\/4ed3d5aa731240f7447742edc19a8ebb07f49375a9778a6ae209f917ac2d2074?s=96&d=mm&r=g\",\"caption\":\"admin\"},\"url\":\"https:\/\/sidimurcia.org\/index.php\/author\/admin\/\"}]}<\/script>\n<!-- \/ Yoast SEO plugin. -->","yoast_head_json":{"title":"Orden 17\/10\/19 resuelve DEFINITIVAMENTE convocatoria acto presencial de Historia de la M\u00fasica. - SIDI","description":"Sindicato Independiente de Docentes. Funcionarios e Interinos. Afiliaci\u00f3n 1eur\/mes. Defendemos la educaci\u00f3n p\u00fablica.","robots":{"index":"index","follow":"follow","max-snippet":"max-snippet:-1","max-image-preview":"max-image-preview:large","max-video-preview":"max-video-preview:-1"},"canonical":"https:\/\/sidimurcia.org\/index.php\/2019\/10\/18\/orden-17-10-19-resuelve-definitivamente-convocatoria-acto-presencial-de-historia-de-la-musica\/","og_locale":"es_ES","og_type":"article","og_title":"Orden 17\/10\/19 resuelve DEFINITIVAMENTE convocatoria acto presencial de Historia de la M\u00fasica. - SIDI","og_description":"Sindicato Independiente de Docentes. Funcionarios e Interinos. Afiliaci\u00f3n 1eur\/mes. Defendemos la educaci\u00f3n p\u00fablica.","og_url":"https:\/\/sidimurcia.org\/index.php\/2019\/10\/18\/orden-17-10-19-resuelve-definitivamente-convocatoria-acto-presencial-de-historia-de-la-musica\/","og_site_name":"SIDI","article_publisher":"https:\/\/es-es.facebook.com\/sidi.sindicatodedocentes","article_published_time":"2019-10-18T12:37:23+00:00","article_modified_time":"2019-10-21T12:37:56+00:00","author":"admin","twitter_card":"summary_large_image","twitter_creator":"@SIDIMURCIA","twitter_site":"@SIDIMURCIA","twitter_misc":{"Escrito por":"admin","Tiempo de lectura":"1 minuto"},"schema":{"@context":"https:\/\/schema.org","@graph":[{"@type":"Article","@id":"https:\/\/sidimurcia.org\/index.php\/2019\/10\/18\/orden-17-10-19-resuelve-definitivamente-convocatoria-acto-presencial-de-historia-de-la-musica\/#article","isPartOf":{"@id":"https:\/\/sidimurcia.org\/index.php\/2019\/10\/18\/orden-17-10-19-resuelve-definitivamente-convocatoria-acto-presencial-de-historia-de-la-musica\/"},"author":{"name":"admin","@id":"https:\/\/sidimurcia.org\/#\/schema\/person\/03d746881f3b6389803ea8dfbaa3523a"},"headline":"Orden 17\/10\/19 resuelve DEFINITIVAMENTE convocatoria acto presencial de Historia de la M\u00fasica.","datePublished":"2019-10-18T12:37:23+00:00","dateModified":"2019-10-21T12:37:56+00:00","mainEntityOfPage":{"@id":"https:\/\/sidimurcia.org\/index.php\/2019\/10\/18\/orden-17-10-19-resuelve-definitivamente-convocatoria-acto-presencial-de-historia-de-la-musica\/"},"wordCount":170,"publisher":{"@id":"https:\/\/sidimurcia.org\/#organization"},"articleSection":["Bolsa Extraordinaria","Murcia-Resoluci\u00f3n Definitiva"],"inLanguage":"es"},{"@type":"WebPage","@id":"https:\/\/sidimurcia.org\/index.php\/2019\/10\/18\/orden-17-10-19-resuelve-definitivamente-convocatoria-acto-presencial-de-historia-de-la-musica\/","url":"https:\/\/sidimurcia.org\/index.php\/2019\/10\/18\/orden-17-10-19-resuelve-definitivamente-convocatoria-acto-presencial-de-historia-de-la-musica\/","name":"Orden 17\/10\/19 resuelve DEFINITIVAMENTE convocatoria acto presencial de Historia de la M\u00fasica. - SIDI","isPartOf":{"@id":"https:\/\/sidimurcia.org\/#website"},"datePublished":"2019-10-18T12:37:23+00:00","dateModified":"2019-10-21T12:37:56+00:00","description":"Sindicato Independiente de Docentes. Funcionarios e Interinos. Afiliaci\u00f3n 1eur\/mes. Defendemos la educaci\u00f3n p\u00fablica.","breadcrumb":{"@id":"https:\/\/sidimurcia.org\/index.php\/2019\/10\/18\/orden-17-10-19-resuelve-definitivamente-convocatoria-acto-presencial-de-historia-de-la-musica\/#breadcrumb"},"inLanguage":"es","potentialAction":[{"@type":"ReadAction","target":["https:\/\/sidimurcia.org\/index.php\/2019\/10\/18\/orden-17-10-19-resuelve-definitivamente-convocatoria-acto-presencial-de-historia-de-la-musica\/"]}]},{"@type":"BreadcrumbList","@id":"https:\/\/sidimurcia.org\/index.php\/2019\/10\/18\/orden-17-10-19-resuelve-definitivamente-convocatoria-acto-presencial-de-historia-de-la-musica\/#breadcrumb","itemListElement":[{"@type":"ListItem","position":1,"name":"Portada","item":"https:\/\/sidimurcia.org\/"},{"@type":"ListItem","position":2,"name":"Orden 17\/10\/19 resuelve DEFINITIVAMENTE convocatoria acto presencial de Historia de la M\u00fasica."}]},{"@type":"WebSite","@id":"https:\/\/sidimurcia.org\/#website","url":"https:\/\/sidimurcia.org\/","name":"SIDI","description":"Sindicato Independiente de Docentes","publisher":{"@id":"https:\/\/sidimurcia.org\/#organization"},"potentialAction":[{"@type":"SearchAction","target":{"@type":"EntryPoint","urlTemplate":"https:\/\/sidimurcia.org\/?s={search_term_string}"},"query-input":{"@type":"PropertyValueSpecification","valueRequired":true,"valueName":"search_term_string"}}],"inLanguage":"es"},{"@type":"Organization","@id":"https:\/\/sidimurcia.org\/#organization","name":"Sindicato Independiente de Docentes - SIDI","url":"https:\/\/sidimurcia.org\/","logo":{"@type":"ImageObject","inLanguage":"es","@id":"https:\/\/sidimurcia.org\/#\/schema\/logo\/image\/","url":"https:\/\/sidimurcia.org\/wp-content\/uploads\/cropped-PARAPESTANAWEB-1.jpg","contentUrl":"https:\/\/sidimurcia.org\/wp-content\/uploads\/cropped-PARAPESTANAWEB-1.jpg","width":512,"height":512,"caption":"Sindicato Independiente de Docentes - SIDI"},"image":{"@id":"https:\/\/sidimurcia.org\/#\/schema\/logo\/image\/"},"sameAs":["https:\/\/es-es.facebook.com\/sidi.sindicatodedocentes","https:\/\/x.com\/SIDIMURCIA","https:\/\/www.instagram.com\/sidi_murcia\/","https:\/\/www.youtube.com\/channel\/UCwwdL3uFtDKJdbOfmC70wIQ"]},{"@type":"Person","@id":"https:\/\/sidimurcia.org\/#\/schema\/person\/03d746881f3b6389803ea8dfbaa3523a","name":"admin","image":{"@type":"ImageObject","inLanguage":"es","@id":"https:\/\/secure.gravatar.com\/avatar\/4ed3d5aa731240f7447742edc19a8ebb07f49375a9778a6ae209f917ac2d2074?s=96&d=mm&r=g","url":"https:\/\/secure.gravatar.com\/avatar\/4ed3d5aa731240f7447742edc19a8ebb07f49375a9778a6ae209f917ac2d2074?s=96&d=mm&r=g","contentUrl":"https:\/\/secure.gravatar.com\/avatar\/4ed3d5aa731240f7447742edc19a8ebb07f49375a9778a6ae209f917ac2d2074?s=96&d=mm&r=g","caption":"admin"},"url":"https:\/\/sidimurcia.org\/index.php\/author\/admin\/"}]}},"_links":{"self":[{"href":"https:\/\/sidimurcia.org\/index.php\/wp-json\/wp\/v2\/posts\/658","targetHints":{"allow":["GET"]}}],"collection":[{"href":"https:\/\/sidimurcia.org\/index.php\/wp-json\/wp\/v2\/posts"}],"about":[{"href":"https:\/\/sidimurcia.org\/index.php\/wp-json\/wp\/v2\/types\/post"}],"author":[{"embeddable":true,"href":"https:\/\/sidimurcia.org\/index.php\/wp-json\/wp\/v2\/users\/1"}],"replies":[{"embeddable":true,"href":"https:\/\/sidimurcia.org\/index.php\/wp-json\/wp\/v2\/comments?post=658"}],"version-history":[{"count":0,"href":"https:\/\/sidimurcia.org\/index.php\/wp-json\/wp\/v2\/posts\/658\/revisions"}],"wp:attachment":[{"href":"https:\/\/sidimurcia.org\/index.php\/wp-json\/wp\/v2\/media?parent=658"}],"wp:term":[{"taxonomy":"category","embeddable":true,"href":"https:\/\/sidimurcia.org\/index.php\/wp-json\/wp\/v2\/categories?post=658"},{"taxonomy":"post_tag","embeddable":true,"href":"https:\/\/sidimurcia.org\/index.php\/wp-json\/wp\/v2\/tags?post=658"}],"curies":[{"name":"wp","href":"https:\/\/api.w.org\/{rel}","templated":true}]}}