{"id":8260,"date":"2021-03-05T13:23:36","date_gmt":"2021-03-05T13:23:36","guid":{"rendered":"https:\/\/sidimurcia.org\/?p=8260"},"modified":"2021-03-12T12:47:11","modified_gmt":"2021-03-12T12:47:11","slug":"convocatoria-extraordinaria-interinos-enero-2021-relacion-provisional-de-admitidos-y-excluidos","status":"publish","type":"post","link":"https:\/\/sidimurcia.org\/index.php\/2021\/03\/05\/convocatoria-extraordinaria-interinos-enero-2021-relacion-provisional-de-admitidos-y-excluidos\/","title":{"rendered":"CONVOCATORIA EXTRAORDINARIA INTERINOS ENERO 2021: Relaci\u00f3n PROVISIONAL de admitidos y excluidos."},"content":{"rendered":"<ul>\n<li style=\"text-align: justify;\"><a href=\"https:\/\/www.carm.es\/web\/integra.servlets.Blob?ARCHIVO=1_resolucion_prov_adm_int%20%28COPIA%29.pdf&amp;TABLA=ARCHIVOS&amp;CAMPOCLAVE=IDARCHIVO&amp;VALORCLAVE=169567&amp;CAMPOIMAGEN=ARCHIVO&amp;IDTIPO=60&amp;RASTRO=c77$m22725,22759,4254\">Resoluci\u00f3n de 5 de marzo de 2021 de la Direcci\u00f3n General de Planificaci\u00f3n Educativa y Recursos Humanos, por la que se aprueba la relaci\u00f3n provisional de aspirantes admitidos y excluidos en el procedimiento extraordinario para la provisi\u00f3n, en r\u00e9gimen de interinidad, de plazas vacantes o sustituciones en determinados especialidades de los cuerpos de Profesores de Ense\u00f1anza Secundaria y Profesores T\u00e9cnicos de Formaci\u00f3n Profesional, convocadas por Orden de 14 de enero de 2021<\/a>\n<ul>\n<li><a title=\"Correcci\u00f3n de la Resoluci\u00f3n de 3 de marzo de 2021 de la Direcci\u00f3n General de Planificaci\u00f3n Educativa y Recursos Humanos, por la que se aprueba la relaci\u00f3n provisional de aspirantes admitidos y excluidos en el procedimiento extraordinario para la provisi\u00f3n, en r\u00e9gimen de interinidad, de plazas vacantes o sustituciones en determinados especialidades de los cuerpos de Profesores de Ense\u00f1anza Secundaria y Profesores T\u00e9cnicos de Formaci\u00f3n Profesional, convocadas por Orden de 14 de enero de 2021.\" href=\"https:\/\/www.carm.es\/web\/Blob?ARCHIVO=ResolucionComplementaria%20Publicar%20%28COPIA%29.pdf&amp;TABLA=ARCHIVOS&amp;CAMPOCLAVE=IDARCHIVO&amp;VALORCLAVE=169727&amp;CAMPOIMAGEN=ARCHIVO&amp;IDTIPO=60&amp;RASTRO=c77$m22725,22759,4254\">Correcci\u00f3n de la Resoluci\u00f3n de 3 de marzo de 2021 de la Direcci\u00f3n General de Planificaci\u00f3n Educativa y Recursos Humanos, por la que se aprueba la relaci\u00f3n provisional de aspirantes admitidos y excluidos en el procedimiento extraordinario para la provisi\u00f3n, en r\u00e9gimen de interinidad, de plazas vacantes o sustituciones en determinados especialidades de los cuerpos de Profesores de Ense\u00f1anza Secundaria y Profesores T\u00e9cnicos de Formaci\u00f3n Profesional, convocadas por Orden de 14 de enero de 2021.<\/a><\/li>\n<\/ul>\n<\/li>\n<\/ul>\n<p><span style=\"color: #800080;\"><strong>Plazo de presentaci\u00f3n de reclamaciones: Del 8 al 12 de marzo (ambos inclusive).<\/strong><\/span><\/p>\n<p style=\"text-align: justify;\">Las peticiones de reclamaci\u00f3n o subsanaci\u00f3n se realizar\u00e1n exclusivamente de forma telem\u00e1tica mediante un formulario en \u201cRegistro y gu\u00eda de procedimientos y servicios\u201d de la <strong><a href=\"https:\/\/sede.carm.es\/web\/pagina?IDCONTENIDO=1897&amp;IDTIPO=240&amp;RASTRO=c$m40288\">Sede Electr\u00f3nica de la Comunidad Aut\u00f3noma de la Regi\u00f3n de Murcia (sede.carm.es), procedimiento 1897<\/a><\/strong>. En la pesta\u00f1a \u201cPresentaci\u00f3n Solicitudes\u201d debe dirigirse a \u201cVer otros tr\u00e1mites de este procedimiento\u201d y luego en \u201cAlegaciones anteriores al tr\u00e1mite de audiencia\u201d.<\/p>\n<ul>\n<li><a href=\"https:\/\/www.carm.es\/web\/Blob?ARCHIVO=LISTADO%20CON%20C%C3%93DIGOS%20CAUSAS%20DE%20EXCLUSI%C3%93N.pdf&amp;TABLA=ARCHIVOS&amp;CAMPOCLAVE=IDARCHIVO&amp;VALORCLAVE=169569&amp;CAMPOIMAGEN=ARCHIVO&amp;IDTIPO=60&amp;RASTRO=c77$m22725,22759,4254\">Listado con c\u00f3digos de las causas de exclusi\u00f3n <\/a><\/li>\n<\/ul>\n<p><span style=\"text-decoration: underline;\">ESPECIALIDADES CONVOCADAS:<\/span><\/p>\n<p>\uf0b7 Filosof\u00eda.<br \/>\n\uf0b7 Lengua Castellana y Literatura.<br \/>\n\uf0b7 F\u00edsica y Qu\u00edmica.<br \/>\n\uf0b7 Biolog\u00eda y Geolog\u00eda.<br \/>\n\uf0b7 Inform\u00e1tica.<br \/>\n\uf0b7 Sistemas y Aplicaciones Inform\u00e1ticas.<\/p>\n<p>&nbsp;<\/p>\n","protected":false},"excerpt":{"rendered":"<p>Resoluci\u00f3n de 5 de marzo de 2021 de la Direcci\u00f3n General de Planificaci\u00f3n Educativa y Recursos Humanos, por la que &#8230; <a title=\"CONVOCATORIA EXTRAORDINARIA INTERINOS ENERO 2021: Relaci\u00f3n PROVISIONAL de admitidos y excluidos.\" class=\"read-more\" href=\"https:\/\/sidimurcia.org\/index.php\/2021\/03\/05\/convocatoria-extraordinaria-interinos-enero-2021-relacion-provisional-de-admitidos-y-excluidos\/\" aria-label=\"Leer m\u00e1s sobre CONVOCATORIA EXTRAORDINARIA INTERINOS ENERO 2021: Relaci\u00f3n PROVISIONAL de admitidos y excluidos.\">Leer mas<\/a><\/p>\n","protected":false},"author":2,"featured_media":0,"comment_status":"closed","ping_status":"closed","sticky":false,"template":"","format":"standard","meta":{"footnotes":""},"categories":[4,80,9],"tags":[],"class_list":["post-8260","post","type-post","status-publish","format-standard","hentry","category-bolsa-extraordinaria","category-convocatoria-bolsa-extraordinaria-carm","category-resolucion-provisional-en-murcia"],"yoast_head":"<!-- This site is optimized with the Yoast SEO plugin v27.2 - https:\/\/yoast.com\/product\/yoast-seo-wordpress\/ -->\n<title>CONVOCATORIA EXTRAORDINARIA INTERINOS ENERO 2021: Relaci\u00f3n PROVISIONAL de admitidos y excluidos. - SIDI<\/title>\n<meta name=\"description\" content=\"Sindicato Independiente de Docentes. Funcionarios e Interinos. Afiliaci\u00f3n 1eur\/mes. Defendemos la educaci\u00f3n p\u00fablica.\" \/>\n<meta name=\"robots\" content=\"index, follow, max-snippet:-1, max-image-preview:large, max-video-preview:-1\" \/>\n<link rel=\"canonical\" href=\"https:\/\/sidimurcia.org\/index.php\/2021\/03\/05\/convocatoria-extraordinaria-interinos-enero-2021-relacion-provisional-de-admitidos-y-excluidos\/\" \/>\n<meta property=\"og:locale\" content=\"es_ES\" \/>\n<meta property=\"og:type\" content=\"article\" \/>\n<meta property=\"og:title\" content=\"CONVOCATORIA EXTRAORDINARIA INTERINOS ENERO 2021: Relaci\u00f3n PROVISIONAL de admitidos y excluidos. - SIDI\" \/>\n<meta property=\"og:description\" content=\"Sindicato Independiente de Docentes. Funcionarios e Interinos. Afiliaci\u00f3n 1eur\/mes. Defendemos la educaci\u00f3n p\u00fablica.\" \/>\n<meta property=\"og:url\" content=\"https:\/\/sidimurcia.org\/index.php\/2021\/03\/05\/convocatoria-extraordinaria-interinos-enero-2021-relacion-provisional-de-admitidos-y-excluidos\/\" \/>\n<meta property=\"og:site_name\" content=\"SIDI\" \/>\n<meta property=\"article:publisher\" content=\"https:\/\/es-es.facebook.com\/sidi.sindicatodedocentes\" \/>\n<meta property=\"article:published_time\" content=\"2021-03-05T13:23:36+00:00\" \/>\n<meta property=\"article:modified_time\" content=\"2021-03-12T12:47:11+00:00\" \/>\n<meta name=\"author\" content=\"Jose Luis Torrente\" \/>\n<meta name=\"twitter:card\" content=\"summary_large_image\" \/>\n<meta name=\"twitter:creator\" content=\"@SIDIMURCIA\" \/>\n<meta name=\"twitter:site\" content=\"@SIDIMURCIA\" \/>\n<meta name=\"twitter:label1\" content=\"Escrito por\" \/>\n\t<meta name=\"twitter:data1\" content=\"Jose Luis Torrente\" \/>\n\t<meta name=\"twitter:label2\" content=\"Tiempo de lectura\" \/>\n\t<meta name=\"twitter:data2\" content=\"1 minuto\" \/>\n<script type=\"application\/ld+json\" class=\"yoast-schema-graph\">{\"@context\":\"https:\/\/schema.org\",\"@graph\":[{\"@type\":\"Article\",\"@id\":\"https:\/\/sidimurcia.org\/index.php\/2021\/03\/05\/convocatoria-extraordinaria-interinos-enero-2021-relacion-provisional-de-admitidos-y-excluidos\/#article\",\"isPartOf\":{\"@id\":\"https:\/\/sidimurcia.org\/index.php\/2021\/03\/05\/convocatoria-extraordinaria-interinos-enero-2021-relacion-provisional-de-admitidos-y-excluidos\/\"},\"author\":{\"name\":\"Jose Luis Torrente\",\"@id\":\"https:\/\/sidimurcia.org\/#\/schema\/person\/3f3207f88fb267669a31f8f46f76f86c\"},\"headline\":\"CONVOCATORIA EXTRAORDINARIA INTERINOS ENERO 2021: Relaci\u00f3n PROVISIONAL de admitidos y excluidos.\",\"datePublished\":\"2021-03-05T13:23:36+00:00\",\"dateModified\":\"2021-03-12T12:47:11+00:00\",\"mainEntityOfPage\":{\"@id\":\"https:\/\/sidimurcia.org\/index.php\/2021\/03\/05\/convocatoria-extraordinaria-interinos-enero-2021-relacion-provisional-de-admitidos-y-excluidos\/\"},\"wordCount\":292,\"publisher\":{\"@id\":\"https:\/\/sidimurcia.org\/#organization\"},\"articleSection\":[\"Bolsa Extraordinaria\",\"Murcia-Convocatoria\",\"Murcia-Resoluci\u00f3n Provisional\"],\"inLanguage\":\"es\"},{\"@type\":\"WebPage\",\"@id\":\"https:\/\/sidimurcia.org\/index.php\/2021\/03\/05\/convocatoria-extraordinaria-interinos-enero-2021-relacion-provisional-de-admitidos-y-excluidos\/\",\"url\":\"https:\/\/sidimurcia.org\/index.php\/2021\/03\/05\/convocatoria-extraordinaria-interinos-enero-2021-relacion-provisional-de-admitidos-y-excluidos\/\",\"name\":\"CONVOCATORIA EXTRAORDINARIA INTERINOS ENERO 2021: Relaci\u00f3n PROVISIONAL de admitidos y excluidos. - SIDI\",\"isPartOf\":{\"@id\":\"https:\/\/sidimurcia.org\/#website\"},\"datePublished\":\"2021-03-05T13:23:36+00:00\",\"dateModified\":\"2021-03-12T12:47:11+00:00\",\"description\":\"Sindicato Independiente de Docentes. Funcionarios e Interinos. Afiliaci\u00f3n 1eur\/mes. Defendemos la educaci\u00f3n p\u00fablica.\",\"breadcrumb\":{\"@id\":\"https:\/\/sidimurcia.org\/index.php\/2021\/03\/05\/convocatoria-extraordinaria-interinos-enero-2021-relacion-provisional-de-admitidos-y-excluidos\/#breadcrumb\"},\"inLanguage\":\"es\",\"potentialAction\":[{\"@type\":\"ReadAction\",\"target\":[\"https:\/\/sidimurcia.org\/index.php\/2021\/03\/05\/convocatoria-extraordinaria-interinos-enero-2021-relacion-provisional-de-admitidos-y-excluidos\/\"]}]},{\"@type\":\"BreadcrumbList\",\"@id\":\"https:\/\/sidimurcia.org\/index.php\/2021\/03\/05\/convocatoria-extraordinaria-interinos-enero-2021-relacion-provisional-de-admitidos-y-excluidos\/#breadcrumb\",\"itemListElement\":[{\"@type\":\"ListItem\",\"position\":1,\"name\":\"Portada\",\"item\":\"https:\/\/sidimurcia.org\/\"},{\"@type\":\"ListItem\",\"position\":2,\"name\":\"CONVOCATORIA EXTRAORDINARIA INTERINOS ENERO 2021: Relaci\u00f3n PROVISIONAL de admitidos y excluidos.\"}]},{\"@type\":\"WebSite\",\"@id\":\"https:\/\/sidimurcia.org\/#website\",\"url\":\"https:\/\/sidimurcia.org\/\",\"name\":\"SIDI\",\"description\":\"Sindicato Independiente de Docentes\",\"publisher\":{\"@id\":\"https:\/\/sidimurcia.org\/#organization\"},\"potentialAction\":[{\"@type\":\"SearchAction\",\"target\":{\"@type\":\"EntryPoint\",\"urlTemplate\":\"https:\/\/sidimurcia.org\/?s={search_term_string}\"},\"query-input\":{\"@type\":\"PropertyValueSpecification\",\"valueRequired\":true,\"valueName\":\"search_term_string\"}}],\"inLanguage\":\"es\"},{\"@type\":\"Organization\",\"@id\":\"https:\/\/sidimurcia.org\/#organization\",\"name\":\"Sindicato Independiente de Docentes - SIDI\",\"url\":\"https:\/\/sidimurcia.org\/\",\"logo\":{\"@type\":\"ImageObject\",\"inLanguage\":\"es\",\"@id\":\"https:\/\/sidimurcia.org\/#\/schema\/logo\/image\/\",\"url\":\"https:\/\/sidimurcia.org\/wp-content\/uploads\/cropped-PARAPESTANAWEB-1.jpg\",\"contentUrl\":\"https:\/\/sidimurcia.org\/wp-content\/uploads\/cropped-PARAPESTANAWEB-1.jpg\",\"width\":512,\"height\":512,\"caption\":\"Sindicato Independiente de Docentes - SIDI\"},\"image\":{\"@id\":\"https:\/\/sidimurcia.org\/#\/schema\/logo\/image\/\"},\"sameAs\":[\"https:\/\/es-es.facebook.com\/sidi.sindicatodedocentes\",\"https:\/\/x.com\/SIDIMURCIA\",\"https:\/\/www.instagram.com\/sidi_murcia\/\",\"https:\/\/www.youtube.com\/channel\/UCwwdL3uFtDKJdbOfmC70wIQ\"]},{\"@type\":\"Person\",\"@id\":\"https:\/\/sidimurcia.org\/#\/schema\/person\/3f3207f88fb267669a31f8f46f76f86c\",\"name\":\"Jose Luis Torrente\",\"image\":{\"@type\":\"ImageObject\",\"inLanguage\":\"es\",\"@id\":\"https:\/\/secure.gravatar.com\/avatar\/8ac4c0d28cf03f62a37681e633afaf3faec3a7bd495cdfb9b6a7ec6cf281b29c?s=96&d=mm&r=g\",\"url\":\"https:\/\/secure.gravatar.com\/avatar\/8ac4c0d28cf03f62a37681e633afaf3faec3a7bd495cdfb9b6a7ec6cf281b29c?s=96&d=mm&r=g\",\"contentUrl\":\"https:\/\/secure.gravatar.com\/avatar\/8ac4c0d28cf03f62a37681e633afaf3faec3a7bd495cdfb9b6a7ec6cf281b29c?s=96&d=mm&r=g\",\"caption\":\"Jose Luis Torrente\"},\"url\":\"https:\/\/sidimurcia.org\/index.php\/author\/joseltorrente\/\"}]}<\/script>\n<!-- \/ Yoast SEO plugin. -->","yoast_head_json":{"title":"CONVOCATORIA EXTRAORDINARIA INTERINOS ENERO 2021: Relaci\u00f3n PROVISIONAL de admitidos y excluidos. - SIDI","description":"Sindicato Independiente de Docentes. Funcionarios e Interinos. Afiliaci\u00f3n 1eur\/mes. Defendemos la educaci\u00f3n p\u00fablica.","robots":{"index":"index","follow":"follow","max-snippet":"max-snippet:-1","max-image-preview":"max-image-preview:large","max-video-preview":"max-video-preview:-1"},"canonical":"https:\/\/sidimurcia.org\/index.php\/2021\/03\/05\/convocatoria-extraordinaria-interinos-enero-2021-relacion-provisional-de-admitidos-y-excluidos\/","og_locale":"es_ES","og_type":"article","og_title":"CONVOCATORIA EXTRAORDINARIA INTERINOS ENERO 2021: Relaci\u00f3n PROVISIONAL de admitidos y excluidos. - SIDI","og_description":"Sindicato Independiente de Docentes. Funcionarios e Interinos. Afiliaci\u00f3n 1eur\/mes. Defendemos la educaci\u00f3n p\u00fablica.","og_url":"https:\/\/sidimurcia.org\/index.php\/2021\/03\/05\/convocatoria-extraordinaria-interinos-enero-2021-relacion-provisional-de-admitidos-y-excluidos\/","og_site_name":"SIDI","article_publisher":"https:\/\/es-es.facebook.com\/sidi.sindicatodedocentes","article_published_time":"2021-03-05T13:23:36+00:00","article_modified_time":"2021-03-12T12:47:11+00:00","author":"Jose Luis Torrente","twitter_card":"summary_large_image","twitter_creator":"@SIDIMURCIA","twitter_site":"@SIDIMURCIA","twitter_misc":{"Escrito por":"Jose Luis Torrente","Tiempo de lectura":"1 minuto"},"schema":{"@context":"https:\/\/schema.org","@graph":[{"@type":"Article","@id":"https:\/\/sidimurcia.org\/index.php\/2021\/03\/05\/convocatoria-extraordinaria-interinos-enero-2021-relacion-provisional-de-admitidos-y-excluidos\/#article","isPartOf":{"@id":"https:\/\/sidimurcia.org\/index.php\/2021\/03\/05\/convocatoria-extraordinaria-interinos-enero-2021-relacion-provisional-de-admitidos-y-excluidos\/"},"author":{"name":"Jose Luis Torrente","@id":"https:\/\/sidimurcia.org\/#\/schema\/person\/3f3207f88fb267669a31f8f46f76f86c"},"headline":"CONVOCATORIA EXTRAORDINARIA INTERINOS ENERO 2021: Relaci\u00f3n PROVISIONAL de admitidos y excluidos.","datePublished":"2021-03-05T13:23:36+00:00","dateModified":"2021-03-12T12:47:11+00:00","mainEntityOfPage":{"@id":"https:\/\/sidimurcia.org\/index.php\/2021\/03\/05\/convocatoria-extraordinaria-interinos-enero-2021-relacion-provisional-de-admitidos-y-excluidos\/"},"wordCount":292,"publisher":{"@id":"https:\/\/sidimurcia.org\/#organization"},"articleSection":["Bolsa Extraordinaria","Murcia-Convocatoria","Murcia-Resoluci\u00f3n Provisional"],"inLanguage":"es"},{"@type":"WebPage","@id":"https:\/\/sidimurcia.org\/index.php\/2021\/03\/05\/convocatoria-extraordinaria-interinos-enero-2021-relacion-provisional-de-admitidos-y-excluidos\/","url":"https:\/\/sidimurcia.org\/index.php\/2021\/03\/05\/convocatoria-extraordinaria-interinos-enero-2021-relacion-provisional-de-admitidos-y-excluidos\/","name":"CONVOCATORIA EXTRAORDINARIA INTERINOS ENERO 2021: Relaci\u00f3n PROVISIONAL de admitidos y excluidos. - SIDI","isPartOf":{"@id":"https:\/\/sidimurcia.org\/#website"},"datePublished":"2021-03-05T13:23:36+00:00","dateModified":"2021-03-12T12:47:11+00:00","description":"Sindicato Independiente de Docentes. Funcionarios e Interinos. Afiliaci\u00f3n 1eur\/mes. Defendemos la educaci\u00f3n p\u00fablica.","breadcrumb":{"@id":"https:\/\/sidimurcia.org\/index.php\/2021\/03\/05\/convocatoria-extraordinaria-interinos-enero-2021-relacion-provisional-de-admitidos-y-excluidos\/#breadcrumb"},"inLanguage":"es","potentialAction":[{"@type":"ReadAction","target":["https:\/\/sidimurcia.org\/index.php\/2021\/03\/05\/convocatoria-extraordinaria-interinos-enero-2021-relacion-provisional-de-admitidos-y-excluidos\/"]}]},{"@type":"BreadcrumbList","@id":"https:\/\/sidimurcia.org\/index.php\/2021\/03\/05\/convocatoria-extraordinaria-interinos-enero-2021-relacion-provisional-de-admitidos-y-excluidos\/#breadcrumb","itemListElement":[{"@type":"ListItem","position":1,"name":"Portada","item":"https:\/\/sidimurcia.org\/"},{"@type":"ListItem","position":2,"name":"CONVOCATORIA EXTRAORDINARIA INTERINOS ENERO 2021: Relaci\u00f3n PROVISIONAL de admitidos y excluidos."}]},{"@type":"WebSite","@id":"https:\/\/sidimurcia.org\/#website","url":"https:\/\/sidimurcia.org\/","name":"SIDI","description":"Sindicato Independiente de Docentes","publisher":{"@id":"https:\/\/sidimurcia.org\/#organization"},"potentialAction":[{"@type":"SearchAction","target":{"@type":"EntryPoint","urlTemplate":"https:\/\/sidimurcia.org\/?s={search_term_string}"},"query-input":{"@type":"PropertyValueSpecification","valueRequired":true,"valueName":"search_term_string"}}],"inLanguage":"es"},{"@type":"Organization","@id":"https:\/\/sidimurcia.org\/#organization","name":"Sindicato Independiente de Docentes - SIDI","url":"https:\/\/sidimurcia.org\/","logo":{"@type":"ImageObject","inLanguage":"es","@id":"https:\/\/sidimurcia.org\/#\/schema\/logo\/image\/","url":"https:\/\/sidimurcia.org\/wp-content\/uploads\/cropped-PARAPESTANAWEB-1.jpg","contentUrl":"https:\/\/sidimurcia.org\/wp-content\/uploads\/cropped-PARAPESTANAWEB-1.jpg","width":512,"height":512,"caption":"Sindicato Independiente de Docentes - SIDI"},"image":{"@id":"https:\/\/sidimurcia.org\/#\/schema\/logo\/image\/"},"sameAs":["https:\/\/es-es.facebook.com\/sidi.sindicatodedocentes","https:\/\/x.com\/SIDIMURCIA","https:\/\/www.instagram.com\/sidi_murcia\/","https:\/\/www.youtube.com\/channel\/UCwwdL3uFtDKJdbOfmC70wIQ"]},{"@type":"Person","@id":"https:\/\/sidimurcia.org\/#\/schema\/person\/3f3207f88fb267669a31f8f46f76f86c","name":"Jose Luis Torrente","image":{"@type":"ImageObject","inLanguage":"es","@id":"https:\/\/secure.gravatar.com\/avatar\/8ac4c0d28cf03f62a37681e633afaf3faec3a7bd495cdfb9b6a7ec6cf281b29c?s=96&d=mm&r=g","url":"https:\/\/secure.gravatar.com\/avatar\/8ac4c0d28cf03f62a37681e633afaf3faec3a7bd495cdfb9b6a7ec6cf281b29c?s=96&d=mm&r=g","contentUrl":"https:\/\/secure.gravatar.com\/avatar\/8ac4c0d28cf03f62a37681e633afaf3faec3a7bd495cdfb9b6a7ec6cf281b29c?s=96&d=mm&r=g","caption":"Jose Luis Torrente"},"url":"https:\/\/sidimurcia.org\/index.php\/author\/joseltorrente\/"}]}},"_links":{"self":[{"href":"https:\/\/sidimurcia.org\/index.php\/wp-json\/wp\/v2\/posts\/8260","targetHints":{"allow":["GET"]}}],"collection":[{"href":"https:\/\/sidimurcia.org\/index.php\/wp-json\/wp\/v2\/posts"}],"about":[{"href":"https:\/\/sidimurcia.org\/index.php\/wp-json\/wp\/v2\/types\/post"}],"author":[{"embeddable":true,"href":"https:\/\/sidimurcia.org\/index.php\/wp-json\/wp\/v2\/users\/2"}],"replies":[{"embeddable":true,"href":"https:\/\/sidimurcia.org\/index.php\/wp-json\/wp\/v2\/comments?post=8260"}],"version-history":[{"count":0,"href":"https:\/\/sidimurcia.org\/index.php\/wp-json\/wp\/v2\/posts\/8260\/revisions"}],"wp:attachment":[{"href":"https:\/\/sidimurcia.org\/index.php\/wp-json\/wp\/v2\/media?parent=8260"}],"wp:term":[{"taxonomy":"category","embeddable":true,"href":"https:\/\/sidimurcia.org\/index.php\/wp-json\/wp\/v2\/categories?post=8260"},{"taxonomy":"post_tag","embeddable":true,"href":"https:\/\/sidimurcia.org\/index.php\/wp-json\/wp\/v2\/tags?post=8260"}],"curies":[{"name":"wp","href":"https:\/\/api.w.org\/{rel}","templated":true}]}}