{"id":8619,"date":"2021-04-08T07:00:59","date_gmt":"2021-04-08T07:00:59","guid":{"rendered":"https:\/\/sidimurcia.org\/?p=8619"},"modified":"2021-04-08T07:00:59","modified_gmt":"2021-04-08T07:00:59","slug":"resolucion-provisional-de-la-convocatoria-de-ayudas-para-fp-dual-y-para-movilidad-en-centros-de-trabajo-curso-20-21","status":"publish","type":"post","link":"https:\/\/sidimurcia.org\/index.php\/2021\/04\/08\/resolucion-provisional-de-la-convocatoria-de-ayudas-para-fp-dual-y-para-movilidad-en-centros-de-trabajo-curso-20-21\/","title":{"rendered":"Resoluci\u00f3n PROVISIONAL de la convocatoria de ayudas para FP DUAL y para movilidad en centros de trabajo, curso 20\/21"},"content":{"rendered":"<ul>\n<li style=\"text-align: justify;\"><a href=\"http:\/\/servicios.educarm.es\/templates\/portal\/ficheros\/websDinamicas\/45\/Resoluc%20provisional%20CI%20106603%2007-04-21.pdf\">Resoluci\u00f3n de la Direcci\u00f3n General de Evaluaci\u00f3n Educativa y Formaci\u00f3n Profesional, por la que se hace p\u00fablica la resoluci\u00f3n provisional de la convocatoria de ayudas al alumnado de ense\u00f1anzas de Formaci\u00f3n Profesional para el desarrollo de ciclos en modalidad dual y para la movilidad por la realizaci\u00f3n del m\u00f3dulo profesional de Formaci\u00f3n en Centros de Trabajo durante el primer trimestre del curso 2020-2021. <\/a><\/li>\n<\/ul>\n<p>Plazo presentar alegaciones: Del 8 al 14 de abril de 2021.<\/p>\n","protected":false},"excerpt":{"rendered":"<p>Resoluci\u00f3n de la Direcci\u00f3n General de Evaluaci\u00f3n Educativa y Formaci\u00f3n Profesional, por la que se hace p\u00fablica la resoluci\u00f3n provisional &#8230; <a title=\"Resoluci\u00f3n PROVISIONAL de la convocatoria de ayudas para FP DUAL y para movilidad en centros de trabajo, curso 20\/21\" class=\"read-more\" href=\"https:\/\/sidimurcia.org\/index.php\/2021\/04\/08\/resolucion-provisional-de-la-convocatoria-de-ayudas-para-fp-dual-y-para-movilidad-en-centros-de-trabajo-curso-20-21\/\" aria-label=\"Leer m\u00e1s sobre Resoluci\u00f3n PROVISIONAL de la convocatoria de ayudas para FP DUAL y para movilidad en centros de trabajo, curso 20\/21\">Leer mas<\/a><\/p>\n","protected":false},"author":2,"featured_media":0,"comment_status":"closed","ping_status":"closed","sticky":false,"template":"","format":"standard","meta":{"footnotes":""},"categories":[7,6],"tags":[],"class_list":["post-8619","post","type-post","status-publish","format-standard","hentry","category-alumnado","category-ayudas"],"yoast_head":"<!-- This site is optimized with the Yoast SEO plugin v27.2 - https:\/\/yoast.com\/product\/yoast-seo-wordpress\/ -->\n<title>Resoluci\u00f3n PROVISIONAL de la convocatoria de ayudas para FP DUAL y para movilidad en centros de trabajo, curso 20\/21 - SIDI<\/title>\n<meta name=\"description\" content=\"Sindicato Independiente de Docentes. Funcionarios e Interinos. Afiliaci\u00f3n 1eur\/mes. Defendemos la educaci\u00f3n p\u00fablica.\" \/>\n<meta name=\"robots\" content=\"index, follow, max-snippet:-1, max-image-preview:large, max-video-preview:-1\" \/>\n<link rel=\"canonical\" href=\"https:\/\/sidimurcia.org\/index.php\/2021\/04\/08\/resolucion-provisional-de-la-convocatoria-de-ayudas-para-fp-dual-y-para-movilidad-en-centros-de-trabajo-curso-20-21\/\" \/>\n<meta property=\"og:locale\" content=\"es_ES\" \/>\n<meta property=\"og:type\" content=\"article\" \/>\n<meta property=\"og:title\" content=\"Resoluci\u00f3n PROVISIONAL de la convocatoria de ayudas para FP DUAL y para movilidad en centros de trabajo, curso 20\/21 - SIDI\" \/>\n<meta property=\"og:description\" content=\"Sindicato Independiente de Docentes. Funcionarios e Interinos. Afiliaci\u00f3n 1eur\/mes. Defendemos la educaci\u00f3n p\u00fablica.\" \/>\n<meta property=\"og:url\" content=\"https:\/\/sidimurcia.org\/index.php\/2021\/04\/08\/resolucion-provisional-de-la-convocatoria-de-ayudas-para-fp-dual-y-para-movilidad-en-centros-de-trabajo-curso-20-21\/\" \/>\n<meta property=\"og:site_name\" content=\"SIDI\" \/>\n<meta property=\"article:publisher\" content=\"https:\/\/es-es.facebook.com\/sidi.sindicatodedocentes\" \/>\n<meta property=\"article:published_time\" content=\"2021-04-08T07:00:59+00:00\" \/>\n<meta name=\"author\" content=\"Jose Luis Torrente\" \/>\n<meta name=\"twitter:card\" content=\"summary_large_image\" \/>\n<meta name=\"twitter:creator\" content=\"@SIDIMURCIA\" \/>\n<meta name=\"twitter:site\" content=\"@SIDIMURCIA\" \/>\n<meta name=\"twitter:label1\" content=\"Escrito por\" \/>\n\t<meta name=\"twitter:data1\" content=\"Jose Luis Torrente\" \/>\n<script type=\"application\/ld+json\" class=\"yoast-schema-graph\">{\"@context\":\"https:\/\/schema.org\",\"@graph\":[{\"@type\":\"Article\",\"@id\":\"https:\/\/sidimurcia.org\/index.php\/2021\/04\/08\/resolucion-provisional-de-la-convocatoria-de-ayudas-para-fp-dual-y-para-movilidad-en-centros-de-trabajo-curso-20-21\/#article\",\"isPartOf\":{\"@id\":\"https:\/\/sidimurcia.org\/index.php\/2021\/04\/08\/resolucion-provisional-de-la-convocatoria-de-ayudas-para-fp-dual-y-para-movilidad-en-centros-de-trabajo-curso-20-21\/\"},\"author\":{\"name\":\"Jose Luis Torrente\",\"@id\":\"https:\/\/sidimurcia.org\/#\/schema\/person\/3f3207f88fb267669a31f8f46f76f86c\"},\"headline\":\"Resoluci\u00f3n PROVISIONAL de la convocatoria de ayudas para FP DUAL y para movilidad en centros de trabajo, curso 20\/21\",\"datePublished\":\"2021-04-08T07:00:59+00:00\",\"mainEntityOfPage\":{\"@id\":\"https:\/\/sidimurcia.org\/index.php\/2021\/04\/08\/resolucion-provisional-de-la-convocatoria-de-ayudas-para-fp-dual-y-para-movilidad-en-centros-de-trabajo-curso-20-21\/\"},\"wordCount\":101,\"publisher\":{\"@id\":\"https:\/\/sidimurcia.org\/#organization\"},\"articleSection\":[\"Alumnado\",\"Ayudas\"],\"inLanguage\":\"es\"},{\"@type\":\"WebPage\",\"@id\":\"https:\/\/sidimurcia.org\/index.php\/2021\/04\/08\/resolucion-provisional-de-la-convocatoria-de-ayudas-para-fp-dual-y-para-movilidad-en-centros-de-trabajo-curso-20-21\/\",\"url\":\"https:\/\/sidimurcia.org\/index.php\/2021\/04\/08\/resolucion-provisional-de-la-convocatoria-de-ayudas-para-fp-dual-y-para-movilidad-en-centros-de-trabajo-curso-20-21\/\",\"name\":\"Resoluci\u00f3n PROVISIONAL de la convocatoria de ayudas para FP DUAL y para movilidad en centros de trabajo, curso 20\/21 - SIDI\",\"isPartOf\":{\"@id\":\"https:\/\/sidimurcia.org\/#website\"},\"datePublished\":\"2021-04-08T07:00:59+00:00\",\"description\":\"Sindicato Independiente de Docentes. Funcionarios e Interinos. Afiliaci\u00f3n 1eur\/mes. Defendemos la educaci\u00f3n p\u00fablica.\",\"breadcrumb\":{\"@id\":\"https:\/\/sidimurcia.org\/index.php\/2021\/04\/08\/resolucion-provisional-de-la-convocatoria-de-ayudas-para-fp-dual-y-para-movilidad-en-centros-de-trabajo-curso-20-21\/#breadcrumb\"},\"inLanguage\":\"es\",\"potentialAction\":[{\"@type\":\"ReadAction\",\"target\":[\"https:\/\/sidimurcia.org\/index.php\/2021\/04\/08\/resolucion-provisional-de-la-convocatoria-de-ayudas-para-fp-dual-y-para-movilidad-en-centros-de-trabajo-curso-20-21\/\"]}]},{\"@type\":\"BreadcrumbList\",\"@id\":\"https:\/\/sidimurcia.org\/index.php\/2021\/04\/08\/resolucion-provisional-de-la-convocatoria-de-ayudas-para-fp-dual-y-para-movilidad-en-centros-de-trabajo-curso-20-21\/#breadcrumb\",\"itemListElement\":[{\"@type\":\"ListItem\",\"position\":1,\"name\":\"Portada\",\"item\":\"https:\/\/sidimurcia.org\/\"},{\"@type\":\"ListItem\",\"position\":2,\"name\":\"Resoluci\u00f3n PROVISIONAL de la convocatoria de ayudas para FP DUAL y para movilidad en centros de trabajo, curso 20\/21\"}]},{\"@type\":\"WebSite\",\"@id\":\"https:\/\/sidimurcia.org\/#website\",\"url\":\"https:\/\/sidimurcia.org\/\",\"name\":\"SIDI\",\"description\":\"Sindicato Independiente de Docentes\",\"publisher\":{\"@id\":\"https:\/\/sidimurcia.org\/#organization\"},\"potentialAction\":[{\"@type\":\"SearchAction\",\"target\":{\"@type\":\"EntryPoint\",\"urlTemplate\":\"https:\/\/sidimurcia.org\/?s={search_term_string}\"},\"query-input\":{\"@type\":\"PropertyValueSpecification\",\"valueRequired\":true,\"valueName\":\"search_term_string\"}}],\"inLanguage\":\"es\"},{\"@type\":\"Organization\",\"@id\":\"https:\/\/sidimurcia.org\/#organization\",\"name\":\"Sindicato Independiente de Docentes - SIDI\",\"url\":\"https:\/\/sidimurcia.org\/\",\"logo\":{\"@type\":\"ImageObject\",\"inLanguage\":\"es\",\"@id\":\"https:\/\/sidimurcia.org\/#\/schema\/logo\/image\/\",\"url\":\"https:\/\/sidimurcia.org\/wp-content\/uploads\/cropped-PARAPESTANAWEB-1.jpg\",\"contentUrl\":\"https:\/\/sidimurcia.org\/wp-content\/uploads\/cropped-PARAPESTANAWEB-1.jpg\",\"width\":512,\"height\":512,\"caption\":\"Sindicato Independiente de Docentes - SIDI\"},\"image\":{\"@id\":\"https:\/\/sidimurcia.org\/#\/schema\/logo\/image\/\"},\"sameAs\":[\"https:\/\/es-es.facebook.com\/sidi.sindicatodedocentes\",\"https:\/\/x.com\/SIDIMURCIA\",\"https:\/\/www.instagram.com\/sidi_murcia\/\",\"https:\/\/www.youtube.com\/channel\/UCwwdL3uFtDKJdbOfmC70wIQ\"]},{\"@type\":\"Person\",\"@id\":\"https:\/\/sidimurcia.org\/#\/schema\/person\/3f3207f88fb267669a31f8f46f76f86c\",\"name\":\"Jose Luis Torrente\",\"image\":{\"@type\":\"ImageObject\",\"inLanguage\":\"es\",\"@id\":\"https:\/\/secure.gravatar.com\/avatar\/8ac4c0d28cf03f62a37681e633afaf3faec3a7bd495cdfb9b6a7ec6cf281b29c?s=96&d=mm&r=g\",\"url\":\"https:\/\/secure.gravatar.com\/avatar\/8ac4c0d28cf03f62a37681e633afaf3faec3a7bd495cdfb9b6a7ec6cf281b29c?s=96&d=mm&r=g\",\"contentUrl\":\"https:\/\/secure.gravatar.com\/avatar\/8ac4c0d28cf03f62a37681e633afaf3faec3a7bd495cdfb9b6a7ec6cf281b29c?s=96&d=mm&r=g\",\"caption\":\"Jose Luis Torrente\"},\"url\":\"https:\/\/sidimurcia.org\/index.php\/author\/joseltorrente\/\"}]}<\/script>\n<!-- \/ Yoast SEO plugin. -->","yoast_head_json":{"title":"Resoluci\u00f3n PROVISIONAL de la convocatoria de ayudas para FP DUAL y para movilidad en centros de trabajo, curso 20\/21 - SIDI","description":"Sindicato Independiente de Docentes. Funcionarios e Interinos. Afiliaci\u00f3n 1eur\/mes. Defendemos la educaci\u00f3n p\u00fablica.","robots":{"index":"index","follow":"follow","max-snippet":"max-snippet:-1","max-image-preview":"max-image-preview:large","max-video-preview":"max-video-preview:-1"},"canonical":"https:\/\/sidimurcia.org\/index.php\/2021\/04\/08\/resolucion-provisional-de-la-convocatoria-de-ayudas-para-fp-dual-y-para-movilidad-en-centros-de-trabajo-curso-20-21\/","og_locale":"es_ES","og_type":"article","og_title":"Resoluci\u00f3n PROVISIONAL de la convocatoria de ayudas para FP DUAL y para movilidad en centros de trabajo, curso 20\/21 - SIDI","og_description":"Sindicato Independiente de Docentes. Funcionarios e Interinos. Afiliaci\u00f3n 1eur\/mes. Defendemos la educaci\u00f3n p\u00fablica.","og_url":"https:\/\/sidimurcia.org\/index.php\/2021\/04\/08\/resolucion-provisional-de-la-convocatoria-de-ayudas-para-fp-dual-y-para-movilidad-en-centros-de-trabajo-curso-20-21\/","og_site_name":"SIDI","article_publisher":"https:\/\/es-es.facebook.com\/sidi.sindicatodedocentes","article_published_time":"2021-04-08T07:00:59+00:00","author":"Jose Luis Torrente","twitter_card":"summary_large_image","twitter_creator":"@SIDIMURCIA","twitter_site":"@SIDIMURCIA","twitter_misc":{"Escrito por":"Jose Luis Torrente"},"schema":{"@context":"https:\/\/schema.org","@graph":[{"@type":"Article","@id":"https:\/\/sidimurcia.org\/index.php\/2021\/04\/08\/resolucion-provisional-de-la-convocatoria-de-ayudas-para-fp-dual-y-para-movilidad-en-centros-de-trabajo-curso-20-21\/#article","isPartOf":{"@id":"https:\/\/sidimurcia.org\/index.php\/2021\/04\/08\/resolucion-provisional-de-la-convocatoria-de-ayudas-para-fp-dual-y-para-movilidad-en-centros-de-trabajo-curso-20-21\/"},"author":{"name":"Jose Luis Torrente","@id":"https:\/\/sidimurcia.org\/#\/schema\/person\/3f3207f88fb267669a31f8f46f76f86c"},"headline":"Resoluci\u00f3n PROVISIONAL de la convocatoria de ayudas para FP DUAL y para movilidad en centros de trabajo, curso 20\/21","datePublished":"2021-04-08T07:00:59+00:00","mainEntityOfPage":{"@id":"https:\/\/sidimurcia.org\/index.php\/2021\/04\/08\/resolucion-provisional-de-la-convocatoria-de-ayudas-para-fp-dual-y-para-movilidad-en-centros-de-trabajo-curso-20-21\/"},"wordCount":101,"publisher":{"@id":"https:\/\/sidimurcia.org\/#organization"},"articleSection":["Alumnado","Ayudas"],"inLanguage":"es"},{"@type":"WebPage","@id":"https:\/\/sidimurcia.org\/index.php\/2021\/04\/08\/resolucion-provisional-de-la-convocatoria-de-ayudas-para-fp-dual-y-para-movilidad-en-centros-de-trabajo-curso-20-21\/","url":"https:\/\/sidimurcia.org\/index.php\/2021\/04\/08\/resolucion-provisional-de-la-convocatoria-de-ayudas-para-fp-dual-y-para-movilidad-en-centros-de-trabajo-curso-20-21\/","name":"Resoluci\u00f3n PROVISIONAL de la convocatoria de ayudas para FP DUAL y para movilidad en centros de trabajo, curso 20\/21 - SIDI","isPartOf":{"@id":"https:\/\/sidimurcia.org\/#website"},"datePublished":"2021-04-08T07:00:59+00:00","description":"Sindicato Independiente de Docentes. Funcionarios e Interinos. Afiliaci\u00f3n 1eur\/mes. Defendemos la educaci\u00f3n p\u00fablica.","breadcrumb":{"@id":"https:\/\/sidimurcia.org\/index.php\/2021\/04\/08\/resolucion-provisional-de-la-convocatoria-de-ayudas-para-fp-dual-y-para-movilidad-en-centros-de-trabajo-curso-20-21\/#breadcrumb"},"inLanguage":"es","potentialAction":[{"@type":"ReadAction","target":["https:\/\/sidimurcia.org\/index.php\/2021\/04\/08\/resolucion-provisional-de-la-convocatoria-de-ayudas-para-fp-dual-y-para-movilidad-en-centros-de-trabajo-curso-20-21\/"]}]},{"@type":"BreadcrumbList","@id":"https:\/\/sidimurcia.org\/index.php\/2021\/04\/08\/resolucion-provisional-de-la-convocatoria-de-ayudas-para-fp-dual-y-para-movilidad-en-centros-de-trabajo-curso-20-21\/#breadcrumb","itemListElement":[{"@type":"ListItem","position":1,"name":"Portada","item":"https:\/\/sidimurcia.org\/"},{"@type":"ListItem","position":2,"name":"Resoluci\u00f3n PROVISIONAL de la convocatoria de ayudas para FP DUAL y para movilidad en centros de trabajo, curso 20\/21"}]},{"@type":"WebSite","@id":"https:\/\/sidimurcia.org\/#website","url":"https:\/\/sidimurcia.org\/","name":"SIDI","description":"Sindicato Independiente de Docentes","publisher":{"@id":"https:\/\/sidimurcia.org\/#organization"},"potentialAction":[{"@type":"SearchAction","target":{"@type":"EntryPoint","urlTemplate":"https:\/\/sidimurcia.org\/?s={search_term_string}"},"query-input":{"@type":"PropertyValueSpecification","valueRequired":true,"valueName":"search_term_string"}}],"inLanguage":"es"},{"@type":"Organization","@id":"https:\/\/sidimurcia.org\/#organization","name":"Sindicato Independiente de Docentes - SIDI","url":"https:\/\/sidimurcia.org\/","logo":{"@type":"ImageObject","inLanguage":"es","@id":"https:\/\/sidimurcia.org\/#\/schema\/logo\/image\/","url":"https:\/\/sidimurcia.org\/wp-content\/uploads\/cropped-PARAPESTANAWEB-1.jpg","contentUrl":"https:\/\/sidimurcia.org\/wp-content\/uploads\/cropped-PARAPESTANAWEB-1.jpg","width":512,"height":512,"caption":"Sindicato Independiente de Docentes - SIDI"},"image":{"@id":"https:\/\/sidimurcia.org\/#\/schema\/logo\/image\/"},"sameAs":["https:\/\/es-es.facebook.com\/sidi.sindicatodedocentes","https:\/\/x.com\/SIDIMURCIA","https:\/\/www.instagram.com\/sidi_murcia\/","https:\/\/www.youtube.com\/channel\/UCwwdL3uFtDKJdbOfmC70wIQ"]},{"@type":"Person","@id":"https:\/\/sidimurcia.org\/#\/schema\/person\/3f3207f88fb267669a31f8f46f76f86c","name":"Jose Luis Torrente","image":{"@type":"ImageObject","inLanguage":"es","@id":"https:\/\/secure.gravatar.com\/avatar\/8ac4c0d28cf03f62a37681e633afaf3faec3a7bd495cdfb9b6a7ec6cf281b29c?s=96&d=mm&r=g","url":"https:\/\/secure.gravatar.com\/avatar\/8ac4c0d28cf03f62a37681e633afaf3faec3a7bd495cdfb9b6a7ec6cf281b29c?s=96&d=mm&r=g","contentUrl":"https:\/\/secure.gravatar.com\/avatar\/8ac4c0d28cf03f62a37681e633afaf3faec3a7bd495cdfb9b6a7ec6cf281b29c?s=96&d=mm&r=g","caption":"Jose Luis Torrente"},"url":"https:\/\/sidimurcia.org\/index.php\/author\/joseltorrente\/"}]}},"_links":{"self":[{"href":"https:\/\/sidimurcia.org\/index.php\/wp-json\/wp\/v2\/posts\/8619","targetHints":{"allow":["GET"]}}],"collection":[{"href":"https:\/\/sidimurcia.org\/index.php\/wp-json\/wp\/v2\/posts"}],"about":[{"href":"https:\/\/sidimurcia.org\/index.php\/wp-json\/wp\/v2\/types\/post"}],"author":[{"embeddable":true,"href":"https:\/\/sidimurcia.org\/index.php\/wp-json\/wp\/v2\/users\/2"}],"replies":[{"embeddable":true,"href":"https:\/\/sidimurcia.org\/index.php\/wp-json\/wp\/v2\/comments?post=8619"}],"version-history":[{"count":0,"href":"https:\/\/sidimurcia.org\/index.php\/wp-json\/wp\/v2\/posts\/8619\/revisions"}],"wp:attachment":[{"href":"https:\/\/sidimurcia.org\/index.php\/wp-json\/wp\/v2\/media?parent=8619"}],"wp:term":[{"taxonomy":"category","embeddable":true,"href":"https:\/\/sidimurcia.org\/index.php\/wp-json\/wp\/v2\/categories?post=8619"},{"taxonomy":"post_tag","embeddable":true,"href":"https:\/\/sidimurcia.org\/index.php\/wp-json\/wp\/v2\/tags?post=8619"}],"curies":[{"name":"wp","href":"https:\/\/api.w.org\/{rel}","templated":true}]}}