{"id":9727,"date":"2021-07-01T09:01:02","date_gmt":"2021-07-01T09:01:02","guid":{"rendered":"https:\/\/sidimurcia.org\/?p=9727"},"modified":"2021-07-01T11:54:13","modified_gmt":"2021-07-01T11:54:13","slug":"interinos-lista-provisional-del-cuerpo-de-maestros-para-el-curso-21-22","status":"publish","type":"post","link":"https:\/\/sidimurcia.org\/index.php\/2021\/07\/01\/interinos-lista-provisional-del-cuerpo-de-maestros-para-el-curso-21-22\/","title":{"rendered":"INTERINOS: Lista PROVISIONAL del cuerpo de maestros para el curso 21\/22."},"content":{"rendered":"<div id=\"zonaPrincipal\">\n<div id=\"margenZonaPrincipal\">\n<ul class=\"listadoMenu\">\n<li><a title=\"Resoluci\u00f3n de la Direcci\u00f3n General de Planificaci\u00f3n Educativa y Recursos Humanos por la que se publican las listas provisionales de los aspirantes a desempe\u00f1ar puestos vacantes o sustituciones en r\u00e9gimen de interinidad pertenecientes al Cuerpo de Maestros para el curso 2021\/2022\" href=\"http:\/\/www.carm.es\/web\/pagina?IDCONTENIDO=171819&amp;IDTIPO=60\">Resoluci\u00f3n de la Direcci\u00f3n General de Planificaci\u00f3n Educativa y Recursos Humanos por la que se publican las listas provisionales de los aspirantes a desempe\u00f1ar puestos vacantes o sustituciones en r\u00e9gimen de interinidad pertenecientes al Cuerpo de Maestros para el curso 2021\/2022<\/a><\/li>\n<\/ul>\n<p><span style=\"color: #993366;\"><strong> Se habilita un plazo de 5 d\u00edas h\u00e1biles para efectuar reclamaciones contra las mismas, a partir del d\u00eda siguiente a su publicaci\u00f3n.<\/strong> <\/span><\/p>\n<ul>\n<li style=\"list-style-type: none;\">\n<ul class=\"listadoMenu\">\n<li style=\"text-align: justify;\"><a title=\"\" href=\"http:\/\/www.carm.es\/web\/pagina?IDCONTENIDO=70009&amp;IDTIPO=100&amp;RASTRO=c798$m3914,4081,4088,70006,70007\"><strong>BLOQUE I<\/strong><\/a>\n<ul class=\"listadoMenu\">\n<li><a title=\"Relaci\u00f3n provisional de interinos de infantil y primaria en el curso 2021\/2022, ordenada alfab\u00e9ticamente\" href=\"http:\/\/www.carm.es\/web\/Blob?ARCHIVO=Relac%20Prov%20de%20interinos%20de%20EI%20y%20PRI%20en%20el%20curso%202021-22%20%28alfab%29.pdf&amp;TABLA=ARCHIVOS&amp;CAMPOCLAVE=IDARCHIVO&amp;VALORCLAVE=171821&amp;CAMPOIMAGEN=ARCHIVO&amp;IDTIPO=60&amp;RASTRO=c798$m3914,4081,4088,70006,70007,70009\">Relaci\u00f3n provisional de interinos de infantil y primaria en el curso 2021\/2022, ordenada alfab\u00e9ticamente<\/a><\/li>\n<li><a title=\"Relaci\u00f3n provisional de excluidos por la renuncia injustificada con abandono del puesto de trabajo adjudicado en el curso 2010\/2021\" href=\"http:\/\/www.carm.es\/web\/Blob?ARCHIVO=Relac%20Prov%20de%20interinos%20de%20EI%20y%20PRI%20excluidos%20por%20Ren%20injustificada%20del%20puesto%20adj%20curso%202020-21.pdf&amp;TABLA=ARCHIVOS&amp;CAMPOCLAVE=IDARCHIVO&amp;VALORCLAVE=171820&amp;CAMPOIMAGEN=ARCHIVO&amp;IDTIPO=60&amp;RASTRO=c798$m3914,4081,4088,70006,70007,70009\">Relaci\u00f3n provisional de excluidos por la renuncia injustificada con abandono del puesto de trabajo adjudicado en el curso 2010\/2021<\/a><\/li>\n<li><a title=\"Relaci\u00f3n provisional de excluidos por la no aceptaci\u00f3n de la oferta de trabajo en el curso 2020\/2021\" href=\"http:\/\/www.carm.es\/web\/Blob?ARCHIVO=Relac%20Prov%20de%20interinos%20de%20EI%20y%20PRI%20excluidos%20prov%20por%20no%20aceptaci%C3%B3n%20de%20oferta%20curso%202020-21.pdf&amp;TABLA=ARCHIVOS&amp;CAMPOCLAVE=IDARCHIVO&amp;VALORCLAVE=171823&amp;CAMPOIMAGEN=ARCHIVO&amp;IDTIPO=60&amp;RASTRO=c798$m3914,4081,4088,70006,70007,70009\">Relaci\u00f3n provisional de excluidos por la no aceptaci\u00f3n de la oferta de trabajo en el curso 2020\/2021<\/a><\/li>\n<li><a title=\"Relaci\u00f3n provisional de interinos de infantil y primaria en el curso 2021\/2022, ordenada por n\u00famero de lista\" href=\"http:\/\/www.carm.es\/web\/Blob?ARCHIVO=Relac%20Prov%20de%20interinos%20de%20EI%20y%20PRI%20en%20el%20curso%202021-22%20%28n%C2%BA%20lista%29.pdf&amp;TABLA=ARCHIVOS&amp;CAMPOCLAVE=IDARCHIVO&amp;VALORCLAVE=171822&amp;CAMPOIMAGEN=ARCHIVO&amp;IDTIPO=60&amp;RASTRO=c798$m3914,4081,4088,70006,70007,70009\">Relaci\u00f3n provisional de interinos de infantil y primaria en el curso 2021\/2022, ordenada por n\u00famero de lista<\/a><\/li>\n<\/ul>\n<\/li>\n<li style=\"text-align: justify;\"><a title=\"\" href=\"http:\/\/www.carm.es\/web\/pagina?IDCONTENIDO=70010&amp;IDTIPO=100&amp;RASTRO=c798$m3914,4081,4088,70006,70007\"><strong>BLOQUE II<\/strong><\/a>\n<ul class=\"listadoMenu\">\n<li><a title=\"Relaci\u00f3n provisional de interinos de infantil y primaria en el curso 2021\/2022, ordenada alfab\u00e9ticamente\" href=\"http:\/\/www.carm.es\/web\/Blob?ARCHIVO=Relac%20prov%20de%20interinos%20de%20EI%20y%20PRI%20en%20el%20curso%202021-22%20%28alfab%29.pdf&amp;TABLA=ARCHIVOS&amp;CAMPOCLAVE=IDARCHIVO&amp;VALORCLAVE=171827&amp;CAMPOIMAGEN=ARCHIVO&amp;IDTIPO=60&amp;RASTRO=c798$m3914,4081,4088,70006,70007,70010\">Relaci\u00f3n provisional de interinos de infantil y primaria en el curso 2021\/2022, ordenada alfab\u00e9ticamente<img decoding=\"async\" class=\"descarga\" title=\"Este enlace descargar\u00e1 un archivo\" src=\"http:\/\/www.carm.es\/web\/CARM\/carm2018\/images\/descarga.gif\" alt=\"Este enlace descargar\u00e1 un archivo\" \/><\/a><\/li>\n<li><a title=\"Relaci\u00f3n provisional de excluidos por la renuncia injustificada con abandono del puesto de trabajo adjudicado en el curso 2010\/2021\" href=\"http:\/\/www.carm.es\/web\/Blob?ARCHIVO=Relac%20prov%20de%20interinos%20de%20EI%20y%20PRI%20excl%20por%20la%20renunc%20injustif%20puesto%20curso%202020-21..pdf&amp;TABLA=ARCHIVOS&amp;CAMPOCLAVE=IDARCHIVO&amp;VALORCLAVE=171824&amp;CAMPOIMAGEN=ARCHIVO&amp;IDTIPO=60&amp;RASTRO=c798$m3914,4081,4088,70006,70007,70010\">Relaci\u00f3n provisional de excluidos por la renuncia injustificada con abandono del puesto de trabajo adjudicado en el curso 2010\/2021<\/a><\/li>\n<li><a title=\"Relaci\u00f3n provisional de excluidos por la no aceptaci\u00f3n de la oferta de trabajo en el curso 2020\/2021\" href=\"http:\/\/www.carm.es\/web\/Blob?ARCHIVO=Relac%20prov%20de%20interinos%20de%20EI%20y%20PRI%20excl%20prov%20por%20no%20aceptar%20oferta%20curso%202020-21..pdf&amp;TABLA=ARCHIVOS&amp;CAMPOCLAVE=IDARCHIVO&amp;VALORCLAVE=171825&amp;CAMPOIMAGEN=ARCHIVO&amp;IDTIPO=60&amp;RASTRO=c798$m3914,4081,4088,70006,70007,70010\">Relaci\u00f3n provisional de excluidos por la no aceptaci\u00f3n de la oferta de trabajo en el curso 2020\/2021<img decoding=\"async\" class=\"descarga\" title=\"Este enlace descargar\u00e1 un archivo\" src=\"http:\/\/www.carm.es\/web\/CARM\/carm2018\/images\/descarga.gif\" alt=\"Este enlace descargar\u00e1 un archivo\" \/><\/a><\/li>\n<li><a title=\"Relaci\u00f3n provisional de interinos de infantil y primaria en el curso 2021\/2022, ordenada por n\u00famero de lista\" href=\"http:\/\/www.carm.es\/web\/Blob?ARCHIVO=Relac%20prov%20de%20interinos%20de%20EI%20y%20PRI%20en%20el%20curso%202021-22%20%28por%20orden%20de%20lista%29.pdf&amp;TABLA=ARCHIVOS&amp;CAMPOCLAVE=IDARCHIVO&amp;VALORCLAVE=171826&amp;CAMPOIMAGEN=ARCHIVO&amp;IDTIPO=60&amp;RASTRO=c798$m3914,4081,4088,70006,70007,70010\">Relaci\u00f3n provisional de interinos de infantil y primaria en el curso 2021\/2022, ordenada por n\u00famero de lista<\/a><\/li>\n<\/ul>\n<\/li>\n<\/ul>\n<\/li>\n<\/ul>\n<p><strong>ACLARACI\u00d3N SIDI:<\/strong><\/p>\n<p>La columna <strong>Hab<\/strong>. significa habilitaci\u00f3n y las siglas indican la forma de obtenci\u00f3n de la misma.<\/p>\n<p>1: Trinity<\/p>\n<p>C: Curso especializaci\u00f3n<\/p>\n<p>D: Desconocido<\/p>\n<p>E: Escuela Idiomas<\/p>\n<p>F: First<\/p>\n<p>H: Comisi\u00f3n habilitaci\u00f3n<\/p>\n<p>O: Oposici\u00f3n<\/p>\n<p>R: Real decreto 1594\/2011<\/p>\n<p>S: Transitoria del 1594\/2011<\/p>\n<p>T: Titulaci\u00f3n<\/p>\n<p>X: Oxford<\/p>\n<p>La columna <strong>Inc.<\/strong> para excluidos significa:<\/p>\n<p>P: Exclusi\u00f3n POR LA NO ACEPTACI\u00d3N DE LA OFERTA DE TRABAJO EN EL CURSO 2020\/2021<\/p>\n<p>R: Exclusi\u00f3n por RENUNCIA INJUSTIFICADA CON ABANDONO DEL PUESTO DE TRABAJO ADJUDICADO EN EL CURSO 2020\/2021<\/p>\n<\/div>\n<\/div>\n","protected":false},"excerpt":{"rendered":"<p>Resoluci\u00f3n de la Direcci\u00f3n General de Planificaci\u00f3n Educativa y Recursos Humanos por la que se publican las listas provisionales de &#8230; <a title=\"INTERINOS: Lista PROVISIONAL del cuerpo de maestros para el curso 21\/22.\" class=\"read-more\" href=\"https:\/\/sidimurcia.org\/index.php\/2021\/07\/01\/interinos-lista-provisional-del-cuerpo-de-maestros-para-el-curso-21-22\/\" aria-label=\"Leer m\u00e1s sobre INTERINOS: Lista PROVISIONAL del cuerpo de maestros para el curso 21\/22.\">Leer mas<\/a><\/p>\n","protected":false},"author":2,"featured_media":0,"comment_status":"closed","ping_status":"closed","sticky":false,"template":"","format":"standard","meta":{"footnotes":""},"categories":[46,48],"tags":[],"class_list":["post-9727","post","type-post","status-publish","format-standard","hentry","category-normativa","category-normativa-carm"],"yoast_head":"<!-- This site is optimized with the Yoast SEO plugin v27.2 - https:\/\/yoast.com\/product\/yoast-seo-wordpress\/ -->\n<title>INTERINOS: Lista PROVISIONAL del cuerpo de maestros para el curso 21\/22. - SIDI<\/title>\n<meta name=\"description\" content=\"Sindicato Independiente de Docentes. Funcionarios e Interinos. Afiliaci\u00f3n 1eur\/mes. Defendemos la educaci\u00f3n p\u00fablica.\" \/>\n<meta name=\"robots\" content=\"index, follow, max-snippet:-1, max-image-preview:large, max-video-preview:-1\" \/>\n<link rel=\"canonical\" href=\"https:\/\/sidimurcia.org\/index.php\/2021\/07\/01\/interinos-lista-provisional-del-cuerpo-de-maestros-para-el-curso-21-22\/\" \/>\n<meta property=\"og:locale\" content=\"es_ES\" \/>\n<meta property=\"og:type\" content=\"article\" \/>\n<meta property=\"og:title\" content=\"INTERINOS: Lista PROVISIONAL del cuerpo de maestros para el curso 21\/22. - SIDI\" \/>\n<meta property=\"og:description\" content=\"Sindicato Independiente de Docentes. Funcionarios e Interinos. Afiliaci\u00f3n 1eur\/mes. Defendemos la educaci\u00f3n p\u00fablica.\" \/>\n<meta property=\"og:url\" content=\"https:\/\/sidimurcia.org\/index.php\/2021\/07\/01\/interinos-lista-provisional-del-cuerpo-de-maestros-para-el-curso-21-22\/\" \/>\n<meta property=\"og:site_name\" content=\"SIDI\" \/>\n<meta property=\"article:publisher\" content=\"https:\/\/es-es.facebook.com\/sidi.sindicatodedocentes\" \/>\n<meta property=\"article:published_time\" content=\"2021-07-01T09:01:02+00:00\" \/>\n<meta property=\"article:modified_time\" content=\"2021-07-01T11:54:13+00:00\" \/>\n<meta property=\"og:image\" content=\"http:\/\/www.carm.es\/web\/CARM\/carm2018\/images\/descarga.gif\" \/>\n<meta name=\"author\" content=\"Jose Luis Torrente\" \/>\n<meta name=\"twitter:card\" content=\"summary_large_image\" \/>\n<meta name=\"twitter:creator\" content=\"@SIDIMURCIA\" \/>\n<meta name=\"twitter:site\" content=\"@SIDIMURCIA\" \/>\n<meta name=\"twitter:label1\" content=\"Escrito por\" \/>\n\t<meta name=\"twitter:data1\" content=\"Jose Luis Torrente\" \/>\n\t<meta name=\"twitter:label2\" content=\"Tiempo de lectura\" \/>\n\t<meta name=\"twitter:data2\" content=\"2 minutos\" \/>\n<script type=\"application\/ld+json\" class=\"yoast-schema-graph\">{\"@context\":\"https:\/\/schema.org\",\"@graph\":[{\"@type\":\"Article\",\"@id\":\"https:\/\/sidimurcia.org\/index.php\/2021\/07\/01\/interinos-lista-provisional-del-cuerpo-de-maestros-para-el-curso-21-22\/#article\",\"isPartOf\":{\"@id\":\"https:\/\/sidimurcia.org\/index.php\/2021\/07\/01\/interinos-lista-provisional-del-cuerpo-de-maestros-para-el-curso-21-22\/\"},\"author\":{\"name\":\"Jose Luis Torrente\",\"@id\":\"https:\/\/sidimurcia.org\/#\/schema\/person\/3f3207f88fb267669a31f8f46f76f86c\"},\"headline\":\"INTERINOS: Lista PROVISIONAL del cuerpo de maestros para el curso 21\/22.\",\"datePublished\":\"2021-07-01T09:01:02+00:00\",\"dateModified\":\"2021-07-01T11:54:13+00:00\",\"mainEntityOfPage\":{\"@id\":\"https:\/\/sidimurcia.org\/index.php\/2021\/07\/01\/interinos-lista-provisional-del-cuerpo-de-maestros-para-el-curso-21-22\/\"},\"wordCount\":314,\"publisher\":{\"@id\":\"https:\/\/sidimurcia.org\/#organization\"},\"image\":{\"@id\":\"https:\/\/sidimurcia.org\/index.php\/2021\/07\/01\/interinos-lista-provisional-del-cuerpo-de-maestros-para-el-curso-21-22\/#primaryimage\"},\"thumbnailUrl\":\"http:\/\/www.carm.es\/web\/CARM\/carm2018\/images\/descarga.gif\",\"articleSection\":[\"Normativa\",\"Normativa CARM\"],\"inLanguage\":\"es\"},{\"@type\":\"WebPage\",\"@id\":\"https:\/\/sidimurcia.org\/index.php\/2021\/07\/01\/interinos-lista-provisional-del-cuerpo-de-maestros-para-el-curso-21-22\/\",\"url\":\"https:\/\/sidimurcia.org\/index.php\/2021\/07\/01\/interinos-lista-provisional-del-cuerpo-de-maestros-para-el-curso-21-22\/\",\"name\":\"INTERINOS: Lista PROVISIONAL del cuerpo de maestros para el curso 21\/22. - SIDI\",\"isPartOf\":{\"@id\":\"https:\/\/sidimurcia.org\/#website\"},\"primaryImageOfPage\":{\"@id\":\"https:\/\/sidimurcia.org\/index.php\/2021\/07\/01\/interinos-lista-provisional-del-cuerpo-de-maestros-para-el-curso-21-22\/#primaryimage\"},\"image\":{\"@id\":\"https:\/\/sidimurcia.org\/index.php\/2021\/07\/01\/interinos-lista-provisional-del-cuerpo-de-maestros-para-el-curso-21-22\/#primaryimage\"},\"thumbnailUrl\":\"http:\/\/www.carm.es\/web\/CARM\/carm2018\/images\/descarga.gif\",\"datePublished\":\"2021-07-01T09:01:02+00:00\",\"dateModified\":\"2021-07-01T11:54:13+00:00\",\"description\":\"Sindicato Independiente de Docentes. Funcionarios e Interinos. Afiliaci\u00f3n 1eur\/mes. Defendemos la educaci\u00f3n p\u00fablica.\",\"breadcrumb\":{\"@id\":\"https:\/\/sidimurcia.org\/index.php\/2021\/07\/01\/interinos-lista-provisional-del-cuerpo-de-maestros-para-el-curso-21-22\/#breadcrumb\"},\"inLanguage\":\"es\",\"potentialAction\":[{\"@type\":\"ReadAction\",\"target\":[\"https:\/\/sidimurcia.org\/index.php\/2021\/07\/01\/interinos-lista-provisional-del-cuerpo-de-maestros-para-el-curso-21-22\/\"]}]},{\"@type\":\"ImageObject\",\"inLanguage\":\"es\",\"@id\":\"https:\/\/sidimurcia.org\/index.php\/2021\/07\/01\/interinos-lista-provisional-del-cuerpo-de-maestros-para-el-curso-21-22\/#primaryimage\",\"url\":\"http:\/\/www.carm.es\/web\/CARM\/carm2018\/images\/descarga.gif\",\"contentUrl\":\"http:\/\/www.carm.es\/web\/CARM\/carm2018\/images\/descarga.gif\"},{\"@type\":\"BreadcrumbList\",\"@id\":\"https:\/\/sidimurcia.org\/index.php\/2021\/07\/01\/interinos-lista-provisional-del-cuerpo-de-maestros-para-el-curso-21-22\/#breadcrumb\",\"itemListElement\":[{\"@type\":\"ListItem\",\"position\":1,\"name\":\"Portada\",\"item\":\"https:\/\/sidimurcia.org\/\"},{\"@type\":\"ListItem\",\"position\":2,\"name\":\"INTERINOS: Lista PROVISIONAL del cuerpo de maestros para el curso 21\/22.\"}]},{\"@type\":\"WebSite\",\"@id\":\"https:\/\/sidimurcia.org\/#website\",\"url\":\"https:\/\/sidimurcia.org\/\",\"name\":\"SIDI\",\"description\":\"Sindicato Independiente de Docentes\",\"publisher\":{\"@id\":\"https:\/\/sidimurcia.org\/#organization\"},\"potentialAction\":[{\"@type\":\"SearchAction\",\"target\":{\"@type\":\"EntryPoint\",\"urlTemplate\":\"https:\/\/sidimurcia.org\/?s={search_term_string}\"},\"query-input\":{\"@type\":\"PropertyValueSpecification\",\"valueRequired\":true,\"valueName\":\"search_term_string\"}}],\"inLanguage\":\"es\"},{\"@type\":\"Organization\",\"@id\":\"https:\/\/sidimurcia.org\/#organization\",\"name\":\"Sindicato Independiente de Docentes - SIDI\",\"url\":\"https:\/\/sidimurcia.org\/\",\"logo\":{\"@type\":\"ImageObject\",\"inLanguage\":\"es\",\"@id\":\"https:\/\/sidimurcia.org\/#\/schema\/logo\/image\/\",\"url\":\"https:\/\/sidimurcia.org\/wp-content\/uploads\/cropped-PARAPESTANAWEB-1.jpg\",\"contentUrl\":\"https:\/\/sidimurcia.org\/wp-content\/uploads\/cropped-PARAPESTANAWEB-1.jpg\",\"width\":512,\"height\":512,\"caption\":\"Sindicato Independiente de Docentes - SIDI\"},\"image\":{\"@id\":\"https:\/\/sidimurcia.org\/#\/schema\/logo\/image\/\"},\"sameAs\":[\"https:\/\/es-es.facebook.com\/sidi.sindicatodedocentes\",\"https:\/\/x.com\/SIDIMURCIA\",\"https:\/\/www.instagram.com\/sidi_murcia\/\",\"https:\/\/www.youtube.com\/channel\/UCwwdL3uFtDKJdbOfmC70wIQ\"]},{\"@type\":\"Person\",\"@id\":\"https:\/\/sidimurcia.org\/#\/schema\/person\/3f3207f88fb267669a31f8f46f76f86c\",\"name\":\"Jose Luis Torrente\",\"image\":{\"@type\":\"ImageObject\",\"inLanguage\":\"es\",\"@id\":\"https:\/\/secure.gravatar.com\/avatar\/8ac4c0d28cf03f62a37681e633afaf3faec3a7bd495cdfb9b6a7ec6cf281b29c?s=96&d=mm&r=g\",\"url\":\"https:\/\/secure.gravatar.com\/avatar\/8ac4c0d28cf03f62a37681e633afaf3faec3a7bd495cdfb9b6a7ec6cf281b29c?s=96&d=mm&r=g\",\"contentUrl\":\"https:\/\/secure.gravatar.com\/avatar\/8ac4c0d28cf03f62a37681e633afaf3faec3a7bd495cdfb9b6a7ec6cf281b29c?s=96&d=mm&r=g\",\"caption\":\"Jose Luis Torrente\"},\"url\":\"https:\/\/sidimurcia.org\/index.php\/author\/joseltorrente\/\"}]}<\/script>\n<!-- \/ Yoast SEO plugin. -->","yoast_head_json":{"title":"INTERINOS: Lista PROVISIONAL del cuerpo de maestros para el curso 21\/22. - SIDI","description":"Sindicato Independiente de Docentes. Funcionarios e Interinos. Afiliaci\u00f3n 1eur\/mes. Defendemos la educaci\u00f3n p\u00fablica.","robots":{"index":"index","follow":"follow","max-snippet":"max-snippet:-1","max-image-preview":"max-image-preview:large","max-video-preview":"max-video-preview:-1"},"canonical":"https:\/\/sidimurcia.org\/index.php\/2021\/07\/01\/interinos-lista-provisional-del-cuerpo-de-maestros-para-el-curso-21-22\/","og_locale":"es_ES","og_type":"article","og_title":"INTERINOS: Lista PROVISIONAL del cuerpo de maestros para el curso 21\/22. - SIDI","og_description":"Sindicato Independiente de Docentes. Funcionarios e Interinos. Afiliaci\u00f3n 1eur\/mes. Defendemos la educaci\u00f3n p\u00fablica.","og_url":"https:\/\/sidimurcia.org\/index.php\/2021\/07\/01\/interinos-lista-provisional-del-cuerpo-de-maestros-para-el-curso-21-22\/","og_site_name":"SIDI","article_publisher":"https:\/\/es-es.facebook.com\/sidi.sindicatodedocentes","article_published_time":"2021-07-01T09:01:02+00:00","article_modified_time":"2021-07-01T11:54:13+00:00","og_image":[{"url":"http:\/\/www.carm.es\/web\/CARM\/carm2018\/images\/descarga.gif","type":"","width":"","height":""}],"author":"Jose Luis Torrente","twitter_card":"summary_large_image","twitter_creator":"@SIDIMURCIA","twitter_site":"@SIDIMURCIA","twitter_misc":{"Escrito por":"Jose Luis Torrente","Tiempo de lectura":"2 minutos"},"schema":{"@context":"https:\/\/schema.org","@graph":[{"@type":"Article","@id":"https:\/\/sidimurcia.org\/index.php\/2021\/07\/01\/interinos-lista-provisional-del-cuerpo-de-maestros-para-el-curso-21-22\/#article","isPartOf":{"@id":"https:\/\/sidimurcia.org\/index.php\/2021\/07\/01\/interinos-lista-provisional-del-cuerpo-de-maestros-para-el-curso-21-22\/"},"author":{"name":"Jose Luis Torrente","@id":"https:\/\/sidimurcia.org\/#\/schema\/person\/3f3207f88fb267669a31f8f46f76f86c"},"headline":"INTERINOS: Lista PROVISIONAL del cuerpo de maestros para el curso 21\/22.","datePublished":"2021-07-01T09:01:02+00:00","dateModified":"2021-07-01T11:54:13+00:00","mainEntityOfPage":{"@id":"https:\/\/sidimurcia.org\/index.php\/2021\/07\/01\/interinos-lista-provisional-del-cuerpo-de-maestros-para-el-curso-21-22\/"},"wordCount":314,"publisher":{"@id":"https:\/\/sidimurcia.org\/#organization"},"image":{"@id":"https:\/\/sidimurcia.org\/index.php\/2021\/07\/01\/interinos-lista-provisional-del-cuerpo-de-maestros-para-el-curso-21-22\/#primaryimage"},"thumbnailUrl":"http:\/\/www.carm.es\/web\/CARM\/carm2018\/images\/descarga.gif","articleSection":["Normativa","Normativa CARM"],"inLanguage":"es"},{"@type":"WebPage","@id":"https:\/\/sidimurcia.org\/index.php\/2021\/07\/01\/interinos-lista-provisional-del-cuerpo-de-maestros-para-el-curso-21-22\/","url":"https:\/\/sidimurcia.org\/index.php\/2021\/07\/01\/interinos-lista-provisional-del-cuerpo-de-maestros-para-el-curso-21-22\/","name":"INTERINOS: Lista PROVISIONAL del cuerpo de maestros para el curso 21\/22. - SIDI","isPartOf":{"@id":"https:\/\/sidimurcia.org\/#website"},"primaryImageOfPage":{"@id":"https:\/\/sidimurcia.org\/index.php\/2021\/07\/01\/interinos-lista-provisional-del-cuerpo-de-maestros-para-el-curso-21-22\/#primaryimage"},"image":{"@id":"https:\/\/sidimurcia.org\/index.php\/2021\/07\/01\/interinos-lista-provisional-del-cuerpo-de-maestros-para-el-curso-21-22\/#primaryimage"},"thumbnailUrl":"http:\/\/www.carm.es\/web\/CARM\/carm2018\/images\/descarga.gif","datePublished":"2021-07-01T09:01:02+00:00","dateModified":"2021-07-01T11:54:13+00:00","description":"Sindicato Independiente de Docentes. Funcionarios e Interinos. Afiliaci\u00f3n 1eur\/mes. Defendemos la educaci\u00f3n p\u00fablica.","breadcrumb":{"@id":"https:\/\/sidimurcia.org\/index.php\/2021\/07\/01\/interinos-lista-provisional-del-cuerpo-de-maestros-para-el-curso-21-22\/#breadcrumb"},"inLanguage":"es","potentialAction":[{"@type":"ReadAction","target":["https:\/\/sidimurcia.org\/index.php\/2021\/07\/01\/interinos-lista-provisional-del-cuerpo-de-maestros-para-el-curso-21-22\/"]}]},{"@type":"ImageObject","inLanguage":"es","@id":"https:\/\/sidimurcia.org\/index.php\/2021\/07\/01\/interinos-lista-provisional-del-cuerpo-de-maestros-para-el-curso-21-22\/#primaryimage","url":"http:\/\/www.carm.es\/web\/CARM\/carm2018\/images\/descarga.gif","contentUrl":"http:\/\/www.carm.es\/web\/CARM\/carm2018\/images\/descarga.gif"},{"@type":"BreadcrumbList","@id":"https:\/\/sidimurcia.org\/index.php\/2021\/07\/01\/interinos-lista-provisional-del-cuerpo-de-maestros-para-el-curso-21-22\/#breadcrumb","itemListElement":[{"@type":"ListItem","position":1,"name":"Portada","item":"https:\/\/sidimurcia.org\/"},{"@type":"ListItem","position":2,"name":"INTERINOS: Lista PROVISIONAL del cuerpo de maestros para el curso 21\/22."}]},{"@type":"WebSite","@id":"https:\/\/sidimurcia.org\/#website","url":"https:\/\/sidimurcia.org\/","name":"SIDI","description":"Sindicato Independiente de Docentes","publisher":{"@id":"https:\/\/sidimurcia.org\/#organization"},"potentialAction":[{"@type":"SearchAction","target":{"@type":"EntryPoint","urlTemplate":"https:\/\/sidimurcia.org\/?s={search_term_string}"},"query-input":{"@type":"PropertyValueSpecification","valueRequired":true,"valueName":"search_term_string"}}],"inLanguage":"es"},{"@type":"Organization","@id":"https:\/\/sidimurcia.org\/#organization","name":"Sindicato Independiente de Docentes - SIDI","url":"https:\/\/sidimurcia.org\/","logo":{"@type":"ImageObject","inLanguage":"es","@id":"https:\/\/sidimurcia.org\/#\/schema\/logo\/image\/","url":"https:\/\/sidimurcia.org\/wp-content\/uploads\/cropped-PARAPESTANAWEB-1.jpg","contentUrl":"https:\/\/sidimurcia.org\/wp-content\/uploads\/cropped-PARAPESTANAWEB-1.jpg","width":512,"height":512,"caption":"Sindicato Independiente de Docentes - SIDI"},"image":{"@id":"https:\/\/sidimurcia.org\/#\/schema\/logo\/image\/"},"sameAs":["https:\/\/es-es.facebook.com\/sidi.sindicatodedocentes","https:\/\/x.com\/SIDIMURCIA","https:\/\/www.instagram.com\/sidi_murcia\/","https:\/\/www.youtube.com\/channel\/UCwwdL3uFtDKJdbOfmC70wIQ"]},{"@type":"Person","@id":"https:\/\/sidimurcia.org\/#\/schema\/person\/3f3207f88fb267669a31f8f46f76f86c","name":"Jose Luis Torrente","image":{"@type":"ImageObject","inLanguage":"es","@id":"https:\/\/secure.gravatar.com\/avatar\/8ac4c0d28cf03f62a37681e633afaf3faec3a7bd495cdfb9b6a7ec6cf281b29c?s=96&d=mm&r=g","url":"https:\/\/secure.gravatar.com\/avatar\/8ac4c0d28cf03f62a37681e633afaf3faec3a7bd495cdfb9b6a7ec6cf281b29c?s=96&d=mm&r=g","contentUrl":"https:\/\/secure.gravatar.com\/avatar\/8ac4c0d28cf03f62a37681e633afaf3faec3a7bd495cdfb9b6a7ec6cf281b29c?s=96&d=mm&r=g","caption":"Jose Luis Torrente"},"url":"https:\/\/sidimurcia.org\/index.php\/author\/joseltorrente\/"}]}},"_links":{"self":[{"href":"https:\/\/sidimurcia.org\/index.php\/wp-json\/wp\/v2\/posts\/9727","targetHints":{"allow":["GET"]}}],"collection":[{"href":"https:\/\/sidimurcia.org\/index.php\/wp-json\/wp\/v2\/posts"}],"about":[{"href":"https:\/\/sidimurcia.org\/index.php\/wp-json\/wp\/v2\/types\/post"}],"author":[{"embeddable":true,"href":"https:\/\/sidimurcia.org\/index.php\/wp-json\/wp\/v2\/users\/2"}],"replies":[{"embeddable":true,"href":"https:\/\/sidimurcia.org\/index.php\/wp-json\/wp\/v2\/comments?post=9727"}],"version-history":[{"count":0,"href":"https:\/\/sidimurcia.org\/index.php\/wp-json\/wp\/v2\/posts\/9727\/revisions"}],"wp:attachment":[{"href":"https:\/\/sidimurcia.org\/index.php\/wp-json\/wp\/v2\/media?parent=9727"}],"wp:term":[{"taxonomy":"category","embeddable":true,"href":"https:\/\/sidimurcia.org\/index.php\/wp-json\/wp\/v2\/categories?post=9727"},{"taxonomy":"post_tag","embeddable":true,"href":"https:\/\/sidimurcia.org\/index.php\/wp-json\/wp\/v2\/tags?post=9727"}],"curies":[{"name":"wp","href":"https:\/\/api.w.org\/{rel}","templated":true}]}}