{"id":9896,"date":"2021-07-16T10:46:31","date_gmt":"2021-07-16T10:46:31","guid":{"rendered":"https:\/\/sidimurcia.org\/?p=9896"},"modified":"2021-07-16T11:15:14","modified_gmt":"2021-07-16T11:15:14","slug":"orden-16-07-21-procedimiento-de-cobertura-de-plazas-para-centros-de-actuacion-preferente-caep-curso-21-22","status":"publish","type":"post","link":"https:\/\/sidimurcia.org\/index.php\/2021\/07\/16\/orden-16-07-21-procedimiento-de-cobertura-de-plazas-para-centros-de-actuacion-preferente-caep-curso-21-22\/","title":{"rendered":"Orden 16\/07\/21 procedimiento de cobertura de plazas para centros de actuaci\u00f3n preferente (CAEP), curso 21\/22"},"content":{"rendered":"<ul>\n<li style=\"text-align: justify;\"><a title=\"Orden de 16 de julio de 2021, de la Consejera de Educaci\u00f3n y Cultura, por la que se establece el procedimiento para la cobertura de plazas y puestos de dif\u00edcil cobertura por funcionarios interinos en centros calificados de atenci\u00f3n educativa preferente durante el curso 2021\/2022.\" href=\"https:\/\/www.carm.es\/web\/Blob?ARCHIVO=ORDEN%20ATENCI%C3%93N%20PREFERENTE__7_2021%20%28COPIA%29.pdf&amp;TABLA=ARCHIVOS&amp;CAMPOCLAVE=IDARCHIVO&amp;VALORCLAVE=172155&amp;CAMPOIMAGEN=ARCHIVO&amp;IDTIPO=60&amp;RASTRO=c77$m22725,22759,4254\">Orden de 16 de julio de 2021, de la Consejera de Educaci\u00f3n y Cultura, por la que se establece el procedimiento para la cobertura de plazas y puestos de dif\u00edcil cobertura por funcionarios interinos en centros calificados de atenci\u00f3n educativa preferente durante el curso 2021\/2022.<\/a><\/li>\n<\/ul>\n<p style=\"text-align: justify;\">3.1.- <strong>Los interinos del Cuerpo de Maestros<\/strong> <strong>que deseen participar en la presente convocatoria,<\/strong> y re\u00fanan los requisitos que se determinan en el apartado anterior, <strong>participar\u00e1n en el acto de adjudicaci\u00f3n telem\u00e1tico convocado al efecto en el mes de julio<\/strong>, dentro de las actuaciones previstas en el calendario de adjudicaciones para el inicio del curso escolar 2021-2022 establecido por la Direcci\u00f3n General de Planificaci\u00f3n Educativa y Recursos Humanos. Estos deber\u00e1n seguir las pautas del procedimiento de adjudicaci\u00f3n telem\u00e1tico organizado por el Servicio de Personal Docente en sus distintas fases: plazo de solicitud, publicaci\u00f3n provisional de resultados, plazos de reclamaciones o incidencias y resoluci\u00f3n definitiva de adjudicados. Los interesados cumplimentar\u00e1n las respectivas instancias de petici\u00f3n telem\u00e1tica relacionando, por orden de preferencia, las plazas solicitadas de entre las que aparecen ofertadas en el Anexo I.<br \/>\n3.2.- <strong>Los interinos de los Cuerpos de Profesores de Ense\u00f1anza Secundaria y Profesores T\u00e9cnicos de Formaci\u00f3n Profesional que deseen <\/strong><strong>participar en la presente convocatoria<\/strong>, y re\u00fanan los requisitos que se determinan en el dispongo segundo, <strong>presentar\u00e1n instancia telem\u00e1tica en el acto de adjudicaci\u00f3n espec\u00edfico para estos centros.<\/strong><\/p>\n<p style=\"text-align: justify;\"><span style=\"text-decoration: underline;\"><strong>Lugar y plazo de presentaci\u00f3n de solicitudes.<\/strong> <\/span><\/p>\n<p>Los solicitantes de las listas de interinidad del Cuerpo de Maestros y de los Cuerpos de Profesores de Ense\u00f1anza Secundaria y Profesores T\u00e9cnicos de Formaci\u00f3n Profesional que deseen tomar parte en el procedimiento regulado por la presente orden deber\u00e1n participar en el acto de adjudicaci\u00f3n telem\u00e1tico expresamente convocado por el Servicio de Personal Docente para la cobertura de las vacantes indicadas en el Anexo I.<\/p>\n<p style=\"text-align: justify;\"><a href=\"https:\/\/sidimurcia.org\/index.php\/2021\/07\/08\/08-07-2021-calendario-orientativo-actuaciones-julio-agosto-2021\/\">CALENDARIO ORIENTATIVO ACTUACIONES JULIO-AGOSTO 2021<\/a><\/p>\n<p><span style=\"color: #800080;\"><strong>IMPORTANTE.<\/strong><\/span> <strong>Compromiso de las personas a las que se les conceda el nombramiento.<\/strong><\/p>\n<p><span style=\"text-decoration: underline;\">La elecci\u00f3n y adjudicaci\u00f3n de una plaza en este procedimiento tiene car\u00e1cter irrenunciable<\/span>, y supone desarrollar el trabajo seg\u00fan las directrices y necesidades del programa de compensaci\u00f3n educativa, de acuerdo con las instrucciones que dicte la Direcci\u00f3n General de Formaci\u00f3n Profesional e Innovaci\u00f3n.<\/p>\n","protected":false},"excerpt":{"rendered":"<p>Orden de 16 de julio de 2021, de la Consejera de Educaci\u00f3n y Cultura, por la que se establece el &#8230; <a title=\"Orden 16\/07\/21 procedimiento de cobertura de plazas para centros de actuaci\u00f3n preferente (CAEP), curso 21\/22\" class=\"read-more\" href=\"https:\/\/sidimurcia.org\/index.php\/2021\/07\/16\/orden-16-07-21-procedimiento-de-cobertura-de-plazas-para-centros-de-actuacion-preferente-caep-curso-21-22\/\" aria-label=\"Leer m\u00e1s sobre Orden 16\/07\/21 procedimiento de cobertura de plazas para centros de actuaci\u00f3n preferente (CAEP), curso 21\/22\">Leer mas<\/a><\/p>\n","protected":false},"author":2,"featured_media":0,"comment_status":"closed","ping_status":"closed","sticky":false,"template":"","format":"standard","meta":{"footnotes":""},"categories":[3],"tags":[],"class_list":["post-9896","post","type-post","status-publish","format-standard","hentry","category-actos-de-adjudicacion"],"yoast_head":"<!-- This site is optimized with the Yoast SEO plugin v27.2 - https:\/\/yoast.com\/product\/yoast-seo-wordpress\/ -->\n<title>Orden 16\/07\/21 procedimiento de cobertura de plazas para centros de actuaci\u00f3n preferente (CAEP), curso 21\/22 - SIDI<\/title>\n<meta name=\"description\" content=\"Sindicato Independiente de Docentes. Funcionarios e Interinos. Afiliaci\u00f3n 1eur\/mes. Defendemos la educaci\u00f3n p\u00fablica.\" \/>\n<meta name=\"robots\" content=\"index, follow, max-snippet:-1, max-image-preview:large, max-video-preview:-1\" \/>\n<link rel=\"canonical\" href=\"https:\/\/sidimurcia.org\/index.php\/2021\/07\/16\/orden-16-07-21-procedimiento-de-cobertura-de-plazas-para-centros-de-actuacion-preferente-caep-curso-21-22\/\" \/>\n<meta property=\"og:locale\" content=\"es_ES\" \/>\n<meta property=\"og:type\" content=\"article\" \/>\n<meta property=\"og:title\" content=\"Orden 16\/07\/21 procedimiento de cobertura de plazas para centros de actuaci\u00f3n preferente (CAEP), curso 21\/22 - SIDI\" \/>\n<meta property=\"og:description\" content=\"Sindicato Independiente de Docentes. Funcionarios e Interinos. Afiliaci\u00f3n 1eur\/mes. Defendemos la educaci\u00f3n p\u00fablica.\" \/>\n<meta property=\"og:url\" content=\"https:\/\/sidimurcia.org\/index.php\/2021\/07\/16\/orden-16-07-21-procedimiento-de-cobertura-de-plazas-para-centros-de-actuacion-preferente-caep-curso-21-22\/\" \/>\n<meta property=\"og:site_name\" content=\"SIDI\" \/>\n<meta property=\"article:publisher\" content=\"https:\/\/es-es.facebook.com\/sidi.sindicatodedocentes\" \/>\n<meta property=\"article:published_time\" content=\"2021-07-16T10:46:31+00:00\" \/>\n<meta property=\"article:modified_time\" content=\"2021-07-16T11:15:14+00:00\" \/>\n<meta name=\"author\" content=\"Jose Luis Torrente\" \/>\n<meta name=\"twitter:card\" content=\"summary_large_image\" \/>\n<meta name=\"twitter:creator\" content=\"@SIDIMURCIA\" \/>\n<meta name=\"twitter:site\" content=\"@SIDIMURCIA\" \/>\n<meta name=\"twitter:label1\" content=\"Escrito por\" \/>\n\t<meta name=\"twitter:data1\" content=\"Jose Luis Torrente\" \/>\n\t<meta name=\"twitter:label2\" content=\"Tiempo de lectura\" \/>\n\t<meta name=\"twitter:data2\" content=\"2 minutos\" \/>\n<script type=\"application\/ld+json\" class=\"yoast-schema-graph\">{\"@context\":\"https:\/\/schema.org\",\"@graph\":[{\"@type\":\"Article\",\"@id\":\"https:\/\/sidimurcia.org\/index.php\/2021\/07\/16\/orden-16-07-21-procedimiento-de-cobertura-de-plazas-para-centros-de-actuacion-preferente-caep-curso-21-22\/#article\",\"isPartOf\":{\"@id\":\"https:\/\/sidimurcia.org\/index.php\/2021\/07\/16\/orden-16-07-21-procedimiento-de-cobertura-de-plazas-para-centros-de-actuacion-preferente-caep-curso-21-22\/\"},\"author\":{\"name\":\"Jose Luis Torrente\",\"@id\":\"https:\/\/sidimurcia.org\/#\/schema\/person\/3f3207f88fb267669a31f8f46f76f86c\"},\"headline\":\"Orden 16\/07\/21 procedimiento de cobertura de plazas para centros de actuaci\u00f3n preferente (CAEP), curso 21\/22\",\"datePublished\":\"2021-07-16T10:46:31+00:00\",\"dateModified\":\"2021-07-16T11:15:14+00:00\",\"mainEntityOfPage\":{\"@id\":\"https:\/\/sidimurcia.org\/index.php\/2021\/07\/16\/orden-16-07-21-procedimiento-de-cobertura-de-plazas-para-centros-de-actuacion-preferente-caep-curso-21-22\/\"},\"wordCount\":408,\"publisher\":{\"@id\":\"https:\/\/sidimurcia.org\/#organization\"},\"articleSection\":[\"Actos de adjudicaci\u00f3n\"],\"inLanguage\":\"es\"},{\"@type\":\"WebPage\",\"@id\":\"https:\/\/sidimurcia.org\/index.php\/2021\/07\/16\/orden-16-07-21-procedimiento-de-cobertura-de-plazas-para-centros-de-actuacion-preferente-caep-curso-21-22\/\",\"url\":\"https:\/\/sidimurcia.org\/index.php\/2021\/07\/16\/orden-16-07-21-procedimiento-de-cobertura-de-plazas-para-centros-de-actuacion-preferente-caep-curso-21-22\/\",\"name\":\"Orden 16\/07\/21 procedimiento de cobertura de plazas para centros de actuaci\u00f3n preferente (CAEP), curso 21\/22 - SIDI\",\"isPartOf\":{\"@id\":\"https:\/\/sidimurcia.org\/#website\"},\"datePublished\":\"2021-07-16T10:46:31+00:00\",\"dateModified\":\"2021-07-16T11:15:14+00:00\",\"description\":\"Sindicato Independiente de Docentes. Funcionarios e Interinos. Afiliaci\u00f3n 1eur\/mes. Defendemos la educaci\u00f3n p\u00fablica.\",\"breadcrumb\":{\"@id\":\"https:\/\/sidimurcia.org\/index.php\/2021\/07\/16\/orden-16-07-21-procedimiento-de-cobertura-de-plazas-para-centros-de-actuacion-preferente-caep-curso-21-22\/#breadcrumb\"},\"inLanguage\":\"es\",\"potentialAction\":[{\"@type\":\"ReadAction\",\"target\":[\"https:\/\/sidimurcia.org\/index.php\/2021\/07\/16\/orden-16-07-21-procedimiento-de-cobertura-de-plazas-para-centros-de-actuacion-preferente-caep-curso-21-22\/\"]}]},{\"@type\":\"BreadcrumbList\",\"@id\":\"https:\/\/sidimurcia.org\/index.php\/2021\/07\/16\/orden-16-07-21-procedimiento-de-cobertura-de-plazas-para-centros-de-actuacion-preferente-caep-curso-21-22\/#breadcrumb\",\"itemListElement\":[{\"@type\":\"ListItem\",\"position\":1,\"name\":\"Portada\",\"item\":\"https:\/\/sidimurcia.org\/\"},{\"@type\":\"ListItem\",\"position\":2,\"name\":\"Orden 16\/07\/21 procedimiento de cobertura de plazas para centros de actuaci\u00f3n preferente (CAEP), curso 21\/22\"}]},{\"@type\":\"WebSite\",\"@id\":\"https:\/\/sidimurcia.org\/#website\",\"url\":\"https:\/\/sidimurcia.org\/\",\"name\":\"SIDI\",\"description\":\"Sindicato Independiente de Docentes\",\"publisher\":{\"@id\":\"https:\/\/sidimurcia.org\/#organization\"},\"potentialAction\":[{\"@type\":\"SearchAction\",\"target\":{\"@type\":\"EntryPoint\",\"urlTemplate\":\"https:\/\/sidimurcia.org\/?s={search_term_string}\"},\"query-input\":{\"@type\":\"PropertyValueSpecification\",\"valueRequired\":true,\"valueName\":\"search_term_string\"}}],\"inLanguage\":\"es\"},{\"@type\":\"Organization\",\"@id\":\"https:\/\/sidimurcia.org\/#organization\",\"name\":\"Sindicato Independiente de Docentes - SIDI\",\"url\":\"https:\/\/sidimurcia.org\/\",\"logo\":{\"@type\":\"ImageObject\",\"inLanguage\":\"es\",\"@id\":\"https:\/\/sidimurcia.org\/#\/schema\/logo\/image\/\",\"url\":\"https:\/\/sidimurcia.org\/wp-content\/uploads\/cropped-PARAPESTANAWEB-1.jpg\",\"contentUrl\":\"https:\/\/sidimurcia.org\/wp-content\/uploads\/cropped-PARAPESTANAWEB-1.jpg\",\"width\":512,\"height\":512,\"caption\":\"Sindicato Independiente de Docentes - SIDI\"},\"image\":{\"@id\":\"https:\/\/sidimurcia.org\/#\/schema\/logo\/image\/\"},\"sameAs\":[\"https:\/\/es-es.facebook.com\/sidi.sindicatodedocentes\",\"https:\/\/x.com\/SIDIMURCIA\",\"https:\/\/www.instagram.com\/sidi_murcia\/\",\"https:\/\/www.youtube.com\/channel\/UCwwdL3uFtDKJdbOfmC70wIQ\"]},{\"@type\":\"Person\",\"@id\":\"https:\/\/sidimurcia.org\/#\/schema\/person\/3f3207f88fb267669a31f8f46f76f86c\",\"name\":\"Jose Luis Torrente\",\"image\":{\"@type\":\"ImageObject\",\"inLanguage\":\"es\",\"@id\":\"https:\/\/secure.gravatar.com\/avatar\/8ac4c0d28cf03f62a37681e633afaf3faec3a7bd495cdfb9b6a7ec6cf281b29c?s=96&d=mm&r=g\",\"url\":\"https:\/\/secure.gravatar.com\/avatar\/8ac4c0d28cf03f62a37681e633afaf3faec3a7bd495cdfb9b6a7ec6cf281b29c?s=96&d=mm&r=g\",\"contentUrl\":\"https:\/\/secure.gravatar.com\/avatar\/8ac4c0d28cf03f62a37681e633afaf3faec3a7bd495cdfb9b6a7ec6cf281b29c?s=96&d=mm&r=g\",\"caption\":\"Jose Luis Torrente\"},\"url\":\"https:\/\/sidimurcia.org\/index.php\/author\/joseltorrente\/\"}]}<\/script>\n<!-- \/ Yoast SEO plugin. -->","yoast_head_json":{"title":"Orden 16\/07\/21 procedimiento de cobertura de plazas para centros de actuaci\u00f3n preferente (CAEP), curso 21\/22 - SIDI","description":"Sindicato Independiente de Docentes. Funcionarios e Interinos. Afiliaci\u00f3n 1eur\/mes. Defendemos la educaci\u00f3n p\u00fablica.","robots":{"index":"index","follow":"follow","max-snippet":"max-snippet:-1","max-image-preview":"max-image-preview:large","max-video-preview":"max-video-preview:-1"},"canonical":"https:\/\/sidimurcia.org\/index.php\/2021\/07\/16\/orden-16-07-21-procedimiento-de-cobertura-de-plazas-para-centros-de-actuacion-preferente-caep-curso-21-22\/","og_locale":"es_ES","og_type":"article","og_title":"Orden 16\/07\/21 procedimiento de cobertura de plazas para centros de actuaci\u00f3n preferente (CAEP), curso 21\/22 - SIDI","og_description":"Sindicato Independiente de Docentes. Funcionarios e Interinos. Afiliaci\u00f3n 1eur\/mes. Defendemos la educaci\u00f3n p\u00fablica.","og_url":"https:\/\/sidimurcia.org\/index.php\/2021\/07\/16\/orden-16-07-21-procedimiento-de-cobertura-de-plazas-para-centros-de-actuacion-preferente-caep-curso-21-22\/","og_site_name":"SIDI","article_publisher":"https:\/\/es-es.facebook.com\/sidi.sindicatodedocentes","article_published_time":"2021-07-16T10:46:31+00:00","article_modified_time":"2021-07-16T11:15:14+00:00","author":"Jose Luis Torrente","twitter_card":"summary_large_image","twitter_creator":"@SIDIMURCIA","twitter_site":"@SIDIMURCIA","twitter_misc":{"Escrito por":"Jose Luis Torrente","Tiempo de lectura":"2 minutos"},"schema":{"@context":"https:\/\/schema.org","@graph":[{"@type":"Article","@id":"https:\/\/sidimurcia.org\/index.php\/2021\/07\/16\/orden-16-07-21-procedimiento-de-cobertura-de-plazas-para-centros-de-actuacion-preferente-caep-curso-21-22\/#article","isPartOf":{"@id":"https:\/\/sidimurcia.org\/index.php\/2021\/07\/16\/orden-16-07-21-procedimiento-de-cobertura-de-plazas-para-centros-de-actuacion-preferente-caep-curso-21-22\/"},"author":{"name":"Jose Luis Torrente","@id":"https:\/\/sidimurcia.org\/#\/schema\/person\/3f3207f88fb267669a31f8f46f76f86c"},"headline":"Orden 16\/07\/21 procedimiento de cobertura de plazas para centros de actuaci\u00f3n preferente (CAEP), curso 21\/22","datePublished":"2021-07-16T10:46:31+00:00","dateModified":"2021-07-16T11:15:14+00:00","mainEntityOfPage":{"@id":"https:\/\/sidimurcia.org\/index.php\/2021\/07\/16\/orden-16-07-21-procedimiento-de-cobertura-de-plazas-para-centros-de-actuacion-preferente-caep-curso-21-22\/"},"wordCount":408,"publisher":{"@id":"https:\/\/sidimurcia.org\/#organization"},"articleSection":["Actos de adjudicaci\u00f3n"],"inLanguage":"es"},{"@type":"WebPage","@id":"https:\/\/sidimurcia.org\/index.php\/2021\/07\/16\/orden-16-07-21-procedimiento-de-cobertura-de-plazas-para-centros-de-actuacion-preferente-caep-curso-21-22\/","url":"https:\/\/sidimurcia.org\/index.php\/2021\/07\/16\/orden-16-07-21-procedimiento-de-cobertura-de-plazas-para-centros-de-actuacion-preferente-caep-curso-21-22\/","name":"Orden 16\/07\/21 procedimiento de cobertura de plazas para centros de actuaci\u00f3n preferente (CAEP), curso 21\/22 - SIDI","isPartOf":{"@id":"https:\/\/sidimurcia.org\/#website"},"datePublished":"2021-07-16T10:46:31+00:00","dateModified":"2021-07-16T11:15:14+00:00","description":"Sindicato Independiente de Docentes. Funcionarios e Interinos. Afiliaci\u00f3n 1eur\/mes. Defendemos la educaci\u00f3n p\u00fablica.","breadcrumb":{"@id":"https:\/\/sidimurcia.org\/index.php\/2021\/07\/16\/orden-16-07-21-procedimiento-de-cobertura-de-plazas-para-centros-de-actuacion-preferente-caep-curso-21-22\/#breadcrumb"},"inLanguage":"es","potentialAction":[{"@type":"ReadAction","target":["https:\/\/sidimurcia.org\/index.php\/2021\/07\/16\/orden-16-07-21-procedimiento-de-cobertura-de-plazas-para-centros-de-actuacion-preferente-caep-curso-21-22\/"]}]},{"@type":"BreadcrumbList","@id":"https:\/\/sidimurcia.org\/index.php\/2021\/07\/16\/orden-16-07-21-procedimiento-de-cobertura-de-plazas-para-centros-de-actuacion-preferente-caep-curso-21-22\/#breadcrumb","itemListElement":[{"@type":"ListItem","position":1,"name":"Portada","item":"https:\/\/sidimurcia.org\/"},{"@type":"ListItem","position":2,"name":"Orden 16\/07\/21 procedimiento de cobertura de plazas para centros de actuaci\u00f3n preferente (CAEP), curso 21\/22"}]},{"@type":"WebSite","@id":"https:\/\/sidimurcia.org\/#website","url":"https:\/\/sidimurcia.org\/","name":"SIDI","description":"Sindicato Independiente de Docentes","publisher":{"@id":"https:\/\/sidimurcia.org\/#organization"},"potentialAction":[{"@type":"SearchAction","target":{"@type":"EntryPoint","urlTemplate":"https:\/\/sidimurcia.org\/?s={search_term_string}"},"query-input":{"@type":"PropertyValueSpecification","valueRequired":true,"valueName":"search_term_string"}}],"inLanguage":"es"},{"@type":"Organization","@id":"https:\/\/sidimurcia.org\/#organization","name":"Sindicato Independiente de Docentes - SIDI","url":"https:\/\/sidimurcia.org\/","logo":{"@type":"ImageObject","inLanguage":"es","@id":"https:\/\/sidimurcia.org\/#\/schema\/logo\/image\/","url":"https:\/\/sidimurcia.org\/wp-content\/uploads\/cropped-PARAPESTANAWEB-1.jpg","contentUrl":"https:\/\/sidimurcia.org\/wp-content\/uploads\/cropped-PARAPESTANAWEB-1.jpg","width":512,"height":512,"caption":"Sindicato Independiente de Docentes - SIDI"},"image":{"@id":"https:\/\/sidimurcia.org\/#\/schema\/logo\/image\/"},"sameAs":["https:\/\/es-es.facebook.com\/sidi.sindicatodedocentes","https:\/\/x.com\/SIDIMURCIA","https:\/\/www.instagram.com\/sidi_murcia\/","https:\/\/www.youtube.com\/channel\/UCwwdL3uFtDKJdbOfmC70wIQ"]},{"@type":"Person","@id":"https:\/\/sidimurcia.org\/#\/schema\/person\/3f3207f88fb267669a31f8f46f76f86c","name":"Jose Luis Torrente","image":{"@type":"ImageObject","inLanguage":"es","@id":"https:\/\/secure.gravatar.com\/avatar\/8ac4c0d28cf03f62a37681e633afaf3faec3a7bd495cdfb9b6a7ec6cf281b29c?s=96&d=mm&r=g","url":"https:\/\/secure.gravatar.com\/avatar\/8ac4c0d28cf03f62a37681e633afaf3faec3a7bd495cdfb9b6a7ec6cf281b29c?s=96&d=mm&r=g","contentUrl":"https:\/\/secure.gravatar.com\/avatar\/8ac4c0d28cf03f62a37681e633afaf3faec3a7bd495cdfb9b6a7ec6cf281b29c?s=96&d=mm&r=g","caption":"Jose Luis Torrente"},"url":"https:\/\/sidimurcia.org\/index.php\/author\/joseltorrente\/"}]}},"_links":{"self":[{"href":"https:\/\/sidimurcia.org\/index.php\/wp-json\/wp\/v2\/posts\/9896","targetHints":{"allow":["GET"]}}],"collection":[{"href":"https:\/\/sidimurcia.org\/index.php\/wp-json\/wp\/v2\/posts"}],"about":[{"href":"https:\/\/sidimurcia.org\/index.php\/wp-json\/wp\/v2\/types\/post"}],"author":[{"embeddable":true,"href":"https:\/\/sidimurcia.org\/index.php\/wp-json\/wp\/v2\/users\/2"}],"replies":[{"embeddable":true,"href":"https:\/\/sidimurcia.org\/index.php\/wp-json\/wp\/v2\/comments?post=9896"}],"version-history":[{"count":0,"href":"https:\/\/sidimurcia.org\/index.php\/wp-json\/wp\/v2\/posts\/9896\/revisions"}],"wp:attachment":[{"href":"https:\/\/sidimurcia.org\/index.php\/wp-json\/wp\/v2\/media?parent=9896"}],"wp:term":[{"taxonomy":"category","embeddable":true,"href":"https:\/\/sidimurcia.org\/index.php\/wp-json\/wp\/v2\/categories?post=9896"},{"taxonomy":"post_tag","embeddable":true,"href":"https:\/\/sidimurcia.org\/index.php\/wp-json\/wp\/v2\/tags?post=9896"}],"curies":[{"name":"wp","href":"https:\/\/api.w.org\/{rel}","templated":true}]}}